{"id":79800,"date":"2024-02-11T19:00:00","date_gmt":"2024-02-11T22:00:00","guid":{"rendered":"https:\/\/patagoniambiental.com.ar\/info\/?p=79800"},"modified":"2024-08-14T11:41:22","modified_gmt":"2024-08-14T14:41:22","slug":"continua-activo-incendio-forestal-en-parque-patagonico-argentino","status":"publish","type":"post","link":"https:\/\/patagoniambiental.com.ar\/info\/continua-activo-incendio-forestal-en-parque-patagonico-argentino\/","title":{"rendered":"Contin\u00faa activo incendio forestal en parque patag\u00f3nico argentino"},"content":{"rendered":"\n<!--more-->\n\n\n\n<p>Aproximadamente 437 personas trabajan en el operativo, de las cuales 342 est\u00e1n espec\u00edficamente asignadas al terreno como combatientes<\/p>\n\n\n\n<p><img decoding=\"async\" src=\"https:\/\/www.elnuevodia.com\/resizer\/XctlSfSzKf-jM4DXEeDrFet-aBc=\/829x0\/filters:quality(75):format(jpeg):focal(2636x2120:2646x2110)\/cloudfront-us-east-1.images.arcpublishing.com\/gfrmedia\/UPIRTM2RFBFCRLL7Z36V7BOJ6Q.jpg\">Este domingo el parque esperaba una intensificaci\u00f3n de los vientos, con velocidades de 35 a 45 kil\u00f3metros por hora desde el Oeste sobre un incendio que presenta zonas puntuales de mayor intensidad tanto en su cabeza como en los flancos y cola.&nbsp;(Franco Citroni)<\/p>\n\n\n\n<p><strong>Buenos Aires&nbsp;<\/strong>&#8211; El&nbsp;<a href=\"https:\/\/www.elnuevodia.com\/topicos\/incendios\/\" target=\"_blank\" rel=\"noreferrer noopener\"><strong>fuego&nbsp;<\/strong><\/a>contin\u00faa activo en el Parque Nacional Los Alerces, en la patag\u00f3nica provincia&nbsp;<a href=\"https:\/\/www.elnuevodia.com\/topicos\/argentina\/\" target=\"_blank\" rel=\"noreferrer noopener\"><strong>argentina&nbsp;<\/strong><\/a>de Chubut, seg\u00fan report\u00f3 este domingo el espacio que es Patrimonio de la Humanidad desde 2017 en sus redes sociales.<\/p>\n\n\n\n<p><strong>Ya son 437 las personas trabajan en el operativo, de las cuales 342 est\u00e1n espec\u00edficamente asignadas al terreno como combatientes, se inform\u00f3, luego de que este martes se reforzaran las acciones de supresi\u00f3n del fuego y el mantenimiento de las v\u00edas de acceso.<\/strong><\/p>\n\n\n\n<p>Este domingo el parque esperaba una intensificaci\u00f3n de los vientos, con velocidades de 35 a 45 kil\u00f3metros por hora desde el Oeste sobre un incendio que presenta zonas puntuales de mayor intensidad tanto en su cabeza como en los flancos y cola.<\/p>\n\n\n\n<p>Desde el comienzo, las autoridades locales sospechan que el incendio fue provocado, y, de hecho, el gobernador provincial, Ignacio Torres, responsabiliz\u00f3 a Resistencia Ancestral Mapuche (RAM), al distinguirla del resto de las comunidades originarias:<strong>&nbsp;\u201cSon unos chantas (impostores). Tienen de mapuches lo que yo de sirio liban\u00e9s. Son delincuentes que tienen un negocio inmobiliario y que hacen estas cosas\u201d.<\/strong><\/p>\n\n\n\n<figure class=\"wp-block-image\"><img decoding=\"async\" src=\"https:\/\/www.elnuevodia.com\/resizer\/qokZpAi7yO-WE7qCpml4A1faxeI=\/829x0\/smart\/filters:quality(75):format(jpeg)\/cloudfront-us-east-1.images.arcpublishing.com\/gfrmedia\/RJ34DAYB25ATRCZWSIEGMXV3MI.jpg\" alt=\"Un bombero observa un incendio forestal en la sure\u00f1a provincia argentina de Chubut, en un sector del Parque Nacional Los Alerces.\n\"\/><figcaption class=\"wp-element-caption\">Un bombero observa un incendio forestal en la sure\u00f1a provincia argentina de Chubut, en un sector del Parque Nacional Los Alerces.&nbsp;(&#8212;-)<\/figcaption><\/figure>\n\n\n\n<p>El Gobierno argentino ofreci\u00f3 $6,000 d\u00f3lares de recompensa para encontrar al presunto autor del incendio desatado desde el 25 de enero pasado, que produce la p\u00e9rdida de bosque nativo y un perjuicio econ\u00f3mico para quienes viven en la zona.<\/p>\n\n\n\n<p>Situado en la provincia de Chubut, a unos 2,000 kil\u00f3metros de&nbsp;<a href=\"https:\/\/www.elnuevodia.com\/topicos\/buenos-aires\/\" target=\"_blank\" rel=\"noreferrer noopener\"><strong>Buenos Aires<\/strong><\/a>, el Parque Nacional Los Alerces tiene una superficie de 259.822 hect\u00e1reas, que lo sit\u00faa como el quinto de mayor tama\u00f1o del pa\u00eds suramericano.<\/p>\n\n\n\n<p>En 2017 fue declarado Patrimonio Mundial de la Unesco por, entre otros motivos,&nbsp;<strong>\u201ccontener fen\u00f3menos naturales superlativos o \u00e1reas de excepcional belleza natural e importancia est\u00e9tica\u201d. En este caso, se trata del Alerzal Milenario, una selva con ejemplares de alerce que pueden vivir entre 3,000 y 4,000 a\u00f1os de edad y medir m\u00e1s de 70 metros de altura.<\/strong><\/p>\n\n\n\n<p>Los servicios tur\u00edsticos del parque habilitados \u201cfuncionan normalmente\u201d, pero las autoridades recomiendan conducir \u201ccon extrema precauci\u00f3n\u201d en el tramo de la ruta provincial 71 que atraviesa Los Alerces.<\/p>\n\n\n\n<p>Fuente: www.elnuevodia.com<\/p>\n","protected":false},"excerpt":{"rendered":"","protected":false},"author":2,"featured_media":79801,"comment_status":"open","ping_status":"open","sticky":false,"template":"","format":"standard","meta":{"site-sidebar-layout":"default","site-content-layout":"","ast-site-content-layout":"default","site-content-style":"default","site-sidebar-style":"default","ast-global-header-display":"","ast-banner-title-visibility":"","ast-main-header-display":"","ast-hfb-above-header-display":"","ast-hfb-below-header-display":"","ast-hfb-mobile-header-display":"","site-post-title":"","ast-breadcrumbs-content":"","ast-featured-img":"","footer-sml-layout":"","ast-disable-related-posts":"","theme-transparent-header-meta":"","adv-header-id-meta":"","stick-header-meta":"","header-above-stick-meta":"","header-main-stick-meta":"","header-below-stick-meta":"","astra-migrate-meta-layouts":"default","ast-page-background-enabled":"default","ast-page-background-meta":{"desktop":{"background-color":"var(--ast-global-color-5)","background-image":"","background-repeat":"repeat","background-position":"center center","background-size":"auto","background-attachment":"scroll","background-type":"","background-media":"","overlay-type":"","overlay-color":"","overlay-opacity":"","overlay-gradient":""},"tablet":{"background-color":"","background-image":"","background-repeat":"repeat","background-position":"center center","background-size":"auto","background-attachment":"scroll","background-type":"","background-media":"","overlay-type":"","overlay-color":"","overlay-opacity":"","overlay-gradient":""},"mobile":{"background-color":"","background-image":"","background-repeat":"repeat","background-position":"center center","background-size":"auto","background-attachment":"scroll","background-type":"","background-media":"","overlay-type":"","overlay-color":"","overlay-opacity":"","overlay-gradient":""}},"ast-content-background-meta":{"desktop":{"background-color":"var(--ast-global-color-4)","background-image":"","background-repeat":"repeat","background-position":"center center","background-size":"auto","background-attachment":"scroll","background-type":"","background-media":"","overlay-type":"","overlay-color":"","overlay-opacity":"","overlay-gradient":""},"tablet":{"background-color":"var(--ast-global-color-4)","background-image":"","background-repeat":"repeat","background-position":"center center","background-size":"auto","background-attachment":"scroll","background-type":"","background-media":"","overlay-type":"","overlay-color":"","overlay-opacity":"","overlay-gradient":""},"mobile":{"background-color":"var(--ast-global-color-4)","background-image":"","background-repeat":"repeat","background-position":"center center","background-size":"auto","background-attachment":"scroll","background-type":"","background-media":"","overlay-type":"","overlay-color":"","overlay-opacity":"","overlay-gradient":""}},"footnotes":""},"categories":[27],"tags":[],"class_list":["post-79800","post","type-post","status-publish","format-standard","has-post-thumbnail","hentry","category-patagonia"],"yoast_head":"<!-- This site is optimized with the Yoast SEO Premium plugin v23.0 (Yoast SEO v27.5) - https:\/\/yoast.com\/product\/yoast-seo-premium-wordpress\/ -->\n<title>Contin\u00faa activo incendio forestal en parque patag\u00f3nico argentino<\/title>\n<meta name=\"robots\" content=\"index, follow, max-snippet:-1, max-image-preview:large, max-video-preview:-1\" \/>\n<link rel=\"canonical\" href=\"https:\/\/patagoniambiental.com.ar\/info\/continua-activo-incendio-forestal-en-parque-patagonico-argentino\/\" \/>\n<meta property=\"og:locale\" content=\"es_ES\" \/>\n<meta property=\"og:type\" content=\"article\" \/>\n<meta property=\"og:title\" content=\"Contin\u00faa activo incendio forestal en parque patag\u00f3nico argentino\" \/>\n<meta property=\"og:url\" content=\"https:\/\/patagoniambiental.com.ar\/info\/continua-activo-incendio-forestal-en-parque-patagonico-argentino\/\" \/>\n<meta property=\"og:site_name\" content=\"Patagonia Ambiental\" \/>\n<meta property=\"article:publisher\" content=\"https:\/\/www.facebook.com\/patagonia.ambiental\" \/>\n<meta property=\"article:author\" content=\"https:\/\/www.facebook.com\/share\/1C1V8Gv9BX\/?mibextid=qi2Omg\" \/>\n<meta property=\"article:published_time\" content=\"2024-02-11T22:00:00+00:00\" \/>\n<meta property=\"article:modified_time\" content=\"2024-08-14T14:41:22+00:00\" \/>\n<meta property=\"og:image\" content=\"https:\/\/patagoniambiental.com.ar\/info\/wp-content\/uploads\/2024\/02\/Sin-titulo-8.png\" \/>\n\t<meta property=\"og:image:width\" content=\"820\" \/>\n\t<meta property=\"og:image:height\" content=\"407\" \/>\n\t<meta property=\"og:image:type\" content=\"image\/png\" \/>\n<meta name=\"author\" content=\"Patagonia Ambiental\" \/>\n<meta name=\"twitter:card\" content=\"summary_large_image\" \/>\n<meta name=\"twitter:creator\" content=\"@PatAmb\" \/>\n<meta name=\"twitter:site\" content=\"@PatAmb\" \/>\n<script type=\"application\/ld+json\" class=\"yoast-schema-graph\">{\"@context\":\"https:\\\/\\\/schema.org\",\"@graph\":[{\"@type\":\"Article\",\"@id\":\"https:\\\/\\\/patagoniambiental.com.ar\\\/info\\\/continua-activo-incendio-forestal-en-parque-patagonico-argentino\\\/#article\",\"isPartOf\":{\"@id\":\"https:\\\/\\\/patagoniambiental.com.ar\\\/info\\\/continua-activo-incendio-forestal-en-parque-patagonico-argentino\\\/\"},\"author\":{\"name\":\"Patagonia Ambiental\",\"@id\":\"https:\\\/\\\/patagoniambiental.com.ar\\\/info\\\/#\\\/schema\\\/person\\\/db12bff64bbcbf6a253710bf0ea37b5d\"},\"headline\":\"Contin\u00faa activo incendio forestal en parque patag\u00f3nico argentino\",\"datePublished\":\"2024-02-11T22:00:00+00:00\",\"dateModified\":\"2024-08-14T14:41:22+00:00\",\"mainEntityOfPage\":{\"@id\":\"https:\\\/\\\/patagoniambiental.com.ar\\\/info\\\/continua-activo-incendio-forestal-en-parque-patagonico-argentino\\\/\"},\"wordCount\":462,\"commentCount\":0,\"publisher\":{\"@id\":\"https:\\\/\\\/patagoniambiental.com.ar\\\/info\\\/#organization\"},\"image\":{\"@id\":\"https:\\\/\\\/patagoniambiental.com.ar\\\/info\\\/continua-activo-incendio-forestal-en-parque-patagonico-argentino\\\/#primaryimage\"},\"thumbnailUrl\":\"https:\\\/\\\/patagoniambiental.com.ar\\\/info\\\/wp-content\\\/uploads\\\/2024\\\/02\\\/Sin-titulo-8.png\",\"articleSection\":[\"Patagonia\"],\"inLanguage\":\"es\",\"potentialAction\":[{\"@type\":\"CommentAction\",\"name\":\"Comment\",\"target\":[\"https:\\\/\\\/patagoniambiental.com.ar\\\/info\\\/continua-activo-incendio-forestal-en-parque-patagonico-argentino\\\/#respond\"]}]},{\"@type\":\"WebPage\",\"@id\":\"https:\\\/\\\/patagoniambiental.com.ar\\\/info\\\/continua-activo-incendio-forestal-en-parque-patagonico-argentino\\\/\",\"url\":\"https:\\\/\\\/patagoniambiental.com.ar\\\/info\\\/continua-activo-incendio-forestal-en-parque-patagonico-argentino\\\/\",\"name\":\"Contin\u00faa activo incendio forestal en parque patag\u00f3nico argentino\",\"isPartOf\":{\"@id\":\"https:\\\/\\\/patagoniambiental.com.ar\\\/info\\\/#website\"},\"primaryImageOfPage\":{\"@id\":\"https:\\\/\\\/patagoniambiental.com.ar\\\/info\\\/continua-activo-incendio-forestal-en-parque-patagonico-argentino\\\/#primaryimage\"},\"image\":{\"@id\":\"https:\\\/\\\/patagoniambiental.com.ar\\\/info\\\/continua-activo-incendio-forestal-en-parque-patagonico-argentino\\\/#primaryimage\"},\"thumbnailUrl\":\"https:\\\/\\\/patagoniambiental.com.ar\\\/info\\\/wp-content\\\/uploads\\\/2024\\\/02\\\/Sin-titulo-8.png\",\"datePublished\":\"2024-02-11T22:00:00+00:00\",\"dateModified\":\"2024-08-14T14:41:22+00:00\",\"breadcrumb\":{\"@id\":\"https:\\\/\\\/patagoniambiental.com.ar\\\/info\\\/continua-activo-incendio-forestal-en-parque-patagonico-argentino\\\/#breadcrumb\"},\"inLanguage\":\"es\",\"potentialAction\":[{\"@type\":\"ReadAction\",\"target\":[\"https:\\\/\\\/patagoniambiental.com.ar\\\/info\\\/continua-activo-incendio-forestal-en-parque-patagonico-argentino\\\/\"]}]},{\"@type\":\"ImageObject\",\"inLanguage\":\"es\",\"@id\":\"https:\\\/\\\/patagoniambiental.com.ar\\\/info\\\/continua-activo-incendio-forestal-en-parque-patagonico-argentino\\\/#primaryimage\",\"url\":\"https:\\\/\\\/patagoniambiental.com.ar\\\/info\\\/wp-content\\\/uploads\\\/2024\\\/02\\\/Sin-titulo-8.png\",\"contentUrl\":\"https:\\\/\\\/patagoniambiental.com.ar\\\/info\\\/wp-content\\\/uploads\\\/2024\\\/02\\\/Sin-titulo-8.png\",\"width\":820,\"height\":407},{\"@type\":\"BreadcrumbList\",\"@id\":\"https:\\\/\\\/patagoniambiental.com.ar\\\/info\\\/continua-activo-incendio-forestal-en-parque-patagonico-argentino\\\/#breadcrumb\",\"itemListElement\":[{\"@type\":\"ListItem\",\"position\":1,\"name\":\"Inicio\",\"item\":\"https:\\\/\\\/patagoniambiental.com.ar\\\/info\\\/\"},{\"@type\":\"ListItem\",\"position\":2,\"name\":\"Contin\u00faa activo incendio forestal en parque patag\u00f3nico argentino\"}]},{\"@type\":\"WebSite\",\"@id\":\"https:\\\/\\\/patagoniambiental.com.ar\\\/info\\\/#website\",\"url\":\"https:\\\/\\\/patagoniambiental.com.ar\\\/info\\\/\",\"name\":\"Patagonia Ambiental\",\"description\":\"Monitoreo y an\u00e1lisis de la situaci\u00f3n geopol\u00edtica en el mundo y su implicancia en la Patagonia\",\"publisher\":{\"@id\":\"https:\\\/\\\/patagoniambiental.com.ar\\\/info\\\/#organization\"},\"potentialAction\":[{\"@type\":\"SearchAction\",\"target\":{\"@type\":\"EntryPoint\",\"urlTemplate\":\"https:\\\/\\\/patagoniambiental.com.ar\\\/info\\\/?s={search_term_string}\"},\"query-input\":{\"@type\":\"PropertyValueSpecification\",\"valueRequired\":true,\"valueName\":\"search_term_string\"}}],\"inLanguage\":\"es\"},{\"@type\":\"Organization\",\"@id\":\"https:\\\/\\\/patagoniambiental.com.ar\\\/info\\\/#organization\",\"name\":\"Patagonia Ambiental\",\"url\":\"https:\\\/\\\/patagoniambiental.com.ar\\\/info\\\/\",\"logo\":{\"@type\":\"ImageObject\",\"inLanguage\":\"es\",\"@id\":\"https:\\\/\\\/patagoniambiental.com.ar\\\/info\\\/#\\\/schema\\\/logo\\\/image\\\/\",\"url\":\"https:\\\/\\\/patagoniambiental.com.ar\\\/info\\\/wp-content\\\/uploads\\\/2025\\\/05\\\/LOGO-PATAGONIA-AMBIENTAL.png\",\"contentUrl\":\"https:\\\/\\\/patagoniambiental.com.ar\\\/info\\\/wp-content\\\/uploads\\\/2025\\\/05\\\/LOGO-PATAGONIA-AMBIENTAL.png\",\"width\":433,\"height\":250,\"caption\":\"Patagonia Ambiental\"},\"image\":{\"@id\":\"https:\\\/\\\/patagoniambiental.com.ar\\\/info\\\/#\\\/schema\\\/logo\\\/image\\\/\"},\"sameAs\":[\"https:\\\/\\\/www.facebook.com\\\/patagonia.ambiental\",\"https:\\\/\\\/x.com\\\/PatAmb\"]},{\"@type\":\"Person\",\"@id\":\"https:\\\/\\\/patagoniambiental.com.ar\\\/info\\\/#\\\/schema\\\/person\\\/db12bff64bbcbf6a253710bf0ea37b5d\",\"name\":\"Patagonia Ambiental\",\"description\":\"Andr\u00e9s Nievas T\u00e9cnico en manejo ambiental, consultor Ambiental y escritor para medios locales e internacionales sobre temas de geopolitica y medio ambiente.\",\"sameAs\":[\"http:\\\/\\\/www.patagoniambiental.com.ar\",\"https:\\\/\\\/www.facebook.com\\\/share\\\/1C1V8Gv9BX\\\/?mibextid=qi2Omg\",\"@patagoniambiental\",\"https:\\\/\\\/youtube.com\\\/@patagoniaambiental2023?si=BLt58t0wuXquxlYZ\"]}]}<\/script>\n<!-- \/ Yoast SEO Premium plugin. -->","yoast_head_json":{"title":"Contin\u00faa activo incendio forestal en parque patag\u00f3nico argentino","robots":{"index":"index","follow":"follow","max-snippet":"max-snippet:-1","max-image-preview":"max-image-preview:large","max-video-preview":"max-video-preview:-1"},"canonical":"https:\/\/patagoniambiental.com.ar\/info\/continua-activo-incendio-forestal-en-parque-patagonico-argentino\/","og_locale":"es_ES","og_type":"article","og_title":"Contin\u00faa activo incendio forestal en parque patag\u00f3nico argentino","og_url":"https:\/\/patagoniambiental.com.ar\/info\/continua-activo-incendio-forestal-en-parque-patagonico-argentino\/","og_site_name":"Patagonia Ambiental","article_publisher":"https:\/\/www.facebook.com\/patagonia.ambiental","article_author":"https:\/\/www.facebook.com\/share\/1C1V8Gv9BX\/?mibextid=qi2Omg","article_published_time":"2024-02-11T22:00:00+00:00","article_modified_time":"2024-08-14T14:41:22+00:00","og_image":[{"width":820,"height":407,"url":"https:\/\/patagoniambiental.com.ar\/info\/wp-content\/uploads\/2024\/02\/Sin-titulo-8.png","type":"image\/png"}],"author":"Patagonia Ambiental","twitter_card":"summary_large_image","twitter_creator":"@PatAmb","twitter_site":"@PatAmb","schema":{"@context":"https:\/\/schema.org","@graph":[{"@type":"Article","@id":"https:\/\/patagoniambiental.com.ar\/info\/continua-activo-incendio-forestal-en-parque-patagonico-argentino\/#article","isPartOf":{"@id":"https:\/\/patagoniambiental.com.ar\/info\/continua-activo-incendio-forestal-en-parque-patagonico-argentino\/"},"author":{"name":"Patagonia Ambiental","@id":"https:\/\/patagoniambiental.com.ar\/info\/#\/schema\/person\/db12bff64bbcbf6a253710bf0ea37b5d"},"headline":"Contin\u00faa activo incendio forestal en parque patag\u00f3nico argentino","datePublished":"2024-02-11T22:00:00+00:00","dateModified":"2024-08-14T14:41:22+00:00","mainEntityOfPage":{"@id":"https:\/\/patagoniambiental.com.ar\/info\/continua-activo-incendio-forestal-en-parque-patagonico-argentino\/"},"wordCount":462,"commentCount":0,"publisher":{"@id":"https:\/\/patagoniambiental.com.ar\/info\/#organization"},"image":{"@id":"https:\/\/patagoniambiental.com.ar\/info\/continua-activo-incendio-forestal-en-parque-patagonico-argentino\/#primaryimage"},"thumbnailUrl":"https:\/\/patagoniambiental.com.ar\/info\/wp-content\/uploads\/2024\/02\/Sin-titulo-8.png","articleSection":["Patagonia"],"inLanguage":"es","potentialAction":[{"@type":"CommentAction","name":"Comment","target":["https:\/\/patagoniambiental.com.ar\/info\/continua-activo-incendio-forestal-en-parque-patagonico-argentino\/#respond"]}]},{"@type":"WebPage","@id":"https:\/\/patagoniambiental.com.ar\/info\/continua-activo-incendio-forestal-en-parque-patagonico-argentino\/","url":"https:\/\/patagoniambiental.com.ar\/info\/continua-activo-incendio-forestal-en-parque-patagonico-argentino\/","name":"Contin\u00faa activo incendio forestal en parque patag\u00f3nico argentino","isPartOf":{"@id":"https:\/\/patagoniambiental.com.ar\/info\/#website"},"primaryImageOfPage":{"@id":"https:\/\/patagoniambiental.com.ar\/info\/continua-activo-incendio-forestal-en-parque-patagonico-argentino\/#primaryimage"},"image":{"@id":"https:\/\/patagoniambiental.com.ar\/info\/continua-activo-incendio-forestal-en-parque-patagonico-argentino\/#primaryimage"},"thumbnailUrl":"https:\/\/patagoniambiental.com.ar\/info\/wp-content\/uploads\/2024\/02\/Sin-titulo-8.png","datePublished":"2024-02-11T22:00:00+00:00","dateModified":"2024-08-14T14:41:22+00:00","breadcrumb":{"@id":"https:\/\/patagoniambiental.com.ar\/info\/continua-activo-incendio-forestal-en-parque-patagonico-argentino\/#breadcrumb"},"inLanguage":"es","potentialAction":[{"@type":"ReadAction","target":["https:\/\/patagoniambiental.com.ar\/info\/continua-activo-incendio-forestal-en-parque-patagonico-argentino\/"]}]},{"@type":"ImageObject","inLanguage":"es","@id":"https:\/\/patagoniambiental.com.ar\/info\/continua-activo-incendio-forestal-en-parque-patagonico-argentino\/#primaryimage","url":"https:\/\/patagoniambiental.com.ar\/info\/wp-content\/uploads\/2024\/02\/Sin-titulo-8.png","contentUrl":"https:\/\/patagoniambiental.com.ar\/info\/wp-content\/uploads\/2024\/02\/Sin-titulo-8.png","width":820,"height":407},{"@type":"BreadcrumbList","@id":"https:\/\/patagoniambiental.com.ar\/info\/continua-activo-incendio-forestal-en-parque-patagonico-argentino\/#breadcrumb","itemListElement":[{"@type":"ListItem","position":1,"name":"Inicio","item":"https:\/\/patagoniambiental.com.ar\/info\/"},{"@type":"ListItem","position":2,"name":"Contin\u00faa activo incendio forestal en parque patag\u00f3nico argentino"}]},{"@type":"WebSite","@id":"https:\/\/patagoniambiental.com.ar\/info\/#website","url":"https:\/\/patagoniambiental.com.ar\/info\/","name":"Patagonia Ambiental","description":"Monitoreo y an\u00e1lisis de la situaci\u00f3n geopol\u00edtica en el mundo y su implicancia en la Patagonia","publisher":{"@id":"https:\/\/patagoniambiental.com.ar\/info\/#organization"},"potentialAction":[{"@type":"SearchAction","target":{"@type":"EntryPoint","urlTemplate":"https:\/\/patagoniambiental.com.ar\/info\/?s={search_term_string}"},"query-input":{"@type":"PropertyValueSpecification","valueRequired":true,"valueName":"search_term_string"}}],"inLanguage":"es"},{"@type":"Organization","@id":"https:\/\/patagoniambiental.com.ar\/info\/#organization","name":"Patagonia Ambiental","url":"https:\/\/patagoniambiental.com.ar\/info\/","logo":{"@type":"ImageObject","inLanguage":"es","@id":"https:\/\/patagoniambiental.com.ar\/info\/#\/schema\/logo\/image\/","url":"https:\/\/patagoniambiental.com.ar\/info\/wp-content\/uploads\/2025\/05\/LOGO-PATAGONIA-AMBIENTAL.png","contentUrl":"https:\/\/patagoniambiental.com.ar\/info\/wp-content\/uploads\/2025\/05\/LOGO-PATAGONIA-AMBIENTAL.png","width":433,"height":250,"caption":"Patagonia Ambiental"},"image":{"@id":"https:\/\/patagoniambiental.com.ar\/info\/#\/schema\/logo\/image\/"},"sameAs":["https:\/\/www.facebook.com\/patagonia.ambiental","https:\/\/x.com\/PatAmb"]},{"@type":"Person","@id":"https:\/\/patagoniambiental.com.ar\/info\/#\/schema\/person\/db12bff64bbcbf6a253710bf0ea37b5d","name":"Patagonia Ambiental","description":"Andr\u00e9s Nievas T\u00e9cnico en manejo ambiental, consultor Ambiental y escritor para medios locales e internacionales sobre temas de geopolitica y medio ambiente.","sameAs":["http:\/\/www.patagoniambiental.com.ar","https:\/\/www.facebook.com\/share\/1C1V8Gv9BX\/?mibextid=qi2Omg","@patagoniambiental","https:\/\/youtube.com\/@patagoniaambiental2023?si=BLt58t0wuXquxlYZ"]}]}},"_links":{"self":[{"href":"https:\/\/patagoniambiental.com.ar\/info\/wp-json\/wp\/v2\/posts\/79800","targetHints":{"allow":["GET"]}}],"collection":[{"href":"https:\/\/patagoniambiental.com.ar\/info\/wp-json\/wp\/v2\/posts"}],"about":[{"href":"https:\/\/patagoniambiental.com.ar\/info\/wp-json\/wp\/v2\/types\/post"}],"author":[{"embeddable":true,"href":"https:\/\/patagoniambiental.com.ar\/info\/wp-json\/wp\/v2\/users\/2"}],"replies":[{"embeddable":true,"href":"https:\/\/patagoniambiental.com.ar\/info\/wp-json\/wp\/v2\/comments?post=79800"}],"version-history":[{"count":0,"href":"https:\/\/patagoniambiental.com.ar\/info\/wp-json\/wp\/v2\/posts\/79800\/revisions"}],"wp:featuredmedia":[{"embeddable":true,"href":"https:\/\/patagoniambiental.com.ar\/info\/wp-json\/wp\/v2\/media\/79801"}],"wp:attachment":[{"href":"https:\/\/patagoniambiental.com.ar\/info\/wp-json\/wp\/v2\/media?parent=79800"}],"wp:term":[{"taxonomy":"category","embeddable":true,"href":"https:\/\/patagoniambiental.com.ar\/info\/wp-json\/wp\/v2\/categories?post=79800"},{"taxonomy":"post_tag","embeddable":true,"href":"https:\/\/patagoniambiental.com.ar\/info\/wp-json\/wp\/v2\/tags?post=79800"}],"curies":[{"name":"wp","href":"https:\/\/api.w.org\/{rel}","templated":true}]}}