{"id":79879,"date":"2024-02-19T19:00:00","date_gmt":"2024-02-19T22:00:00","guid":{"rendered":"https:\/\/patagoniambiental.com.ar\/info\/?p=79879"},"modified":"2024-02-19T00:04:54","modified_gmt":"2024-02-19T03:04:54","slug":"la-justicia-desalojo-a-los-mapuches-que-habian-ocupado-tierras-del-ejercito-en-bariloche","status":"publish","type":"post","link":"https:\/\/patagoniambiental.com.ar\/info\/la-justicia-desalojo-a-los-mapuches-que-habian-ocupado-tierras-del-ejercito-en-bariloche\/","title":{"rendered":"La Justicia desaloj\u00f3 a los mapuches que hab\u00edan ocupado tierras del Ej\u00e9rcito en Bariloche"},"content":{"rendered":"\n<p><a href=\"https:\/\/noticiasdata.com.ar\/la-justicia-desalojo-a-los-mapuches-que-habian-ocupado-tierras-del-ejercito-en-bariloche\/\"><\/a><\/p>\n\n\n\n<!--more-->\n\n\n\n<p>El ministro de Defensa, Luis Petri, se mostr\u00f3 conforme con el r\u00e1pido accionar de la fiscal\u00eda que llev\u00f3 adelante la denuncia por usurpaci\u00f3n ileg\u00edtima de terrenos que pertenecen al Ej\u00e9rcito argentino.<\/p>\n\n\n\n<p>Hace unas horas el ministro de Defensa, Luis Petri, inform\u00f3 a trav\u00e9s de una red social, su primer logr\u00f3 frente al avance de los reclamos activos de los integrantes de comunidades mapuches en el sur del pa\u00eds que llegaron a ocupar terrenos del Ej\u00e9rcito argentino en su accionar, supuestamente reivindicativo, que puso en tensi\u00f3n a toda la sociedad civil de San Carlos de Bariloche.<\/p>\n\n\n\n<p>Las tomas de terrenos de parte de personas que se autodefinen como mapuches contin\u00faan ocurriendo en otras zonas de Bariloche y del sudoeste de nuestro pa\u00eds con ramificaciones m\u00e1s violentas del otro lado de la frontera en Chile que debe lidiar constantemente con acciones que da\u00f1an a los ciudadanos trasandinos, a sus propiedades y producen perdidas millonarias al Estado.<\/p>\n\n\n\n<p>En Argentina, hab\u00eda llamado la atenci\u00f3n, por la audacia, de la toma de tierras del Ej\u00e9rcito por parte de integrantes de una comunidad mapuche.&nbsp;<\/p>\n\n\n\n<p>El territorio es parte de una reserva natural urbana creada en 2013, ubicada en cercan\u00edas del Lago Moreno, sobre el arroyo Casa de Piedra, de la ciudad del sur.&nbsp;Fue el propio Ej\u00e9rcito el que present\u00f3 la denuncia a la Justicia tras la llegada de los grupos mapuches.<\/p>\n\n\n\n<p>Desde la cartera de Seguridad expresaron en un comunicado:&nbsp;\u00abSe termin\u00f3 la ocupaci\u00f3n legal de terrenos del Ej\u00e9rcito Argentino. Luego de las denuncias realizadas por el Ministerio de Defensa&nbsp;y los reclamos de los vecinos, la Justicia orden\u00f3 el desalojo de las tierras que pertenecen al Ej\u00e9rcito Argentino en Bariloche y que hab\u00edan sido ocupadas ilegalmente por miembros de una comunidad mapuche\u00bb.<\/p>\n\n\n\n<p>En declaraciones a la prensa, Luis Petri, sostuvo que \u201c instru\u00ed a&nbsp;los funcionarios del ministerio para que se constituya como parte querellante en la causa en la que se investiga la ocupaci\u00f3n ilegal y otros delitos conexos en los que habr\u00edan incurrido los usurpadores\u201d.<\/p>\n\n\n\n<p>En todos los casos, la formulaci\u00f3n de la querella se llevar\u00e1 a cabo en el marco de un an\u00e1lisis completo e integral de los hechos, por lo que la denuncia abarcar\u00e1 tanto, acerca de los aspectos vinculados con la tipificaci\u00f3n del delito de usurpaci\u00f3n, como as\u00ed tambi\u00e9n de las eventuales tipificaciones concurrentes: estafas, defraudaciones, tala de bosque nativos y eventualmente asociaciones il\u00edcitas especialmente conformadas para la comisi\u00f3n de los delitos<\/p>\n\n\n\n<p>La instrucci\u00f3n dispuesta por Petri no solo contempla las causas ya iniciadas, sino que establece la obligaci\u00f3n de su cartera de denunciar y constituirse como parte querellante en todos aquellos conflictos que todav\u00eda no se encuentren judicializados.<\/p>\n\n\n\n<h3 class=\"wp-block-heading\">Fuente: https:\/\/noticiasdata.com.ar\/la-justicia-desalojo-a-los-mapuches-que-habian-ocupado-tierras-del-ejercito-en-bariloche\/<\/h3>\n","protected":false},"excerpt":{"rendered":"","protected":false},"author":2,"featured_media":79880,"comment_status":"open","ping_status":"open","sticky":false,"template":"","format":"standard","meta":{"site-sidebar-layout":"default","site-content-layout":"","ast-site-content-layout":"default","site-content-style":"default","site-sidebar-style":"default","ast-global-header-display":"","ast-banner-title-visibility":"","ast-main-header-display":"","ast-hfb-above-header-display":"","ast-hfb-below-header-display":"","ast-hfb-mobile-header-display":"","site-post-title":"","ast-breadcrumbs-content":"","ast-featured-img":"","footer-sml-layout":"","ast-disable-related-posts":"","theme-transparent-header-meta":"","adv-header-id-meta":"","stick-header-meta":"","header-above-stick-meta":"","header-main-stick-meta":"","header-below-stick-meta":"","astra-migrate-meta-layouts":"default","ast-page-background-enabled":"default","ast-page-background-meta":{"desktop":{"background-color":"var(--ast-global-color-5)","background-image":"","background-repeat":"repeat","background-position":"center center","background-size":"auto","background-attachment":"scroll","background-type":"","background-media":"","overlay-type":"","overlay-color":"","overlay-opacity":"","overlay-gradient":""},"tablet":{"background-color":"","background-image":"","background-repeat":"repeat","background-position":"center center","background-size":"auto","background-attachment":"scroll","background-type":"","background-media":"","overlay-type":"","overlay-color":"","overlay-opacity":"","overlay-gradient":""},"mobile":{"background-color":"","background-image":"","background-repeat":"repeat","background-position":"center center","background-size":"auto","background-attachment":"scroll","background-type":"","background-media":"","overlay-type":"","overlay-color":"","overlay-opacity":"","overlay-gradient":""}},"ast-content-background-meta":{"desktop":{"background-color":"var(--ast-global-color-4)","background-image":"","background-repeat":"repeat","background-position":"center center","background-size":"auto","background-attachment":"scroll","background-type":"","background-media":"","overlay-type":"","overlay-color":"","overlay-opacity":"","overlay-gradient":""},"tablet":{"background-color":"var(--ast-global-color-4)","background-image":"","background-repeat":"repeat","background-position":"center center","background-size":"auto","background-attachment":"scroll","background-type":"","background-media":"","overlay-type":"","overlay-color":"","overlay-opacity":"","overlay-gradient":""},"mobile":{"background-color":"var(--ast-global-color-4)","background-image":"","background-repeat":"repeat","background-position":"center center","background-size":"auto","background-attachment":"scroll","background-type":"","background-media":"","overlay-type":"","overlay-color":"","overlay-opacity":"","overlay-gradient":""}},"footnotes":""},"categories":[13],"tags":[],"class_list":["post-79879","post","type-post","status-publish","format-standard","has-post-thumbnail","hentry","category-provinciales"],"yoast_head":"<!-- This site is optimized with the Yoast SEO Premium plugin v23.0 (Yoast SEO v27.5) - https:\/\/yoast.com\/product\/yoast-seo-premium-wordpress\/ -->\n<title>La Justicia desaloj\u00f3 a los mapuches que hab\u00edan ocupado tierras del Ej\u00e9rcito en Bariloche<\/title>\n<meta name=\"robots\" content=\"index, follow, max-snippet:-1, max-image-preview:large, max-video-preview:-1\" \/>\n<link rel=\"canonical\" href=\"https:\/\/patagoniambiental.com.ar\/info\/la-justicia-desalojo-a-los-mapuches-que-habian-ocupado-tierras-del-ejercito-en-bariloche\/\" \/>\n<meta property=\"og:locale\" content=\"es_ES\" \/>\n<meta property=\"og:type\" content=\"article\" \/>\n<meta property=\"og:title\" content=\"La Justicia desaloj\u00f3 a los mapuches que hab\u00edan ocupado tierras del Ej\u00e9rcito en Bariloche\" \/>\n<meta property=\"og:url\" content=\"https:\/\/patagoniambiental.com.ar\/info\/la-justicia-desalojo-a-los-mapuches-que-habian-ocupado-tierras-del-ejercito-en-bariloche\/\" \/>\n<meta property=\"og:site_name\" content=\"Patagonia Ambiental\" \/>\n<meta property=\"article:publisher\" content=\"https:\/\/www.facebook.com\/patagonia.ambiental\" \/>\n<meta property=\"article:author\" content=\"https:\/\/www.facebook.com\/share\/1C1V8Gv9BX\/?mibextid=qi2Omg\" \/>\n<meta property=\"article:published_time\" content=\"2024-02-19T22:00:00+00:00\" \/>\n<meta property=\"og:image\" content=\"https:\/\/patagoniambiental.com.ar\/info\/wp-content\/uploads\/2024\/02\/Sin-titulo-14.png\" \/>\n\t<meta property=\"og:image:width\" content=\"805\" \/>\n\t<meta property=\"og:image:height\" content=\"506\" \/>\n\t<meta property=\"og:image:type\" content=\"image\/png\" \/>\n<meta name=\"author\" content=\"Patagonia Ambiental\" \/>\n<meta name=\"twitter:card\" content=\"summary_large_image\" \/>\n<meta name=\"twitter:creator\" content=\"@PatAmb\" \/>\n<meta name=\"twitter:site\" content=\"@PatAmb\" \/>\n<script type=\"application\/ld+json\" class=\"yoast-schema-graph\">{\"@context\":\"https:\\\/\\\/schema.org\",\"@graph\":[{\"@type\":\"Article\",\"@id\":\"https:\\\/\\\/patagoniambiental.com.ar\\\/info\\\/la-justicia-desalojo-a-los-mapuches-que-habian-ocupado-tierras-del-ejercito-en-bariloche\\\/#article\",\"isPartOf\":{\"@id\":\"https:\\\/\\\/patagoniambiental.com.ar\\\/info\\\/la-justicia-desalojo-a-los-mapuches-que-habian-ocupado-tierras-del-ejercito-en-bariloche\\\/\"},\"author\":{\"name\":\"Patagonia Ambiental\",\"@id\":\"https:\\\/\\\/patagoniambiental.com.ar\\\/info\\\/#\\\/schema\\\/person\\\/db12bff64bbcbf6a253710bf0ea37b5d\"},\"headline\":\"La Justicia desaloj\u00f3 a los mapuches que hab\u00edan ocupado tierras del Ej\u00e9rcito en Bariloche\",\"datePublished\":\"2024-02-19T22:00:00+00:00\",\"mainEntityOfPage\":{\"@id\":\"https:\\\/\\\/patagoniambiental.com.ar\\\/info\\\/la-justicia-desalojo-a-los-mapuches-que-habian-ocupado-tierras-del-ejercito-en-bariloche\\\/\"},\"wordCount\":499,\"commentCount\":0,\"publisher\":{\"@id\":\"https:\\\/\\\/patagoniambiental.com.ar\\\/info\\\/#organization\"},\"image\":{\"@id\":\"https:\\\/\\\/patagoniambiental.com.ar\\\/info\\\/la-justicia-desalojo-a-los-mapuches-que-habian-ocupado-tierras-del-ejercito-en-bariloche\\\/#primaryimage\"},\"thumbnailUrl\":\"https:\\\/\\\/patagoniambiental.com.ar\\\/info\\\/wp-content\\\/uploads\\\/2024\\\/02\\\/Sin-titulo-14.png\",\"articleSection\":[\"Provinciales\"],\"inLanguage\":\"es\",\"potentialAction\":[{\"@type\":\"CommentAction\",\"name\":\"Comment\",\"target\":[\"https:\\\/\\\/patagoniambiental.com.ar\\\/info\\\/la-justicia-desalojo-a-los-mapuches-que-habian-ocupado-tierras-del-ejercito-en-bariloche\\\/#respond\"]}]},{\"@type\":\"WebPage\",\"@id\":\"https:\\\/\\\/patagoniambiental.com.ar\\\/info\\\/la-justicia-desalojo-a-los-mapuches-que-habian-ocupado-tierras-del-ejercito-en-bariloche\\\/\",\"url\":\"https:\\\/\\\/patagoniambiental.com.ar\\\/info\\\/la-justicia-desalojo-a-los-mapuches-que-habian-ocupado-tierras-del-ejercito-en-bariloche\\\/\",\"name\":\"La Justicia desaloj\u00f3 a los mapuches que hab\u00edan ocupado tierras del Ej\u00e9rcito en Bariloche\",\"isPartOf\":{\"@id\":\"https:\\\/\\\/patagoniambiental.com.ar\\\/info\\\/#website\"},\"primaryImageOfPage\":{\"@id\":\"https:\\\/\\\/patagoniambiental.com.ar\\\/info\\\/la-justicia-desalojo-a-los-mapuches-que-habian-ocupado-tierras-del-ejercito-en-bariloche\\\/#primaryimage\"},\"image\":{\"@id\":\"https:\\\/\\\/patagoniambiental.com.ar\\\/info\\\/la-justicia-desalojo-a-los-mapuches-que-habian-ocupado-tierras-del-ejercito-en-bariloche\\\/#primaryimage\"},\"thumbnailUrl\":\"https:\\\/\\\/patagoniambiental.com.ar\\\/info\\\/wp-content\\\/uploads\\\/2024\\\/02\\\/Sin-titulo-14.png\",\"datePublished\":\"2024-02-19T22:00:00+00:00\",\"breadcrumb\":{\"@id\":\"https:\\\/\\\/patagoniambiental.com.ar\\\/info\\\/la-justicia-desalojo-a-los-mapuches-que-habian-ocupado-tierras-del-ejercito-en-bariloche\\\/#breadcrumb\"},\"inLanguage\":\"es\",\"potentialAction\":[{\"@type\":\"ReadAction\",\"target\":[\"https:\\\/\\\/patagoniambiental.com.ar\\\/info\\\/la-justicia-desalojo-a-los-mapuches-que-habian-ocupado-tierras-del-ejercito-en-bariloche\\\/\"]}]},{\"@type\":\"ImageObject\",\"inLanguage\":\"es\",\"@id\":\"https:\\\/\\\/patagoniambiental.com.ar\\\/info\\\/la-justicia-desalojo-a-los-mapuches-que-habian-ocupado-tierras-del-ejercito-en-bariloche\\\/#primaryimage\",\"url\":\"https:\\\/\\\/patagoniambiental.com.ar\\\/info\\\/wp-content\\\/uploads\\\/2024\\\/02\\\/Sin-titulo-14.png\",\"contentUrl\":\"https:\\\/\\\/patagoniambiental.com.ar\\\/info\\\/wp-content\\\/uploads\\\/2024\\\/02\\\/Sin-titulo-14.png\",\"width\":805,\"height\":506},{\"@type\":\"BreadcrumbList\",\"@id\":\"https:\\\/\\\/patagoniambiental.com.ar\\\/info\\\/la-justicia-desalojo-a-los-mapuches-que-habian-ocupado-tierras-del-ejercito-en-bariloche\\\/#breadcrumb\",\"itemListElement\":[{\"@type\":\"ListItem\",\"position\":1,\"name\":\"Inicio\",\"item\":\"https:\\\/\\\/patagoniambiental.com.ar\\\/info\\\/\"},{\"@type\":\"ListItem\",\"position\":2,\"name\":\"La Justicia desaloj\u00f3 a los mapuches que hab\u00edan ocupado tierras del Ej\u00e9rcito en Bariloche\"}]},{\"@type\":\"WebSite\",\"@id\":\"https:\\\/\\\/patagoniambiental.com.ar\\\/info\\\/#website\",\"url\":\"https:\\\/\\\/patagoniambiental.com.ar\\\/info\\\/\",\"name\":\"Patagonia Ambiental\",\"description\":\"Monitoreo y an\u00e1lisis de la situaci\u00f3n geopol\u00edtica en el mundo y su implicancia en la Patagonia\",\"publisher\":{\"@id\":\"https:\\\/\\\/patagoniambiental.com.ar\\\/info\\\/#organization\"},\"potentialAction\":[{\"@type\":\"SearchAction\",\"target\":{\"@type\":\"EntryPoint\",\"urlTemplate\":\"https:\\\/\\\/patagoniambiental.com.ar\\\/info\\\/?s={search_term_string}\"},\"query-input\":{\"@type\":\"PropertyValueSpecification\",\"valueRequired\":true,\"valueName\":\"search_term_string\"}}],\"inLanguage\":\"es\"},{\"@type\":\"Organization\",\"@id\":\"https:\\\/\\\/patagoniambiental.com.ar\\\/info\\\/#organization\",\"name\":\"Patagonia Ambiental\",\"url\":\"https:\\\/\\\/patagoniambiental.com.ar\\\/info\\\/\",\"logo\":{\"@type\":\"ImageObject\",\"inLanguage\":\"es\",\"@id\":\"https:\\\/\\\/patagoniambiental.com.ar\\\/info\\\/#\\\/schema\\\/logo\\\/image\\\/\",\"url\":\"https:\\\/\\\/patagoniambiental.com.ar\\\/info\\\/wp-content\\\/uploads\\\/2025\\\/05\\\/LOGO-PATAGONIA-AMBIENTAL.png\",\"contentUrl\":\"https:\\\/\\\/patagoniambiental.com.ar\\\/info\\\/wp-content\\\/uploads\\\/2025\\\/05\\\/LOGO-PATAGONIA-AMBIENTAL.png\",\"width\":433,\"height\":250,\"caption\":\"Patagonia Ambiental\"},\"image\":{\"@id\":\"https:\\\/\\\/patagoniambiental.com.ar\\\/info\\\/#\\\/schema\\\/logo\\\/image\\\/\"},\"sameAs\":[\"https:\\\/\\\/www.facebook.com\\\/patagonia.ambiental\",\"https:\\\/\\\/x.com\\\/PatAmb\"]},{\"@type\":\"Person\",\"@id\":\"https:\\\/\\\/patagoniambiental.com.ar\\\/info\\\/#\\\/schema\\\/person\\\/db12bff64bbcbf6a253710bf0ea37b5d\",\"name\":\"Patagonia Ambiental\",\"description\":\"Andr\u00e9s Nievas T\u00e9cnico en manejo ambiental, consultor Ambiental y escritor para medios locales e internacionales sobre temas de geopolitica y medio ambiente.\",\"sameAs\":[\"http:\\\/\\\/www.patagoniambiental.com.ar\",\"https:\\\/\\\/www.facebook.com\\\/share\\\/1C1V8Gv9BX\\\/?mibextid=qi2Omg\",\"@patagoniambiental\",\"https:\\\/\\\/youtube.com\\\/@patagoniaambiental2023?si=BLt58t0wuXquxlYZ\"]}]}<\/script>\n<!-- \/ Yoast SEO Premium plugin. -->","yoast_head_json":{"title":"La Justicia desaloj\u00f3 a los mapuches que hab\u00edan ocupado tierras del Ej\u00e9rcito en Bariloche","robots":{"index":"index","follow":"follow","max-snippet":"max-snippet:-1","max-image-preview":"max-image-preview:large","max-video-preview":"max-video-preview:-1"},"canonical":"https:\/\/patagoniambiental.com.ar\/info\/la-justicia-desalojo-a-los-mapuches-que-habian-ocupado-tierras-del-ejercito-en-bariloche\/","og_locale":"es_ES","og_type":"article","og_title":"La Justicia desaloj\u00f3 a los mapuches que hab\u00edan ocupado tierras del Ej\u00e9rcito en Bariloche","og_url":"https:\/\/patagoniambiental.com.ar\/info\/la-justicia-desalojo-a-los-mapuches-que-habian-ocupado-tierras-del-ejercito-en-bariloche\/","og_site_name":"Patagonia Ambiental","article_publisher":"https:\/\/www.facebook.com\/patagonia.ambiental","article_author":"https:\/\/www.facebook.com\/share\/1C1V8Gv9BX\/?mibextid=qi2Omg","article_published_time":"2024-02-19T22:00:00+00:00","og_image":[{"width":805,"height":506,"url":"https:\/\/patagoniambiental.com.ar\/info\/wp-content\/uploads\/2024\/02\/Sin-titulo-14.png","type":"image\/png"}],"author":"Patagonia Ambiental","twitter_card":"summary_large_image","twitter_creator":"@PatAmb","twitter_site":"@PatAmb","schema":{"@context":"https:\/\/schema.org","@graph":[{"@type":"Article","@id":"https:\/\/patagoniambiental.com.ar\/info\/la-justicia-desalojo-a-los-mapuches-que-habian-ocupado-tierras-del-ejercito-en-bariloche\/#article","isPartOf":{"@id":"https:\/\/patagoniambiental.com.ar\/info\/la-justicia-desalojo-a-los-mapuches-que-habian-ocupado-tierras-del-ejercito-en-bariloche\/"},"author":{"name":"Patagonia Ambiental","@id":"https:\/\/patagoniambiental.com.ar\/info\/#\/schema\/person\/db12bff64bbcbf6a253710bf0ea37b5d"},"headline":"La Justicia desaloj\u00f3 a los mapuches que hab\u00edan ocupado tierras del Ej\u00e9rcito en Bariloche","datePublished":"2024-02-19T22:00:00+00:00","mainEntityOfPage":{"@id":"https:\/\/patagoniambiental.com.ar\/info\/la-justicia-desalojo-a-los-mapuches-que-habian-ocupado-tierras-del-ejercito-en-bariloche\/"},"wordCount":499,"commentCount":0,"publisher":{"@id":"https:\/\/patagoniambiental.com.ar\/info\/#organization"},"image":{"@id":"https:\/\/patagoniambiental.com.ar\/info\/la-justicia-desalojo-a-los-mapuches-que-habian-ocupado-tierras-del-ejercito-en-bariloche\/#primaryimage"},"thumbnailUrl":"https:\/\/patagoniambiental.com.ar\/info\/wp-content\/uploads\/2024\/02\/Sin-titulo-14.png","articleSection":["Provinciales"],"inLanguage":"es","potentialAction":[{"@type":"CommentAction","name":"Comment","target":["https:\/\/patagoniambiental.com.ar\/info\/la-justicia-desalojo-a-los-mapuches-que-habian-ocupado-tierras-del-ejercito-en-bariloche\/#respond"]}]},{"@type":"WebPage","@id":"https:\/\/patagoniambiental.com.ar\/info\/la-justicia-desalojo-a-los-mapuches-que-habian-ocupado-tierras-del-ejercito-en-bariloche\/","url":"https:\/\/patagoniambiental.com.ar\/info\/la-justicia-desalojo-a-los-mapuches-que-habian-ocupado-tierras-del-ejercito-en-bariloche\/","name":"La Justicia desaloj\u00f3 a los mapuches que hab\u00edan ocupado tierras del Ej\u00e9rcito en Bariloche","isPartOf":{"@id":"https:\/\/patagoniambiental.com.ar\/info\/#website"},"primaryImageOfPage":{"@id":"https:\/\/patagoniambiental.com.ar\/info\/la-justicia-desalojo-a-los-mapuches-que-habian-ocupado-tierras-del-ejercito-en-bariloche\/#primaryimage"},"image":{"@id":"https:\/\/patagoniambiental.com.ar\/info\/la-justicia-desalojo-a-los-mapuches-que-habian-ocupado-tierras-del-ejercito-en-bariloche\/#primaryimage"},"thumbnailUrl":"https:\/\/patagoniambiental.com.ar\/info\/wp-content\/uploads\/2024\/02\/Sin-titulo-14.png","datePublished":"2024-02-19T22:00:00+00:00","breadcrumb":{"@id":"https:\/\/patagoniambiental.com.ar\/info\/la-justicia-desalojo-a-los-mapuches-que-habian-ocupado-tierras-del-ejercito-en-bariloche\/#breadcrumb"},"inLanguage":"es","potentialAction":[{"@type":"ReadAction","target":["https:\/\/patagoniambiental.com.ar\/info\/la-justicia-desalojo-a-los-mapuches-que-habian-ocupado-tierras-del-ejercito-en-bariloche\/"]}]},{"@type":"ImageObject","inLanguage":"es","@id":"https:\/\/patagoniambiental.com.ar\/info\/la-justicia-desalojo-a-los-mapuches-que-habian-ocupado-tierras-del-ejercito-en-bariloche\/#primaryimage","url":"https:\/\/patagoniambiental.com.ar\/info\/wp-content\/uploads\/2024\/02\/Sin-titulo-14.png","contentUrl":"https:\/\/patagoniambiental.com.ar\/info\/wp-content\/uploads\/2024\/02\/Sin-titulo-14.png","width":805,"height":506},{"@type":"BreadcrumbList","@id":"https:\/\/patagoniambiental.com.ar\/info\/la-justicia-desalojo-a-los-mapuches-que-habian-ocupado-tierras-del-ejercito-en-bariloche\/#breadcrumb","itemListElement":[{"@type":"ListItem","position":1,"name":"Inicio","item":"https:\/\/patagoniambiental.com.ar\/info\/"},{"@type":"ListItem","position":2,"name":"La Justicia desaloj\u00f3 a los mapuches que hab\u00edan ocupado tierras del Ej\u00e9rcito en Bariloche"}]},{"@type":"WebSite","@id":"https:\/\/patagoniambiental.com.ar\/info\/#website","url":"https:\/\/patagoniambiental.com.ar\/info\/","name":"Patagonia Ambiental","description":"Monitoreo y an\u00e1lisis de la situaci\u00f3n geopol\u00edtica en el mundo y su implicancia en la Patagonia","publisher":{"@id":"https:\/\/patagoniambiental.com.ar\/info\/#organization"},"potentialAction":[{"@type":"SearchAction","target":{"@type":"EntryPoint","urlTemplate":"https:\/\/patagoniambiental.com.ar\/info\/?s={search_term_string}"},"query-input":{"@type":"PropertyValueSpecification","valueRequired":true,"valueName":"search_term_string"}}],"inLanguage":"es"},{"@type":"Organization","@id":"https:\/\/patagoniambiental.com.ar\/info\/#organization","name":"Patagonia Ambiental","url":"https:\/\/patagoniambiental.com.ar\/info\/","logo":{"@type":"ImageObject","inLanguage":"es","@id":"https:\/\/patagoniambiental.com.ar\/info\/#\/schema\/logo\/image\/","url":"https:\/\/patagoniambiental.com.ar\/info\/wp-content\/uploads\/2025\/05\/LOGO-PATAGONIA-AMBIENTAL.png","contentUrl":"https:\/\/patagoniambiental.com.ar\/info\/wp-content\/uploads\/2025\/05\/LOGO-PATAGONIA-AMBIENTAL.png","width":433,"height":250,"caption":"Patagonia Ambiental"},"image":{"@id":"https:\/\/patagoniambiental.com.ar\/info\/#\/schema\/logo\/image\/"},"sameAs":["https:\/\/www.facebook.com\/patagonia.ambiental","https:\/\/x.com\/PatAmb"]},{"@type":"Person","@id":"https:\/\/patagoniambiental.com.ar\/info\/#\/schema\/person\/db12bff64bbcbf6a253710bf0ea37b5d","name":"Patagonia Ambiental","description":"Andr\u00e9s Nievas T\u00e9cnico en manejo ambiental, consultor Ambiental y escritor para medios locales e internacionales sobre temas de geopolitica y medio ambiente.","sameAs":["http:\/\/www.patagoniambiental.com.ar","https:\/\/www.facebook.com\/share\/1C1V8Gv9BX\/?mibextid=qi2Omg","@patagoniambiental","https:\/\/youtube.com\/@patagoniaambiental2023?si=BLt58t0wuXquxlYZ"]}]}},"_links":{"self":[{"href":"https:\/\/patagoniambiental.com.ar\/info\/wp-json\/wp\/v2\/posts\/79879","targetHints":{"allow":["GET"]}}],"collection":[{"href":"https:\/\/patagoniambiental.com.ar\/info\/wp-json\/wp\/v2\/posts"}],"about":[{"href":"https:\/\/patagoniambiental.com.ar\/info\/wp-json\/wp\/v2\/types\/post"}],"author":[{"embeddable":true,"href":"https:\/\/patagoniambiental.com.ar\/info\/wp-json\/wp\/v2\/users\/2"}],"replies":[{"embeddable":true,"href":"https:\/\/patagoniambiental.com.ar\/info\/wp-json\/wp\/v2\/comments?post=79879"}],"version-history":[{"count":0,"href":"https:\/\/patagoniambiental.com.ar\/info\/wp-json\/wp\/v2\/posts\/79879\/revisions"}],"wp:featuredmedia":[{"embeddable":true,"href":"https:\/\/patagoniambiental.com.ar\/info\/wp-json\/wp\/v2\/media\/79880"}],"wp:attachment":[{"href":"https:\/\/patagoniambiental.com.ar\/info\/wp-json\/wp\/v2\/media?parent=79879"}],"wp:term":[{"taxonomy":"category","embeddable":true,"href":"https:\/\/patagoniambiental.com.ar\/info\/wp-json\/wp\/v2\/categories?post=79879"},{"taxonomy":"post_tag","embeddable":true,"href":"https:\/\/patagoniambiental.com.ar\/info\/wp-json\/wp\/v2\/tags?post=79879"}],"curies":[{"name":"wp","href":"https:\/\/api.w.org\/{rel}","templated":true}]}}