{"id":79882,"date":"2024-02-19T19:00:00","date_gmt":"2024-02-19T22:00:00","guid":{"rendered":"https:\/\/patagoniambiental.com.ar\/info\/?p=79882"},"modified":"2024-02-19T00:09:26","modified_gmt":"2024-02-19T03:09:26","slug":"mariano-moreno-impulsa-la-creacion-de-una-corporacion-para-cuidar-el-agua-del-arroyo-covunco","status":"publish","type":"post","link":"https:\/\/patagoniambiental.com.ar\/info\/mariano-moreno-impulsa-la-creacion-de-una-corporacion-para-cuidar-el-agua-del-arroyo-covunco\/","title":{"rendered":"Mariano Moreno impulsa la creaci\u00f3n de una corporaci\u00f3n para cuidar el agua del arroyo Covunco"},"content":{"rendered":"\n<!--more-->\n\n\n\n<h2 class=\"wp-block-heading\">Se conform\u00f3 una mesa de trabajo con los municipios y comisiones de fomento del centro neuquino. Adem\u00e1s, se reflot\u00f3 la idea de la construcci\u00f3n de una represa aguas arriba.<\/h2>\n\n\n\n<ul class=\"wp-block-list\">\n<li><a href=\"https:\/\/www.facebook.com\/sharer\/sharer.php?u=https%3A%2F%2Fwww.lmneuquen.com%2Fc1092369\" target=\"_blank\" rel=\"noreferrer noopener\"><\/a><\/li>\n\n\n\n<li><a href=\"https:\/\/twitter.com\/intent\/tweet?url=https:\/\/www.lmneuquen.com\/c1092369&amp;relatid=saas&amp;text=Mariano+Moreno+impulsa+la+creaci%C3%B3n+de+una+corporaci%C3%B3n+para+cuidar+el+agua+del+arroyo+Covunco&amp;via=LMNeuquen\" target=\"_blank\" rel=\"noreferrer noopener\"><\/a><\/li>\n\n\n\n<li><a href=\"https:\/\/api.whatsapp.com\/send?text=Mariano+Moreno+impulsa+la+creaci%C3%B3n+de+una+corporaci%C3%B3n+para+cuidar+el+agua+del+arroyo+Covunco%0Ahttps:\/\/www.lmneuquen.com\/c1092369\" target=\"_blank\" rel=\"noreferrer noopener\"><\/a><\/li>\n\n\n\n<li><a href=\"mailto:?body=https%3A%2F%2Fwww.lmneuquen.com%2Fc1092369&amp;subject=%E2%80%9CMariano%20Moreno%20impulsa%20la%20creaci%C3%B3n%20de%20una%20corporaci%C3%B3n%20para%20cuidar%20el%20agua%20del%20arroyo%20Covunco%E2%80%9D\" target=\"_blank\" rel=\"noreferrer noopener\"><\/a><\/li>\n<\/ul>\n\n\n\n<figure class=\"wp-block-image\"><img decoding=\"async\" src=\"https:\/\/media.lmneuquen.com\/p\/7b24aa49c7f6a578735c7074e2deb93f\/adjuntos\/195\/imagenes\/007\/666\/0007666709\/770x0\/smart\/covuncojpg.jpg\" alt=\"El arroyo Covunco es la principal cuenca h\u00eddrica de la zona.\" title=\"El arroyo Covunco es la principal cuenca h\u00eddrica de la zona. | LM Neuquen\"\/><figcaption class=\"wp-element-caption\">El arroyo Covunco es la principal cuenca h\u00eddrica de la zona.<\/figcaption><\/figure>\n\n\n\n<figure class=\"wp-block-image\"><img decoding=\"async\" src=\"https:\/\/media.lmneuquen.com\/p\/8aa69f80d8e083ba9f098b6eca86e866\/adjuntos\/195\/imagenes\/007\/666\/0007666705\/770x0\/smart\/covunco-2jpg.jpg\" alt=\"El intendente de Mariano Moreno y otros jefes comunales\" title=\"El intendente de Mariano Moreno y otros jefes comunales | LM Neuquen\"\/><figcaption class=\"wp-element-caption\">El intendente de Mariano Moreno y otros jefes comunales, a orillas del arroyo Covunco.<\/figcaption><\/figure>\n\n\n\n<figure class=\"wp-block-image\"><img decoding=\"async\" src=\"https:\/\/media.lmneuquen.com\/p\/009655569024c12f55fc22e0dc039189\/adjuntos\/195\/imagenes\/007\/666\/0007666710\/770x0\/smart\/covunco-1jpg.jpg\" alt=\"Los jefes comunales proponen crear una corporaci\u00f3n.\u00a0\" title=\"Los jefes comunales proponen crear una corporaci\u00f3n.\u00a0 | LM Neuquen\"\/><figcaption class=\"wp-element-caption\">Los jefes comunales proponen crear una corporaci\u00f3n.&nbsp;<\/figcaption><\/figure>\n\n\n\n<p><strong>El arroyo Covunco es la cuenca h\u00eddrica \u201cinsignia\u201d en el centro neuquino<\/strong>. Lo atraviesa de punta a punta, desde sus nacientes en la precordillera andina hasta su desembocadura en el r\u00edo Neuqu\u00e9n, luego de un recorrido de unos 100 km.<\/p>\n\n\n\n<figure class=\"wp-block-image\"><a href=\"https:\/\/a-iad04.e-planning.net\/ei\/3\/568d\/Notas\/NotasIN?rnd=0.9055608290218837&amp;pb=92d8548bdd91af71&amp;fi=11e7f327c00089ac&amp;ur=https%3A\/\/www.lmneuquen.com\/neuquen\/mariano-moreno-impulsa-la-creacion-una-corporacion-cuidar-el-agua-del-arroyo-covunco-n1092369\" target=\"_blank\" rel=\"noreferrer noopener\"><img decoding=\"async\" src=\"https:\/\/s.e-planning.net\/esb\/4\/1\/5676\/3fe593d0f4340452.jpg\" alt=\"LMN JUEGOS INLINE 1 02.01.24\"\/><\/a><\/figure>\n\n\n\n<p>En la parte media de su camino se ubica el pueblo de Mariano Moreno, donde sus costas se salpican de verde y en verano es la cita obligada para vecinos y turistas de la regi\u00f3n que llegan dispuestos a disfrutar de sus aguas, y de las bellezas naturales que se desprenden del valle del mismo nombre.<\/p>\n\n\n\n<p>Hist\u00f3ricamente existi\u00f3 la una necesidad de darle mayor utilidad a sus aguas a partir de obras de infraestructura que permitieran su contenci\u00f3n y regulaci\u00f3n.<\/p>\n\n\n\n<p><strong>Una de las primeras obras hidr\u00e1ulicas que nacieron de su curso fue en la d\u00e9cada del \u00b440 del siglo pasado cuando se cre\u00f3 la Usina Hidroel\u00e9ctrica de Covunco Arriba<\/strong>. Aquella realidad de buenos tiempos se contrapone totalmente con el constante estiaje de los a\u00f1os recientes por causas de las sequ\u00edas y, en gran medida, por el desproporcionado manejo del recurso h\u00eddrico que se adopta pr\u00e1cticamente en sus nacientes, m\u00e1s precisamente en la legendaria Estancia Llamuco.<\/p>\n\n\n\n<figure class=\"wp-block-image\"><img decoding=\"async\" src=\"https:\/\/media.lmneuquen.com\/p\/8aa69f80d8e083ba9f098b6eca86e866\/adjuntos\/195\/imagenes\/007\/666\/0007666705\/770x0\/smart\/covunco-2jpg.jpg\" alt=\"El intendente de Mariano Moreno y otros jefes comunales, a orillas del arroyo Covunco.\" title=\"El intendente de Mariano Moreno y otros jefes comunales, a orillas del arroyo Covunco.\"\/><\/figure>\n\n\n\n<p>El intendente de Mariano Moreno y otros jefes comunales, a orillas del arroyo Covunco.<\/p>\n\n\n\n<p>En el a\u00f1o 2022 por la intervenci\u00f3n del vecino zapalino Carlos Seoane y una denuncia ante la Fiscal\u00eda Ambiental oblig\u00f3 a Recursos H\u00eddricos de la provincia a intervenir para que cesaran de alguna manera estas pr\u00e1cticas que claramente pon\u00edan en riesgo a la totalidad de las comunidades que se proveen del agua del Covunco para consumo y producci\u00f3n.<\/p>\n\n\n\n<h2 class=\"wp-block-heading\">Cuidar el recurso<\/h2>\n\n\n\n<p>En los \u00faltimos a\u00f1os los tres asentamientos urbanos que dependen directamente de la cuenca del arroyo Covunco (Los Catutos, Mariano Moreno y Covunco Abajo) vienen sufriendo los embates de las crueles sequ\u00edas que afectaron a la regi\u00f3n pero tambi\u00e9n por la constante manipulaci\u00f3n de los cauces de agua.<\/p>\n\n\n\n<p><strong>A estos fines y con el prop\u00f3sito de cuidar el recurso agua<\/strong>, las autoridades de las comunidades directamente involucradas se reunieron la semana pasada en el sal\u00f3n de eventos del balneario municipal de Mariano Moreno para conformar una mesa de trabajo y dar los primeros pasos en la creaci\u00f3n de la Corporaci\u00f3n Cuenca del Covunco.<\/p>\n\n\n\n<p>\u201cLa intenci\u00f3n principalmente es asegurar la cantidad y la calidad del agua del curso h\u00eddrico durante todo el a\u00f1o, aumentar la productividad en las tierras y estimular acciones tur\u00edsticas y recreativas\u201d, sostuvo el intendente anfitri\u00f3n, Javier Huillip\u00e1n, en contacto con&nbsp;<strong>LMNeuqu\u00e9n<\/strong>.<\/p>\n\n\n\n<p>Del c\u00f3nclave participaron Dami\u00e1n Pereyra (presidente de la comisi\u00f3n de fomento de Los Catutos) y de manera virtual Mat\u00edas Castillo (presidente de la comisi\u00f3n de fomento de Covunco Abajo). A su vez, de parte del gobierno provincial hubo referentes de Vialidad, Desarrollo Humano y Producci\u00f3n.<\/p>\n\n\n\n<p>En este sentido, se destac\u00f3 la presencia del ingeniero Horacio Pessolani, quien tendr\u00e1 bajo su responsabilidad durante esta gesti\u00f3n la direcci\u00f3n provincial de fortalecimiento y vinculaci\u00f3n territorial de la Subsecretar\u00eda de Producci\u00f3n.<\/p>\n\n\n\n<figure class=\"wp-block-image\"><img decoding=\"async\" src=\"https:\/\/media.lmneuquen.com\/p\/009655569024c12f55fc22e0dc039189\/adjuntos\/195\/imagenes\/007\/666\/0007666710\/770x0\/smart\/covunco-1jpg.jpg\" alt=\"Los jefes comunales proponen crear una corporaci&oacute;n.&nbsp;\" title=\"Los jefes comunales proponen crear una corporaci&oacute;n.&nbsp;\"\/><\/figure>\n\n\n\n<p>Los jefes comunales proponen crear una corporaci\u00f3n.<\/p>\n\n\n\n<p>\u201cHoy hemos trabajado con los intendentes de la cuenca del arroyo Covunco y hemos dado el puntapi\u00e9 inicial para que esto sea un trabajo permanente en criterios unificados\u201d, se\u00f1al\u00f3 Pessolani.<\/p>\n\n\n\n<p>Adem\u00e1s, el funcionario provincial coment\u00f3 que en encuentros sucesivos se incorporar\u00e1n a la mesa las organizaciones de productores \u201cpara conformar un equipo de trabajo que planifique las acciones y estimule el desarrollo de la producci\u00f3n con la optimizaci\u00f3n del agua\u201d, resalt\u00f3.<\/p>\n\n\n\n<h2 class=\"wp-block-heading\">Proyectos de embalse<\/h2>\n\n\n\n<p>Uno de los puntos sobresalientes de la reuni\u00f3n fue que se reflotar\u00e1n los proyectos que en su momento pronosticaban la construcci\u00f3n de embalses aguas arriba del arroyo Covunco. En este sentido volvieron a cobrar dimensi\u00f3n las ideas de La Ramadilla primero y Carreri despu\u00e9s. \u201cNos planteamos como una alternativa a analizar en el mediano y largo plazo la posibilidad de hacer alguna de estas obras. Sabemos que hubo muchas proyectadas a lo largo de los a\u00f1os y que varias discusiones para ver cu\u00e1l era la m\u00e1s conveniente. La realidad es que no concretamos ninguna\u201d, afirm\u00f3 Pessolani.<\/p>\n\n\n\n<p>\u201cNos propusimos plantear de manera articulada la ejecuci\u00f3n de alguna de esas obras. Habr\u00e1 que retomar los estudios que se hicieron en su momento y actualizarlos y ver la posibilidad de encontrar el financiamiento que permita hacer alguna de esas importantes obras para regular el Covunco\u201d, dijo.<\/p>\n\n\n\n<p>Cabe recordar que ambos proyectos planteaban el aprovechamiento integral del arroyo Covunco que nace de la conjunci\u00f3n de los arroyos Guayapa y Carreri.<\/p>\n\n\n\n<p>D\u00e9cadas atr\u00e1s, la provincia del Neuqu\u00e9n hab\u00eda encarado el desarrollo de sendos proyectos de aprovechamiento h\u00eddrico con el objetivo de mejorar la distribuci\u00f3n anual de caudales y sistematizar obras para riego que permitir\u00eda satisfacer la demanda de agua para riego de explotaciones agropecuarias existentes y el desarrollo de nuevas \u00e1reas agr\u00edcolas en el \u00e1rea de influencia de Zapala y Mariano Moreno, alcanzando las zonas de Covunco Centro, Covunco Arriba y Covunco Abajo.<\/p>\n\n\n\n<p>Fuente: Lm Neuquen<\/p>\n","protected":false},"excerpt":{"rendered":"","protected":false},"author":2,"featured_media":79883,"comment_status":"open","ping_status":"open","sticky":false,"template":"","format":"standard","meta":{"site-sidebar-layout":"default","site-content-layout":"","ast-site-content-layout":"default","site-content-style":"default","site-sidebar-style":"default","ast-global-header-display":"","ast-banner-title-visibility":"","ast-main-header-display":"","ast-hfb-above-header-display":"","ast-hfb-below-header-display":"","ast-hfb-mobile-header-display":"","site-post-title":"","ast-breadcrumbs-content":"","ast-featured-img":"","footer-sml-layout":"","ast-disable-related-posts":"","theme-transparent-header-meta":"","adv-header-id-meta":"","stick-header-meta":"","header-above-stick-meta":"","header-main-stick-meta":"","header-below-stick-meta":"","astra-migrate-meta-layouts":"default","ast-page-background-enabled":"default","ast-page-background-meta":{"desktop":{"background-color":"var(--ast-global-color-5)","background-image":"","background-repeat":"repeat","background-position":"center center","background-size":"auto","background-attachment":"scroll","background-type":"","background-media":"","overlay-type":"","overlay-color":"","overlay-opacity":"","overlay-gradient":""},"tablet":{"background-color":"","background-image":"","background-repeat":"repeat","background-position":"center center","background-size":"auto","background-attachment":"scroll","background-type":"","background-media":"","overlay-type":"","overlay-color":"","overlay-opacity":"","overlay-gradient":""},"mobile":{"background-color":"","background-image":"","background-repeat":"repeat","background-position":"center center","background-size":"auto","background-attachment":"scroll","background-type":"","background-media":"","overlay-type":"","overlay-color":"","overlay-opacity":"","overlay-gradient":""}},"ast-content-background-meta":{"desktop":{"background-color":"var(--ast-global-color-4)","background-image":"","background-repeat":"repeat","background-position":"center center","background-size":"auto","background-attachment":"scroll","background-type":"","background-media":"","overlay-type":"","overlay-color":"","overlay-opacity":"","overlay-gradient":""},"tablet":{"background-color":"var(--ast-global-color-4)","background-image":"","background-repeat":"repeat","background-position":"center center","background-size":"auto","background-attachment":"scroll","background-type":"","background-media":"","overlay-type":"","overlay-color":"","overlay-opacity":"","overlay-gradient":""},"mobile":{"background-color":"var(--ast-global-color-4)","background-image":"","background-repeat":"repeat","background-position":"center center","background-size":"auto","background-attachment":"scroll","background-type":"","background-media":"","overlay-type":"","overlay-color":"","overlay-opacity":"","overlay-gradient":""}},"footnotes":""},"categories":[13,10],"tags":[],"class_list":["post-79882","post","type-post","status-publish","format-standard","has-post-thumbnail","hentry","category-provinciales","category-rotador"],"yoast_head":"<!-- This site is optimized with the Yoast SEO Premium plugin v23.0 (Yoast SEO v27.5) - https:\/\/yoast.com\/product\/yoast-seo-premium-wordpress\/ -->\n<title>Mariano Moreno impulsa la creaci\u00f3n de una corporaci\u00f3n para cuidar el agua del arroyo Covunco<\/title>\n<meta name=\"robots\" content=\"index, follow, max-snippet:-1, max-image-preview:large, max-video-preview:-1\" \/>\n<link rel=\"canonical\" href=\"https:\/\/patagoniambiental.com.ar\/info\/mariano-moreno-impulsa-la-creacion-de-una-corporacion-para-cuidar-el-agua-del-arroyo-covunco\/\" \/>\n<meta property=\"og:locale\" content=\"es_ES\" \/>\n<meta property=\"og:type\" content=\"article\" \/>\n<meta property=\"og:title\" content=\"Mariano Moreno impulsa la creaci\u00f3n de una corporaci\u00f3n para cuidar el agua del arroyo Covunco\" \/>\n<meta property=\"og:url\" content=\"https:\/\/patagoniambiental.com.ar\/info\/mariano-moreno-impulsa-la-creacion-de-una-corporacion-para-cuidar-el-agua-del-arroyo-covunco\/\" \/>\n<meta property=\"og:site_name\" content=\"Patagonia Ambiental\" \/>\n<meta property=\"article:publisher\" content=\"https:\/\/www.facebook.com\/patagonia.ambiental\" \/>\n<meta property=\"article:author\" content=\"https:\/\/www.facebook.com\/share\/1C1V8Gv9BX\/?mibextid=qi2Omg\" \/>\n<meta property=\"article:published_time\" content=\"2024-02-19T22:00:00+00:00\" \/>\n<meta property=\"og:image\" content=\"https:\/\/patagoniambiental.com.ar\/info\/wp-content\/uploads\/2024\/02\/Sin-titulo-15.png\" \/>\n\t<meta property=\"og:image:width\" content=\"759\" \/>\n\t<meta property=\"og:image:height\" content=\"504\" \/>\n\t<meta property=\"og:image:type\" content=\"image\/png\" \/>\n<meta name=\"author\" content=\"Patagonia Ambiental\" \/>\n<meta name=\"twitter:card\" content=\"summary_large_image\" \/>\n<meta name=\"twitter:creator\" content=\"@PatAmb\" \/>\n<meta name=\"twitter:site\" content=\"@PatAmb\" \/>\n<script type=\"application\/ld+json\" class=\"yoast-schema-graph\">{\"@context\":\"https:\\\/\\\/schema.org\",\"@graph\":[{\"@type\":\"Article\",\"@id\":\"https:\\\/\\\/patagoniambiental.com.ar\\\/info\\\/mariano-moreno-impulsa-la-creacion-de-una-corporacion-para-cuidar-el-agua-del-arroyo-covunco\\\/#article\",\"isPartOf\":{\"@id\":\"https:\\\/\\\/patagoniambiental.com.ar\\\/info\\\/mariano-moreno-impulsa-la-creacion-de-una-corporacion-para-cuidar-el-agua-del-arroyo-covunco\\\/\"},\"author\":{\"name\":\"Patagonia Ambiental\",\"@id\":\"https:\\\/\\\/patagoniambiental.com.ar\\\/info\\\/#\\\/schema\\\/person\\\/db12bff64bbcbf6a253710bf0ea37b5d\"},\"headline\":\"Mariano Moreno impulsa la creaci\u00f3n de una corporaci\u00f3n para cuidar el agua del arroyo Covunco\",\"datePublished\":\"2024-02-19T22:00:00+00:00\",\"mainEntityOfPage\":{\"@id\":\"https:\\\/\\\/patagoniambiental.com.ar\\\/info\\\/mariano-moreno-impulsa-la-creacion-de-una-corporacion-para-cuidar-el-agua-del-arroyo-covunco\\\/\"},\"wordCount\":967,\"commentCount\":0,\"publisher\":{\"@id\":\"https:\\\/\\\/patagoniambiental.com.ar\\\/info\\\/#organization\"},\"image\":{\"@id\":\"https:\\\/\\\/patagoniambiental.com.ar\\\/info\\\/mariano-moreno-impulsa-la-creacion-de-una-corporacion-para-cuidar-el-agua-del-arroyo-covunco\\\/#primaryimage\"},\"thumbnailUrl\":\"https:\\\/\\\/patagoniambiental.com.ar\\\/info\\\/wp-content\\\/uploads\\\/2024\\\/02\\\/Sin-titulo-15.png\",\"articleSection\":[\"Provinciales\",\"Rotador\"],\"inLanguage\":\"es\",\"potentialAction\":[{\"@type\":\"CommentAction\",\"name\":\"Comment\",\"target\":[\"https:\\\/\\\/patagoniambiental.com.ar\\\/info\\\/mariano-moreno-impulsa-la-creacion-de-una-corporacion-para-cuidar-el-agua-del-arroyo-covunco\\\/#respond\"]}]},{\"@type\":\"WebPage\",\"@id\":\"https:\\\/\\\/patagoniambiental.com.ar\\\/info\\\/mariano-moreno-impulsa-la-creacion-de-una-corporacion-para-cuidar-el-agua-del-arroyo-covunco\\\/\",\"url\":\"https:\\\/\\\/patagoniambiental.com.ar\\\/info\\\/mariano-moreno-impulsa-la-creacion-de-una-corporacion-para-cuidar-el-agua-del-arroyo-covunco\\\/\",\"name\":\"Mariano Moreno impulsa la creaci\u00f3n de una corporaci\u00f3n para cuidar el agua del arroyo Covunco\",\"isPartOf\":{\"@id\":\"https:\\\/\\\/patagoniambiental.com.ar\\\/info\\\/#website\"},\"primaryImageOfPage\":{\"@id\":\"https:\\\/\\\/patagoniambiental.com.ar\\\/info\\\/mariano-moreno-impulsa-la-creacion-de-una-corporacion-para-cuidar-el-agua-del-arroyo-covunco\\\/#primaryimage\"},\"image\":{\"@id\":\"https:\\\/\\\/patagoniambiental.com.ar\\\/info\\\/mariano-moreno-impulsa-la-creacion-de-una-corporacion-para-cuidar-el-agua-del-arroyo-covunco\\\/#primaryimage\"},\"thumbnailUrl\":\"https:\\\/\\\/patagoniambiental.com.ar\\\/info\\\/wp-content\\\/uploads\\\/2024\\\/02\\\/Sin-titulo-15.png\",\"datePublished\":\"2024-02-19T22:00:00+00:00\",\"breadcrumb\":{\"@id\":\"https:\\\/\\\/patagoniambiental.com.ar\\\/info\\\/mariano-moreno-impulsa-la-creacion-de-una-corporacion-para-cuidar-el-agua-del-arroyo-covunco\\\/#breadcrumb\"},\"inLanguage\":\"es\",\"potentialAction\":[{\"@type\":\"ReadAction\",\"target\":[\"https:\\\/\\\/patagoniambiental.com.ar\\\/info\\\/mariano-moreno-impulsa-la-creacion-de-una-corporacion-para-cuidar-el-agua-del-arroyo-covunco\\\/\"]}]},{\"@type\":\"ImageObject\",\"inLanguage\":\"es\",\"@id\":\"https:\\\/\\\/patagoniambiental.com.ar\\\/info\\\/mariano-moreno-impulsa-la-creacion-de-una-corporacion-para-cuidar-el-agua-del-arroyo-covunco\\\/#primaryimage\",\"url\":\"https:\\\/\\\/patagoniambiental.com.ar\\\/info\\\/wp-content\\\/uploads\\\/2024\\\/02\\\/Sin-titulo-15.png\",\"contentUrl\":\"https:\\\/\\\/patagoniambiental.com.ar\\\/info\\\/wp-content\\\/uploads\\\/2024\\\/02\\\/Sin-titulo-15.png\",\"width\":759,\"height\":504},{\"@type\":\"BreadcrumbList\",\"@id\":\"https:\\\/\\\/patagoniambiental.com.ar\\\/info\\\/mariano-moreno-impulsa-la-creacion-de-una-corporacion-para-cuidar-el-agua-del-arroyo-covunco\\\/#breadcrumb\",\"itemListElement\":[{\"@type\":\"ListItem\",\"position\":1,\"name\":\"Inicio\",\"item\":\"https:\\\/\\\/patagoniambiental.com.ar\\\/info\\\/\"},{\"@type\":\"ListItem\",\"position\":2,\"name\":\"Mariano Moreno impulsa la creaci\u00f3n de una corporaci\u00f3n para cuidar el agua del arroyo Covunco\"}]},{\"@type\":\"WebSite\",\"@id\":\"https:\\\/\\\/patagoniambiental.com.ar\\\/info\\\/#website\",\"url\":\"https:\\\/\\\/patagoniambiental.com.ar\\\/info\\\/\",\"name\":\"Patagonia Ambiental\",\"description\":\"Monitoreo y an\u00e1lisis de la situaci\u00f3n geopol\u00edtica en el mundo y su implicancia en la Patagonia\",\"publisher\":{\"@id\":\"https:\\\/\\\/patagoniambiental.com.ar\\\/info\\\/#organization\"},\"potentialAction\":[{\"@type\":\"SearchAction\",\"target\":{\"@type\":\"EntryPoint\",\"urlTemplate\":\"https:\\\/\\\/patagoniambiental.com.ar\\\/info\\\/?s={search_term_string}\"},\"query-input\":{\"@type\":\"PropertyValueSpecification\",\"valueRequired\":true,\"valueName\":\"search_term_string\"}}],\"inLanguage\":\"es\"},{\"@type\":\"Organization\",\"@id\":\"https:\\\/\\\/patagoniambiental.com.ar\\\/info\\\/#organization\",\"name\":\"Patagonia Ambiental\",\"url\":\"https:\\\/\\\/patagoniambiental.com.ar\\\/info\\\/\",\"logo\":{\"@type\":\"ImageObject\",\"inLanguage\":\"es\",\"@id\":\"https:\\\/\\\/patagoniambiental.com.ar\\\/info\\\/#\\\/schema\\\/logo\\\/image\\\/\",\"url\":\"https:\\\/\\\/patagoniambiental.com.ar\\\/info\\\/wp-content\\\/uploads\\\/2025\\\/05\\\/LOGO-PATAGONIA-AMBIENTAL.png\",\"contentUrl\":\"https:\\\/\\\/patagoniambiental.com.ar\\\/info\\\/wp-content\\\/uploads\\\/2025\\\/05\\\/LOGO-PATAGONIA-AMBIENTAL.png\",\"width\":433,\"height\":250,\"caption\":\"Patagonia Ambiental\"},\"image\":{\"@id\":\"https:\\\/\\\/patagoniambiental.com.ar\\\/info\\\/#\\\/schema\\\/logo\\\/image\\\/\"},\"sameAs\":[\"https:\\\/\\\/www.facebook.com\\\/patagonia.ambiental\",\"https:\\\/\\\/x.com\\\/PatAmb\"]},{\"@type\":\"Person\",\"@id\":\"https:\\\/\\\/patagoniambiental.com.ar\\\/info\\\/#\\\/schema\\\/person\\\/db12bff64bbcbf6a253710bf0ea37b5d\",\"name\":\"Patagonia Ambiental\",\"description\":\"Andr\u00e9s Nievas T\u00e9cnico en manejo ambiental, consultor Ambiental y escritor para medios locales e internacionales sobre temas de geopolitica y medio ambiente.\",\"sameAs\":[\"http:\\\/\\\/www.patagoniambiental.com.ar\",\"https:\\\/\\\/www.facebook.com\\\/share\\\/1C1V8Gv9BX\\\/?mibextid=qi2Omg\",\"@patagoniambiental\",\"https:\\\/\\\/youtube.com\\\/@patagoniaambiental2023?si=BLt58t0wuXquxlYZ\"]}]}<\/script>\n<!-- \/ Yoast SEO Premium plugin. -->","yoast_head_json":{"title":"Mariano Moreno impulsa la creaci\u00f3n de una corporaci\u00f3n para cuidar el agua del arroyo Covunco","robots":{"index":"index","follow":"follow","max-snippet":"max-snippet:-1","max-image-preview":"max-image-preview:large","max-video-preview":"max-video-preview:-1"},"canonical":"https:\/\/patagoniambiental.com.ar\/info\/mariano-moreno-impulsa-la-creacion-de-una-corporacion-para-cuidar-el-agua-del-arroyo-covunco\/","og_locale":"es_ES","og_type":"article","og_title":"Mariano Moreno impulsa la creaci\u00f3n de una corporaci\u00f3n para cuidar el agua del arroyo Covunco","og_url":"https:\/\/patagoniambiental.com.ar\/info\/mariano-moreno-impulsa-la-creacion-de-una-corporacion-para-cuidar-el-agua-del-arroyo-covunco\/","og_site_name":"Patagonia Ambiental","article_publisher":"https:\/\/www.facebook.com\/patagonia.ambiental","article_author":"https:\/\/www.facebook.com\/share\/1C1V8Gv9BX\/?mibextid=qi2Omg","article_published_time":"2024-02-19T22:00:00+00:00","og_image":[{"width":759,"height":504,"url":"https:\/\/patagoniambiental.com.ar\/info\/wp-content\/uploads\/2024\/02\/Sin-titulo-15.png","type":"image\/png"}],"author":"Patagonia Ambiental","twitter_card":"summary_large_image","twitter_creator":"@PatAmb","twitter_site":"@PatAmb","schema":{"@context":"https:\/\/schema.org","@graph":[{"@type":"Article","@id":"https:\/\/patagoniambiental.com.ar\/info\/mariano-moreno-impulsa-la-creacion-de-una-corporacion-para-cuidar-el-agua-del-arroyo-covunco\/#article","isPartOf":{"@id":"https:\/\/patagoniambiental.com.ar\/info\/mariano-moreno-impulsa-la-creacion-de-una-corporacion-para-cuidar-el-agua-del-arroyo-covunco\/"},"author":{"name":"Patagonia Ambiental","@id":"https:\/\/patagoniambiental.com.ar\/info\/#\/schema\/person\/db12bff64bbcbf6a253710bf0ea37b5d"},"headline":"Mariano Moreno impulsa la creaci\u00f3n de una corporaci\u00f3n para cuidar el agua del arroyo Covunco","datePublished":"2024-02-19T22:00:00+00:00","mainEntityOfPage":{"@id":"https:\/\/patagoniambiental.com.ar\/info\/mariano-moreno-impulsa-la-creacion-de-una-corporacion-para-cuidar-el-agua-del-arroyo-covunco\/"},"wordCount":967,"commentCount":0,"publisher":{"@id":"https:\/\/patagoniambiental.com.ar\/info\/#organization"},"image":{"@id":"https:\/\/patagoniambiental.com.ar\/info\/mariano-moreno-impulsa-la-creacion-de-una-corporacion-para-cuidar-el-agua-del-arroyo-covunco\/#primaryimage"},"thumbnailUrl":"https:\/\/patagoniambiental.com.ar\/info\/wp-content\/uploads\/2024\/02\/Sin-titulo-15.png","articleSection":["Provinciales","Rotador"],"inLanguage":"es","potentialAction":[{"@type":"CommentAction","name":"Comment","target":["https:\/\/patagoniambiental.com.ar\/info\/mariano-moreno-impulsa-la-creacion-de-una-corporacion-para-cuidar-el-agua-del-arroyo-covunco\/#respond"]}]},{"@type":"WebPage","@id":"https:\/\/patagoniambiental.com.ar\/info\/mariano-moreno-impulsa-la-creacion-de-una-corporacion-para-cuidar-el-agua-del-arroyo-covunco\/","url":"https:\/\/patagoniambiental.com.ar\/info\/mariano-moreno-impulsa-la-creacion-de-una-corporacion-para-cuidar-el-agua-del-arroyo-covunco\/","name":"Mariano Moreno impulsa la creaci\u00f3n de una corporaci\u00f3n para cuidar el agua del arroyo Covunco","isPartOf":{"@id":"https:\/\/patagoniambiental.com.ar\/info\/#website"},"primaryImageOfPage":{"@id":"https:\/\/patagoniambiental.com.ar\/info\/mariano-moreno-impulsa-la-creacion-de-una-corporacion-para-cuidar-el-agua-del-arroyo-covunco\/#primaryimage"},"image":{"@id":"https:\/\/patagoniambiental.com.ar\/info\/mariano-moreno-impulsa-la-creacion-de-una-corporacion-para-cuidar-el-agua-del-arroyo-covunco\/#primaryimage"},"thumbnailUrl":"https:\/\/patagoniambiental.com.ar\/info\/wp-content\/uploads\/2024\/02\/Sin-titulo-15.png","datePublished":"2024-02-19T22:00:00+00:00","breadcrumb":{"@id":"https:\/\/patagoniambiental.com.ar\/info\/mariano-moreno-impulsa-la-creacion-de-una-corporacion-para-cuidar-el-agua-del-arroyo-covunco\/#breadcrumb"},"inLanguage":"es","potentialAction":[{"@type":"ReadAction","target":["https:\/\/patagoniambiental.com.ar\/info\/mariano-moreno-impulsa-la-creacion-de-una-corporacion-para-cuidar-el-agua-del-arroyo-covunco\/"]}]},{"@type":"ImageObject","inLanguage":"es","@id":"https:\/\/patagoniambiental.com.ar\/info\/mariano-moreno-impulsa-la-creacion-de-una-corporacion-para-cuidar-el-agua-del-arroyo-covunco\/#primaryimage","url":"https:\/\/patagoniambiental.com.ar\/info\/wp-content\/uploads\/2024\/02\/Sin-titulo-15.png","contentUrl":"https:\/\/patagoniambiental.com.ar\/info\/wp-content\/uploads\/2024\/02\/Sin-titulo-15.png","width":759,"height":504},{"@type":"BreadcrumbList","@id":"https:\/\/patagoniambiental.com.ar\/info\/mariano-moreno-impulsa-la-creacion-de-una-corporacion-para-cuidar-el-agua-del-arroyo-covunco\/#breadcrumb","itemListElement":[{"@type":"ListItem","position":1,"name":"Inicio","item":"https:\/\/patagoniambiental.com.ar\/info\/"},{"@type":"ListItem","position":2,"name":"Mariano Moreno impulsa la creaci\u00f3n de una corporaci\u00f3n para cuidar el agua del arroyo Covunco"}]},{"@type":"WebSite","@id":"https:\/\/patagoniambiental.com.ar\/info\/#website","url":"https:\/\/patagoniambiental.com.ar\/info\/","name":"Patagonia Ambiental","description":"Monitoreo y an\u00e1lisis de la situaci\u00f3n geopol\u00edtica en el mundo y su implicancia en la Patagonia","publisher":{"@id":"https:\/\/patagoniambiental.com.ar\/info\/#organization"},"potentialAction":[{"@type":"SearchAction","target":{"@type":"EntryPoint","urlTemplate":"https:\/\/patagoniambiental.com.ar\/info\/?s={search_term_string}"},"query-input":{"@type":"PropertyValueSpecification","valueRequired":true,"valueName":"search_term_string"}}],"inLanguage":"es"},{"@type":"Organization","@id":"https:\/\/patagoniambiental.com.ar\/info\/#organization","name":"Patagonia Ambiental","url":"https:\/\/patagoniambiental.com.ar\/info\/","logo":{"@type":"ImageObject","inLanguage":"es","@id":"https:\/\/patagoniambiental.com.ar\/info\/#\/schema\/logo\/image\/","url":"https:\/\/patagoniambiental.com.ar\/info\/wp-content\/uploads\/2025\/05\/LOGO-PATAGONIA-AMBIENTAL.png","contentUrl":"https:\/\/patagoniambiental.com.ar\/info\/wp-content\/uploads\/2025\/05\/LOGO-PATAGONIA-AMBIENTAL.png","width":433,"height":250,"caption":"Patagonia Ambiental"},"image":{"@id":"https:\/\/patagoniambiental.com.ar\/info\/#\/schema\/logo\/image\/"},"sameAs":["https:\/\/www.facebook.com\/patagonia.ambiental","https:\/\/x.com\/PatAmb"]},{"@type":"Person","@id":"https:\/\/patagoniambiental.com.ar\/info\/#\/schema\/person\/db12bff64bbcbf6a253710bf0ea37b5d","name":"Patagonia Ambiental","description":"Andr\u00e9s Nievas T\u00e9cnico en manejo ambiental, consultor Ambiental y escritor para medios locales e internacionales sobre temas de geopolitica y medio ambiente.","sameAs":["http:\/\/www.patagoniambiental.com.ar","https:\/\/www.facebook.com\/share\/1C1V8Gv9BX\/?mibextid=qi2Omg","@patagoniambiental","https:\/\/youtube.com\/@patagoniaambiental2023?si=BLt58t0wuXquxlYZ"]}]}},"_links":{"self":[{"href":"https:\/\/patagoniambiental.com.ar\/info\/wp-json\/wp\/v2\/posts\/79882","targetHints":{"allow":["GET"]}}],"collection":[{"href":"https:\/\/patagoniambiental.com.ar\/info\/wp-json\/wp\/v2\/posts"}],"about":[{"href":"https:\/\/patagoniambiental.com.ar\/info\/wp-json\/wp\/v2\/types\/post"}],"author":[{"embeddable":true,"href":"https:\/\/patagoniambiental.com.ar\/info\/wp-json\/wp\/v2\/users\/2"}],"replies":[{"embeddable":true,"href":"https:\/\/patagoniambiental.com.ar\/info\/wp-json\/wp\/v2\/comments?post=79882"}],"version-history":[{"count":0,"href":"https:\/\/patagoniambiental.com.ar\/info\/wp-json\/wp\/v2\/posts\/79882\/revisions"}],"wp:featuredmedia":[{"embeddable":true,"href":"https:\/\/patagoniambiental.com.ar\/info\/wp-json\/wp\/v2\/media\/79883"}],"wp:attachment":[{"href":"https:\/\/patagoniambiental.com.ar\/info\/wp-json\/wp\/v2\/media?parent=79882"}],"wp:term":[{"taxonomy":"category","embeddable":true,"href":"https:\/\/patagoniambiental.com.ar\/info\/wp-json\/wp\/v2\/categories?post=79882"},{"taxonomy":"post_tag","embeddable":true,"href":"https:\/\/patagoniambiental.com.ar\/info\/wp-json\/wp\/v2\/tags?post=79882"}],"curies":[{"name":"wp","href":"https:\/\/api.w.org\/{rel}","templated":true}]}}