{"id":79919,"date":"2026-01-26T07:00:00","date_gmt":"2026-01-26T10:00:00","guid":{"rendered":"https:\/\/patagoniambiental.com.ar\/info\/?p=79919"},"modified":"2026-01-21T14:03:03","modified_gmt":"2026-01-21T17:03:03","slug":"conoce-el-museo-provincial-maria-ines-koop-de-valcheta","status":"publish","type":"post","link":"https:\/\/patagoniambiental.com.ar\/info\/conoce-el-museo-provincial-maria-ines-koop-de-valcheta\/","title":{"rendered":"Descubre el museo \u201cMar\u00eda In\u00e9s Koop\u201d en Valcheta: El Tesoro cultural y cient\u00edfico que Todo turista patag\u00f3nico debe visitar!"},"content":{"rendered":"\n<!--more-->\n\n\n\n<p><img decoding=\"async\" srcset=\"\/_next\/image?url=https%3A%2F%2Fsilvercoder.rionegro.gov.ar%2Ffiles%2F1708428998_70dc41f4c7d11c4041f0.jpg&amp;w=640&amp;q=75 640w, \/_next\/image?url=https%3A%2F%2Fsilvercoder.rionegro.gov.ar%2Ffiles%2F1708428998_70dc41f4c7d11c4041f0.jpg&amp;w=750&amp;q=75 750w, \/_next\/image?url=https%3A%2F%2Fsilvercoder.rionegro.gov.ar%2Ffiles%2F1708428998_70dc41f4c7d11c4041f0.jpg&amp;w=828&amp;q=75 828w, \/_next\/image?url=https%3A%2F%2Fsilvercoder.rionegro.gov.ar%2Ffiles%2F1708428998_70dc41f4c7d11c4041f0.jpg&amp;w=1080&amp;q=75 1080w, \/_next\/image?url=https%3A%2F%2Fsilvercoder.rionegro.gov.ar%2Ffiles%2F1708428998_70dc41f4c7d11c4041f0.jpg&amp;w=1200&amp;q=75 1200w, \/_next\/image?url=https%3A%2F%2Fsilvercoder.rionegro.gov.ar%2Ffiles%2F1708428998_70dc41f4c7d11c4041f0.jpg&amp;w=1920&amp;q=75 1920w, \/_next\/image?url=https%3A%2F%2Fsilvercoder.rionegro.gov.ar%2Ffiles%2F1708428998_70dc41f4c7d11c4041f0.jpg&amp;w=2048&amp;q=75 2048w, \/_next\/image?url=https%3A%2F%2Fsilvercoder.rionegro.gov.ar%2Ffiles%2F1708428998_70dc41f4c7d11c4041f0.jpg&amp;w=3840&amp;q=75 3840w\" src=\"https:\/\/prensa.rionegro.gov.ar\/_next\/image?url=https%3A%2F%2Fsilvercoder.rionegro.gov.ar%2Ffiles%2F1708428998_70dc41f4c7d11c4041f0.jpg&amp;w=3840&amp;q=75\" alt=\"\"><\/p>\n\n\n\n<p>Valcheta, Rio Negro, 26 de enero de 2926. Si alguna vez has recorrido la Patagonia y te has preguntado d\u00f3nde se esconde la historia, la arqueolog\u00eda y la paleontolog\u00eda de la regi\u00f3n sur de R\u00edo Negro, el <strong>Museo Provincial \u201cMar\u00eda In\u00e9s Koop\u201d<\/strong> es una parada obligatoria. Ubicado en la localidad de Valcheta, al pie de la majestuosa <strong>Meseta de Somuncura<\/strong>, este museo es mucho m\u00e1s que un simple espacio de exhibici\u00f3n: es un lugar donde convergen la ciencia, la cultura y la memoria hist\u00f3rica de la regi\u00f3n. Fundado el <strong>5 de octubre de 1978<\/strong>, forma parte de la <strong>Red de Museos de R\u00edo Negro<\/strong>, bajo la supervisi\u00f3n directa de la <strong>Secretar\u00eda de Cultura<\/strong>, lo que garantiza su relevancia y respaldo institucional.<\/p>\n\n\n\n<p><strong>Un Recorrido por la Historia y la Geolog\u00eda de la Patagonia<\/strong><\/p>\n\n\n\n<p>El museo se destaca por su car\u00e1cter pluridisciplinario, integrando colecciones <strong>geol\u00f3gicas, paleontol\u00f3gicas, arqueol\u00f3gicas e hist\u00f3ricas<\/strong>. Quienes lo visitan no solo descubren minerales y f\u00f3siles, sino que tambi\u00e9n se sumergen en la historia de los primeros pobladores y de los inmigrantes que dieron forma a Valcheta y sus alrededores. Entre sus salas se pueden admirar <strong>minerales de tipo industrial y metal\u00edfero<\/strong>, f\u00f3siles marinos, huevos y huesos de dinosaurios, improntas de plantas y herramientas arqueol\u00f3gicas utilizadas por pueblos originarios.<\/p>\n\n\n\n<p>Cada objeto cuenta una historia y ofrece un puente entre el pasado remoto y el presente, convirtiendo al museo en un espacio educativo, cient\u00edfico y cultural que atrae tanto a turistas como a investigadores y amantes de la historia regional.<\/p>\n\n\n\n<p><strong>Horarios y Ubicaci\u00f3n: C\u00f3mo Planificar Tu Visita<\/strong><\/p>\n\n\n\n<p>El <strong>Museo Mar\u00eda In\u00e9s Koop<\/strong> est\u00e1 estrat\u00e9gicamente ubicado en la esquina de Gobernador Pagano y Roca, en pleno centro de Valcheta, lo que facilita el acceso para visitantes locales y turistas de paso. Su horario es amplio y flexible: de lunes a viernes de 8:30 a 13:30 y de 14:30 a 17:30 horas, mientras que s\u00e1bados, domingos y feriados abre de 10:00 a 13:00 y de 15:00 a 18:00 horas. Planificar tu visita es sencillo y garantiza una experiencia completa, donde cada sala ofrece detalles fascinantes de la geograf\u00eda, la historia y la vida cultural de la Patagonia.<\/p>\n\n\n\n<p><strong>Las Colecciones Geol\u00f3gicas: Un Viaje a la Formaci\u00f3n de la Regi\u00f3n<\/strong><\/p>\n\n\n\n<p>La secci\u00f3n geol\u00f3gica del museo alberga una impresionante variedad de minerales locales y nacionales. Desde rocas industriales hasta metales, cada pieza refleja procesos geol\u00f3gicos que se remontan a millones de a\u00f1os. Esta colecci\u00f3n es especialmente atractiva para estudiantes, ge\u00f3logos aficionados y turistas que buscan comprender c\u00f3mo se form\u00f3 la <strong>Meseta de Somuncura<\/strong> y los paisajes circundantes. Adem\u00e1s, cada mineral incluye informaci\u00f3n detallada sobre su origen, composici\u00f3n y uso potencial, ofreciendo un valor educativo que va m\u00e1s all\u00e1 de la mera contemplaci\u00f3n visual.<\/p>\n\n\n\n<p><strong>Paleontolog\u00eda y Dinosaurios: Historia Viva de la Patagonia<\/strong><\/p>\n\n\n\n<p>Uno de los mayores atractivos del museo es su <strong>colecci\u00f3n paleontol\u00f3gica<\/strong>, que incluye f\u00f3siles marinos, huevos y huesos de dinosaurios, y restos vegetales fosilizados. Estos elementos permiten a los visitantes viajar en el tiempo y entender c\u00f3mo era la vida en la Patagonia hace millones de a\u00f1os. La exposici\u00f3n no solo muestra los f\u00f3siles, sino que tambi\u00e9n explica su importancia cient\u00edfica y el contexto hist\u00f3rico de los hallazgos, fomentando la curiosidad y la educaci\u00f3n ambiental.<\/p>\n\n\n\n<p><strong>Arqueolog\u00eda: Huellas de los Primeros Habitantes<\/strong><\/p>\n\n\n\n<p>El museo tambi\u00e9n preserva un valioso <strong>patrimonio arqueol\u00f3gico<\/strong>, mostrando restos de herramientas y objetos utilizados por los pueblos originarios. Cada pieza cuenta la historia de c\u00f3mo estas comunidades vivieron, trabajaron y se adaptaron al entorno de la regi\u00f3n sur de R\u00edo Negro. Para investigadores y turistas interesados en la cultura ancestral, estas colecciones ofrecen una ventana \u00fanica a la vida de los primeros habitantes de Valcheta y sus alrededores.<\/p>\n\n\n\n<p><strong>Historia Moderna: Recuerdos de los Primeros Inmigrantes<\/strong><\/p>\n\n\n\n<p>En la secci\u00f3n hist\u00f3rica, se exhiben objetos de m\u00e1s de <strong>100 a\u00f1os de antig\u00fcedad<\/strong> pertenecientes a los primeros inmigrantes que se establecieron en Valcheta. Desde muebles hasta utensilios y documentos, cada elemento revela la vida cotidiana y los desaf\u00edos de quienes contribuyeron a la formaci\u00f3n de la comunidad local. Esta perspectiva hist\u00f3rica complementa la parte cient\u00edfica del museo, creando un recorrido completo por la historia natural y humana de la regi\u00f3n.<\/p>\n\n\n\n<p><strong>Experiencia del Visitante: Educaci\u00f3n y Turismo Cultural<\/strong><\/p>\n\n\n\n<p>Visitar el Museo Mar\u00eda In\u00e9s Koop no es solo observar objetos; es vivir una experiencia educativa. Los gu\u00edas del museo proporcionan explicaciones detalladas, respondiendo preguntas de estudiantes, turistas y familias. La combinaci\u00f3n de exposiciones interactivas, informaci\u00f3n precisa y espacios bien iluminados asegura que cada visita sea enriquecedora y memorable.<\/p>\n\n\n\n<p><strong>Conexi\u00f3n con la Regi\u00f3n Sur<\/strong><\/p>\n\n\n\n<p>El museo no funciona de manera aislada; est\u00e1 conectado con otras \u00e1reas naturales y patrimoniales de Valcheta y la regi\u00f3n sur de R\u00edo Negro. Por ejemplo, el <strong>\u00c1rea Natural Protegida \u201cBosque Petrificado\u201d<\/strong> complementa la experiencia al mostrar f\u00f3siles y restos vegetales a gran escala. Esta integraci\u00f3n entre museo y naturaleza fortalece la oferta tur\u00edstica de la regi\u00f3n y posiciona a Valcheta como un destino cultural y cient\u00edfico de inter\u00e9s nacional e internacional.<\/p>\n\n\n\n<p><\/p>\n","protected":false},"excerpt":{"rendered":"","protected":false},"author":2,"featured_media":100366,"comment_status":"open","ping_status":"open","sticky":false,"template":"","format":"standard","meta":{"site-sidebar-layout":"default","site-content-layout":"","ast-site-content-layout":"default","site-content-style":"default","site-sidebar-style":"default","ast-global-header-display":"","ast-banner-title-visibility":"","ast-main-header-display":"","ast-hfb-above-header-display":"","ast-hfb-below-header-display":"","ast-hfb-mobile-header-display":"","site-post-title":"","ast-breadcrumbs-content":"","ast-featured-img":"","footer-sml-layout":"","ast-disable-related-posts":"","theme-transparent-header-meta":"","adv-header-id-meta":"","stick-header-meta":"","header-above-stick-meta":"","header-main-stick-meta":"","header-below-stick-meta":"","astra-migrate-meta-layouts":"default","ast-page-background-enabled":"default","ast-page-background-meta":{"desktop":{"background-color":"var(--ast-global-color-5)","background-image":"","background-repeat":"repeat","background-position":"center center","background-size":"auto","background-attachment":"scroll","background-type":"","background-media":"","overlay-type":"","overlay-color":"","overlay-opacity":"","overlay-gradient":""},"tablet":{"background-color":"","background-image":"","background-repeat":"repeat","background-position":"center center","background-size":"auto","background-attachment":"scroll","background-type":"","background-media":"","overlay-type":"","overlay-color":"","overlay-opacity":"","overlay-gradient":""},"mobile":{"background-color":"","background-image":"","background-repeat":"repeat","background-position":"center center","background-size":"auto","background-attachment":"scroll","background-type":"","background-media":"","overlay-type":"","overlay-color":"","overlay-opacity":"","overlay-gradient":""}},"ast-content-background-meta":{"desktop":{"background-color":"var(--ast-global-color-4)","background-image":"","background-repeat":"repeat","background-position":"center center","background-size":"auto","background-attachment":"scroll","background-type":"","background-media":"","overlay-type":"","overlay-color":"","overlay-opacity":"","overlay-gradient":""},"tablet":{"background-color":"var(--ast-global-color-4)","background-image":"","background-repeat":"repeat","background-position":"center center","background-size":"auto","background-attachment":"scroll","background-type":"","background-media":"","overlay-type":"","overlay-color":"","overlay-opacity":"","overlay-gradient":""},"mobile":{"background-color":"var(--ast-global-color-4)","background-image":"","background-repeat":"repeat","background-position":"center center","background-size":"auto","background-attachment":"scroll","background-type":"","background-media":"","overlay-type":"","overlay-color":"","overlay-opacity":"","overlay-gradient":""}},"footnotes":""},"categories":[1,13,3452],"tags":[],"class_list":["post-79919","post","type-post","status-publish","format-standard","has-post-thumbnail","hentry","category-noticias","category-provinciales","category-turismo-ecologico"],"yoast_head":"<!-- This site is optimized with the Yoast SEO Premium plugin v23.0 (Yoast SEO v27.5) - https:\/\/yoast.com\/product\/yoast-seo-premium-wordpress\/ -->\n<title>Descubre el museo \u201cMar\u00eda In\u00e9s Koop\u201d en Valcheta: El Tesoro cultural y cient\u00edfico que Todo turista patag\u00f3nico debe visitar! Si alguna vez has recorrido la Patagonia y te has preguntado d\u00f3nde se esconde la historia, la arqueolog\u00eda y la paleontolog\u00eda<\/title>\n<meta name=\"description\" content=\"Si alguna vez has recorrido la Patagonia y te has preguntado d\u00f3nde se esconde la historia, la arqueolog\u00eda y la paleontolog\u00eda\" \/>\n<meta name=\"robots\" content=\"index, follow, max-snippet:-1, max-image-preview:large, max-video-preview:-1\" \/>\n<link rel=\"canonical\" href=\"https:\/\/patagoniambiental.com.ar\/info\/conoce-el-museo-provincial-maria-ines-koop-de-valcheta\/\" \/>\n<meta property=\"og:locale\" content=\"es_ES\" \/>\n<meta property=\"og:type\" content=\"article\" \/>\n<meta property=\"og:title\" content=\"Descubre el museo \u201cMar\u00eda In\u00e9s Koop\u201d en Valcheta: El Tesoro cultural y cient\u00edfico que Todo turista patag\u00f3nico debe visitar!\" \/>\n<meta property=\"og:description\" content=\"Si alguna vez has recorrido la Patagonia y te has preguntado d\u00f3nde se esconde la historia, la arqueolog\u00eda y la paleontolog\u00eda\" \/>\n<meta property=\"og:url\" content=\"https:\/\/patagoniambiental.com.ar\/info\/conoce-el-museo-provincial-maria-ines-koop-de-valcheta\/\" \/>\n<meta property=\"og:site_name\" content=\"Patagonia Ambiental\" \/>\n<meta property=\"article:publisher\" content=\"https:\/\/www.facebook.com\/patagonia.ambiental\" \/>\n<meta property=\"article:author\" content=\"https:\/\/www.facebook.com\/share\/1C1V8Gv9BX\/?mibextid=qi2Omg\" \/>\n<meta property=\"article:published_time\" content=\"2026-01-26T10:00:00+00:00\" \/>\n<meta property=\"og:image\" content=\"https:\/\/patagoniambiental.com.ar\/info\/wp-content\/uploads\/2026\/01\/1000231620.jpg\" \/>\n\t<meta property=\"og:image:width\" content=\"1024\" \/>\n\t<meta property=\"og:image:height\" content=\"585\" \/>\n\t<meta property=\"og:image:type\" content=\"image\/jpeg\" \/>\n<meta name=\"author\" content=\"Patagonia Ambiental\" \/>\n<meta name=\"twitter:card\" content=\"summary_large_image\" \/>\n<meta name=\"twitter:creator\" content=\"@PatAmb\" \/>\n<meta name=\"twitter:site\" content=\"@PatAmb\" \/>\n<script type=\"application\/ld+json\" class=\"yoast-schema-graph\">{\"@context\":\"https:\\\/\\\/schema.org\",\"@graph\":[{\"@type\":\"Article\",\"@id\":\"https:\\\/\\\/patagoniambiental.com.ar\\\/info\\\/conoce-el-museo-provincial-maria-ines-koop-de-valcheta\\\/#article\",\"isPartOf\":{\"@id\":\"https:\\\/\\\/patagoniambiental.com.ar\\\/info\\\/conoce-el-museo-provincial-maria-ines-koop-de-valcheta\\\/\"},\"author\":{\"name\":\"Patagonia Ambiental\",\"@id\":\"https:\\\/\\\/patagoniambiental.com.ar\\\/info\\\/#\\\/schema\\\/person\\\/db12bff64bbcbf6a253710bf0ea37b5d\"},\"headline\":\"Descubre el museo \u201cMar\u00eda In\u00e9s Koop\u201d en Valcheta: El Tesoro cultural y cient\u00edfico que Todo turista patag\u00f3nico debe visitar!\",\"datePublished\":\"2026-01-26T10:00:00+00:00\",\"mainEntityOfPage\":{\"@id\":\"https:\\\/\\\/patagoniambiental.com.ar\\\/info\\\/conoce-el-museo-provincial-maria-ines-koop-de-valcheta\\\/\"},\"wordCount\":918,\"commentCount\":0,\"publisher\":{\"@id\":\"https:\\\/\\\/patagoniambiental.com.ar\\\/info\\\/#organization\"},\"image\":{\"@id\":\"https:\\\/\\\/patagoniambiental.com.ar\\\/info\\\/conoce-el-museo-provincial-maria-ines-koop-de-valcheta\\\/#primaryimage\"},\"thumbnailUrl\":\"https:\\\/\\\/patagoniambiental.com.ar\\\/info\\\/wp-content\\\/uploads\\\/2026\\\/01\\\/1000231620.jpg\",\"articleSection\":[\"Noticias\",\"Provinciales\",\"Turismo Ecol\u00f3gico\"],\"inLanguage\":\"es\",\"potentialAction\":[{\"@type\":\"CommentAction\",\"name\":\"Comment\",\"target\":[\"https:\\\/\\\/patagoniambiental.com.ar\\\/info\\\/conoce-el-museo-provincial-maria-ines-koop-de-valcheta\\\/#respond\"]}]},{\"@type\":\"WebPage\",\"@id\":\"https:\\\/\\\/patagoniambiental.com.ar\\\/info\\\/conoce-el-museo-provincial-maria-ines-koop-de-valcheta\\\/\",\"url\":\"https:\\\/\\\/patagoniambiental.com.ar\\\/info\\\/conoce-el-museo-provincial-maria-ines-koop-de-valcheta\\\/\",\"name\":\"Descubre el museo \u201cMar\u00eda In\u00e9s Koop\u201d en Valcheta: El Tesoro cultural y cient\u00edfico que Todo turista patag\u00f3nico debe visitar! Si alguna vez has recorrido la Patagonia y te has preguntado d\u00f3nde se esconde la historia, la arqueolog\u00eda y la paleontolog\u00eda\",\"isPartOf\":{\"@id\":\"https:\\\/\\\/patagoniambiental.com.ar\\\/info\\\/#website\"},\"primaryImageOfPage\":{\"@id\":\"https:\\\/\\\/patagoniambiental.com.ar\\\/info\\\/conoce-el-museo-provincial-maria-ines-koop-de-valcheta\\\/#primaryimage\"},\"image\":{\"@id\":\"https:\\\/\\\/patagoniambiental.com.ar\\\/info\\\/conoce-el-museo-provincial-maria-ines-koop-de-valcheta\\\/#primaryimage\"},\"thumbnailUrl\":\"https:\\\/\\\/patagoniambiental.com.ar\\\/info\\\/wp-content\\\/uploads\\\/2026\\\/01\\\/1000231620.jpg\",\"datePublished\":\"2026-01-26T10:00:00+00:00\",\"description\":\"Si alguna vez has recorrido la Patagonia y te has preguntado d\u00f3nde se esconde la historia, la arqueolog\u00eda y la paleontolog\u00eda\",\"breadcrumb\":{\"@id\":\"https:\\\/\\\/patagoniambiental.com.ar\\\/info\\\/conoce-el-museo-provincial-maria-ines-koop-de-valcheta\\\/#breadcrumb\"},\"inLanguage\":\"es\",\"potentialAction\":[{\"@type\":\"ReadAction\",\"target\":[\"https:\\\/\\\/patagoniambiental.com.ar\\\/info\\\/conoce-el-museo-provincial-maria-ines-koop-de-valcheta\\\/\"]}]},{\"@type\":\"ImageObject\",\"inLanguage\":\"es\",\"@id\":\"https:\\\/\\\/patagoniambiental.com.ar\\\/info\\\/conoce-el-museo-provincial-maria-ines-koop-de-valcheta\\\/#primaryimage\",\"url\":\"https:\\\/\\\/patagoniambiental.com.ar\\\/info\\\/wp-content\\\/uploads\\\/2026\\\/01\\\/1000231620.jpg\",\"contentUrl\":\"https:\\\/\\\/patagoniambiental.com.ar\\\/info\\\/wp-content\\\/uploads\\\/2026\\\/01\\\/1000231620.jpg\",\"width\":1024,\"height\":585,\"caption\":\"Imagen hecha con IA\"},{\"@type\":\"BreadcrumbList\",\"@id\":\"https:\\\/\\\/patagoniambiental.com.ar\\\/info\\\/conoce-el-museo-provincial-maria-ines-koop-de-valcheta\\\/#breadcrumb\",\"itemListElement\":[{\"@type\":\"ListItem\",\"position\":1,\"name\":\"Inicio\",\"item\":\"https:\\\/\\\/patagoniambiental.com.ar\\\/info\\\/\"},{\"@type\":\"ListItem\",\"position\":2,\"name\":\"Descubre el museo \u201cMar\u00eda In\u00e9s Koop\u201d en Valcheta: El Tesoro cultural y cient\u00edfico que Todo turista patag\u00f3nico debe visitar!\"}]},{\"@type\":\"WebSite\",\"@id\":\"https:\\\/\\\/patagoniambiental.com.ar\\\/info\\\/#website\",\"url\":\"https:\\\/\\\/patagoniambiental.com.ar\\\/info\\\/\",\"name\":\"Patagonia Ambiental\",\"description\":\"Monitoreo y an\u00e1lisis de la situaci\u00f3n geopol\u00edtica en el mundo y su implicancia en la Patagonia\",\"publisher\":{\"@id\":\"https:\\\/\\\/patagoniambiental.com.ar\\\/info\\\/#organization\"},\"potentialAction\":[{\"@type\":\"SearchAction\",\"target\":{\"@type\":\"EntryPoint\",\"urlTemplate\":\"https:\\\/\\\/patagoniambiental.com.ar\\\/info\\\/?s={search_term_string}\"},\"query-input\":{\"@type\":\"PropertyValueSpecification\",\"valueRequired\":true,\"valueName\":\"search_term_string\"}}],\"inLanguage\":\"es\"},{\"@type\":\"Organization\",\"@id\":\"https:\\\/\\\/patagoniambiental.com.ar\\\/info\\\/#organization\",\"name\":\"Patagonia Ambiental\",\"url\":\"https:\\\/\\\/patagoniambiental.com.ar\\\/info\\\/\",\"logo\":{\"@type\":\"ImageObject\",\"inLanguage\":\"es\",\"@id\":\"https:\\\/\\\/patagoniambiental.com.ar\\\/info\\\/#\\\/schema\\\/logo\\\/image\\\/\",\"url\":\"https:\\\/\\\/patagoniambiental.com.ar\\\/info\\\/wp-content\\\/uploads\\\/2025\\\/05\\\/LOGO-PATAGONIA-AMBIENTAL.png\",\"contentUrl\":\"https:\\\/\\\/patagoniambiental.com.ar\\\/info\\\/wp-content\\\/uploads\\\/2025\\\/05\\\/LOGO-PATAGONIA-AMBIENTAL.png\",\"width\":433,\"height\":250,\"caption\":\"Patagonia Ambiental\"},\"image\":{\"@id\":\"https:\\\/\\\/patagoniambiental.com.ar\\\/info\\\/#\\\/schema\\\/logo\\\/image\\\/\"},\"sameAs\":[\"https:\\\/\\\/www.facebook.com\\\/patagonia.ambiental\",\"https:\\\/\\\/x.com\\\/PatAmb\"]},{\"@type\":\"Person\",\"@id\":\"https:\\\/\\\/patagoniambiental.com.ar\\\/info\\\/#\\\/schema\\\/person\\\/db12bff64bbcbf6a253710bf0ea37b5d\",\"name\":\"Patagonia Ambiental\",\"description\":\"Andr\u00e9s Nievas T\u00e9cnico en manejo ambiental, consultor Ambiental y escritor para medios locales e internacionales sobre temas de geopolitica y medio ambiente.\",\"sameAs\":[\"http:\\\/\\\/www.patagoniambiental.com.ar\",\"https:\\\/\\\/www.facebook.com\\\/share\\\/1C1V8Gv9BX\\\/?mibextid=qi2Omg\",\"@patagoniambiental\",\"https:\\\/\\\/youtube.com\\\/@patagoniaambiental2023?si=BLt58t0wuXquxlYZ\"]}]}<\/script>\n<!-- \/ Yoast SEO Premium plugin. -->","yoast_head_json":{"title":"Descubre el museo \u201cMar\u00eda In\u00e9s Koop\u201d en Valcheta: El Tesoro cultural y cient\u00edfico que Todo turista patag\u00f3nico debe visitar! Si alguna vez has recorrido la Patagonia y te has preguntado d\u00f3nde se esconde la historia, la arqueolog\u00eda y la paleontolog\u00eda","description":"Si alguna vez has recorrido la Patagonia y te has preguntado d\u00f3nde se esconde la historia, la arqueolog\u00eda y la paleontolog\u00eda","robots":{"index":"index","follow":"follow","max-snippet":"max-snippet:-1","max-image-preview":"max-image-preview:large","max-video-preview":"max-video-preview:-1"},"canonical":"https:\/\/patagoniambiental.com.ar\/info\/conoce-el-museo-provincial-maria-ines-koop-de-valcheta\/","og_locale":"es_ES","og_type":"article","og_title":"Descubre el museo \u201cMar\u00eda In\u00e9s Koop\u201d en Valcheta: El Tesoro cultural y cient\u00edfico que Todo turista patag\u00f3nico debe visitar!","og_description":"Si alguna vez has recorrido la Patagonia y te has preguntado d\u00f3nde se esconde la historia, la arqueolog\u00eda y la paleontolog\u00eda","og_url":"https:\/\/patagoniambiental.com.ar\/info\/conoce-el-museo-provincial-maria-ines-koop-de-valcheta\/","og_site_name":"Patagonia Ambiental","article_publisher":"https:\/\/www.facebook.com\/patagonia.ambiental","article_author":"https:\/\/www.facebook.com\/share\/1C1V8Gv9BX\/?mibextid=qi2Omg","article_published_time":"2026-01-26T10:00:00+00:00","og_image":[{"width":1024,"height":585,"url":"https:\/\/patagoniambiental.com.ar\/info\/wp-content\/uploads\/2026\/01\/1000231620.jpg","type":"image\/jpeg"}],"author":"Patagonia Ambiental","twitter_card":"summary_large_image","twitter_creator":"@PatAmb","twitter_site":"@PatAmb","schema":{"@context":"https:\/\/schema.org","@graph":[{"@type":"Article","@id":"https:\/\/patagoniambiental.com.ar\/info\/conoce-el-museo-provincial-maria-ines-koop-de-valcheta\/#article","isPartOf":{"@id":"https:\/\/patagoniambiental.com.ar\/info\/conoce-el-museo-provincial-maria-ines-koop-de-valcheta\/"},"author":{"name":"Patagonia Ambiental","@id":"https:\/\/patagoniambiental.com.ar\/info\/#\/schema\/person\/db12bff64bbcbf6a253710bf0ea37b5d"},"headline":"Descubre el museo \u201cMar\u00eda In\u00e9s Koop\u201d en Valcheta: El Tesoro cultural y cient\u00edfico que Todo turista patag\u00f3nico debe visitar!","datePublished":"2026-01-26T10:00:00+00:00","mainEntityOfPage":{"@id":"https:\/\/patagoniambiental.com.ar\/info\/conoce-el-museo-provincial-maria-ines-koop-de-valcheta\/"},"wordCount":918,"commentCount":0,"publisher":{"@id":"https:\/\/patagoniambiental.com.ar\/info\/#organization"},"image":{"@id":"https:\/\/patagoniambiental.com.ar\/info\/conoce-el-museo-provincial-maria-ines-koop-de-valcheta\/#primaryimage"},"thumbnailUrl":"https:\/\/patagoniambiental.com.ar\/info\/wp-content\/uploads\/2026\/01\/1000231620.jpg","articleSection":["Noticias","Provinciales","Turismo Ecol\u00f3gico"],"inLanguage":"es","potentialAction":[{"@type":"CommentAction","name":"Comment","target":["https:\/\/patagoniambiental.com.ar\/info\/conoce-el-museo-provincial-maria-ines-koop-de-valcheta\/#respond"]}]},{"@type":"WebPage","@id":"https:\/\/patagoniambiental.com.ar\/info\/conoce-el-museo-provincial-maria-ines-koop-de-valcheta\/","url":"https:\/\/patagoniambiental.com.ar\/info\/conoce-el-museo-provincial-maria-ines-koop-de-valcheta\/","name":"Descubre el museo \u201cMar\u00eda In\u00e9s Koop\u201d en Valcheta: El Tesoro cultural y cient\u00edfico que Todo turista patag\u00f3nico debe visitar! Si alguna vez has recorrido la Patagonia y te has preguntado d\u00f3nde se esconde la historia, la arqueolog\u00eda y la paleontolog\u00eda","isPartOf":{"@id":"https:\/\/patagoniambiental.com.ar\/info\/#website"},"primaryImageOfPage":{"@id":"https:\/\/patagoniambiental.com.ar\/info\/conoce-el-museo-provincial-maria-ines-koop-de-valcheta\/#primaryimage"},"image":{"@id":"https:\/\/patagoniambiental.com.ar\/info\/conoce-el-museo-provincial-maria-ines-koop-de-valcheta\/#primaryimage"},"thumbnailUrl":"https:\/\/patagoniambiental.com.ar\/info\/wp-content\/uploads\/2026\/01\/1000231620.jpg","datePublished":"2026-01-26T10:00:00+00:00","description":"Si alguna vez has recorrido la Patagonia y te has preguntado d\u00f3nde se esconde la historia, la arqueolog\u00eda y la paleontolog\u00eda","breadcrumb":{"@id":"https:\/\/patagoniambiental.com.ar\/info\/conoce-el-museo-provincial-maria-ines-koop-de-valcheta\/#breadcrumb"},"inLanguage":"es","potentialAction":[{"@type":"ReadAction","target":["https:\/\/patagoniambiental.com.ar\/info\/conoce-el-museo-provincial-maria-ines-koop-de-valcheta\/"]}]},{"@type":"ImageObject","inLanguage":"es","@id":"https:\/\/patagoniambiental.com.ar\/info\/conoce-el-museo-provincial-maria-ines-koop-de-valcheta\/#primaryimage","url":"https:\/\/patagoniambiental.com.ar\/info\/wp-content\/uploads\/2026\/01\/1000231620.jpg","contentUrl":"https:\/\/patagoniambiental.com.ar\/info\/wp-content\/uploads\/2026\/01\/1000231620.jpg","width":1024,"height":585,"caption":"Imagen hecha con IA"},{"@type":"BreadcrumbList","@id":"https:\/\/patagoniambiental.com.ar\/info\/conoce-el-museo-provincial-maria-ines-koop-de-valcheta\/#breadcrumb","itemListElement":[{"@type":"ListItem","position":1,"name":"Inicio","item":"https:\/\/patagoniambiental.com.ar\/info\/"},{"@type":"ListItem","position":2,"name":"Descubre el museo \u201cMar\u00eda In\u00e9s Koop\u201d en Valcheta: El Tesoro cultural y cient\u00edfico que Todo turista patag\u00f3nico debe visitar!"}]},{"@type":"WebSite","@id":"https:\/\/patagoniambiental.com.ar\/info\/#website","url":"https:\/\/patagoniambiental.com.ar\/info\/","name":"Patagonia Ambiental","description":"Monitoreo y an\u00e1lisis de la situaci\u00f3n geopol\u00edtica en el mundo y su implicancia en la Patagonia","publisher":{"@id":"https:\/\/patagoniambiental.com.ar\/info\/#organization"},"potentialAction":[{"@type":"SearchAction","target":{"@type":"EntryPoint","urlTemplate":"https:\/\/patagoniambiental.com.ar\/info\/?s={search_term_string}"},"query-input":{"@type":"PropertyValueSpecification","valueRequired":true,"valueName":"search_term_string"}}],"inLanguage":"es"},{"@type":"Organization","@id":"https:\/\/patagoniambiental.com.ar\/info\/#organization","name":"Patagonia Ambiental","url":"https:\/\/patagoniambiental.com.ar\/info\/","logo":{"@type":"ImageObject","inLanguage":"es","@id":"https:\/\/patagoniambiental.com.ar\/info\/#\/schema\/logo\/image\/","url":"https:\/\/patagoniambiental.com.ar\/info\/wp-content\/uploads\/2025\/05\/LOGO-PATAGONIA-AMBIENTAL.png","contentUrl":"https:\/\/patagoniambiental.com.ar\/info\/wp-content\/uploads\/2025\/05\/LOGO-PATAGONIA-AMBIENTAL.png","width":433,"height":250,"caption":"Patagonia Ambiental"},"image":{"@id":"https:\/\/patagoniambiental.com.ar\/info\/#\/schema\/logo\/image\/"},"sameAs":["https:\/\/www.facebook.com\/patagonia.ambiental","https:\/\/x.com\/PatAmb"]},{"@type":"Person","@id":"https:\/\/patagoniambiental.com.ar\/info\/#\/schema\/person\/db12bff64bbcbf6a253710bf0ea37b5d","name":"Patagonia Ambiental","description":"Andr\u00e9s Nievas T\u00e9cnico en manejo ambiental, consultor Ambiental y escritor para medios locales e internacionales sobre temas de geopolitica y medio ambiente.","sameAs":["http:\/\/www.patagoniambiental.com.ar","https:\/\/www.facebook.com\/share\/1C1V8Gv9BX\/?mibextid=qi2Omg","@patagoniambiental","https:\/\/youtube.com\/@patagoniaambiental2023?si=BLt58t0wuXquxlYZ"]}]}},"_links":{"self":[{"href":"https:\/\/patagoniambiental.com.ar\/info\/wp-json\/wp\/v2\/posts\/79919","targetHints":{"allow":["GET"]}}],"collection":[{"href":"https:\/\/patagoniambiental.com.ar\/info\/wp-json\/wp\/v2\/posts"}],"about":[{"href":"https:\/\/patagoniambiental.com.ar\/info\/wp-json\/wp\/v2\/types\/post"}],"author":[{"embeddable":true,"href":"https:\/\/patagoniambiental.com.ar\/info\/wp-json\/wp\/v2\/users\/2"}],"replies":[{"embeddable":true,"href":"https:\/\/patagoniambiental.com.ar\/info\/wp-json\/wp\/v2\/comments?post=79919"}],"version-history":[{"count":1,"href":"https:\/\/patagoniambiental.com.ar\/info\/wp-json\/wp\/v2\/posts\/79919\/revisions"}],"predecessor-version":[{"id":100365,"href":"https:\/\/patagoniambiental.com.ar\/info\/wp-json\/wp\/v2\/posts\/79919\/revisions\/100365"}],"wp:featuredmedia":[{"embeddable":true,"href":"https:\/\/patagoniambiental.com.ar\/info\/wp-json\/wp\/v2\/media\/100366"}],"wp:attachment":[{"href":"https:\/\/patagoniambiental.com.ar\/info\/wp-json\/wp\/v2\/media?parent=79919"}],"wp:term":[{"taxonomy":"category","embeddable":true,"href":"https:\/\/patagoniambiental.com.ar\/info\/wp-json\/wp\/v2\/categories?post=79919"},{"taxonomy":"post_tag","embeddable":true,"href":"https:\/\/patagoniambiental.com.ar\/info\/wp-json\/wp\/v2\/tags?post=79919"}],"curies":[{"name":"wp","href":"https:\/\/api.w.org\/{rel}","templated":true}]}}