{"id":79923,"date":"2024-02-20T19:00:00","date_gmt":"2024-02-20T22:00:00","guid":{"rendered":"https:\/\/patagoniambiental.com.ar\/info\/?p=79923"},"modified":"2024-08-14T10:17:37","modified_gmt":"2024-08-14T13:17:37","slug":"presentaron-el-circuito-turistico-binacional-ruta-del-fuego","status":"publish","type":"post","link":"https:\/\/patagoniambiental.com.ar\/info\/presentaron-el-circuito-turistico-binacional-ruta-del-fuego\/","title":{"rendered":"Presentaron el circuito tur\u00edstico binacional \u2018Ruta del Fuego\u2019"},"content":{"rendered":"\n<!--more-->\n\n\n\n<p>Funcionarios argentinos y chilenos dieron forma al convenio de promoci\u00f3n tur\u00edstica en colaboraci\u00f3n, que involucra a todas las localidades fueguinas, de uno y otro lado de la frontera.<\/p>\n\n\n\n<p>En un acto del que participaron funcionarios del sector tur\u00edstico tanto de la Tierra del Fuego argentina como de Chile, se cncret\u00f3 la presentaci\u00f3n de la \u2018Ruta del Fuego\u2019, circuito tur\u00edstico que apunta al desarrollo de las localidades de ambos pa\u00edses, ubicada en la Isla Grande de Tierra del Fuego.<\/p>\n\n\n\n<p>La iniciativa, que se desarrolla en conjunto por el Consulado de Chile, la C\u00e1mara de Comercio, Industria y Producci\u00f3n de R\u00edo Grande, cuenta con el acompa\u00f1amiento del Gobierno de la Provincia y el Municipio de R\u00edo Grande, al igual que las Comunas de Porvenir, Cerro Sombrero y Timaukel.<\/p>\n\n\n\n<p>Participaron de la presentaci\u00f3n el C\u00f3nsul General de Chile en R\u00edo Grande y Tolhuin, Lic. Roberto Ru\u00edz Pirac\u00e9s; el presidente del InFueTur, Dante Querciali, el Alcalde de Timaukel, Lu\u00eds Barr\u00eda Andrade, el Secretario de Gesti\u00f3n Ciudadana del Municipio de R\u00edo Grande, Gonzalo Ferro y Anal\u00eda Bello, integrante de la CCIP y operadora tur\u00edstica internacional, quien tuvo a su cargo la presentaci\u00f3n de los detalles de este circuito tur\u00edstico.<\/p>\n\n\n\n<p>Estuvieron presentes tambi\u00e9n el presidente de la C\u00e1mara de Comercio de R\u00edo Grande (sede del acto) Jos\u00e9 Luis Iglesias, Alejandra Montelongo, subsecretaria de Turismo y Facundo Armas, subsecretario de Desarrollo Productivo y Planificaci\u00f3n, ambos del Municipio de R\u00edo Grande.<\/p>\n\n\n\n<p>A su vez, los alcaldes de Porvenir y de Cerro Sombrero, Jos\u00e9 Gabriel Parada Aguilar y Blagomir Fernando Brztilo Avenda\u00f1o, respectivamente, intervinieron en forma virtual.<\/p>\n\n\n\n<p>El titular del InFueTur Dante Querciali hizo entrega a los impulsores de la \u2018Ruta del Fuego\u2019, de la Declaraci\u00f3n de Inter\u00e9s Provincial a este circuito binacional.<\/p>\n\n\n\n<figure class=\"wp-block-image\"><img decoding=\"async\" src=\"https:\/\/www.radiofueguina.com\/wp-content\/uploads\/2024\/02\/ruta-de-fuego.jpg\" alt=\"\" class=\"wp-image-467173\"\/><\/figure>\n\n\n\n<div style=\"height:100px\" aria-hidden=\"true\" class=\"wp-block-spacer\"><\/div>\n\n\n\n<h2 class=\"wp-block-heading\" id=\"h-mas-alla-de-lo-turistico-y-comercial\">\u201cM\u00e1s all\u00e1 de lo tur\u00edstico y comercial\u201d<\/h2>\n\n\n\n<p>Anal\u00eda Bello se radic\u00f3 en Sud\u00e1frica, donde adquiri\u00f3 experiencia en el turismo internacional, y al volver a R\u00edo Grande, tom\u00f3 con entusiasmo el proyecto de la Ruta del Fuego.<\/p>\n\n\n\n<p>\u201cAunque no he nacido en Tierra del Fuego, aprend\u00ed a quererla a trav\u00e9s de mis padres, como ustedes saben, quienes establecieron aqu\u00ed en R\u00edo Grande en 1978. Pero mi experiencia adquirida en la industria del turismo, por m\u00e1s de 35 a\u00f1os, la realic\u00e9 en Sud\u00e1frica. Como operador tur\u00edstico receptivo, o com\u00fanmente llamado una compa\u00f1\u00eda de desarrollo tur\u00edstico y hoy me enorgullece presentarles el circuito binacional \u2018Ruta del Fuego\u2019, que m\u00e1s que un circuito tur\u00edstico, es una identificaci\u00f3n que hace referencia a la isla grande de Tierra del Fuego en el mundo\u201d, dijo en la introducci\u00f3n.<\/p>\n\n\n\n<p>Agreg\u00f3 que \u201crepresenta a dos queridos pa\u00edses, Chile y Argentina, quienes est\u00e1n entrelazados en sus patrimonios culturales. Realic\u00e9 el relevamiento de las rutas desde R\u00edo Grande hasta Cerro Sombrero y Porvenir, trabajando junto con la Ruta del Fuego, junto con los alcaldes y sus equipos, y representantes de la C\u00e1mara de Comercio de R\u00edo Grande; como as\u00ed tambi\u00e9n, el relevamiento de la ruta desde R\u00edo Grande hacia el Hito I, junto con el InFueTur, y su directora regional, la licenciada Stella Maris Alazard y en los pr\u00f3ximos d\u00edas, har\u00e9 el relevamiento de la ruta de la Comuna de Timaukel\u201d, adelant\u00f3.<\/p>\n\n\n\n<p>Anal\u00eda Bello explic\u00f3 que \u201cel itinerario de la \u2018Ruta del Fuego\u2019 es dise\u00f1ado con el objetivo de presentar y educar acerca de todo lo que ofrece la isla grande de Tierra del Fuego. Y es un producto sin\u00f3nimo de calidad, orgullosamente fueguino, responsable, sustentable y accesible, cuidando la naturaleza, protegiendo nuestra fauna, protegiendo el patrimonio cultural, apoyando a las comunidades\u201d.<\/p>\n\n\n\n<p>En este sentido detall\u00f3 que \u201cel itinerario de la \u2018Ruta del Fuego\u2019 est\u00e1 compuesto por nueve d\u00edas y ocho noches, con un recorrido aproximado de 1.800 kil\u00f3metros. Atraviesa los pasos fronterizos de San Sebasti\u00e1n y el paso m\u00e1s austral del mundo en la isla, el Paso Bellavista. En su recorrido se visitan la ciudad de R\u00edo Grande, Cerro Sombrero, Porvenir, Timaukel, Tolhuin, Ushuaia y finalizamos en R\u00edo Grande. Enfocados en aprovechar las capacidades tur\u00edsticas de cada ciudad, comuna y regi\u00f3n fueguina\u201d.<\/p>\n\n\n\n<p>Finalmente destac\u00f3 que es un circuito que va m\u00e1s all\u00e1 de lo tur\u00edstico y comercial \u201cporque abarca la geograf\u00eda humana, las vivencias y la cultura austral\u201d.<\/p>\n\n\n\n<blockquote class=\"wp-block-quote is-layout-flow wp-block-quote-is-layout-flow\">\n<h4 class=\"wp-block-heading\" id=\"h-respiramos-el-mismo-aire-compartimos-el-mismo-cielo-y-pisamos-la-misma-tierra\"><em>\u201cRespiramos el mismo aire, compartimos el mismo cielo y pisamos la misma tierra\u201d<\/em><\/h4>\n\n\n\n<p>Blagomir Fernando Brztilo Avenda\u00f1o<\/p>\n<\/blockquote>\n\n\n\n<h2 class=\"wp-block-heading\" id=\"h-la-ruta-del-fuego-traera-progreso-y-bienestar-a-nuestras-poblaciones\">\u201cLa Ruta del Fuego traer\u00e1 progreso y bienestar a nuestras poblaciones\u201d<\/h2>\n\n\n\n<p>Por su parte el C\u00f3nsul General de Chile comparti\u00f3 que \u201cestamos muy contentos, porque es un d\u00eda muy significativo para el proyecto de la \u2018Ruta del Fuego\u2019, ya que fomentar\u00e1 el turismo, alentar\u00e1 el emprendimiento econ\u00f3mico y fortalecer\u00e1 la complementariedad y la integraci\u00f3n productiva y virtuosa, de nuestros dos pa\u00edses en esta parte del mundo\u201d.<\/p>\n\n\n\n<p>En ese sentido, el diplom\u00e1tico chileno record\u00f3 que \u201cel 1 de febrero se cumpli\u00f3 un hito muy esperado, porque ese d\u00eda reabrimos el Paso Internacional Bellavista, el m\u00e1s austral del mundo, que demand\u00f3 un especial esfuerzo del Gobierno provincial por la reconstrucci\u00f3n de un nuevo puente\u201d.<\/p>\n\n\n\n<p>Agreg\u00f3 que \u201ceste puente es una pieza m\u00e1s dentro de un puzzle mayor, la \u2018Ruta del Fuego\u2019. La C\u00e1mara de Comercio asumi\u00f3 la tarea de desarrollar este proyecto, convocando a emprendedores, a la actividad privada y ensamblando esta ruta. Una gran contribuci\u00f3n es la que hace Anal\u00eda Bello, miembro de la C\u00e1mara y con vasta experiencia internacional en turismo. Tambi\u00e9n los alcaldes e intendentes, quienes desde el comienzo han estado empujando y han cre\u00eddo en este proyecto\u201d, reconoci\u00f3.<\/p>\n\n\n\n<p>Finalmente, el licenciado Roberto Ru\u00edz Pirac\u00e9s, dijo que \u201choy cerramos una etapa, el primer pelda\u00f1o. Lo que se nos viene por delante es identificar los nichos burocr\u00e1ticos que debemos mejorar -por ejemplo, facilitar los tr\u00e1mites en las fronteras-, terminar de documentar el trayecto, sus sitios de inter\u00e9s, alojamientos, servicios, etc\u00e9tera y convertirlo en un producto tur\u00edstico a la altura de uno de los territorios m\u00e1s cautivantes del mundo, de primer nivel mundial, que sea conocido y que con ello traiga progreso y bienestar a nuestras poblaciones. Esa es nuestra tarea en los pr\u00f3ximos meses\u201d.<\/p>\n\n\n\n<div style=\"height:100px\" aria-hidden=\"true\" class=\"wp-block-spacer\"><\/div>\n\n\n\n<h2 class=\"wp-block-heading\" id=\"h-alcaldes-chilenos-resaltaron-la-ruta-del-fuego\">Alcaldes chilenos resaltaron la \u2018Ruta del Fuego\u2019<\/h2>\n\n\n\n<p>Los tres jefes comunales de la zona chilena de Tierra del Fuego valoraron la presentaci\u00f3n de la \u2018Ruta del Fuego\u2019 y resaltaron la importancia que tendr\u00e1 tanto en lo tur\u00edstico, como lo cultural, deportivo y la recreaci\u00f3n.<\/p>\n\n\n\n<p>El Alcalde de Timaukel Lu\u00eds Barr\u00eda Andrade cont\u00f3 que el nombre de la localidad proviene de la lengua ancestral selk\u2019nam. \u201cEs una comuna extensa en superficie, dotada de una rica diversidad, lagos, monta\u00f1as, canales, islas grandes, ventisqueros y estepas, y un territorio pr\u00e1cticamente deshabitado, que deslinda al occidente con el estrecho de Magallanes y al oriente con los departamentos argentinos de R\u00edo Grande y Tolhuin\u201d.<\/p>\n\n\n\n<div style=\"height:100px\" aria-hidden=\"true\" class=\"wp-block-spacer\"><\/div>\n\n\n\n<h2 class=\"wp-block-heading\" id=\"h-el-paso-bellavista-es-fundamental-para-este-nuevo-circuito\">\u201cEl Paso Bellavista es fundamental para este nuevo circuito\u201d<\/h2>\n\n\n\n<p>\u201cTambi\u00e9n, y desde hace pocas semanas, con mucha alegr\u00eda podemos decir que nuestra comuna cuenta con un paso internacional, el Paso Bellavista, que nos conecta desde la frontera en menos de una hora y media con la ciudad de R\u00edo Grande. Nos somos m\u00e1s de 450 habitantes y nuestra sede comunal, ubicada a orillas de Valle In\u00fatil, en el estrecho de Magallanes, est\u00e1 situada dentro de una estancia privada. Nuestro mayor esfuerzo hoy est\u00e1 puesto en trasladar a Pampa Guanaco, a menos de 100 kil\u00f3metros de aqu\u00ed, donde con mucho esfuerzo, voluntad y sacrificio estamos levantando una localidad con escuela, posta de primeros auxilios, sistema de alcantarillado, aer\u00f3dromo, con vuelos regulares a Punta Arenas, una tenencia de Carabineros, etc\u00e9tera. Es una localidad que ser\u00e1 central para la conectividad terrestre en la isla, desde el estrecho de Magallanes hasta el Canal Beagle\u201d.<\/p>\n\n\n\n<p>Barr\u00eda Andrade record\u00f3 que \u201cdesde sus inicios, apoyamos con fuerza el proyecto \u2018Ruta del Fuego\u2019, que nos propuso nuestro c\u00f3nsul en R\u00edo Grande, junto con los otros dos alcaldes de la isla de Cerro Sombrero y Porvenir. Estamos trabajando de manera unida y coordinada en este proyecto, que fortalece la integraci\u00f3n entre nuestros pa\u00edses, promueve las econom\u00edas locales de pie y un circuito virtuoso para el desarrollo integral de Tierra del Fuego\u201d.<\/p>\n\n\n\n<p>Confi\u00f3 que \u201csabemos que nuestros paisajes se complementan y logramos un mejor provecho de ellos si trabajamos de manera coordinada y unida. Entre las comunas chilenas y los departamentos argentinos de R\u00edo Grande y Tolhuin, el turista vendr\u00e1 con m\u00e1s inter\u00e9s a nuestra isla si ofrecemos un producto inclusivo, sustentable y respetuoso con nuestro medioambiente, tambi\u00e9n si nos coordinamos mejor y logramos un circuito con facilidades aduaneras, migratorias y la dotamos de servicios e informaci\u00f3n estandarizada y virtual, ojal\u00e1 en varios idiomas\u201d.<\/p>\n\n\n\n<p>Prosigui\u00f3 diciendo que \u201csabemos tambi\u00e9n que la \u2018Ruta del Fuego\u2019 ha sido asumida como un eje de trabajo por la C\u00e1mara de Comercio de R\u00edo Grande, tambi\u00e9n por el organismo provincial argentino de turismo, el InfueTur. Es por ello que creemos que el proyecto \u2018Ruta del Fuego\u2019 avanza hacia su conciliaci\u00f3n comercial. Y por eso estamos ac\u00e1, porque creemos que en este proyecto, porque queremos crecer y darle m\u00e1s oportunidades econ\u00f3micas a nuestra poblaci\u00f3n\u201d.<\/p>\n\n\n\n<p>Finalmente, el Alcalde de Timaukel dijo que \u201ceste circuito nos obliga a concebir bajo un solo paraguas tem\u00e1tico los or\u00edgenes de nuestros habitantes, nuestra cultura insular, nuestra historia, gastronom\u00eda, artesan\u00eda, nuestro patrimonio arquitect\u00f3nico, nuestros reservas geol\u00f3gicos, los paisajes incomparables de la estepa del fin del mundo, los lagos binacionales, los r\u00edos Grande y Chico, nuestros glaciares y bosques que nos reconocen fronteras pol\u00edticas. Debemos avanzar este a\u00f1o en la consolidaci\u00f3n de este proyecto, armar un cronograma de avances, tambi\u00e9n trabajar contenidos de manera unida y coordinada, etc\u00e9tera. Para nuestra comuna y los concejales que me acompa\u00f1an, decimos que es muy importante esta visita y agradezco el entusiasmo de nuestro c\u00f3nsul Roberto Ruiz, de la C\u00e1mara de Comercio, su presidente y todos los presentes\u201d.<\/p>\n\n\n\n<div style=\"height:100px\" aria-hidden=\"true\" class=\"wp-block-spacer\"><\/div>\n\n\n\n<h2 class=\"wp-block-heading\" id=\"h-debemos-ser-complemento-y-no-competencia\">\u201cDebemos ser complemento y no competencia\u201d<\/h2>\n\n\n\n<p>Por su parte, el Alcalde de Porvenir, Jos\u00e9 Gabriel Parada Aguilar, expres\u00f3 que \u201cpara m\u00ed es un placer poder compartir este tiempo que es un momento hist\u00f3rico de una decisi\u00f3n que se tom\u00f3 el a\u00f1o pasado y ah\u00ed celebro la idea del C\u00f3nsul don Roberto Ruiz, a la gu\u00eda (Anal\u00eda Bello), saludar a la C\u00e1mara de Comercio, a las autoridades argentinas, a mi colega Lu\u00eds Barr\u00eda que est\u00e1 presente ah\u00ed en R\u00edo Grande\u201d.<\/p>\n\n\n\n<p>A\u00f1adi\u00f3 que \u201cnosotros estamos muy entusiasmados con este proyecto porque abre un abanico de oportunidades para todas las comunas y todos los territorios de la Patagonia. Nosotros compartimos -yo creo- tres cosas que son importantes. La primera es la cultura, el patrimonio y la energ\u00eda que nos enlaza como territorio de la Patagonia y nos da la posibilidad de trabajar en conjunto en muchas materias, en turismo, en el tema productivo, en el tema tambi\u00e9n del desarrollo cultural y otra gama de actividades econ\u00f3micas que pueden desarrollar y tambi\u00e9n conectar a las personas que viven en estos territorios\u201d.<\/p>\n\n\n\n<p>Enumer\u00f3 que \u201clo segundo es el lazo, nosotros tenemos lazos infinitos de la Carrera de la Hermandad, con R\u00edo Grande tenemos el Gran Premios, tuvimos el Asado m\u00e1s grande de la Patagonia chileno-argentino hace unas dos semanas en Porvenir. Todos los habitantes en estos territorios deben conjugarse en actividades de hermandad, de compromiso, de compartir y tener quiz\u00e1 una vocaci\u00f3n com\u00fan como territorio\u201d, expuso.<\/p>\n\n\n\n<p>Continu\u00f3 diciendo que \u201clo otro es la vocaci\u00f3n que tenemos como pa\u00edses, pero tambi\u00e9n como Patagonia, de desarrollar actividades tur\u00edsticas que nos permitan complementar. No debemos ser competencias, porque debemos ser un complemento para desarrollar, no solamente aqu\u00ed en la regi\u00f3n, sino tambi\u00e9n para el mundo entero. Nosotros hemos dicho que tenemos muchas potencialidades en distintas partes del territorio para ofrecer al mundo\u201d.<\/p>\n\n\n\n<p>Parada Aguilar valor\u00f3 al sector privado al se\u00f1alar la voluntad y compromiso de integraci\u00f3n. \u201cEs un hecho importante y ah\u00ed est\u00e1n los privados, como los integrantes de la C\u00e1mara de Comercio de R\u00edo Grande que han buscado este proyecto, yo los felicito, esperemos que los hom\u00f3logos de los otros territorios tambi\u00e9n se acoplen y podamos desarrollar un proyecto del gran empleador, uno, que sea una buena apuesta tur\u00edstica, segundo, que se mantenga en el tiempo y tercero, que rompa todos los retos en el sentido de las visitas que podamos tener de diferentes latitudes del mundo. Yo he conversado aqu\u00ed con gente relacionada con turismo y nosotros tenemos los atractivos, tenemos la infraestructura, estamos desarrollando inversiones, pero nos faltaba quiz\u00e1s una arquitectura que nos estaba desarrollando a la l\u00ednea de estas caracter\u00edsticas que nos permitan, vamos a insistir, ser complemento y no competencia. As\u00ed que, muy satisfecho y muy agradecido por la invitaci\u00f3n, aunque sea online, por estar presente en este evento tan importante y, por supuesto, felicitar a todos los que han empujado y a los que han hecho realidad esta situaci\u00f3n\u201d.<\/p>\n\n\n\n<div style=\"height:100px\" aria-hidden=\"true\" class=\"wp-block-spacer\"><\/div>\n\n\n\n<h2 class=\"wp-block-heading\" id=\"h-respiramos-el-mismo-aire-compartimos-el-mismo-cielo-y-pisamos-la-misma-tierra-0\">\u201cRespiramos el mismo aire, compartimos el mismo cielo y pisamos la misma tierra\u201d<\/h2>\n\n\n\n<p>Blagomir Fernando Brztilo Avenda\u00f1o, en tanto, confes\u00f3 que \u201cde verdad, lamento much\u00edsimo no poder estar presente en forma presencial con ustedes, pero problemas de salud f\u00edsica me lo han impedido, pero obviamente no por ello, quer\u00eda estar ausente de este lanzamiento de la \u2018Ruta del Fuego\u2019, un hecho de real importancia y relevancia para las comunas de ambos pa\u00edses, que hacemos patria en esta hermosa isla de Tierra del Fuego, donde respiramos el mismo aire, compartimos el mismo cielo, obviamente pisamos la misma tierra\u201d.<\/p>\n\n\n\n<p>Destac\u00f3 que \u201csin duda, que lanzar oficialmente hoy la Ruta del Fuego, que naci\u00f3 como una idea y que hoy podemos decir que se va vistiendo de etiqueta, para articular, potenciar, beneficiar, y tambi\u00e9n poner en valor los atractivos tur\u00edsticos, culturales, materiales e inmateriales de las comunas de ambos pa\u00edses, en un territorio apartado del continente, pero que tiene un tremendo potencial de desarrollo para quienes habitamos en esta bella isla patag\u00f3nica\u201d.<\/p>\n\n\n\n<p>Observ\u00f3 que \u201ctodos los presentes hemos sido de una u otra forma parte de este desaf\u00edo, o idea que naci\u00f3 en su momento, liderada por nuestro c\u00f3nsul Roberto Ru\u00edz, y que sin dudar nos hemos sumado a las tres comunas del lado chileno, y la verdad que lo hicimos porque nos pareci\u00f3 una idea interesante, y con la convicci\u00f3n de que es muy necesario potenciarnos y darnos a conocer, no s\u00f3lo tur\u00edsticamente, m\u00e1s all\u00e1 de nuestro horizonte, sino que a partir de esta ruta, poder abrir las puertas a un desarrollo y crecimiento sustentable\u201d.<\/p>\n\n\n\n<p>\u201cTambi\u00e9n -a\u00f1adi\u00f3- que sea amigable con el medio ambiente, por supuesto, y adem\u00e1s, por qu\u00e9 no decirlo, fortaleciendo los lazos de amistad y hermandad que nos han caracterizado por siempre. Deseo que este sue\u00f1o y desaf\u00edo siga creciendo, que cada uno de nosotros sigamos aportando a esta ruta, a este proyecto binacional y tan importante, y por el cual nos comprometimos como autoridades y que esperamos seguir potenciando cada d\u00eda. Hoy somos parte activa de este logro y que espero, en un corto y mediano plazo, seamos parte de una historia de integraci\u00f3n binacional entre pueblos hermanos\u201d.<\/p>\n\n\n\n<p>Finalmente augur\u00f3 que \u201cesta Ruta del Fuego pueda transformarse, sin duda, en una gran puerta al para\u00edso austral en un futuro pr\u00f3ximo. No puedo terminar sin agradecer a don Roberto Ruiz, nuestro c\u00f3nsul, que me invitara a ser parte de este desaf\u00edo y que con gusto acept\u00e9. Si bien estoy pronto a dejar mi cargo ahora en el mes de diciembre, tenga por seguro que seguir\u00e9 trabajando con el mismo compromiso y convicci\u00f3n por esta Ruta del Fuego y que estar\u00e9 siempre disponible para trabajar y aportar en lo que est\u00e9 a mi alcance en su momento\u201d.<\/p>\n\n\n\n<div style=\"height:100px\" aria-hidden=\"true\" class=\"wp-block-spacer\"><\/div>\n\n\n\n<h2 class=\"wp-block-heading\" id=\"h-hoy-comenzamos-una-nueva-etapa-de-integracion-con-las-comunidades-chilenas\">\u201cHoy comenzamos una nueva etapa de integraci\u00f3n con las comunidades chilenas\u201d<\/h2>\n\n\n\n<p>El titular de la C\u00e1mara de Comercio de R\u00edo Grande, Jos\u00e9 Lu\u00eds Iglesias, fue el encargado de cerrar la presentaci\u00f3n y expres\u00f3 el agradecimiento \u201ca todos los actores que hicieron posible que la \u2018Ruta del Fuego\u2019 sea una realidad concreta; ahora queda mucho por hacer desde ambos lados de la frontera com\u00fan cuyo Paso Internacional Bellavista es una pieza fundamental y por eso agradecemos el esfuerzo que ha hecho la provincia a trav\u00e9s de Vialidad Provincial para construirlo\u201d.<\/p>\n\n\n\n<p>En el mismo sentido destac\u00f3 que \u201ctambi\u00e9n la Provincia, a trav\u00e9s del InFueTur, ha trabajado y acompa\u00f1ado a la \u2018Ruta del Fuego\u2019, tanto \u2018Willy\u2019 Querciali como Stella Alazard est\u00e1n comprometidos con el desarrollo de la Zona Norte y el Coraz\u00f3n de la Isla, que ahora se ha ampliado enormemente con este nuevo circuito binacional\u201d.&nbsp;<\/p>\n\n\n\n<p>Destac\u00f3 que \u201cla operatividad del puente es lo que ven\u00edamos bregando para consolidar la \u2018Ruta del Fuego\u2019, una iniciativa de vinculaci\u00f3n econ\u00f3mica entre nuestra ciudad de R\u00edo Grande y de Tolhuin, con las ciudades chilenas de Porvenir, Cerro Sombrero y Timaukel, cuya capital se est\u00e1 asentando en Pampa Guanaco, muy cerca del Paso Bellavista\u201d.<\/p>\n\n\n\n<p>Asimismo dijo que \u201cgracias a los buenos oficios del C\u00f3nsul de Chile Roberto Ru\u00edz, pudimos concretar reuniones de trabajo con los tres alcaldes, Jos\u00e9 Gabriel Parada, Blagomir Brstilo y Lu\u00eds Barr\u00eda, para encaminar un proyecto de circuito tur\u00edstico, comercial y cultural que unifique a estas ciudades con las nuestras como R\u00edo Grande y Tolhuin\u201d.<\/p>\n\n\n\n<p>Finalmente asegur\u00f3 que \u201ccoincidimos que Tierra del Fuego tiene enormes potenciales para desarrollar la \u2018Ruta del Fuego\u2019, por su ubicaci\u00f3n, sus pr\u00edstinos paisajes y la calidez de sus habitantes. Solo un obst\u00e1culo nos deten\u00eda para completar este circuito y era la falta de un puente en Radman, lo que finalmente gracias a Vialidad Provincial y a su directora, Ileana Zarantonello, se cristaliz\u00f3. Agradezco profundamente tambi\u00e9n a la responsable de la Zona Norte del Infuetur, Stella Maris Alazard porque dimension\u00f3 la importancia del proyecto en lo tur\u00edstico y en lo que puede generar para la econom\u00eda\u201d.<\/p>\n\n\n\n<div style=\"height:100px\" aria-hidden=\"true\" class=\"wp-block-spacer\"><\/div>\n\n\n\n<h2 class=\"wp-block-heading\" id=\"h-reconocimiento-al-consul-de-chile\">Reconocimiento al C\u00f3nsul de Chile<\/h2>\n\n\n\n<p>El responsable de las relaciones internacionales de la Provincia, Mg. Andr\u00e9s Dachary hizo entrega al C\u00f3nsul General de Chile, Roberto Ruiz Pirac\u00e9s, de un reconocimiento oficial por parte del Gobierno de la Provincia \u201cpor su compromiso y dedicaci\u00f3n con nuestra provincia, especialmente en la participaci\u00f3n del proyecto \u2018Camino del Fuego \u2013 Ruta del Fuego\u2019 que busca potenciar la oferta tur\u00edstica regional, fomentar el intercambio cultural y generar nuevas oportunidades para el crecimiento socioecon\u00f3mico binacional\u201d.Dachary estuvo acompa\u00f1ado por el secretario de Representaci\u00f3n Pol\u00edtica del Gobierno, el licenciado Federico Gim\u00e9nez.<\/p>\n\n\n\n<div style=\"height:100px\" aria-hidden=\"true\" class=\"wp-block-spacer\"><\/div>\n\n\n\n<h2 class=\"wp-block-heading\" id=\"h-importante-acompanamiento\">Importante acompa\u00f1amiento<\/h2>\n\n\n\n<p>Adem\u00e1s de los mencionados, del evento participaron tambi\u00e9n los concejales de Timaukel Alfonso Simunovic y Jorge Cuevas; la responsable de la Zona Norte y Centro del InFueTur, licenciada Stella Maris Alazard; el Secretario de Turismo y Producci\u00f3n del Municipio de Tolhuin, \u00c1ngelo Fagnani; el Subsecretario de Cultura del Municipio de R\u00edo Grande, Profesor Carlos G\u00f3mez; autoridades y representantes de la Gendarmer\u00eda Nacional Argentina, de la Oficina de Migraciones y de la Aduana nacional.<\/p>\n\n\n\n<p>Asimismo, la titular del Autom\u00f3vil Club R\u00edo Grande, M\u00f3nica Cobi\u00e1n y el secretario Osvaldo Nieto, a la saz\u00f3n, presidente de APAP.&nbsp;<\/p>\n\n\n\n<p>Acompa\u00f1aron a Iglesias integrantes de la Comisi\u00f3n Directiva y asociados de la C\u00e1mara de Comercio, como Daniel Lizardo, Daniel Torrecillas, Alberto Cabral, Diego Navarro, Graciela Marinangeli, Carlos Albornoz, Anal\u00eda Bello, Daniel L\u00f3pez, Franco Guereta, Juan Ram\u00f3n Morales, Carlos Mansilla y el empresario Fernando Gliubich, entre otros.<\/p>\n\n\n\n<h2 class=\"wp-block-heading\" id=\"h-fuente-www-radiofueguina-com\">Fuente: www.radiofueguina.com<\/h2>\n","protected":false},"excerpt":{"rendered":"","protected":false},"author":2,"featured_media":79924,"comment_status":"open","ping_status":"open","sticky":false,"template":"","format":"standard","meta":{"site-sidebar-layout":"default","site-content-layout":"","ast-site-content-layout":"default","site-content-style":"default","site-sidebar-style":"default","ast-global-header-display":"","ast-banner-title-visibility":"","ast-main-header-display":"","ast-hfb-above-header-display":"","ast-hfb-below-header-display":"","ast-hfb-mobile-header-display":"","site-post-title":"","ast-breadcrumbs-content":"","ast-featured-img":"","footer-sml-layout":"","ast-disable-related-posts":"","theme-transparent-header-meta":"","adv-header-id-meta":"","stick-header-meta":"","header-above-stick-meta":"","header-main-stick-meta":"","header-below-stick-meta":"","astra-migrate-meta-layouts":"default","ast-page-background-enabled":"default","ast-page-background-meta":{"desktop":{"background-color":"var(--ast-global-color-5)","background-image":"","background-repeat":"repeat","background-position":"center center","background-size":"auto","background-attachment":"scroll","background-type":"","background-media":"","overlay-type":"","overlay-color":"","overlay-opacity":"","overlay-gradient":""},"tablet":{"background-color":"","background-image":"","background-repeat":"repeat","background-position":"center center","background-size":"auto","background-attachment":"scroll","background-type":"","background-media":"","overlay-type":"","overlay-color":"","overlay-opacity":"","overlay-gradient":""},"mobile":{"background-color":"","background-image":"","background-repeat":"repeat","background-position":"center center","background-size":"auto","background-attachment":"scroll","background-type":"","background-media":"","overlay-type":"","overlay-color":"","overlay-opacity":"","overlay-gradient":""}},"ast-content-background-meta":{"desktop":{"background-color":"var(--ast-global-color-4)","background-image":"","background-repeat":"repeat","background-position":"center center","background-size":"auto","background-attachment":"scroll","background-type":"","background-media":"","overlay-type":"","overlay-color":"","overlay-opacity":"","overlay-gradient":""},"tablet":{"background-color":"var(--ast-global-color-4)","background-image":"","background-repeat":"repeat","background-position":"center center","background-size":"auto","background-attachment":"scroll","background-type":"","background-media":"","overlay-type":"","overlay-color":"","overlay-opacity":"","overlay-gradient":""},"mobile":{"background-color":"var(--ast-global-color-4)","background-image":"","background-repeat":"repeat","background-position":"center center","background-size":"auto","background-attachment":"scroll","background-type":"","background-media":"","overlay-type":"","overlay-color":"","overlay-opacity":"","overlay-gradient":""}},"footnotes":""},"categories":[13],"tags":[],"class_list":["post-79923","post","type-post","status-publish","format-standard","has-post-thumbnail","hentry","category-provinciales"],"yoast_head":"<!-- This site is optimized with the Yoast SEO Premium plugin v23.0 (Yoast SEO v27.5) - https:\/\/yoast.com\/product\/yoast-seo-premium-wordpress\/ -->\n<title>Presentaron el circuito tur\u00edstico binacional \u2018Ruta del Fuego\u2019<\/title>\n<meta name=\"robots\" content=\"index, follow, max-snippet:-1, max-image-preview:large, max-video-preview:-1\" \/>\n<link rel=\"canonical\" href=\"https:\/\/patagoniambiental.com.ar\/info\/presentaron-el-circuito-turistico-binacional-ruta-del-fuego\/\" \/>\n<meta property=\"og:locale\" content=\"es_ES\" \/>\n<meta property=\"og:type\" content=\"article\" \/>\n<meta property=\"og:title\" content=\"Presentaron el circuito tur\u00edstico binacional \u2018Ruta del Fuego\u2019\" \/>\n<meta property=\"og:url\" content=\"https:\/\/patagoniambiental.com.ar\/info\/presentaron-el-circuito-turistico-binacional-ruta-del-fuego\/\" \/>\n<meta property=\"og:site_name\" content=\"Patagonia Ambiental\" \/>\n<meta property=\"article:publisher\" content=\"https:\/\/www.facebook.com\/patagonia.ambiental\" \/>\n<meta property=\"article:author\" content=\"https:\/\/www.facebook.com\/share\/1C1V8Gv9BX\/?mibextid=qi2Omg\" \/>\n<meta property=\"article:published_time\" content=\"2024-02-20T22:00:00+00:00\" \/>\n<meta property=\"article:modified_time\" content=\"2024-08-14T13:17:37+00:00\" \/>\n<meta property=\"og:image\" content=\"https:\/\/patagoniambiental.com.ar\/info\/wp-content\/uploads\/2024\/02\/ruta-de-fuego83-scaled-1.jpeg\" \/>\n\t<meta property=\"og:image:width\" content=\"1280\" \/>\n\t<meta property=\"og:image:height\" content=\"960\" \/>\n\t<meta property=\"og:image:type\" content=\"image\/jpeg\" \/>\n<meta name=\"author\" content=\"Patagonia Ambiental\" \/>\n<meta name=\"twitter:card\" content=\"summary_large_image\" \/>\n<meta name=\"twitter:creator\" content=\"@PatAmb\" \/>\n<meta name=\"twitter:site\" content=\"@PatAmb\" \/>\n<script type=\"application\/ld+json\" class=\"yoast-schema-graph\">{\"@context\":\"https:\\\/\\\/schema.org\",\"@graph\":[{\"@type\":\"Article\",\"@id\":\"https:\\\/\\\/patagoniambiental.com.ar\\\/info\\\/presentaron-el-circuito-turistico-binacional-ruta-del-fuego\\\/#article\",\"isPartOf\":{\"@id\":\"https:\\\/\\\/patagoniambiental.com.ar\\\/info\\\/presentaron-el-circuito-turistico-binacional-ruta-del-fuego\\\/\"},\"author\":{\"name\":\"Patagonia Ambiental\",\"@id\":\"https:\\\/\\\/patagoniambiental.com.ar\\\/info\\\/#\\\/schema\\\/person\\\/db12bff64bbcbf6a253710bf0ea37b5d\"},\"headline\":\"Presentaron el circuito tur\u00edstico binacional \u2018Ruta del Fuego\u2019\",\"datePublished\":\"2024-02-20T22:00:00+00:00\",\"dateModified\":\"2024-08-14T13:17:37+00:00\",\"mainEntityOfPage\":{\"@id\":\"https:\\\/\\\/patagoniambiental.com.ar\\\/info\\\/presentaron-el-circuito-turistico-binacional-ruta-del-fuego\\\/\"},\"wordCount\":3405,\"commentCount\":0,\"publisher\":{\"@id\":\"https:\\\/\\\/patagoniambiental.com.ar\\\/info\\\/#organization\"},\"image\":{\"@id\":\"https:\\\/\\\/patagoniambiental.com.ar\\\/info\\\/presentaron-el-circuito-turistico-binacional-ruta-del-fuego\\\/#primaryimage\"},\"thumbnailUrl\":\"https:\\\/\\\/patagoniambiental.com.ar\\\/info\\\/wp-content\\\/uploads\\\/2024\\\/02\\\/ruta-de-fuego83-scaled-1.jpeg\",\"articleSection\":[\"Provinciales\"],\"inLanguage\":\"es\",\"potentialAction\":[{\"@type\":\"CommentAction\",\"name\":\"Comment\",\"target\":[\"https:\\\/\\\/patagoniambiental.com.ar\\\/info\\\/presentaron-el-circuito-turistico-binacional-ruta-del-fuego\\\/#respond\"]}]},{\"@type\":\"WebPage\",\"@id\":\"https:\\\/\\\/patagoniambiental.com.ar\\\/info\\\/presentaron-el-circuito-turistico-binacional-ruta-del-fuego\\\/\",\"url\":\"https:\\\/\\\/patagoniambiental.com.ar\\\/info\\\/presentaron-el-circuito-turistico-binacional-ruta-del-fuego\\\/\",\"name\":\"Presentaron el circuito tur\u00edstico binacional \u2018Ruta del Fuego\u2019\",\"isPartOf\":{\"@id\":\"https:\\\/\\\/patagoniambiental.com.ar\\\/info\\\/#website\"},\"primaryImageOfPage\":{\"@id\":\"https:\\\/\\\/patagoniambiental.com.ar\\\/info\\\/presentaron-el-circuito-turistico-binacional-ruta-del-fuego\\\/#primaryimage\"},\"image\":{\"@id\":\"https:\\\/\\\/patagoniambiental.com.ar\\\/info\\\/presentaron-el-circuito-turistico-binacional-ruta-del-fuego\\\/#primaryimage\"},\"thumbnailUrl\":\"https:\\\/\\\/patagoniambiental.com.ar\\\/info\\\/wp-content\\\/uploads\\\/2024\\\/02\\\/ruta-de-fuego83-scaled-1.jpeg\",\"datePublished\":\"2024-02-20T22:00:00+00:00\",\"dateModified\":\"2024-08-14T13:17:37+00:00\",\"breadcrumb\":{\"@id\":\"https:\\\/\\\/patagoniambiental.com.ar\\\/info\\\/presentaron-el-circuito-turistico-binacional-ruta-del-fuego\\\/#breadcrumb\"},\"inLanguage\":\"es\",\"potentialAction\":[{\"@type\":\"ReadAction\",\"target\":[\"https:\\\/\\\/patagoniambiental.com.ar\\\/info\\\/presentaron-el-circuito-turistico-binacional-ruta-del-fuego\\\/\"]}]},{\"@type\":\"ImageObject\",\"inLanguage\":\"es\",\"@id\":\"https:\\\/\\\/patagoniambiental.com.ar\\\/info\\\/presentaron-el-circuito-turistico-binacional-ruta-del-fuego\\\/#primaryimage\",\"url\":\"https:\\\/\\\/patagoniambiental.com.ar\\\/info\\\/wp-content\\\/uploads\\\/2024\\\/02\\\/ruta-de-fuego83-scaled-1.jpeg\",\"contentUrl\":\"https:\\\/\\\/patagoniambiental.com.ar\\\/info\\\/wp-content\\\/uploads\\\/2024\\\/02\\\/ruta-de-fuego83-scaled-1.jpeg\",\"width\":800,\"height\":600},{\"@type\":\"BreadcrumbList\",\"@id\":\"https:\\\/\\\/patagoniambiental.com.ar\\\/info\\\/presentaron-el-circuito-turistico-binacional-ruta-del-fuego\\\/#breadcrumb\",\"itemListElement\":[{\"@type\":\"ListItem\",\"position\":1,\"name\":\"Inicio\",\"item\":\"https:\\\/\\\/patagoniambiental.com.ar\\\/info\\\/\"},{\"@type\":\"ListItem\",\"position\":2,\"name\":\"Presentaron el circuito tur\u00edstico binacional \u2018Ruta del Fuego\u2019\"}]},{\"@type\":\"WebSite\",\"@id\":\"https:\\\/\\\/patagoniambiental.com.ar\\\/info\\\/#website\",\"url\":\"https:\\\/\\\/patagoniambiental.com.ar\\\/info\\\/\",\"name\":\"Patagonia Ambiental\",\"description\":\"Monitoreo y an\u00e1lisis de la situaci\u00f3n geopol\u00edtica en el mundo y su implicancia en la Patagonia\",\"publisher\":{\"@id\":\"https:\\\/\\\/patagoniambiental.com.ar\\\/info\\\/#organization\"},\"potentialAction\":[{\"@type\":\"SearchAction\",\"target\":{\"@type\":\"EntryPoint\",\"urlTemplate\":\"https:\\\/\\\/patagoniambiental.com.ar\\\/info\\\/?s={search_term_string}\"},\"query-input\":{\"@type\":\"PropertyValueSpecification\",\"valueRequired\":true,\"valueName\":\"search_term_string\"}}],\"inLanguage\":\"es\"},{\"@type\":\"Organization\",\"@id\":\"https:\\\/\\\/patagoniambiental.com.ar\\\/info\\\/#organization\",\"name\":\"Patagonia Ambiental\",\"url\":\"https:\\\/\\\/patagoniambiental.com.ar\\\/info\\\/\",\"logo\":{\"@type\":\"ImageObject\",\"inLanguage\":\"es\",\"@id\":\"https:\\\/\\\/patagoniambiental.com.ar\\\/info\\\/#\\\/schema\\\/logo\\\/image\\\/\",\"url\":\"https:\\\/\\\/patagoniambiental.com.ar\\\/info\\\/wp-content\\\/uploads\\\/2025\\\/05\\\/LOGO-PATAGONIA-AMBIENTAL.png\",\"contentUrl\":\"https:\\\/\\\/patagoniambiental.com.ar\\\/info\\\/wp-content\\\/uploads\\\/2025\\\/05\\\/LOGO-PATAGONIA-AMBIENTAL.png\",\"width\":433,\"height\":250,\"caption\":\"Patagonia Ambiental\"},\"image\":{\"@id\":\"https:\\\/\\\/patagoniambiental.com.ar\\\/info\\\/#\\\/schema\\\/logo\\\/image\\\/\"},\"sameAs\":[\"https:\\\/\\\/www.facebook.com\\\/patagonia.ambiental\",\"https:\\\/\\\/x.com\\\/PatAmb\"]},{\"@type\":\"Person\",\"@id\":\"https:\\\/\\\/patagoniambiental.com.ar\\\/info\\\/#\\\/schema\\\/person\\\/db12bff64bbcbf6a253710bf0ea37b5d\",\"name\":\"Patagonia Ambiental\",\"description\":\"Andr\u00e9s Nievas T\u00e9cnico en manejo ambiental, consultor Ambiental y escritor para medios locales e internacionales sobre temas de geopolitica y medio ambiente.\",\"sameAs\":[\"http:\\\/\\\/www.patagoniambiental.com.ar\",\"https:\\\/\\\/www.facebook.com\\\/share\\\/1C1V8Gv9BX\\\/?mibextid=qi2Omg\",\"@patagoniambiental\",\"https:\\\/\\\/youtube.com\\\/@patagoniaambiental2023?si=BLt58t0wuXquxlYZ\"]}]}<\/script>\n<!-- \/ Yoast SEO Premium plugin. -->","yoast_head_json":{"title":"Presentaron el circuito tur\u00edstico binacional \u2018Ruta del Fuego\u2019","robots":{"index":"index","follow":"follow","max-snippet":"max-snippet:-1","max-image-preview":"max-image-preview:large","max-video-preview":"max-video-preview:-1"},"canonical":"https:\/\/patagoniambiental.com.ar\/info\/presentaron-el-circuito-turistico-binacional-ruta-del-fuego\/","og_locale":"es_ES","og_type":"article","og_title":"Presentaron el circuito tur\u00edstico binacional \u2018Ruta del Fuego\u2019","og_url":"https:\/\/patagoniambiental.com.ar\/info\/presentaron-el-circuito-turistico-binacional-ruta-del-fuego\/","og_site_name":"Patagonia Ambiental","article_publisher":"https:\/\/www.facebook.com\/patagonia.ambiental","article_author":"https:\/\/www.facebook.com\/share\/1C1V8Gv9BX\/?mibextid=qi2Omg","article_published_time":"2024-02-20T22:00:00+00:00","article_modified_time":"2024-08-14T13:17:37+00:00","og_image":[{"width":1280,"height":960,"url":"https:\/\/patagoniambiental.com.ar\/info\/wp-content\/uploads\/2024\/02\/ruta-de-fuego83-scaled-1.jpeg","type":"image\/jpeg"}],"author":"Patagonia Ambiental","twitter_card":"summary_large_image","twitter_creator":"@PatAmb","twitter_site":"@PatAmb","schema":{"@context":"https:\/\/schema.org","@graph":[{"@type":"Article","@id":"https:\/\/patagoniambiental.com.ar\/info\/presentaron-el-circuito-turistico-binacional-ruta-del-fuego\/#article","isPartOf":{"@id":"https:\/\/patagoniambiental.com.ar\/info\/presentaron-el-circuito-turistico-binacional-ruta-del-fuego\/"},"author":{"name":"Patagonia Ambiental","@id":"https:\/\/patagoniambiental.com.ar\/info\/#\/schema\/person\/db12bff64bbcbf6a253710bf0ea37b5d"},"headline":"Presentaron el circuito tur\u00edstico binacional \u2018Ruta del Fuego\u2019","datePublished":"2024-02-20T22:00:00+00:00","dateModified":"2024-08-14T13:17:37+00:00","mainEntityOfPage":{"@id":"https:\/\/patagoniambiental.com.ar\/info\/presentaron-el-circuito-turistico-binacional-ruta-del-fuego\/"},"wordCount":3405,"commentCount":0,"publisher":{"@id":"https:\/\/patagoniambiental.com.ar\/info\/#organization"},"image":{"@id":"https:\/\/patagoniambiental.com.ar\/info\/presentaron-el-circuito-turistico-binacional-ruta-del-fuego\/#primaryimage"},"thumbnailUrl":"https:\/\/patagoniambiental.com.ar\/info\/wp-content\/uploads\/2024\/02\/ruta-de-fuego83-scaled-1.jpeg","articleSection":["Provinciales"],"inLanguage":"es","potentialAction":[{"@type":"CommentAction","name":"Comment","target":["https:\/\/patagoniambiental.com.ar\/info\/presentaron-el-circuito-turistico-binacional-ruta-del-fuego\/#respond"]}]},{"@type":"WebPage","@id":"https:\/\/patagoniambiental.com.ar\/info\/presentaron-el-circuito-turistico-binacional-ruta-del-fuego\/","url":"https:\/\/patagoniambiental.com.ar\/info\/presentaron-el-circuito-turistico-binacional-ruta-del-fuego\/","name":"Presentaron el circuito tur\u00edstico binacional \u2018Ruta del Fuego\u2019","isPartOf":{"@id":"https:\/\/patagoniambiental.com.ar\/info\/#website"},"primaryImageOfPage":{"@id":"https:\/\/patagoniambiental.com.ar\/info\/presentaron-el-circuito-turistico-binacional-ruta-del-fuego\/#primaryimage"},"image":{"@id":"https:\/\/patagoniambiental.com.ar\/info\/presentaron-el-circuito-turistico-binacional-ruta-del-fuego\/#primaryimage"},"thumbnailUrl":"https:\/\/patagoniambiental.com.ar\/info\/wp-content\/uploads\/2024\/02\/ruta-de-fuego83-scaled-1.jpeg","datePublished":"2024-02-20T22:00:00+00:00","dateModified":"2024-08-14T13:17:37+00:00","breadcrumb":{"@id":"https:\/\/patagoniambiental.com.ar\/info\/presentaron-el-circuito-turistico-binacional-ruta-del-fuego\/#breadcrumb"},"inLanguage":"es","potentialAction":[{"@type":"ReadAction","target":["https:\/\/patagoniambiental.com.ar\/info\/presentaron-el-circuito-turistico-binacional-ruta-del-fuego\/"]}]},{"@type":"ImageObject","inLanguage":"es","@id":"https:\/\/patagoniambiental.com.ar\/info\/presentaron-el-circuito-turistico-binacional-ruta-del-fuego\/#primaryimage","url":"https:\/\/patagoniambiental.com.ar\/info\/wp-content\/uploads\/2024\/02\/ruta-de-fuego83-scaled-1.jpeg","contentUrl":"https:\/\/patagoniambiental.com.ar\/info\/wp-content\/uploads\/2024\/02\/ruta-de-fuego83-scaled-1.jpeg","width":800,"height":600},{"@type":"BreadcrumbList","@id":"https:\/\/patagoniambiental.com.ar\/info\/presentaron-el-circuito-turistico-binacional-ruta-del-fuego\/#breadcrumb","itemListElement":[{"@type":"ListItem","position":1,"name":"Inicio","item":"https:\/\/patagoniambiental.com.ar\/info\/"},{"@type":"ListItem","position":2,"name":"Presentaron el circuito tur\u00edstico binacional \u2018Ruta del Fuego\u2019"}]},{"@type":"WebSite","@id":"https:\/\/patagoniambiental.com.ar\/info\/#website","url":"https:\/\/patagoniambiental.com.ar\/info\/","name":"Patagonia Ambiental","description":"Monitoreo y an\u00e1lisis de la situaci\u00f3n geopol\u00edtica en el mundo y su implicancia en la Patagonia","publisher":{"@id":"https:\/\/patagoniambiental.com.ar\/info\/#organization"},"potentialAction":[{"@type":"SearchAction","target":{"@type":"EntryPoint","urlTemplate":"https:\/\/patagoniambiental.com.ar\/info\/?s={search_term_string}"},"query-input":{"@type":"PropertyValueSpecification","valueRequired":true,"valueName":"search_term_string"}}],"inLanguage":"es"},{"@type":"Organization","@id":"https:\/\/patagoniambiental.com.ar\/info\/#organization","name":"Patagonia Ambiental","url":"https:\/\/patagoniambiental.com.ar\/info\/","logo":{"@type":"ImageObject","inLanguage":"es","@id":"https:\/\/patagoniambiental.com.ar\/info\/#\/schema\/logo\/image\/","url":"https:\/\/patagoniambiental.com.ar\/info\/wp-content\/uploads\/2025\/05\/LOGO-PATAGONIA-AMBIENTAL.png","contentUrl":"https:\/\/patagoniambiental.com.ar\/info\/wp-content\/uploads\/2025\/05\/LOGO-PATAGONIA-AMBIENTAL.png","width":433,"height":250,"caption":"Patagonia Ambiental"},"image":{"@id":"https:\/\/patagoniambiental.com.ar\/info\/#\/schema\/logo\/image\/"},"sameAs":["https:\/\/www.facebook.com\/patagonia.ambiental","https:\/\/x.com\/PatAmb"]},{"@type":"Person","@id":"https:\/\/patagoniambiental.com.ar\/info\/#\/schema\/person\/db12bff64bbcbf6a253710bf0ea37b5d","name":"Patagonia Ambiental","description":"Andr\u00e9s Nievas T\u00e9cnico en manejo ambiental, consultor Ambiental y escritor para medios locales e internacionales sobre temas de geopolitica y medio ambiente.","sameAs":["http:\/\/www.patagoniambiental.com.ar","https:\/\/www.facebook.com\/share\/1C1V8Gv9BX\/?mibextid=qi2Omg","@patagoniambiental","https:\/\/youtube.com\/@patagoniaambiental2023?si=BLt58t0wuXquxlYZ"]}]}},"_links":{"self":[{"href":"https:\/\/patagoniambiental.com.ar\/info\/wp-json\/wp\/v2\/posts\/79923","targetHints":{"allow":["GET"]}}],"collection":[{"href":"https:\/\/patagoniambiental.com.ar\/info\/wp-json\/wp\/v2\/posts"}],"about":[{"href":"https:\/\/patagoniambiental.com.ar\/info\/wp-json\/wp\/v2\/types\/post"}],"author":[{"embeddable":true,"href":"https:\/\/patagoniambiental.com.ar\/info\/wp-json\/wp\/v2\/users\/2"}],"replies":[{"embeddable":true,"href":"https:\/\/patagoniambiental.com.ar\/info\/wp-json\/wp\/v2\/comments?post=79923"}],"version-history":[{"count":0,"href":"https:\/\/patagoniambiental.com.ar\/info\/wp-json\/wp\/v2\/posts\/79923\/revisions"}],"wp:featuredmedia":[{"embeddable":true,"href":"https:\/\/patagoniambiental.com.ar\/info\/wp-json\/wp\/v2\/media\/79924"}],"wp:attachment":[{"href":"https:\/\/patagoniambiental.com.ar\/info\/wp-json\/wp\/v2\/media?parent=79923"}],"wp:term":[{"taxonomy":"category","embeddable":true,"href":"https:\/\/patagoniambiental.com.ar\/info\/wp-json\/wp\/v2\/categories?post=79923"},{"taxonomy":"post_tag","embeddable":true,"href":"https:\/\/patagoniambiental.com.ar\/info\/wp-json\/wp\/v2\/tags?post=79923"}],"curies":[{"name":"wp","href":"https:\/\/api.w.org\/{rel}","templated":true}]}}