{"id":80006,"date":"2024-02-24T07:00:00","date_gmt":"2024-02-24T10:00:00","guid":{"rendered":"https:\/\/patagoniambiental.com.ar\/info\/?p=80006"},"modified":"2024-08-14T09:24:30","modified_gmt":"2024-08-14T12:24:30","slug":"estudio-revela-nuevas-species-vegetals-que-habitaron-e-cretacico-supeior-en-la-patagonia","status":"publish","type":"post","link":"https:\/\/patagoniambiental.com.ar\/info\/estudio-revela-nuevas-species-vegetals-que-habitaron-e-cretacico-supeior-en-la-patagonia\/","title":{"rendered":"Revelan nuevas especies que habitaron el cretacico superior en la Patagonia"},"content":{"rendered":"\n<!--more-->\n\n\n\n<p>Un&nbsp;<a href=\"https:\/\/doi.org\/10.1002\/spp2.1536\" target=\"_blank\" rel=\"noreferrer noopener\">reciente art\u00edculo cient\u00edfico<\/a>&nbsp;en el que colaboraron investigadores e investigadoras del Instituto Ant\u00e1rtico Chileno (INACH) revela fascinantes detalles sobre una misteriosa flora de la Patagonia austral que comparti\u00f3 su tiempo con singulares dinosaurios en lo que hoy es Cerro Guido y el valle del r\u00edo de las Chinas. El hallazgo permiti\u00f3 describir detalladamente doce troncos y tallos fosilizados que dan cuenta de la diversidad arb\u00f3rea que alguna vez habit\u00f3 la regi\u00f3n m\u00e1s austral de Chile hace 68,9 millones de a\u00f1os.<\/p>\n\n\n\n<p>El descubrimiento tuvo lugar en el valle del r\u00edo de las Chinas, al norte de Cerro Guido, provincia de \u00daltima Esperanza en la regi\u00f3n de Magallanes y de la Ant\u00e1rtica Chilena, localidad cercana a Torres del Paine. La revelaci\u00f3n se produjo en el marco de las expediciones paleontol\u00f3gicas organizadas por el INACH y la Universidad de Chile, y que buscan desentra\u00f1ar los misterios de la historia natural de la regi\u00f3n y c\u00f3mo, durante m\u00e1s de 20 millones de a\u00f1os, mantuvo intermitentes conexiones terrestres con el continente ant\u00e1rtico que modelaron la diversidad biol\u00f3gica del extremo sur de Sudam\u00e9rica, de la pen\u00ednsula Ant\u00e1rtica y de regiones distantes como Australia y Nueva Zelandia. En este caso particular, en 2017 se realiz\u00f3 el trabajo de campo como parte de los proyectos desarrollados por la instituci\u00f3n polar.&nbsp;<\/p>\n\n\n\n<p>Los f\u00f3siles de madera, que var\u00edan en longitud desde los veinte cent\u00edmetros hasta dos metros, fueron examinados mediante microscop\u00eda \u00f3ptica, siendo uno de los primeros estudios detallados que se publican sobre la anatom\u00eda de la madera del Cret\u00e1cico superior de esta localidad. Esta indagaci\u00f3n no s\u00f3lo arroja algunas luces sobre la riqueza de la flora que existi\u00f3 durante el Cret\u00e1cico superior, sino que proporciona datos esenciales sobre el entorno donde estas antiguas plantas prosperaron.<\/p>\n\n\n\n<p>La Dra. Cristine Trevisan, paleobot\u00e1nica e investigadora del INACH, releva la importancia del reciente descubrimiento, ya que permite comprender la evoluci\u00f3n de los bosques del pasado y la conexi\u00f3n hist\u00f3rica entre Sudam\u00e9rica y la Ant\u00e1rtica. \u00abEn t\u00e9rminos paleobot\u00e1nicos, la posibilidad de encontrar f\u00f3siles de hojas, semillas, frutos y maderas en un mismo sitio es destacable, ya que normalmente estas estructuras se encuentran separadas en el registro. La colaboraci\u00f3n entre disciplinas de la paleobot\u00e1nica facilita la reconstrucci\u00f3n completa de la planta. Las circunstancias \u00fanicas de preservaci\u00f3n, con la fosilizaci\u00f3n conjunta de estos elementos, permiten una detallada reconstrucci\u00f3n del bosque y su entorno, contribuyendo al conocimiento del cambio clim\u00e1tico. Adem\u00e1s, el estudio del registro f\u00f3sil y de los ecosistemas actuales proporciona informaci\u00f3n sobre la interacci\u00f3n entre el clima y la vegetaci\u00f3n\u00bb, comenta.&nbsp;<\/p>\n\n\n\n<p>Mientras que el Dr. Leandro Mart\u00ednez, autor principal del estudio e investigador independiente del CONICET de Argentina y del Museo Hist\u00f3rico Regional de la Provincia de Neuqu\u00e9n, valora la relevancia del nuevo estudio al ofrecer informaci\u00f3n valiosa sobre la composici\u00f3n de la paleoflora en la Patagonia durante el Cret\u00e1cico. \u00abAdem\u00e1s, el estudio de la anatom\u00eda y caracter\u00edsticas de las maderas f\u00f3siles nos permite inferir el ambiente en el que crecieron estas plantas, lo que a su vez puede proporcionar valiosa informaci\u00f3n sobre las condiciones clim\u00e1ticas y geol\u00f3gicas de la regi\u00f3n en ese momento. En general, este tipo de estudios paleobot\u00e1nicos son importantes para comprender la evoluci\u00f3n de la flora y la fauna en diferentes regiones del mundo a lo largo del tiempo geol\u00f3gico\u00bb, se\u00f1ala.&nbsp;<\/p>\n\n\n\n<div style=\"height:100px\" aria-hidden=\"true\" class=\"wp-block-spacer\"><\/div>\n\n\n\n<h2 class=\"wp-block-heading\" id=\"h-nuevas-especies-y-un-homenaje-a-investigadora-destacada\"><strong>Nuevas especies y un homenaje a investigadora destacada<\/strong><\/h2>\n\n\n\n<p>Tal como menciona Mart\u00ednez, dentro de este estudio se describieron especies ya conocidas en Patagonia como&nbsp;<em>Agathoxylon antarcticum<\/em>&nbsp;y&nbsp;<em>Podocarpoxylon mazzonii<\/em>, pero el resto pertenece a especies nuevas para la ciencia, como es el caso de&nbsp;<em>Podocarpoxylon paradoxi<\/em>&nbsp;(Familia Podocarpaceae, a la cual pertenecen los modernos ma\u00f1\u00edos),&nbsp;<em>Palmoxylon subantarcticae<\/em>&nbsp;(Arecaceae),&nbsp;<em>Notomalvaceoxylon magallanense<\/em>&nbsp;(Malvacee) y&nbsp;<em>Austroginkgoxylon dutrae<\/em>&nbsp;(Ginkgoales). Este \u00faltimo, cuya anatom\u00eda de la madera presenta similitudes con la del&nbsp;<em>Ginkgo biloba<\/em>, ha sido nombrado en reconocimiento a la destacada labor de la profesora brasile\u00f1a Dra. Tania Dutra, quien ha contribuido de manera significativa al conocimiento de las paleofloras en Sudam\u00e9rica y Ant\u00e1rtica, y ha sido una colaboradora activa de Chile en estas materias.&nbsp;<\/p>\n\n\n\n<p>Todas estas plantas corresponden a especies extintas, aunque sus parientes cercanos actualmente habitan en el hemisferio sur, principalmente en la Mata Atl\u00e1ntica, bosques subant\u00e1rticos, Queensland en Australia, Nueva Zelandia y el sur de China.<\/p>\n\n\n\n<div style=\"height:100px\" aria-hidden=\"true\" class=\"wp-block-spacer\"><\/div>\n\n\n\n<h2 class=\"wp-block-heading\" id=\"h-abriendo-nuevas-interrogantes\"><strong>Abriendo nuevas interrogantes<\/strong><\/h2>\n\n\n\n<p>Este estudio basado en la observaci\u00f3n de doce troncos, en su mayor\u00eda pertenecientes a nuevos taxones de plantas, plantea numerosas interrogantes. Se destaca la particularidad del ecosistema que existi\u00f3 en el pasado, del cual no se tiene registro en la actualidad. Adem\u00e1s, los taxones identificados han permitido desarrollar un estudio detallado que revela variables clim\u00e1ticas, indicando que hubo un clima c\u00e1lido donde prosperaban palmeras y malv\u00e1ceas en el extremo austral de Sudam\u00e9rica.<\/p>\n\n\n\n<p>\u00abLo interesante es seguir estudiando la flora f\u00f3sil y as\u00ed aportar nuevos datos para reconstruir este \u00fanico escenario que existi\u00f3 en el sur de Chile, ver la relaci\u00f3n filogen\u00e9tica entre las especies encontradas en la regi\u00f3n de Magallanes y otras partes del mundo, as\u00ed como en el descubrimiento de nuevos espec\u00edmenes que afinen la reconstrucci\u00f3n de los ambientes y condiciones clim\u00e1ticas donde crecieron estas especies f\u00f3siles\u00bb, finaliza el Dr. Mart\u00ednez.&nbsp;<\/p>\n\n\n\n<p>En el art\u00edculo&nbsp;<a href=\"https:\/\/doi.org\/10.1002\/spp2.1536\" target=\"_blank\" rel=\"noreferrer noopener\">\u00abUn conjunto \u00fanico de maderas f\u00f3siles del Cret\u00e1cico tard\u00edo de la Patagonia Chile proporciona pistas sobre un entorno continental de alta latitud\u00bb<\/a>&nbsp;adem\u00e1s del Dr. Leandro Mart\u00ednez participaron Marcelo Leppe, Leslie Manr\u00edquez (INACH), Cristine Trevisan (INACH), H\u00e9ctor Mansilla (INACH) y Joseline Manfroi (Corporaci\u00f3n de Investigaci\u00f3n y Avance de la Paleontolog\u00eda e Historia Natural de Atacama) y Juan Pablo Pino (Universidad de Chile). Esta investigaci\u00f3n fue financiada por Fondecyt, a trav\u00e9s del proyecto N\u00b0 1151389.<\/p>\n\n\n\n<p>El INACH es un organismo t\u00e9cnico del Ministerio de Relaciones Exteriores con plena autonom\u00eda en todo lo relacionado con asuntos ant\u00e1rticos de car\u00e1cter cient\u00edfico, tecnol\u00f3gico y de difusi\u00f3n. El INACH cumple con la Pol\u00edtica Ant\u00e1rtica Nacional incentivando el desarrollo de la investigaci\u00f3n de excelencia, participando efectivamente en el Sistema del Tratado Ant\u00e1rtico y foros relacionados, fortaleciendo a Magallanes como puerta de entrada al Continente Blanco y realizando acciones de divulgaci\u00f3n del conocimiento ant\u00e1rtico en la ciudadan\u00eda. El INACH organiza el Programa Nacional de Ciencia Ant\u00e1rtica (PROCIEN).<\/p>\n\n\n\n<p>Fuente: radiopolar.com<\/p>\n","protected":false},"excerpt":{"rendered":"","protected":false},"author":2,"featured_media":80007,"comment_status":"open","ping_status":"open","sticky":false,"template":"","format":"standard","meta":{"site-sidebar-layout":"default","site-content-layout":"","ast-site-content-layout":"default","site-content-style":"default","site-sidebar-style":"default","ast-global-header-display":"","ast-banner-title-visibility":"","ast-main-header-display":"","ast-hfb-above-header-display":"","ast-hfb-below-header-display":"","ast-hfb-mobile-header-display":"","site-post-title":"","ast-breadcrumbs-content":"","ast-featured-img":"","footer-sml-layout":"","ast-disable-related-posts":"","theme-transparent-header-meta":"","adv-header-id-meta":"","stick-header-meta":"","header-above-stick-meta":"","header-main-stick-meta":"","header-below-stick-meta":"","astra-migrate-meta-layouts":"default","ast-page-background-enabled":"default","ast-page-background-meta":{"desktop":{"background-color":"var(--ast-global-color-5)","background-image":"","background-repeat":"repeat","background-position":"center center","background-size":"auto","background-attachment":"scroll","background-type":"","background-media":"","overlay-type":"","overlay-color":"","overlay-opacity":"","overlay-gradient":""},"tablet":{"background-color":"","background-image":"","background-repeat":"repeat","background-position":"center center","background-size":"auto","background-attachment":"scroll","background-type":"","background-media":"","overlay-type":"","overlay-color":"","overlay-opacity":"","overlay-gradient":""},"mobile":{"background-color":"","background-image":"","background-repeat":"repeat","background-position":"center center","background-size":"auto","background-attachment":"scroll","background-type":"","background-media":"","overlay-type":"","overlay-color":"","overlay-opacity":"","overlay-gradient":""}},"ast-content-background-meta":{"desktop":{"background-color":"var(--ast-global-color-4)","background-image":"","background-repeat":"repeat","background-position":"center center","background-size":"auto","background-attachment":"scroll","background-type":"","background-media":"","overlay-type":"","overlay-color":"","overlay-opacity":"","overlay-gradient":""},"tablet":{"background-color":"var(--ast-global-color-4)","background-image":"","background-repeat":"repeat","background-position":"center center","background-size":"auto","background-attachment":"scroll","background-type":"","background-media":"","overlay-type":"","overlay-color":"","overlay-opacity":"","overlay-gradient":""},"mobile":{"background-color":"var(--ast-global-color-4)","background-image":"","background-repeat":"repeat","background-position":"center center","background-size":"auto","background-attachment":"scroll","background-type":"","background-media":"","overlay-type":"","overlay-color":"","overlay-opacity":"","overlay-gradient":""}},"footnotes":""},"categories":[53],"tags":[],"class_list":["post-80006","post","type-post","status-publish","format-standard","has-post-thumbnail","hentry","category-general"],"yoast_head":"<!-- This site is optimized with the Yoast SEO Premium plugin v23.0 (Yoast SEO v27.5) - https:\/\/yoast.com\/product\/yoast-seo-premium-wordpress\/ -->\n<title>Revelan nuevas especies que habitaron el cretacico superior en la Patagonia<\/title>\n<meta name=\"robots\" content=\"index, follow, max-snippet:-1, max-image-preview:large, max-video-preview:-1\" \/>\n<link rel=\"canonical\" href=\"https:\/\/patagoniambiental.com.ar\/info\/estudio-revela-nuevas-species-vegetals-que-habitaron-e-cretacico-supeior-en-la-patagonia\/\" \/>\n<meta property=\"og:locale\" content=\"es_ES\" \/>\n<meta property=\"og:type\" content=\"article\" \/>\n<meta property=\"og:title\" content=\"Revelan nuevas especies que habitaron el cretacico superior en la Patagonia\" \/>\n<meta property=\"og:url\" content=\"https:\/\/patagoniambiental.com.ar\/info\/estudio-revela-nuevas-species-vegetals-que-habitaron-e-cretacico-supeior-en-la-patagonia\/\" \/>\n<meta property=\"og:site_name\" content=\"Patagonia Ambiental\" \/>\n<meta property=\"article:publisher\" content=\"https:\/\/www.facebook.com\/patagonia.ambiental\" \/>\n<meta property=\"article:author\" content=\"https:\/\/www.facebook.com\/share\/1C1V8Gv9BX\/?mibextid=qi2Omg\" \/>\n<meta property=\"article:published_time\" content=\"2024-02-24T10:00:00+00:00\" \/>\n<meta property=\"article:modified_time\" content=\"2024-08-14T12:24:30+00:00\" \/>\n<meta property=\"og:image\" content=\"https:\/\/patagoniambiental.com.ar\/info\/wp-content\/uploads\/2024\/02\/Tronco-fosil-scaled-1.jpg\" \/>\n\t<meta property=\"og:image:width\" content=\"2560\" \/>\n\t<meta property=\"og:image:height\" content=\"1707\" \/>\n\t<meta property=\"og:image:type\" content=\"image\/jpeg\" \/>\n<meta name=\"author\" content=\"Patagonia Ambiental\" \/>\n<meta name=\"twitter:card\" content=\"summary_large_image\" \/>\n<meta name=\"twitter:creator\" content=\"@PatAmb\" \/>\n<meta name=\"twitter:site\" content=\"@PatAmb\" \/>\n<script type=\"application\/ld+json\" class=\"yoast-schema-graph\">{\"@context\":\"https:\\\/\\\/schema.org\",\"@graph\":[{\"@type\":\"Article\",\"@id\":\"https:\\\/\\\/patagoniambiental.com.ar\\\/info\\\/estudio-revela-nuevas-species-vegetals-que-habitaron-e-cretacico-supeior-en-la-patagonia\\\/#article\",\"isPartOf\":{\"@id\":\"https:\\\/\\\/patagoniambiental.com.ar\\\/info\\\/estudio-revela-nuevas-species-vegetals-que-habitaron-e-cretacico-supeior-en-la-patagonia\\\/\"},\"author\":{\"name\":\"Patagonia Ambiental\",\"@id\":\"https:\\\/\\\/patagoniambiental.com.ar\\\/info\\\/#\\\/schema\\\/person\\\/db12bff64bbcbf6a253710bf0ea37b5d\"},\"headline\":\"Revelan nuevas especies que habitaron el cretacico superior en la Patagonia\",\"datePublished\":\"2024-02-24T10:00:00+00:00\",\"dateModified\":\"2024-08-14T12:24:30+00:00\",\"mainEntityOfPage\":{\"@id\":\"https:\\\/\\\/patagoniambiental.com.ar\\\/info\\\/estudio-revela-nuevas-species-vegetals-que-habitaron-e-cretacico-supeior-en-la-patagonia\\\/\"},\"wordCount\":1159,\"commentCount\":0,\"publisher\":{\"@id\":\"https:\\\/\\\/patagoniambiental.com.ar\\\/info\\\/#organization\"},\"image\":{\"@id\":\"https:\\\/\\\/patagoniambiental.com.ar\\\/info\\\/estudio-revela-nuevas-species-vegetals-que-habitaron-e-cretacico-supeior-en-la-patagonia\\\/#primaryimage\"},\"thumbnailUrl\":\"https:\\\/\\\/patagoniambiental.com.ar\\\/info\\\/wp-content\\\/uploads\\\/2024\\\/02\\\/Tronco-fosil-scaled-1.jpg\",\"articleSection\":[\"General\"],\"inLanguage\":\"es\",\"potentialAction\":[{\"@type\":\"CommentAction\",\"name\":\"Comment\",\"target\":[\"https:\\\/\\\/patagoniambiental.com.ar\\\/info\\\/estudio-revela-nuevas-species-vegetals-que-habitaron-e-cretacico-supeior-en-la-patagonia\\\/#respond\"]}]},{\"@type\":\"WebPage\",\"@id\":\"https:\\\/\\\/patagoniambiental.com.ar\\\/info\\\/estudio-revela-nuevas-species-vegetals-que-habitaron-e-cretacico-supeior-en-la-patagonia\\\/\",\"url\":\"https:\\\/\\\/patagoniambiental.com.ar\\\/info\\\/estudio-revela-nuevas-species-vegetals-que-habitaron-e-cretacico-supeior-en-la-patagonia\\\/\",\"name\":\"Revelan nuevas especies que habitaron el cretacico superior en la Patagonia\",\"isPartOf\":{\"@id\":\"https:\\\/\\\/patagoniambiental.com.ar\\\/info\\\/#website\"},\"primaryImageOfPage\":{\"@id\":\"https:\\\/\\\/patagoniambiental.com.ar\\\/info\\\/estudio-revela-nuevas-species-vegetals-que-habitaron-e-cretacico-supeior-en-la-patagonia\\\/#primaryimage\"},\"image\":{\"@id\":\"https:\\\/\\\/patagoniambiental.com.ar\\\/info\\\/estudio-revela-nuevas-species-vegetals-que-habitaron-e-cretacico-supeior-en-la-patagonia\\\/#primaryimage\"},\"thumbnailUrl\":\"https:\\\/\\\/patagoniambiental.com.ar\\\/info\\\/wp-content\\\/uploads\\\/2024\\\/02\\\/Tronco-fosil-scaled-1.jpg\",\"datePublished\":\"2024-02-24T10:00:00+00:00\",\"dateModified\":\"2024-08-14T12:24:30+00:00\",\"breadcrumb\":{\"@id\":\"https:\\\/\\\/patagoniambiental.com.ar\\\/info\\\/estudio-revela-nuevas-species-vegetals-que-habitaron-e-cretacico-supeior-en-la-patagonia\\\/#breadcrumb\"},\"inLanguage\":\"es\",\"potentialAction\":[{\"@type\":\"ReadAction\",\"target\":[\"https:\\\/\\\/patagoniambiental.com.ar\\\/info\\\/estudio-revela-nuevas-species-vegetals-que-habitaron-e-cretacico-supeior-en-la-patagonia\\\/\"]}]},{\"@type\":\"ImageObject\",\"inLanguage\":\"es\",\"@id\":\"https:\\\/\\\/patagoniambiental.com.ar\\\/info\\\/estudio-revela-nuevas-species-vegetals-que-habitaron-e-cretacico-supeior-en-la-patagonia\\\/#primaryimage\",\"url\":\"https:\\\/\\\/patagoniambiental.com.ar\\\/info\\\/wp-content\\\/uploads\\\/2024\\\/02\\\/Tronco-fosil-scaled-1.jpg\",\"contentUrl\":\"https:\\\/\\\/patagoniambiental.com.ar\\\/info\\\/wp-content\\\/uploads\\\/2024\\\/02\\\/Tronco-fosil-scaled-1.jpg\",\"width\":900,\"height\":600},{\"@type\":\"BreadcrumbList\",\"@id\":\"https:\\\/\\\/patagoniambiental.com.ar\\\/info\\\/estudio-revela-nuevas-species-vegetals-que-habitaron-e-cretacico-supeior-en-la-patagonia\\\/#breadcrumb\",\"itemListElement\":[{\"@type\":\"ListItem\",\"position\":1,\"name\":\"Inicio\",\"item\":\"https:\\\/\\\/patagoniambiental.com.ar\\\/info\\\/\"},{\"@type\":\"ListItem\",\"position\":2,\"name\":\"Revelan nuevas especies que habitaron el cretacico superior en la Patagonia\"}]},{\"@type\":\"WebSite\",\"@id\":\"https:\\\/\\\/patagoniambiental.com.ar\\\/info\\\/#website\",\"url\":\"https:\\\/\\\/patagoniambiental.com.ar\\\/info\\\/\",\"name\":\"Patagonia Ambiental\",\"description\":\"Monitoreo y an\u00e1lisis de la situaci\u00f3n geopol\u00edtica en el mundo y su implicancia en la Patagonia\",\"publisher\":{\"@id\":\"https:\\\/\\\/patagoniambiental.com.ar\\\/info\\\/#organization\"},\"potentialAction\":[{\"@type\":\"SearchAction\",\"target\":{\"@type\":\"EntryPoint\",\"urlTemplate\":\"https:\\\/\\\/patagoniambiental.com.ar\\\/info\\\/?s={search_term_string}\"},\"query-input\":{\"@type\":\"PropertyValueSpecification\",\"valueRequired\":true,\"valueName\":\"search_term_string\"}}],\"inLanguage\":\"es\"},{\"@type\":\"Organization\",\"@id\":\"https:\\\/\\\/patagoniambiental.com.ar\\\/info\\\/#organization\",\"name\":\"Patagonia Ambiental\",\"url\":\"https:\\\/\\\/patagoniambiental.com.ar\\\/info\\\/\",\"logo\":{\"@type\":\"ImageObject\",\"inLanguage\":\"es\",\"@id\":\"https:\\\/\\\/patagoniambiental.com.ar\\\/info\\\/#\\\/schema\\\/logo\\\/image\\\/\",\"url\":\"https:\\\/\\\/patagoniambiental.com.ar\\\/info\\\/wp-content\\\/uploads\\\/2025\\\/05\\\/LOGO-PATAGONIA-AMBIENTAL.png\",\"contentUrl\":\"https:\\\/\\\/patagoniambiental.com.ar\\\/info\\\/wp-content\\\/uploads\\\/2025\\\/05\\\/LOGO-PATAGONIA-AMBIENTAL.png\",\"width\":433,\"height\":250,\"caption\":\"Patagonia Ambiental\"},\"image\":{\"@id\":\"https:\\\/\\\/patagoniambiental.com.ar\\\/info\\\/#\\\/schema\\\/logo\\\/image\\\/\"},\"sameAs\":[\"https:\\\/\\\/www.facebook.com\\\/patagonia.ambiental\",\"https:\\\/\\\/x.com\\\/PatAmb\"]},{\"@type\":\"Person\",\"@id\":\"https:\\\/\\\/patagoniambiental.com.ar\\\/info\\\/#\\\/schema\\\/person\\\/db12bff64bbcbf6a253710bf0ea37b5d\",\"name\":\"Patagonia Ambiental\",\"description\":\"Andr\u00e9s Nievas T\u00e9cnico en manejo ambiental, consultor Ambiental y escritor para medios locales e internacionales sobre temas de geopolitica y medio ambiente.\",\"sameAs\":[\"http:\\\/\\\/www.patagoniambiental.com.ar\",\"https:\\\/\\\/www.facebook.com\\\/share\\\/1C1V8Gv9BX\\\/?mibextid=qi2Omg\",\"@patagoniambiental\",\"https:\\\/\\\/youtube.com\\\/@patagoniaambiental2023?si=BLt58t0wuXquxlYZ\"]}]}<\/script>\n<!-- \/ Yoast SEO Premium plugin. -->","yoast_head_json":{"title":"Revelan nuevas especies que habitaron el cretacico superior en la Patagonia","robots":{"index":"index","follow":"follow","max-snippet":"max-snippet:-1","max-image-preview":"max-image-preview:large","max-video-preview":"max-video-preview:-1"},"canonical":"https:\/\/patagoniambiental.com.ar\/info\/estudio-revela-nuevas-species-vegetals-que-habitaron-e-cretacico-supeior-en-la-patagonia\/","og_locale":"es_ES","og_type":"article","og_title":"Revelan nuevas especies que habitaron el cretacico superior en la Patagonia","og_url":"https:\/\/patagoniambiental.com.ar\/info\/estudio-revela-nuevas-species-vegetals-que-habitaron-e-cretacico-supeior-en-la-patagonia\/","og_site_name":"Patagonia Ambiental","article_publisher":"https:\/\/www.facebook.com\/patagonia.ambiental","article_author":"https:\/\/www.facebook.com\/share\/1C1V8Gv9BX\/?mibextid=qi2Omg","article_published_time":"2024-02-24T10:00:00+00:00","article_modified_time":"2024-08-14T12:24:30+00:00","og_image":[{"width":2560,"height":1707,"url":"https:\/\/patagoniambiental.com.ar\/info\/wp-content\/uploads\/2024\/02\/Tronco-fosil-scaled-1.jpg","type":"image\/jpeg"}],"author":"Patagonia Ambiental","twitter_card":"summary_large_image","twitter_creator":"@PatAmb","twitter_site":"@PatAmb","schema":{"@context":"https:\/\/schema.org","@graph":[{"@type":"Article","@id":"https:\/\/patagoniambiental.com.ar\/info\/estudio-revela-nuevas-species-vegetals-que-habitaron-e-cretacico-supeior-en-la-patagonia\/#article","isPartOf":{"@id":"https:\/\/patagoniambiental.com.ar\/info\/estudio-revela-nuevas-species-vegetals-que-habitaron-e-cretacico-supeior-en-la-patagonia\/"},"author":{"name":"Patagonia Ambiental","@id":"https:\/\/patagoniambiental.com.ar\/info\/#\/schema\/person\/db12bff64bbcbf6a253710bf0ea37b5d"},"headline":"Revelan nuevas especies que habitaron el cretacico superior en la Patagonia","datePublished":"2024-02-24T10:00:00+00:00","dateModified":"2024-08-14T12:24:30+00:00","mainEntityOfPage":{"@id":"https:\/\/patagoniambiental.com.ar\/info\/estudio-revela-nuevas-species-vegetals-que-habitaron-e-cretacico-supeior-en-la-patagonia\/"},"wordCount":1159,"commentCount":0,"publisher":{"@id":"https:\/\/patagoniambiental.com.ar\/info\/#organization"},"image":{"@id":"https:\/\/patagoniambiental.com.ar\/info\/estudio-revela-nuevas-species-vegetals-que-habitaron-e-cretacico-supeior-en-la-patagonia\/#primaryimage"},"thumbnailUrl":"https:\/\/patagoniambiental.com.ar\/info\/wp-content\/uploads\/2024\/02\/Tronco-fosil-scaled-1.jpg","articleSection":["General"],"inLanguage":"es","potentialAction":[{"@type":"CommentAction","name":"Comment","target":["https:\/\/patagoniambiental.com.ar\/info\/estudio-revela-nuevas-species-vegetals-que-habitaron-e-cretacico-supeior-en-la-patagonia\/#respond"]}]},{"@type":"WebPage","@id":"https:\/\/patagoniambiental.com.ar\/info\/estudio-revela-nuevas-species-vegetals-que-habitaron-e-cretacico-supeior-en-la-patagonia\/","url":"https:\/\/patagoniambiental.com.ar\/info\/estudio-revela-nuevas-species-vegetals-que-habitaron-e-cretacico-supeior-en-la-patagonia\/","name":"Revelan nuevas especies que habitaron el cretacico superior en la Patagonia","isPartOf":{"@id":"https:\/\/patagoniambiental.com.ar\/info\/#website"},"primaryImageOfPage":{"@id":"https:\/\/patagoniambiental.com.ar\/info\/estudio-revela-nuevas-species-vegetals-que-habitaron-e-cretacico-supeior-en-la-patagonia\/#primaryimage"},"image":{"@id":"https:\/\/patagoniambiental.com.ar\/info\/estudio-revela-nuevas-species-vegetals-que-habitaron-e-cretacico-supeior-en-la-patagonia\/#primaryimage"},"thumbnailUrl":"https:\/\/patagoniambiental.com.ar\/info\/wp-content\/uploads\/2024\/02\/Tronco-fosil-scaled-1.jpg","datePublished":"2024-02-24T10:00:00+00:00","dateModified":"2024-08-14T12:24:30+00:00","breadcrumb":{"@id":"https:\/\/patagoniambiental.com.ar\/info\/estudio-revela-nuevas-species-vegetals-que-habitaron-e-cretacico-supeior-en-la-patagonia\/#breadcrumb"},"inLanguage":"es","potentialAction":[{"@type":"ReadAction","target":["https:\/\/patagoniambiental.com.ar\/info\/estudio-revela-nuevas-species-vegetals-que-habitaron-e-cretacico-supeior-en-la-patagonia\/"]}]},{"@type":"ImageObject","inLanguage":"es","@id":"https:\/\/patagoniambiental.com.ar\/info\/estudio-revela-nuevas-species-vegetals-que-habitaron-e-cretacico-supeior-en-la-patagonia\/#primaryimage","url":"https:\/\/patagoniambiental.com.ar\/info\/wp-content\/uploads\/2024\/02\/Tronco-fosil-scaled-1.jpg","contentUrl":"https:\/\/patagoniambiental.com.ar\/info\/wp-content\/uploads\/2024\/02\/Tronco-fosil-scaled-1.jpg","width":900,"height":600},{"@type":"BreadcrumbList","@id":"https:\/\/patagoniambiental.com.ar\/info\/estudio-revela-nuevas-species-vegetals-que-habitaron-e-cretacico-supeior-en-la-patagonia\/#breadcrumb","itemListElement":[{"@type":"ListItem","position":1,"name":"Inicio","item":"https:\/\/patagoniambiental.com.ar\/info\/"},{"@type":"ListItem","position":2,"name":"Revelan nuevas especies que habitaron el cretacico superior en la Patagonia"}]},{"@type":"WebSite","@id":"https:\/\/patagoniambiental.com.ar\/info\/#website","url":"https:\/\/patagoniambiental.com.ar\/info\/","name":"Patagonia Ambiental","description":"Monitoreo y an\u00e1lisis de la situaci\u00f3n geopol\u00edtica en el mundo y su implicancia en la Patagonia","publisher":{"@id":"https:\/\/patagoniambiental.com.ar\/info\/#organization"},"potentialAction":[{"@type":"SearchAction","target":{"@type":"EntryPoint","urlTemplate":"https:\/\/patagoniambiental.com.ar\/info\/?s={search_term_string}"},"query-input":{"@type":"PropertyValueSpecification","valueRequired":true,"valueName":"search_term_string"}}],"inLanguage":"es"},{"@type":"Organization","@id":"https:\/\/patagoniambiental.com.ar\/info\/#organization","name":"Patagonia Ambiental","url":"https:\/\/patagoniambiental.com.ar\/info\/","logo":{"@type":"ImageObject","inLanguage":"es","@id":"https:\/\/patagoniambiental.com.ar\/info\/#\/schema\/logo\/image\/","url":"https:\/\/patagoniambiental.com.ar\/info\/wp-content\/uploads\/2025\/05\/LOGO-PATAGONIA-AMBIENTAL.png","contentUrl":"https:\/\/patagoniambiental.com.ar\/info\/wp-content\/uploads\/2025\/05\/LOGO-PATAGONIA-AMBIENTAL.png","width":433,"height":250,"caption":"Patagonia Ambiental"},"image":{"@id":"https:\/\/patagoniambiental.com.ar\/info\/#\/schema\/logo\/image\/"},"sameAs":["https:\/\/www.facebook.com\/patagonia.ambiental","https:\/\/x.com\/PatAmb"]},{"@type":"Person","@id":"https:\/\/patagoniambiental.com.ar\/info\/#\/schema\/person\/db12bff64bbcbf6a253710bf0ea37b5d","name":"Patagonia Ambiental","description":"Andr\u00e9s Nievas T\u00e9cnico en manejo ambiental, consultor Ambiental y escritor para medios locales e internacionales sobre temas de geopolitica y medio ambiente.","sameAs":["http:\/\/www.patagoniambiental.com.ar","https:\/\/www.facebook.com\/share\/1C1V8Gv9BX\/?mibextid=qi2Omg","@patagoniambiental","https:\/\/youtube.com\/@patagoniaambiental2023?si=BLt58t0wuXquxlYZ"]}]}},"_links":{"self":[{"href":"https:\/\/patagoniambiental.com.ar\/info\/wp-json\/wp\/v2\/posts\/80006","targetHints":{"allow":["GET"]}}],"collection":[{"href":"https:\/\/patagoniambiental.com.ar\/info\/wp-json\/wp\/v2\/posts"}],"about":[{"href":"https:\/\/patagoniambiental.com.ar\/info\/wp-json\/wp\/v2\/types\/post"}],"author":[{"embeddable":true,"href":"https:\/\/patagoniambiental.com.ar\/info\/wp-json\/wp\/v2\/users\/2"}],"replies":[{"embeddable":true,"href":"https:\/\/patagoniambiental.com.ar\/info\/wp-json\/wp\/v2\/comments?post=80006"}],"version-history":[{"count":0,"href":"https:\/\/patagoniambiental.com.ar\/info\/wp-json\/wp\/v2\/posts\/80006\/revisions"}],"wp:featuredmedia":[{"embeddable":true,"href":"https:\/\/patagoniambiental.com.ar\/info\/wp-json\/wp\/v2\/media\/80007"}],"wp:attachment":[{"href":"https:\/\/patagoniambiental.com.ar\/info\/wp-json\/wp\/v2\/media?parent=80006"}],"wp:term":[{"taxonomy":"category","embeddable":true,"href":"https:\/\/patagoniambiental.com.ar\/info\/wp-json\/wp\/v2\/categories?post=80006"},{"taxonomy":"post_tag","embeddable":true,"href":"https:\/\/patagoniambiental.com.ar\/info\/wp-json\/wp\/v2\/tags?post=80006"}],"curies":[{"name":"wp","href":"https:\/\/api.w.org\/{rel}","templated":true}]}}