{"id":80025,"date":"2024-02-24T19:00:00","date_gmt":"2024-02-24T22:00:00","guid":{"rendered":"https:\/\/patagoniambiental.com.ar\/info\/?p=80025"},"modified":"2025-12-13T10:18:27","modified_gmt":"2025-12-13T13:18:27","slug":"presentaran-parte-de-los-resultados-obtenidos-en-el-pn-los-glaciares","status":"publish","type":"post","link":"https:\/\/patagoniambiental.com.ar\/info\/presentaran-parte-de-los-resultados-obtenidos-en-el-pn-los-glaciares\/","title":{"rendered":"Presentaran parte de los resultados obtenidos en el PN Los Glaciares"},"content":{"rendered":"\n<!--more-->\n\n\n\n<p>Destacados arque\u00f3logos que han desarrollado sus investigaciones sobre la superficie del Parque Nacional Los Glaciares brindar\u00e1n una disertaci\u00f3n destinada al p\u00fablico en general en las instalaciones del centro de informes del PN en El Calafate. &nbsp;<\/p>\n\n\n\n<figure class=\"wp-block-image size-full\"><img fetchpriority=\"high\" decoding=\"async\" width=\"968\" height=\"501\" src=\"https:\/\/patagoniambiental.com.ar\/info\/wp-content\/uploads\/2024\/02\/parque-nacional-los-glciares-pn.jpg\" alt=\"PN de los Glaciares. Informes\" class=\"wp-image-100004\"\/><figcaption class=\"wp-element-caption\">PN de los Glaciares. Informes<\/figcaption><\/figure>\n\n\n\n<p><a class=\"\" href=\"javascript: void(0)\"><\/a><a class=\" \" href=\"javascript: void(0)\"><\/a><a href=\"whatsapp:\/\/send?text=Mira%20esto:%20Presentaran%20parte%20de%20los%20resultados%20obtenidos%20en%20el%20PN%20Los%20Glaciares%20|%20https:\/\/www.tiemposur.com.ar\/info-general\/presentaran-parte-de-los-resultados-obtenidos-en-el-pn-los-glaciares-1\"><\/a><a href=\"mailto:?subject=Mira%20esto:%20Presentaran%20parte%20de%20los%20resultados%20obtenidos%20en%20el%20PN%20Los%20Glaciares%20|%20https:\/\/www.tiemposur.com.ar\/info-general\/presentaran-parte-de-los-resultados-obtenidos-en-el-pn-los-glaciares-1\" class=\"\"><\/a><a href=\"javascript:;\"><\/a><\/p>\n\n\n\n<p><strong>El Dr. Juan Bautista Belardi, arque\u00f3logo y docente investigador de la UNPA-UARG y CONICET, junto a la Dra. Lucia Blanco, arque\u00f3loga de la direcci\u00f3n regional Patagonia, brindar\u00e1n una charla abierta al p\u00fablico en general.<\/strong>&nbsp;La misma se denomina \u201cArqueolog\u00eda en el Parque Nacional Los Glaciares. Nuevos datos para la discusi\u00f3n de umbrales de marginalidad en espacios occidentales del sur de la provincia de Santa Cruz\u201d.<\/p>\n\n\n\n<p>La convocatoria esta planteada para el pr\u00f3ximo jueves 29 de febrero, desde las 19 horas, en nuestro Centro de Informes del PN Los Glaciares (Av. Libertador esquina Bustillo\/El Calafate)<a href=\"https:\/\/www.tiemposur.com.ar\/info-general\/dia-del-compromiso-internacional-del-control-del-mercurio-1\">.<\/a><\/p>\n\n\n\n<p>Vale la pena mencionar que los trabajos arqueol\u00f3gicos en el Parque Nacional Los Glaciares se han retomado en a\u00f1os recientes, arrojando buenos resultados, donde el desarrollo de<strong>&nbsp;tareas de relevamiento, prospecci\u00f3n y excavaci\u00f3n permitieron profundizar el conocimiento de las ocupaciones de cazadores-recolectores en el pasado para el sudoeste de la regi\u00f3n patag\u00f3nica, particularmente para el espacio occidental del Lago Viedma, as\u00ed como el sector de r\u00edo Guanaco y de Estancia Cristina-Bah\u00eda Carnero.<\/strong><\/p>\n\n\n\n<p>Como dato a tener en cuenta, seg\u00fan dejan trascender desde la organizaci\u00f3n, \u201cen esta latitud, se trata de espacios que pudieron haber sido ocupados por grupos cazadores-recolectores de manera estacional (fines de primavera y verano), ya que en algunos casos se encuentran inmediatos al Campo de Hielo&nbsp;Patag\u00f3nico Sur\u201d, y remarcaron que \u201cesta disertaci\u00f3n pretende dar cuenta de los resultados obtenidos hasta el momento y de las discusiones que se pueden plantear a partir de los mismos\u201d.<\/p>\n\n\n\n<p>Fuente: <a href=\"http:\/\/www.tiemposur.com.ar\" target=\"_blank\" rel=\"noreferrer noopener\">www.tiemposur.com.ar<\/a><\/p>\n\n\n\n<p><\/p>\n","protected":false},"excerpt":{"rendered":"","protected":false},"author":2,"featured_media":100004,"comment_status":"open","ping_status":"open","sticky":false,"template":"","format":"standard","meta":{"site-sidebar-layout":"default","site-content-layout":"","ast-site-content-layout":"default","site-content-style":"default","site-sidebar-style":"default","ast-global-header-display":"","ast-banner-title-visibility":"","ast-main-header-display":"","ast-hfb-above-header-display":"","ast-hfb-below-header-display":"","ast-hfb-mobile-header-display":"","site-post-title":"","ast-breadcrumbs-content":"","ast-featured-img":"","footer-sml-layout":"","ast-disable-related-posts":"","theme-transparent-header-meta":"","adv-header-id-meta":"","stick-header-meta":"","header-above-stick-meta":"","header-main-stick-meta":"","header-below-stick-meta":"","astra-migrate-meta-layouts":"default","ast-page-background-enabled":"default","ast-page-background-meta":{"desktop":{"background-color":"var(--ast-global-color-5)","background-image":"","background-repeat":"repeat","background-position":"center center","background-size":"auto","background-attachment":"scroll","background-type":"","background-media":"","overlay-type":"","overlay-color":"","overlay-opacity":"","overlay-gradient":""},"tablet":{"background-color":"","background-image":"","background-repeat":"repeat","background-position":"center center","background-size":"auto","background-attachment":"scroll","background-type":"","background-media":"","overlay-type":"","overlay-color":"","overlay-opacity":"","overlay-gradient":""},"mobile":{"background-color":"","background-image":"","background-repeat":"repeat","background-position":"center center","background-size":"auto","background-attachment":"scroll","background-type":"","background-media":"","overlay-type":"","overlay-color":"","overlay-opacity":"","overlay-gradient":""}},"ast-content-background-meta":{"desktop":{"background-color":"var(--ast-global-color-4)","background-image":"","background-repeat":"repeat","background-position":"center center","background-size":"auto","background-attachment":"scroll","background-type":"","background-media":"","overlay-type":"","overlay-color":"","overlay-opacity":"","overlay-gradient":""},"tablet":{"background-color":"var(--ast-global-color-4)","background-image":"","background-repeat":"repeat","background-position":"center center","background-size":"auto","background-attachment":"scroll","background-type":"","background-media":"","overlay-type":"","overlay-color":"","overlay-opacity":"","overlay-gradient":""},"mobile":{"background-color":"var(--ast-global-color-4)","background-image":"","background-repeat":"repeat","background-position":"center center","background-size":"auto","background-attachment":"scroll","background-type":"","background-media":"","overlay-type":"","overlay-color":"","overlay-opacity":"","overlay-gradient":""}},"footnotes":""},"categories":[13],"tags":[],"class_list":["post-80025","post","type-post","status-publish","format-standard","has-post-thumbnail","hentry","category-provinciales"],"yoast_head":"<!-- This site is optimized with the Yoast SEO Premium plugin v23.0 (Yoast SEO v27.5) - https:\/\/yoast.com\/product\/yoast-seo-premium-wordpress\/ -->\n<title>Presentaran resultados sobre el PN Los Glaciares<\/title>\n<meta name=\"description\" content=\"Destacados arque\u00f3logos brindar\u00e1n una disertaci\u00f3n destinada al p\u00fablico en general en las instalaciones del centro de informes del PN en El Calafate.\" \/>\n<meta name=\"robots\" content=\"index, follow, max-snippet:-1, max-image-preview:large, max-video-preview:-1\" \/>\n<link rel=\"canonical\" href=\"https:\/\/patagoniambiental.com.ar\/info\/presentaran-parte-de-los-resultados-obtenidos-en-el-pn-los-glaciares\/\" \/>\n<meta property=\"og:locale\" content=\"es_ES\" \/>\n<meta property=\"og:type\" content=\"article\" \/>\n<meta property=\"og:title\" content=\"Presentaran parte de los resultados obtenidos en el PN Los Glaciares\" \/>\n<meta property=\"og:description\" content=\"Destacados arque\u00f3logos brindar\u00e1n una disertaci\u00f3n destinada al p\u00fablico en general en las instalaciones del centro de informes del PN en El Calafate.\" \/>\n<meta property=\"og:url\" content=\"https:\/\/patagoniambiental.com.ar\/info\/presentaran-parte-de-los-resultados-obtenidos-en-el-pn-los-glaciares\/\" \/>\n<meta property=\"og:site_name\" content=\"Patagonia Ambiental\" \/>\n<meta property=\"article:publisher\" content=\"https:\/\/www.facebook.com\/patagonia.ambiental\" \/>\n<meta property=\"article:author\" content=\"https:\/\/www.facebook.com\/share\/1C1V8Gv9BX\/?mibextid=qi2Omg\" \/>\n<meta property=\"article:published_time\" content=\"2024-02-24T22:00:00+00:00\" \/>\n<meta property=\"article:modified_time\" content=\"2025-12-13T13:18:27+00:00\" \/>\n<meta property=\"og:image\" content=\"https:\/\/patagoniambiental.com.ar\/info\/wp-content\/uploads\/2024\/02\/parque-nacional-los-glciares-pn.jpg\" \/>\n\t<meta property=\"og:image:width\" content=\"968\" \/>\n\t<meta property=\"og:image:height\" content=\"501\" \/>\n\t<meta property=\"og:image:type\" content=\"image\/jpeg\" \/>\n<meta name=\"author\" content=\"Patagonia Ambiental\" \/>\n<meta name=\"twitter:card\" content=\"summary_large_image\" \/>\n<meta name=\"twitter:creator\" content=\"@PatAmb\" \/>\n<meta name=\"twitter:site\" content=\"@PatAmb\" \/>\n<script type=\"application\/ld+json\" class=\"yoast-schema-graph\">{\"@context\":\"https:\\\/\\\/schema.org\",\"@graph\":[{\"@type\":\"Article\",\"@id\":\"https:\\\/\\\/patagoniambiental.com.ar\\\/info\\\/presentaran-parte-de-los-resultados-obtenidos-en-el-pn-los-glaciares\\\/#article\",\"isPartOf\":{\"@id\":\"https:\\\/\\\/patagoniambiental.com.ar\\\/info\\\/presentaran-parte-de-los-resultados-obtenidos-en-el-pn-los-glaciares\\\/\"},\"author\":{\"name\":\"Patagonia Ambiental\",\"@id\":\"https:\\\/\\\/patagoniambiental.com.ar\\\/info\\\/#\\\/schema\\\/person\\\/db12bff64bbcbf6a253710bf0ea37b5d\"},\"headline\":\"Presentaran parte de los resultados obtenidos en el PN Los Glaciares\",\"datePublished\":\"2024-02-24T22:00:00+00:00\",\"dateModified\":\"2025-12-13T13:18:27+00:00\",\"mainEntityOfPage\":{\"@id\":\"https:\\\/\\\/patagoniambiental.com.ar\\\/info\\\/presentaran-parte-de-los-resultados-obtenidos-en-el-pn-los-glaciares\\\/\"},\"wordCount\":326,\"commentCount\":0,\"publisher\":{\"@id\":\"https:\\\/\\\/patagoniambiental.com.ar\\\/info\\\/#organization\"},\"image\":{\"@id\":\"https:\\\/\\\/patagoniambiental.com.ar\\\/info\\\/presentaran-parte-de-los-resultados-obtenidos-en-el-pn-los-glaciares\\\/#primaryimage\"},\"thumbnailUrl\":\"https:\\\/\\\/patagoniambiental.com.ar\\\/info\\\/wp-content\\\/uploads\\\/2024\\\/02\\\/parque-nacional-los-glciares-pn.jpg\",\"articleSection\":[\"Provinciales\"],\"inLanguage\":\"es\",\"potentialAction\":[{\"@type\":\"CommentAction\",\"name\":\"Comment\",\"target\":[\"https:\\\/\\\/patagoniambiental.com.ar\\\/info\\\/presentaran-parte-de-los-resultados-obtenidos-en-el-pn-los-glaciares\\\/#respond\"]}]},{\"@type\":\"WebPage\",\"@id\":\"https:\\\/\\\/patagoniambiental.com.ar\\\/info\\\/presentaran-parte-de-los-resultados-obtenidos-en-el-pn-los-glaciares\\\/\",\"url\":\"https:\\\/\\\/patagoniambiental.com.ar\\\/info\\\/presentaran-parte-de-los-resultados-obtenidos-en-el-pn-los-glaciares\\\/\",\"name\":\"Presentaran resultados sobre el PN Los Glaciares\",\"isPartOf\":{\"@id\":\"https:\\\/\\\/patagoniambiental.com.ar\\\/info\\\/#website\"},\"primaryImageOfPage\":{\"@id\":\"https:\\\/\\\/patagoniambiental.com.ar\\\/info\\\/presentaran-parte-de-los-resultados-obtenidos-en-el-pn-los-glaciares\\\/#primaryimage\"},\"image\":{\"@id\":\"https:\\\/\\\/patagoniambiental.com.ar\\\/info\\\/presentaran-parte-de-los-resultados-obtenidos-en-el-pn-los-glaciares\\\/#primaryimage\"},\"thumbnailUrl\":\"https:\\\/\\\/patagoniambiental.com.ar\\\/info\\\/wp-content\\\/uploads\\\/2024\\\/02\\\/parque-nacional-los-glciares-pn.jpg\",\"datePublished\":\"2024-02-24T22:00:00+00:00\",\"dateModified\":\"2025-12-13T13:18:27+00:00\",\"description\":\"Destacados arque\u00f3logos brindar\u00e1n una disertaci\u00f3n destinada al p\u00fablico en general en las instalaciones del centro de informes del PN en El Calafate.\",\"breadcrumb\":{\"@id\":\"https:\\\/\\\/patagoniambiental.com.ar\\\/info\\\/presentaran-parte-de-los-resultados-obtenidos-en-el-pn-los-glaciares\\\/#breadcrumb\"},\"inLanguage\":\"es\",\"potentialAction\":[{\"@type\":\"ReadAction\",\"target\":[\"https:\\\/\\\/patagoniambiental.com.ar\\\/info\\\/presentaran-parte-de-los-resultados-obtenidos-en-el-pn-los-glaciares\\\/\"]}]},{\"@type\":\"ImageObject\",\"inLanguage\":\"es\",\"@id\":\"https:\\\/\\\/patagoniambiental.com.ar\\\/info\\\/presentaran-parte-de-los-resultados-obtenidos-en-el-pn-los-glaciares\\\/#primaryimage\",\"url\":\"https:\\\/\\\/patagoniambiental.com.ar\\\/info\\\/wp-content\\\/uploads\\\/2024\\\/02\\\/parque-nacional-los-glciares-pn.jpg\",\"contentUrl\":\"https:\\\/\\\/patagoniambiental.com.ar\\\/info\\\/wp-content\\\/uploads\\\/2024\\\/02\\\/parque-nacional-los-glciares-pn.jpg\",\"width\":968,\"height\":501,\"caption\":\"PN de los Glaciares. Informes\"},{\"@type\":\"BreadcrumbList\",\"@id\":\"https:\\\/\\\/patagoniambiental.com.ar\\\/info\\\/presentaran-parte-de-los-resultados-obtenidos-en-el-pn-los-glaciares\\\/#breadcrumb\",\"itemListElement\":[{\"@type\":\"ListItem\",\"position\":1,\"name\":\"Inicio\",\"item\":\"https:\\\/\\\/patagoniambiental.com.ar\\\/info\\\/\"},{\"@type\":\"ListItem\",\"position\":2,\"name\":\"Presentaran parte de los resultados obtenidos en el PN Los Glaciares\"}]},{\"@type\":\"WebSite\",\"@id\":\"https:\\\/\\\/patagoniambiental.com.ar\\\/info\\\/#website\",\"url\":\"https:\\\/\\\/patagoniambiental.com.ar\\\/info\\\/\",\"name\":\"Patagonia Ambiental\",\"description\":\"Monitoreo y an\u00e1lisis de la situaci\u00f3n geopol\u00edtica en el mundo y su implicancia en la Patagonia\",\"publisher\":{\"@id\":\"https:\\\/\\\/patagoniambiental.com.ar\\\/info\\\/#organization\"},\"potentialAction\":[{\"@type\":\"SearchAction\",\"target\":{\"@type\":\"EntryPoint\",\"urlTemplate\":\"https:\\\/\\\/patagoniambiental.com.ar\\\/info\\\/?s={search_term_string}\"},\"query-input\":{\"@type\":\"PropertyValueSpecification\",\"valueRequired\":true,\"valueName\":\"search_term_string\"}}],\"inLanguage\":\"es\"},{\"@type\":\"Organization\",\"@id\":\"https:\\\/\\\/patagoniambiental.com.ar\\\/info\\\/#organization\",\"name\":\"Patagonia Ambiental\",\"url\":\"https:\\\/\\\/patagoniambiental.com.ar\\\/info\\\/\",\"logo\":{\"@type\":\"ImageObject\",\"inLanguage\":\"es\",\"@id\":\"https:\\\/\\\/patagoniambiental.com.ar\\\/info\\\/#\\\/schema\\\/logo\\\/image\\\/\",\"url\":\"https:\\\/\\\/patagoniambiental.com.ar\\\/info\\\/wp-content\\\/uploads\\\/2025\\\/05\\\/LOGO-PATAGONIA-AMBIENTAL.png\",\"contentUrl\":\"https:\\\/\\\/patagoniambiental.com.ar\\\/info\\\/wp-content\\\/uploads\\\/2025\\\/05\\\/LOGO-PATAGONIA-AMBIENTAL.png\",\"width\":433,\"height\":250,\"caption\":\"Patagonia Ambiental\"},\"image\":{\"@id\":\"https:\\\/\\\/patagoniambiental.com.ar\\\/info\\\/#\\\/schema\\\/logo\\\/image\\\/\"},\"sameAs\":[\"https:\\\/\\\/www.facebook.com\\\/patagonia.ambiental\",\"https:\\\/\\\/x.com\\\/PatAmb\"]},{\"@type\":\"Person\",\"@id\":\"https:\\\/\\\/patagoniambiental.com.ar\\\/info\\\/#\\\/schema\\\/person\\\/db12bff64bbcbf6a253710bf0ea37b5d\",\"name\":\"Patagonia Ambiental\",\"description\":\"Andr\u00e9s Nievas T\u00e9cnico en manejo ambiental, consultor Ambiental y escritor para medios locales e internacionales sobre temas de geopolitica y medio ambiente.\",\"sameAs\":[\"http:\\\/\\\/www.patagoniambiental.com.ar\",\"https:\\\/\\\/www.facebook.com\\\/share\\\/1C1V8Gv9BX\\\/?mibextid=qi2Omg\",\"@patagoniambiental\",\"https:\\\/\\\/youtube.com\\\/@patagoniaambiental2023?si=BLt58t0wuXquxlYZ\"]}]}<\/script>\n<!-- \/ Yoast SEO Premium plugin. -->","yoast_head_json":{"title":"Presentaran resultados sobre el PN Los Glaciares","description":"Destacados arque\u00f3logos brindar\u00e1n una disertaci\u00f3n destinada al p\u00fablico en general en las instalaciones del centro de informes del PN en El Calafate.","robots":{"index":"index","follow":"follow","max-snippet":"max-snippet:-1","max-image-preview":"max-image-preview:large","max-video-preview":"max-video-preview:-1"},"canonical":"https:\/\/patagoniambiental.com.ar\/info\/presentaran-parte-de-los-resultados-obtenidos-en-el-pn-los-glaciares\/","og_locale":"es_ES","og_type":"article","og_title":"Presentaran parte de los resultados obtenidos en el PN Los Glaciares","og_description":"Destacados arque\u00f3logos brindar\u00e1n una disertaci\u00f3n destinada al p\u00fablico en general en las instalaciones del centro de informes del PN en El Calafate.","og_url":"https:\/\/patagoniambiental.com.ar\/info\/presentaran-parte-de-los-resultados-obtenidos-en-el-pn-los-glaciares\/","og_site_name":"Patagonia Ambiental","article_publisher":"https:\/\/www.facebook.com\/patagonia.ambiental","article_author":"https:\/\/www.facebook.com\/share\/1C1V8Gv9BX\/?mibextid=qi2Omg","article_published_time":"2024-02-24T22:00:00+00:00","article_modified_time":"2025-12-13T13:18:27+00:00","og_image":[{"width":968,"height":501,"url":"https:\/\/patagoniambiental.com.ar\/info\/wp-content\/uploads\/2024\/02\/parque-nacional-los-glciares-pn.jpg","type":"image\/jpeg"}],"author":"Patagonia Ambiental","twitter_card":"summary_large_image","twitter_creator":"@PatAmb","twitter_site":"@PatAmb","schema":{"@context":"https:\/\/schema.org","@graph":[{"@type":"Article","@id":"https:\/\/patagoniambiental.com.ar\/info\/presentaran-parte-de-los-resultados-obtenidos-en-el-pn-los-glaciares\/#article","isPartOf":{"@id":"https:\/\/patagoniambiental.com.ar\/info\/presentaran-parte-de-los-resultados-obtenidos-en-el-pn-los-glaciares\/"},"author":{"name":"Patagonia Ambiental","@id":"https:\/\/patagoniambiental.com.ar\/info\/#\/schema\/person\/db12bff64bbcbf6a253710bf0ea37b5d"},"headline":"Presentaran parte de los resultados obtenidos en el PN Los Glaciares","datePublished":"2024-02-24T22:00:00+00:00","dateModified":"2025-12-13T13:18:27+00:00","mainEntityOfPage":{"@id":"https:\/\/patagoniambiental.com.ar\/info\/presentaran-parte-de-los-resultados-obtenidos-en-el-pn-los-glaciares\/"},"wordCount":326,"commentCount":0,"publisher":{"@id":"https:\/\/patagoniambiental.com.ar\/info\/#organization"},"image":{"@id":"https:\/\/patagoniambiental.com.ar\/info\/presentaran-parte-de-los-resultados-obtenidos-en-el-pn-los-glaciares\/#primaryimage"},"thumbnailUrl":"https:\/\/patagoniambiental.com.ar\/info\/wp-content\/uploads\/2024\/02\/parque-nacional-los-glciares-pn.jpg","articleSection":["Provinciales"],"inLanguage":"es","potentialAction":[{"@type":"CommentAction","name":"Comment","target":["https:\/\/patagoniambiental.com.ar\/info\/presentaran-parte-de-los-resultados-obtenidos-en-el-pn-los-glaciares\/#respond"]}]},{"@type":"WebPage","@id":"https:\/\/patagoniambiental.com.ar\/info\/presentaran-parte-de-los-resultados-obtenidos-en-el-pn-los-glaciares\/","url":"https:\/\/patagoniambiental.com.ar\/info\/presentaran-parte-de-los-resultados-obtenidos-en-el-pn-los-glaciares\/","name":"Presentaran resultados sobre el PN Los Glaciares","isPartOf":{"@id":"https:\/\/patagoniambiental.com.ar\/info\/#website"},"primaryImageOfPage":{"@id":"https:\/\/patagoniambiental.com.ar\/info\/presentaran-parte-de-los-resultados-obtenidos-en-el-pn-los-glaciares\/#primaryimage"},"image":{"@id":"https:\/\/patagoniambiental.com.ar\/info\/presentaran-parte-de-los-resultados-obtenidos-en-el-pn-los-glaciares\/#primaryimage"},"thumbnailUrl":"https:\/\/patagoniambiental.com.ar\/info\/wp-content\/uploads\/2024\/02\/parque-nacional-los-glciares-pn.jpg","datePublished":"2024-02-24T22:00:00+00:00","dateModified":"2025-12-13T13:18:27+00:00","description":"Destacados arque\u00f3logos brindar\u00e1n una disertaci\u00f3n destinada al p\u00fablico en general en las instalaciones del centro de informes del PN en El Calafate.","breadcrumb":{"@id":"https:\/\/patagoniambiental.com.ar\/info\/presentaran-parte-de-los-resultados-obtenidos-en-el-pn-los-glaciares\/#breadcrumb"},"inLanguage":"es","potentialAction":[{"@type":"ReadAction","target":["https:\/\/patagoniambiental.com.ar\/info\/presentaran-parte-de-los-resultados-obtenidos-en-el-pn-los-glaciares\/"]}]},{"@type":"ImageObject","inLanguage":"es","@id":"https:\/\/patagoniambiental.com.ar\/info\/presentaran-parte-de-los-resultados-obtenidos-en-el-pn-los-glaciares\/#primaryimage","url":"https:\/\/patagoniambiental.com.ar\/info\/wp-content\/uploads\/2024\/02\/parque-nacional-los-glciares-pn.jpg","contentUrl":"https:\/\/patagoniambiental.com.ar\/info\/wp-content\/uploads\/2024\/02\/parque-nacional-los-glciares-pn.jpg","width":968,"height":501,"caption":"PN de los Glaciares. Informes"},{"@type":"BreadcrumbList","@id":"https:\/\/patagoniambiental.com.ar\/info\/presentaran-parte-de-los-resultados-obtenidos-en-el-pn-los-glaciares\/#breadcrumb","itemListElement":[{"@type":"ListItem","position":1,"name":"Inicio","item":"https:\/\/patagoniambiental.com.ar\/info\/"},{"@type":"ListItem","position":2,"name":"Presentaran parte de los resultados obtenidos en el PN Los Glaciares"}]},{"@type":"WebSite","@id":"https:\/\/patagoniambiental.com.ar\/info\/#website","url":"https:\/\/patagoniambiental.com.ar\/info\/","name":"Patagonia Ambiental","description":"Monitoreo y an\u00e1lisis de la situaci\u00f3n geopol\u00edtica en el mundo y su implicancia en la Patagonia","publisher":{"@id":"https:\/\/patagoniambiental.com.ar\/info\/#organization"},"potentialAction":[{"@type":"SearchAction","target":{"@type":"EntryPoint","urlTemplate":"https:\/\/patagoniambiental.com.ar\/info\/?s={search_term_string}"},"query-input":{"@type":"PropertyValueSpecification","valueRequired":true,"valueName":"search_term_string"}}],"inLanguage":"es"},{"@type":"Organization","@id":"https:\/\/patagoniambiental.com.ar\/info\/#organization","name":"Patagonia Ambiental","url":"https:\/\/patagoniambiental.com.ar\/info\/","logo":{"@type":"ImageObject","inLanguage":"es","@id":"https:\/\/patagoniambiental.com.ar\/info\/#\/schema\/logo\/image\/","url":"https:\/\/patagoniambiental.com.ar\/info\/wp-content\/uploads\/2025\/05\/LOGO-PATAGONIA-AMBIENTAL.png","contentUrl":"https:\/\/patagoniambiental.com.ar\/info\/wp-content\/uploads\/2025\/05\/LOGO-PATAGONIA-AMBIENTAL.png","width":433,"height":250,"caption":"Patagonia Ambiental"},"image":{"@id":"https:\/\/patagoniambiental.com.ar\/info\/#\/schema\/logo\/image\/"},"sameAs":["https:\/\/www.facebook.com\/patagonia.ambiental","https:\/\/x.com\/PatAmb"]},{"@type":"Person","@id":"https:\/\/patagoniambiental.com.ar\/info\/#\/schema\/person\/db12bff64bbcbf6a253710bf0ea37b5d","name":"Patagonia Ambiental","description":"Andr\u00e9s Nievas T\u00e9cnico en manejo ambiental, consultor Ambiental y escritor para medios locales e internacionales sobre temas de geopolitica y medio ambiente.","sameAs":["http:\/\/www.patagoniambiental.com.ar","https:\/\/www.facebook.com\/share\/1C1V8Gv9BX\/?mibextid=qi2Omg","@patagoniambiental","https:\/\/youtube.com\/@patagoniaambiental2023?si=BLt58t0wuXquxlYZ"]}]}},"_links":{"self":[{"href":"https:\/\/patagoniambiental.com.ar\/info\/wp-json\/wp\/v2\/posts\/80025","targetHints":{"allow":["GET"]}}],"collection":[{"href":"https:\/\/patagoniambiental.com.ar\/info\/wp-json\/wp\/v2\/posts"}],"about":[{"href":"https:\/\/patagoniambiental.com.ar\/info\/wp-json\/wp\/v2\/types\/post"}],"author":[{"embeddable":true,"href":"https:\/\/patagoniambiental.com.ar\/info\/wp-json\/wp\/v2\/users\/2"}],"replies":[{"embeddable":true,"href":"https:\/\/patagoniambiental.com.ar\/info\/wp-json\/wp\/v2\/comments?post=80025"}],"version-history":[{"count":1,"href":"https:\/\/patagoniambiental.com.ar\/info\/wp-json\/wp\/v2\/posts\/80025\/revisions"}],"predecessor-version":[{"id":100006,"href":"https:\/\/patagoniambiental.com.ar\/info\/wp-json\/wp\/v2\/posts\/80025\/revisions\/100006"}],"wp:featuredmedia":[{"embeddable":true,"href":"https:\/\/patagoniambiental.com.ar\/info\/wp-json\/wp\/v2\/media\/100004"}],"wp:attachment":[{"href":"https:\/\/patagoniambiental.com.ar\/info\/wp-json\/wp\/v2\/media?parent=80025"}],"wp:term":[{"taxonomy":"category","embeddable":true,"href":"https:\/\/patagoniambiental.com.ar\/info\/wp-json\/wp\/v2\/categories?post=80025"},{"taxonomy":"post_tag","embeddable":true,"href":"https:\/\/patagoniambiental.com.ar\/info\/wp-json\/wp\/v2\/tags?post=80025"}],"curies":[{"name":"wp","href":"https:\/\/api.w.org\/{rel}","templated":true}]}}