{"id":80120,"date":"2026-01-22T07:00:00","date_gmt":"2026-01-22T10:00:00","guid":{"rendered":"https:\/\/patagoniambiental.com.ar\/info\/?p=80120"},"modified":"2026-01-21T12:21:49","modified_gmt":"2026-01-21T15:21:49","slug":"cielito-lindo-del-sur-como-es-el-planetario-en-medio-del-parque-patagonia-santa-cruz","status":"publish","type":"post","link":"https:\/\/patagoniambiental.com.ar\/info\/cielito-lindo-del-sur-como-es-el-planetario-en-medio-del-parque-patagonia-santa-cruz\/","title":{"rendered":"El planetario escondido en la estepa patag\u00f3nica que est\u00e1 revolucionando el turismo en Santa Cruz"},"content":{"rendered":"\n<!--more-->\n\n\n\n<p>\u00ab<\/p>\n\n\n\n<p><\/p>\n\n\n\n<p><strong>Un oasis de ciencia, naturaleza y estrellas en pleno Parque Patagonia<\/strong><\/p>\n\n\n\n<p>Santa Cruz, 22 de enero de 2026. En el coraz\u00f3n de la estepa patag\u00f3nica, lejos de los grandes centros urbanos y en medio de un paisaje que parece detenido en el tiempo, se esconde una de las propuestas tur\u00edsticas y educativas m\u00e1s sorprendentes del sur argentino. El Centro de Interpretaci\u00f3n y Planetario Elsa Rosenvasser Feher, ubicado en el Parque Patagonia, provincia de Santa Cruz, se ha convertido en un verdadero im\u00e1n para viajeros, cient\u00edficos, familias y amantes de la naturaleza que recorren la m\u00edtica Ruta Nacional 40. Lo que a simple vista parece un edificio discreto, integrado al entorno natural, guarda en su interior una experiencia inmersiva que conecta el pasado de la humanidad, la evoluci\u00f3n del planeta y los desaf\u00edos ambientales del presente.<\/p>\n\n\n\n<p>Desde su inauguraci\u00f3n, el impacto ha sido inmediato. El Parque Patagonia duplic\u00f3 la cantidad de visitantes en comparaci\u00f3n con el a\u00f1o anterior, consolid\u00e1ndose como un destino emergente del turismo sustentable en la Patagonia. La combinaci\u00f3n entre senderos autoguiados, \u00e1reas de acampe accesibles, patrimonio cultural y una propuesta tecnol\u00f3gica de primer nivel posiciona a este parque como un ejemplo concreto de c\u00f3mo la conservaci\u00f3n ambiental puede ir de la mano del desarrollo local y el turismo responsable.<\/p>\n\n\n\n<p><strong>D\u00f3nde queda el Planetario del Parque Patagonia y por qu\u00e9 todos hablan de \u00e9l<\/strong><\/p>\n\n\n\n<p>El planetario se encuentra en el Portal Ca\u00f1ad\u00f3n Pinturas, uno de los accesos principales al Parque Patagonia, muy cerca del Parque Provincial Cueva de las Manos, sitio declarado Patrimonio Mundial por la UNESCO. Esta ubicaci\u00f3n estrat\u00e9gica permite integrar la experiencia astron\u00f3mica con el valor arqueol\u00f3gico, cultural y paisaj\u00edstico de la regi\u00f3n. Quienes llegan atra\u00eddos por las famosas pinturas rupestres terminan descubriendo un espacio que ampl\u00eda la mirada sobre el territorio y su historia profunda.<\/p>\n\n\n\n<p>El edificio, de 800 metros cuadrados, fue dise\u00f1ado para mimetizarse con la estepa patag\u00f3nica. Desde el exterior, su perfil bajo no anticipa la magnitud de lo que ocurre puertas adentro. Sin embargo, una vez que el visitante cruza el umbral, se encuentra con salas interactivas, recursos audiovisuales de \u00faltima generaci\u00f3n y un recorrido conceptual que invita a reflexionar sobre el v\u00ednculo entre la humanidad y la naturaleza. Esta propuesta convierte al Parque Patagonia en mucho m\u00e1s que un destino tur\u00edstico: lo transforma en un aula abierta en medio del paisaje.<\/p>\n\n\n\n<p><strong>Un centro de interpretaci\u00f3n que conecta la evoluci\u00f3n humana con la crisis ambiental actual<\/strong><\/p>\n\n\n\n<p>El Centro de Interpretaci\u00f3n del Parque Patagonia propone un recorrido narrativo que comienza con los primeros pasos de nuestra especie y avanza hasta los desaf\u00edos ambientales del siglo XXI. A trav\u00e9s de dispositivos interactivos, gr\u00e1ficos, proyecciones y contenidos accesibles para todas las edades, se abordan temas como la formaci\u00f3n geol\u00f3gica de la Patagonia, la evoluci\u00f3n de los ecosistemas y el impacto de las actividades humanas sobre el ambiente.<\/p>\n\n\n\n<p>Uno de los ejes centrales del recorrido es el concepto de rewilding, una estrategia de restauraci\u00f3n ecol\u00f3gica que busca recuperar procesos naturales y especies clave para fortalecer los ecosistemas. El visitante no solo aprende qu\u00e9 es el rewilding, sino que comprende por qu\u00e9 es una herramienta concreta frente a la crisis clim\u00e1tica y la p\u00e9rdida de biodiversidad. Este enfoque educativo refuerza la intenci\u00f3n informacional del contenido y posiciona al parque como un referente en divulgaci\u00f3n ambiental en Argentina.<\/p>\n\n\n\n<p><strong>El planetario en medio de la nada: una experiencia astron\u00f3mica \u00fanica en la Patagonia<\/strong><\/p>\n\n\n\n<p>Sin dudas, uno de los momentos m\u00e1s impactantes de la visita es el ingreso a la c\u00fapula del planetario. All\u00ed, los visitantes se recuestan en c\u00f3modos sillones para disfrutar de una proyecci\u00f3n envolvente que recrea el cielo nocturno del Parque Patagonia. La experiencia dura aproximadamente 15 minutos, pero deja una huella profunda: observar las estrellas desde uno de los cielos m\u00e1s limpios del pa\u00eds, incluso en formato digital, genera una sensaci\u00f3n de asombro dif\u00edcil de describir.<\/p>\n\n\n\n<p>La astronom\u00eda se presenta aqu\u00ed no como un conocimiento lejano o abstracto, sino como una puerta de entrada para despertar curiosidad, conciencia ambiental y una conexi\u00f3n emocional con el universo. En un contexto donde la contaminaci\u00f3n lum\u00ednica limita la observaci\u00f3n del cielo en las ciudades, este planetario recupera el valor del cielo oscuro patag\u00f3nico como patrimonio natural y cultural.<\/p>\n\n\n\n<p><strong>Elsa Rosenvasser Feher: el legado de una pionera de la divulgaci\u00f3n cient\u00edfica<\/strong><\/p>\n\n\n\n<p>El planetario lleva el nombre de Elsa Rosenvasser Feher, cient\u00edfica, educadora y fil\u00e1ntropa argentina, considerada una de las pioneras de los museos interactivos en el mundo. Su legado atraviesa cada rinc\u00f3n del edificio, no solo por la donaci\u00f3n que hizo posible la obra, sino por la filosof\u00eda educativa que inspira el proyecto. Elsa dedic\u00f3 su vida a acercar la ciencia a ni\u00f1os, ni\u00f1as y j\u00f3venes, convencida de que el conocimiento deb\u00eda ser una experiencia vivencial y accesible.<\/p>\n\n\n\n<p>Autora del libro infantil de astronom\u00eda \u201cCielito lindo\u201d y directora del reconocido centro interactivo de ciencias Reuben Fleet en San Diego, Rosenvasser Feher mantuvo siempre un v\u00ednculo profundo con la Patagonia. Falleci\u00f3 en septiembre de 2022, pero su visi\u00f3n sigue viva en este espacio que conecta estrellas, ciencia y territorio argentino.<\/p>\n\n\n\n<p><strong>Un proyecto que impulsa el turismo sustentable y la educaci\u00f3n ambiental<\/strong><\/p>\n\n\n\n<p>Seg\u00fan datos oficiales del parque, desde la apertura del centro m\u00e1s de 7.500 personas visitaron el planetario y el centro de interpretaci\u00f3n en pocos meses. Este crecimiento no solo beneficia al parque, sino tambi\u00e9n a las comunidades cercanas, como Perito Moreno y Los Antiguos, que encuentran en el turismo de naturaleza una fuente de desarrollo econ\u00f3mico compatible con la conservaci\u00f3n.<\/p>\n\n\n\n<p>A trav\u00e9s de programas como Verano Activo y Exploradores de Educaci\u00f3n Ambiental, se promueve la participaci\u00f3n de residentes locales, especialmente ni\u00f1os y j\u00f3venes, en actividades educativas, caminatas interpretativas y experiencias de acampe. Este enfoque fortalece el sentido de pertenencia y convierte a los habitantes de la regi\u00f3n en protagonistas del cuidado del patrimonio natural.<\/p>\n\n\n\n<p><strong>Senderos, arqueolog\u00eda y naturaleza: una experiencia integral en Parque Patagonia<\/strong><\/p>\n\n\n\n<p>La propuesta del Parque Patagonia se completa con m\u00e1s de 60 kil\u00f3metros de senderos, se\u00f1al\u00e9tica interpretativa y acceso a \u00e1reas de alto valor cultural como la Cueva de las Manos. El visitante puede combinar caminatas, observaci\u00f3n de fauna, fotograf\u00eda de paisajes y experiencias educativas, todo en un entorno de acceso p\u00fablico y gratuito o de bajo costo, algo poco com\u00fan en destinos de esta magnitud.<\/p>\n\n\n\n<p>Adem\u00e1s, se organizan encuentros de senderismo, fotograf\u00eda y actividades especiales durante el a\u00f1o, lo que ampl\u00eda la oferta tur\u00edstica m\u00e1s all\u00e1 de la temporada alta. Este modelo demuestra que el turismo sustentable no solo es posible, sino tambi\u00e9n atractivo y econ\u00f3micamente viable.<\/p>\n\n\n\n<p><strong>Un destino emergente sobre la Ruta 40 que marca tendencia<\/strong><\/p>\n\n\n\n<p>Ubicado estrat\u00e9gicamente sobre la Ruta Nacional 40, el Parque Patagonia se consolida como una parada obligada para quienes recorren el pa\u00eds de norte a sur. La incorporaci\u00f3n del planetario y el centro de interpretaci\u00f3n elev\u00f3 la propuesta del parque a un nuevo nivel, posicion\u00e1ndolo como uno de los destinos tur\u00edsticos m\u00e1s innovadores de Santa Cruz.<\/p>\n\n\n\n<p>Este crecimiento no es casual: responde a una planificaci\u00f3n que integra ciencia, educaci\u00f3n, conservaci\u00f3n y turismo. En un contexto global donde los viajeros buscan experiencias aut\u00e9nticas y con sentido, el Parque Patagonia ofrece una respuesta concreta a esa demanda.<\/p>\n\n\n\n<p><strong>Turismo que transforma: aprender para cuidar el futuro<\/strong><\/p>\n\n\n\n<p>M\u00e1s all\u00e1 de las cifras de visitantes, el verdadero impacto del planetario del Parque Patagonia est\u00e1 en su capacidad de generar conciencia. Cada recorrido invita a reflexionar sobre el lugar que ocupa la humanidad en el planeta y sobre la responsabilidad colectiva frente a las crisis ambientales actuales. El objetivo no es solo informar, sino formar agentes de cambio que lleven ese mensaje a otros territorios y generaciones.<\/p>\n\n\n\n<p>En este sentido, el parque se posiciona como un ejemplo de c\u00f3mo el turismo puede ser una herramienta de transformaci\u00f3n social y ambiental. Un espacio donde aprender, emocionarse y maravillarse se convierten en parte de una misma experiencia.<\/p>\n\n\n\n<p><\/p>\n\n\n\n<p><\/p>\n\n\n\n<p><\/p>\n\n\n\n<p><\/p>\n\n\n\n<p>\u00ab<\/p>\n\n\n\n<p><\/p>\n","protected":false},"excerpt":{"rendered":"","protected":false},"author":2,"featured_media":100349,"comment_status":"open","ping_status":"open","sticky":false,"template":"","format":"standard","meta":{"site-sidebar-layout":"default","site-content-layout":"","ast-site-content-layout":"default","site-content-style":"default","site-sidebar-style":"default","ast-global-header-display":"","ast-banner-title-visibility":"","ast-main-header-display":"","ast-hfb-above-header-display":"","ast-hfb-below-header-display":"","ast-hfb-mobile-header-display":"","site-post-title":"","ast-breadcrumbs-content":"","ast-featured-img":"","footer-sml-layout":"","ast-disable-related-posts":"","theme-transparent-header-meta":"","adv-header-id-meta":"","stick-header-meta":"","header-above-stick-meta":"","header-main-stick-meta":"","header-below-stick-meta":"","astra-migrate-meta-layouts":"default","ast-page-background-enabled":"default","ast-page-background-meta":{"desktop":{"background-color":"var(--ast-global-color-5)","background-image":"","background-repeat":"repeat","background-position":"center center","background-size":"auto","background-attachment":"scroll","background-type":"","background-media":"","overlay-type":"","overlay-color":"","overlay-opacity":"","overlay-gradient":""},"tablet":{"background-color":"","background-image":"","background-repeat":"repeat","background-position":"center center","background-size":"auto","background-attachment":"scroll","background-type":"","background-media":"","overlay-type":"","overlay-color":"","overlay-opacity":"","overlay-gradient":""},"mobile":{"background-color":"","background-image":"","background-repeat":"repeat","background-position":"center center","background-size":"auto","background-attachment":"scroll","background-type":"","background-media":"","overlay-type":"","overlay-color":"","overlay-opacity":"","overlay-gradient":""}},"ast-content-background-meta":{"desktop":{"background-color":"var(--ast-global-color-4)","background-image":"","background-repeat":"repeat","background-position":"center center","background-size":"auto","background-attachment":"scroll","background-type":"","background-media":"","overlay-type":"","overlay-color":"","overlay-opacity":"","overlay-gradient":""},"tablet":{"background-color":"var(--ast-global-color-4)","background-image":"","background-repeat":"repeat","background-position":"center center","background-size":"auto","background-attachment":"scroll","background-type":"","background-media":"","overlay-type":"","overlay-color":"","overlay-opacity":"","overlay-gradient":""},"mobile":{"background-color":"var(--ast-global-color-4)","background-image":"","background-repeat":"repeat","background-position":"center center","background-size":"auto","background-attachment":"scroll","background-type":"","background-media":"","overlay-type":"","overlay-color":"","overlay-opacity":"","overlay-gradient":""}},"footnotes":""},"categories":[1,13,20,3452],"tags":[],"class_list":["post-80120","post","type-post","status-publish","format-standard","has-post-thumbnail","hentry","category-noticias","category-provinciales","category-santa-cruz","category-turismo-ecologico"],"yoast_head":"<!-- This site is optimized with the Yoast SEO Premium plugin v23.0 (Yoast SEO v27.5) - https:\/\/yoast.com\/product\/yoast-seo-premium-wordpress\/ -->\n<title>El planetario escondido en la estepa patag\u00f3nica que est\u00e1 revolucionando el turismo en Santa Cruz En el coraz\u00f3n de la estepa patag\u00f3nica, lejos de los grandes centros urbanos y en medio de un paisaje que parece detenido en el tiempo<\/title>\n<meta name=\"description\" content=\"En el coraz\u00f3n de la estepa patag\u00f3nica, lejos de los grandes centros urbanos y en medio de un paisaje que parece detenido en el tiempo\" \/>\n<meta name=\"robots\" content=\"index, follow, max-snippet:-1, max-image-preview:large, max-video-preview:-1\" \/>\n<link rel=\"canonical\" href=\"https:\/\/patagoniambiental.com.ar\/info\/cielito-lindo-del-sur-como-es-el-planetario-en-medio-del-parque-patagonia-santa-cruz\/\" \/>\n<meta property=\"og:locale\" content=\"es_ES\" \/>\n<meta property=\"og:type\" content=\"article\" \/>\n<meta property=\"og:title\" content=\"El planetario escondido en la estepa patag\u00f3nica que est\u00e1 revolucionando el turismo en Santa Cruz\" \/>\n<meta property=\"og:description\" content=\"En el coraz\u00f3n de la estepa patag\u00f3nica, lejos de los grandes centros urbanos y en medio de un paisaje que parece detenido en el tiempo\" \/>\n<meta property=\"og:url\" content=\"https:\/\/patagoniambiental.com.ar\/info\/cielito-lindo-del-sur-como-es-el-planetario-en-medio-del-parque-patagonia-santa-cruz\/\" \/>\n<meta property=\"og:site_name\" content=\"Patagonia Ambiental\" \/>\n<meta property=\"article:publisher\" content=\"https:\/\/www.facebook.com\/patagonia.ambiental\" \/>\n<meta property=\"article:author\" content=\"https:\/\/www.facebook.com\/share\/1C1V8Gv9BX\/?mibextid=qi2Omg\" \/>\n<meta property=\"article:published_time\" content=\"2026-01-22T10:00:00+00:00\" \/>\n<meta property=\"og:image\" content=\"https:\/\/patagoniambiental.com.ar\/info\/wp-content\/uploads\/2026\/01\/1000231581.jpg\" \/>\n\t<meta property=\"og:image:width\" content=\"1280\" \/>\n\t<meta property=\"og:image:height\" content=\"852\" \/>\n\t<meta property=\"og:image:type\" content=\"image\/jpeg\" \/>\n<meta name=\"author\" content=\"Patagonia Ambiental\" \/>\n<meta name=\"twitter:card\" content=\"summary_large_image\" \/>\n<meta name=\"twitter:creator\" content=\"@PatAmb\" \/>\n<meta name=\"twitter:site\" content=\"@PatAmb\" \/>\n<script type=\"application\/ld+json\" class=\"yoast-schema-graph\">{\"@context\":\"https:\\\/\\\/schema.org\",\"@graph\":[{\"@type\":\"Article\",\"@id\":\"https:\\\/\\\/patagoniambiental.com.ar\\\/info\\\/cielito-lindo-del-sur-como-es-el-planetario-en-medio-del-parque-patagonia-santa-cruz\\\/#article\",\"isPartOf\":{\"@id\":\"https:\\\/\\\/patagoniambiental.com.ar\\\/info\\\/cielito-lindo-del-sur-como-es-el-planetario-en-medio-del-parque-patagonia-santa-cruz\\\/\"},\"author\":{\"name\":\"Patagonia Ambiental\",\"@id\":\"https:\\\/\\\/patagoniambiental.com.ar\\\/info\\\/#\\\/schema\\\/person\\\/db12bff64bbcbf6a253710bf0ea37b5d\"},\"headline\":\"El planetario escondido en la estepa patag\u00f3nica que est\u00e1 revolucionando el turismo en Santa Cruz\",\"datePublished\":\"2026-01-22T10:00:00+00:00\",\"mainEntityOfPage\":{\"@id\":\"https:\\\/\\\/patagoniambiental.com.ar\\\/info\\\/cielito-lindo-del-sur-como-es-el-planetario-en-medio-del-parque-patagonia-santa-cruz\\\/\"},\"wordCount\":1427,\"commentCount\":0,\"publisher\":{\"@id\":\"https:\\\/\\\/patagoniambiental.com.ar\\\/info\\\/#organization\"},\"image\":{\"@id\":\"https:\\\/\\\/patagoniambiental.com.ar\\\/info\\\/cielito-lindo-del-sur-como-es-el-planetario-en-medio-del-parque-patagonia-santa-cruz\\\/#primaryimage\"},\"thumbnailUrl\":\"https:\\\/\\\/patagoniambiental.com.ar\\\/info\\\/wp-content\\\/uploads\\\/2026\\\/01\\\/1000231581.jpg\",\"articleSection\":[\"Noticias\",\"Provinciales\",\"Santa Cruz\",\"Turismo Ecol\u00f3gico\"],\"inLanguage\":\"es\",\"potentialAction\":[{\"@type\":\"CommentAction\",\"name\":\"Comment\",\"target\":[\"https:\\\/\\\/patagoniambiental.com.ar\\\/info\\\/cielito-lindo-del-sur-como-es-el-planetario-en-medio-del-parque-patagonia-santa-cruz\\\/#respond\"]}]},{\"@type\":\"WebPage\",\"@id\":\"https:\\\/\\\/patagoniambiental.com.ar\\\/info\\\/cielito-lindo-del-sur-como-es-el-planetario-en-medio-del-parque-patagonia-santa-cruz\\\/\",\"url\":\"https:\\\/\\\/patagoniambiental.com.ar\\\/info\\\/cielito-lindo-del-sur-como-es-el-planetario-en-medio-del-parque-patagonia-santa-cruz\\\/\",\"name\":\"El planetario escondido en la estepa patag\u00f3nica que est\u00e1 revolucionando el turismo en Santa Cruz En el coraz\u00f3n de la estepa patag\u00f3nica, lejos de los grandes centros urbanos y en medio de un paisaje que parece detenido en el tiempo\",\"isPartOf\":{\"@id\":\"https:\\\/\\\/patagoniambiental.com.ar\\\/info\\\/#website\"},\"primaryImageOfPage\":{\"@id\":\"https:\\\/\\\/patagoniambiental.com.ar\\\/info\\\/cielito-lindo-del-sur-como-es-el-planetario-en-medio-del-parque-patagonia-santa-cruz\\\/#primaryimage\"},\"image\":{\"@id\":\"https:\\\/\\\/patagoniambiental.com.ar\\\/info\\\/cielito-lindo-del-sur-como-es-el-planetario-en-medio-del-parque-patagonia-santa-cruz\\\/#primaryimage\"},\"thumbnailUrl\":\"https:\\\/\\\/patagoniambiental.com.ar\\\/info\\\/wp-content\\\/uploads\\\/2026\\\/01\\\/1000231581.jpg\",\"datePublished\":\"2026-01-22T10:00:00+00:00\",\"description\":\"En el coraz\u00f3n de la estepa patag\u00f3nica, lejos de los grandes centros urbanos y en medio de un paisaje que parece detenido en el tiempo\",\"breadcrumb\":{\"@id\":\"https:\\\/\\\/patagoniambiental.com.ar\\\/info\\\/cielito-lindo-del-sur-como-es-el-planetario-en-medio-del-parque-patagonia-santa-cruz\\\/#breadcrumb\"},\"inLanguage\":\"es\",\"potentialAction\":[{\"@type\":\"ReadAction\",\"target\":[\"https:\\\/\\\/patagoniambiental.com.ar\\\/info\\\/cielito-lindo-del-sur-como-es-el-planetario-en-medio-del-parque-patagonia-santa-cruz\\\/\"]}]},{\"@type\":\"ImageObject\",\"inLanguage\":\"es\",\"@id\":\"https:\\\/\\\/patagoniambiental.com.ar\\\/info\\\/cielito-lindo-del-sur-como-es-el-planetario-en-medio-del-parque-patagonia-santa-cruz\\\/#primaryimage\",\"url\":\"https:\\\/\\\/patagoniambiental.com.ar\\\/info\\\/wp-content\\\/uploads\\\/2026\\\/01\\\/1000231581.jpg\",\"contentUrl\":\"https:\\\/\\\/patagoniambiental.com.ar\\\/info\\\/wp-content\\\/uploads\\\/2026\\\/01\\\/1000231581.jpg\",\"width\":1280,\"height\":852,\"caption\":\"Imagen hecha con IA\"},{\"@type\":\"BreadcrumbList\",\"@id\":\"https:\\\/\\\/patagoniambiental.com.ar\\\/info\\\/cielito-lindo-del-sur-como-es-el-planetario-en-medio-del-parque-patagonia-santa-cruz\\\/#breadcrumb\",\"itemListElement\":[{\"@type\":\"ListItem\",\"position\":1,\"name\":\"Inicio\",\"item\":\"https:\\\/\\\/patagoniambiental.com.ar\\\/info\\\/\"},{\"@type\":\"ListItem\",\"position\":2,\"name\":\"El planetario escondido en la estepa patag\u00f3nica que est\u00e1 revolucionando el turismo en Santa Cruz\"}]},{\"@type\":\"WebSite\",\"@id\":\"https:\\\/\\\/patagoniambiental.com.ar\\\/info\\\/#website\",\"url\":\"https:\\\/\\\/patagoniambiental.com.ar\\\/info\\\/\",\"name\":\"Patagonia Ambiental\",\"description\":\"Monitoreo y an\u00e1lisis de la situaci\u00f3n geopol\u00edtica en el mundo y su implicancia en la Patagonia\",\"publisher\":{\"@id\":\"https:\\\/\\\/patagoniambiental.com.ar\\\/info\\\/#organization\"},\"potentialAction\":[{\"@type\":\"SearchAction\",\"target\":{\"@type\":\"EntryPoint\",\"urlTemplate\":\"https:\\\/\\\/patagoniambiental.com.ar\\\/info\\\/?s={search_term_string}\"},\"query-input\":{\"@type\":\"PropertyValueSpecification\",\"valueRequired\":true,\"valueName\":\"search_term_string\"}}],\"inLanguage\":\"es\"},{\"@type\":\"Organization\",\"@id\":\"https:\\\/\\\/patagoniambiental.com.ar\\\/info\\\/#organization\",\"name\":\"Patagonia Ambiental\",\"url\":\"https:\\\/\\\/patagoniambiental.com.ar\\\/info\\\/\",\"logo\":{\"@type\":\"ImageObject\",\"inLanguage\":\"es\",\"@id\":\"https:\\\/\\\/patagoniambiental.com.ar\\\/info\\\/#\\\/schema\\\/logo\\\/image\\\/\",\"url\":\"https:\\\/\\\/patagoniambiental.com.ar\\\/info\\\/wp-content\\\/uploads\\\/2025\\\/05\\\/LOGO-PATAGONIA-AMBIENTAL.png\",\"contentUrl\":\"https:\\\/\\\/patagoniambiental.com.ar\\\/info\\\/wp-content\\\/uploads\\\/2025\\\/05\\\/LOGO-PATAGONIA-AMBIENTAL.png\",\"width\":433,\"height\":250,\"caption\":\"Patagonia Ambiental\"},\"image\":{\"@id\":\"https:\\\/\\\/patagoniambiental.com.ar\\\/info\\\/#\\\/schema\\\/logo\\\/image\\\/\"},\"sameAs\":[\"https:\\\/\\\/www.facebook.com\\\/patagonia.ambiental\",\"https:\\\/\\\/x.com\\\/PatAmb\"]},{\"@type\":\"Person\",\"@id\":\"https:\\\/\\\/patagoniambiental.com.ar\\\/info\\\/#\\\/schema\\\/person\\\/db12bff64bbcbf6a253710bf0ea37b5d\",\"name\":\"Patagonia Ambiental\",\"description\":\"Andr\u00e9s Nievas T\u00e9cnico en manejo ambiental, consultor Ambiental y escritor para medios locales e internacionales sobre temas de geopolitica y medio ambiente.\",\"sameAs\":[\"http:\\\/\\\/www.patagoniambiental.com.ar\",\"https:\\\/\\\/www.facebook.com\\\/share\\\/1C1V8Gv9BX\\\/?mibextid=qi2Omg\",\"@patagoniambiental\",\"https:\\\/\\\/youtube.com\\\/@patagoniaambiental2023?si=BLt58t0wuXquxlYZ\"]}]}<\/script>\n<!-- \/ Yoast SEO Premium plugin. -->","yoast_head_json":{"title":"El planetario escondido en la estepa patag\u00f3nica que est\u00e1 revolucionando el turismo en Santa Cruz En el coraz\u00f3n de la estepa patag\u00f3nica, lejos de los grandes centros urbanos y en medio de un paisaje que parece detenido en el tiempo","description":"En el coraz\u00f3n de la estepa patag\u00f3nica, lejos de los grandes centros urbanos y en medio de un paisaje que parece detenido en el tiempo","robots":{"index":"index","follow":"follow","max-snippet":"max-snippet:-1","max-image-preview":"max-image-preview:large","max-video-preview":"max-video-preview:-1"},"canonical":"https:\/\/patagoniambiental.com.ar\/info\/cielito-lindo-del-sur-como-es-el-planetario-en-medio-del-parque-patagonia-santa-cruz\/","og_locale":"es_ES","og_type":"article","og_title":"El planetario escondido en la estepa patag\u00f3nica que est\u00e1 revolucionando el turismo en Santa Cruz","og_description":"En el coraz\u00f3n de la estepa patag\u00f3nica, lejos de los grandes centros urbanos y en medio de un paisaje que parece detenido en el tiempo","og_url":"https:\/\/patagoniambiental.com.ar\/info\/cielito-lindo-del-sur-como-es-el-planetario-en-medio-del-parque-patagonia-santa-cruz\/","og_site_name":"Patagonia Ambiental","article_publisher":"https:\/\/www.facebook.com\/patagonia.ambiental","article_author":"https:\/\/www.facebook.com\/share\/1C1V8Gv9BX\/?mibextid=qi2Omg","article_published_time":"2026-01-22T10:00:00+00:00","og_image":[{"width":1280,"height":852,"url":"https:\/\/patagoniambiental.com.ar\/info\/wp-content\/uploads\/2026\/01\/1000231581.jpg","type":"image\/jpeg"}],"author":"Patagonia Ambiental","twitter_card":"summary_large_image","twitter_creator":"@PatAmb","twitter_site":"@PatAmb","schema":{"@context":"https:\/\/schema.org","@graph":[{"@type":"Article","@id":"https:\/\/patagoniambiental.com.ar\/info\/cielito-lindo-del-sur-como-es-el-planetario-en-medio-del-parque-patagonia-santa-cruz\/#article","isPartOf":{"@id":"https:\/\/patagoniambiental.com.ar\/info\/cielito-lindo-del-sur-como-es-el-planetario-en-medio-del-parque-patagonia-santa-cruz\/"},"author":{"name":"Patagonia Ambiental","@id":"https:\/\/patagoniambiental.com.ar\/info\/#\/schema\/person\/db12bff64bbcbf6a253710bf0ea37b5d"},"headline":"El planetario escondido en la estepa patag\u00f3nica que est\u00e1 revolucionando el turismo en Santa Cruz","datePublished":"2026-01-22T10:00:00+00:00","mainEntityOfPage":{"@id":"https:\/\/patagoniambiental.com.ar\/info\/cielito-lindo-del-sur-como-es-el-planetario-en-medio-del-parque-patagonia-santa-cruz\/"},"wordCount":1427,"commentCount":0,"publisher":{"@id":"https:\/\/patagoniambiental.com.ar\/info\/#organization"},"image":{"@id":"https:\/\/patagoniambiental.com.ar\/info\/cielito-lindo-del-sur-como-es-el-planetario-en-medio-del-parque-patagonia-santa-cruz\/#primaryimage"},"thumbnailUrl":"https:\/\/patagoniambiental.com.ar\/info\/wp-content\/uploads\/2026\/01\/1000231581.jpg","articleSection":["Noticias","Provinciales","Santa Cruz","Turismo Ecol\u00f3gico"],"inLanguage":"es","potentialAction":[{"@type":"CommentAction","name":"Comment","target":["https:\/\/patagoniambiental.com.ar\/info\/cielito-lindo-del-sur-como-es-el-planetario-en-medio-del-parque-patagonia-santa-cruz\/#respond"]}]},{"@type":"WebPage","@id":"https:\/\/patagoniambiental.com.ar\/info\/cielito-lindo-del-sur-como-es-el-planetario-en-medio-del-parque-patagonia-santa-cruz\/","url":"https:\/\/patagoniambiental.com.ar\/info\/cielito-lindo-del-sur-como-es-el-planetario-en-medio-del-parque-patagonia-santa-cruz\/","name":"El planetario escondido en la estepa patag\u00f3nica que est\u00e1 revolucionando el turismo en Santa Cruz En el coraz\u00f3n de la estepa patag\u00f3nica, lejos de los grandes centros urbanos y en medio de un paisaje que parece detenido en el tiempo","isPartOf":{"@id":"https:\/\/patagoniambiental.com.ar\/info\/#website"},"primaryImageOfPage":{"@id":"https:\/\/patagoniambiental.com.ar\/info\/cielito-lindo-del-sur-como-es-el-planetario-en-medio-del-parque-patagonia-santa-cruz\/#primaryimage"},"image":{"@id":"https:\/\/patagoniambiental.com.ar\/info\/cielito-lindo-del-sur-como-es-el-planetario-en-medio-del-parque-patagonia-santa-cruz\/#primaryimage"},"thumbnailUrl":"https:\/\/patagoniambiental.com.ar\/info\/wp-content\/uploads\/2026\/01\/1000231581.jpg","datePublished":"2026-01-22T10:00:00+00:00","description":"En el coraz\u00f3n de la estepa patag\u00f3nica, lejos de los grandes centros urbanos y en medio de un paisaje que parece detenido en el tiempo","breadcrumb":{"@id":"https:\/\/patagoniambiental.com.ar\/info\/cielito-lindo-del-sur-como-es-el-planetario-en-medio-del-parque-patagonia-santa-cruz\/#breadcrumb"},"inLanguage":"es","potentialAction":[{"@type":"ReadAction","target":["https:\/\/patagoniambiental.com.ar\/info\/cielito-lindo-del-sur-como-es-el-planetario-en-medio-del-parque-patagonia-santa-cruz\/"]}]},{"@type":"ImageObject","inLanguage":"es","@id":"https:\/\/patagoniambiental.com.ar\/info\/cielito-lindo-del-sur-como-es-el-planetario-en-medio-del-parque-patagonia-santa-cruz\/#primaryimage","url":"https:\/\/patagoniambiental.com.ar\/info\/wp-content\/uploads\/2026\/01\/1000231581.jpg","contentUrl":"https:\/\/patagoniambiental.com.ar\/info\/wp-content\/uploads\/2026\/01\/1000231581.jpg","width":1280,"height":852,"caption":"Imagen hecha con IA"},{"@type":"BreadcrumbList","@id":"https:\/\/patagoniambiental.com.ar\/info\/cielito-lindo-del-sur-como-es-el-planetario-en-medio-del-parque-patagonia-santa-cruz\/#breadcrumb","itemListElement":[{"@type":"ListItem","position":1,"name":"Inicio","item":"https:\/\/patagoniambiental.com.ar\/info\/"},{"@type":"ListItem","position":2,"name":"El planetario escondido en la estepa patag\u00f3nica que est\u00e1 revolucionando el turismo en Santa Cruz"}]},{"@type":"WebSite","@id":"https:\/\/patagoniambiental.com.ar\/info\/#website","url":"https:\/\/patagoniambiental.com.ar\/info\/","name":"Patagonia Ambiental","description":"Monitoreo y an\u00e1lisis de la situaci\u00f3n geopol\u00edtica en el mundo y su implicancia en la Patagonia","publisher":{"@id":"https:\/\/patagoniambiental.com.ar\/info\/#organization"},"potentialAction":[{"@type":"SearchAction","target":{"@type":"EntryPoint","urlTemplate":"https:\/\/patagoniambiental.com.ar\/info\/?s={search_term_string}"},"query-input":{"@type":"PropertyValueSpecification","valueRequired":true,"valueName":"search_term_string"}}],"inLanguage":"es"},{"@type":"Organization","@id":"https:\/\/patagoniambiental.com.ar\/info\/#organization","name":"Patagonia Ambiental","url":"https:\/\/patagoniambiental.com.ar\/info\/","logo":{"@type":"ImageObject","inLanguage":"es","@id":"https:\/\/patagoniambiental.com.ar\/info\/#\/schema\/logo\/image\/","url":"https:\/\/patagoniambiental.com.ar\/info\/wp-content\/uploads\/2025\/05\/LOGO-PATAGONIA-AMBIENTAL.png","contentUrl":"https:\/\/patagoniambiental.com.ar\/info\/wp-content\/uploads\/2025\/05\/LOGO-PATAGONIA-AMBIENTAL.png","width":433,"height":250,"caption":"Patagonia Ambiental"},"image":{"@id":"https:\/\/patagoniambiental.com.ar\/info\/#\/schema\/logo\/image\/"},"sameAs":["https:\/\/www.facebook.com\/patagonia.ambiental","https:\/\/x.com\/PatAmb"]},{"@type":"Person","@id":"https:\/\/patagoniambiental.com.ar\/info\/#\/schema\/person\/db12bff64bbcbf6a253710bf0ea37b5d","name":"Patagonia Ambiental","description":"Andr\u00e9s Nievas T\u00e9cnico en manejo ambiental, consultor Ambiental y escritor para medios locales e internacionales sobre temas de geopolitica y medio ambiente.","sameAs":["http:\/\/www.patagoniambiental.com.ar","https:\/\/www.facebook.com\/share\/1C1V8Gv9BX\/?mibextid=qi2Omg","@patagoniambiental","https:\/\/youtube.com\/@patagoniaambiental2023?si=BLt58t0wuXquxlYZ"]}]}},"_links":{"self":[{"href":"https:\/\/patagoniambiental.com.ar\/info\/wp-json\/wp\/v2\/posts\/80120","targetHints":{"allow":["GET"]}}],"collection":[{"href":"https:\/\/patagoniambiental.com.ar\/info\/wp-json\/wp\/v2\/posts"}],"about":[{"href":"https:\/\/patagoniambiental.com.ar\/info\/wp-json\/wp\/v2\/types\/post"}],"author":[{"embeddable":true,"href":"https:\/\/patagoniambiental.com.ar\/info\/wp-json\/wp\/v2\/users\/2"}],"replies":[{"embeddable":true,"href":"https:\/\/patagoniambiental.com.ar\/info\/wp-json\/wp\/v2\/comments?post=80120"}],"version-history":[{"count":2,"href":"https:\/\/patagoniambiental.com.ar\/info\/wp-json\/wp\/v2\/posts\/80120\/revisions"}],"predecessor-version":[{"id":100350,"href":"https:\/\/patagoniambiental.com.ar\/info\/wp-json\/wp\/v2\/posts\/80120\/revisions\/100350"}],"wp:featuredmedia":[{"embeddable":true,"href":"https:\/\/patagoniambiental.com.ar\/info\/wp-json\/wp\/v2\/media\/100349"}],"wp:attachment":[{"href":"https:\/\/patagoniambiental.com.ar\/info\/wp-json\/wp\/v2\/media?parent=80120"}],"wp:term":[{"taxonomy":"category","embeddable":true,"href":"https:\/\/patagoniambiental.com.ar\/info\/wp-json\/wp\/v2\/categories?post=80120"},{"taxonomy":"post_tag","embeddable":true,"href":"https:\/\/patagoniambiental.com.ar\/info\/wp-json\/wp\/v2\/tags?post=80120"}],"curies":[{"name":"wp","href":"https:\/\/api.w.org\/{rel}","templated":true}]}}