{"id":80159,"date":"2024-02-29T07:00:00","date_gmt":"2024-02-29T10:00:00","guid":{"rendered":"https:\/\/patagoniambiental.com.ar\/info\/?p=80159"},"modified":"2024-08-14T00:22:50","modified_gmt":"2024-08-14T03:22:50","slug":"buscan-crear-el-instituto-neuquino-del-hidrogeno","status":"publish","type":"post","link":"https:\/\/patagoniambiental.com.ar\/info\/buscan-crear-el-instituto-neuquino-del-hidrogeno\/","title":{"rendered":"Buscan crear el Instituto Neuquino del Hidr\u00f3geno"},"content":{"rendered":"\n<!--more-->\n\n\n\n<p>El proyecto presentado por el bloque del Frente de Todos-Nqn, indica que el \u00f3rgano tendr\u00e1 por funci\u00f3n asesorar al Ministerio de Energ\u00eda y Recursos Naturales, definir la normativa regulatoria necesaria para proyectar su producci\u00f3n, y promover el desarrollo de emprendimientos que usen este tipo de energ\u00eda en sus fases piloto y comerciales.<\/p>\n\n\n\n<p><a href=\"https:\/\/www.facebook.com\/sharer\/sharer.php?u=https:\/\/noticiasdelosandes.com.ar\/contenido\/22322\/buscan-crear-el-instituto-neuquino-del-hidrogeno\" target=\"_blank\" rel=\"noreferrer noopener\"><\/a><a href=\"https:\/\/twitter.com\/intent\/tweet?url=https:\/\/noticiasdelosandes.com.ar\/contenido\/22322\/buscan-crear-el-instituto-neuquino-del-hidrogeno&amp;text=Buscan%20crear%20el%20Instituto%20Neuquino%20del%20Hidr%C3%B3geno\" target=\"_blank\" rel=\"noreferrer noopener\"> <\/a><a href=\"https:\/\/api.whatsapp.com\/send?text=Buscan crear el Instituto Neuquino del Hidr\u00f3geno+https:\/\/noticiasdelosandes.com.ar\/contenido\/22322\/buscan-crear-el-instituto-neuquino-del-hidrogeno\" target=\"_blank\" rel=\"noreferrer noopener\"><\/a><a href=\"https:\/\/t.me\/share\/url?url=https:\/\/noticiasdelosandes.com.ar\/contenido\/22322\/buscan-crear-el-instituto-neuquino-del-hidrogeno&amp;text=Buscan crear el Instituto Neuquino del Hidr\u00f3geno\" target=\"_blank\" rel=\"noreferrer noopener\"><\/a><\/p>\n\n\n\n<figure class=\"wp-block-image\"><img decoding=\"async\" src=\"https:\/\/media.lmneuquen.com\/p\/97be7457e10ba8d13ec09a8d9372433c\/adjuntos\/242\/imagenes\/006\/737\/0006737737\/hidrogeno-h2-genericajpg.jpg\" alt=\"hidrogeno-h2-genericajpg\"\/><\/figure>\n\n\n\n<p>El bloque del Frente de Todos-Nqn present\u00f3 un proyecto de ley para crear en el \u00e1mbito provincial un Instituto de Hidr\u00f3geno destinado a investigar y generar el equipamiento tecnol\u00f3gico necesario para desarrollar un programa de producci\u00f3n de hidr\u00f3geno a escala a partir del uso del gas natural como principal fuente de energ\u00eda.<\/p>\n\n\n\n<p>Al respecto, fija que el Instituto Neuquino del Hidr\u00f3geno tendr\u00e1 un presidente que designar\u00e1 la cartera de Energ\u00eda, cinco directores y contar\u00e1 tambi\u00e9n con un Consejo Asesor.&nbsp;<\/p>\n\n\n\n<p>Sobre este punto, detalla que el directorio estar\u00e1 conformado por referentes de las universidades UNCo y UTN, Centro Pyme, Ejecutivo provincial y por la Empresa Neuquina de Servicios Industriales (ENSI). En tanto que a nivel del Consejo, observa que su composici\u00f3n incluir\u00e1 a representantes del INTI, el INVAP, la CNEA, el CONICET y de la Universidad Nacional de Rio Negro, integrantes que desarrollar\u00e1n su actividad ad honorem.<\/p>\n\n\n\n<p>Por su parte, al focalizar en el aspecto presupuestario, indica que su funcionamiento se financiar\u00e1 con recursos provenientes de la venta de publicaciones e investigaciones propias, servicios que realice, partidas provenientes del Ejecutivo provincial y fondos equivalentes al 0,1% de regal\u00edas de gas y petr\u00f3leo, siempre que se cumplan par\u00e1metros m\u00ednimos de producci\u00f3n.<\/p>\n\n\n\n<p>Recuerda en sus fundamentos que la econom\u00eda de la provincia se encuentra ante el desaf\u00edo de diversificar sus fuentes de ingresos ante un futuro energ\u00e9tico global en transformaci\u00f3n. En ese sentido, afirma que este contexto se debe trabajar en direcci\u00f3n a un cambio que incorpore fuentes de energ\u00eda m\u00e1s limpias y sostenibles, como es el caso de las relacionadas con el hidr\u00f3geno azul.<\/p>\n\n\n\n<p>El proyecto (16445) ingres\u00f3 por Mesa de Entradas el 27 de febrero con la firma de los legisladores Dar\u00edo Mart\u00ednez, Dar\u00edo Peralta (FdTNqn), Alberto Bruno (Cumplir) y de las legisladoras Lorena Parrilli (FdTNqn) y Daniela Rucci (MPN).<\/p>\n\n\n\n<figure class=\"wp-block-image\"><img decoding=\"async\" src=\"https:\/\/www.legislaturaneuquen.gob.ar\/svrfiles\/Prensa\/Fotos\/14716_Temp533.jpg\" alt=\"\"\/><\/figure>\n\n\n\n<p><a href=\"https:\/\/noticiasdelosandes.com.ar\/usuario\/5\/redaccion\"><\/a><\/p>\n\n\n\n<h4 class=\"wp-block-heading\" id=\"h-fuente-noticiasdelosandes-com-ar\"><a href=\"https:\/\/noticiasdelosandes.com.ar\/usuario\/5\/redaccion\">Fuente: noticiasdelosandes.com.ar<\/a><\/h4>\n","protected":false},"excerpt":{"rendered":"","protected":false},"author":2,"featured_media":80160,"comment_status":"open","ping_status":"open","sticky":false,"template":"","format":"standard","meta":{"site-sidebar-layout":"default","site-content-layout":"","ast-site-content-layout":"default","site-content-style":"default","site-sidebar-style":"default","ast-global-header-display":"","ast-banner-title-visibility":"","ast-main-header-display":"","ast-hfb-above-header-display":"","ast-hfb-below-header-display":"","ast-hfb-mobile-header-display":"","site-post-title":"","ast-breadcrumbs-content":"","ast-featured-img":"","footer-sml-layout":"","ast-disable-related-posts":"","theme-transparent-header-meta":"","adv-header-id-meta":"","stick-header-meta":"","header-above-stick-meta":"","header-main-stick-meta":"","header-below-stick-meta":"","astra-migrate-meta-layouts":"default","ast-page-background-enabled":"default","ast-page-background-meta":{"desktop":{"background-color":"var(--ast-global-color-5)","background-image":"","background-repeat":"repeat","background-position":"center center","background-size":"auto","background-attachment":"scroll","background-type":"","background-media":"","overlay-type":"","overlay-color":"","overlay-opacity":"","overlay-gradient":""},"tablet":{"background-color":"","background-image":"","background-repeat":"repeat","background-position":"center center","background-size":"auto","background-attachment":"scroll","background-type":"","background-media":"","overlay-type":"","overlay-color":"","overlay-opacity":"","overlay-gradient":""},"mobile":{"background-color":"","background-image":"","background-repeat":"repeat","background-position":"center center","background-size":"auto","background-attachment":"scroll","background-type":"","background-media":"","overlay-type":"","overlay-color":"","overlay-opacity":"","overlay-gradient":""}},"ast-content-background-meta":{"desktop":{"background-color":"var(--ast-global-color-4)","background-image":"","background-repeat":"repeat","background-position":"center center","background-size":"auto","background-attachment":"scroll","background-type":"","background-media":"","overlay-type":"","overlay-color":"","overlay-opacity":"","overlay-gradient":""},"tablet":{"background-color":"var(--ast-global-color-4)","background-image":"","background-repeat":"repeat","background-position":"center center","background-size":"auto","background-attachment":"scroll","background-type":"","background-media":"","overlay-type":"","overlay-color":"","overlay-opacity":"","overlay-gradient":""},"mobile":{"background-color":"var(--ast-global-color-4)","background-image":"","background-repeat":"repeat","background-position":"center center","background-size":"auto","background-attachment":"scroll","background-type":"","background-media":"","overlay-type":"","overlay-color":"","overlay-opacity":"","overlay-gradient":""}},"footnotes":""},"categories":[11,13],"tags":[],"class_list":["post-80159","post","type-post","status-publish","format-standard","has-post-thumbnail","hentry","category-boletin","category-provinciales"],"yoast_head":"<!-- This site is optimized with the Yoast SEO Premium plugin v23.0 (Yoast SEO v27.5) - https:\/\/yoast.com\/product\/yoast-seo-premium-wordpress\/ -->\n<title>Buscan crear el Instituto Neuquino del Hidr\u00f3geno<\/title>\n<meta name=\"robots\" content=\"index, follow, max-snippet:-1, max-image-preview:large, max-video-preview:-1\" \/>\n<link rel=\"canonical\" href=\"https:\/\/patagoniambiental.com.ar\/info\/buscan-crear-el-instituto-neuquino-del-hidrogeno\/\" \/>\n<meta property=\"og:locale\" content=\"es_ES\" \/>\n<meta property=\"og:type\" content=\"article\" \/>\n<meta property=\"og:title\" content=\"Buscan crear el Instituto Neuquino del Hidr\u00f3geno\" \/>\n<meta property=\"og:url\" content=\"https:\/\/patagoniambiental.com.ar\/info\/buscan-crear-el-instituto-neuquino-del-hidrogeno\/\" \/>\n<meta property=\"og:site_name\" content=\"Patagonia Ambiental\" \/>\n<meta property=\"article:publisher\" content=\"https:\/\/www.facebook.com\/patagonia.ambiental\" \/>\n<meta property=\"article:author\" content=\"https:\/\/www.facebook.com\/share\/1C1V8Gv9BX\/?mibextid=qi2Omg\" \/>\n<meta property=\"article:published_time\" content=\"2024-02-29T10:00:00+00:00\" \/>\n<meta property=\"article:modified_time\" content=\"2024-08-14T03:22:50+00:00\" \/>\n<meta property=\"og:image\" content=\"https:\/\/patagoniambiental.com.ar\/info\/wp-content\/uploads\/2024\/02\/Screenshot-2024-02-29-at-09-15-43-Buscan-crear-el-Instituto-Neuquino-del-Hidrogeno.png\" \/>\n\t<meta property=\"og:image:width\" content=\"707\" \/>\n\t<meta property=\"og:image:height\" content=\"394\" \/>\n\t<meta property=\"og:image:type\" content=\"image\/png\" \/>\n<meta name=\"author\" content=\"Patagonia Ambiental\" \/>\n<meta name=\"twitter:card\" content=\"summary_large_image\" \/>\n<meta name=\"twitter:creator\" content=\"@PatAmb\" \/>\n<meta name=\"twitter:site\" content=\"@PatAmb\" \/>\n<script type=\"application\/ld+json\" class=\"yoast-schema-graph\">{\"@context\":\"https:\\\/\\\/schema.org\",\"@graph\":[{\"@type\":\"Article\",\"@id\":\"https:\\\/\\\/patagoniambiental.com.ar\\\/info\\\/buscan-crear-el-instituto-neuquino-del-hidrogeno\\\/#article\",\"isPartOf\":{\"@id\":\"https:\\\/\\\/patagoniambiental.com.ar\\\/info\\\/buscan-crear-el-instituto-neuquino-del-hidrogeno\\\/\"},\"author\":{\"name\":\"Patagonia Ambiental\",\"@id\":\"https:\\\/\\\/patagoniambiental.com.ar\\\/info\\\/#\\\/schema\\\/person\\\/db12bff64bbcbf6a253710bf0ea37b5d\"},\"headline\":\"Buscan crear el Instituto Neuquino del Hidr\u00f3geno\",\"datePublished\":\"2024-02-29T10:00:00+00:00\",\"dateModified\":\"2024-08-14T03:22:50+00:00\",\"mainEntityOfPage\":{\"@id\":\"https:\\\/\\\/patagoniambiental.com.ar\\\/info\\\/buscan-crear-el-instituto-neuquino-del-hidrogeno\\\/\"},\"wordCount\":391,\"commentCount\":0,\"publisher\":{\"@id\":\"https:\\\/\\\/patagoniambiental.com.ar\\\/info\\\/#organization\"},\"image\":{\"@id\":\"https:\\\/\\\/patagoniambiental.com.ar\\\/info\\\/buscan-crear-el-instituto-neuquino-del-hidrogeno\\\/#primaryimage\"},\"thumbnailUrl\":\"https:\\\/\\\/patagoniambiental.com.ar\\\/info\\\/wp-content\\\/uploads\\\/2024\\\/02\\\/Screenshot-2024-02-29-at-09-15-43-Buscan-crear-el-Instituto-Neuquino-del-Hidrogeno.png\",\"articleSection\":[\"Bolet\u00edn\",\"Provinciales\"],\"inLanguage\":\"es\",\"potentialAction\":[{\"@type\":\"CommentAction\",\"name\":\"Comment\",\"target\":[\"https:\\\/\\\/patagoniambiental.com.ar\\\/info\\\/buscan-crear-el-instituto-neuquino-del-hidrogeno\\\/#respond\"]}]},{\"@type\":\"WebPage\",\"@id\":\"https:\\\/\\\/patagoniambiental.com.ar\\\/info\\\/buscan-crear-el-instituto-neuquino-del-hidrogeno\\\/\",\"url\":\"https:\\\/\\\/patagoniambiental.com.ar\\\/info\\\/buscan-crear-el-instituto-neuquino-del-hidrogeno\\\/\",\"name\":\"Buscan crear el Instituto Neuquino del Hidr\u00f3geno\",\"isPartOf\":{\"@id\":\"https:\\\/\\\/patagoniambiental.com.ar\\\/info\\\/#website\"},\"primaryImageOfPage\":{\"@id\":\"https:\\\/\\\/patagoniambiental.com.ar\\\/info\\\/buscan-crear-el-instituto-neuquino-del-hidrogeno\\\/#primaryimage\"},\"image\":{\"@id\":\"https:\\\/\\\/patagoniambiental.com.ar\\\/info\\\/buscan-crear-el-instituto-neuquino-del-hidrogeno\\\/#primaryimage\"},\"thumbnailUrl\":\"https:\\\/\\\/patagoniambiental.com.ar\\\/info\\\/wp-content\\\/uploads\\\/2024\\\/02\\\/Screenshot-2024-02-29-at-09-15-43-Buscan-crear-el-Instituto-Neuquino-del-Hidrogeno.png\",\"datePublished\":\"2024-02-29T10:00:00+00:00\",\"dateModified\":\"2024-08-14T03:22:50+00:00\",\"breadcrumb\":{\"@id\":\"https:\\\/\\\/patagoniambiental.com.ar\\\/info\\\/buscan-crear-el-instituto-neuquino-del-hidrogeno\\\/#breadcrumb\"},\"inLanguage\":\"es\",\"potentialAction\":[{\"@type\":\"ReadAction\",\"target\":[\"https:\\\/\\\/patagoniambiental.com.ar\\\/info\\\/buscan-crear-el-instituto-neuquino-del-hidrogeno\\\/\"]}]},{\"@type\":\"ImageObject\",\"inLanguage\":\"es\",\"@id\":\"https:\\\/\\\/patagoniambiental.com.ar\\\/info\\\/buscan-crear-el-instituto-neuquino-del-hidrogeno\\\/#primaryimage\",\"url\":\"https:\\\/\\\/patagoniambiental.com.ar\\\/info\\\/wp-content\\\/uploads\\\/2024\\\/02\\\/Screenshot-2024-02-29-at-09-15-43-Buscan-crear-el-Instituto-Neuquino-del-Hidrogeno.png\",\"contentUrl\":\"https:\\\/\\\/patagoniambiental.com.ar\\\/info\\\/wp-content\\\/uploads\\\/2024\\\/02\\\/Screenshot-2024-02-29-at-09-15-43-Buscan-crear-el-Instituto-Neuquino-del-Hidrogeno.png\",\"width\":707,\"height\":394},{\"@type\":\"BreadcrumbList\",\"@id\":\"https:\\\/\\\/patagoniambiental.com.ar\\\/info\\\/buscan-crear-el-instituto-neuquino-del-hidrogeno\\\/#breadcrumb\",\"itemListElement\":[{\"@type\":\"ListItem\",\"position\":1,\"name\":\"Inicio\",\"item\":\"https:\\\/\\\/patagoniambiental.com.ar\\\/info\\\/\"},{\"@type\":\"ListItem\",\"position\":2,\"name\":\"Buscan crear el Instituto Neuquino del Hidr\u00f3geno\"}]},{\"@type\":\"WebSite\",\"@id\":\"https:\\\/\\\/patagoniambiental.com.ar\\\/info\\\/#website\",\"url\":\"https:\\\/\\\/patagoniambiental.com.ar\\\/info\\\/\",\"name\":\"Patagonia Ambiental\",\"description\":\"Monitoreo y an\u00e1lisis de la situaci\u00f3n geopol\u00edtica en el mundo y su implicancia en la Patagonia\",\"publisher\":{\"@id\":\"https:\\\/\\\/patagoniambiental.com.ar\\\/info\\\/#organization\"},\"potentialAction\":[{\"@type\":\"SearchAction\",\"target\":{\"@type\":\"EntryPoint\",\"urlTemplate\":\"https:\\\/\\\/patagoniambiental.com.ar\\\/info\\\/?s={search_term_string}\"},\"query-input\":{\"@type\":\"PropertyValueSpecification\",\"valueRequired\":true,\"valueName\":\"search_term_string\"}}],\"inLanguage\":\"es\"},{\"@type\":\"Organization\",\"@id\":\"https:\\\/\\\/patagoniambiental.com.ar\\\/info\\\/#organization\",\"name\":\"Patagonia Ambiental\",\"url\":\"https:\\\/\\\/patagoniambiental.com.ar\\\/info\\\/\",\"logo\":{\"@type\":\"ImageObject\",\"inLanguage\":\"es\",\"@id\":\"https:\\\/\\\/patagoniambiental.com.ar\\\/info\\\/#\\\/schema\\\/logo\\\/image\\\/\",\"url\":\"https:\\\/\\\/patagoniambiental.com.ar\\\/info\\\/wp-content\\\/uploads\\\/2025\\\/05\\\/LOGO-PATAGONIA-AMBIENTAL.png\",\"contentUrl\":\"https:\\\/\\\/patagoniambiental.com.ar\\\/info\\\/wp-content\\\/uploads\\\/2025\\\/05\\\/LOGO-PATAGONIA-AMBIENTAL.png\",\"width\":433,\"height\":250,\"caption\":\"Patagonia Ambiental\"},\"image\":{\"@id\":\"https:\\\/\\\/patagoniambiental.com.ar\\\/info\\\/#\\\/schema\\\/logo\\\/image\\\/\"},\"sameAs\":[\"https:\\\/\\\/www.facebook.com\\\/patagonia.ambiental\",\"https:\\\/\\\/x.com\\\/PatAmb\"]},{\"@type\":\"Person\",\"@id\":\"https:\\\/\\\/patagoniambiental.com.ar\\\/info\\\/#\\\/schema\\\/person\\\/db12bff64bbcbf6a253710bf0ea37b5d\",\"name\":\"Patagonia Ambiental\",\"description\":\"Andr\u00e9s Nievas T\u00e9cnico en manejo ambiental, consultor Ambiental y escritor para medios locales e internacionales sobre temas de geopolitica y medio ambiente.\",\"sameAs\":[\"http:\\\/\\\/www.patagoniambiental.com.ar\",\"https:\\\/\\\/www.facebook.com\\\/share\\\/1C1V8Gv9BX\\\/?mibextid=qi2Omg\",\"@patagoniambiental\",\"https:\\\/\\\/youtube.com\\\/@patagoniaambiental2023?si=BLt58t0wuXquxlYZ\"]}]}<\/script>\n<!-- \/ Yoast SEO Premium plugin. -->","yoast_head_json":{"title":"Buscan crear el Instituto Neuquino del Hidr\u00f3geno","robots":{"index":"index","follow":"follow","max-snippet":"max-snippet:-1","max-image-preview":"max-image-preview:large","max-video-preview":"max-video-preview:-1"},"canonical":"https:\/\/patagoniambiental.com.ar\/info\/buscan-crear-el-instituto-neuquino-del-hidrogeno\/","og_locale":"es_ES","og_type":"article","og_title":"Buscan crear el Instituto Neuquino del Hidr\u00f3geno","og_url":"https:\/\/patagoniambiental.com.ar\/info\/buscan-crear-el-instituto-neuquino-del-hidrogeno\/","og_site_name":"Patagonia Ambiental","article_publisher":"https:\/\/www.facebook.com\/patagonia.ambiental","article_author":"https:\/\/www.facebook.com\/share\/1C1V8Gv9BX\/?mibextid=qi2Omg","article_published_time":"2024-02-29T10:00:00+00:00","article_modified_time":"2024-08-14T03:22:50+00:00","og_image":[{"width":707,"height":394,"url":"https:\/\/patagoniambiental.com.ar\/info\/wp-content\/uploads\/2024\/02\/Screenshot-2024-02-29-at-09-15-43-Buscan-crear-el-Instituto-Neuquino-del-Hidrogeno.png","type":"image\/png"}],"author":"Patagonia Ambiental","twitter_card":"summary_large_image","twitter_creator":"@PatAmb","twitter_site":"@PatAmb","schema":{"@context":"https:\/\/schema.org","@graph":[{"@type":"Article","@id":"https:\/\/patagoniambiental.com.ar\/info\/buscan-crear-el-instituto-neuquino-del-hidrogeno\/#article","isPartOf":{"@id":"https:\/\/patagoniambiental.com.ar\/info\/buscan-crear-el-instituto-neuquino-del-hidrogeno\/"},"author":{"name":"Patagonia Ambiental","@id":"https:\/\/patagoniambiental.com.ar\/info\/#\/schema\/person\/db12bff64bbcbf6a253710bf0ea37b5d"},"headline":"Buscan crear el Instituto Neuquino del Hidr\u00f3geno","datePublished":"2024-02-29T10:00:00+00:00","dateModified":"2024-08-14T03:22:50+00:00","mainEntityOfPage":{"@id":"https:\/\/patagoniambiental.com.ar\/info\/buscan-crear-el-instituto-neuquino-del-hidrogeno\/"},"wordCount":391,"commentCount":0,"publisher":{"@id":"https:\/\/patagoniambiental.com.ar\/info\/#organization"},"image":{"@id":"https:\/\/patagoniambiental.com.ar\/info\/buscan-crear-el-instituto-neuquino-del-hidrogeno\/#primaryimage"},"thumbnailUrl":"https:\/\/patagoniambiental.com.ar\/info\/wp-content\/uploads\/2024\/02\/Screenshot-2024-02-29-at-09-15-43-Buscan-crear-el-Instituto-Neuquino-del-Hidrogeno.png","articleSection":["Bolet\u00edn","Provinciales"],"inLanguage":"es","potentialAction":[{"@type":"CommentAction","name":"Comment","target":["https:\/\/patagoniambiental.com.ar\/info\/buscan-crear-el-instituto-neuquino-del-hidrogeno\/#respond"]}]},{"@type":"WebPage","@id":"https:\/\/patagoniambiental.com.ar\/info\/buscan-crear-el-instituto-neuquino-del-hidrogeno\/","url":"https:\/\/patagoniambiental.com.ar\/info\/buscan-crear-el-instituto-neuquino-del-hidrogeno\/","name":"Buscan crear el Instituto Neuquino del Hidr\u00f3geno","isPartOf":{"@id":"https:\/\/patagoniambiental.com.ar\/info\/#website"},"primaryImageOfPage":{"@id":"https:\/\/patagoniambiental.com.ar\/info\/buscan-crear-el-instituto-neuquino-del-hidrogeno\/#primaryimage"},"image":{"@id":"https:\/\/patagoniambiental.com.ar\/info\/buscan-crear-el-instituto-neuquino-del-hidrogeno\/#primaryimage"},"thumbnailUrl":"https:\/\/patagoniambiental.com.ar\/info\/wp-content\/uploads\/2024\/02\/Screenshot-2024-02-29-at-09-15-43-Buscan-crear-el-Instituto-Neuquino-del-Hidrogeno.png","datePublished":"2024-02-29T10:00:00+00:00","dateModified":"2024-08-14T03:22:50+00:00","breadcrumb":{"@id":"https:\/\/patagoniambiental.com.ar\/info\/buscan-crear-el-instituto-neuquino-del-hidrogeno\/#breadcrumb"},"inLanguage":"es","potentialAction":[{"@type":"ReadAction","target":["https:\/\/patagoniambiental.com.ar\/info\/buscan-crear-el-instituto-neuquino-del-hidrogeno\/"]}]},{"@type":"ImageObject","inLanguage":"es","@id":"https:\/\/patagoniambiental.com.ar\/info\/buscan-crear-el-instituto-neuquino-del-hidrogeno\/#primaryimage","url":"https:\/\/patagoniambiental.com.ar\/info\/wp-content\/uploads\/2024\/02\/Screenshot-2024-02-29-at-09-15-43-Buscan-crear-el-Instituto-Neuquino-del-Hidrogeno.png","contentUrl":"https:\/\/patagoniambiental.com.ar\/info\/wp-content\/uploads\/2024\/02\/Screenshot-2024-02-29-at-09-15-43-Buscan-crear-el-Instituto-Neuquino-del-Hidrogeno.png","width":707,"height":394},{"@type":"BreadcrumbList","@id":"https:\/\/patagoniambiental.com.ar\/info\/buscan-crear-el-instituto-neuquino-del-hidrogeno\/#breadcrumb","itemListElement":[{"@type":"ListItem","position":1,"name":"Inicio","item":"https:\/\/patagoniambiental.com.ar\/info\/"},{"@type":"ListItem","position":2,"name":"Buscan crear el Instituto Neuquino del Hidr\u00f3geno"}]},{"@type":"WebSite","@id":"https:\/\/patagoniambiental.com.ar\/info\/#website","url":"https:\/\/patagoniambiental.com.ar\/info\/","name":"Patagonia Ambiental","description":"Monitoreo y an\u00e1lisis de la situaci\u00f3n geopol\u00edtica en el mundo y su implicancia en la Patagonia","publisher":{"@id":"https:\/\/patagoniambiental.com.ar\/info\/#organization"},"potentialAction":[{"@type":"SearchAction","target":{"@type":"EntryPoint","urlTemplate":"https:\/\/patagoniambiental.com.ar\/info\/?s={search_term_string}"},"query-input":{"@type":"PropertyValueSpecification","valueRequired":true,"valueName":"search_term_string"}}],"inLanguage":"es"},{"@type":"Organization","@id":"https:\/\/patagoniambiental.com.ar\/info\/#organization","name":"Patagonia Ambiental","url":"https:\/\/patagoniambiental.com.ar\/info\/","logo":{"@type":"ImageObject","inLanguage":"es","@id":"https:\/\/patagoniambiental.com.ar\/info\/#\/schema\/logo\/image\/","url":"https:\/\/patagoniambiental.com.ar\/info\/wp-content\/uploads\/2025\/05\/LOGO-PATAGONIA-AMBIENTAL.png","contentUrl":"https:\/\/patagoniambiental.com.ar\/info\/wp-content\/uploads\/2025\/05\/LOGO-PATAGONIA-AMBIENTAL.png","width":433,"height":250,"caption":"Patagonia Ambiental"},"image":{"@id":"https:\/\/patagoniambiental.com.ar\/info\/#\/schema\/logo\/image\/"},"sameAs":["https:\/\/www.facebook.com\/patagonia.ambiental","https:\/\/x.com\/PatAmb"]},{"@type":"Person","@id":"https:\/\/patagoniambiental.com.ar\/info\/#\/schema\/person\/db12bff64bbcbf6a253710bf0ea37b5d","name":"Patagonia Ambiental","description":"Andr\u00e9s Nievas T\u00e9cnico en manejo ambiental, consultor Ambiental y escritor para medios locales e internacionales sobre temas de geopolitica y medio ambiente.","sameAs":["http:\/\/www.patagoniambiental.com.ar","https:\/\/www.facebook.com\/share\/1C1V8Gv9BX\/?mibextid=qi2Omg","@patagoniambiental","https:\/\/youtube.com\/@patagoniaambiental2023?si=BLt58t0wuXquxlYZ"]}]}},"_links":{"self":[{"href":"https:\/\/patagoniambiental.com.ar\/info\/wp-json\/wp\/v2\/posts\/80159","targetHints":{"allow":["GET"]}}],"collection":[{"href":"https:\/\/patagoniambiental.com.ar\/info\/wp-json\/wp\/v2\/posts"}],"about":[{"href":"https:\/\/patagoniambiental.com.ar\/info\/wp-json\/wp\/v2\/types\/post"}],"author":[{"embeddable":true,"href":"https:\/\/patagoniambiental.com.ar\/info\/wp-json\/wp\/v2\/users\/2"}],"replies":[{"embeddable":true,"href":"https:\/\/patagoniambiental.com.ar\/info\/wp-json\/wp\/v2\/comments?post=80159"}],"version-history":[{"count":0,"href":"https:\/\/patagoniambiental.com.ar\/info\/wp-json\/wp\/v2\/posts\/80159\/revisions"}],"wp:featuredmedia":[{"embeddable":true,"href":"https:\/\/patagoniambiental.com.ar\/info\/wp-json\/wp\/v2\/media\/80160"}],"wp:attachment":[{"href":"https:\/\/patagoniambiental.com.ar\/info\/wp-json\/wp\/v2\/media?parent=80159"}],"wp:term":[{"taxonomy":"category","embeddable":true,"href":"https:\/\/patagoniambiental.com.ar\/info\/wp-json\/wp\/v2\/categories?post=80159"},{"taxonomy":"post_tag","embeddable":true,"href":"https:\/\/patagoniambiental.com.ar\/info\/wp-json\/wp\/v2\/tags?post=80159"}],"curies":[{"name":"wp","href":"https:\/\/api.w.org\/{rel}","templated":true}]}}