{"id":80387,"date":"2024-03-02T07:00:00","date_gmt":"2024-03-02T10:00:00","guid":{"rendered":"https:\/\/patagoniambiental.com.ar\/info\/?p=80387"},"modified":"2024-08-13T23:58:48","modified_gmt":"2024-08-14T02:58:48","slug":"buscaran-posicionar-a-chubut-como-destino-turistico-lider","status":"publish","type":"post","link":"https:\/\/patagoniambiental.com.ar\/info\/buscaran-posicionar-a-chubut-como-destino-turistico-lider\/","title":{"rendered":"Buscar\u00e1n posicionar a Chubut como destino tur\u00edstico l\u00edder"},"content":{"rendered":"\n<!--more-->\n\n\n\n<p>En el marco de la apertura del 52\u00b0 per\u00edodo de sesiones ordinarias en la Legislatura, el gobernador destac\u00f3 la necesidad de \u201cpromocionar el extraordinario potencial tur\u00edstico que tenemos\u201d a lo largo y ancho de la provincia, y agreg\u00f3 que \u201cnuestro compromiso como Gobierno es transformar al turismo en eje econ\u00f3mico y de desarrollo clave en nuestra matriz productiva\u201d.<\/p>\n\n\n\n<p>\u201cVamos a enfocarnos en consolidar a Chubut como destino l\u00edder en el desarrollo de un turismo inclusivo y sostenible\u201d, asegur\u00f3 el gobernador del Chubut, Ignacio \u201cNacho\u201d Torres, al abrir un nuevo per\u00edodo de sesiones ordinarias en la Legislatura de la Provincia, precisando en tal sentido que el Gobierno apunta a garantizar \u201cservicios y profesionales de calidad para fortalecer la oferta tur\u00edstica local\u201d en todo el territorio.<\/p>\n\n\n\n<p>El mandatario manifest\u00f3 que uno de los ejes principales de su gesti\u00f3n ser\u00e1 el de potenciar y promocionar \u201cel extraordinario potencial tur\u00edstico que tenemos, brindando al visitante local, nacional e internacional la posibilidad de vivir experiencias \u00fanicas con el objeto prioritario de contribuir genuina y criteriosamente al bienestar socioecon\u00f3mico de las diversas comunidades receptivas\u201d.<\/p>\n\n\n\n<p>Sostuvo, asimismo, que dentro del mercado internacional \u201cse reconocen pocos atractivos o productos tur\u00edsticos como los de la provincia\u201d, y anticip\u00f3 en esa l\u00ednea que \u201cestamos propiciando una reglamentaci\u00f3n actualizada de diversos servicios tur\u00edsticos a fin de crear destinos competitivos en nichos espec\u00edficos\u201d.<\/p>\n\n\n\n<p>En cuanto a los prestadores de servicios tur\u00edsticos, privados y p\u00fablicos, Torres consider\u00f3 que se requiere de \u201cdistinciones en calidad a fin de fortalecer la oferta tur\u00edstica local\u201d y a\u00f1adi\u00f3: \u201cSi queremos posicionarnos en el mercado internacional no podemos tener tarifas din\u00e1micas ya que dificultan la comercializaci\u00f3n de servicios tur\u00edsticos y disminuyen la cantidad de reservas\u201d.<\/p>\n\n\n\n<div style=\"height:100px\" aria-hidden=\"true\" class=\"wp-block-spacer\"><\/div>\n\n\n\n<h2 class=\"wp-block-heading\" id=\"h-consenso-y-compromiso-colectivo\"><strong>Consenso y compromiso colectivo<\/strong><\/h2>\n\n\n\n<p>Adem\u00e1s, el gobernador manifest\u00f3 que para el crecimiento de la actividad se necesita \u201cun proceso de aprendizaje y compromiso colectivo del sector y estamos a disposici\u00f3n para trabajar con consenso y en ese sentido\u201d.<\/p>\n\n\n\n<p>Al respecto se\u00f1al\u00f3 que \u201catenderemos tres factores estrat\u00e9gicos universales para el desarrollo tur\u00edstico: potencialidad, accesibilidad y sostenibilidad\u201d, indicando que son ejes que responden a una clara necesidad de \u201ccaptar toda la demanda potencial que tienen nuestros atractivos naturales; ser accesibles facilit\u00e1ndoles a los turistas una oferta competitiva; y aprender a detectar, incorporar y sostener en la oferta lo que el visitante desea como experiencia\u201d.<\/p>\n\n\n\n<p>\u201cSi nos lo proponemos, no hay forma de que el turismo no se transforme en un eje econ\u00f3mico y de desarrollo clave en nuestra matriz productiva\u201d, expres\u00f3 el mandatario en otro pasaje de su discurso y precis\u00f3 que, en base al legado de nuestros pioneros, \u201ctomamos como base el valioso trabajo de quienes participaron en el plan estrat\u00e9gico Chubut 2022. Lo que se hace bien hay que seguir haci\u00e9ndolo y fortalecerlo y esta fue una gran pol\u00edtica de Estado\u201d.<\/p>\n\n\n\n<div style=\"height:100px\" aria-hidden=\"true\" class=\"wp-block-spacer\"><\/div>\n\n\n\n<h2 class=\"wp-block-heading\" id=\"h-gestion-ejecutiva\"><strong>Gesti\u00f3n Ejecutiva<\/strong><\/h2>\n\n\n\n<p>El mandatario chubutense subray\u00f3, adem\u00e1s, la importancia de la implementaci\u00f3n de un \u201cprograma de Ingenier\u00eda de gesti\u00f3n ejecutiva, a fin de propiciar un desarrollo pujante y sostenible en cada comarca, poniendo enfoque en la l\u00f3gica de la demanda y la articulaci\u00f3n con el sector privado, acad\u00e9mico, organizaciones intermedias y comunas, con el aporte constructivo de colectividades y culturas ancestrales\u201d.<\/p>\n\n\n\n<p>Torres remarc\u00f3, igualmente, que \u201cnuestra identidad debe ser el sello de cada rinc\u00f3n con que alimentaremos la ingenier\u00eda que nos propondremos ejecutar. Una ingenier\u00eda de gesti\u00f3n en materia tur\u00edstica en nuestra provincia requiere desde las bases una fuerte inversi\u00f3n para ordenar el sistema provincial de \u00e1reas naturales protegidas\u201d, puntualiz\u00f3.<\/p>\n\n\n\n<div style=\"height:100px\" aria-hidden=\"true\" class=\"wp-block-spacer\"><\/div>\n\n\n\n<h2 class=\"wp-block-heading\" id=\"h-incendios-en-la-cordillera\"><strong>Incendios en la Cordillera<\/strong><\/h2>\n\n\n\n<p>Por \u00faltimo, Torres se refiri\u00f3 a la situaci\u00f3n generada por los sucesivos siniestros \u00edgneos en la regi\u00f3n de la Cordillera, y explic\u00f3 que \u201centre los nueve incendios que se registraron, se quemaron un aproximado de 7.950 hect\u00e1reas, de las cuales 6.950 hect\u00e1reas se corresponden con el peor de todos los incendios, que fue el que se inici\u00f3 en el Parque Nacional los Alerces y se extendi\u00f3 posteriormente hasta las zonas aleda\u00f1as de Esquel\u201d.<\/p>\n\n\n\n<p>En tal sentido, detall\u00f3 tambi\u00e9n que para combatir los fuegos participaron \u201cm\u00e1s de mil personas aproximadamente, de las cuales unas 700 estuvieron abocadas al incendio mayor\u201d, y a\u00f1adi\u00f3 que \u201cla provincia de Chubut canaliz\u00f3 gastos por m\u00e1s de 2.500 millones de pesos entre fondos propios y aportes del Tesoro\u201d.<\/p>\n\n\n\n<p>\u201cLo que nos toc\u00f3 atravesar a pocos d\u00edas de asumir, hablando concretamente de los incendios, en este momento de tanta virulencia, de tanta violencia, es el ejemplo de lo importante que es trabajar juntos\u201d, asegur\u00f3 Torres, agregando que \u201ca nosotros el Gobierno Nacional no nos pregunt\u00f3 cu\u00e1nto dinero estaba poniendo la provincia para pagar el incendio que se hab\u00eda iniciado en una jurisdicci\u00f3n nacional como lo es el Parque Nacional Los Alerces, y tampoco nos pregunt\u00f3 Naci\u00f3n si ten\u00eda que intervenir para colaborar con nosotros en la parte que afectaba al ejido provincial\u201d.<\/p>\n\n\n\n<p>Asimismo, el mandatario chubutense destac\u00f3 que \u201ceste incendio tambi\u00e9n trajo la solidaridad de m\u00e1s de 7 provincias de la Argentina, de todos los colores pol\u00edticos posibles, que aportaron brigadistas y equipamiento\u201d, y concluy\u00f3 refiriendo que \u201ces un ejemplo de lo importante que es respetar las instituciones, a los estados provinciales, y lo importante que ser\u00eda tambi\u00e9n que el Estado Nacional comprenda que, cuando las papas queman, somos las provincias las que terminamos conteniendo y solucionando los problemas\u201d.<\/p>\n\n\n\n<p>Fuente: radio3cadenapatagonia.com.ar<\/p>\n","protected":false},"excerpt":{"rendered":"","protected":false},"author":2,"featured_media":80388,"comment_status":"open","ping_status":"open","sticky":false,"template":"","format":"standard","meta":{"site-sidebar-layout":"default","site-content-layout":"","ast-site-content-layout":"default","site-content-style":"default","site-sidebar-style":"default","ast-global-header-display":"","ast-banner-title-visibility":"","ast-main-header-display":"","ast-hfb-above-header-display":"","ast-hfb-below-header-display":"","ast-hfb-mobile-header-display":"","site-post-title":"","ast-breadcrumbs-content":"","ast-featured-img":"","footer-sml-layout":"","ast-disable-related-posts":"","theme-transparent-header-meta":"","adv-header-id-meta":"","stick-header-meta":"","header-above-stick-meta":"","header-main-stick-meta":"","header-below-stick-meta":"","astra-migrate-meta-layouts":"default","ast-page-background-enabled":"default","ast-page-background-meta":{"desktop":{"background-color":"var(--ast-global-color-5)","background-image":"","background-repeat":"repeat","background-position":"center center","background-size":"auto","background-attachment":"scroll","background-type":"","background-media":"","overlay-type":"","overlay-color":"","overlay-opacity":"","overlay-gradient":""},"tablet":{"background-color":"","background-image":"","background-repeat":"repeat","background-position":"center center","background-size":"auto","background-attachment":"scroll","background-type":"","background-media":"","overlay-type":"","overlay-color":"","overlay-opacity":"","overlay-gradient":""},"mobile":{"background-color":"","background-image":"","background-repeat":"repeat","background-position":"center center","background-size":"auto","background-attachment":"scroll","background-type":"","background-media":"","overlay-type":"","overlay-color":"","overlay-opacity":"","overlay-gradient":""}},"ast-content-background-meta":{"desktop":{"background-color":"var(--ast-global-color-4)","background-image":"","background-repeat":"repeat","background-position":"center center","background-size":"auto","background-attachment":"scroll","background-type":"","background-media":"","overlay-type":"","overlay-color":"","overlay-opacity":"","overlay-gradient":""},"tablet":{"background-color":"var(--ast-global-color-4)","background-image":"","background-repeat":"repeat","background-position":"center center","background-size":"auto","background-attachment":"scroll","background-type":"","background-media":"","overlay-type":"","overlay-color":"","overlay-opacity":"","overlay-gradient":""},"mobile":{"background-color":"var(--ast-global-color-4)","background-image":"","background-repeat":"repeat","background-position":"center center","background-size":"auto","background-attachment":"scroll","background-type":"","background-media":"","overlay-type":"","overlay-color":"","overlay-opacity":"","overlay-gradient":""}},"footnotes":""},"categories":[13],"tags":[],"class_list":["post-80387","post","type-post","status-publish","format-standard","has-post-thumbnail","hentry","category-provinciales"],"yoast_head":"<!-- This site is optimized with the Yoast SEO Premium plugin v23.0 (Yoast SEO v27.5) - https:\/\/yoast.com\/product\/yoast-seo-premium-wordpress\/ -->\n<title>Buscar\u00e1n posicionar a Chubut como destino tur\u00edstico l\u00edder<\/title>\n<meta name=\"robots\" content=\"index, follow, max-snippet:-1, max-image-preview:large, max-video-preview:-1\" \/>\n<link rel=\"canonical\" href=\"https:\/\/patagoniambiental.com.ar\/info\/buscaran-posicionar-a-chubut-como-destino-turistico-lider\/\" \/>\n<meta property=\"og:locale\" content=\"es_ES\" \/>\n<meta property=\"og:type\" content=\"article\" \/>\n<meta property=\"og:title\" content=\"Buscar\u00e1n posicionar a Chubut como destino tur\u00edstico l\u00edder\" \/>\n<meta property=\"og:url\" content=\"https:\/\/patagoniambiental.com.ar\/info\/buscaran-posicionar-a-chubut-como-destino-turistico-lider\/\" \/>\n<meta property=\"og:site_name\" content=\"Patagonia Ambiental\" \/>\n<meta property=\"article:publisher\" content=\"https:\/\/www.facebook.com\/patagonia.ambiental\" \/>\n<meta property=\"article:author\" content=\"https:\/\/www.facebook.com\/share\/1C1V8Gv9BX\/?mibextid=qi2Omg\" \/>\n<meta property=\"article:published_time\" content=\"2024-03-02T10:00:00+00:00\" \/>\n<meta property=\"article:modified_time\" content=\"2024-08-14T02:58:48+00:00\" \/>\n<meta property=\"og:image\" content=\"https:\/\/patagoniambiental.com.ar\/info\/wp-content\/uploads\/2024\/03\/Sin-titulo-4.png\" \/>\n\t<meta property=\"og:image:width\" content=\"593\" \/>\n\t<meta property=\"og:image:height\" content=\"496\" \/>\n\t<meta property=\"og:image:type\" content=\"image\/png\" \/>\n<meta name=\"author\" content=\"Patagonia Ambiental\" \/>\n<meta name=\"twitter:card\" content=\"summary_large_image\" \/>\n<meta name=\"twitter:creator\" content=\"@PatAmb\" \/>\n<meta name=\"twitter:site\" content=\"@PatAmb\" \/>\n<script type=\"application\/ld+json\" class=\"yoast-schema-graph\">{\"@context\":\"https:\\\/\\\/schema.org\",\"@graph\":[{\"@type\":\"Article\",\"@id\":\"https:\\\/\\\/patagoniambiental.com.ar\\\/info\\\/buscaran-posicionar-a-chubut-como-destino-turistico-lider\\\/#article\",\"isPartOf\":{\"@id\":\"https:\\\/\\\/patagoniambiental.com.ar\\\/info\\\/buscaran-posicionar-a-chubut-como-destino-turistico-lider\\\/\"},\"author\":{\"name\":\"Patagonia Ambiental\",\"@id\":\"https:\\\/\\\/patagoniambiental.com.ar\\\/info\\\/#\\\/schema\\\/person\\\/db12bff64bbcbf6a253710bf0ea37b5d\"},\"headline\":\"Buscar\u00e1n posicionar a Chubut como destino tur\u00edstico l\u00edder\",\"datePublished\":\"2024-03-02T10:00:00+00:00\",\"dateModified\":\"2024-08-14T02:58:48+00:00\",\"mainEntityOfPage\":{\"@id\":\"https:\\\/\\\/patagoniambiental.com.ar\\\/info\\\/buscaran-posicionar-a-chubut-como-destino-turistico-lider\\\/\"},\"wordCount\":938,\"commentCount\":0,\"publisher\":{\"@id\":\"https:\\\/\\\/patagoniambiental.com.ar\\\/info\\\/#organization\"},\"image\":{\"@id\":\"https:\\\/\\\/patagoniambiental.com.ar\\\/info\\\/buscaran-posicionar-a-chubut-como-destino-turistico-lider\\\/#primaryimage\"},\"thumbnailUrl\":\"https:\\\/\\\/patagoniambiental.com.ar\\\/info\\\/wp-content\\\/uploads\\\/2024\\\/03\\\/Sin-titulo-4.png\",\"articleSection\":[\"Provinciales\"],\"inLanguage\":\"es\",\"potentialAction\":[{\"@type\":\"CommentAction\",\"name\":\"Comment\",\"target\":[\"https:\\\/\\\/patagoniambiental.com.ar\\\/info\\\/buscaran-posicionar-a-chubut-como-destino-turistico-lider\\\/#respond\"]}]},{\"@type\":\"WebPage\",\"@id\":\"https:\\\/\\\/patagoniambiental.com.ar\\\/info\\\/buscaran-posicionar-a-chubut-como-destino-turistico-lider\\\/\",\"url\":\"https:\\\/\\\/patagoniambiental.com.ar\\\/info\\\/buscaran-posicionar-a-chubut-como-destino-turistico-lider\\\/\",\"name\":\"Buscar\u00e1n posicionar a Chubut como destino tur\u00edstico l\u00edder\",\"isPartOf\":{\"@id\":\"https:\\\/\\\/patagoniambiental.com.ar\\\/info\\\/#website\"},\"primaryImageOfPage\":{\"@id\":\"https:\\\/\\\/patagoniambiental.com.ar\\\/info\\\/buscaran-posicionar-a-chubut-como-destino-turistico-lider\\\/#primaryimage\"},\"image\":{\"@id\":\"https:\\\/\\\/patagoniambiental.com.ar\\\/info\\\/buscaran-posicionar-a-chubut-como-destino-turistico-lider\\\/#primaryimage\"},\"thumbnailUrl\":\"https:\\\/\\\/patagoniambiental.com.ar\\\/info\\\/wp-content\\\/uploads\\\/2024\\\/03\\\/Sin-titulo-4.png\",\"datePublished\":\"2024-03-02T10:00:00+00:00\",\"dateModified\":\"2024-08-14T02:58:48+00:00\",\"breadcrumb\":{\"@id\":\"https:\\\/\\\/patagoniambiental.com.ar\\\/info\\\/buscaran-posicionar-a-chubut-como-destino-turistico-lider\\\/#breadcrumb\"},\"inLanguage\":\"es\",\"potentialAction\":[{\"@type\":\"ReadAction\",\"target\":[\"https:\\\/\\\/patagoniambiental.com.ar\\\/info\\\/buscaran-posicionar-a-chubut-como-destino-turistico-lider\\\/\"]}]},{\"@type\":\"ImageObject\",\"inLanguage\":\"es\",\"@id\":\"https:\\\/\\\/patagoniambiental.com.ar\\\/info\\\/buscaran-posicionar-a-chubut-como-destino-turistico-lider\\\/#primaryimage\",\"url\":\"https:\\\/\\\/patagoniambiental.com.ar\\\/info\\\/wp-content\\\/uploads\\\/2024\\\/03\\\/Sin-titulo-4.png\",\"contentUrl\":\"https:\\\/\\\/patagoniambiental.com.ar\\\/info\\\/wp-content\\\/uploads\\\/2024\\\/03\\\/Sin-titulo-4.png\",\"width\":593,\"height\":496},{\"@type\":\"BreadcrumbList\",\"@id\":\"https:\\\/\\\/patagoniambiental.com.ar\\\/info\\\/buscaran-posicionar-a-chubut-como-destino-turistico-lider\\\/#breadcrumb\",\"itemListElement\":[{\"@type\":\"ListItem\",\"position\":1,\"name\":\"Inicio\",\"item\":\"https:\\\/\\\/patagoniambiental.com.ar\\\/info\\\/\"},{\"@type\":\"ListItem\",\"position\":2,\"name\":\"Buscar\u00e1n posicionar a Chubut como destino tur\u00edstico l\u00edder\"}]},{\"@type\":\"WebSite\",\"@id\":\"https:\\\/\\\/patagoniambiental.com.ar\\\/info\\\/#website\",\"url\":\"https:\\\/\\\/patagoniambiental.com.ar\\\/info\\\/\",\"name\":\"Patagonia Ambiental\",\"description\":\"Monitoreo y an\u00e1lisis de la situaci\u00f3n geopol\u00edtica en el mundo y su implicancia en la Patagonia\",\"publisher\":{\"@id\":\"https:\\\/\\\/patagoniambiental.com.ar\\\/info\\\/#organization\"},\"potentialAction\":[{\"@type\":\"SearchAction\",\"target\":{\"@type\":\"EntryPoint\",\"urlTemplate\":\"https:\\\/\\\/patagoniambiental.com.ar\\\/info\\\/?s={search_term_string}\"},\"query-input\":{\"@type\":\"PropertyValueSpecification\",\"valueRequired\":true,\"valueName\":\"search_term_string\"}}],\"inLanguage\":\"es\"},{\"@type\":\"Organization\",\"@id\":\"https:\\\/\\\/patagoniambiental.com.ar\\\/info\\\/#organization\",\"name\":\"Patagonia Ambiental\",\"url\":\"https:\\\/\\\/patagoniambiental.com.ar\\\/info\\\/\",\"logo\":{\"@type\":\"ImageObject\",\"inLanguage\":\"es\",\"@id\":\"https:\\\/\\\/patagoniambiental.com.ar\\\/info\\\/#\\\/schema\\\/logo\\\/image\\\/\",\"url\":\"https:\\\/\\\/patagoniambiental.com.ar\\\/info\\\/wp-content\\\/uploads\\\/2025\\\/05\\\/LOGO-PATAGONIA-AMBIENTAL.png\",\"contentUrl\":\"https:\\\/\\\/patagoniambiental.com.ar\\\/info\\\/wp-content\\\/uploads\\\/2025\\\/05\\\/LOGO-PATAGONIA-AMBIENTAL.png\",\"width\":433,\"height\":250,\"caption\":\"Patagonia Ambiental\"},\"image\":{\"@id\":\"https:\\\/\\\/patagoniambiental.com.ar\\\/info\\\/#\\\/schema\\\/logo\\\/image\\\/\"},\"sameAs\":[\"https:\\\/\\\/www.facebook.com\\\/patagonia.ambiental\",\"https:\\\/\\\/x.com\\\/PatAmb\"]},{\"@type\":\"Person\",\"@id\":\"https:\\\/\\\/patagoniambiental.com.ar\\\/info\\\/#\\\/schema\\\/person\\\/db12bff64bbcbf6a253710bf0ea37b5d\",\"name\":\"Patagonia Ambiental\",\"description\":\"Andr\u00e9s Nievas T\u00e9cnico en manejo ambiental, consultor Ambiental y escritor para medios locales e internacionales sobre temas de geopolitica y medio ambiente.\",\"sameAs\":[\"http:\\\/\\\/www.patagoniambiental.com.ar\",\"https:\\\/\\\/www.facebook.com\\\/share\\\/1C1V8Gv9BX\\\/?mibextid=qi2Omg\",\"@patagoniambiental\",\"https:\\\/\\\/youtube.com\\\/@patagoniaambiental2023?si=BLt58t0wuXquxlYZ\"]}]}<\/script>\n<!-- \/ Yoast SEO Premium plugin. -->","yoast_head_json":{"title":"Buscar\u00e1n posicionar a Chubut como destino tur\u00edstico l\u00edder","robots":{"index":"index","follow":"follow","max-snippet":"max-snippet:-1","max-image-preview":"max-image-preview:large","max-video-preview":"max-video-preview:-1"},"canonical":"https:\/\/patagoniambiental.com.ar\/info\/buscaran-posicionar-a-chubut-como-destino-turistico-lider\/","og_locale":"es_ES","og_type":"article","og_title":"Buscar\u00e1n posicionar a Chubut como destino tur\u00edstico l\u00edder","og_url":"https:\/\/patagoniambiental.com.ar\/info\/buscaran-posicionar-a-chubut-como-destino-turistico-lider\/","og_site_name":"Patagonia Ambiental","article_publisher":"https:\/\/www.facebook.com\/patagonia.ambiental","article_author":"https:\/\/www.facebook.com\/share\/1C1V8Gv9BX\/?mibextid=qi2Omg","article_published_time":"2024-03-02T10:00:00+00:00","article_modified_time":"2024-08-14T02:58:48+00:00","og_image":[{"width":593,"height":496,"url":"https:\/\/patagoniambiental.com.ar\/info\/wp-content\/uploads\/2024\/03\/Sin-titulo-4.png","type":"image\/png"}],"author":"Patagonia Ambiental","twitter_card":"summary_large_image","twitter_creator":"@PatAmb","twitter_site":"@PatAmb","schema":{"@context":"https:\/\/schema.org","@graph":[{"@type":"Article","@id":"https:\/\/patagoniambiental.com.ar\/info\/buscaran-posicionar-a-chubut-como-destino-turistico-lider\/#article","isPartOf":{"@id":"https:\/\/patagoniambiental.com.ar\/info\/buscaran-posicionar-a-chubut-como-destino-turistico-lider\/"},"author":{"name":"Patagonia Ambiental","@id":"https:\/\/patagoniambiental.com.ar\/info\/#\/schema\/person\/db12bff64bbcbf6a253710bf0ea37b5d"},"headline":"Buscar\u00e1n posicionar a Chubut como destino tur\u00edstico l\u00edder","datePublished":"2024-03-02T10:00:00+00:00","dateModified":"2024-08-14T02:58:48+00:00","mainEntityOfPage":{"@id":"https:\/\/patagoniambiental.com.ar\/info\/buscaran-posicionar-a-chubut-como-destino-turistico-lider\/"},"wordCount":938,"commentCount":0,"publisher":{"@id":"https:\/\/patagoniambiental.com.ar\/info\/#organization"},"image":{"@id":"https:\/\/patagoniambiental.com.ar\/info\/buscaran-posicionar-a-chubut-como-destino-turistico-lider\/#primaryimage"},"thumbnailUrl":"https:\/\/patagoniambiental.com.ar\/info\/wp-content\/uploads\/2024\/03\/Sin-titulo-4.png","articleSection":["Provinciales"],"inLanguage":"es","potentialAction":[{"@type":"CommentAction","name":"Comment","target":["https:\/\/patagoniambiental.com.ar\/info\/buscaran-posicionar-a-chubut-como-destino-turistico-lider\/#respond"]}]},{"@type":"WebPage","@id":"https:\/\/patagoniambiental.com.ar\/info\/buscaran-posicionar-a-chubut-como-destino-turistico-lider\/","url":"https:\/\/patagoniambiental.com.ar\/info\/buscaran-posicionar-a-chubut-como-destino-turistico-lider\/","name":"Buscar\u00e1n posicionar a Chubut como destino tur\u00edstico l\u00edder","isPartOf":{"@id":"https:\/\/patagoniambiental.com.ar\/info\/#website"},"primaryImageOfPage":{"@id":"https:\/\/patagoniambiental.com.ar\/info\/buscaran-posicionar-a-chubut-como-destino-turistico-lider\/#primaryimage"},"image":{"@id":"https:\/\/patagoniambiental.com.ar\/info\/buscaran-posicionar-a-chubut-como-destino-turistico-lider\/#primaryimage"},"thumbnailUrl":"https:\/\/patagoniambiental.com.ar\/info\/wp-content\/uploads\/2024\/03\/Sin-titulo-4.png","datePublished":"2024-03-02T10:00:00+00:00","dateModified":"2024-08-14T02:58:48+00:00","breadcrumb":{"@id":"https:\/\/patagoniambiental.com.ar\/info\/buscaran-posicionar-a-chubut-como-destino-turistico-lider\/#breadcrumb"},"inLanguage":"es","potentialAction":[{"@type":"ReadAction","target":["https:\/\/patagoniambiental.com.ar\/info\/buscaran-posicionar-a-chubut-como-destino-turistico-lider\/"]}]},{"@type":"ImageObject","inLanguage":"es","@id":"https:\/\/patagoniambiental.com.ar\/info\/buscaran-posicionar-a-chubut-como-destino-turistico-lider\/#primaryimage","url":"https:\/\/patagoniambiental.com.ar\/info\/wp-content\/uploads\/2024\/03\/Sin-titulo-4.png","contentUrl":"https:\/\/patagoniambiental.com.ar\/info\/wp-content\/uploads\/2024\/03\/Sin-titulo-4.png","width":593,"height":496},{"@type":"BreadcrumbList","@id":"https:\/\/patagoniambiental.com.ar\/info\/buscaran-posicionar-a-chubut-como-destino-turistico-lider\/#breadcrumb","itemListElement":[{"@type":"ListItem","position":1,"name":"Inicio","item":"https:\/\/patagoniambiental.com.ar\/info\/"},{"@type":"ListItem","position":2,"name":"Buscar\u00e1n posicionar a Chubut como destino tur\u00edstico l\u00edder"}]},{"@type":"WebSite","@id":"https:\/\/patagoniambiental.com.ar\/info\/#website","url":"https:\/\/patagoniambiental.com.ar\/info\/","name":"Patagonia Ambiental","description":"Monitoreo y an\u00e1lisis de la situaci\u00f3n geopol\u00edtica en el mundo y su implicancia en la Patagonia","publisher":{"@id":"https:\/\/patagoniambiental.com.ar\/info\/#organization"},"potentialAction":[{"@type":"SearchAction","target":{"@type":"EntryPoint","urlTemplate":"https:\/\/patagoniambiental.com.ar\/info\/?s={search_term_string}"},"query-input":{"@type":"PropertyValueSpecification","valueRequired":true,"valueName":"search_term_string"}}],"inLanguage":"es"},{"@type":"Organization","@id":"https:\/\/patagoniambiental.com.ar\/info\/#organization","name":"Patagonia Ambiental","url":"https:\/\/patagoniambiental.com.ar\/info\/","logo":{"@type":"ImageObject","inLanguage":"es","@id":"https:\/\/patagoniambiental.com.ar\/info\/#\/schema\/logo\/image\/","url":"https:\/\/patagoniambiental.com.ar\/info\/wp-content\/uploads\/2025\/05\/LOGO-PATAGONIA-AMBIENTAL.png","contentUrl":"https:\/\/patagoniambiental.com.ar\/info\/wp-content\/uploads\/2025\/05\/LOGO-PATAGONIA-AMBIENTAL.png","width":433,"height":250,"caption":"Patagonia Ambiental"},"image":{"@id":"https:\/\/patagoniambiental.com.ar\/info\/#\/schema\/logo\/image\/"},"sameAs":["https:\/\/www.facebook.com\/patagonia.ambiental","https:\/\/x.com\/PatAmb"]},{"@type":"Person","@id":"https:\/\/patagoniambiental.com.ar\/info\/#\/schema\/person\/db12bff64bbcbf6a253710bf0ea37b5d","name":"Patagonia Ambiental","description":"Andr\u00e9s Nievas T\u00e9cnico en manejo ambiental, consultor Ambiental y escritor para medios locales e internacionales sobre temas de geopolitica y medio ambiente.","sameAs":["http:\/\/www.patagoniambiental.com.ar","https:\/\/www.facebook.com\/share\/1C1V8Gv9BX\/?mibextid=qi2Omg","@patagoniambiental","https:\/\/youtube.com\/@patagoniaambiental2023?si=BLt58t0wuXquxlYZ"]}]}},"_links":{"self":[{"href":"https:\/\/patagoniambiental.com.ar\/info\/wp-json\/wp\/v2\/posts\/80387","targetHints":{"allow":["GET"]}}],"collection":[{"href":"https:\/\/patagoniambiental.com.ar\/info\/wp-json\/wp\/v2\/posts"}],"about":[{"href":"https:\/\/patagoniambiental.com.ar\/info\/wp-json\/wp\/v2\/types\/post"}],"author":[{"embeddable":true,"href":"https:\/\/patagoniambiental.com.ar\/info\/wp-json\/wp\/v2\/users\/2"}],"replies":[{"embeddable":true,"href":"https:\/\/patagoniambiental.com.ar\/info\/wp-json\/wp\/v2\/comments?post=80387"}],"version-history":[{"count":0,"href":"https:\/\/patagoniambiental.com.ar\/info\/wp-json\/wp\/v2\/posts\/80387\/revisions"}],"wp:featuredmedia":[{"embeddable":true,"href":"https:\/\/patagoniambiental.com.ar\/info\/wp-json\/wp\/v2\/media\/80388"}],"wp:attachment":[{"href":"https:\/\/patagoniambiental.com.ar\/info\/wp-json\/wp\/v2\/media?parent=80387"}],"wp:term":[{"taxonomy":"category","embeddable":true,"href":"https:\/\/patagoniambiental.com.ar\/info\/wp-json\/wp\/v2\/categories?post=80387"},{"taxonomy":"post_tag","embeddable":true,"href":"https:\/\/patagoniambiental.com.ar\/info\/wp-json\/wp\/v2\/tags?post=80387"}],"curies":[{"name":"wp","href":"https:\/\/api.w.org\/{rel}","templated":true}]}}