{"id":80452,"date":"2024-03-04T07:00:00","date_gmt":"2024-03-04T10:00:00","guid":{"rendered":"https:\/\/patagoniambiental.com.ar\/info\/?p=80452"},"modified":"2024-08-13T13:55:08","modified_gmt":"2024-08-13T16:55:08","slug":"continuan-los-estudios-sobre-la-laguna-de-la-reserva-natural-urbana-bahia-encerrada","status":"publish","type":"post","link":"https:\/\/patagoniambiental.com.ar\/info\/continuan-los-estudios-sobre-la-laguna-de-la-reserva-natural-urbana-bahia-encerrada\/","title":{"rendered":"Contin\u00faan estudios sobre la laguna de la Reserva Natural Bah\u00eda Encerrada"},"content":{"rendered":"\n<!--more-->\n\n\n\n<p>Ushuaia.-<strong>La Municipalidad de Ushuaia, a trav\u00e9s de la Secretar\u00eda de Ambiente y Desarrollo Sustentable acompa\u00f1a a investigadoras de CADIC-CONICET en las lagunas de la ciudad. Tomaron muestras&nbsp; para estudiar, entre otras cosas, la presencia de micropl\u00e1sticos, el fitoplancton, el zooplancton, los macroinvertebrados, calidad del agua y de los sedimentos&nbsp; y el comportamiento del di\u00f3xido de carbono.<\/strong><\/p>\n\n\n\n<p>El mi\u00e9rcoles 28 de febrero tomaron muestras en la peque\u00f1a laguna de agua dulce de la reserva natural Bah\u00eda Encerrada y el resultado preliminar fue que este cuerpo de agua emite di\u00f3xido de carbono hacia la atm\u00f3sfera. Sin embargo, para tener el resultado concluyente, debe repetirse el muestreo en diversas \u00e9pocas del a\u00f1o y analizar en laboratorio los datos obtenidos.<\/p>\n\n\n\n<p>Se est\u00e1n estudiando adem\u00e1s, la laguna del aeropuerto, la de Monte Gallinero y la Laguna del Diablo, La Secretar\u00eda de Medio Ambiente y Desarrollo Sustentable considera que es muy importante generar conocimiento para llevar adelante una pol\u00edtica de protecci\u00f3n y cuidado ambiental y acompa\u00f1a el trabajo de muestreo que se realiza en las lagunas.<\/p>\n\n\n\n<p>Fuente: www.provincia23.com.ar<\/p>\n","protected":false},"excerpt":{"rendered":"","protected":false},"author":2,"featured_media":80453,"comment_status":"open","ping_status":"open","sticky":false,"template":"","format":"standard","meta":{"site-sidebar-layout":"default","site-content-layout":"","ast-site-content-layout":"default","site-content-style":"default","site-sidebar-style":"default","ast-global-header-display":"","ast-banner-title-visibility":"","ast-main-header-display":"","ast-hfb-above-header-display":"","ast-hfb-below-header-display":"","ast-hfb-mobile-header-display":"","site-post-title":"","ast-breadcrumbs-content":"","ast-featured-img":"","footer-sml-layout":"","ast-disable-related-posts":"","theme-transparent-header-meta":"","adv-header-id-meta":"","stick-header-meta":"","header-above-stick-meta":"","header-main-stick-meta":"","header-below-stick-meta":"","astra-migrate-meta-layouts":"default","ast-page-background-enabled":"default","ast-page-background-meta":{"desktop":{"background-color":"var(--ast-global-color-5)","background-image":"","background-repeat":"repeat","background-position":"center center","background-size":"auto","background-attachment":"scroll","background-type":"","background-media":"","overlay-type":"","overlay-color":"","overlay-opacity":"","overlay-gradient":""},"tablet":{"background-color":"","background-image":"","background-repeat":"repeat","background-position":"center center","background-size":"auto","background-attachment":"scroll","background-type":"","background-media":"","overlay-type":"","overlay-color":"","overlay-opacity":"","overlay-gradient":""},"mobile":{"background-color":"","background-image":"","background-repeat":"repeat","background-position":"center center","background-size":"auto","background-attachment":"scroll","background-type":"","background-media":"","overlay-type":"","overlay-color":"","overlay-opacity":"","overlay-gradient":""}},"ast-content-background-meta":{"desktop":{"background-color":"var(--ast-global-color-4)","background-image":"","background-repeat":"repeat","background-position":"center center","background-size":"auto","background-attachment":"scroll","background-type":"","background-media":"","overlay-type":"","overlay-color":"","overlay-opacity":"","overlay-gradient":""},"tablet":{"background-color":"var(--ast-global-color-4)","background-image":"","background-repeat":"repeat","background-position":"center center","background-size":"auto","background-attachment":"scroll","background-type":"","background-media":"","overlay-type":"","overlay-color":"","overlay-opacity":"","overlay-gradient":""},"mobile":{"background-color":"var(--ast-global-color-4)","background-image":"","background-repeat":"repeat","background-position":"center center","background-size":"auto","background-attachment":"scroll","background-type":"","background-media":"","overlay-type":"","overlay-color":"","overlay-opacity":"","overlay-gradient":""}},"footnotes":""},"categories":[11,16],"tags":[],"class_list":["post-80452","post","type-post","status-publish","format-standard","has-post-thumbnail","hentry","category-boletin","category-municipales"],"yoast_head":"<!-- This site is optimized with the Yoast SEO Premium plugin v23.0 (Yoast SEO v27.5) - https:\/\/yoast.com\/product\/yoast-seo-premium-wordpress\/ -->\n<title>Contin\u00faan estudios sobre la laguna de la Reserva Natural Bah\u00eda Encerrada<\/title>\n<meta name=\"robots\" content=\"index, follow, max-snippet:-1, max-image-preview:large, max-video-preview:-1\" \/>\n<link rel=\"canonical\" href=\"https:\/\/patagoniambiental.com.ar\/info\/continuan-los-estudios-sobre-la-laguna-de-la-reserva-natural-urbana-bahia-encerrada\/\" \/>\n<meta property=\"og:locale\" content=\"es_ES\" \/>\n<meta property=\"og:type\" content=\"article\" \/>\n<meta property=\"og:title\" content=\"Contin\u00faan estudios sobre la laguna de la Reserva Natural Bah\u00eda Encerrada\" \/>\n<meta property=\"og:url\" content=\"https:\/\/patagoniambiental.com.ar\/info\/continuan-los-estudios-sobre-la-laguna-de-la-reserva-natural-urbana-bahia-encerrada\/\" \/>\n<meta property=\"og:site_name\" content=\"Patagonia Ambiental\" \/>\n<meta property=\"article:publisher\" content=\"https:\/\/www.facebook.com\/patagonia.ambiental\" \/>\n<meta property=\"article:author\" content=\"https:\/\/www.facebook.com\/share\/1C1V8Gv9BX\/?mibextid=qi2Omg\" \/>\n<meta property=\"article:published_time\" content=\"2024-03-04T10:00:00+00:00\" \/>\n<meta property=\"article:modified_time\" content=\"2024-08-13T16:55:08+00:00\" \/>\n<meta property=\"og:image\" content=\"https:\/\/patagoniambiental.com.ar\/info\/wp-content\/uploads\/2024\/03\/LAGUNA1-720x360-1.jpg\" \/>\n\t<meta property=\"og:image:width\" content=\"720\" \/>\n\t<meta property=\"og:image:height\" content=\"360\" \/>\n\t<meta property=\"og:image:type\" content=\"image\/jpeg\" \/>\n<meta name=\"author\" content=\"Patagonia Ambiental\" \/>\n<meta name=\"twitter:card\" content=\"summary_large_image\" \/>\n<meta name=\"twitter:creator\" content=\"@PatAmb\" \/>\n<meta name=\"twitter:site\" content=\"@PatAmb\" \/>\n<script type=\"application\/ld+json\" class=\"yoast-schema-graph\">{\"@context\":\"https:\\\/\\\/schema.org\",\"@graph\":[{\"@type\":\"Article\",\"@id\":\"https:\\\/\\\/patagoniambiental.com.ar\\\/info\\\/continuan-los-estudios-sobre-la-laguna-de-la-reserva-natural-urbana-bahia-encerrada\\\/#article\",\"isPartOf\":{\"@id\":\"https:\\\/\\\/patagoniambiental.com.ar\\\/info\\\/continuan-los-estudios-sobre-la-laguna-de-la-reserva-natural-urbana-bahia-encerrada\\\/\"},\"author\":{\"name\":\"Patagonia Ambiental\",\"@id\":\"https:\\\/\\\/patagoniambiental.com.ar\\\/info\\\/#\\\/schema\\\/person\\\/db12bff64bbcbf6a253710bf0ea37b5d\"},\"headline\":\"Contin\u00faan estudios sobre la laguna de la Reserva Natural Bah\u00eda Encerrada\",\"datePublished\":\"2024-03-04T10:00:00+00:00\",\"dateModified\":\"2024-08-13T16:55:08+00:00\",\"mainEntityOfPage\":{\"@id\":\"https:\\\/\\\/patagoniambiental.com.ar\\\/info\\\/continuan-los-estudios-sobre-la-laguna-de-la-reserva-natural-urbana-bahia-encerrada\\\/\"},\"wordCount\":207,\"commentCount\":0,\"publisher\":{\"@id\":\"https:\\\/\\\/patagoniambiental.com.ar\\\/info\\\/#organization\"},\"image\":{\"@id\":\"https:\\\/\\\/patagoniambiental.com.ar\\\/info\\\/continuan-los-estudios-sobre-la-laguna-de-la-reserva-natural-urbana-bahia-encerrada\\\/#primaryimage\"},\"thumbnailUrl\":\"https:\\\/\\\/patagoniambiental.com.ar\\\/info\\\/wp-content\\\/uploads\\\/2024\\\/03\\\/LAGUNA1-720x360-1.jpg\",\"articleSection\":[\"Bolet\u00edn\",\"Municipales\"],\"inLanguage\":\"es\",\"potentialAction\":[{\"@type\":\"CommentAction\",\"name\":\"Comment\",\"target\":[\"https:\\\/\\\/patagoniambiental.com.ar\\\/info\\\/continuan-los-estudios-sobre-la-laguna-de-la-reserva-natural-urbana-bahia-encerrada\\\/#respond\"]}]},{\"@type\":\"WebPage\",\"@id\":\"https:\\\/\\\/patagoniambiental.com.ar\\\/info\\\/continuan-los-estudios-sobre-la-laguna-de-la-reserva-natural-urbana-bahia-encerrada\\\/\",\"url\":\"https:\\\/\\\/patagoniambiental.com.ar\\\/info\\\/continuan-los-estudios-sobre-la-laguna-de-la-reserva-natural-urbana-bahia-encerrada\\\/\",\"name\":\"Contin\u00faan estudios sobre la laguna de la Reserva Natural Bah\u00eda Encerrada\",\"isPartOf\":{\"@id\":\"https:\\\/\\\/patagoniambiental.com.ar\\\/info\\\/#website\"},\"primaryImageOfPage\":{\"@id\":\"https:\\\/\\\/patagoniambiental.com.ar\\\/info\\\/continuan-los-estudios-sobre-la-laguna-de-la-reserva-natural-urbana-bahia-encerrada\\\/#primaryimage\"},\"image\":{\"@id\":\"https:\\\/\\\/patagoniambiental.com.ar\\\/info\\\/continuan-los-estudios-sobre-la-laguna-de-la-reserva-natural-urbana-bahia-encerrada\\\/#primaryimage\"},\"thumbnailUrl\":\"https:\\\/\\\/patagoniambiental.com.ar\\\/info\\\/wp-content\\\/uploads\\\/2024\\\/03\\\/LAGUNA1-720x360-1.jpg\",\"datePublished\":\"2024-03-04T10:00:00+00:00\",\"dateModified\":\"2024-08-13T16:55:08+00:00\",\"breadcrumb\":{\"@id\":\"https:\\\/\\\/patagoniambiental.com.ar\\\/info\\\/continuan-los-estudios-sobre-la-laguna-de-la-reserva-natural-urbana-bahia-encerrada\\\/#breadcrumb\"},\"inLanguage\":\"es\",\"potentialAction\":[{\"@type\":\"ReadAction\",\"target\":[\"https:\\\/\\\/patagoniambiental.com.ar\\\/info\\\/continuan-los-estudios-sobre-la-laguna-de-la-reserva-natural-urbana-bahia-encerrada\\\/\"]}]},{\"@type\":\"ImageObject\",\"inLanguage\":\"es\",\"@id\":\"https:\\\/\\\/patagoniambiental.com.ar\\\/info\\\/continuan-los-estudios-sobre-la-laguna-de-la-reserva-natural-urbana-bahia-encerrada\\\/#primaryimage\",\"url\":\"https:\\\/\\\/patagoniambiental.com.ar\\\/info\\\/wp-content\\\/uploads\\\/2024\\\/03\\\/LAGUNA1-720x360-1.jpg\",\"contentUrl\":\"https:\\\/\\\/patagoniambiental.com.ar\\\/info\\\/wp-content\\\/uploads\\\/2024\\\/03\\\/LAGUNA1-720x360-1.jpg\",\"width\":720,\"height\":360,\"caption\":\"Laguna de la Reserva Natural Bah\u00eda Encerrada\"},{\"@type\":\"BreadcrumbList\",\"@id\":\"https:\\\/\\\/patagoniambiental.com.ar\\\/info\\\/continuan-los-estudios-sobre-la-laguna-de-la-reserva-natural-urbana-bahia-encerrada\\\/#breadcrumb\",\"itemListElement\":[{\"@type\":\"ListItem\",\"position\":1,\"name\":\"Inicio\",\"item\":\"https:\\\/\\\/patagoniambiental.com.ar\\\/info\\\/\"},{\"@type\":\"ListItem\",\"position\":2,\"name\":\"Contin\u00faan estudios sobre la laguna de la Reserva Natural Bah\u00eda Encerrada\"}]},{\"@type\":\"WebSite\",\"@id\":\"https:\\\/\\\/patagoniambiental.com.ar\\\/info\\\/#website\",\"url\":\"https:\\\/\\\/patagoniambiental.com.ar\\\/info\\\/\",\"name\":\"Patagonia Ambiental\",\"description\":\"Monitoreo y an\u00e1lisis de la situaci\u00f3n geopol\u00edtica en el mundo y su implicancia en la Patagonia\",\"publisher\":{\"@id\":\"https:\\\/\\\/patagoniambiental.com.ar\\\/info\\\/#organization\"},\"potentialAction\":[{\"@type\":\"SearchAction\",\"target\":{\"@type\":\"EntryPoint\",\"urlTemplate\":\"https:\\\/\\\/patagoniambiental.com.ar\\\/info\\\/?s={search_term_string}\"},\"query-input\":{\"@type\":\"PropertyValueSpecification\",\"valueRequired\":true,\"valueName\":\"search_term_string\"}}],\"inLanguage\":\"es\"},{\"@type\":\"Organization\",\"@id\":\"https:\\\/\\\/patagoniambiental.com.ar\\\/info\\\/#organization\",\"name\":\"Patagonia Ambiental\",\"url\":\"https:\\\/\\\/patagoniambiental.com.ar\\\/info\\\/\",\"logo\":{\"@type\":\"ImageObject\",\"inLanguage\":\"es\",\"@id\":\"https:\\\/\\\/patagoniambiental.com.ar\\\/info\\\/#\\\/schema\\\/logo\\\/image\\\/\",\"url\":\"https:\\\/\\\/patagoniambiental.com.ar\\\/info\\\/wp-content\\\/uploads\\\/2025\\\/05\\\/LOGO-PATAGONIA-AMBIENTAL.png\",\"contentUrl\":\"https:\\\/\\\/patagoniambiental.com.ar\\\/info\\\/wp-content\\\/uploads\\\/2025\\\/05\\\/LOGO-PATAGONIA-AMBIENTAL.png\",\"width\":433,\"height\":250,\"caption\":\"Patagonia Ambiental\"},\"image\":{\"@id\":\"https:\\\/\\\/patagoniambiental.com.ar\\\/info\\\/#\\\/schema\\\/logo\\\/image\\\/\"},\"sameAs\":[\"https:\\\/\\\/www.facebook.com\\\/patagonia.ambiental\",\"https:\\\/\\\/x.com\\\/PatAmb\"]},{\"@type\":\"Person\",\"@id\":\"https:\\\/\\\/patagoniambiental.com.ar\\\/info\\\/#\\\/schema\\\/person\\\/db12bff64bbcbf6a253710bf0ea37b5d\",\"name\":\"Patagonia Ambiental\",\"description\":\"Andr\u00e9s Nievas T\u00e9cnico en manejo ambiental, consultor Ambiental y escritor para medios locales e internacionales sobre temas de geopolitica y medio ambiente.\",\"sameAs\":[\"http:\\\/\\\/www.patagoniambiental.com.ar\",\"https:\\\/\\\/www.facebook.com\\\/share\\\/1C1V8Gv9BX\\\/?mibextid=qi2Omg\",\"@patagoniambiental\",\"https:\\\/\\\/youtube.com\\\/@patagoniaambiental2023?si=BLt58t0wuXquxlYZ\"]}]}<\/script>\n<!-- \/ Yoast SEO Premium plugin. -->","yoast_head_json":{"title":"Contin\u00faan estudios sobre la laguna de la Reserva Natural Bah\u00eda Encerrada","robots":{"index":"index","follow":"follow","max-snippet":"max-snippet:-1","max-image-preview":"max-image-preview:large","max-video-preview":"max-video-preview:-1"},"canonical":"https:\/\/patagoniambiental.com.ar\/info\/continuan-los-estudios-sobre-la-laguna-de-la-reserva-natural-urbana-bahia-encerrada\/","og_locale":"es_ES","og_type":"article","og_title":"Contin\u00faan estudios sobre la laguna de la Reserva Natural Bah\u00eda Encerrada","og_url":"https:\/\/patagoniambiental.com.ar\/info\/continuan-los-estudios-sobre-la-laguna-de-la-reserva-natural-urbana-bahia-encerrada\/","og_site_name":"Patagonia Ambiental","article_publisher":"https:\/\/www.facebook.com\/patagonia.ambiental","article_author":"https:\/\/www.facebook.com\/share\/1C1V8Gv9BX\/?mibextid=qi2Omg","article_published_time":"2024-03-04T10:00:00+00:00","article_modified_time":"2024-08-13T16:55:08+00:00","og_image":[{"width":720,"height":360,"url":"https:\/\/patagoniambiental.com.ar\/info\/wp-content\/uploads\/2024\/03\/LAGUNA1-720x360-1.jpg","type":"image\/jpeg"}],"author":"Patagonia Ambiental","twitter_card":"summary_large_image","twitter_creator":"@PatAmb","twitter_site":"@PatAmb","schema":{"@context":"https:\/\/schema.org","@graph":[{"@type":"Article","@id":"https:\/\/patagoniambiental.com.ar\/info\/continuan-los-estudios-sobre-la-laguna-de-la-reserva-natural-urbana-bahia-encerrada\/#article","isPartOf":{"@id":"https:\/\/patagoniambiental.com.ar\/info\/continuan-los-estudios-sobre-la-laguna-de-la-reserva-natural-urbana-bahia-encerrada\/"},"author":{"name":"Patagonia Ambiental","@id":"https:\/\/patagoniambiental.com.ar\/info\/#\/schema\/person\/db12bff64bbcbf6a253710bf0ea37b5d"},"headline":"Contin\u00faan estudios sobre la laguna de la Reserva Natural Bah\u00eda Encerrada","datePublished":"2024-03-04T10:00:00+00:00","dateModified":"2024-08-13T16:55:08+00:00","mainEntityOfPage":{"@id":"https:\/\/patagoniambiental.com.ar\/info\/continuan-los-estudios-sobre-la-laguna-de-la-reserva-natural-urbana-bahia-encerrada\/"},"wordCount":207,"commentCount":0,"publisher":{"@id":"https:\/\/patagoniambiental.com.ar\/info\/#organization"},"image":{"@id":"https:\/\/patagoniambiental.com.ar\/info\/continuan-los-estudios-sobre-la-laguna-de-la-reserva-natural-urbana-bahia-encerrada\/#primaryimage"},"thumbnailUrl":"https:\/\/patagoniambiental.com.ar\/info\/wp-content\/uploads\/2024\/03\/LAGUNA1-720x360-1.jpg","articleSection":["Bolet\u00edn","Municipales"],"inLanguage":"es","potentialAction":[{"@type":"CommentAction","name":"Comment","target":["https:\/\/patagoniambiental.com.ar\/info\/continuan-los-estudios-sobre-la-laguna-de-la-reserva-natural-urbana-bahia-encerrada\/#respond"]}]},{"@type":"WebPage","@id":"https:\/\/patagoniambiental.com.ar\/info\/continuan-los-estudios-sobre-la-laguna-de-la-reserva-natural-urbana-bahia-encerrada\/","url":"https:\/\/patagoniambiental.com.ar\/info\/continuan-los-estudios-sobre-la-laguna-de-la-reserva-natural-urbana-bahia-encerrada\/","name":"Contin\u00faan estudios sobre la laguna de la Reserva Natural Bah\u00eda Encerrada","isPartOf":{"@id":"https:\/\/patagoniambiental.com.ar\/info\/#website"},"primaryImageOfPage":{"@id":"https:\/\/patagoniambiental.com.ar\/info\/continuan-los-estudios-sobre-la-laguna-de-la-reserva-natural-urbana-bahia-encerrada\/#primaryimage"},"image":{"@id":"https:\/\/patagoniambiental.com.ar\/info\/continuan-los-estudios-sobre-la-laguna-de-la-reserva-natural-urbana-bahia-encerrada\/#primaryimage"},"thumbnailUrl":"https:\/\/patagoniambiental.com.ar\/info\/wp-content\/uploads\/2024\/03\/LAGUNA1-720x360-1.jpg","datePublished":"2024-03-04T10:00:00+00:00","dateModified":"2024-08-13T16:55:08+00:00","breadcrumb":{"@id":"https:\/\/patagoniambiental.com.ar\/info\/continuan-los-estudios-sobre-la-laguna-de-la-reserva-natural-urbana-bahia-encerrada\/#breadcrumb"},"inLanguage":"es","potentialAction":[{"@type":"ReadAction","target":["https:\/\/patagoniambiental.com.ar\/info\/continuan-los-estudios-sobre-la-laguna-de-la-reserva-natural-urbana-bahia-encerrada\/"]}]},{"@type":"ImageObject","inLanguage":"es","@id":"https:\/\/patagoniambiental.com.ar\/info\/continuan-los-estudios-sobre-la-laguna-de-la-reserva-natural-urbana-bahia-encerrada\/#primaryimage","url":"https:\/\/patagoniambiental.com.ar\/info\/wp-content\/uploads\/2024\/03\/LAGUNA1-720x360-1.jpg","contentUrl":"https:\/\/patagoniambiental.com.ar\/info\/wp-content\/uploads\/2024\/03\/LAGUNA1-720x360-1.jpg","width":720,"height":360,"caption":"Laguna de la Reserva Natural Bah\u00eda Encerrada"},{"@type":"BreadcrumbList","@id":"https:\/\/patagoniambiental.com.ar\/info\/continuan-los-estudios-sobre-la-laguna-de-la-reserva-natural-urbana-bahia-encerrada\/#breadcrumb","itemListElement":[{"@type":"ListItem","position":1,"name":"Inicio","item":"https:\/\/patagoniambiental.com.ar\/info\/"},{"@type":"ListItem","position":2,"name":"Contin\u00faan estudios sobre la laguna de la Reserva Natural Bah\u00eda Encerrada"}]},{"@type":"WebSite","@id":"https:\/\/patagoniambiental.com.ar\/info\/#website","url":"https:\/\/patagoniambiental.com.ar\/info\/","name":"Patagonia Ambiental","description":"Monitoreo y an\u00e1lisis de la situaci\u00f3n geopol\u00edtica en el mundo y su implicancia en la Patagonia","publisher":{"@id":"https:\/\/patagoniambiental.com.ar\/info\/#organization"},"potentialAction":[{"@type":"SearchAction","target":{"@type":"EntryPoint","urlTemplate":"https:\/\/patagoniambiental.com.ar\/info\/?s={search_term_string}"},"query-input":{"@type":"PropertyValueSpecification","valueRequired":true,"valueName":"search_term_string"}}],"inLanguage":"es"},{"@type":"Organization","@id":"https:\/\/patagoniambiental.com.ar\/info\/#organization","name":"Patagonia Ambiental","url":"https:\/\/patagoniambiental.com.ar\/info\/","logo":{"@type":"ImageObject","inLanguage":"es","@id":"https:\/\/patagoniambiental.com.ar\/info\/#\/schema\/logo\/image\/","url":"https:\/\/patagoniambiental.com.ar\/info\/wp-content\/uploads\/2025\/05\/LOGO-PATAGONIA-AMBIENTAL.png","contentUrl":"https:\/\/patagoniambiental.com.ar\/info\/wp-content\/uploads\/2025\/05\/LOGO-PATAGONIA-AMBIENTAL.png","width":433,"height":250,"caption":"Patagonia Ambiental"},"image":{"@id":"https:\/\/patagoniambiental.com.ar\/info\/#\/schema\/logo\/image\/"},"sameAs":["https:\/\/www.facebook.com\/patagonia.ambiental","https:\/\/x.com\/PatAmb"]},{"@type":"Person","@id":"https:\/\/patagoniambiental.com.ar\/info\/#\/schema\/person\/db12bff64bbcbf6a253710bf0ea37b5d","name":"Patagonia Ambiental","description":"Andr\u00e9s Nievas T\u00e9cnico en manejo ambiental, consultor Ambiental y escritor para medios locales e internacionales sobre temas de geopolitica y medio ambiente.","sameAs":["http:\/\/www.patagoniambiental.com.ar","https:\/\/www.facebook.com\/share\/1C1V8Gv9BX\/?mibextid=qi2Omg","@patagoniambiental","https:\/\/youtube.com\/@patagoniaambiental2023?si=BLt58t0wuXquxlYZ"]}]}},"_links":{"self":[{"href":"https:\/\/patagoniambiental.com.ar\/info\/wp-json\/wp\/v2\/posts\/80452","targetHints":{"allow":["GET"]}}],"collection":[{"href":"https:\/\/patagoniambiental.com.ar\/info\/wp-json\/wp\/v2\/posts"}],"about":[{"href":"https:\/\/patagoniambiental.com.ar\/info\/wp-json\/wp\/v2\/types\/post"}],"author":[{"embeddable":true,"href":"https:\/\/patagoniambiental.com.ar\/info\/wp-json\/wp\/v2\/users\/2"}],"replies":[{"embeddable":true,"href":"https:\/\/patagoniambiental.com.ar\/info\/wp-json\/wp\/v2\/comments?post=80452"}],"version-history":[{"count":0,"href":"https:\/\/patagoniambiental.com.ar\/info\/wp-json\/wp\/v2\/posts\/80452\/revisions"}],"wp:featuredmedia":[{"embeddable":true,"href":"https:\/\/patagoniambiental.com.ar\/info\/wp-json\/wp\/v2\/media\/80453"}],"wp:attachment":[{"href":"https:\/\/patagoniambiental.com.ar\/info\/wp-json\/wp\/v2\/media?parent=80452"}],"wp:term":[{"taxonomy":"category","embeddable":true,"href":"https:\/\/patagoniambiental.com.ar\/info\/wp-json\/wp\/v2\/categories?post=80452"},{"taxonomy":"post_tag","embeddable":true,"href":"https:\/\/patagoniambiental.com.ar\/info\/wp-json\/wp\/v2\/tags?post=80452"}],"curies":[{"name":"wp","href":"https:\/\/api.w.org\/{rel}","templated":true}]}}