{"id":80874,"date":"2024-03-14T19:00:00","date_gmt":"2024-03-14T22:00:00","guid":{"rendered":"https:\/\/patagoniambiental.com.ar\/info\/?p=80874"},"modified":"2024-08-13T12:57:24","modified_gmt":"2024-08-13T15:57:24","slug":"no-imputaran-a-sergio-soto-en-la-investigacion-por-los-transformadores-con-pcb","status":"publish","type":"post","link":"https:\/\/patagoniambiental.com.ar\/info\/no-imputaran-a-sergio-soto-en-la-investigacion-por-los-transformadores-con-pcb\/","title":{"rendered":"No imputar\u00e1n a Sergio Soto en la investigaci\u00f3n por transformadores"},"content":{"rendered":"\n<!--more-->\n\n\n\n<h4 class=\"wp-block-heading\" id=\"h-plottier-un-tribunal-de-impugnacion-no-acepto-el-pedido-de-la-fiscalia-de-investigar-al-concejal-por-el-mpn-de-plottier-y-expresidente-de-la-cooperativa-electrica\">Plottier.-Un tribunal de Impugnaci\u00f3n no acept\u00f3 el pedido de la Fiscal\u00eda de investigar al concejal por el MPN de Plottier y expresidente de la Cooperativa El\u00e9ctrica.<\/h4>\n\n\n\n<figure class=\"wp-block-image\"><img decoding=\"async\" src=\"https:\/\/media.lmneuquen.com\/p\/eb3bfcfa8e1eebafe9df1f5938e9e9b5\/adjuntos\/195\/imagenes\/004\/569\/0004569446\/sergio-sotojpg.jpg\" alt=\"El exconcejal Sergio Soto era presidente de la cooperativa al momento de los hechos.\" title=\"El exconcejal Sergio Soto era presidente de la cooperativa al momento de los hechos. | LM Neuquen\"\/><figcaption class=\"wp-element-caption\">El exconcejal Sergio Soto era presidente de la cooperativa al momento de los hechos.&nbsp;Sebasti\u00e1n Fari\u00f1a Petersen<\/figcaption><\/figure>\n\n\n\n<p>Un Tribunal de Impugnaci\u00f3n rechaz\u00f3 el recurso del fiscal Maximiliano Breid Obeid quien insist\u00eda en la posibilidad de investigar al actual concejal de Plottier (MPN), Sergio Soto, y presidente de la Cooperativa de Servicios P\u00fablicos de Plottier (en uso de licencia), en la causa que investiga la posible contaminaci\u00f3n por el uso y disposici\u00f3n de<strong>&nbsp;<a href=\"https:\/\/www.lmneuquen.com\/neuquen\/reves-y-sorpresa-rechazaron-las-acusaciones-la-contaminacion-los-transformadores-plottier-n1096279\" target=\"_blank\" rel=\"noreferrer noopener\">transformadores con PCB<\/a>.<\/strong><\/p>\n\n\n\n<p>La medida de no investigar a Soto hab\u00eda sido resuelta la semana pasada por la jueza de Garant\u00edas, Natalia Pelosso, quien rechaz\u00f3 la formulaci\u00f3n de cargos que hab\u00eda presentado la Fiscal\u00eda de Delitos Ambientales. El fiscal impugn\u00f3 esa resoluci\u00f3n que finalmente qued\u00f3 confirmada.<\/p>\n\n\n\n<p>La teor\u00eda de la fiscal\u00eda es que entre 2014 y los primeros d\u00edas de mayo de 2023,<strong>&nbsp;la Cooperativa de Servicios P\u00fablicos de Plottier mantuvo colocados dos transformadores con PCB,<\/strong>&nbsp;que seg\u00fan los registros administrativos, conten\u00edan una concentraci\u00f3n superior a la que se permiti\u00f3 hasta 2010, cuando se prohibi\u00f3 por completo el uso del refrigerante. Adem\u00e1s, en el marco de la investigaci\u00f3n, en un predio de la cooperativa se encontr\u00f3 enterrado un bloque de hormig\u00f3n elaborado de aproximadamente dos metros de alto, tres metros de largo y un metro de ancho que conten\u00eda tres transformadores.<\/p>\n\n\n\n<figure class=\"wp-block-image\"><img decoding=\"async\" src=\"https:\/\/media.lmneuquen.com\/p\/4f660fc0ff5afb85907ef441a7498db7\/adjuntos\/195\/imagenes\/007\/621\/0007621637\/770x0\/smart\/maximiliano-breide-obeid-fiscal-jefejpg.jpg\" alt=\"El fiscal de Delitos Ambientales, Maximiliano Breide Obeid.\" title=\"El fiscal de Delitos Ambientales, Maximiliano Breide Obeid.\"\/><\/figure>\n\n\n\n<p>El fiscal de Delitos Ambientales, Maximiliano Breide Obeid.<\/p>\n\n\n\n<p><strong>Breide Obeid hab\u00eda acusado a Soto<\/strong>,&nbsp;<strong>quien al momento de los hechos investigados ocupaba la presidencia de la Cooperativa<\/strong>, y le atribuy\u00f3 haber puesto en peligro la salud de la poblaci\u00f3n por su responsabilidad en haber mantenido colocados, en operaci\u00f3n y acopiados, transformadores contaminados con PCB. Pero la jueza resolvi\u00f3 rechazar la formulaci\u00f3n por considerar que, para avanzar respecto de los nuevos acusados, es necesario profundizar la investigaci\u00f3n.<\/p>\n\n\n\n<p>Tanto Pelosso como el tribunal de impugnaci\u00f3n coincidieron en no habilitar adem\u00e1s la investigaci\u00f3n sobre Marcos Fuentes, quien era uno de los encargados del personal en la Cooperativa y que tambi\u00e9n hab\u00eda sido acusado por el fiscal.<\/p>\n\n\n\n<p>En la investigaci\u00f3n, que igualmente sigue su curso,&nbsp;<strong>hay dos personas acusadas a los que se les acept\u00f3 la formulaci\u00f3n de cargos en dos momentos.<\/strong>&nbsp;Por un lado, a Humberto Pe\u00f1alver, quien era miembro titular del consejo de administraci\u00f3n de la Cooperativa de Servicios P\u00fablicos de Plottier y a quien el 18 de mayo de 2023 se le imput\u00f3 el delito de contaminaci\u00f3n peligrosa para la salud p\u00fablica, en calidad de coautor.<\/p>\n\n\n\n<figure class=\"wp-block-image\"><img decoding=\"async\" src=\"https:\/\/media.lmneuquen.com\/p\/b8ba1a0f861efaffc9bfa94acde4fcb6\/adjuntos\/195\/imagenes\/007\/493\/0007493628\/cooperativa-servicios-publcios-plottier.png\" alt=\"La Fiscal\u00eda encontr\u00f3 en un predio de la Cooperativa de Plottier los transformadores con PCB enterrados. \" title=\"La Fiscal\u00eda encontr\u00f3 en un predio de la Cooperativa de Plottier los transformadores con PCB enterrados. \"\/><\/figure>\n\n\n\n<p>La Fiscal\u00eda encontr\u00f3 en un predio de la Cooperativa de Plottier los transformadores con PCB enterrados.<\/p>\n\n\n\n<p>Luego, el 20 de diciembre pasado, la unidad fiscal de Delitos Ambientales le imput\u00f3 al ex subsecretario de Ambiente de la Provincia, Juan de Dios Lucchelli, el delito de incumplimiento de deberes de funcionario p\u00fablico en calidad de autor, por no haber ejercido las tareas de control durante su per\u00edodo al frente del organismo provincial.<\/p>\n\n\n\n<div style=\"height:100px\" aria-hidden=\"true\" class=\"wp-block-spacer\"><\/div>\n\n\n\n<h2 class=\"wp-block-heading\" id=\"h-el-enojo-del-fiscal\">El enojo del fiscal<\/h2>\n\n\n\n<p>Tras la audiencia que se realiz\u00f3 el mi\u00e9rcoles pasado,&nbsp;<strong>Breide Obeid denunci\u00f3 que \u00aba algunos jueces les falta capacitaci\u00f3n en derecho ambiental\u00bb<\/strong>. \u00abCreo que hay jueces que no saben que es derecho ambiental, que no est\u00e1n a la altura del cambio de paradigma que viene marcando la Corte Suprema en esta tem\u00e1tica\u00bb, afirm\u00f3.<\/p>\n\n\n\n<p>\u00abLa formulaci\u00f3n de cargos -que es lo que finalmente se rechaz\u00f3- es la oportunidad que tiene la fiscal\u00eda para avisarle al imputado que lo va a investigar. Ya no es un tema de que vamos a un juicio y absuelven a un imputado porque hay un desconocimiento de&nbsp;<a href=\"https:\/\/www.lmneuquen.com\/neuquen\/preocupacion-plottier-los-transformadores-enterrados-la-coope-n1019279\" target=\"_blank\" rel=\"noreferrer noopener\">derecho ambiental&nbsp;<\/a>por parte de los jueces, sino que&nbsp;<strong>nos est\u00e1n poniendo un cepo a la investigaci\u00f3n<\/strong>\u201d, denunci\u00f3 el fiscal en declaraciones a&nbsp;<strong>LU5<\/strong>.<\/p>\n\n\n\n<figure class=\"wp-block-image\"><img decoding=\"async\" src=\"https:\/\/media.lmneuquen.com\/p\/0ae10ac43aaaf98ed005192bfc6f35fb\/adjuntos\/195\/imagenes\/007\/680\/0007680856\/breide_gonzalez03jpg.jpg\" alt=\"Breide Obeid junto a la asistente letrada Julieta Gonz\u00e1lez.\" title=\"Breide Obeid junto a la asistente letrada Julieta Gonz\u00e1lez.\"\/><\/figure>\n\n\n\n<p>Breide Obeid junto a la asistente letrada Julieta Gonz\u00e1lez.<\/p>\n\n\n\n<p><strong>Breide Obeid record\u00f3 que la Fiscal\u00eda comenz\u00f3 esta investigaci\u00f3n luego de recibir una denuncia sobre que hab\u00eda transformadores con PCV en Plottier, que finalmente encontraron enterrados en un predio de la Cooperativa de Servicios P\u00fablicos de Plottier donde las pericias confirmaron que conten\u00edan estas sustancias contaminantes y prohibidas.<\/strong><\/p>\n\n\n\n<p>Por su parte, uno de los denunciantes expres\u00f3 a&nbsp;<strong>LMNeuqu\u00e9n&nbsp;<\/strong>que \u00ab<strong>se trata distinto a quienes ocupan un cargo pol\u00edtico provincial del MPN,<\/strong>&nbsp;a pesar de las pruebas y la gravedad del caso, de encontrar los transformadores con PCB enterrados sin ning\u00fan tipo de recaudos, y de encontrar otros funcionando en cercan\u00edas de viviendas familiares\u00bb.<\/p>\n\n\n\n<p>\u00abA\u00fan no se sabe d\u00f3nde derramaron el PCB que sacaron de estos \u00faltimos y el hecho de no dejar investigar a la fiscal\u00eda ambiental beneficia a la impunidad de todos los responsables dejando en evidencia la falta de respeto para con todos los habitantes de Plottier y el cuidado del medio ambiente\u00bb, afirm\u00f3.<\/p>\n\n\n\n<p>El Tribunal de Impugnaci\u00f3n que confirm\u00f3 la decisi\u00f3n de la jueza de Garant\u00edas estuvo conformado por los jueces Federico Sommer, Liliana Deiub y Nazareno Eulogio.<\/p>\n\n\n\n<p>Fuente: LM Neuquen<\/p>\n","protected":false},"excerpt":{"rendered":"","protected":false},"author":2,"featured_media":80875,"comment_status":"open","ping_status":"open","sticky":false,"template":"","format":"standard","meta":{"site-sidebar-layout":"default","site-content-layout":"","ast-site-content-layout":"default","site-content-style":"default","site-sidebar-style":"default","ast-global-header-display":"","ast-banner-title-visibility":"","ast-main-header-display":"","ast-hfb-above-header-display":"","ast-hfb-below-header-display":"","ast-hfb-mobile-header-display":"","site-post-title":"","ast-breadcrumbs-content":"","ast-featured-img":"","footer-sml-layout":"","ast-disable-related-posts":"","theme-transparent-header-meta":"","adv-header-id-meta":"","stick-header-meta":"","header-above-stick-meta":"","header-main-stick-meta":"","header-below-stick-meta":"","astra-migrate-meta-layouts":"default","ast-page-background-enabled":"default","ast-page-background-meta":{"desktop":{"background-color":"var(--ast-global-color-5)","background-image":"","background-repeat":"repeat","background-position":"center center","background-size":"auto","background-attachment":"scroll","background-type":"","background-media":"","overlay-type":"","overlay-color":"","overlay-opacity":"","overlay-gradient":""},"tablet":{"background-color":"","background-image":"","background-repeat":"repeat","background-position":"center center","background-size":"auto","background-attachment":"scroll","background-type":"","background-media":"","overlay-type":"","overlay-color":"","overlay-opacity":"","overlay-gradient":""},"mobile":{"background-color":"","background-image":"","background-repeat":"repeat","background-position":"center center","background-size":"auto","background-attachment":"scroll","background-type":"","background-media":"","overlay-type":"","overlay-color":"","overlay-opacity":"","overlay-gradient":""}},"ast-content-background-meta":{"desktop":{"background-color":"var(--ast-global-color-4)","background-image":"","background-repeat":"repeat","background-position":"center center","background-size":"auto","background-attachment":"scroll","background-type":"","background-media":"","overlay-type":"","overlay-color":"","overlay-opacity":"","overlay-gradient":""},"tablet":{"background-color":"var(--ast-global-color-4)","background-image":"","background-repeat":"repeat","background-position":"center center","background-size":"auto","background-attachment":"scroll","background-type":"","background-media":"","overlay-type":"","overlay-color":"","overlay-opacity":"","overlay-gradient":""},"mobile":{"background-color":"var(--ast-global-color-4)","background-image":"","background-repeat":"repeat","background-position":"center center","background-size":"auto","background-attachment":"scroll","background-type":"","background-media":"","overlay-type":"","overlay-color":"","overlay-opacity":"","overlay-gradient":""}},"footnotes":""},"categories":[16],"tags":[],"class_list":["post-80874","post","type-post","status-publish","format-standard","has-post-thumbnail","hentry","category-municipales"],"yoast_head":"<!-- This site is optimized with the Yoast SEO Premium plugin v23.0 (Yoast SEO v27.5) - https:\/\/yoast.com\/product\/yoast-seo-premium-wordpress\/ -->\n<title>No imputar\u00e1n a Sergio Soto en la investigaci\u00f3n por transformadores<\/title>\n<meta name=\"robots\" content=\"index, follow, max-snippet:-1, max-image-preview:large, max-video-preview:-1\" \/>\n<link rel=\"canonical\" href=\"https:\/\/patagoniambiental.com.ar\/info\/no-imputaran-a-sergio-soto-en-la-investigacion-por-los-transformadores-con-pcb\/\" \/>\n<meta property=\"og:locale\" content=\"es_ES\" \/>\n<meta property=\"og:type\" content=\"article\" \/>\n<meta property=\"og:title\" content=\"No imputar\u00e1n a Sergio Soto en la investigaci\u00f3n por transformadores\" \/>\n<meta property=\"og:url\" content=\"https:\/\/patagoniambiental.com.ar\/info\/no-imputaran-a-sergio-soto-en-la-investigacion-por-los-transformadores-con-pcb\/\" \/>\n<meta property=\"og:site_name\" content=\"Patagonia Ambiental\" \/>\n<meta property=\"article:publisher\" content=\"https:\/\/www.facebook.com\/patagonia.ambiental\" \/>\n<meta property=\"article:author\" content=\"https:\/\/www.facebook.com\/share\/1C1V8Gv9BX\/?mibextid=qi2Omg\" \/>\n<meta property=\"article:published_time\" content=\"2024-03-14T22:00:00+00:00\" \/>\n<meta property=\"article:modified_time\" content=\"2024-08-13T15:57:24+00:00\" \/>\n<meta property=\"og:image\" content=\"https:\/\/patagoniambiental.com.ar\/info\/wp-content\/uploads\/2024\/03\/Sin-titulo-42.png\" \/>\n\t<meta property=\"og:image:width\" content=\"735\" \/>\n\t<meta property=\"og:image:height\" content=\"404\" \/>\n\t<meta property=\"og:image:type\" content=\"image\/png\" \/>\n<meta name=\"author\" content=\"Patagonia Ambiental\" \/>\n<meta name=\"twitter:card\" content=\"summary_large_image\" \/>\n<meta name=\"twitter:creator\" content=\"@PatAmb\" \/>\n<meta name=\"twitter:site\" content=\"@PatAmb\" \/>\n<script type=\"application\/ld+json\" class=\"yoast-schema-graph\">{\"@context\":\"https:\\\/\\\/schema.org\",\"@graph\":[{\"@type\":\"Article\",\"@id\":\"https:\\\/\\\/patagoniambiental.com.ar\\\/info\\\/no-imputaran-a-sergio-soto-en-la-investigacion-por-los-transformadores-con-pcb\\\/#article\",\"isPartOf\":{\"@id\":\"https:\\\/\\\/patagoniambiental.com.ar\\\/info\\\/no-imputaran-a-sergio-soto-en-la-investigacion-por-los-transformadores-con-pcb\\\/\"},\"author\":{\"name\":\"Patagonia Ambiental\",\"@id\":\"https:\\\/\\\/patagoniambiental.com.ar\\\/info\\\/#\\\/schema\\\/person\\\/db12bff64bbcbf6a253710bf0ea37b5d\"},\"headline\":\"No imputar\u00e1n a Sergio Soto en la investigaci\u00f3n por transformadores\",\"datePublished\":\"2024-03-14T22:00:00+00:00\",\"dateModified\":\"2024-08-13T15:57:24+00:00\",\"mainEntityOfPage\":{\"@id\":\"https:\\\/\\\/patagoniambiental.com.ar\\\/info\\\/no-imputaran-a-sergio-soto-en-la-investigacion-por-los-transformadores-con-pcb\\\/\"},\"wordCount\":911,\"commentCount\":0,\"publisher\":{\"@id\":\"https:\\\/\\\/patagoniambiental.com.ar\\\/info\\\/#organization\"},\"image\":{\"@id\":\"https:\\\/\\\/patagoniambiental.com.ar\\\/info\\\/no-imputaran-a-sergio-soto-en-la-investigacion-por-los-transformadores-con-pcb\\\/#primaryimage\"},\"thumbnailUrl\":\"https:\\\/\\\/patagoniambiental.com.ar\\\/info\\\/wp-content\\\/uploads\\\/2024\\\/03\\\/Sin-titulo-42.png\",\"articleSection\":[\"Municipales\"],\"inLanguage\":\"es\",\"potentialAction\":[{\"@type\":\"CommentAction\",\"name\":\"Comment\",\"target\":[\"https:\\\/\\\/patagoniambiental.com.ar\\\/info\\\/no-imputaran-a-sergio-soto-en-la-investigacion-por-los-transformadores-con-pcb\\\/#respond\"]}]},{\"@type\":\"WebPage\",\"@id\":\"https:\\\/\\\/patagoniambiental.com.ar\\\/info\\\/no-imputaran-a-sergio-soto-en-la-investigacion-por-los-transformadores-con-pcb\\\/\",\"url\":\"https:\\\/\\\/patagoniambiental.com.ar\\\/info\\\/no-imputaran-a-sergio-soto-en-la-investigacion-por-los-transformadores-con-pcb\\\/\",\"name\":\"No imputar\u00e1n a Sergio Soto en la investigaci\u00f3n por transformadores\",\"isPartOf\":{\"@id\":\"https:\\\/\\\/patagoniambiental.com.ar\\\/info\\\/#website\"},\"primaryImageOfPage\":{\"@id\":\"https:\\\/\\\/patagoniambiental.com.ar\\\/info\\\/no-imputaran-a-sergio-soto-en-la-investigacion-por-los-transformadores-con-pcb\\\/#primaryimage\"},\"image\":{\"@id\":\"https:\\\/\\\/patagoniambiental.com.ar\\\/info\\\/no-imputaran-a-sergio-soto-en-la-investigacion-por-los-transformadores-con-pcb\\\/#primaryimage\"},\"thumbnailUrl\":\"https:\\\/\\\/patagoniambiental.com.ar\\\/info\\\/wp-content\\\/uploads\\\/2024\\\/03\\\/Sin-titulo-42.png\",\"datePublished\":\"2024-03-14T22:00:00+00:00\",\"dateModified\":\"2024-08-13T15:57:24+00:00\",\"breadcrumb\":{\"@id\":\"https:\\\/\\\/patagoniambiental.com.ar\\\/info\\\/no-imputaran-a-sergio-soto-en-la-investigacion-por-los-transformadores-con-pcb\\\/#breadcrumb\"},\"inLanguage\":\"es\",\"potentialAction\":[{\"@type\":\"ReadAction\",\"target\":[\"https:\\\/\\\/patagoniambiental.com.ar\\\/info\\\/no-imputaran-a-sergio-soto-en-la-investigacion-por-los-transformadores-con-pcb\\\/\"]}]},{\"@type\":\"ImageObject\",\"inLanguage\":\"es\",\"@id\":\"https:\\\/\\\/patagoniambiental.com.ar\\\/info\\\/no-imputaran-a-sergio-soto-en-la-investigacion-por-los-transformadores-con-pcb\\\/#primaryimage\",\"url\":\"https:\\\/\\\/patagoniambiental.com.ar\\\/info\\\/wp-content\\\/uploads\\\/2024\\\/03\\\/Sin-titulo-42.png\",\"contentUrl\":\"https:\\\/\\\/patagoniambiental.com.ar\\\/info\\\/wp-content\\\/uploads\\\/2024\\\/03\\\/Sin-titulo-42.png\",\"width\":735,\"height\":404},{\"@type\":\"BreadcrumbList\",\"@id\":\"https:\\\/\\\/patagoniambiental.com.ar\\\/info\\\/no-imputaran-a-sergio-soto-en-la-investigacion-por-los-transformadores-con-pcb\\\/#breadcrumb\",\"itemListElement\":[{\"@type\":\"ListItem\",\"position\":1,\"name\":\"Inicio\",\"item\":\"https:\\\/\\\/patagoniambiental.com.ar\\\/info\\\/\"},{\"@type\":\"ListItem\",\"position\":2,\"name\":\"No imputar\u00e1n a Sergio Soto en la investigaci\u00f3n por transformadores\"}]},{\"@type\":\"WebSite\",\"@id\":\"https:\\\/\\\/patagoniambiental.com.ar\\\/info\\\/#website\",\"url\":\"https:\\\/\\\/patagoniambiental.com.ar\\\/info\\\/\",\"name\":\"Patagonia Ambiental\",\"description\":\"Monitoreo y an\u00e1lisis de la situaci\u00f3n geopol\u00edtica en el mundo y su implicancia en la Patagonia\",\"publisher\":{\"@id\":\"https:\\\/\\\/patagoniambiental.com.ar\\\/info\\\/#organization\"},\"potentialAction\":[{\"@type\":\"SearchAction\",\"target\":{\"@type\":\"EntryPoint\",\"urlTemplate\":\"https:\\\/\\\/patagoniambiental.com.ar\\\/info\\\/?s={search_term_string}\"},\"query-input\":{\"@type\":\"PropertyValueSpecification\",\"valueRequired\":true,\"valueName\":\"search_term_string\"}}],\"inLanguage\":\"es\"},{\"@type\":\"Organization\",\"@id\":\"https:\\\/\\\/patagoniambiental.com.ar\\\/info\\\/#organization\",\"name\":\"Patagonia Ambiental\",\"url\":\"https:\\\/\\\/patagoniambiental.com.ar\\\/info\\\/\",\"logo\":{\"@type\":\"ImageObject\",\"inLanguage\":\"es\",\"@id\":\"https:\\\/\\\/patagoniambiental.com.ar\\\/info\\\/#\\\/schema\\\/logo\\\/image\\\/\",\"url\":\"https:\\\/\\\/patagoniambiental.com.ar\\\/info\\\/wp-content\\\/uploads\\\/2025\\\/05\\\/LOGO-PATAGONIA-AMBIENTAL.png\",\"contentUrl\":\"https:\\\/\\\/patagoniambiental.com.ar\\\/info\\\/wp-content\\\/uploads\\\/2025\\\/05\\\/LOGO-PATAGONIA-AMBIENTAL.png\",\"width\":433,\"height\":250,\"caption\":\"Patagonia Ambiental\"},\"image\":{\"@id\":\"https:\\\/\\\/patagoniambiental.com.ar\\\/info\\\/#\\\/schema\\\/logo\\\/image\\\/\"},\"sameAs\":[\"https:\\\/\\\/www.facebook.com\\\/patagonia.ambiental\",\"https:\\\/\\\/x.com\\\/PatAmb\"]},{\"@type\":\"Person\",\"@id\":\"https:\\\/\\\/patagoniambiental.com.ar\\\/info\\\/#\\\/schema\\\/person\\\/db12bff64bbcbf6a253710bf0ea37b5d\",\"name\":\"Patagonia Ambiental\",\"description\":\"Andr\u00e9s Nievas T\u00e9cnico en manejo ambiental, consultor Ambiental y escritor para medios locales e internacionales sobre temas de geopolitica y medio ambiente.\",\"sameAs\":[\"http:\\\/\\\/www.patagoniambiental.com.ar\",\"https:\\\/\\\/www.facebook.com\\\/share\\\/1C1V8Gv9BX\\\/?mibextid=qi2Omg\",\"@patagoniambiental\",\"https:\\\/\\\/youtube.com\\\/@patagoniaambiental2023?si=BLt58t0wuXquxlYZ\"]}]}<\/script>\n<!-- \/ Yoast SEO Premium plugin. -->","yoast_head_json":{"title":"No imputar\u00e1n a Sergio Soto en la investigaci\u00f3n por transformadores","robots":{"index":"index","follow":"follow","max-snippet":"max-snippet:-1","max-image-preview":"max-image-preview:large","max-video-preview":"max-video-preview:-1"},"canonical":"https:\/\/patagoniambiental.com.ar\/info\/no-imputaran-a-sergio-soto-en-la-investigacion-por-los-transformadores-con-pcb\/","og_locale":"es_ES","og_type":"article","og_title":"No imputar\u00e1n a Sergio Soto en la investigaci\u00f3n por transformadores","og_url":"https:\/\/patagoniambiental.com.ar\/info\/no-imputaran-a-sergio-soto-en-la-investigacion-por-los-transformadores-con-pcb\/","og_site_name":"Patagonia Ambiental","article_publisher":"https:\/\/www.facebook.com\/patagonia.ambiental","article_author":"https:\/\/www.facebook.com\/share\/1C1V8Gv9BX\/?mibextid=qi2Omg","article_published_time":"2024-03-14T22:00:00+00:00","article_modified_time":"2024-08-13T15:57:24+00:00","og_image":[{"width":735,"height":404,"url":"https:\/\/patagoniambiental.com.ar\/info\/wp-content\/uploads\/2024\/03\/Sin-titulo-42.png","type":"image\/png"}],"author":"Patagonia Ambiental","twitter_card":"summary_large_image","twitter_creator":"@PatAmb","twitter_site":"@PatAmb","schema":{"@context":"https:\/\/schema.org","@graph":[{"@type":"Article","@id":"https:\/\/patagoniambiental.com.ar\/info\/no-imputaran-a-sergio-soto-en-la-investigacion-por-los-transformadores-con-pcb\/#article","isPartOf":{"@id":"https:\/\/patagoniambiental.com.ar\/info\/no-imputaran-a-sergio-soto-en-la-investigacion-por-los-transformadores-con-pcb\/"},"author":{"name":"Patagonia Ambiental","@id":"https:\/\/patagoniambiental.com.ar\/info\/#\/schema\/person\/db12bff64bbcbf6a253710bf0ea37b5d"},"headline":"No imputar\u00e1n a Sergio Soto en la investigaci\u00f3n por transformadores","datePublished":"2024-03-14T22:00:00+00:00","dateModified":"2024-08-13T15:57:24+00:00","mainEntityOfPage":{"@id":"https:\/\/patagoniambiental.com.ar\/info\/no-imputaran-a-sergio-soto-en-la-investigacion-por-los-transformadores-con-pcb\/"},"wordCount":911,"commentCount":0,"publisher":{"@id":"https:\/\/patagoniambiental.com.ar\/info\/#organization"},"image":{"@id":"https:\/\/patagoniambiental.com.ar\/info\/no-imputaran-a-sergio-soto-en-la-investigacion-por-los-transformadores-con-pcb\/#primaryimage"},"thumbnailUrl":"https:\/\/patagoniambiental.com.ar\/info\/wp-content\/uploads\/2024\/03\/Sin-titulo-42.png","articleSection":["Municipales"],"inLanguage":"es","potentialAction":[{"@type":"CommentAction","name":"Comment","target":["https:\/\/patagoniambiental.com.ar\/info\/no-imputaran-a-sergio-soto-en-la-investigacion-por-los-transformadores-con-pcb\/#respond"]}]},{"@type":"WebPage","@id":"https:\/\/patagoniambiental.com.ar\/info\/no-imputaran-a-sergio-soto-en-la-investigacion-por-los-transformadores-con-pcb\/","url":"https:\/\/patagoniambiental.com.ar\/info\/no-imputaran-a-sergio-soto-en-la-investigacion-por-los-transformadores-con-pcb\/","name":"No imputar\u00e1n a Sergio Soto en la investigaci\u00f3n por transformadores","isPartOf":{"@id":"https:\/\/patagoniambiental.com.ar\/info\/#website"},"primaryImageOfPage":{"@id":"https:\/\/patagoniambiental.com.ar\/info\/no-imputaran-a-sergio-soto-en-la-investigacion-por-los-transformadores-con-pcb\/#primaryimage"},"image":{"@id":"https:\/\/patagoniambiental.com.ar\/info\/no-imputaran-a-sergio-soto-en-la-investigacion-por-los-transformadores-con-pcb\/#primaryimage"},"thumbnailUrl":"https:\/\/patagoniambiental.com.ar\/info\/wp-content\/uploads\/2024\/03\/Sin-titulo-42.png","datePublished":"2024-03-14T22:00:00+00:00","dateModified":"2024-08-13T15:57:24+00:00","breadcrumb":{"@id":"https:\/\/patagoniambiental.com.ar\/info\/no-imputaran-a-sergio-soto-en-la-investigacion-por-los-transformadores-con-pcb\/#breadcrumb"},"inLanguage":"es","potentialAction":[{"@type":"ReadAction","target":["https:\/\/patagoniambiental.com.ar\/info\/no-imputaran-a-sergio-soto-en-la-investigacion-por-los-transformadores-con-pcb\/"]}]},{"@type":"ImageObject","inLanguage":"es","@id":"https:\/\/patagoniambiental.com.ar\/info\/no-imputaran-a-sergio-soto-en-la-investigacion-por-los-transformadores-con-pcb\/#primaryimage","url":"https:\/\/patagoniambiental.com.ar\/info\/wp-content\/uploads\/2024\/03\/Sin-titulo-42.png","contentUrl":"https:\/\/patagoniambiental.com.ar\/info\/wp-content\/uploads\/2024\/03\/Sin-titulo-42.png","width":735,"height":404},{"@type":"BreadcrumbList","@id":"https:\/\/patagoniambiental.com.ar\/info\/no-imputaran-a-sergio-soto-en-la-investigacion-por-los-transformadores-con-pcb\/#breadcrumb","itemListElement":[{"@type":"ListItem","position":1,"name":"Inicio","item":"https:\/\/patagoniambiental.com.ar\/info\/"},{"@type":"ListItem","position":2,"name":"No imputar\u00e1n a Sergio Soto en la investigaci\u00f3n por transformadores"}]},{"@type":"WebSite","@id":"https:\/\/patagoniambiental.com.ar\/info\/#website","url":"https:\/\/patagoniambiental.com.ar\/info\/","name":"Patagonia Ambiental","description":"Monitoreo y an\u00e1lisis de la situaci\u00f3n geopol\u00edtica en el mundo y su implicancia en la Patagonia","publisher":{"@id":"https:\/\/patagoniambiental.com.ar\/info\/#organization"},"potentialAction":[{"@type":"SearchAction","target":{"@type":"EntryPoint","urlTemplate":"https:\/\/patagoniambiental.com.ar\/info\/?s={search_term_string}"},"query-input":{"@type":"PropertyValueSpecification","valueRequired":true,"valueName":"search_term_string"}}],"inLanguage":"es"},{"@type":"Organization","@id":"https:\/\/patagoniambiental.com.ar\/info\/#organization","name":"Patagonia Ambiental","url":"https:\/\/patagoniambiental.com.ar\/info\/","logo":{"@type":"ImageObject","inLanguage":"es","@id":"https:\/\/patagoniambiental.com.ar\/info\/#\/schema\/logo\/image\/","url":"https:\/\/patagoniambiental.com.ar\/info\/wp-content\/uploads\/2025\/05\/LOGO-PATAGONIA-AMBIENTAL.png","contentUrl":"https:\/\/patagoniambiental.com.ar\/info\/wp-content\/uploads\/2025\/05\/LOGO-PATAGONIA-AMBIENTAL.png","width":433,"height":250,"caption":"Patagonia Ambiental"},"image":{"@id":"https:\/\/patagoniambiental.com.ar\/info\/#\/schema\/logo\/image\/"},"sameAs":["https:\/\/www.facebook.com\/patagonia.ambiental","https:\/\/x.com\/PatAmb"]},{"@type":"Person","@id":"https:\/\/patagoniambiental.com.ar\/info\/#\/schema\/person\/db12bff64bbcbf6a253710bf0ea37b5d","name":"Patagonia Ambiental","description":"Andr\u00e9s Nievas T\u00e9cnico en manejo ambiental, consultor Ambiental y escritor para medios locales e internacionales sobre temas de geopolitica y medio ambiente.","sameAs":["http:\/\/www.patagoniambiental.com.ar","https:\/\/www.facebook.com\/share\/1C1V8Gv9BX\/?mibextid=qi2Omg","@patagoniambiental","https:\/\/youtube.com\/@patagoniaambiental2023?si=BLt58t0wuXquxlYZ"]}]}},"_links":{"self":[{"href":"https:\/\/patagoniambiental.com.ar\/info\/wp-json\/wp\/v2\/posts\/80874","targetHints":{"allow":["GET"]}}],"collection":[{"href":"https:\/\/patagoniambiental.com.ar\/info\/wp-json\/wp\/v2\/posts"}],"about":[{"href":"https:\/\/patagoniambiental.com.ar\/info\/wp-json\/wp\/v2\/types\/post"}],"author":[{"embeddable":true,"href":"https:\/\/patagoniambiental.com.ar\/info\/wp-json\/wp\/v2\/users\/2"}],"replies":[{"embeddable":true,"href":"https:\/\/patagoniambiental.com.ar\/info\/wp-json\/wp\/v2\/comments?post=80874"}],"version-history":[{"count":0,"href":"https:\/\/patagoniambiental.com.ar\/info\/wp-json\/wp\/v2\/posts\/80874\/revisions"}],"wp:featuredmedia":[{"embeddable":true,"href":"https:\/\/patagoniambiental.com.ar\/info\/wp-json\/wp\/v2\/media\/80875"}],"wp:attachment":[{"href":"https:\/\/patagoniambiental.com.ar\/info\/wp-json\/wp\/v2\/media?parent=80874"}],"wp:term":[{"taxonomy":"category","embeddable":true,"href":"https:\/\/patagoniambiental.com.ar\/info\/wp-json\/wp\/v2\/categories?post=80874"},{"taxonomy":"post_tag","embeddable":true,"href":"https:\/\/patagoniambiental.com.ar\/info\/wp-json\/wp\/v2\/tags?post=80874"}],"curies":[{"name":"wp","href":"https:\/\/api.w.org\/{rel}","templated":true}]}}