{"id":80915,"date":"2024-03-21T07:00:00","date_gmt":"2024-03-21T10:00:00","guid":{"rendered":"https:\/\/patagoniambiental.com.ar\/info\/?p=80915"},"modified":"2024-08-13T10:38:12","modified_gmt":"2024-08-13T13:38:12","slug":"los-expertos-abogan-por-potenciar-el-secuestro-marino-de-carbono-contra-el-cambio-climatico","status":"publish","type":"post","link":"https:\/\/patagoniambiental.com.ar\/info\/los-expertos-abogan-por-potenciar-el-secuestro-marino-de-carbono-contra-el-cambio-climatico\/","title":{"rendered":"Expertos abogan por potenciar el secuestro marino de carbono contra el cambio clim\u00e1tico"},"content":{"rendered":"\n<!--more-->\n\n\n\n<p><a>Gl\u00f2ria Ayuso<\/a>.-La lucha contra el cambio clim\u00e1tico debe incluir la aplicaci\u00f3n de soluciones concretas para aumentar la capacidad del mar para <strong>secuestrar carbono<\/strong>. As\u00ed lo indica el <strong>quinto libro blanco<\/strong> de los <a href=\"https:\/\/www.elperiodico.com\/es\/blau\/sostenibilidad\/20240130\/unesco-lanzara-barcelona-hoja-ruta-hasta-2030-97531877\" target=\"_blank\" rel=\"noreferrer noopener\">diez que elaboran cient\u00edficos expertos<\/a> de la Unesco para marcar la hoja de ruta en la preservaci\u00f3n del oc\u00e9ano, que se presentar\u00e1n en la <a href=\"https:\/\/www.elperiodico.com\/es\/blau\/sostenibilidad\/20231106\/conferencia-onu-oceanos-barcelona-busqueda-soluciones-economia-azul-94168987\" target=\"_blank\" rel=\"noreferrer noopener\">Conferencia de la D\u00e9cada de los Oc\u00e9anos,<\/a> en abril, en Barcelona.<\/p>\n\n\n\n<p>El oc\u00e9ano act\u00faa como un <strong>gran sumidero de carbono<\/strong>, ya que absorbe el 25% de todas las <a href=\"https:\/\/www.elperiodico.com\/es\/temas\/gases-de-efecto-invernadero-1852541\"><strong>emisiones de <\/strong><\/a>CO\u2082 <strong>antropog\u00e9nicas<\/strong>. Esta absorci\u00f3n de calor y di\u00f3xido de carbono ralentiza el cambio clim\u00e1tico. No obstante, el proceso de absorci\u00f3n de CO\u2082 del mar desencadena <a href=\"https:\/\/www.elperiodico.com\/es\/blau\/20240108\/comunidad-cientifica-moviliza-luchar-acidificacion-oceano-96558003\" target=\"_blank\" rel=\"noreferrer noopener\">acidificaci\u00f3n<\/a> y desoxigenaci\u00f3n, lo que plantea graves riesgos para la vida marina, los ecosistemas y las comunidades que dependen del oc\u00e9ano para su subsistencia, as\u00ed como en su rol para garantizar el equilibrio del planeta.<\/p>\n\n\n\n<p><\/p>\n\n\n\n<figure class=\"wp-block-image\"><img decoding=\"async\" src=\"https:\/\/estaticos-cdn.prensaiberica.es\/clip\/f8e53050-346d-4349-9caa-eb65bb93ede8_alta-libre-aspect-ratio_default_0.jpg\" alt=\"Praderas de posidonia oceanica\"\/><figcaption class=\"wp-element-caption\">Praderas de posidonia oceanica \/ CMA\/Ibanat<\/figcaption><\/figure>\n\n\n\n<p>El libro blanco indica <strong>tres v\u00edas de mitigaci\u00f3n aplicadas en el mar<\/strong>. Una de ellas es el desarrollo de bosques de manglares, praderas de pastos marinos y marismas intermareales, que cuentan con un poder \u201cdesproporcionadamente alto\u201d de secuestro de carbono, por lo que estos ecosistemas reciben el nombre de <a href=\"https:\/\/www.elperiodico.com\/es\/blau\/economia-azul\/20231120\/mercado-voluntario-creditos-carbono-azul-94853538\" target=\"_blank\" rel=\"noreferrer noopener\">carbono azul<\/a>. Precisamente, y al margen de este documento, los expertos indican la necesidad de desarrollar una <strong>f\u00f3rmula fiable de c\u00e1lculo de captura de carbono <\/strong>por parte de <a href=\"https:\/\/www.elperiodico.com\/es\/blau\/sostenibilidad\/20240212\/centinelas-del-mar-observadores-del-mar-ciencia-ciudadana-csic-97920844\" target=\"_blank\" rel=\"noreferrer noopener\">estos ecosistemas<\/a> con el fin de desarrollar un nuevo mercado de carbono centrado en el mar.&nbsp;&nbsp;<\/p>\n\n\n\n<p>La segunda soluci\u00f3n a la que apunta el libro blanco es eliminar el exceso de CO\u2082 que acumulan las aguas mediante la creaci\u00f3n de sistemas de almacenamiento duradero del carbono marino, aumentando as\u00ed la capacidad del oc\u00e9ano de secuestrar m\u00e1s CO2. Las v\u00edas de esta Captura y Almacenamiento de Carbono (CDR) son la mejora de la alcalinidad oce\u00e1nica, formas de eliminaci\u00f3n directa del carbono atmosf\u00e9rico con almacenamiento oce\u00e1nico, y la fertilizaci\u00f3n de nutrientes, entre otras. No obstante, estas pr\u00e1cticas \u201ctienen baja preparaci\u00f3n tecnol\u00f3gica y necesitan un desarrollo significativo adicional\u201d, advierte el libro blanco.<\/p>\n\n\n\n<p>Al mismo tiempo, considera esencial la reducci\u00f3n de la <a href=\"https:\/\/www.elperiodico.com\/es\/blau\/sostenibilidad\/20240214\/inspecciones-barcos-basuras-tirar-al-mar-deriva-sanciones-98161523\" target=\"_blank\" rel=\"noreferrer noopener\">contaminaci\u00f3n marina<\/a>, ante el aumento de desechos que est\u00e1 registrando el mar. Aliviar esta contaminaci\u00f3n es una de las primeras actuaciones necesarias para \u201creducir el estr\u00e9s adicional que sufren los organismos marinos y todo el ecosistema responsable de capturar CO\u2082. En este sentido, el documento indica la conveniencia de <a href=\"https:\/\/www.elperiodico.com\/es\/blau\/sostenibilidad\/20240124\/financial-times-premia-investigacion-csic-presion-industria-oceano-97297332\" target=\"_blank\" rel=\"noreferrer noopener\">reducir la producci\u00f3n de productos<\/a> que acaban <a href=\"https:\/\/www.elperiodico.com\/es\/blau\/sostenibilidad\/20240216\/unesco-propone-vigilancia-permanente-combatir-contaminacion-vertidos-oceano-98263314\" target=\"_blank\" rel=\"noreferrer noopener\">contaminando las aguas<\/a>, que adem\u00e1s de mejorar la resiliencia del oc\u00e9ano tambi\u00e9n provocar\u00eda un descenso de las emisiones.<\/p>\n\n\n\n<p>El grupo de expertos incide en que debe <strong>aumentarse la <\/strong><a href=\"https:\/\/www.elperiodico.com\/es\/blau\/economia-azul\/20240313\/generalitat-csic-monitorizaran-mar-radares-situacion-pesca-99433659\" target=\"_blank\" rel=\"noreferrer noopener\"><strong>recolecci\u00f3n de datos del mar<\/strong><\/a>y poner toda la<strong> informaci\u00f3n al alcance de toda la comunidad internacional <\/strong>para contar con modelos de predicci\u00f3n, basar las actuaciones en unas bases s\u00f3lidas y poder desarrollar avances de alcance global. \u201cTodas las acciones est\u00e1n interconectadas y el trabajo debe ser conjunto y transversal\u201d, se\u00f1ala la coordinadora del equipo cient\u00edfico que ha elaborado el cuarto libro blanco Sophia Laarissa, en la discusi\u00f3n previa del borrador entre la comunidad de expertos a nivel internacional antes de su presentaci\u00f3n definitiva en la Conferencia de Barcelona.<\/p>\n\n\n\n<div style=\"height:100px\" aria-hidden=\"true\" class=\"wp-block-spacer\"><\/div>\n\n\n\n<h2 class=\"wp-block-heading\" id=\"h-transformacion-y-nueva-gestion\">Transformaci\u00f3n y nueva gesti\u00f3n<\/h2>\n\n\n\n<p>Laarissa subraya que debe aumentarse la <a href=\"https:\/\/www.elperiodico.com\/es\/blau\/20240104\/primer-centro-divulgacion-marina-espana-sitges-96534440\" target=\"_blank\" rel=\"noreferrer noopener\">alfabetizaci\u00f3n<\/a> y conciencia oce\u00e1nica para una <strong>cogobernanza llevada a cabo desde la cooperaci\u00f3n<\/strong>, con pol\u00edticas mejoradas de reducci\u00f3n de riesgos y capacidad predictiva mejorada de los pron\u00f3sticos oce\u00e1nicos, clim\u00e1ticos y meteorol\u00f3gicos.<\/p>\n\n\n\n<p>Desde hace m\u00e1s de un a\u00f1o,&nbsp;<strong>m\u00e1s de 150 expertos<\/strong>&nbsp;trabajan en la elaboraci\u00f3n de una&nbsp;<a href=\"https:\/\/www.elperiodico.com\/es\/blau\/sostenibilidad\/20240130\/unesco-lanzara-barcelona-hoja-ruta-2030-97531877\">estrategia para preservar el oc\u00e9ano<\/a>&nbsp;que se plasmar\u00e1 en los&nbsp;<strong>10 libros blancos<\/strong>&nbsp;que quieren responder a los principales retos, que se interrelacionan entre ellos: la&nbsp;<a href=\"https:\/\/www.elperiodico.com\/es\/blau\/sostenibilidad\/20240216\/unesco-propone-vigilancia-permanente-combatir-contaminacion-vertidos-oceano-98263314\"><strong>contaminaci\u00f3n marina<\/strong><\/a><strong>; la&nbsp;<\/strong><a href=\"https:\/\/www.elperiodico.com\/es\/blau\/sostenibilidad\/20240223\/paises-costeros-deben-incluir-restauracion-marina-planes-de-accion-biodiversidad-98554775\"><strong>protecci\u00f3n del ecosistema<\/strong><\/a><strong>; el cambio clim\u00e1tico; la <\/strong><a href=\"https:\/\/www.elperiodico.com\/es\/blau\/economia-azul\/20240308\/economia-oceano-exige-financiacion-colaboracion-sector-privado-sostenibilidad-99192866\" target=\"_blank\" rel=\"noreferrer noopener\"><strong>econom\u00eda oce\u00e1nica sostenible<\/strong><\/a><strong>;&nbsp;<\/strong><a href=\"https:\/\/www.elperiodico.com\/es\/blau\/economia-azul\/20240304\/cientificos-ven-clave-oceano-nutrir-poblacion-mundial-alimentacion-algas-98998490\"><strong>los alimentos azules sostenibles<\/strong><\/a><strong>; la construcci\u00f3n de comunidades resilientes; observaciones, datos y Sistemas de Pron\u00f3stico y Alerta Temprana ante desastres; desarrollo de capacidades, alfabetizaci\u00f3n oce\u00e1nica y conocimiento ind\u00edgena y local; y patrimonio cultural<\/strong>.<\/p>\n\n\n\n<p>Fuente: www.elperiodico.com<\/p>\n","protected":false},"excerpt":{"rendered":"","protected":false},"author":2,"featured_media":80916,"comment_status":"open","ping_status":"open","sticky":false,"template":"","format":"standard","meta":{"site-sidebar-layout":"default","site-content-layout":"","ast-site-content-layout":"default","site-content-style":"default","site-sidebar-style":"default","ast-global-header-display":"","ast-banner-title-visibility":"","ast-main-header-display":"","ast-hfb-above-header-display":"","ast-hfb-below-header-display":"","ast-hfb-mobile-header-display":"","site-post-title":"","ast-breadcrumbs-content":"","ast-featured-img":"","footer-sml-layout":"","ast-disable-related-posts":"","theme-transparent-header-meta":"","adv-header-id-meta":"","stick-header-meta":"","header-above-stick-meta":"","header-main-stick-meta":"","header-below-stick-meta":"","astra-migrate-meta-layouts":"default","ast-page-background-enabled":"default","ast-page-background-meta":{"desktop":{"background-color":"var(--ast-global-color-5)","background-image":"","background-repeat":"repeat","background-position":"center center","background-size":"auto","background-attachment":"scroll","background-type":"","background-media":"","overlay-type":"","overlay-color":"","overlay-opacity":"","overlay-gradient":""},"tablet":{"background-color":"","background-image":"","background-repeat":"repeat","background-position":"center center","background-size":"auto","background-attachment":"scroll","background-type":"","background-media":"","overlay-type":"","overlay-color":"","overlay-opacity":"","overlay-gradient":""},"mobile":{"background-color":"","background-image":"","background-repeat":"repeat","background-position":"center center","background-size":"auto","background-attachment":"scroll","background-type":"","background-media":"","overlay-type":"","overlay-color":"","overlay-opacity":"","overlay-gradient":""}},"ast-content-background-meta":{"desktop":{"background-color":"var(--ast-global-color-4)","background-image":"","background-repeat":"repeat","background-position":"center center","background-size":"auto","background-attachment":"scroll","background-type":"","background-media":"","overlay-type":"","overlay-color":"","overlay-opacity":"","overlay-gradient":""},"tablet":{"background-color":"var(--ast-global-color-4)","background-image":"","background-repeat":"repeat","background-position":"center center","background-size":"auto","background-attachment":"scroll","background-type":"","background-media":"","overlay-type":"","overlay-color":"","overlay-opacity":"","overlay-gradient":""},"mobile":{"background-color":"var(--ast-global-color-4)","background-image":"","background-repeat":"repeat","background-position":"center center","background-size":"auto","background-attachment":"scroll","background-type":"","background-media":"","overlay-type":"","overlay-color":"","overlay-opacity":"","overlay-gradient":""}},"footnotes":""},"categories":[11,23],"tags":[],"class_list":["post-80915","post","type-post","status-publish","format-standard","has-post-thumbnail","hentry","category-boletin","category-internacionales"],"yoast_head":"<!-- This site is optimized with the Yoast SEO Premium plugin v23.0 (Yoast SEO v27.5) - https:\/\/yoast.com\/product\/yoast-seo-premium-wordpress\/ -->\n<title>Expertos abogan por potenciar el secuestro marino de carbono contra el cambio clim\u00e1tico<\/title>\n<meta name=\"robots\" content=\"index, follow, max-snippet:-1, max-image-preview:large, max-video-preview:-1\" \/>\n<link rel=\"canonical\" href=\"https:\/\/patagoniambiental.com.ar\/info\/los-expertos-abogan-por-potenciar-el-secuestro-marino-de-carbono-contra-el-cambio-climatico\/\" \/>\n<meta property=\"og:locale\" content=\"es_ES\" \/>\n<meta property=\"og:type\" content=\"article\" \/>\n<meta property=\"og:title\" content=\"Expertos abogan por potenciar el secuestro marino de carbono contra el cambio clim\u00e1tico\" \/>\n<meta property=\"og:url\" content=\"https:\/\/patagoniambiental.com.ar\/info\/los-expertos-abogan-por-potenciar-el-secuestro-marino-de-carbono-contra-el-cambio-climatico\/\" \/>\n<meta property=\"og:site_name\" content=\"Patagonia Ambiental\" \/>\n<meta property=\"article:publisher\" content=\"https:\/\/www.facebook.com\/patagonia.ambiental\" \/>\n<meta property=\"article:author\" content=\"https:\/\/www.facebook.com\/share\/1C1V8Gv9BX\/?mibextid=qi2Omg\" \/>\n<meta property=\"article:published_time\" content=\"2024-03-21T10:00:00+00:00\" \/>\n<meta property=\"article:modified_time\" content=\"2024-08-13T13:38:12+00:00\" \/>\n<meta property=\"og:image\" content=\"https:\/\/patagoniambiental.com.ar\/info\/wp-content\/uploads\/2024\/03\/Screenshot-2024-03-15-at-10-27-03-Los-expertos-abogan-por-potenciar-el-secuestro-marino-de-carbono-contra-el-cambio-climatico.png\" \/>\n\t<meta property=\"og:image:width\" content=\"572\" \/>\n\t<meta property=\"og:image:height\" content=\"427\" \/>\n\t<meta property=\"og:image:type\" content=\"image\/png\" \/>\n<meta name=\"author\" content=\"Patagonia Ambiental\" \/>\n<meta name=\"twitter:card\" content=\"summary_large_image\" \/>\n<meta name=\"twitter:creator\" content=\"@PatAmb\" \/>\n<meta name=\"twitter:site\" content=\"@PatAmb\" \/>\n<script type=\"application\/ld+json\" class=\"yoast-schema-graph\">{\"@context\":\"https:\\\/\\\/schema.org\",\"@graph\":[{\"@type\":\"Article\",\"@id\":\"https:\\\/\\\/patagoniambiental.com.ar\\\/info\\\/los-expertos-abogan-por-potenciar-el-secuestro-marino-de-carbono-contra-el-cambio-climatico\\\/#article\",\"isPartOf\":{\"@id\":\"https:\\\/\\\/patagoniambiental.com.ar\\\/info\\\/los-expertos-abogan-por-potenciar-el-secuestro-marino-de-carbono-contra-el-cambio-climatico\\\/\"},\"author\":{\"name\":\"Patagonia Ambiental\",\"@id\":\"https:\\\/\\\/patagoniambiental.com.ar\\\/info\\\/#\\\/schema\\\/person\\\/db12bff64bbcbf6a253710bf0ea37b5d\"},\"headline\":\"Expertos abogan por potenciar el secuestro marino de carbono contra el cambio clim\u00e1tico\",\"datePublished\":\"2024-03-21T10:00:00+00:00\",\"dateModified\":\"2024-08-13T13:38:12+00:00\",\"mainEntityOfPage\":{\"@id\":\"https:\\\/\\\/patagoniambiental.com.ar\\\/info\\\/los-expertos-abogan-por-potenciar-el-secuestro-marino-de-carbono-contra-el-cambio-climatico\\\/\"},\"wordCount\":756,\"commentCount\":0,\"publisher\":{\"@id\":\"https:\\\/\\\/patagoniambiental.com.ar\\\/info\\\/#organization\"},\"image\":{\"@id\":\"https:\\\/\\\/patagoniambiental.com.ar\\\/info\\\/los-expertos-abogan-por-potenciar-el-secuestro-marino-de-carbono-contra-el-cambio-climatico\\\/#primaryimage\"},\"thumbnailUrl\":\"https:\\\/\\\/patagoniambiental.com.ar\\\/info\\\/wp-content\\\/uploads\\\/2024\\\/03\\\/Screenshot-2024-03-15-at-10-27-03-Los-expertos-abogan-por-potenciar-el-secuestro-marino-de-carbono-contra-el-cambio-climatico.png\",\"articleSection\":[\"Bolet\u00edn\",\"Internacionales\"],\"inLanguage\":\"es\",\"potentialAction\":[{\"@type\":\"CommentAction\",\"name\":\"Comment\",\"target\":[\"https:\\\/\\\/patagoniambiental.com.ar\\\/info\\\/los-expertos-abogan-por-potenciar-el-secuestro-marino-de-carbono-contra-el-cambio-climatico\\\/#respond\"]}]},{\"@type\":\"WebPage\",\"@id\":\"https:\\\/\\\/patagoniambiental.com.ar\\\/info\\\/los-expertos-abogan-por-potenciar-el-secuestro-marino-de-carbono-contra-el-cambio-climatico\\\/\",\"url\":\"https:\\\/\\\/patagoniambiental.com.ar\\\/info\\\/los-expertos-abogan-por-potenciar-el-secuestro-marino-de-carbono-contra-el-cambio-climatico\\\/\",\"name\":\"Expertos abogan por potenciar el secuestro marino de carbono contra el cambio clim\u00e1tico\",\"isPartOf\":{\"@id\":\"https:\\\/\\\/patagoniambiental.com.ar\\\/info\\\/#website\"},\"primaryImageOfPage\":{\"@id\":\"https:\\\/\\\/patagoniambiental.com.ar\\\/info\\\/los-expertos-abogan-por-potenciar-el-secuestro-marino-de-carbono-contra-el-cambio-climatico\\\/#primaryimage\"},\"image\":{\"@id\":\"https:\\\/\\\/patagoniambiental.com.ar\\\/info\\\/los-expertos-abogan-por-potenciar-el-secuestro-marino-de-carbono-contra-el-cambio-climatico\\\/#primaryimage\"},\"thumbnailUrl\":\"https:\\\/\\\/patagoniambiental.com.ar\\\/info\\\/wp-content\\\/uploads\\\/2024\\\/03\\\/Screenshot-2024-03-15-at-10-27-03-Los-expertos-abogan-por-potenciar-el-secuestro-marino-de-carbono-contra-el-cambio-climatico.png\",\"datePublished\":\"2024-03-21T10:00:00+00:00\",\"dateModified\":\"2024-08-13T13:38:12+00:00\",\"breadcrumb\":{\"@id\":\"https:\\\/\\\/patagoniambiental.com.ar\\\/info\\\/los-expertos-abogan-por-potenciar-el-secuestro-marino-de-carbono-contra-el-cambio-climatico\\\/#breadcrumb\"},\"inLanguage\":\"es\",\"potentialAction\":[{\"@type\":\"ReadAction\",\"target\":[\"https:\\\/\\\/patagoniambiental.com.ar\\\/info\\\/los-expertos-abogan-por-potenciar-el-secuestro-marino-de-carbono-contra-el-cambio-climatico\\\/\"]}]},{\"@type\":\"ImageObject\",\"inLanguage\":\"es\",\"@id\":\"https:\\\/\\\/patagoniambiental.com.ar\\\/info\\\/los-expertos-abogan-por-potenciar-el-secuestro-marino-de-carbono-contra-el-cambio-climatico\\\/#primaryimage\",\"url\":\"https:\\\/\\\/patagoniambiental.com.ar\\\/info\\\/wp-content\\\/uploads\\\/2024\\\/03\\\/Screenshot-2024-03-15-at-10-27-03-Los-expertos-abogan-por-potenciar-el-secuestro-marino-de-carbono-contra-el-cambio-climatico.png\",\"contentUrl\":\"https:\\\/\\\/patagoniambiental.com.ar\\\/info\\\/wp-content\\\/uploads\\\/2024\\\/03\\\/Screenshot-2024-03-15-at-10-27-03-Los-expertos-abogan-por-potenciar-el-secuestro-marino-de-carbono-contra-el-cambio-climatico.png\",\"width\":572,\"height\":427},{\"@type\":\"BreadcrumbList\",\"@id\":\"https:\\\/\\\/patagoniambiental.com.ar\\\/info\\\/los-expertos-abogan-por-potenciar-el-secuestro-marino-de-carbono-contra-el-cambio-climatico\\\/#breadcrumb\",\"itemListElement\":[{\"@type\":\"ListItem\",\"position\":1,\"name\":\"Inicio\",\"item\":\"https:\\\/\\\/patagoniambiental.com.ar\\\/info\\\/\"},{\"@type\":\"ListItem\",\"position\":2,\"name\":\"Expertos abogan por potenciar el secuestro marino de carbono contra el cambio clim\u00e1tico\"}]},{\"@type\":\"WebSite\",\"@id\":\"https:\\\/\\\/patagoniambiental.com.ar\\\/info\\\/#website\",\"url\":\"https:\\\/\\\/patagoniambiental.com.ar\\\/info\\\/\",\"name\":\"Patagonia Ambiental\",\"description\":\"Monitoreo y an\u00e1lisis de la situaci\u00f3n geopol\u00edtica en el mundo y su implicancia en la Patagonia\",\"publisher\":{\"@id\":\"https:\\\/\\\/patagoniambiental.com.ar\\\/info\\\/#organization\"},\"potentialAction\":[{\"@type\":\"SearchAction\",\"target\":{\"@type\":\"EntryPoint\",\"urlTemplate\":\"https:\\\/\\\/patagoniambiental.com.ar\\\/info\\\/?s={search_term_string}\"},\"query-input\":{\"@type\":\"PropertyValueSpecification\",\"valueRequired\":true,\"valueName\":\"search_term_string\"}}],\"inLanguage\":\"es\"},{\"@type\":\"Organization\",\"@id\":\"https:\\\/\\\/patagoniambiental.com.ar\\\/info\\\/#organization\",\"name\":\"Patagonia Ambiental\",\"url\":\"https:\\\/\\\/patagoniambiental.com.ar\\\/info\\\/\",\"logo\":{\"@type\":\"ImageObject\",\"inLanguage\":\"es\",\"@id\":\"https:\\\/\\\/patagoniambiental.com.ar\\\/info\\\/#\\\/schema\\\/logo\\\/image\\\/\",\"url\":\"https:\\\/\\\/patagoniambiental.com.ar\\\/info\\\/wp-content\\\/uploads\\\/2025\\\/05\\\/LOGO-PATAGONIA-AMBIENTAL.png\",\"contentUrl\":\"https:\\\/\\\/patagoniambiental.com.ar\\\/info\\\/wp-content\\\/uploads\\\/2025\\\/05\\\/LOGO-PATAGONIA-AMBIENTAL.png\",\"width\":433,\"height\":250,\"caption\":\"Patagonia Ambiental\"},\"image\":{\"@id\":\"https:\\\/\\\/patagoniambiental.com.ar\\\/info\\\/#\\\/schema\\\/logo\\\/image\\\/\"},\"sameAs\":[\"https:\\\/\\\/www.facebook.com\\\/patagonia.ambiental\",\"https:\\\/\\\/x.com\\\/PatAmb\"]},{\"@type\":\"Person\",\"@id\":\"https:\\\/\\\/patagoniambiental.com.ar\\\/info\\\/#\\\/schema\\\/person\\\/db12bff64bbcbf6a253710bf0ea37b5d\",\"name\":\"Patagonia Ambiental\",\"description\":\"Andr\u00e9s Nievas T\u00e9cnico en manejo ambiental, consultor Ambiental y escritor para medios locales e internacionales sobre temas de geopolitica y medio ambiente.\",\"sameAs\":[\"http:\\\/\\\/www.patagoniambiental.com.ar\",\"https:\\\/\\\/www.facebook.com\\\/share\\\/1C1V8Gv9BX\\\/?mibextid=qi2Omg\",\"@patagoniambiental\",\"https:\\\/\\\/youtube.com\\\/@patagoniaambiental2023?si=BLt58t0wuXquxlYZ\"]}]}<\/script>\n<!-- \/ Yoast SEO Premium plugin. -->","yoast_head_json":{"title":"Expertos abogan por potenciar el secuestro marino de carbono contra el cambio clim\u00e1tico","robots":{"index":"index","follow":"follow","max-snippet":"max-snippet:-1","max-image-preview":"max-image-preview:large","max-video-preview":"max-video-preview:-1"},"canonical":"https:\/\/patagoniambiental.com.ar\/info\/los-expertos-abogan-por-potenciar-el-secuestro-marino-de-carbono-contra-el-cambio-climatico\/","og_locale":"es_ES","og_type":"article","og_title":"Expertos abogan por potenciar el secuestro marino de carbono contra el cambio clim\u00e1tico","og_url":"https:\/\/patagoniambiental.com.ar\/info\/los-expertos-abogan-por-potenciar-el-secuestro-marino-de-carbono-contra-el-cambio-climatico\/","og_site_name":"Patagonia Ambiental","article_publisher":"https:\/\/www.facebook.com\/patagonia.ambiental","article_author":"https:\/\/www.facebook.com\/share\/1C1V8Gv9BX\/?mibextid=qi2Omg","article_published_time":"2024-03-21T10:00:00+00:00","article_modified_time":"2024-08-13T13:38:12+00:00","og_image":[{"width":572,"height":427,"url":"https:\/\/patagoniambiental.com.ar\/info\/wp-content\/uploads\/2024\/03\/Screenshot-2024-03-15-at-10-27-03-Los-expertos-abogan-por-potenciar-el-secuestro-marino-de-carbono-contra-el-cambio-climatico.png","type":"image\/png"}],"author":"Patagonia Ambiental","twitter_card":"summary_large_image","twitter_creator":"@PatAmb","twitter_site":"@PatAmb","schema":{"@context":"https:\/\/schema.org","@graph":[{"@type":"Article","@id":"https:\/\/patagoniambiental.com.ar\/info\/los-expertos-abogan-por-potenciar-el-secuestro-marino-de-carbono-contra-el-cambio-climatico\/#article","isPartOf":{"@id":"https:\/\/patagoniambiental.com.ar\/info\/los-expertos-abogan-por-potenciar-el-secuestro-marino-de-carbono-contra-el-cambio-climatico\/"},"author":{"name":"Patagonia Ambiental","@id":"https:\/\/patagoniambiental.com.ar\/info\/#\/schema\/person\/db12bff64bbcbf6a253710bf0ea37b5d"},"headline":"Expertos abogan por potenciar el secuestro marino de carbono contra el cambio clim\u00e1tico","datePublished":"2024-03-21T10:00:00+00:00","dateModified":"2024-08-13T13:38:12+00:00","mainEntityOfPage":{"@id":"https:\/\/patagoniambiental.com.ar\/info\/los-expertos-abogan-por-potenciar-el-secuestro-marino-de-carbono-contra-el-cambio-climatico\/"},"wordCount":756,"commentCount":0,"publisher":{"@id":"https:\/\/patagoniambiental.com.ar\/info\/#organization"},"image":{"@id":"https:\/\/patagoniambiental.com.ar\/info\/los-expertos-abogan-por-potenciar-el-secuestro-marino-de-carbono-contra-el-cambio-climatico\/#primaryimage"},"thumbnailUrl":"https:\/\/patagoniambiental.com.ar\/info\/wp-content\/uploads\/2024\/03\/Screenshot-2024-03-15-at-10-27-03-Los-expertos-abogan-por-potenciar-el-secuestro-marino-de-carbono-contra-el-cambio-climatico.png","articleSection":["Bolet\u00edn","Internacionales"],"inLanguage":"es","potentialAction":[{"@type":"CommentAction","name":"Comment","target":["https:\/\/patagoniambiental.com.ar\/info\/los-expertos-abogan-por-potenciar-el-secuestro-marino-de-carbono-contra-el-cambio-climatico\/#respond"]}]},{"@type":"WebPage","@id":"https:\/\/patagoniambiental.com.ar\/info\/los-expertos-abogan-por-potenciar-el-secuestro-marino-de-carbono-contra-el-cambio-climatico\/","url":"https:\/\/patagoniambiental.com.ar\/info\/los-expertos-abogan-por-potenciar-el-secuestro-marino-de-carbono-contra-el-cambio-climatico\/","name":"Expertos abogan por potenciar el secuestro marino de carbono contra el cambio clim\u00e1tico","isPartOf":{"@id":"https:\/\/patagoniambiental.com.ar\/info\/#website"},"primaryImageOfPage":{"@id":"https:\/\/patagoniambiental.com.ar\/info\/los-expertos-abogan-por-potenciar-el-secuestro-marino-de-carbono-contra-el-cambio-climatico\/#primaryimage"},"image":{"@id":"https:\/\/patagoniambiental.com.ar\/info\/los-expertos-abogan-por-potenciar-el-secuestro-marino-de-carbono-contra-el-cambio-climatico\/#primaryimage"},"thumbnailUrl":"https:\/\/patagoniambiental.com.ar\/info\/wp-content\/uploads\/2024\/03\/Screenshot-2024-03-15-at-10-27-03-Los-expertos-abogan-por-potenciar-el-secuestro-marino-de-carbono-contra-el-cambio-climatico.png","datePublished":"2024-03-21T10:00:00+00:00","dateModified":"2024-08-13T13:38:12+00:00","breadcrumb":{"@id":"https:\/\/patagoniambiental.com.ar\/info\/los-expertos-abogan-por-potenciar-el-secuestro-marino-de-carbono-contra-el-cambio-climatico\/#breadcrumb"},"inLanguage":"es","potentialAction":[{"@type":"ReadAction","target":["https:\/\/patagoniambiental.com.ar\/info\/los-expertos-abogan-por-potenciar-el-secuestro-marino-de-carbono-contra-el-cambio-climatico\/"]}]},{"@type":"ImageObject","inLanguage":"es","@id":"https:\/\/patagoniambiental.com.ar\/info\/los-expertos-abogan-por-potenciar-el-secuestro-marino-de-carbono-contra-el-cambio-climatico\/#primaryimage","url":"https:\/\/patagoniambiental.com.ar\/info\/wp-content\/uploads\/2024\/03\/Screenshot-2024-03-15-at-10-27-03-Los-expertos-abogan-por-potenciar-el-secuestro-marino-de-carbono-contra-el-cambio-climatico.png","contentUrl":"https:\/\/patagoniambiental.com.ar\/info\/wp-content\/uploads\/2024\/03\/Screenshot-2024-03-15-at-10-27-03-Los-expertos-abogan-por-potenciar-el-secuestro-marino-de-carbono-contra-el-cambio-climatico.png","width":572,"height":427},{"@type":"BreadcrumbList","@id":"https:\/\/patagoniambiental.com.ar\/info\/los-expertos-abogan-por-potenciar-el-secuestro-marino-de-carbono-contra-el-cambio-climatico\/#breadcrumb","itemListElement":[{"@type":"ListItem","position":1,"name":"Inicio","item":"https:\/\/patagoniambiental.com.ar\/info\/"},{"@type":"ListItem","position":2,"name":"Expertos abogan por potenciar el secuestro marino de carbono contra el cambio clim\u00e1tico"}]},{"@type":"WebSite","@id":"https:\/\/patagoniambiental.com.ar\/info\/#website","url":"https:\/\/patagoniambiental.com.ar\/info\/","name":"Patagonia Ambiental","description":"Monitoreo y an\u00e1lisis de la situaci\u00f3n geopol\u00edtica en el mundo y su implicancia en la Patagonia","publisher":{"@id":"https:\/\/patagoniambiental.com.ar\/info\/#organization"},"potentialAction":[{"@type":"SearchAction","target":{"@type":"EntryPoint","urlTemplate":"https:\/\/patagoniambiental.com.ar\/info\/?s={search_term_string}"},"query-input":{"@type":"PropertyValueSpecification","valueRequired":true,"valueName":"search_term_string"}}],"inLanguage":"es"},{"@type":"Organization","@id":"https:\/\/patagoniambiental.com.ar\/info\/#organization","name":"Patagonia Ambiental","url":"https:\/\/patagoniambiental.com.ar\/info\/","logo":{"@type":"ImageObject","inLanguage":"es","@id":"https:\/\/patagoniambiental.com.ar\/info\/#\/schema\/logo\/image\/","url":"https:\/\/patagoniambiental.com.ar\/info\/wp-content\/uploads\/2025\/05\/LOGO-PATAGONIA-AMBIENTAL.png","contentUrl":"https:\/\/patagoniambiental.com.ar\/info\/wp-content\/uploads\/2025\/05\/LOGO-PATAGONIA-AMBIENTAL.png","width":433,"height":250,"caption":"Patagonia Ambiental"},"image":{"@id":"https:\/\/patagoniambiental.com.ar\/info\/#\/schema\/logo\/image\/"},"sameAs":["https:\/\/www.facebook.com\/patagonia.ambiental","https:\/\/x.com\/PatAmb"]},{"@type":"Person","@id":"https:\/\/patagoniambiental.com.ar\/info\/#\/schema\/person\/db12bff64bbcbf6a253710bf0ea37b5d","name":"Patagonia Ambiental","description":"Andr\u00e9s Nievas T\u00e9cnico en manejo ambiental, consultor Ambiental y escritor para medios locales e internacionales sobre temas de geopolitica y medio ambiente.","sameAs":["http:\/\/www.patagoniambiental.com.ar","https:\/\/www.facebook.com\/share\/1C1V8Gv9BX\/?mibextid=qi2Omg","@patagoniambiental","https:\/\/youtube.com\/@patagoniaambiental2023?si=BLt58t0wuXquxlYZ"]}]}},"_links":{"self":[{"href":"https:\/\/patagoniambiental.com.ar\/info\/wp-json\/wp\/v2\/posts\/80915","targetHints":{"allow":["GET"]}}],"collection":[{"href":"https:\/\/patagoniambiental.com.ar\/info\/wp-json\/wp\/v2\/posts"}],"about":[{"href":"https:\/\/patagoniambiental.com.ar\/info\/wp-json\/wp\/v2\/types\/post"}],"author":[{"embeddable":true,"href":"https:\/\/patagoniambiental.com.ar\/info\/wp-json\/wp\/v2\/users\/2"}],"replies":[{"embeddable":true,"href":"https:\/\/patagoniambiental.com.ar\/info\/wp-json\/wp\/v2\/comments?post=80915"}],"version-history":[{"count":0,"href":"https:\/\/patagoniambiental.com.ar\/info\/wp-json\/wp\/v2\/posts\/80915\/revisions"}],"wp:featuredmedia":[{"embeddable":true,"href":"https:\/\/patagoniambiental.com.ar\/info\/wp-json\/wp\/v2\/media\/80916"}],"wp:attachment":[{"href":"https:\/\/patagoniambiental.com.ar\/info\/wp-json\/wp\/v2\/media?parent=80915"}],"wp:term":[{"taxonomy":"category","embeddable":true,"href":"https:\/\/patagoniambiental.com.ar\/info\/wp-json\/wp\/v2\/categories?post=80915"},{"taxonomy":"post_tag","embeddable":true,"href":"https:\/\/patagoniambiental.com.ar\/info\/wp-json\/wp\/v2\/tags?post=80915"}],"curies":[{"name":"wp","href":"https:\/\/api.w.org\/{rel}","templated":true}]}}