{"id":80918,"date":"2024-03-29T07:00:00","date_gmt":"2024-03-29T10:00:00","guid":{"rendered":"https:\/\/patagoniambiental.com.ar\/info\/?p=80918"},"modified":"2024-08-13T09:55:53","modified_gmt":"2024-08-13T12:55:53","slug":"la-conferencia-de-la-onu-sobre-los-oceanos-se-enfocara-en-barcelona-en-la-definicion-de-soluciones","status":"publish","type":"post","link":"https:\/\/patagoniambiental.com.ar\/info\/la-conferencia-de-la-onu-sobre-los-oceanos-se-enfocara-en-barcelona-en-la-definicion-de-soluciones\/","title":{"rendered":"La Conferencia de la ONU sobre los Oc\u00e9anos se enfocar\u00e1 en Barcelona en la definici\u00f3n de soluciones"},"content":{"rendered":"\n<!--more-->\n\n\n\n<p><a>Gl\u00f2ria Ayuso<\/a>.-La <strong>Conferencia de la ONU sobre el Decenio de los Oc\u00e9anos<\/strong> reunir\u00e1 por primera vez, el pr\u00f3ximo mes de <strong>abril <\/strong>en Barcelona, a cient\u00edficos con representantes pol\u00edticos, empresas, universidades y ONG. Con esta f\u00f3rmula, \u201cno se trata solo de hacer ciencia, sino de enfocarla a solucionar problemas\u201d, explica<strong> Rafael Gonz\u00e1lez-Quir\u00f3s<\/strong>, del Instituto Espa\u00f1ol de Oceanograf\u00eda y delegado de la Comisi\u00f3n Oceanogr\u00e1fica Internacional (COI) de la UNESCO, que organiza la conferencia.<\/p>\n\n\n\n<p><img decoding=\"async\" src=\"https:\/\/estaticos-cdn.prensaiberica.es\/clip\/d21ef2e9-2c93-45be-80f2-6e0873378186_16-9-discover-aspect-ratio_320w_0.webp\" alt=\"Una 'startup' y un astillero crean en Barcelona una barca propulsada solo por energ\u00eda solar\" width=\"170\" height=\"90\"><\/p>\n\n\n\n<p>El oc\u00e9ano <a href=\"https:\/\/www.elperiodico.com\/es\/sociedad\/20230730\/oceanos-empiezan-recibir-atencion-merecen-90384413\">ha absorbido m\u00e1s del 90% del exceso de calor <\/a>generado en la atm\u00f3sfera por los gases de efecto invernadero. La comunidad cient\u00edfica indica que el cambio clim\u00e1tico afectar\u00e1 cada vez m\u00e1s al ecosistema marino, necesario para el sustento humano, por lo que urge a abordar todos los aspectos para <strong>reducir su impacto<\/strong>. Seg\u00fan los organizadores de la conferencia, el conocimiento cient\u00edfico debe trasladarse tanto a la toma de decisiones pol\u00edticas, como a las empresariales, para que se invierta teniendo en cuenta lo que indican los <strong>expertos<\/strong>.<\/p>\n\n\n\n<figure class=\"wp-block-image\"><img decoding=\"async\" src=\"https:\/\/estaticos-cdn.prensaiberica.es\/clip\/1fe3a350-2247-4f32-b078-df6c3353a00a_alta-libre-aspect-ratio_default_0.jpg\" alt=\"El puerto de la R\u00e0pita estrena el primer cargador de barcos el\u00e9ctricos de Espa\u00f1a.\"\/><figcaption class=\"wp-element-caption\">El puerto de la R\u00e0pita estrena el primer cargador de barcos el\u00e9ctricos de Espa\u00f1a. \/ ACN \/ JORDI MARSAL \/ ANNA FERR\u00c0S<\/figcaption><\/figure>\n\n\n\n<div style=\"height:100px\" aria-hidden=\"true\" class=\"wp-block-spacer\"><\/div>\n\n\n\n<h3 class=\"wp-block-heading\" id=\"h-electrificacion-de-los-puertos\">Electrificaci\u00f3n de los puertos<\/h3>\n\n\n\n<p>El <a href=\"https:\/\/www.elperiodico.com\/es\/economia\/20231106\/barcelona-capital-mundial-economia-azul-4000-millones-negocio-16200-empleos-94176926\">auge de la <strong>econom\u00eda azul <\/strong><\/a>muestra que \u201cse est\u00e1 yendo en la buena direcci\u00f3n\u201d, valora Gonz\u00e1lez-Quir\u00f3s. Ejemplos de los esfuerzos que se est\u00e1n llevando a cabo son la<strong> nueva normativa europea<\/strong> que limitar\u00e1 en 2024 las <strong>emisiones <\/strong>de CO2 de los grandes buques, lo que implica que en algunos casos deber\u00e1n hacer sus operaciones m\u00e1s despacio, o las iniciativas que llevan a cabo muchos <strong>puertos<\/strong>, como la<a href=\"https:\/\/www.elperiodico.com\/es\/economia\/20230222\/port-barcelona-avanza-electrificacion-muelles-subestacion-83463055\"> electrificaci\u00f3n de los muelles del Port de Barcelona<\/a>, que posibilitar\u00e1 que los barcos apaguen los motores cuando atraquen en las ciudades. \u201cOtra cosa es que se vaya a la velocidad necesaria\u201d, se\u00f1ala el miembro del COI ante los grandes problemas que plantea el <a href=\"https:\/\/www.elperiodico.com\/es\/temas\/cambio-climatico-11650\"><strong>cambio clim\u00e1tico <\/strong><\/a>en el oc\u00e9ano.<\/p>\n\n\n\n<p>Esta conferencia inicialmente deb\u00eda celebrarse en alguno de los peque\u00f1os estados insulares en riesgo por el aumento del <strong>nivel del mar<\/strong>. No obstante, el gran inter\u00e9s por acogerlo del <strong>Ayuntamiento de Barcelona<\/strong> y la <strong>Generalitat <\/strong>mostrado a trav\u00e9s de la Fundaci\u00f3n Barcelona Capital N\u00e1utica, as\u00ed como el <strong>gran ecosistema de innovaci\u00f3n<\/strong> que est\u00e1n impulsando en torno a la <a href=\"https:\/\/www.elperiodico.com\/es\/entre-todos\/20221003\/economia-azul-riqueza-mar-76708745\"><strong>econom\u00eda azul<\/strong><\/a>, decantaron la balanza.<\/p>\n\n\n\n<div style=\"height:100px\" aria-hidden=\"true\" class=\"wp-block-spacer\"><\/div>\n\n\n\n<h2 class=\"wp-block-heading\" id=\"h-10-documentos\">10 documentos<\/h2>\n\n\n\n<p>Del encuentro en Barcelona se prev\u00e9 <strong>que salgan 10 documentos<\/strong> que definir\u00e1n c\u00f3mo avanzar en aspectos como el desarrollo de soluciones para acabar con las fuentes marinas y terrestres de contaminaci\u00f3n del oc\u00e9ano; proteger y restaurar la biodiversidad; desarrollar soluciones para <strong>alimentar <\/strong>de forma sostenible a la poblaci\u00f3n mundial; y crear resiliencia en todas las \u00e1reas geogr\u00e1ficas amenazadas por el <a href=\"https:\/\/www.elperiodico.com\/es\/entre-todos\/20221003\/economia-azul-riqueza-mar-76708745\">impacto del cambio clim\u00e1tico<\/a>.&nbsp;<\/p>\n\n\n\n<p>Dado que existe una<strong> interconexi\u00f3n entre los diversos desaf\u00edos<\/strong> que afectan a los oc\u00e9anos, los expertos abogan por una integraci\u00f3n m\u00e1s efectiva de las actuaciones que puedan definirse, promoviendo una mayor sinergia entre ellas y respald\u00e1ndolas con financiamiento para garantizar un seguimiento adecuado de su implementaci\u00f3n.<\/p>\n\n\n\n<p>Fuente: www.elperiodico.com<\/p>\n","protected":false},"excerpt":{"rendered":"","protected":false},"author":2,"featured_media":80919,"comment_status":"open","ping_status":"open","sticky":false,"template":"","format":"standard","meta":{"site-sidebar-layout":"default","site-content-layout":"","ast-site-content-layout":"default","site-content-style":"default","site-sidebar-style":"default","ast-global-header-display":"","ast-banner-title-visibility":"","ast-main-header-display":"","ast-hfb-above-header-display":"","ast-hfb-below-header-display":"","ast-hfb-mobile-header-display":"","site-post-title":"","ast-breadcrumbs-content":"","ast-featured-img":"","footer-sml-layout":"","ast-disable-related-posts":"","theme-transparent-header-meta":"","adv-header-id-meta":"","stick-header-meta":"","header-above-stick-meta":"","header-main-stick-meta":"","header-below-stick-meta":"","astra-migrate-meta-layouts":"default","ast-page-background-enabled":"default","ast-page-background-meta":{"desktop":{"background-color":"var(--ast-global-color-5)","background-image":"","background-repeat":"repeat","background-position":"center center","background-size":"auto","background-attachment":"scroll","background-type":"","background-media":"","overlay-type":"","overlay-color":"","overlay-opacity":"","overlay-gradient":""},"tablet":{"background-color":"","background-image":"","background-repeat":"repeat","background-position":"center center","background-size":"auto","background-attachment":"scroll","background-type":"","background-media":"","overlay-type":"","overlay-color":"","overlay-opacity":"","overlay-gradient":""},"mobile":{"background-color":"","background-image":"","background-repeat":"repeat","background-position":"center center","background-size":"auto","background-attachment":"scroll","background-type":"","background-media":"","overlay-type":"","overlay-color":"","overlay-opacity":"","overlay-gradient":""}},"ast-content-background-meta":{"desktop":{"background-color":"var(--ast-global-color-4)","background-image":"","background-repeat":"repeat","background-position":"center center","background-size":"auto","background-attachment":"scroll","background-type":"","background-media":"","overlay-type":"","overlay-color":"","overlay-opacity":"","overlay-gradient":""},"tablet":{"background-color":"var(--ast-global-color-4)","background-image":"","background-repeat":"repeat","background-position":"center center","background-size":"auto","background-attachment":"scroll","background-type":"","background-media":"","overlay-type":"","overlay-color":"","overlay-opacity":"","overlay-gradient":""},"mobile":{"background-color":"var(--ast-global-color-4)","background-image":"","background-repeat":"repeat","background-position":"center center","background-size":"auto","background-attachment":"scroll","background-type":"","background-media":"","overlay-type":"","overlay-color":"","overlay-opacity":"","overlay-gradient":""}},"footnotes":""},"categories":[12,11,23],"tags":[],"class_list":["post-80918","post","type-post","status-publish","format-standard","has-post-thumbnail","hentry","category-agenda-ambiental","category-boletin","category-internacionales"],"yoast_head":"<!-- This site is optimized with the Yoast SEO Premium plugin v23.0 (Yoast SEO v27.5) - https:\/\/yoast.com\/product\/yoast-seo-premium-wordpress\/ -->\n<title>La Conferencia de la ONU sobre los Oc\u00e9anos se enfocar\u00e1 en Barcelona en la definici\u00f3n de soluciones<\/title>\n<meta name=\"robots\" content=\"index, follow, max-snippet:-1, max-image-preview:large, max-video-preview:-1\" \/>\n<link rel=\"canonical\" href=\"https:\/\/patagoniambiental.com.ar\/info\/la-conferencia-de-la-onu-sobre-los-oceanos-se-enfocara-en-barcelona-en-la-definicion-de-soluciones\/\" \/>\n<meta property=\"og:locale\" content=\"es_ES\" \/>\n<meta property=\"og:type\" content=\"article\" \/>\n<meta property=\"og:title\" content=\"La Conferencia de la ONU sobre los Oc\u00e9anos se enfocar\u00e1 en Barcelona en la definici\u00f3n de soluciones\" \/>\n<meta property=\"og:url\" content=\"https:\/\/patagoniambiental.com.ar\/info\/la-conferencia-de-la-onu-sobre-los-oceanos-se-enfocara-en-barcelona-en-la-definicion-de-soluciones\/\" \/>\n<meta property=\"og:site_name\" content=\"Patagonia Ambiental\" \/>\n<meta property=\"article:publisher\" content=\"https:\/\/www.facebook.com\/patagonia.ambiental\" \/>\n<meta property=\"article:author\" content=\"https:\/\/www.facebook.com\/share\/1C1V8Gv9BX\/?mibextid=qi2Omg\" \/>\n<meta property=\"article:published_time\" content=\"2024-03-29T10:00:00+00:00\" \/>\n<meta property=\"article:modified_time\" content=\"2024-08-13T12:55:53+00:00\" \/>\n<meta property=\"og:image\" content=\"https:\/\/patagoniambiental.com.ar\/info\/wp-content\/uploads\/2024\/03\/Screenshot-2024-03-15-at-10-32-26-La-Conferencia-de-la-ONU-sobre-los-Oceanos-se-enfocara-en-Barcelona-en-la-definicion-de-soluciones.png\" \/>\n\t<meta property=\"og:image:width\" content=\"624\" \/>\n\t<meta property=\"og:image:height\" content=\"344\" \/>\n\t<meta property=\"og:image:type\" content=\"image\/png\" \/>\n<meta name=\"author\" content=\"Patagonia Ambiental\" \/>\n<meta name=\"twitter:card\" content=\"summary_large_image\" \/>\n<meta name=\"twitter:creator\" content=\"@PatAmb\" \/>\n<meta name=\"twitter:site\" content=\"@PatAmb\" \/>\n<script type=\"application\/ld+json\" class=\"yoast-schema-graph\">{\"@context\":\"https:\\\/\\\/schema.org\",\"@graph\":[{\"@type\":\"Article\",\"@id\":\"https:\\\/\\\/patagoniambiental.com.ar\\\/info\\\/la-conferencia-de-la-onu-sobre-los-oceanos-se-enfocara-en-barcelona-en-la-definicion-de-soluciones\\\/#article\",\"isPartOf\":{\"@id\":\"https:\\\/\\\/patagoniambiental.com.ar\\\/info\\\/la-conferencia-de-la-onu-sobre-los-oceanos-se-enfocara-en-barcelona-en-la-definicion-de-soluciones\\\/\"},\"author\":{\"name\":\"Patagonia Ambiental\",\"@id\":\"https:\\\/\\\/patagoniambiental.com.ar\\\/info\\\/#\\\/schema\\\/person\\\/db12bff64bbcbf6a253710bf0ea37b5d\"},\"headline\":\"La Conferencia de la ONU sobre los Oc\u00e9anos se enfocar\u00e1 en Barcelona en la definici\u00f3n de soluciones\",\"datePublished\":\"2024-03-29T10:00:00+00:00\",\"dateModified\":\"2024-08-13T12:55:53+00:00\",\"mainEntityOfPage\":{\"@id\":\"https:\\\/\\\/patagoniambiental.com.ar\\\/info\\\/la-conferencia-de-la-onu-sobre-los-oceanos-se-enfocara-en-barcelona-en-la-definicion-de-soluciones\\\/\"},\"wordCount\":554,\"commentCount\":0,\"publisher\":{\"@id\":\"https:\\\/\\\/patagoniambiental.com.ar\\\/info\\\/#organization\"},\"image\":{\"@id\":\"https:\\\/\\\/patagoniambiental.com.ar\\\/info\\\/la-conferencia-de-la-onu-sobre-los-oceanos-se-enfocara-en-barcelona-en-la-definicion-de-soluciones\\\/#primaryimage\"},\"thumbnailUrl\":\"https:\\\/\\\/patagoniambiental.com.ar\\\/info\\\/wp-content\\\/uploads\\\/2024\\\/03\\\/Screenshot-2024-03-15-at-10-32-26-La-Conferencia-de-la-ONU-sobre-los-Oceanos-se-enfocara-en-Barcelona-en-la-definicion-de-soluciones.png\",\"articleSection\":[\"Agenda Ambiental\",\"Bolet\u00edn\",\"Internacionales\"],\"inLanguage\":\"es\",\"potentialAction\":[{\"@type\":\"CommentAction\",\"name\":\"Comment\",\"target\":[\"https:\\\/\\\/patagoniambiental.com.ar\\\/info\\\/la-conferencia-de-la-onu-sobre-los-oceanos-se-enfocara-en-barcelona-en-la-definicion-de-soluciones\\\/#respond\"]}]},{\"@type\":\"WebPage\",\"@id\":\"https:\\\/\\\/patagoniambiental.com.ar\\\/info\\\/la-conferencia-de-la-onu-sobre-los-oceanos-se-enfocara-en-barcelona-en-la-definicion-de-soluciones\\\/\",\"url\":\"https:\\\/\\\/patagoniambiental.com.ar\\\/info\\\/la-conferencia-de-la-onu-sobre-los-oceanos-se-enfocara-en-barcelona-en-la-definicion-de-soluciones\\\/\",\"name\":\"La Conferencia de la ONU sobre los Oc\u00e9anos se enfocar\u00e1 en Barcelona en la definici\u00f3n de soluciones\",\"isPartOf\":{\"@id\":\"https:\\\/\\\/patagoniambiental.com.ar\\\/info\\\/#website\"},\"primaryImageOfPage\":{\"@id\":\"https:\\\/\\\/patagoniambiental.com.ar\\\/info\\\/la-conferencia-de-la-onu-sobre-los-oceanos-se-enfocara-en-barcelona-en-la-definicion-de-soluciones\\\/#primaryimage\"},\"image\":{\"@id\":\"https:\\\/\\\/patagoniambiental.com.ar\\\/info\\\/la-conferencia-de-la-onu-sobre-los-oceanos-se-enfocara-en-barcelona-en-la-definicion-de-soluciones\\\/#primaryimage\"},\"thumbnailUrl\":\"https:\\\/\\\/patagoniambiental.com.ar\\\/info\\\/wp-content\\\/uploads\\\/2024\\\/03\\\/Screenshot-2024-03-15-at-10-32-26-La-Conferencia-de-la-ONU-sobre-los-Oceanos-se-enfocara-en-Barcelona-en-la-definicion-de-soluciones.png\",\"datePublished\":\"2024-03-29T10:00:00+00:00\",\"dateModified\":\"2024-08-13T12:55:53+00:00\",\"breadcrumb\":{\"@id\":\"https:\\\/\\\/patagoniambiental.com.ar\\\/info\\\/la-conferencia-de-la-onu-sobre-los-oceanos-se-enfocara-en-barcelona-en-la-definicion-de-soluciones\\\/#breadcrumb\"},\"inLanguage\":\"es\",\"potentialAction\":[{\"@type\":\"ReadAction\",\"target\":[\"https:\\\/\\\/patagoniambiental.com.ar\\\/info\\\/la-conferencia-de-la-onu-sobre-los-oceanos-se-enfocara-en-barcelona-en-la-definicion-de-soluciones\\\/\"]}]},{\"@type\":\"ImageObject\",\"inLanguage\":\"es\",\"@id\":\"https:\\\/\\\/patagoniambiental.com.ar\\\/info\\\/la-conferencia-de-la-onu-sobre-los-oceanos-se-enfocara-en-barcelona-en-la-definicion-de-soluciones\\\/#primaryimage\",\"url\":\"https:\\\/\\\/patagoniambiental.com.ar\\\/info\\\/wp-content\\\/uploads\\\/2024\\\/03\\\/Screenshot-2024-03-15-at-10-32-26-La-Conferencia-de-la-ONU-sobre-los-Oceanos-se-enfocara-en-Barcelona-en-la-definicion-de-soluciones.png\",\"contentUrl\":\"https:\\\/\\\/patagoniambiental.com.ar\\\/info\\\/wp-content\\\/uploads\\\/2024\\\/03\\\/Screenshot-2024-03-15-at-10-32-26-La-Conferencia-de-la-ONU-sobre-los-Oceanos-se-enfocara-en-Barcelona-en-la-definicion-de-soluciones.png\",\"width\":624,\"height\":344},{\"@type\":\"BreadcrumbList\",\"@id\":\"https:\\\/\\\/patagoniambiental.com.ar\\\/info\\\/la-conferencia-de-la-onu-sobre-los-oceanos-se-enfocara-en-barcelona-en-la-definicion-de-soluciones\\\/#breadcrumb\",\"itemListElement\":[{\"@type\":\"ListItem\",\"position\":1,\"name\":\"Inicio\",\"item\":\"https:\\\/\\\/patagoniambiental.com.ar\\\/info\\\/\"},{\"@type\":\"ListItem\",\"position\":2,\"name\":\"La Conferencia de la ONU sobre los Oc\u00e9anos se enfocar\u00e1 en Barcelona en la definici\u00f3n de soluciones\"}]},{\"@type\":\"WebSite\",\"@id\":\"https:\\\/\\\/patagoniambiental.com.ar\\\/info\\\/#website\",\"url\":\"https:\\\/\\\/patagoniambiental.com.ar\\\/info\\\/\",\"name\":\"Patagonia Ambiental\",\"description\":\"Monitoreo y an\u00e1lisis de la situaci\u00f3n geopol\u00edtica en el mundo y su implicancia en la Patagonia\",\"publisher\":{\"@id\":\"https:\\\/\\\/patagoniambiental.com.ar\\\/info\\\/#organization\"},\"potentialAction\":[{\"@type\":\"SearchAction\",\"target\":{\"@type\":\"EntryPoint\",\"urlTemplate\":\"https:\\\/\\\/patagoniambiental.com.ar\\\/info\\\/?s={search_term_string}\"},\"query-input\":{\"@type\":\"PropertyValueSpecification\",\"valueRequired\":true,\"valueName\":\"search_term_string\"}}],\"inLanguage\":\"es\"},{\"@type\":\"Organization\",\"@id\":\"https:\\\/\\\/patagoniambiental.com.ar\\\/info\\\/#organization\",\"name\":\"Patagonia Ambiental\",\"url\":\"https:\\\/\\\/patagoniambiental.com.ar\\\/info\\\/\",\"logo\":{\"@type\":\"ImageObject\",\"inLanguage\":\"es\",\"@id\":\"https:\\\/\\\/patagoniambiental.com.ar\\\/info\\\/#\\\/schema\\\/logo\\\/image\\\/\",\"url\":\"https:\\\/\\\/patagoniambiental.com.ar\\\/info\\\/wp-content\\\/uploads\\\/2025\\\/05\\\/LOGO-PATAGONIA-AMBIENTAL.png\",\"contentUrl\":\"https:\\\/\\\/patagoniambiental.com.ar\\\/info\\\/wp-content\\\/uploads\\\/2025\\\/05\\\/LOGO-PATAGONIA-AMBIENTAL.png\",\"width\":433,\"height\":250,\"caption\":\"Patagonia Ambiental\"},\"image\":{\"@id\":\"https:\\\/\\\/patagoniambiental.com.ar\\\/info\\\/#\\\/schema\\\/logo\\\/image\\\/\"},\"sameAs\":[\"https:\\\/\\\/www.facebook.com\\\/patagonia.ambiental\",\"https:\\\/\\\/x.com\\\/PatAmb\"]},{\"@type\":\"Person\",\"@id\":\"https:\\\/\\\/patagoniambiental.com.ar\\\/info\\\/#\\\/schema\\\/person\\\/db12bff64bbcbf6a253710bf0ea37b5d\",\"name\":\"Patagonia Ambiental\",\"description\":\"Andr\u00e9s Nievas T\u00e9cnico en manejo ambiental, consultor Ambiental y escritor para medios locales e internacionales sobre temas de geopolitica y medio ambiente.\",\"sameAs\":[\"http:\\\/\\\/www.patagoniambiental.com.ar\",\"https:\\\/\\\/www.facebook.com\\\/share\\\/1C1V8Gv9BX\\\/?mibextid=qi2Omg\",\"@patagoniambiental\",\"https:\\\/\\\/youtube.com\\\/@patagoniaambiental2023?si=BLt58t0wuXquxlYZ\"]}]}<\/script>\n<!-- \/ Yoast SEO Premium plugin. -->","yoast_head_json":{"title":"La Conferencia de la ONU sobre los Oc\u00e9anos se enfocar\u00e1 en Barcelona en la definici\u00f3n de soluciones","robots":{"index":"index","follow":"follow","max-snippet":"max-snippet:-1","max-image-preview":"max-image-preview:large","max-video-preview":"max-video-preview:-1"},"canonical":"https:\/\/patagoniambiental.com.ar\/info\/la-conferencia-de-la-onu-sobre-los-oceanos-se-enfocara-en-barcelona-en-la-definicion-de-soluciones\/","og_locale":"es_ES","og_type":"article","og_title":"La Conferencia de la ONU sobre los Oc\u00e9anos se enfocar\u00e1 en Barcelona en la definici\u00f3n de soluciones","og_url":"https:\/\/patagoniambiental.com.ar\/info\/la-conferencia-de-la-onu-sobre-los-oceanos-se-enfocara-en-barcelona-en-la-definicion-de-soluciones\/","og_site_name":"Patagonia Ambiental","article_publisher":"https:\/\/www.facebook.com\/patagonia.ambiental","article_author":"https:\/\/www.facebook.com\/share\/1C1V8Gv9BX\/?mibextid=qi2Omg","article_published_time":"2024-03-29T10:00:00+00:00","article_modified_time":"2024-08-13T12:55:53+00:00","og_image":[{"width":624,"height":344,"url":"https:\/\/patagoniambiental.com.ar\/info\/wp-content\/uploads\/2024\/03\/Screenshot-2024-03-15-at-10-32-26-La-Conferencia-de-la-ONU-sobre-los-Oceanos-se-enfocara-en-Barcelona-en-la-definicion-de-soluciones.png","type":"image\/png"}],"author":"Patagonia Ambiental","twitter_card":"summary_large_image","twitter_creator":"@PatAmb","twitter_site":"@PatAmb","schema":{"@context":"https:\/\/schema.org","@graph":[{"@type":"Article","@id":"https:\/\/patagoniambiental.com.ar\/info\/la-conferencia-de-la-onu-sobre-los-oceanos-se-enfocara-en-barcelona-en-la-definicion-de-soluciones\/#article","isPartOf":{"@id":"https:\/\/patagoniambiental.com.ar\/info\/la-conferencia-de-la-onu-sobre-los-oceanos-se-enfocara-en-barcelona-en-la-definicion-de-soluciones\/"},"author":{"name":"Patagonia Ambiental","@id":"https:\/\/patagoniambiental.com.ar\/info\/#\/schema\/person\/db12bff64bbcbf6a253710bf0ea37b5d"},"headline":"La Conferencia de la ONU sobre los Oc\u00e9anos se enfocar\u00e1 en Barcelona en la definici\u00f3n de soluciones","datePublished":"2024-03-29T10:00:00+00:00","dateModified":"2024-08-13T12:55:53+00:00","mainEntityOfPage":{"@id":"https:\/\/patagoniambiental.com.ar\/info\/la-conferencia-de-la-onu-sobre-los-oceanos-se-enfocara-en-barcelona-en-la-definicion-de-soluciones\/"},"wordCount":554,"commentCount":0,"publisher":{"@id":"https:\/\/patagoniambiental.com.ar\/info\/#organization"},"image":{"@id":"https:\/\/patagoniambiental.com.ar\/info\/la-conferencia-de-la-onu-sobre-los-oceanos-se-enfocara-en-barcelona-en-la-definicion-de-soluciones\/#primaryimage"},"thumbnailUrl":"https:\/\/patagoniambiental.com.ar\/info\/wp-content\/uploads\/2024\/03\/Screenshot-2024-03-15-at-10-32-26-La-Conferencia-de-la-ONU-sobre-los-Oceanos-se-enfocara-en-Barcelona-en-la-definicion-de-soluciones.png","articleSection":["Agenda Ambiental","Bolet\u00edn","Internacionales"],"inLanguage":"es","potentialAction":[{"@type":"CommentAction","name":"Comment","target":["https:\/\/patagoniambiental.com.ar\/info\/la-conferencia-de-la-onu-sobre-los-oceanos-se-enfocara-en-barcelona-en-la-definicion-de-soluciones\/#respond"]}]},{"@type":"WebPage","@id":"https:\/\/patagoniambiental.com.ar\/info\/la-conferencia-de-la-onu-sobre-los-oceanos-se-enfocara-en-barcelona-en-la-definicion-de-soluciones\/","url":"https:\/\/patagoniambiental.com.ar\/info\/la-conferencia-de-la-onu-sobre-los-oceanos-se-enfocara-en-barcelona-en-la-definicion-de-soluciones\/","name":"La Conferencia de la ONU sobre los Oc\u00e9anos se enfocar\u00e1 en Barcelona en la definici\u00f3n de soluciones","isPartOf":{"@id":"https:\/\/patagoniambiental.com.ar\/info\/#website"},"primaryImageOfPage":{"@id":"https:\/\/patagoniambiental.com.ar\/info\/la-conferencia-de-la-onu-sobre-los-oceanos-se-enfocara-en-barcelona-en-la-definicion-de-soluciones\/#primaryimage"},"image":{"@id":"https:\/\/patagoniambiental.com.ar\/info\/la-conferencia-de-la-onu-sobre-los-oceanos-se-enfocara-en-barcelona-en-la-definicion-de-soluciones\/#primaryimage"},"thumbnailUrl":"https:\/\/patagoniambiental.com.ar\/info\/wp-content\/uploads\/2024\/03\/Screenshot-2024-03-15-at-10-32-26-La-Conferencia-de-la-ONU-sobre-los-Oceanos-se-enfocara-en-Barcelona-en-la-definicion-de-soluciones.png","datePublished":"2024-03-29T10:00:00+00:00","dateModified":"2024-08-13T12:55:53+00:00","breadcrumb":{"@id":"https:\/\/patagoniambiental.com.ar\/info\/la-conferencia-de-la-onu-sobre-los-oceanos-se-enfocara-en-barcelona-en-la-definicion-de-soluciones\/#breadcrumb"},"inLanguage":"es","potentialAction":[{"@type":"ReadAction","target":["https:\/\/patagoniambiental.com.ar\/info\/la-conferencia-de-la-onu-sobre-los-oceanos-se-enfocara-en-barcelona-en-la-definicion-de-soluciones\/"]}]},{"@type":"ImageObject","inLanguage":"es","@id":"https:\/\/patagoniambiental.com.ar\/info\/la-conferencia-de-la-onu-sobre-los-oceanos-se-enfocara-en-barcelona-en-la-definicion-de-soluciones\/#primaryimage","url":"https:\/\/patagoniambiental.com.ar\/info\/wp-content\/uploads\/2024\/03\/Screenshot-2024-03-15-at-10-32-26-La-Conferencia-de-la-ONU-sobre-los-Oceanos-se-enfocara-en-Barcelona-en-la-definicion-de-soluciones.png","contentUrl":"https:\/\/patagoniambiental.com.ar\/info\/wp-content\/uploads\/2024\/03\/Screenshot-2024-03-15-at-10-32-26-La-Conferencia-de-la-ONU-sobre-los-Oceanos-se-enfocara-en-Barcelona-en-la-definicion-de-soluciones.png","width":624,"height":344},{"@type":"BreadcrumbList","@id":"https:\/\/patagoniambiental.com.ar\/info\/la-conferencia-de-la-onu-sobre-los-oceanos-se-enfocara-en-barcelona-en-la-definicion-de-soluciones\/#breadcrumb","itemListElement":[{"@type":"ListItem","position":1,"name":"Inicio","item":"https:\/\/patagoniambiental.com.ar\/info\/"},{"@type":"ListItem","position":2,"name":"La Conferencia de la ONU sobre los Oc\u00e9anos se enfocar\u00e1 en Barcelona en la definici\u00f3n de soluciones"}]},{"@type":"WebSite","@id":"https:\/\/patagoniambiental.com.ar\/info\/#website","url":"https:\/\/patagoniambiental.com.ar\/info\/","name":"Patagonia Ambiental","description":"Monitoreo y an\u00e1lisis de la situaci\u00f3n geopol\u00edtica en el mundo y su implicancia en la Patagonia","publisher":{"@id":"https:\/\/patagoniambiental.com.ar\/info\/#organization"},"potentialAction":[{"@type":"SearchAction","target":{"@type":"EntryPoint","urlTemplate":"https:\/\/patagoniambiental.com.ar\/info\/?s={search_term_string}"},"query-input":{"@type":"PropertyValueSpecification","valueRequired":true,"valueName":"search_term_string"}}],"inLanguage":"es"},{"@type":"Organization","@id":"https:\/\/patagoniambiental.com.ar\/info\/#organization","name":"Patagonia Ambiental","url":"https:\/\/patagoniambiental.com.ar\/info\/","logo":{"@type":"ImageObject","inLanguage":"es","@id":"https:\/\/patagoniambiental.com.ar\/info\/#\/schema\/logo\/image\/","url":"https:\/\/patagoniambiental.com.ar\/info\/wp-content\/uploads\/2025\/05\/LOGO-PATAGONIA-AMBIENTAL.png","contentUrl":"https:\/\/patagoniambiental.com.ar\/info\/wp-content\/uploads\/2025\/05\/LOGO-PATAGONIA-AMBIENTAL.png","width":433,"height":250,"caption":"Patagonia Ambiental"},"image":{"@id":"https:\/\/patagoniambiental.com.ar\/info\/#\/schema\/logo\/image\/"},"sameAs":["https:\/\/www.facebook.com\/patagonia.ambiental","https:\/\/x.com\/PatAmb"]},{"@type":"Person","@id":"https:\/\/patagoniambiental.com.ar\/info\/#\/schema\/person\/db12bff64bbcbf6a253710bf0ea37b5d","name":"Patagonia Ambiental","description":"Andr\u00e9s Nievas T\u00e9cnico en manejo ambiental, consultor Ambiental y escritor para medios locales e internacionales sobre temas de geopolitica y medio ambiente.","sameAs":["http:\/\/www.patagoniambiental.com.ar","https:\/\/www.facebook.com\/share\/1C1V8Gv9BX\/?mibextid=qi2Omg","@patagoniambiental","https:\/\/youtube.com\/@patagoniaambiental2023?si=BLt58t0wuXquxlYZ"]}]}},"_links":{"self":[{"href":"https:\/\/patagoniambiental.com.ar\/info\/wp-json\/wp\/v2\/posts\/80918","targetHints":{"allow":["GET"]}}],"collection":[{"href":"https:\/\/patagoniambiental.com.ar\/info\/wp-json\/wp\/v2\/posts"}],"about":[{"href":"https:\/\/patagoniambiental.com.ar\/info\/wp-json\/wp\/v2\/types\/post"}],"author":[{"embeddable":true,"href":"https:\/\/patagoniambiental.com.ar\/info\/wp-json\/wp\/v2\/users\/2"}],"replies":[{"embeddable":true,"href":"https:\/\/patagoniambiental.com.ar\/info\/wp-json\/wp\/v2\/comments?post=80918"}],"version-history":[{"count":0,"href":"https:\/\/patagoniambiental.com.ar\/info\/wp-json\/wp\/v2\/posts\/80918\/revisions"}],"wp:featuredmedia":[{"embeddable":true,"href":"https:\/\/patagoniambiental.com.ar\/info\/wp-json\/wp\/v2\/media\/80919"}],"wp:attachment":[{"href":"https:\/\/patagoniambiental.com.ar\/info\/wp-json\/wp\/v2\/media?parent=80918"}],"wp:term":[{"taxonomy":"category","embeddable":true,"href":"https:\/\/patagoniambiental.com.ar\/info\/wp-json\/wp\/v2\/categories?post=80918"},{"taxonomy":"post_tag","embeddable":true,"href":"https:\/\/patagoniambiental.com.ar\/info\/wp-json\/wp\/v2\/tags?post=80918"}],"curies":[{"name":"wp","href":"https:\/\/api.w.org\/{rel}","templated":true}]}}