{"id":80978,"date":"2024-03-18T19:00:00","date_gmt":"2024-03-18T22:00:00","guid":{"rendered":"https:\/\/patagoniambiental.com.ar\/info\/?p=80978"},"modified":"2024-08-13T11:04:45","modified_gmt":"2024-08-13T14:04:45","slug":"puentes-de-agua-reunira-en-jachal-a-asambleas-del-pais-por-el-agua-y-el-ambiente","status":"publish","type":"post","link":"https:\/\/patagoniambiental.com.ar\/info\/puentes-de-agua-reunira-en-jachal-a-asambleas-del-pais-por-el-agua-y-el-ambiente\/","title":{"rendered":"\u201cPuentes de Agua\u201d reunir\u00e1 en J\u00e1chal a asambleas del pa\u00eds"},"content":{"rendered":"\n<!--more-->\n\n\n\n<p>Ya confirmaron&nbsp;m\u00e1s de 150 representantes de asambleas socioambientales de todo el pa\u00eds. Habr\u00e1 radios abiertas, talleres, proyecciones de documentales, ferias de artesanos y agro productivas, m\u00fasica y mucha consciencia ambiental.<\/p>\n\n\n\n<p>Por Alejandro Pellegrinuzzi.-El tercer Festival Nacional de los pueblos, en el que m\u00e1s de 150 representantes de asambleas socioambientales de todo el pa\u00eds\u00a0dir\u00e1n\u00a0\u201cNo al Extractivismo\u201d, se realizar\u00e1 el pr\u00f3ximo fin de semana (22, 23 y 24 de marzo) en el departamento de J\u00e1chal \u2013 San Juan, en defensa del agua y el ambiente de\u00a0Argentina.<\/p>\n\n\n\n<blockquote class=\"wp-block-quote is-layout-flow wp-block-quote-is-layout-flow\">\n<p>Seg\u00fan los organizadores, ya han confirmado su presencia asamble\u00edstas de&nbsp;La Rioja, Chubut, Catamarca, Buenos Aires, Tierra del Fuego, San Luis, C\u00f3rdoba, Santa Fe, Jujuy, Neuqu\u00e9n, Mendoza, entre otras, dir\u00e1n presentes en el norte sanjuanino.<\/p>\n<\/blockquote>\n\n\n\n<p>\u201cEstamos muy contentos, porque, pese a la dura realidad econ\u00f3mica que atravesamos los argentinos, llegar\u00e1n a J\u00e1chal representantes de las asambleas de Famatina, Esquel, Andalgal\u00e1, Exaltaci\u00f3n de la Cruz y hasta de Ushuaia\u201d, cont\u00f3 a <strong>DIARIO HUARPE<\/strong>, Guillermo Folguera, bi\u00f3logo y fil\u00f3sofo, docente, investigador del Conicet de la Universidad de Buenos Aires y activista socioambiental. \u201cLa idea, el objetivo, es compartir experiencias, organizarnos y pensar, colectivamente, c\u00f3mo seguimos en cada lugar,&nbsp;resistiendo el avance contra nuestros ecosistemas naturales.&nbsp;Con una \u00fanica bandera: No al extractivismo\u201d, agreg\u00f3<\/p>\n\n\n\n<p>Fuente: www.diariohuarpe.com<\/p>\n","protected":false},"excerpt":{"rendered":"","protected":false},"author":2,"featured_media":80979,"comment_status":"open","ping_status":"open","sticky":false,"template":"","format":"standard","meta":{"site-sidebar-layout":"default","site-content-layout":"","ast-site-content-layout":"default","site-content-style":"default","site-sidebar-style":"default","ast-global-header-display":"","ast-banner-title-visibility":"","ast-main-header-display":"","ast-hfb-above-header-display":"","ast-hfb-below-header-display":"","ast-hfb-mobile-header-display":"","site-post-title":"","ast-breadcrumbs-content":"","ast-featured-img":"","footer-sml-layout":"","ast-disable-related-posts":"","theme-transparent-header-meta":"","adv-header-id-meta":"","stick-header-meta":"","header-above-stick-meta":"","header-main-stick-meta":"","header-below-stick-meta":"","astra-migrate-meta-layouts":"default","ast-page-background-enabled":"default","ast-page-background-meta":{"desktop":{"background-color":"var(--ast-global-color-5)","background-image":"","background-repeat":"repeat","background-position":"center center","background-size":"auto","background-attachment":"scroll","background-type":"","background-media":"","overlay-type":"","overlay-color":"","overlay-opacity":"","overlay-gradient":""},"tablet":{"background-color":"","background-image":"","background-repeat":"repeat","background-position":"center center","background-size":"auto","background-attachment":"scroll","background-type":"","background-media":"","overlay-type":"","overlay-color":"","overlay-opacity":"","overlay-gradient":""},"mobile":{"background-color":"","background-image":"","background-repeat":"repeat","background-position":"center center","background-size":"auto","background-attachment":"scroll","background-type":"","background-media":"","overlay-type":"","overlay-color":"","overlay-opacity":"","overlay-gradient":""}},"ast-content-background-meta":{"desktop":{"background-color":"var(--ast-global-color-4)","background-image":"","background-repeat":"repeat","background-position":"center center","background-size":"auto","background-attachment":"scroll","background-type":"","background-media":"","overlay-type":"","overlay-color":"","overlay-opacity":"","overlay-gradient":""},"tablet":{"background-color":"var(--ast-global-color-4)","background-image":"","background-repeat":"repeat","background-position":"center center","background-size":"auto","background-attachment":"scroll","background-type":"","background-media":"","overlay-type":"","overlay-color":"","overlay-opacity":"","overlay-gradient":""},"mobile":{"background-color":"var(--ast-global-color-4)","background-image":"","background-repeat":"repeat","background-position":"center center","background-size":"auto","background-attachment":"scroll","background-type":"","background-media":"","overlay-type":"","overlay-color":"","overlay-opacity":"","overlay-gradient":""}},"footnotes":""},"categories":[12,11,13],"tags":[],"class_list":["post-80978","post","type-post","status-publish","format-standard","has-post-thumbnail","hentry","category-agenda-ambiental","category-boletin","category-provinciales"],"yoast_head":"<!-- This site is optimized with the Yoast SEO Premium plugin v23.0 (Yoast SEO v27.5) - https:\/\/yoast.com\/product\/yoast-seo-premium-wordpress\/ -->\n<title>\u201cPuentes de Agua\u201d reunir\u00e1 en J\u00e1chal a asambleas del pa\u00eds<\/title>\n<meta name=\"robots\" content=\"index, follow, max-snippet:-1, max-image-preview:large, max-video-preview:-1\" \/>\n<link rel=\"canonical\" href=\"https:\/\/patagoniambiental.com.ar\/info\/puentes-de-agua-reunira-en-jachal-a-asambleas-del-pais-por-el-agua-y-el-ambiente\/\" \/>\n<meta property=\"og:locale\" content=\"es_ES\" \/>\n<meta property=\"og:type\" content=\"article\" \/>\n<meta property=\"og:title\" content=\"\u201cPuentes de Agua\u201d reunir\u00e1 en J\u00e1chal a asambleas del pa\u00eds\" \/>\n<meta property=\"og:url\" content=\"https:\/\/patagoniambiental.com.ar\/info\/puentes-de-agua-reunira-en-jachal-a-asambleas-del-pais-por-el-agua-y-el-ambiente\/\" \/>\n<meta property=\"og:site_name\" content=\"Patagonia Ambiental\" \/>\n<meta property=\"article:publisher\" content=\"https:\/\/www.facebook.com\/patagonia.ambiental\" \/>\n<meta property=\"article:author\" content=\"https:\/\/www.facebook.com\/share\/1C1V8Gv9BX\/?mibextid=qi2Omg\" \/>\n<meta property=\"article:published_time\" content=\"2024-03-18T22:00:00+00:00\" \/>\n<meta property=\"article:modified_time\" content=\"2024-08-13T14:04:45+00:00\" \/>\n<meta property=\"og:image\" content=\"https:\/\/patagoniambiental.com.ar\/info\/wp-content\/uploads\/2024\/03\/Screenshot-2024-03-18-at-13-26-51-No-al-Extractivismo-ambientalistas-de-todo-el-pais-se-reunen-en-Jachal.png\" \/>\n\t<meta property=\"og:image:width\" content=\"716\" \/>\n\t<meta property=\"og:image:height\" content=\"394\" \/>\n\t<meta property=\"og:image:type\" content=\"image\/png\" \/>\n<meta name=\"author\" content=\"Patagonia Ambiental\" \/>\n<meta name=\"twitter:card\" content=\"summary_large_image\" \/>\n<meta name=\"twitter:creator\" content=\"@PatAmb\" \/>\n<meta name=\"twitter:site\" content=\"@PatAmb\" \/>\n<script type=\"application\/ld+json\" class=\"yoast-schema-graph\">{\"@context\":\"https:\\\/\\\/schema.org\",\"@graph\":[{\"@type\":\"Article\",\"@id\":\"https:\\\/\\\/patagoniambiental.com.ar\\\/info\\\/puentes-de-agua-reunira-en-jachal-a-asambleas-del-pais-por-el-agua-y-el-ambiente\\\/#article\",\"isPartOf\":{\"@id\":\"https:\\\/\\\/patagoniambiental.com.ar\\\/info\\\/puentes-de-agua-reunira-en-jachal-a-asambleas-del-pais-por-el-agua-y-el-ambiente\\\/\"},\"author\":{\"name\":\"Patagonia Ambiental\",\"@id\":\"https:\\\/\\\/patagoniambiental.com.ar\\\/info\\\/#\\\/schema\\\/person\\\/db12bff64bbcbf6a253710bf0ea37b5d\"},\"headline\":\"\u201cPuentes de Agua\u201d reunir\u00e1 en J\u00e1chal a asambleas del pa\u00eds\",\"datePublished\":\"2024-03-18T22:00:00+00:00\",\"dateModified\":\"2024-08-13T14:04:45+00:00\",\"mainEntityOfPage\":{\"@id\":\"https:\\\/\\\/patagoniambiental.com.ar\\\/info\\\/puentes-de-agua-reunira-en-jachal-a-asambleas-del-pais-por-el-agua-y-el-ambiente\\\/\"},\"wordCount\":244,\"commentCount\":0,\"publisher\":{\"@id\":\"https:\\\/\\\/patagoniambiental.com.ar\\\/info\\\/#organization\"},\"image\":{\"@id\":\"https:\\\/\\\/patagoniambiental.com.ar\\\/info\\\/puentes-de-agua-reunira-en-jachal-a-asambleas-del-pais-por-el-agua-y-el-ambiente\\\/#primaryimage\"},\"thumbnailUrl\":\"https:\\\/\\\/patagoniambiental.com.ar\\\/info\\\/wp-content\\\/uploads\\\/2024\\\/03\\\/Screenshot-2024-03-18-at-13-26-51-No-al-Extractivismo-ambientalistas-de-todo-el-pais-se-reunen-en-Jachal.png\",\"articleSection\":[\"Agenda Ambiental\",\"Bolet\u00edn\",\"Provinciales\"],\"inLanguage\":\"es\",\"potentialAction\":[{\"@type\":\"CommentAction\",\"name\":\"Comment\",\"target\":[\"https:\\\/\\\/patagoniambiental.com.ar\\\/info\\\/puentes-de-agua-reunira-en-jachal-a-asambleas-del-pais-por-el-agua-y-el-ambiente\\\/#respond\"]}]},{\"@type\":\"WebPage\",\"@id\":\"https:\\\/\\\/patagoniambiental.com.ar\\\/info\\\/puentes-de-agua-reunira-en-jachal-a-asambleas-del-pais-por-el-agua-y-el-ambiente\\\/\",\"url\":\"https:\\\/\\\/patagoniambiental.com.ar\\\/info\\\/puentes-de-agua-reunira-en-jachal-a-asambleas-del-pais-por-el-agua-y-el-ambiente\\\/\",\"name\":\"\u201cPuentes de Agua\u201d reunir\u00e1 en J\u00e1chal a asambleas del pa\u00eds\",\"isPartOf\":{\"@id\":\"https:\\\/\\\/patagoniambiental.com.ar\\\/info\\\/#website\"},\"primaryImageOfPage\":{\"@id\":\"https:\\\/\\\/patagoniambiental.com.ar\\\/info\\\/puentes-de-agua-reunira-en-jachal-a-asambleas-del-pais-por-el-agua-y-el-ambiente\\\/#primaryimage\"},\"image\":{\"@id\":\"https:\\\/\\\/patagoniambiental.com.ar\\\/info\\\/puentes-de-agua-reunira-en-jachal-a-asambleas-del-pais-por-el-agua-y-el-ambiente\\\/#primaryimage\"},\"thumbnailUrl\":\"https:\\\/\\\/patagoniambiental.com.ar\\\/info\\\/wp-content\\\/uploads\\\/2024\\\/03\\\/Screenshot-2024-03-18-at-13-26-51-No-al-Extractivismo-ambientalistas-de-todo-el-pais-se-reunen-en-Jachal.png\",\"datePublished\":\"2024-03-18T22:00:00+00:00\",\"dateModified\":\"2024-08-13T14:04:45+00:00\",\"breadcrumb\":{\"@id\":\"https:\\\/\\\/patagoniambiental.com.ar\\\/info\\\/puentes-de-agua-reunira-en-jachal-a-asambleas-del-pais-por-el-agua-y-el-ambiente\\\/#breadcrumb\"},\"inLanguage\":\"es\",\"potentialAction\":[{\"@type\":\"ReadAction\",\"target\":[\"https:\\\/\\\/patagoniambiental.com.ar\\\/info\\\/puentes-de-agua-reunira-en-jachal-a-asambleas-del-pais-por-el-agua-y-el-ambiente\\\/\"]}]},{\"@type\":\"ImageObject\",\"inLanguage\":\"es\",\"@id\":\"https:\\\/\\\/patagoniambiental.com.ar\\\/info\\\/puentes-de-agua-reunira-en-jachal-a-asambleas-del-pais-por-el-agua-y-el-ambiente\\\/#primaryimage\",\"url\":\"https:\\\/\\\/patagoniambiental.com.ar\\\/info\\\/wp-content\\\/uploads\\\/2024\\\/03\\\/Screenshot-2024-03-18-at-13-26-51-No-al-Extractivismo-ambientalistas-de-todo-el-pais-se-reunen-en-Jachal.png\",\"contentUrl\":\"https:\\\/\\\/patagoniambiental.com.ar\\\/info\\\/wp-content\\\/uploads\\\/2024\\\/03\\\/Screenshot-2024-03-18-at-13-26-51-No-al-Extractivismo-ambientalistas-de-todo-el-pais-se-reunen-en-Jachal.png\",\"width\":716,\"height\":394,\"caption\":\"No al Extractivismo ambientalistas\"},{\"@type\":\"BreadcrumbList\",\"@id\":\"https:\\\/\\\/patagoniambiental.com.ar\\\/info\\\/puentes-de-agua-reunira-en-jachal-a-asambleas-del-pais-por-el-agua-y-el-ambiente\\\/#breadcrumb\",\"itemListElement\":[{\"@type\":\"ListItem\",\"position\":1,\"name\":\"Inicio\",\"item\":\"https:\\\/\\\/patagoniambiental.com.ar\\\/info\\\/\"},{\"@type\":\"ListItem\",\"position\":2,\"name\":\"\u201cPuentes de Agua\u201d reunir\u00e1 en J\u00e1chal a asambleas del pa\u00eds\"}]},{\"@type\":\"WebSite\",\"@id\":\"https:\\\/\\\/patagoniambiental.com.ar\\\/info\\\/#website\",\"url\":\"https:\\\/\\\/patagoniambiental.com.ar\\\/info\\\/\",\"name\":\"Patagonia Ambiental\",\"description\":\"Monitoreo y an\u00e1lisis de la situaci\u00f3n geopol\u00edtica en el mundo y su implicancia en la Patagonia\",\"publisher\":{\"@id\":\"https:\\\/\\\/patagoniambiental.com.ar\\\/info\\\/#organization\"},\"potentialAction\":[{\"@type\":\"SearchAction\",\"target\":{\"@type\":\"EntryPoint\",\"urlTemplate\":\"https:\\\/\\\/patagoniambiental.com.ar\\\/info\\\/?s={search_term_string}\"},\"query-input\":{\"@type\":\"PropertyValueSpecification\",\"valueRequired\":true,\"valueName\":\"search_term_string\"}}],\"inLanguage\":\"es\"},{\"@type\":\"Organization\",\"@id\":\"https:\\\/\\\/patagoniambiental.com.ar\\\/info\\\/#organization\",\"name\":\"Patagonia Ambiental\",\"url\":\"https:\\\/\\\/patagoniambiental.com.ar\\\/info\\\/\",\"logo\":{\"@type\":\"ImageObject\",\"inLanguage\":\"es\",\"@id\":\"https:\\\/\\\/patagoniambiental.com.ar\\\/info\\\/#\\\/schema\\\/logo\\\/image\\\/\",\"url\":\"https:\\\/\\\/patagoniambiental.com.ar\\\/info\\\/wp-content\\\/uploads\\\/2025\\\/05\\\/LOGO-PATAGONIA-AMBIENTAL.png\",\"contentUrl\":\"https:\\\/\\\/patagoniambiental.com.ar\\\/info\\\/wp-content\\\/uploads\\\/2025\\\/05\\\/LOGO-PATAGONIA-AMBIENTAL.png\",\"width\":433,\"height\":250,\"caption\":\"Patagonia Ambiental\"},\"image\":{\"@id\":\"https:\\\/\\\/patagoniambiental.com.ar\\\/info\\\/#\\\/schema\\\/logo\\\/image\\\/\"},\"sameAs\":[\"https:\\\/\\\/www.facebook.com\\\/patagonia.ambiental\",\"https:\\\/\\\/x.com\\\/PatAmb\"]},{\"@type\":\"Person\",\"@id\":\"https:\\\/\\\/patagoniambiental.com.ar\\\/info\\\/#\\\/schema\\\/person\\\/db12bff64bbcbf6a253710bf0ea37b5d\",\"name\":\"Patagonia Ambiental\",\"description\":\"Andr\u00e9s Nievas T\u00e9cnico en manejo ambiental, consultor Ambiental y escritor para medios locales e internacionales sobre temas de geopolitica y medio ambiente.\",\"sameAs\":[\"http:\\\/\\\/www.patagoniambiental.com.ar\",\"https:\\\/\\\/www.facebook.com\\\/share\\\/1C1V8Gv9BX\\\/?mibextid=qi2Omg\",\"@patagoniambiental\",\"https:\\\/\\\/youtube.com\\\/@patagoniaambiental2023?si=BLt58t0wuXquxlYZ\"]}]}<\/script>\n<!-- \/ Yoast SEO Premium plugin. -->","yoast_head_json":{"title":"\u201cPuentes de Agua\u201d reunir\u00e1 en J\u00e1chal a asambleas del pa\u00eds","robots":{"index":"index","follow":"follow","max-snippet":"max-snippet:-1","max-image-preview":"max-image-preview:large","max-video-preview":"max-video-preview:-1"},"canonical":"https:\/\/patagoniambiental.com.ar\/info\/puentes-de-agua-reunira-en-jachal-a-asambleas-del-pais-por-el-agua-y-el-ambiente\/","og_locale":"es_ES","og_type":"article","og_title":"\u201cPuentes de Agua\u201d reunir\u00e1 en J\u00e1chal a asambleas del pa\u00eds","og_url":"https:\/\/patagoniambiental.com.ar\/info\/puentes-de-agua-reunira-en-jachal-a-asambleas-del-pais-por-el-agua-y-el-ambiente\/","og_site_name":"Patagonia Ambiental","article_publisher":"https:\/\/www.facebook.com\/patagonia.ambiental","article_author":"https:\/\/www.facebook.com\/share\/1C1V8Gv9BX\/?mibextid=qi2Omg","article_published_time":"2024-03-18T22:00:00+00:00","article_modified_time":"2024-08-13T14:04:45+00:00","og_image":[{"width":716,"height":394,"url":"https:\/\/patagoniambiental.com.ar\/info\/wp-content\/uploads\/2024\/03\/Screenshot-2024-03-18-at-13-26-51-No-al-Extractivismo-ambientalistas-de-todo-el-pais-se-reunen-en-Jachal.png","type":"image\/png"}],"author":"Patagonia Ambiental","twitter_card":"summary_large_image","twitter_creator":"@PatAmb","twitter_site":"@PatAmb","schema":{"@context":"https:\/\/schema.org","@graph":[{"@type":"Article","@id":"https:\/\/patagoniambiental.com.ar\/info\/puentes-de-agua-reunira-en-jachal-a-asambleas-del-pais-por-el-agua-y-el-ambiente\/#article","isPartOf":{"@id":"https:\/\/patagoniambiental.com.ar\/info\/puentes-de-agua-reunira-en-jachal-a-asambleas-del-pais-por-el-agua-y-el-ambiente\/"},"author":{"name":"Patagonia Ambiental","@id":"https:\/\/patagoniambiental.com.ar\/info\/#\/schema\/person\/db12bff64bbcbf6a253710bf0ea37b5d"},"headline":"\u201cPuentes de Agua\u201d reunir\u00e1 en J\u00e1chal a asambleas del pa\u00eds","datePublished":"2024-03-18T22:00:00+00:00","dateModified":"2024-08-13T14:04:45+00:00","mainEntityOfPage":{"@id":"https:\/\/patagoniambiental.com.ar\/info\/puentes-de-agua-reunira-en-jachal-a-asambleas-del-pais-por-el-agua-y-el-ambiente\/"},"wordCount":244,"commentCount":0,"publisher":{"@id":"https:\/\/patagoniambiental.com.ar\/info\/#organization"},"image":{"@id":"https:\/\/patagoniambiental.com.ar\/info\/puentes-de-agua-reunira-en-jachal-a-asambleas-del-pais-por-el-agua-y-el-ambiente\/#primaryimage"},"thumbnailUrl":"https:\/\/patagoniambiental.com.ar\/info\/wp-content\/uploads\/2024\/03\/Screenshot-2024-03-18-at-13-26-51-No-al-Extractivismo-ambientalistas-de-todo-el-pais-se-reunen-en-Jachal.png","articleSection":["Agenda Ambiental","Bolet\u00edn","Provinciales"],"inLanguage":"es","potentialAction":[{"@type":"CommentAction","name":"Comment","target":["https:\/\/patagoniambiental.com.ar\/info\/puentes-de-agua-reunira-en-jachal-a-asambleas-del-pais-por-el-agua-y-el-ambiente\/#respond"]}]},{"@type":"WebPage","@id":"https:\/\/patagoniambiental.com.ar\/info\/puentes-de-agua-reunira-en-jachal-a-asambleas-del-pais-por-el-agua-y-el-ambiente\/","url":"https:\/\/patagoniambiental.com.ar\/info\/puentes-de-agua-reunira-en-jachal-a-asambleas-del-pais-por-el-agua-y-el-ambiente\/","name":"\u201cPuentes de Agua\u201d reunir\u00e1 en J\u00e1chal a asambleas del pa\u00eds","isPartOf":{"@id":"https:\/\/patagoniambiental.com.ar\/info\/#website"},"primaryImageOfPage":{"@id":"https:\/\/patagoniambiental.com.ar\/info\/puentes-de-agua-reunira-en-jachal-a-asambleas-del-pais-por-el-agua-y-el-ambiente\/#primaryimage"},"image":{"@id":"https:\/\/patagoniambiental.com.ar\/info\/puentes-de-agua-reunira-en-jachal-a-asambleas-del-pais-por-el-agua-y-el-ambiente\/#primaryimage"},"thumbnailUrl":"https:\/\/patagoniambiental.com.ar\/info\/wp-content\/uploads\/2024\/03\/Screenshot-2024-03-18-at-13-26-51-No-al-Extractivismo-ambientalistas-de-todo-el-pais-se-reunen-en-Jachal.png","datePublished":"2024-03-18T22:00:00+00:00","dateModified":"2024-08-13T14:04:45+00:00","breadcrumb":{"@id":"https:\/\/patagoniambiental.com.ar\/info\/puentes-de-agua-reunira-en-jachal-a-asambleas-del-pais-por-el-agua-y-el-ambiente\/#breadcrumb"},"inLanguage":"es","potentialAction":[{"@type":"ReadAction","target":["https:\/\/patagoniambiental.com.ar\/info\/puentes-de-agua-reunira-en-jachal-a-asambleas-del-pais-por-el-agua-y-el-ambiente\/"]}]},{"@type":"ImageObject","inLanguage":"es","@id":"https:\/\/patagoniambiental.com.ar\/info\/puentes-de-agua-reunira-en-jachal-a-asambleas-del-pais-por-el-agua-y-el-ambiente\/#primaryimage","url":"https:\/\/patagoniambiental.com.ar\/info\/wp-content\/uploads\/2024\/03\/Screenshot-2024-03-18-at-13-26-51-No-al-Extractivismo-ambientalistas-de-todo-el-pais-se-reunen-en-Jachal.png","contentUrl":"https:\/\/patagoniambiental.com.ar\/info\/wp-content\/uploads\/2024\/03\/Screenshot-2024-03-18-at-13-26-51-No-al-Extractivismo-ambientalistas-de-todo-el-pais-se-reunen-en-Jachal.png","width":716,"height":394,"caption":"No al Extractivismo ambientalistas"},{"@type":"BreadcrumbList","@id":"https:\/\/patagoniambiental.com.ar\/info\/puentes-de-agua-reunira-en-jachal-a-asambleas-del-pais-por-el-agua-y-el-ambiente\/#breadcrumb","itemListElement":[{"@type":"ListItem","position":1,"name":"Inicio","item":"https:\/\/patagoniambiental.com.ar\/info\/"},{"@type":"ListItem","position":2,"name":"\u201cPuentes de Agua\u201d reunir\u00e1 en J\u00e1chal a asambleas del pa\u00eds"}]},{"@type":"WebSite","@id":"https:\/\/patagoniambiental.com.ar\/info\/#website","url":"https:\/\/patagoniambiental.com.ar\/info\/","name":"Patagonia Ambiental","description":"Monitoreo y an\u00e1lisis de la situaci\u00f3n geopol\u00edtica en el mundo y su implicancia en la Patagonia","publisher":{"@id":"https:\/\/patagoniambiental.com.ar\/info\/#organization"},"potentialAction":[{"@type":"SearchAction","target":{"@type":"EntryPoint","urlTemplate":"https:\/\/patagoniambiental.com.ar\/info\/?s={search_term_string}"},"query-input":{"@type":"PropertyValueSpecification","valueRequired":true,"valueName":"search_term_string"}}],"inLanguage":"es"},{"@type":"Organization","@id":"https:\/\/patagoniambiental.com.ar\/info\/#organization","name":"Patagonia Ambiental","url":"https:\/\/patagoniambiental.com.ar\/info\/","logo":{"@type":"ImageObject","inLanguage":"es","@id":"https:\/\/patagoniambiental.com.ar\/info\/#\/schema\/logo\/image\/","url":"https:\/\/patagoniambiental.com.ar\/info\/wp-content\/uploads\/2025\/05\/LOGO-PATAGONIA-AMBIENTAL.png","contentUrl":"https:\/\/patagoniambiental.com.ar\/info\/wp-content\/uploads\/2025\/05\/LOGO-PATAGONIA-AMBIENTAL.png","width":433,"height":250,"caption":"Patagonia Ambiental"},"image":{"@id":"https:\/\/patagoniambiental.com.ar\/info\/#\/schema\/logo\/image\/"},"sameAs":["https:\/\/www.facebook.com\/patagonia.ambiental","https:\/\/x.com\/PatAmb"]},{"@type":"Person","@id":"https:\/\/patagoniambiental.com.ar\/info\/#\/schema\/person\/db12bff64bbcbf6a253710bf0ea37b5d","name":"Patagonia Ambiental","description":"Andr\u00e9s Nievas T\u00e9cnico en manejo ambiental, consultor Ambiental y escritor para medios locales e internacionales sobre temas de geopolitica y medio ambiente.","sameAs":["http:\/\/www.patagoniambiental.com.ar","https:\/\/www.facebook.com\/share\/1C1V8Gv9BX\/?mibextid=qi2Omg","@patagoniambiental","https:\/\/youtube.com\/@patagoniaambiental2023?si=BLt58t0wuXquxlYZ"]}]}},"_links":{"self":[{"href":"https:\/\/patagoniambiental.com.ar\/info\/wp-json\/wp\/v2\/posts\/80978","targetHints":{"allow":["GET"]}}],"collection":[{"href":"https:\/\/patagoniambiental.com.ar\/info\/wp-json\/wp\/v2\/posts"}],"about":[{"href":"https:\/\/patagoniambiental.com.ar\/info\/wp-json\/wp\/v2\/types\/post"}],"author":[{"embeddable":true,"href":"https:\/\/patagoniambiental.com.ar\/info\/wp-json\/wp\/v2\/users\/2"}],"replies":[{"embeddable":true,"href":"https:\/\/patagoniambiental.com.ar\/info\/wp-json\/wp\/v2\/comments?post=80978"}],"version-history":[{"count":0,"href":"https:\/\/patagoniambiental.com.ar\/info\/wp-json\/wp\/v2\/posts\/80978\/revisions"}],"wp:featuredmedia":[{"embeddable":true,"href":"https:\/\/patagoniambiental.com.ar\/info\/wp-json\/wp\/v2\/media\/80979"}],"wp:attachment":[{"href":"https:\/\/patagoniambiental.com.ar\/info\/wp-json\/wp\/v2\/media?parent=80978"}],"wp:term":[{"taxonomy":"category","embeddable":true,"href":"https:\/\/patagoniambiental.com.ar\/info\/wp-json\/wp\/v2\/categories?post=80978"},{"taxonomy":"post_tag","embeddable":true,"href":"https:\/\/patagoniambiental.com.ar\/info\/wp-json\/wp\/v2\/tags?post=80978"}],"curies":[{"name":"wp","href":"https:\/\/api.w.org\/{rel}","templated":true}]}}