{"id":80984,"date":"2024-03-18T19:00:00","date_gmt":"2024-03-18T22:00:00","guid":{"rendered":"https:\/\/patagoniambiental.com.ar\/info\/?p=80984"},"modified":"2024-08-13T11:03:44","modified_gmt":"2024-08-13T14:03:44","slug":"comarca-andina-no-al-desalojo-de-la-lof-coronado-inalef","status":"publish","type":"post","link":"https:\/\/patagoniambiental.com.ar\/info\/comarca-andina-no-al-desalojo-de-la-lof-coronado-inalef\/","title":{"rendered":"Comarca Andina: No al desalojo de la Lof Coronado Inalef"},"content":{"rendered":"\n<!--more-->\n\n\n\n<p>La Comunidad Coronado Inalef se encuentra en Mall\u00edn Ahogado, El Bols\u00f3n, all\u00ed vive la abuela Sara y su familia, quienes sobre ellas pesa una orden de desalojo establecido por el juez de Garant\u00edas de Bariloche, Juan Pablo Laurence. La comunidad se mantiene en resistencia y enfrentan el inminente desalojo. Publicamos comunicados de la Comunidad Coronado Inalef y de la APDH del Noroeste del Chubut que repudian este fallo racista de la justicia.<\/p>\n\n\n\n<div style=\"height:100px\" aria-hidden=\"true\" class=\"wp-block-spacer\"><\/div>\n\n\n\n<p><a href=\"https:\/\/www.laizquierdadiario.com\/IMG\/logo\/territorio-mapuche-inalef.webp?1710768401\"><\/a><\/p>\n\n\n\n<h2 class=\"wp-block-heading\" id=\"h-comunicado-de-repudio-inminente-desalojo-de-la-lof-comunidad-coronado-inalef-otra-injusticia-en-la-comarca\"><strong>COMUNICADO DE REPUDIO | INMINENTE DESALOJO DE LA LOF (COMUNIDAD) CORONADO INALEF: OTRA INJUSTICIA EN LA COMARCA<\/strong><\/h2>\n\n\n\n<p>La Lof (Comunidad) mapuche Coronado Inalef de Mall\u00edn Ahogado est\u00e1 a punto de ser desalojada de una parte de su territorio por la \u201cJusticia\u201d de R\u00edo Negro.<\/p>\n\n\n\n<p>Hoy se dar\u00eda cumplimiento a la orden del Juez Juan Pablo Laurence, que fuera ratificada por el Juez Juan Mart\u00edn Arroyo. El encargado de hacer cumplir este nuevo atropello contra el pueblo mapuche ser\u00e1 el Fiscal Francisco Arrien.<\/p>\n\n\n\n<p>\u201cYa vamos cinco generaciones viviendo en este territorio\u201d \u201cNuestra madre naci\u00f3 ac\u00e1 y tiene 93 a\u00f1os&#8230;\u201d \u201cSi el Fiscal hubiera investigado habr\u00eda visto toda nuestra documentaci\u00f3n y todas las injusticias que se cometieron ac\u00e1\u201d. Esto dicen las hijas y nietas de do\u00f1a Sara Inalef, mientras esperan el desalojo. La Comunidad est\u00e1 compuesta en su mayor\u00eda por mujeres.<\/p>\n\n\n\n<p>Mientras tanto, a pocos kil\u00f3metros, Joe Lewis desobedece fallos judiciales que ordenan abrir el camino que conduce a Lago Escondido. M\u00e1s hacia el este, capitales catar\u00edes alambran las nacientes del r\u00edo Chubut y cercan las veranadas de las Comunidades. Nadie sabe bien c\u00f3mo se hicieron due\u00f1os de miles de hect\u00e1reas. Hay denuncias y pedidos a la Justicia para saberlo; pero va todo muy lento y a ning\u00fan Fiscal se le ocurre iniciar una investigaci\u00f3n.<\/p>\n\n\n\n<p>Hace poco, la Legislatura de R\u00edo Negro reform\u00f3 la Ley de Tierras; lo hizo sin cumplir con la Consulta Previa, Libre e Informada a las Comunidades del pueblo mapuche. Todo indica que la reforma tiene como objetivo avanzar sobre sus territorios con el extractivismo; y permitir que m\u00e1s extranjeros compren la tierra.<\/p>\n\n\n\n<p>Hace poco, el Concejo Deliberante de El Bols\u00f3n aprob\u00f3 una Ordenanza que cambia el uso del suelo en Mall\u00edn Ahogado: la tierra rural pasa a ser urbanizable; o sea, objeto de negociados inmobiliarios. \u00bfTendr\u00e1 que ver esto con la urgencia de desalojar a la Lof Coronado Inalef?<\/p>\n\n\n\n<p>Mientras tanto, el Fiscal Arrien se apresta a avanzar con la fuerza p\u00fablica contra mujeres y ni\u00f1es que defienden 7 hect\u00e1reas de su territorio ancestral arrebatados mediante fraudes y trampas. Pudo investigar; pudo poner su mirada en los derechos econ\u00f3micos, sociales y culturales de la Lof; pero \u00e9l est\u00e1 para otra cosa. Su rol es ser instrumento del despojo y los intereses inmobiliarios.<\/p>\n\n\n\n<p>Repudiamos el accionar de la Justicia de R\u00edo Negro en lo que hace a los derechos del pueblo originario. Reclamamos que se cambie esa orientaci\u00f3n que s\u00f3lo trae m\u00e1s dolor e injusticia. Exigimos que los conflictos territoriales se traten bajo el paradigma del derecho ind\u00edgena y no en el fuero penal.<\/p>\n\n\n\n<p>Todo nuestro aliento y apoyo a la Lof Coronado Inalef \u00a1Estamos junto a ustedes!<\/p>\n\n\n\n<div style=\"height:100px\" aria-hidden=\"true\" class=\"wp-block-spacer\"><\/div>\n\n\n\n<h2 class=\"wp-block-heading\" id=\"h-apdh-noroeste-del-chubut\"><strong>APDH Noroeste del Chubut<\/strong><\/h2>\n\n\n\n<figure class=\"wp-block-image\"><img decoding=\"async\" src=\"https:\/\/www.laizquierdadiario.com\/local\/cache-vignettes\/L720xH1019\/whatsapp_image_2024-03-18_at_08.43_22-7b995.jpg?1710768772\" alt=\"\"\/><\/figure>\n\n\n\n<p><a href=\"https:\/\/www.laizquierdadiario.com\/IMG\/jpg\/whatsapp_image_2024-03-18_at_08.43_22.jpg\"><\/a><\/p>\n\n\n\n<div style=\"height:100px\" aria-hidden=\"true\" class=\"wp-block-spacer\"><\/div>\n\n\n\n<h2 class=\"wp-block-heading\" id=\"h-rinconada-de-inalef-lof-coronado-inalef\"><br>Rinconada de Inalef. Lof Coronado Inalef.<\/h2>\n\n\n\n<p>Mallin Ahogado 15\/03\/24.-En el d\u00eda de la fecha alrededor de las 14:30 hasta las 17:30 se hizo presente en el territorio comunitario de la lof, el fiscal de El Bols\u00f3n Francisco Arrien acompa\u00f1ado de oficiales de la polic\u00eda de R\u00edo Negro para dar inicio al desalojo de la lof, lo cual solicit\u00f3 desde un principio junto a la querellante de quien dice ser v\u00edctima, la abogada Patricia Saval\u00eda. Este pedido de desalojo fue ratificado en la audiencia del d\u00eda mi\u00e9rcoles 13 de marzo por el juez Juan Mart\u00edn Arroyo.<\/p>\n\n\n\n<p>Arrien quien ya tiene un historial respecto a despojar de sus territorios a comunidades como Quemquemtrew o Gallardo Calfu al ser uno de los brazos del poder judicial quien ejecuta las \u00f3rdenes pol\u00edticas de los gobiernos turno resguardando sus intereses, marca su prontuario al asumir y posicionarse al frente en un rol activo en los desalojos a comunidades Mapuche.<\/p>\n\n\n\n<p>Hoy, 15 de Marzo se ensa\u00f1\u00f3 nuevamente con la poblaci\u00f3n ind\u00edgena, arremetiendo contra 4 mujeres abuela, madre e hijas, productoras rurales que hist\u00f3ricamente fueron violentadas por los estados y empresarios para lograr expropiar su territorio. Hoy, logran una vez m\u00e1s su objetivo con la complicidad del poder judicial que en vez de estar dictando desalojos a parte de la poblaci\u00f3n ind\u00edgena deber\u00eda garantizar los derechos colectivos culturales, territoriales y espirituales de la misma. Esto recuerda un pasado oscuro de despojo que hoy rememora nuestra abuela Sara Inalef de 93 a\u00f1os.<\/p>\n\n\n\n<p>Como lof nos encontramos en un estado de alerta a partir de toda la violencia sufrida desde que comenzamos a tener audiencias donde se nos trataba de usurpadores y como si fuera poco se nos trat\u00f3 de que s\u00f3lo estamos haciendo espamento por 7 miserables hect\u00e1reas.<\/p>\n\n\n\n<p>En esas casi 3 horas que el fiscal Arrien estuvo en el lugar presionandonos si \u00edbamos a dejar o no nuestro propio territorio, estuvimos sin la posibilidad de contar con nuestra defensora legal quien se encontraba defendiendo a la comunidad Mapuche Buenuleo en un juicio por usurpaci\u00f3n. El fiscal Arrien aprovech\u00f3 est\u00e1 situaci\u00f3n de vulnerabilidad para intimidarnos.<\/p>\n\n\n\n<p>Pese a todo lo que estamos atravezando decidimos mantenernos firmes en nuestro lugar como venimos haci\u00e9ndolo hace 5 generaci\u00f3n.<\/p>\n\n\n\n<p>Es por eso que llamamos a organismos de derechos humanos, organizaciones sociales, comunidades, pu lamgen, compa\u00f1eros y compa\u00f1eras de distintos espacios a acompa\u00f1arnos durante el fin de semana ya que el desalojo es inminente y seg\u00fan palabras del propio Arrien se realizar\u00e1 en horas del d\u00eda lunes 18\/04.<\/p>\n\n\n\n<p>Agradecemos el acompa\u00f1amiento que tenemos, pedimos que este comunicado se difunda lo m\u00e1s posible.<\/p>\n\n\n\n<p>Marichiwew, marichiwew.<br>Lof Coronado Inalef.<\/p>\n\n\n\n<p>Fuente: la Izquierda Diario<\/p>\n","protected":false},"excerpt":{"rendered":"","protected":false},"author":2,"featured_media":80985,"comment_status":"open","ping_status":"open","sticky":false,"template":"","format":"standard","meta":{"site-sidebar-layout":"default","site-content-layout":"","ast-site-content-layout":"default","site-content-style":"default","site-sidebar-style":"default","ast-global-header-display":"","ast-banner-title-visibility":"","ast-main-header-display":"","ast-hfb-above-header-display":"","ast-hfb-below-header-display":"","ast-hfb-mobile-header-display":"","site-post-title":"","ast-breadcrumbs-content":"","ast-featured-img":"","footer-sml-layout":"","ast-disable-related-posts":"","theme-transparent-header-meta":"","adv-header-id-meta":"","stick-header-meta":"","header-above-stick-meta":"","header-main-stick-meta":"","header-below-stick-meta":"","astra-migrate-meta-layouts":"default","ast-page-background-enabled":"default","ast-page-background-meta":{"desktop":{"background-color":"var(--ast-global-color-5)","background-image":"","background-repeat":"repeat","background-position":"center center","background-size":"auto","background-attachment":"scroll","background-type":"","background-media":"","overlay-type":"","overlay-color":"","overlay-opacity":"","overlay-gradient":""},"tablet":{"background-color":"","background-image":"","background-repeat":"repeat","background-position":"center center","background-size":"auto","background-attachment":"scroll","background-type":"","background-media":"","overlay-type":"","overlay-color":"","overlay-opacity":"","overlay-gradient":""},"mobile":{"background-color":"","background-image":"","background-repeat":"repeat","background-position":"center center","background-size":"auto","background-attachment":"scroll","background-type":"","background-media":"","overlay-type":"","overlay-color":"","overlay-opacity":"","overlay-gradient":""}},"ast-content-background-meta":{"desktop":{"background-color":"var(--ast-global-color-4)","background-image":"","background-repeat":"repeat","background-position":"center center","background-size":"auto","background-attachment":"scroll","background-type":"","background-media":"","overlay-type":"","overlay-color":"","overlay-opacity":"","overlay-gradient":""},"tablet":{"background-color":"var(--ast-global-color-4)","background-image":"","background-repeat":"repeat","background-position":"center center","background-size":"auto","background-attachment":"scroll","background-type":"","background-media":"","overlay-type":"","overlay-color":"","overlay-opacity":"","overlay-gradient":""},"mobile":{"background-color":"var(--ast-global-color-4)","background-image":"","background-repeat":"repeat","background-position":"center center","background-size":"auto","background-attachment":"scroll","background-type":"","background-media":"","overlay-type":"","overlay-color":"","overlay-opacity":"","overlay-gradient":""}},"footnotes":""},"categories":[11,13],"tags":[],"class_list":["post-80984","post","type-post","status-publish","format-standard","has-post-thumbnail","hentry","category-boletin","category-provinciales"],"yoast_head":"<!-- This site is optimized with the Yoast SEO Premium plugin v23.0 (Yoast SEO v27.5) - https:\/\/yoast.com\/product\/yoast-seo-premium-wordpress\/ -->\n<title>Comarca Andina: No al desalojo de la Lof Coronado Inalef<\/title>\n<meta name=\"robots\" content=\"index, follow, max-snippet:-1, max-image-preview:large, max-video-preview:-1\" \/>\n<link rel=\"canonical\" href=\"https:\/\/patagoniambiental.com.ar\/info\/comarca-andina-no-al-desalojo-de-la-lof-coronado-inalef\/\" \/>\n<meta property=\"og:locale\" content=\"es_ES\" \/>\n<meta property=\"og:type\" content=\"article\" \/>\n<meta property=\"og:title\" content=\"Comarca Andina: No al desalojo de la Lof Coronado Inalef\" \/>\n<meta property=\"og:url\" content=\"https:\/\/patagoniambiental.com.ar\/info\/comarca-andina-no-al-desalojo-de-la-lof-coronado-inalef\/\" \/>\n<meta property=\"og:site_name\" content=\"Patagonia Ambiental\" \/>\n<meta property=\"article:publisher\" content=\"https:\/\/www.facebook.com\/patagonia.ambiental\" \/>\n<meta property=\"article:author\" content=\"https:\/\/www.facebook.com\/share\/1C1V8Gv9BX\/?mibextid=qi2Omg\" \/>\n<meta property=\"article:published_time\" content=\"2024-03-18T22:00:00+00:00\" \/>\n<meta property=\"article:modified_time\" content=\"2024-08-13T14:03:44+00:00\" \/>\n<meta property=\"og:image\" content=\"https:\/\/patagoniambiental.com.ar\/info\/wp-content\/uploads\/2024\/03\/Screenshot-2024-03-19-at-09-43-32-Anadir-una-nueva-entrada-\u2014-WordPress.png\" \/>\n\t<meta property=\"og:image:width\" content=\"628\" \/>\n\t<meta property=\"og:image:height\" content=\"350\" \/>\n\t<meta property=\"og:image:type\" content=\"image\/png\" \/>\n<meta name=\"author\" content=\"Patagonia Ambiental\" \/>\n<meta name=\"twitter:card\" content=\"summary_large_image\" \/>\n<meta name=\"twitter:creator\" content=\"@PatAmb\" \/>\n<meta name=\"twitter:site\" content=\"@PatAmb\" \/>\n<script type=\"application\/ld+json\" class=\"yoast-schema-graph\">{\"@context\":\"https:\\\/\\\/schema.org\",\"@graph\":[{\"@type\":\"Article\",\"@id\":\"https:\\\/\\\/patagoniambiental.com.ar\\\/info\\\/comarca-andina-no-al-desalojo-de-la-lof-coronado-inalef\\\/#article\",\"isPartOf\":{\"@id\":\"https:\\\/\\\/patagoniambiental.com.ar\\\/info\\\/comarca-andina-no-al-desalojo-de-la-lof-coronado-inalef\\\/\"},\"author\":{\"name\":\"Patagonia Ambiental\",\"@id\":\"https:\\\/\\\/patagoniambiental.com.ar\\\/info\\\/#\\\/schema\\\/person\\\/db12bff64bbcbf6a253710bf0ea37b5d\"},\"headline\":\"Comarca Andina: No al desalojo de la Lof Coronado Inalef\",\"datePublished\":\"2024-03-18T22:00:00+00:00\",\"dateModified\":\"2024-08-13T14:03:44+00:00\",\"mainEntityOfPage\":{\"@id\":\"https:\\\/\\\/patagoniambiental.com.ar\\\/info\\\/comarca-andina-no-al-desalojo-de-la-lof-coronado-inalef\\\/\"},\"wordCount\":1016,\"commentCount\":0,\"publisher\":{\"@id\":\"https:\\\/\\\/patagoniambiental.com.ar\\\/info\\\/#organization\"},\"image\":{\"@id\":\"https:\\\/\\\/patagoniambiental.com.ar\\\/info\\\/comarca-andina-no-al-desalojo-de-la-lof-coronado-inalef\\\/#primaryimage\"},\"thumbnailUrl\":\"https:\\\/\\\/patagoniambiental.com.ar\\\/info\\\/wp-content\\\/uploads\\\/2024\\\/03\\\/Screenshot-2024-03-19-at-09-43-32-Anadir-una-nueva-entrada-\u2014-WordPress.png\",\"articleSection\":[\"Bolet\u00edn\",\"Provinciales\"],\"inLanguage\":\"es\",\"potentialAction\":[{\"@type\":\"CommentAction\",\"name\":\"Comment\",\"target\":[\"https:\\\/\\\/patagoniambiental.com.ar\\\/info\\\/comarca-andina-no-al-desalojo-de-la-lof-coronado-inalef\\\/#respond\"]}]},{\"@type\":\"WebPage\",\"@id\":\"https:\\\/\\\/patagoniambiental.com.ar\\\/info\\\/comarca-andina-no-al-desalojo-de-la-lof-coronado-inalef\\\/\",\"url\":\"https:\\\/\\\/patagoniambiental.com.ar\\\/info\\\/comarca-andina-no-al-desalojo-de-la-lof-coronado-inalef\\\/\",\"name\":\"Comarca Andina: No al desalojo de la Lof Coronado Inalef\",\"isPartOf\":{\"@id\":\"https:\\\/\\\/patagoniambiental.com.ar\\\/info\\\/#website\"},\"primaryImageOfPage\":{\"@id\":\"https:\\\/\\\/patagoniambiental.com.ar\\\/info\\\/comarca-andina-no-al-desalojo-de-la-lof-coronado-inalef\\\/#primaryimage\"},\"image\":{\"@id\":\"https:\\\/\\\/patagoniambiental.com.ar\\\/info\\\/comarca-andina-no-al-desalojo-de-la-lof-coronado-inalef\\\/#primaryimage\"},\"thumbnailUrl\":\"https:\\\/\\\/patagoniambiental.com.ar\\\/info\\\/wp-content\\\/uploads\\\/2024\\\/03\\\/Screenshot-2024-03-19-at-09-43-32-Anadir-una-nueva-entrada-\u2014-WordPress.png\",\"datePublished\":\"2024-03-18T22:00:00+00:00\",\"dateModified\":\"2024-08-13T14:03:44+00:00\",\"breadcrumb\":{\"@id\":\"https:\\\/\\\/patagoniambiental.com.ar\\\/info\\\/comarca-andina-no-al-desalojo-de-la-lof-coronado-inalef\\\/#breadcrumb\"},\"inLanguage\":\"es\",\"potentialAction\":[{\"@type\":\"ReadAction\",\"target\":[\"https:\\\/\\\/patagoniambiental.com.ar\\\/info\\\/comarca-andina-no-al-desalojo-de-la-lof-coronado-inalef\\\/\"]}]},{\"@type\":\"ImageObject\",\"inLanguage\":\"es\",\"@id\":\"https:\\\/\\\/patagoniambiental.com.ar\\\/info\\\/comarca-andina-no-al-desalojo-de-la-lof-coronado-inalef\\\/#primaryimage\",\"url\":\"https:\\\/\\\/patagoniambiental.com.ar\\\/info\\\/wp-content\\\/uploads\\\/2024\\\/03\\\/Screenshot-2024-03-19-at-09-43-32-Anadir-una-nueva-entrada-\u2014-WordPress.png\",\"contentUrl\":\"https:\\\/\\\/patagoniambiental.com.ar\\\/info\\\/wp-content\\\/uploads\\\/2024\\\/03\\\/Screenshot-2024-03-19-at-09-43-32-Anadir-una-nueva-entrada-\u2014-WordPress.png\",\"width\":628,\"height\":350},{\"@type\":\"BreadcrumbList\",\"@id\":\"https:\\\/\\\/patagoniambiental.com.ar\\\/info\\\/comarca-andina-no-al-desalojo-de-la-lof-coronado-inalef\\\/#breadcrumb\",\"itemListElement\":[{\"@type\":\"ListItem\",\"position\":1,\"name\":\"Inicio\",\"item\":\"https:\\\/\\\/patagoniambiental.com.ar\\\/info\\\/\"},{\"@type\":\"ListItem\",\"position\":2,\"name\":\"Comarca Andina: No al desalojo de la Lof Coronado Inalef\"}]},{\"@type\":\"WebSite\",\"@id\":\"https:\\\/\\\/patagoniambiental.com.ar\\\/info\\\/#website\",\"url\":\"https:\\\/\\\/patagoniambiental.com.ar\\\/info\\\/\",\"name\":\"Patagonia Ambiental\",\"description\":\"Monitoreo y an\u00e1lisis de la situaci\u00f3n geopol\u00edtica en el mundo y su implicancia en la Patagonia\",\"publisher\":{\"@id\":\"https:\\\/\\\/patagoniambiental.com.ar\\\/info\\\/#organization\"},\"potentialAction\":[{\"@type\":\"SearchAction\",\"target\":{\"@type\":\"EntryPoint\",\"urlTemplate\":\"https:\\\/\\\/patagoniambiental.com.ar\\\/info\\\/?s={search_term_string}\"},\"query-input\":{\"@type\":\"PropertyValueSpecification\",\"valueRequired\":true,\"valueName\":\"search_term_string\"}}],\"inLanguage\":\"es\"},{\"@type\":\"Organization\",\"@id\":\"https:\\\/\\\/patagoniambiental.com.ar\\\/info\\\/#organization\",\"name\":\"Patagonia Ambiental\",\"url\":\"https:\\\/\\\/patagoniambiental.com.ar\\\/info\\\/\",\"logo\":{\"@type\":\"ImageObject\",\"inLanguage\":\"es\",\"@id\":\"https:\\\/\\\/patagoniambiental.com.ar\\\/info\\\/#\\\/schema\\\/logo\\\/image\\\/\",\"url\":\"https:\\\/\\\/patagoniambiental.com.ar\\\/info\\\/wp-content\\\/uploads\\\/2025\\\/05\\\/LOGO-PATAGONIA-AMBIENTAL.png\",\"contentUrl\":\"https:\\\/\\\/patagoniambiental.com.ar\\\/info\\\/wp-content\\\/uploads\\\/2025\\\/05\\\/LOGO-PATAGONIA-AMBIENTAL.png\",\"width\":433,\"height\":250,\"caption\":\"Patagonia Ambiental\"},\"image\":{\"@id\":\"https:\\\/\\\/patagoniambiental.com.ar\\\/info\\\/#\\\/schema\\\/logo\\\/image\\\/\"},\"sameAs\":[\"https:\\\/\\\/www.facebook.com\\\/patagonia.ambiental\",\"https:\\\/\\\/x.com\\\/PatAmb\"]},{\"@type\":\"Person\",\"@id\":\"https:\\\/\\\/patagoniambiental.com.ar\\\/info\\\/#\\\/schema\\\/person\\\/db12bff64bbcbf6a253710bf0ea37b5d\",\"name\":\"Patagonia Ambiental\",\"description\":\"Andr\u00e9s Nievas T\u00e9cnico en manejo ambiental, consultor Ambiental y escritor para medios locales e internacionales sobre temas de geopolitica y medio ambiente.\",\"sameAs\":[\"http:\\\/\\\/www.patagoniambiental.com.ar\",\"https:\\\/\\\/www.facebook.com\\\/share\\\/1C1V8Gv9BX\\\/?mibextid=qi2Omg\",\"@patagoniambiental\",\"https:\\\/\\\/youtube.com\\\/@patagoniaambiental2023?si=BLt58t0wuXquxlYZ\"]}]}<\/script>\n<!-- \/ Yoast SEO Premium plugin. -->","yoast_head_json":{"title":"Comarca Andina: No al desalojo de la Lof Coronado Inalef","robots":{"index":"index","follow":"follow","max-snippet":"max-snippet:-1","max-image-preview":"max-image-preview:large","max-video-preview":"max-video-preview:-1"},"canonical":"https:\/\/patagoniambiental.com.ar\/info\/comarca-andina-no-al-desalojo-de-la-lof-coronado-inalef\/","og_locale":"es_ES","og_type":"article","og_title":"Comarca Andina: No al desalojo de la Lof Coronado Inalef","og_url":"https:\/\/patagoniambiental.com.ar\/info\/comarca-andina-no-al-desalojo-de-la-lof-coronado-inalef\/","og_site_name":"Patagonia Ambiental","article_publisher":"https:\/\/www.facebook.com\/patagonia.ambiental","article_author":"https:\/\/www.facebook.com\/share\/1C1V8Gv9BX\/?mibextid=qi2Omg","article_published_time":"2024-03-18T22:00:00+00:00","article_modified_time":"2024-08-13T14:03:44+00:00","og_image":[{"width":628,"height":350,"url":"https:\/\/patagoniambiental.com.ar\/info\/wp-content\/uploads\/2024\/03\/Screenshot-2024-03-19-at-09-43-32-Anadir-una-nueva-entrada-\u2014-WordPress.png","type":"image\/png"}],"author":"Patagonia Ambiental","twitter_card":"summary_large_image","twitter_creator":"@PatAmb","twitter_site":"@PatAmb","schema":{"@context":"https:\/\/schema.org","@graph":[{"@type":"Article","@id":"https:\/\/patagoniambiental.com.ar\/info\/comarca-andina-no-al-desalojo-de-la-lof-coronado-inalef\/#article","isPartOf":{"@id":"https:\/\/patagoniambiental.com.ar\/info\/comarca-andina-no-al-desalojo-de-la-lof-coronado-inalef\/"},"author":{"name":"Patagonia Ambiental","@id":"https:\/\/patagoniambiental.com.ar\/info\/#\/schema\/person\/db12bff64bbcbf6a253710bf0ea37b5d"},"headline":"Comarca Andina: No al desalojo de la Lof Coronado Inalef","datePublished":"2024-03-18T22:00:00+00:00","dateModified":"2024-08-13T14:03:44+00:00","mainEntityOfPage":{"@id":"https:\/\/patagoniambiental.com.ar\/info\/comarca-andina-no-al-desalojo-de-la-lof-coronado-inalef\/"},"wordCount":1016,"commentCount":0,"publisher":{"@id":"https:\/\/patagoniambiental.com.ar\/info\/#organization"},"image":{"@id":"https:\/\/patagoniambiental.com.ar\/info\/comarca-andina-no-al-desalojo-de-la-lof-coronado-inalef\/#primaryimage"},"thumbnailUrl":"https:\/\/patagoniambiental.com.ar\/info\/wp-content\/uploads\/2024\/03\/Screenshot-2024-03-19-at-09-43-32-Anadir-una-nueva-entrada-\u2014-WordPress.png","articleSection":["Bolet\u00edn","Provinciales"],"inLanguage":"es","potentialAction":[{"@type":"CommentAction","name":"Comment","target":["https:\/\/patagoniambiental.com.ar\/info\/comarca-andina-no-al-desalojo-de-la-lof-coronado-inalef\/#respond"]}]},{"@type":"WebPage","@id":"https:\/\/patagoniambiental.com.ar\/info\/comarca-andina-no-al-desalojo-de-la-lof-coronado-inalef\/","url":"https:\/\/patagoniambiental.com.ar\/info\/comarca-andina-no-al-desalojo-de-la-lof-coronado-inalef\/","name":"Comarca Andina: No al desalojo de la Lof Coronado Inalef","isPartOf":{"@id":"https:\/\/patagoniambiental.com.ar\/info\/#website"},"primaryImageOfPage":{"@id":"https:\/\/patagoniambiental.com.ar\/info\/comarca-andina-no-al-desalojo-de-la-lof-coronado-inalef\/#primaryimage"},"image":{"@id":"https:\/\/patagoniambiental.com.ar\/info\/comarca-andina-no-al-desalojo-de-la-lof-coronado-inalef\/#primaryimage"},"thumbnailUrl":"https:\/\/patagoniambiental.com.ar\/info\/wp-content\/uploads\/2024\/03\/Screenshot-2024-03-19-at-09-43-32-Anadir-una-nueva-entrada-\u2014-WordPress.png","datePublished":"2024-03-18T22:00:00+00:00","dateModified":"2024-08-13T14:03:44+00:00","breadcrumb":{"@id":"https:\/\/patagoniambiental.com.ar\/info\/comarca-andina-no-al-desalojo-de-la-lof-coronado-inalef\/#breadcrumb"},"inLanguage":"es","potentialAction":[{"@type":"ReadAction","target":["https:\/\/patagoniambiental.com.ar\/info\/comarca-andina-no-al-desalojo-de-la-lof-coronado-inalef\/"]}]},{"@type":"ImageObject","inLanguage":"es","@id":"https:\/\/patagoniambiental.com.ar\/info\/comarca-andina-no-al-desalojo-de-la-lof-coronado-inalef\/#primaryimage","url":"https:\/\/patagoniambiental.com.ar\/info\/wp-content\/uploads\/2024\/03\/Screenshot-2024-03-19-at-09-43-32-Anadir-una-nueva-entrada-\u2014-WordPress.png","contentUrl":"https:\/\/patagoniambiental.com.ar\/info\/wp-content\/uploads\/2024\/03\/Screenshot-2024-03-19-at-09-43-32-Anadir-una-nueva-entrada-\u2014-WordPress.png","width":628,"height":350},{"@type":"BreadcrumbList","@id":"https:\/\/patagoniambiental.com.ar\/info\/comarca-andina-no-al-desalojo-de-la-lof-coronado-inalef\/#breadcrumb","itemListElement":[{"@type":"ListItem","position":1,"name":"Inicio","item":"https:\/\/patagoniambiental.com.ar\/info\/"},{"@type":"ListItem","position":2,"name":"Comarca Andina: No al desalojo de la Lof Coronado Inalef"}]},{"@type":"WebSite","@id":"https:\/\/patagoniambiental.com.ar\/info\/#website","url":"https:\/\/patagoniambiental.com.ar\/info\/","name":"Patagonia Ambiental","description":"Monitoreo y an\u00e1lisis de la situaci\u00f3n geopol\u00edtica en el mundo y su implicancia en la Patagonia","publisher":{"@id":"https:\/\/patagoniambiental.com.ar\/info\/#organization"},"potentialAction":[{"@type":"SearchAction","target":{"@type":"EntryPoint","urlTemplate":"https:\/\/patagoniambiental.com.ar\/info\/?s={search_term_string}"},"query-input":{"@type":"PropertyValueSpecification","valueRequired":true,"valueName":"search_term_string"}}],"inLanguage":"es"},{"@type":"Organization","@id":"https:\/\/patagoniambiental.com.ar\/info\/#organization","name":"Patagonia Ambiental","url":"https:\/\/patagoniambiental.com.ar\/info\/","logo":{"@type":"ImageObject","inLanguage":"es","@id":"https:\/\/patagoniambiental.com.ar\/info\/#\/schema\/logo\/image\/","url":"https:\/\/patagoniambiental.com.ar\/info\/wp-content\/uploads\/2025\/05\/LOGO-PATAGONIA-AMBIENTAL.png","contentUrl":"https:\/\/patagoniambiental.com.ar\/info\/wp-content\/uploads\/2025\/05\/LOGO-PATAGONIA-AMBIENTAL.png","width":433,"height":250,"caption":"Patagonia Ambiental"},"image":{"@id":"https:\/\/patagoniambiental.com.ar\/info\/#\/schema\/logo\/image\/"},"sameAs":["https:\/\/www.facebook.com\/patagonia.ambiental","https:\/\/x.com\/PatAmb"]},{"@type":"Person","@id":"https:\/\/patagoniambiental.com.ar\/info\/#\/schema\/person\/db12bff64bbcbf6a253710bf0ea37b5d","name":"Patagonia Ambiental","description":"Andr\u00e9s Nievas T\u00e9cnico en manejo ambiental, consultor Ambiental y escritor para medios locales e internacionales sobre temas de geopolitica y medio ambiente.","sameAs":["http:\/\/www.patagoniambiental.com.ar","https:\/\/www.facebook.com\/share\/1C1V8Gv9BX\/?mibextid=qi2Omg","@patagoniambiental","https:\/\/youtube.com\/@patagoniaambiental2023?si=BLt58t0wuXquxlYZ"]}]}},"_links":{"self":[{"href":"https:\/\/patagoniambiental.com.ar\/info\/wp-json\/wp\/v2\/posts\/80984","targetHints":{"allow":["GET"]}}],"collection":[{"href":"https:\/\/patagoniambiental.com.ar\/info\/wp-json\/wp\/v2\/posts"}],"about":[{"href":"https:\/\/patagoniambiental.com.ar\/info\/wp-json\/wp\/v2\/types\/post"}],"author":[{"embeddable":true,"href":"https:\/\/patagoniambiental.com.ar\/info\/wp-json\/wp\/v2\/users\/2"}],"replies":[{"embeddable":true,"href":"https:\/\/patagoniambiental.com.ar\/info\/wp-json\/wp\/v2\/comments?post=80984"}],"version-history":[{"count":0,"href":"https:\/\/patagoniambiental.com.ar\/info\/wp-json\/wp\/v2\/posts\/80984\/revisions"}],"wp:featuredmedia":[{"embeddable":true,"href":"https:\/\/patagoniambiental.com.ar\/info\/wp-json\/wp\/v2\/media\/80985"}],"wp:attachment":[{"href":"https:\/\/patagoniambiental.com.ar\/info\/wp-json\/wp\/v2\/media?parent=80984"}],"wp:term":[{"taxonomy":"category","embeddable":true,"href":"https:\/\/patagoniambiental.com.ar\/info\/wp-json\/wp\/v2\/categories?post=80984"},{"taxonomy":"post_tag","embeddable":true,"href":"https:\/\/patagoniambiental.com.ar\/info\/wp-json\/wp\/v2\/tags?post=80984"}],"curies":[{"name":"wp","href":"https:\/\/api.w.org\/{rel}","templated":true}]}}