{"id":81045,"date":"2024-03-22T07:00:00","date_gmt":"2024-03-22T10:00:00","guid":{"rendered":"https:\/\/patagoniambiental.com.ar\/info\/?p=81045"},"modified":"2024-08-13T10:28:15","modified_gmt":"2024-08-13T13:28:15","slug":"se-sumergiran-en-el-arroyo-duran-de-neuquen-para-retirar-basura-y-hasta-animales-muertos","status":"publish","type":"post","link":"https:\/\/patagoniambiental.com.ar\/info\/se-sumergiran-en-el-arroyo-duran-de-neuquen-para-retirar-basura-y-hasta-animales-muertos\/","title":{"rendered":"Se sumergir\u00e1n en el Arroyo Dur\u00e1n de Neuqu\u00e9n para retirar basura"},"content":{"rendered":"\n<!--more-->\n\n\n\n<p>Neuqu\u00e9n.-Ser\u00e1 en uno de los sectores m\u00e1s sucios del Arroyo Dur\u00e1n, en el barrio Valentina Sur, donde denuncian que el agua est\u00e1 contaminada. La convocatoria es abierta al p\u00fablico.<\/p>\n\n\n\n<p>Un grupo de personas muy comprometidas con el medio ambiente llevar\u00e1 a cabo la tit\u00e1nica tarea de <strong>retirar los cuerpos de animales muertos que flotan y subyacen en el Arroyo Dur\u00e1n<\/strong>, como perros, chanchos, gallinas y nutrias. Tambi\u00e9n retirar\u00e1n desechos y otros desperdicios, lo que encuentren y puedan sacar de las aguas que van a parar al r\u00edo Limay.<\/p>\n\n\n\n<p>\u00abTomamos muestras por nuestra cuenta y <strong>los valores de los nitritos y nitratos son espantosos<\/strong>. Tambi\u00e9n hay f\u00f3sforo y muchos sodios disueltos. En base a esos resultados <strong>sabemos que est\u00e1n vertiendo desechos cloacales<\/strong>, y es una l\u00e1stima porque <strong>todo esto termina en nuestro querido r\u00edo Limay\u00bb<\/strong>, expres\u00f3<strong> Dar\u00edo Troncoso<\/strong>, uno de los vecinos que organiza la actividad.<\/p>\n\n\n\n<p>En di\u00e1logo con <strong>LMNeuqu\u00e9n,<\/strong> ofreci\u00f3 detalles de la actividad que se realizar\u00e1 este<strong> s\u00e1bado 23 de marzo, de 9 a 12.30,<\/strong> en el marco del D\u00eda Mundial del Agua que se festeja el d\u00eda anterior. \u00abEs una realidad que tenemos que tomar conciencia urgente: <strong>cuidar el agua es cuidar la vida.<\/strong> Tambi\u00e9n pedimos a la gente que denuncie de d\u00f3nde vienen esos desechos cloacales\u00bb, sostuvo.<\/p>\n\n\n\n<figure class=\"wp-block-image\"><img decoding=\"async\" src=\"https:\/\/media.lmneuquen.com\/p\/83c4fb9f37ce534e60734d76f4ee5962\/adjuntos\/195\/imagenes\/007\/683\/0007683980\/770x0\/smart\/arroyo-duran-contaminacion.png\" alt=\"\" title=\"\"\/><\/figure>\n\n\n\n<p>De la actividad participar\u00e1n <strong>dos artistas pl\u00e1sticas<\/strong> que realizar\u00e1n en el lugar un mural alusivo a la tem\u00e1tica del medio ambiente. En tanto, <strong>bomberos voluntarios de Valentina Sur se sumar\u00e1n con trajes de neoprene<\/strong> <strong>para bucear en el arroyo<\/strong>. \u00abLa verdad que es espantoso el estado en que est\u00e1. Pero <strong>no es solo culpa del Estado, es un tema de responsabilidad social. <\/strong>Durante estos d\u00edas, trat\u00e9 a varios vecinos para que tomen conciencia. Tenemos una crisis, donde lo social y lo ambiental van de la mano. Nuestra casa com\u00fan pide a gritos, desesperada, por el da\u00f1o que le estamos causando con tantas empresas alrededor que utilizan nuestro recurso m\u00e1s importante, que es el agua\u00bb, indic\u00f3 Troncoso.<\/p>\n\n\n\n<p>La actividad se va a concentrar <strong>en la calle Los Cisnes, en inmediaciones de lo que se conoce como \u00abel nido municipal\u00bb,<\/strong> un complejo recreativo ubicado en el barrio Valentina Sur.<\/p>\n\n\n\n<p><strong>Personal municipal <\/strong>y de la direcci\u00f3n provincial de <strong>Recursos H\u00eddricos <\/strong>participar\u00e1 de la jornada aportando maquinaria y otros elementos de higiene y seguridad personal, como as\u00ed tambi\u00e9n colaborar\u00e1 en la tarea de concientizar. \u00abTenemos el apoyo de la <strong>Di\u00f3cesis de Neuqu\u00e9n con el obispo Fernando Croxatto <\/strong>y el equipo de trabajo <strong>Laudato Si<\/strong>\u00ab, destac\u00f3 Troncoso.<\/p>\n\n\n\n<figure class=\"wp-block-image\"><img decoding=\"async\" src=\"https:\/\/media.lmneuquen.com\/p\/e55f170acd94fe9531d72f2a972bf686\/adjuntos\/195\/imagenes\/007\/684\/0007684012\/770x0\/smart\/arroyo-duran-contaminacion.jpeg\" alt=\"\" title=\"\"\/><\/figure>\n\n\n\n<p>Resalt\u00f3, adem\u00e1s, los encuentros que mantuvo con<strong> Francisco \u00abPancho\u00bb Baggio<\/strong>, al frente de la subsecretaria municipal de Medioambiente; y <strong>Horacio Carvalho, <\/strong>titular de Recursos H\u00eddricos de la Provincia. \u00abNeuqu\u00e9n es la cuarta cuenca h\u00eddrica m\u00e1s grande del pa\u00eds y la primera natural, por lo tanto tenemos un recurso sumamente importante, el agua\u00bb, enfatiz\u00f3.<\/p>\n\n\n\n<p>Troncoso es un vecino de la ciudad muy involucrado con el medio ambiente. Tanto es as\u00ed que suma varios cap\u00edtulos de limpieza urbana en distintos puntos clave, como la laguna Paim\u00fan y la del barrio San Lorenzo. Tambi\u00e9n particip\u00f3 de muchas campa\u00f1as ambientalistas en el r\u00edo Limay y en Parque Norte. \u00abHace cinco a\u00f1os que trabajo arduamente en el tema ambiental y estoy muy comprometido en cuidar el recurso h\u00eddrico de la provincia\u00bb, dijo. Algunos lo conocen por haber formado parte de la agrupaci\u00f3n Yo R\u00edo Neuqu\u00e9n.<\/p>\n\n\n\n<p>El hombre agradeci\u00f3 la participaci\u00f3n de todos y la colaboraci\u00f3n de la<strong> pinturer\u00eda El Dante, la vecinal del barrio<\/strong> Valentina Sur y otras agrupaciones como <strong>Voy en bici. <\/strong>\u00abEst\u00e1n todos invitados. <strong>La actividad es abierta al p\u00fablico en general. <\/strong>Pueden venir a ayudar personas que recorren las aguas con una canoa y un kayak\u00bb, concluy\u00f3.<\/p>\n\n\n\n<figure class=\"wp-block-image\"><img decoding=\"async\" src=\"https:\/\/media.lmneuquen.com\/p\/3ed6ab0dd2aa967baa49c2847c8ba862\/adjuntos\/195\/imagenes\/007\/684\/0007684011\/770x0\/smart\/arroyo-duran-contaminacion.jpeg\" alt=\"\" title=\"\"\/><\/figure>\n\n\n\n<p>Fuente: Lm Neuqu\u00e9n<\/p>\n","protected":false},"excerpt":{"rendered":"","protected":false},"author":2,"featured_media":81046,"comment_status":"open","ping_status":"open","sticky":false,"template":"","format":"standard","meta":{"site-sidebar-layout":"default","site-content-layout":"","ast-site-content-layout":"default","site-content-style":"default","site-sidebar-style":"default","ast-global-header-display":"","ast-banner-title-visibility":"","ast-main-header-display":"","ast-hfb-above-header-display":"","ast-hfb-below-header-display":"","ast-hfb-mobile-header-display":"","site-post-title":"","ast-breadcrumbs-content":"","ast-featured-img":"","footer-sml-layout":"","ast-disable-related-posts":"","theme-transparent-header-meta":"","adv-header-id-meta":"","stick-header-meta":"","header-above-stick-meta":"","header-main-stick-meta":"","header-below-stick-meta":"","astra-migrate-meta-layouts":"default","ast-page-background-enabled":"default","ast-page-background-meta":{"desktop":{"background-color":"var(--ast-global-color-5)","background-image":"","background-repeat":"repeat","background-position":"center center","background-size":"auto","background-attachment":"scroll","background-type":"","background-media":"","overlay-type":"","overlay-color":"","overlay-opacity":"","overlay-gradient":""},"tablet":{"background-color":"","background-image":"","background-repeat":"repeat","background-position":"center center","background-size":"auto","background-attachment":"scroll","background-type":"","background-media":"","overlay-type":"","overlay-color":"","overlay-opacity":"","overlay-gradient":""},"mobile":{"background-color":"","background-image":"","background-repeat":"repeat","background-position":"center center","background-size":"auto","background-attachment":"scroll","background-type":"","background-media":"","overlay-type":"","overlay-color":"","overlay-opacity":"","overlay-gradient":""}},"ast-content-background-meta":{"desktop":{"background-color":"var(--ast-global-color-4)","background-image":"","background-repeat":"repeat","background-position":"center center","background-size":"auto","background-attachment":"scroll","background-type":"","background-media":"","overlay-type":"","overlay-color":"","overlay-opacity":"","overlay-gradient":""},"tablet":{"background-color":"var(--ast-global-color-4)","background-image":"","background-repeat":"repeat","background-position":"center center","background-size":"auto","background-attachment":"scroll","background-type":"","background-media":"","overlay-type":"","overlay-color":"","overlay-opacity":"","overlay-gradient":""},"mobile":{"background-color":"var(--ast-global-color-4)","background-image":"","background-repeat":"repeat","background-position":"center center","background-size":"auto","background-attachment":"scroll","background-type":"","background-media":"","overlay-type":"","overlay-color":"","overlay-opacity":"","overlay-gradient":""}},"footnotes":""},"categories":[12,11,16],"tags":[],"class_list":["post-81045","post","type-post","status-publish","format-standard","has-post-thumbnail","hentry","category-agenda-ambiental","category-boletin","category-municipales"],"yoast_head":"<!-- This site is optimized with the Yoast SEO Premium plugin v23.0 (Yoast SEO v27.5) - https:\/\/yoast.com\/product\/yoast-seo-premium-wordpress\/ -->\n<title>Se sumergir\u00e1n en el Arroyo Dur\u00e1n de Neuqu\u00e9n para retirar basura<\/title>\n<meta name=\"robots\" content=\"index, follow, max-snippet:-1, max-image-preview:large, max-video-preview:-1\" \/>\n<link rel=\"canonical\" href=\"https:\/\/patagoniambiental.com.ar\/info\/se-sumergiran-en-el-arroyo-duran-de-neuquen-para-retirar-basura-y-hasta-animales-muertos\/\" \/>\n<meta property=\"og:locale\" content=\"es_ES\" \/>\n<meta property=\"og:type\" content=\"article\" \/>\n<meta property=\"og:title\" content=\"Se sumergir\u00e1n en el Arroyo Dur\u00e1n de Neuqu\u00e9n para retirar basura\" \/>\n<meta property=\"og:url\" content=\"https:\/\/patagoniambiental.com.ar\/info\/se-sumergiran-en-el-arroyo-duran-de-neuquen-para-retirar-basura-y-hasta-animales-muertos\/\" \/>\n<meta property=\"og:site_name\" content=\"Patagonia Ambiental\" \/>\n<meta property=\"article:publisher\" content=\"https:\/\/www.facebook.com\/patagonia.ambiental\" \/>\n<meta property=\"article:author\" content=\"https:\/\/www.facebook.com\/share\/1C1V8Gv9BX\/?mibextid=qi2Omg\" \/>\n<meta property=\"article:published_time\" content=\"2024-03-22T10:00:00+00:00\" \/>\n<meta property=\"article:modified_time\" content=\"2024-08-13T13:28:15+00:00\" \/>\n<meta property=\"og:image\" content=\"https:\/\/patagoniambiental.com.ar\/info\/wp-content\/uploads\/2024\/03\/Screenshot-2024-03-22-at-09-52-21-Se-sumergiran-en-el-Arroyo-Duran-para-retirar-basura-y-hasta-animales-muertos.png\" \/>\n\t<meta property=\"og:image:width\" content=\"752\" \/>\n\t<meta property=\"og:image:height\" content=\"387\" \/>\n\t<meta property=\"og:image:type\" content=\"image\/png\" \/>\n<meta name=\"author\" content=\"Patagonia Ambiental\" \/>\n<meta name=\"twitter:card\" content=\"summary_large_image\" \/>\n<meta name=\"twitter:creator\" content=\"@PatAmb\" \/>\n<meta name=\"twitter:site\" content=\"@PatAmb\" \/>\n<script type=\"application\/ld+json\" class=\"yoast-schema-graph\">{\"@context\":\"https:\\\/\\\/schema.org\",\"@graph\":[{\"@type\":\"Article\",\"@id\":\"https:\\\/\\\/patagoniambiental.com.ar\\\/info\\\/se-sumergiran-en-el-arroyo-duran-de-neuquen-para-retirar-basura-y-hasta-animales-muertos\\\/#article\",\"isPartOf\":{\"@id\":\"https:\\\/\\\/patagoniambiental.com.ar\\\/info\\\/se-sumergiran-en-el-arroyo-duran-de-neuquen-para-retirar-basura-y-hasta-animales-muertos\\\/\"},\"author\":{\"name\":\"Patagonia Ambiental\",\"@id\":\"https:\\\/\\\/patagoniambiental.com.ar\\\/info\\\/#\\\/schema\\\/person\\\/db12bff64bbcbf6a253710bf0ea37b5d\"},\"headline\":\"Se sumergir\u00e1n en el Arroyo Dur\u00e1n de Neuqu\u00e9n para retirar basura\",\"datePublished\":\"2024-03-22T10:00:00+00:00\",\"dateModified\":\"2024-08-13T13:28:15+00:00\",\"mainEntityOfPage\":{\"@id\":\"https:\\\/\\\/patagoniambiental.com.ar\\\/info\\\/se-sumergiran-en-el-arroyo-duran-de-neuquen-para-retirar-basura-y-hasta-animales-muertos\\\/\"},\"wordCount\":680,\"commentCount\":0,\"publisher\":{\"@id\":\"https:\\\/\\\/patagoniambiental.com.ar\\\/info\\\/#organization\"},\"image\":{\"@id\":\"https:\\\/\\\/patagoniambiental.com.ar\\\/info\\\/se-sumergiran-en-el-arroyo-duran-de-neuquen-para-retirar-basura-y-hasta-animales-muertos\\\/#primaryimage\"},\"thumbnailUrl\":\"https:\\\/\\\/patagoniambiental.com.ar\\\/info\\\/wp-content\\\/uploads\\\/2024\\\/03\\\/Screenshot-2024-03-22-at-09-52-21-Se-sumergiran-en-el-Arroyo-Duran-para-retirar-basura-y-hasta-animales-muertos.png\",\"articleSection\":[\"Agenda Ambiental\",\"Bolet\u00edn\",\"Municipales\"],\"inLanguage\":\"es\",\"potentialAction\":[{\"@type\":\"CommentAction\",\"name\":\"Comment\",\"target\":[\"https:\\\/\\\/patagoniambiental.com.ar\\\/info\\\/se-sumergiran-en-el-arroyo-duran-de-neuquen-para-retirar-basura-y-hasta-animales-muertos\\\/#respond\"]}]},{\"@type\":\"WebPage\",\"@id\":\"https:\\\/\\\/patagoniambiental.com.ar\\\/info\\\/se-sumergiran-en-el-arroyo-duran-de-neuquen-para-retirar-basura-y-hasta-animales-muertos\\\/\",\"url\":\"https:\\\/\\\/patagoniambiental.com.ar\\\/info\\\/se-sumergiran-en-el-arroyo-duran-de-neuquen-para-retirar-basura-y-hasta-animales-muertos\\\/\",\"name\":\"Se sumergir\u00e1n en el Arroyo Dur\u00e1n de Neuqu\u00e9n para retirar basura\",\"isPartOf\":{\"@id\":\"https:\\\/\\\/patagoniambiental.com.ar\\\/info\\\/#website\"},\"primaryImageOfPage\":{\"@id\":\"https:\\\/\\\/patagoniambiental.com.ar\\\/info\\\/se-sumergiran-en-el-arroyo-duran-de-neuquen-para-retirar-basura-y-hasta-animales-muertos\\\/#primaryimage\"},\"image\":{\"@id\":\"https:\\\/\\\/patagoniambiental.com.ar\\\/info\\\/se-sumergiran-en-el-arroyo-duran-de-neuquen-para-retirar-basura-y-hasta-animales-muertos\\\/#primaryimage\"},\"thumbnailUrl\":\"https:\\\/\\\/patagoniambiental.com.ar\\\/info\\\/wp-content\\\/uploads\\\/2024\\\/03\\\/Screenshot-2024-03-22-at-09-52-21-Se-sumergiran-en-el-Arroyo-Duran-para-retirar-basura-y-hasta-animales-muertos.png\",\"datePublished\":\"2024-03-22T10:00:00+00:00\",\"dateModified\":\"2024-08-13T13:28:15+00:00\",\"breadcrumb\":{\"@id\":\"https:\\\/\\\/patagoniambiental.com.ar\\\/info\\\/se-sumergiran-en-el-arroyo-duran-de-neuquen-para-retirar-basura-y-hasta-animales-muertos\\\/#breadcrumb\"},\"inLanguage\":\"es\",\"potentialAction\":[{\"@type\":\"ReadAction\",\"target\":[\"https:\\\/\\\/patagoniambiental.com.ar\\\/info\\\/se-sumergiran-en-el-arroyo-duran-de-neuquen-para-retirar-basura-y-hasta-animales-muertos\\\/\"]}]},{\"@type\":\"ImageObject\",\"inLanguage\":\"es\",\"@id\":\"https:\\\/\\\/patagoniambiental.com.ar\\\/info\\\/se-sumergiran-en-el-arroyo-duran-de-neuquen-para-retirar-basura-y-hasta-animales-muertos\\\/#primaryimage\",\"url\":\"https:\\\/\\\/patagoniambiental.com.ar\\\/info\\\/wp-content\\\/uploads\\\/2024\\\/03\\\/Screenshot-2024-03-22-at-09-52-21-Se-sumergiran-en-el-Arroyo-Duran-para-retirar-basura-y-hasta-animales-muertos.png\",\"contentUrl\":\"https:\\\/\\\/patagoniambiental.com.ar\\\/info\\\/wp-content\\\/uploads\\\/2024\\\/03\\\/Screenshot-2024-03-22-at-09-52-21-Se-sumergiran-en-el-Arroyo-Duran-para-retirar-basura-y-hasta-animales-muertos.png\",\"width\":752,\"height\":387,\"caption\":\"Se sumergir\u00e1n en el Arroyo Dur\u00e1n\"},{\"@type\":\"BreadcrumbList\",\"@id\":\"https:\\\/\\\/patagoniambiental.com.ar\\\/info\\\/se-sumergiran-en-el-arroyo-duran-de-neuquen-para-retirar-basura-y-hasta-animales-muertos\\\/#breadcrumb\",\"itemListElement\":[{\"@type\":\"ListItem\",\"position\":1,\"name\":\"Inicio\",\"item\":\"https:\\\/\\\/patagoniambiental.com.ar\\\/info\\\/\"},{\"@type\":\"ListItem\",\"position\":2,\"name\":\"Se sumergir\u00e1n en el Arroyo Dur\u00e1n de Neuqu\u00e9n para retirar basura\"}]},{\"@type\":\"WebSite\",\"@id\":\"https:\\\/\\\/patagoniambiental.com.ar\\\/info\\\/#website\",\"url\":\"https:\\\/\\\/patagoniambiental.com.ar\\\/info\\\/\",\"name\":\"Patagonia Ambiental\",\"description\":\"Monitoreo y an\u00e1lisis de la situaci\u00f3n geopol\u00edtica en el mundo y su implicancia en la Patagonia\",\"publisher\":{\"@id\":\"https:\\\/\\\/patagoniambiental.com.ar\\\/info\\\/#organization\"},\"potentialAction\":[{\"@type\":\"SearchAction\",\"target\":{\"@type\":\"EntryPoint\",\"urlTemplate\":\"https:\\\/\\\/patagoniambiental.com.ar\\\/info\\\/?s={search_term_string}\"},\"query-input\":{\"@type\":\"PropertyValueSpecification\",\"valueRequired\":true,\"valueName\":\"search_term_string\"}}],\"inLanguage\":\"es\"},{\"@type\":\"Organization\",\"@id\":\"https:\\\/\\\/patagoniambiental.com.ar\\\/info\\\/#organization\",\"name\":\"Patagonia Ambiental\",\"url\":\"https:\\\/\\\/patagoniambiental.com.ar\\\/info\\\/\",\"logo\":{\"@type\":\"ImageObject\",\"inLanguage\":\"es\",\"@id\":\"https:\\\/\\\/patagoniambiental.com.ar\\\/info\\\/#\\\/schema\\\/logo\\\/image\\\/\",\"url\":\"https:\\\/\\\/patagoniambiental.com.ar\\\/info\\\/wp-content\\\/uploads\\\/2025\\\/05\\\/LOGO-PATAGONIA-AMBIENTAL.png\",\"contentUrl\":\"https:\\\/\\\/patagoniambiental.com.ar\\\/info\\\/wp-content\\\/uploads\\\/2025\\\/05\\\/LOGO-PATAGONIA-AMBIENTAL.png\",\"width\":433,\"height\":250,\"caption\":\"Patagonia Ambiental\"},\"image\":{\"@id\":\"https:\\\/\\\/patagoniambiental.com.ar\\\/info\\\/#\\\/schema\\\/logo\\\/image\\\/\"},\"sameAs\":[\"https:\\\/\\\/www.facebook.com\\\/patagonia.ambiental\",\"https:\\\/\\\/x.com\\\/PatAmb\"]},{\"@type\":\"Person\",\"@id\":\"https:\\\/\\\/patagoniambiental.com.ar\\\/info\\\/#\\\/schema\\\/person\\\/db12bff64bbcbf6a253710bf0ea37b5d\",\"name\":\"Patagonia Ambiental\",\"description\":\"Andr\u00e9s Nievas T\u00e9cnico en manejo ambiental, consultor Ambiental y escritor para medios locales e internacionales sobre temas de geopolitica y medio ambiente.\",\"sameAs\":[\"http:\\\/\\\/www.patagoniambiental.com.ar\",\"https:\\\/\\\/www.facebook.com\\\/share\\\/1C1V8Gv9BX\\\/?mibextid=qi2Omg\",\"@patagoniambiental\",\"https:\\\/\\\/youtube.com\\\/@patagoniaambiental2023?si=BLt58t0wuXquxlYZ\"]}]}<\/script>\n<!-- \/ Yoast SEO Premium plugin. -->","yoast_head_json":{"title":"Se sumergir\u00e1n en el Arroyo Dur\u00e1n de Neuqu\u00e9n para retirar basura","robots":{"index":"index","follow":"follow","max-snippet":"max-snippet:-1","max-image-preview":"max-image-preview:large","max-video-preview":"max-video-preview:-1"},"canonical":"https:\/\/patagoniambiental.com.ar\/info\/se-sumergiran-en-el-arroyo-duran-de-neuquen-para-retirar-basura-y-hasta-animales-muertos\/","og_locale":"es_ES","og_type":"article","og_title":"Se sumergir\u00e1n en el Arroyo Dur\u00e1n de Neuqu\u00e9n para retirar basura","og_url":"https:\/\/patagoniambiental.com.ar\/info\/se-sumergiran-en-el-arroyo-duran-de-neuquen-para-retirar-basura-y-hasta-animales-muertos\/","og_site_name":"Patagonia Ambiental","article_publisher":"https:\/\/www.facebook.com\/patagonia.ambiental","article_author":"https:\/\/www.facebook.com\/share\/1C1V8Gv9BX\/?mibextid=qi2Omg","article_published_time":"2024-03-22T10:00:00+00:00","article_modified_time":"2024-08-13T13:28:15+00:00","og_image":[{"width":752,"height":387,"url":"https:\/\/patagoniambiental.com.ar\/info\/wp-content\/uploads\/2024\/03\/Screenshot-2024-03-22-at-09-52-21-Se-sumergiran-en-el-Arroyo-Duran-para-retirar-basura-y-hasta-animales-muertos.png","type":"image\/png"}],"author":"Patagonia Ambiental","twitter_card":"summary_large_image","twitter_creator":"@PatAmb","twitter_site":"@PatAmb","schema":{"@context":"https:\/\/schema.org","@graph":[{"@type":"Article","@id":"https:\/\/patagoniambiental.com.ar\/info\/se-sumergiran-en-el-arroyo-duran-de-neuquen-para-retirar-basura-y-hasta-animales-muertos\/#article","isPartOf":{"@id":"https:\/\/patagoniambiental.com.ar\/info\/se-sumergiran-en-el-arroyo-duran-de-neuquen-para-retirar-basura-y-hasta-animales-muertos\/"},"author":{"name":"Patagonia Ambiental","@id":"https:\/\/patagoniambiental.com.ar\/info\/#\/schema\/person\/db12bff64bbcbf6a253710bf0ea37b5d"},"headline":"Se sumergir\u00e1n en el Arroyo Dur\u00e1n de Neuqu\u00e9n para retirar basura","datePublished":"2024-03-22T10:00:00+00:00","dateModified":"2024-08-13T13:28:15+00:00","mainEntityOfPage":{"@id":"https:\/\/patagoniambiental.com.ar\/info\/se-sumergiran-en-el-arroyo-duran-de-neuquen-para-retirar-basura-y-hasta-animales-muertos\/"},"wordCount":680,"commentCount":0,"publisher":{"@id":"https:\/\/patagoniambiental.com.ar\/info\/#organization"},"image":{"@id":"https:\/\/patagoniambiental.com.ar\/info\/se-sumergiran-en-el-arroyo-duran-de-neuquen-para-retirar-basura-y-hasta-animales-muertos\/#primaryimage"},"thumbnailUrl":"https:\/\/patagoniambiental.com.ar\/info\/wp-content\/uploads\/2024\/03\/Screenshot-2024-03-22-at-09-52-21-Se-sumergiran-en-el-Arroyo-Duran-para-retirar-basura-y-hasta-animales-muertos.png","articleSection":["Agenda Ambiental","Bolet\u00edn","Municipales"],"inLanguage":"es","potentialAction":[{"@type":"CommentAction","name":"Comment","target":["https:\/\/patagoniambiental.com.ar\/info\/se-sumergiran-en-el-arroyo-duran-de-neuquen-para-retirar-basura-y-hasta-animales-muertos\/#respond"]}]},{"@type":"WebPage","@id":"https:\/\/patagoniambiental.com.ar\/info\/se-sumergiran-en-el-arroyo-duran-de-neuquen-para-retirar-basura-y-hasta-animales-muertos\/","url":"https:\/\/patagoniambiental.com.ar\/info\/se-sumergiran-en-el-arroyo-duran-de-neuquen-para-retirar-basura-y-hasta-animales-muertos\/","name":"Se sumergir\u00e1n en el Arroyo Dur\u00e1n de Neuqu\u00e9n para retirar basura","isPartOf":{"@id":"https:\/\/patagoniambiental.com.ar\/info\/#website"},"primaryImageOfPage":{"@id":"https:\/\/patagoniambiental.com.ar\/info\/se-sumergiran-en-el-arroyo-duran-de-neuquen-para-retirar-basura-y-hasta-animales-muertos\/#primaryimage"},"image":{"@id":"https:\/\/patagoniambiental.com.ar\/info\/se-sumergiran-en-el-arroyo-duran-de-neuquen-para-retirar-basura-y-hasta-animales-muertos\/#primaryimage"},"thumbnailUrl":"https:\/\/patagoniambiental.com.ar\/info\/wp-content\/uploads\/2024\/03\/Screenshot-2024-03-22-at-09-52-21-Se-sumergiran-en-el-Arroyo-Duran-para-retirar-basura-y-hasta-animales-muertos.png","datePublished":"2024-03-22T10:00:00+00:00","dateModified":"2024-08-13T13:28:15+00:00","breadcrumb":{"@id":"https:\/\/patagoniambiental.com.ar\/info\/se-sumergiran-en-el-arroyo-duran-de-neuquen-para-retirar-basura-y-hasta-animales-muertos\/#breadcrumb"},"inLanguage":"es","potentialAction":[{"@type":"ReadAction","target":["https:\/\/patagoniambiental.com.ar\/info\/se-sumergiran-en-el-arroyo-duran-de-neuquen-para-retirar-basura-y-hasta-animales-muertos\/"]}]},{"@type":"ImageObject","inLanguage":"es","@id":"https:\/\/patagoniambiental.com.ar\/info\/se-sumergiran-en-el-arroyo-duran-de-neuquen-para-retirar-basura-y-hasta-animales-muertos\/#primaryimage","url":"https:\/\/patagoniambiental.com.ar\/info\/wp-content\/uploads\/2024\/03\/Screenshot-2024-03-22-at-09-52-21-Se-sumergiran-en-el-Arroyo-Duran-para-retirar-basura-y-hasta-animales-muertos.png","contentUrl":"https:\/\/patagoniambiental.com.ar\/info\/wp-content\/uploads\/2024\/03\/Screenshot-2024-03-22-at-09-52-21-Se-sumergiran-en-el-Arroyo-Duran-para-retirar-basura-y-hasta-animales-muertos.png","width":752,"height":387,"caption":"Se sumergir\u00e1n en el Arroyo Dur\u00e1n"},{"@type":"BreadcrumbList","@id":"https:\/\/patagoniambiental.com.ar\/info\/se-sumergiran-en-el-arroyo-duran-de-neuquen-para-retirar-basura-y-hasta-animales-muertos\/#breadcrumb","itemListElement":[{"@type":"ListItem","position":1,"name":"Inicio","item":"https:\/\/patagoniambiental.com.ar\/info\/"},{"@type":"ListItem","position":2,"name":"Se sumergir\u00e1n en el Arroyo Dur\u00e1n de Neuqu\u00e9n para retirar basura"}]},{"@type":"WebSite","@id":"https:\/\/patagoniambiental.com.ar\/info\/#website","url":"https:\/\/patagoniambiental.com.ar\/info\/","name":"Patagonia Ambiental","description":"Monitoreo y an\u00e1lisis de la situaci\u00f3n geopol\u00edtica en el mundo y su implicancia en la Patagonia","publisher":{"@id":"https:\/\/patagoniambiental.com.ar\/info\/#organization"},"potentialAction":[{"@type":"SearchAction","target":{"@type":"EntryPoint","urlTemplate":"https:\/\/patagoniambiental.com.ar\/info\/?s={search_term_string}"},"query-input":{"@type":"PropertyValueSpecification","valueRequired":true,"valueName":"search_term_string"}}],"inLanguage":"es"},{"@type":"Organization","@id":"https:\/\/patagoniambiental.com.ar\/info\/#organization","name":"Patagonia Ambiental","url":"https:\/\/patagoniambiental.com.ar\/info\/","logo":{"@type":"ImageObject","inLanguage":"es","@id":"https:\/\/patagoniambiental.com.ar\/info\/#\/schema\/logo\/image\/","url":"https:\/\/patagoniambiental.com.ar\/info\/wp-content\/uploads\/2025\/05\/LOGO-PATAGONIA-AMBIENTAL.png","contentUrl":"https:\/\/patagoniambiental.com.ar\/info\/wp-content\/uploads\/2025\/05\/LOGO-PATAGONIA-AMBIENTAL.png","width":433,"height":250,"caption":"Patagonia Ambiental"},"image":{"@id":"https:\/\/patagoniambiental.com.ar\/info\/#\/schema\/logo\/image\/"},"sameAs":["https:\/\/www.facebook.com\/patagonia.ambiental","https:\/\/x.com\/PatAmb"]},{"@type":"Person","@id":"https:\/\/patagoniambiental.com.ar\/info\/#\/schema\/person\/db12bff64bbcbf6a253710bf0ea37b5d","name":"Patagonia Ambiental","description":"Andr\u00e9s Nievas T\u00e9cnico en manejo ambiental, consultor Ambiental y escritor para medios locales e internacionales sobre temas de geopolitica y medio ambiente.","sameAs":["http:\/\/www.patagoniambiental.com.ar","https:\/\/www.facebook.com\/share\/1C1V8Gv9BX\/?mibextid=qi2Omg","@patagoniambiental","https:\/\/youtube.com\/@patagoniaambiental2023?si=BLt58t0wuXquxlYZ"]}]}},"_links":{"self":[{"href":"https:\/\/patagoniambiental.com.ar\/info\/wp-json\/wp\/v2\/posts\/81045","targetHints":{"allow":["GET"]}}],"collection":[{"href":"https:\/\/patagoniambiental.com.ar\/info\/wp-json\/wp\/v2\/posts"}],"about":[{"href":"https:\/\/patagoniambiental.com.ar\/info\/wp-json\/wp\/v2\/types\/post"}],"author":[{"embeddable":true,"href":"https:\/\/patagoniambiental.com.ar\/info\/wp-json\/wp\/v2\/users\/2"}],"replies":[{"embeddable":true,"href":"https:\/\/patagoniambiental.com.ar\/info\/wp-json\/wp\/v2\/comments?post=81045"}],"version-history":[{"count":0,"href":"https:\/\/patagoniambiental.com.ar\/info\/wp-json\/wp\/v2\/posts\/81045\/revisions"}],"wp:featuredmedia":[{"embeddable":true,"href":"https:\/\/patagoniambiental.com.ar\/info\/wp-json\/wp\/v2\/media\/81046"}],"wp:attachment":[{"href":"https:\/\/patagoniambiental.com.ar\/info\/wp-json\/wp\/v2\/media?parent=81045"}],"wp:term":[{"taxonomy":"category","embeddable":true,"href":"https:\/\/patagoniambiental.com.ar\/info\/wp-json\/wp\/v2\/categories?post=81045"},{"taxonomy":"post_tag","embeddable":true,"href":"https:\/\/patagoniambiental.com.ar\/info\/wp-json\/wp\/v2\/tags?post=81045"}],"curies":[{"name":"wp","href":"https:\/\/api.w.org\/{rel}","templated":true}]}}