{"id":81154,"date":"2024-03-26T19:00:00","date_gmt":"2024-03-26T22:00:00","guid":{"rendered":"https:\/\/patagoniambiental.com.ar\/info\/?p=81154"},"modified":"2024-09-19T12:53:33","modified_gmt":"2024-09-19T15:53:33","slug":"legislatura-declaran-pionera-antartica-de-tierra-del-fuego-a-mabelle-mottet","status":"publish","type":"post","link":"https:\/\/patagoniambiental.com.ar\/info\/legislatura-declaran-pionera-antartica-de-tierra-del-fuego-a-mabelle-mottet\/","title":{"rendered":"LEGISLATURA: Declaran pionera ant\u00e1rtica de Tierra del Fuego a Mabelle Mottet"},"content":{"rendered":"\n<!--more-->\n\n\n\n<p><strong>Ushuaia.- La Legislatura fueguina aprob\u00f3 el proyecto de resoluci\u00f3n que declara pionera ant\u00e1rtica de Tierra del Fuego, a Mabelle Mottet. La iniciativa que parti\u00f3 de la legisladora Gisela Dos Santos, result\u00f3 aprobada por unanimidad y, en los fundamentos, resalta la trayectoria de las primeras mujeres fueguinas parte del \u201cplan de poblamiento\u201d de Argentina en el continente blanco.<\/strong><\/p>\n\n\n\n<p>Dos Santos hace un recorrido hist\u00f3rico de la presencia de la Rep\u00fablica Argentina en la Ant\u00e1rtida con las primeras expediciones entre 1901 y 1904 con el alf\u00e9rez Jos\u00e9 Mar\u00eda Sobral, de acuerdo a los fundamentos de la propuesta, <a href=\"https:\/\/www.legistdf.gob.ar\/lp\/novedadesip\/Asuntos%20Entrados%202024\/As.%20N%BA%20080-24.pdf\" target=\"_blank\" rel=\"noreferrer noopener\">asunto N\u00b0 080\/24<\/a>. \u201cA partir de all\u00ed, comenz\u00f3 en nuestro pa\u00eds una etapa trascendental que le fuera reconocido en el contexto internacional\u201d. En el particular, recuerda que Mabelle Mottet fue parte de la primera expedici\u00f3n cient\u00edfica argentina a la Ant\u00e1rtida continental en 1951. Asi describe los detalles de la acci\u00f3n en momentos de zozobra de esa formaci\u00f3n.<\/p>\n\n\n\n<figure class=\"wp-block-image alignright\"><a href=\"https:\/\/www.legistdf.gob.ar\/wp-content\/uploads\/2024\/03\/normal_mabellemottet-1.jpg\"><img decoding=\"async\" src=\"https:\/\/www.legistdf.gob.ar\/wp-content\/uploads\/2024\/03\/normal_mabellemottet-1.jpg\" alt=\"\" class=\"wp-image-42287\"\/><\/a><\/figure>\n\n\n\n<p>\u201cMabelle jug\u00f3 un papel crucial en este logro, conocido como el <a href=\"https:\/\/www.marambio.aq\/caseriosanlorenzo.html\" target=\"_blank\" rel=\"noreferrer noopener\">Milagro de Santa Micaela<\/a>\u201d adem\u00e1s se convirti\u00f3 en pionera ant\u00e1rtica y \u201cdecidi\u00f3 abrir el camino para las mujeres en la salvaguarda de la Soberan\u00eda Nacional\u201d en el extremo sur de la patria.&nbsp; Ella fue, junto a al general Hern\u00e1n Pujato quienes propusieron la creaci\u00f3n del caser\u00edo San Lorenzo, para las familias asentadas en el continente, proyecto que no se cristaliz\u00f3 debido a los hechos de 1955.<\/p>\n\n\n\n<p>Desde la bancada de Somos Fueguinos, la Parlamentaria se\u00f1al\u00f3 que es preciso recordar que varias mujeres argentinas dieron a luz en el continente blanco, \u201cy a esas hero\u00ednas se sumaron cient\u00edficas log\u00edsticas, docentes, locutoras, m\u00e9dicas y much\u00edsimas mujeres m\u00e1s que han ido integrando muy activamente al accionar ant\u00e1rtico\u201d.<\/p>\n\n\n\n<p>Fuente: https:\/\/www.legistdf.gob.ar\/index.php\/2024\/03\/25\/legislatura-declaran-pionera-antartica-de-tierra-del-fuego-a-mabelle-mottet\/<\/p>\n\n\n\n<p><a href=\"https:\/\/www.legistdf.gob.ar\/wp-content\/plugins\/feeds-for-youtube\/img\/lightbox-placeholder.png\" target=\"_blank\" rel=\"noreferrer noopener\">SALUD: Hoy inician la campa\u00f1a de prevenci\u00f3n y concientizaci\u00f3n contra el c\u00e1ncer de mama<\/a><a href=\"https:\/\/www.legistdf.gob.ar\/wp-content\/plugins\/feeds-for-youtube\/img\/lightbox-placeholder.png\" target=\"_blank\" rel=\"noreferrer noopener\"> YouTube Video UCUqi2Dzv3qPliJQsRw8al2w_1Mdv25QWm3s<\/a><\/p>\n\n\n\n<p><a href=\"https:\/\/www.legistdf.gob.ar\/wp-content\/plugins\/feeds-for-youtube\/img\/lightbox-placeholder.png\" target=\"_blank\" rel=\"noreferrer noopener\"><\/a><\/p>\n\n\n\n<p><a href=\"https:\/\/www.legistdf.gob.ar\/wp-content\/plugins\/feeds-for-youtube\/img\/lightbox-placeholder.png\" target=\"_blank\" rel=\"noreferrer noopener\"><\/a><\/p>\n\n\n\n<p><a href=\"https:\/\/www.legistdf.gob.ar\/wp-content\/plugins\/feeds-for-youtube\/img\/lightbox-placeholder.png\" target=\"_blank\" rel=\"noreferrer noopener\">29\/09\/2023 &#8211; 3\u00aa SESI\u00d3N ORDINARIA (2\u00aa PARTE)<\/a><a href=\"https:\/\/www.legistdf.gob.ar\/wp-content\/plugins\/feeds-for-youtube\/img\/lightbox-placeholder.png\" target=\"_blank\" rel=\"noreferrer noopener\"> YouTube Video UCUqi2Dzv3qPliJQsRw8al2w_tDTh_6_qaaM<\/a><\/p>\n\n\n\n<p><a href=\"https:\/\/www.legistdf.gob.ar\/wp-content\/plugins\/feeds-for-youtube\/img\/lightbox-placeholder.png\" target=\"_blank\" rel=\"noreferrer noopener\"><\/a><\/p>\n\n\n\n<p><a href=\"https:\/\/www.legistdf.gob.ar\/wp-content\/plugins\/feeds-for-youtube\/img\/lightbox-placeholder.png\" target=\"_blank\" rel=\"noreferrer noopener\"><\/a><\/p>\n\n\n\n<p><a href=\"https:\/\/www.legistdf.gob.ar\/wp-content\/plugins\/feeds-for-youtube\/img\/lightbox-placeholder.png\" target=\"_blank\" rel=\"noreferrer noopener\">3\u00aa SESI\u00d3N ORDINARIA (1\u00aa PARTE)<\/a><a href=\"https:\/\/www.legistdf.gob.ar\/wp-content\/plugins\/feeds-for-youtube\/img\/lightbox-placeholder.png\" target=\"_blank\" rel=\"noreferrer noopener\"> YouTube Video UCUqi2Dzv3qPliJQsRw8al2w_kZsmG45hzPM<\/a><\/p>\n\n\n\n<p><a href=\"https:\/\/www.legistdf.gob.ar\/wp-content\/plugins\/feeds-for-youtube\/img\/lightbox-placeholder.png\" target=\"_blank\" rel=\"noreferrer noopener\"><\/a><\/p>\n\n\n\n<p><a href=\"https:\/\/www.legistdf.gob.ar\/wp-content\/plugins\/feeds-for-youtube\/img\/lightbox-placeholder.png\" target=\"_blank\" rel=\"noreferrer noopener\"><\/a><\/p>\n\n\n\n<p><a href=\"https:\/\/www.legistdf.gob.ar\/wp-content\/plugins\/feeds-for-youtube\/img\/lightbox-placeholder.png\" target=\"_blank\" rel=\"noreferrer noopener\">Parlamento Juvenil del Mercosur 2023<\/a><a href=\"https:\/\/www.legistdf.gob.ar\/wp-content\/plugins\/feeds-for-youtube\/img\/lightbox-placeholder.png\" target=\"_blank\" rel=\"noreferrer noopener\"> YouTube Video UCUqi2Dzv3qPliJQsRw8al2w_rqS5xuuV2CQ<\/a><\/p>\n\n\n\n<p><a href=\"https:\/\/www.legistdf.gob.ar\/wp-content\/plugins\/feeds-for-youtube\/img\/lightbox-placeholder.png\" target=\"_blank\" rel=\"noreferrer noopener\"><\/a><\/p>\n\n\n\n<p><a href=\"https:\/\/www.legistdf.gob.ar\/wp-content\/plugins\/feeds-for-youtube\/img\/lightbox-placeholder.png\" target=\"_blank\" rel=\"noreferrer noopener\"><\/a><\/p>\n\n\n\n<p><a href=\"https:\/\/www.legistdf.gob.ar\/wp-content\/plugins\/feeds-for-youtube\/img\/lightbox-placeholder.png\" target=\"_blank\" rel=\"noreferrer noopener\">2\u00aa SESI\u00d3N ORDINARIA<\/a><a href=\"https:\/\/www.legistdf.gob.ar\/wp-content\/plugins\/feeds-for-youtube\/img\/lightbox-placeholder.png\" target=\"_blank\" rel=\"noreferrer noopener\"> YouTube Video UCUqi2Dzv3qPliJQsRw8al2w_g7-eeIgwKeY<\/a><\/p>\n\n\n\n<p><a href=\"https:\/\/www.legistdf.gob.ar\/wp-content\/plugins\/feeds-for-youtube\/img\/lightbox-placeholder.png\" target=\"_blank\" rel=\"noreferrer noopener\"><\/a><\/p>\n\n\n\n<p><a href=\"https:\/\/www.legistdf.gob.ar\/wp-content\/plugins\/feeds-for-youtube\/img\/lightbox-placeholder.png\" target=\"_blank\" rel=\"noreferrer noopener\"><\/a><\/p>\n\n\n\n<p><a href=\"https:\/\/www.legistdf.gob.ar\/wp-content\/plugins\/feeds-for-youtube\/img\/lightbox-placeholder.png\" target=\"_blank\" rel=\"noreferrer noopener\">2\u00aa Sesi\u00f3n Ordinaria<\/a><a href=\"https:\/\/www.legistdf.gob.ar\/wp-content\/plugins\/feeds-for-youtube\/img\/lightbox-placeholder.png\" target=\"_blank\" rel=\"noreferrer noopener\"> YouTube Video UCUqi2Dzv3qPliJQsRw8al2w_J70xrlUcgbA<\/a><\/p>\n\n\n\n<p><a href=\"https:\/\/www.legistdf.gob.ar\/wp-content\/plugins\/feeds-for-youtube\/img\/lightbox-placeholder.png\" target=\"_blank\" rel=\"noreferrer noopener\"><\/a><\/p>\n\n\n\n<p><a href=\"https:\/\/www.legistdf.gob.ar\/wp-content\/plugins\/feeds-for-youtube\/img\/lightbox-placeholder.png\" target=\"_blank\" rel=\"noreferrer noopener\"><\/a><\/p>\n\n\n\n<p><a href=\"https:\/\/www.legistdf.gob.ar\/wp-content\/plugins\/feeds-for-youtube\/img\/lightbox-placeholder.png\" target=\"_blank\" rel=\"noreferrer noopener\">260623 Legisladora Liliana Mart\u00ednez Allende y su visita al CAPC Ush<\/a><a href=\"https:\/\/www.legistdf.gob.ar\/wp-content\/plugins\/feeds-for-youtube\/img\/lightbox-placeholder.png\" target=\"_blank\" rel=\"noreferrer noopener\"> YouTube Video UCUqi2Dzv3qPliJQsRw8al2w_jS0Ilhry7WE<\/a><\/p>\n\n\n\n<p><a href=\"https:\/\/www.legistdf.gob.ar\/wp-content\/plugins\/feeds-for-youtube\/img\/lightbox-placeholder.png\" target=\"_blank\" rel=\"noreferrer noopener\"><\/a><\/p>\n\n\n\n<p><a href=\"https:\/\/www.legistdf.gob.ar\/wp-content\/plugins\/feeds-for-youtube\/img\/lightbox-placeholder.png\" target=\"_blank\" rel=\"noreferrer noopener\"><\/a><\/p>\n\n\n\n<p><a href=\"https:\/\/www.legistdf.gob.ar\/wp-content\/plugins\/feeds-for-youtube\/img\/lightbox-placeholder.png\" target=\"_blank\" rel=\"noreferrer noopener\">260623 D\u00eda Internacional de la Lucha contra el uso ilegal y el tr\u00e1fico il\u00edcito de Drogas<\/a><a href=\"https:\/\/www.legistdf.gob.ar\/wp-content\/plugins\/feeds-for-youtube\/img\/lightbox-placeholder.png\" target=\"_blank\" rel=\"noreferrer noopener\"> YouTube Video UCUqi2Dzv3qPliJQsRw8al2w_omMnESt4xX8<\/a><\/p>\n\n\n\n<p><a href=\"https:\/\/www.legistdf.gob.ar\/wp-content\/plugins\/feeds-for-youtube\/img\/lightbox-placeholder.png\" target=\"_blank\" rel=\"noreferrer noopener\"><\/a><\/p>\n\n\n\n<p><a href=\"https:\/\/www.legistdf.gob.ar\/wp-content\/plugins\/feeds-for-youtube\/img\/lightbox-placeholder.png\" target=\"_blank\" rel=\"noreferrer noopener\"><\/a><\/p>\n\n\n\n<p><a href=\"https:\/\/www.legistdf.gob.ar\/wp-content\/plugins\/feeds-for-youtube\/img\/lightbox-placeholder.png\" target=\"_blank\" rel=\"noreferrer noopener\">Reuni\u00f3n de Comisi\u00f3n de Minoridad N\u00b0. 5<\/a><a href=\"https:\/\/www.legistdf.gob.ar\/wp-content\/plugins\/feeds-for-youtube\/img\/lightbox-placeholder.png\" target=\"_blank\" rel=\"noreferrer noopener\"> YouTube Video UCUqi2Dzv3qPliJQsRw8al2w_ieeQMKvGX9k<\/a><\/p>\n\n\n\n<p><a href=\"https:\/\/www.legistdf.gob.ar\/wp-content\/plugins\/feeds-for-youtube\/img\/lightbox-placeholder.png\" target=\"_blank\" rel=\"noreferrer noopener\"><\/a><\/p>\n\n\n\n<p><a href=\"https:\/\/www.legistdf.gob.ar\/wp-content\/plugins\/feeds-for-youtube\/img\/lightbox-placeholder.png\" target=\"_blank\" rel=\"noreferrer noopener\"><\/a><\/p>\n\n\n\n<p><a href=\"https:\/\/www.legistdf.gob.ar\/wp-content\/plugins\/feeds-for-youtube\/img\/lightbox-placeholder.png\" target=\"_blank\" rel=\"noreferrer noopener\">MINORIDAD: La familia Dupuy lleg\u00f3 a Ushuaia e impulsa la adhesi\u00f3n a la Ley Lucio<\/a><a href=\"https:\/\/www.legistdf.gob.ar\/wp-content\/plugins\/feeds-for-youtube\/img\/lightbox-placeholder.png\" target=\"_blank\" rel=\"noreferrer noopener\"> YouTube Video UCUqi2Dzv3qPliJQsRw8al2w_kiXNCzxEh_o<\/a><\/p>\n\n\n\n<p><a href=\"https:\/\/www.legistdf.gob.ar\/wp-content\/plugins\/feeds-for-youtube\/img\/lightbox-placeholder.png\" target=\"_blank\" rel=\"noreferrer noopener\"><\/a><\/p>\n\n\n\n<p><a href=\"https:\/\/www.legistdf.gob.ar\/wp-content\/plugins\/feeds-for-youtube\/img\/lightbox-placeholder.png\" target=\"_blank\" rel=\"noreferrer noopener\"><\/a><\/p>\n\n\n\n<p><\/p>\n\n\n\n<p><a href=\"https:\/\/www.legistdf.gob.ar\/wp-content\/plugins\/feeds-for-youtube\/img\/lightbox-placeholder.png\" target=\"_blank\" rel=\"noreferrer noopener\"><\/a><\/p>\n\n\n\n<p><a href=\"https:\/\/www.legistdf.gob.ar\/wp-content\/plugins\/feeds-for-youtube\/img\/lightbox-placeholder.png\" target=\"_blank\" rel=\"noreferrer noopener\"><\/a><\/p>\n\n\n\n<p><\/p>\n\n\n\n<p><a href=\"https:\/\/www.legistdf.gob.ar\/wp-content\/plugins\/feeds-for-youtube\/img\/lightbox-placeholder.png\" target=\"_blank\" rel=\"noreferrer noopener\"><\/a><\/p>\n\n\n\n<p><a href=\"https:\/\/www.legistdf.gob.ar\/wp-content\/plugins\/feeds-for-youtube\/img\/lightbox-placeholder.png\" target=\"_blank\" rel=\"noreferrer noopener\"><\/a><\/p>\n\n\n\n<p><\/p>\n\n\n\n<p>\u00a9 <\/p>\n","protected":false},"excerpt":{"rendered":"","protected":false},"author":2,"featured_media":88582,"comment_status":"open","ping_status":"open","sticky":false,"template":"","format":"standard","meta":{"site-sidebar-layout":"default","site-content-layout":"","ast-site-content-layout":"default","site-content-style":"default","site-sidebar-style":"default","ast-global-header-display":"","ast-banner-title-visibility":"","ast-main-header-display":"","ast-hfb-above-header-display":"","ast-hfb-below-header-display":"","ast-hfb-mobile-header-display":"","site-post-title":"","ast-breadcrumbs-content":"","ast-featured-img":"","footer-sml-layout":"","ast-disable-related-posts":"","theme-transparent-header-meta":"","adv-header-id-meta":"","stick-header-meta":"","header-above-stick-meta":"","header-main-stick-meta":"","header-below-stick-meta":"","astra-migrate-meta-layouts":"default","ast-page-background-enabled":"default","ast-page-background-meta":{"desktop":{"background-color":"var(--ast-global-color-5)","background-image":"","background-repeat":"repeat","background-position":"center center","background-size":"auto","background-attachment":"scroll","background-type":"","background-media":"","overlay-type":"","overlay-color":"","overlay-opacity":"","overlay-gradient":""},"tablet":{"background-color":"","background-image":"","background-repeat":"repeat","background-position":"center center","background-size":"auto","background-attachment":"scroll","background-type":"","background-media":"","overlay-type":"","overlay-color":"","overlay-opacity":"","overlay-gradient":""},"mobile":{"background-color":"","background-image":"","background-repeat":"repeat","background-position":"center center","background-size":"auto","background-attachment":"scroll","background-type":"","background-media":"","overlay-type":"","overlay-color":"","overlay-opacity":"","overlay-gradient":""}},"ast-content-background-meta":{"desktop":{"background-color":"var(--ast-global-color-4)","background-image":"","background-repeat":"repeat","background-position":"center center","background-size":"auto","background-attachment":"scroll","background-type":"","background-media":"","overlay-type":"","overlay-color":"","overlay-opacity":"","overlay-gradient":""},"tablet":{"background-color":"var(--ast-global-color-4)","background-image":"","background-repeat":"repeat","background-position":"center center","background-size":"auto","background-attachment":"scroll","background-type":"","background-media":"","overlay-type":"","overlay-color":"","overlay-opacity":"","overlay-gradient":""},"mobile":{"background-color":"var(--ast-global-color-4)","background-image":"","background-repeat":"repeat","background-position":"center center","background-size":"auto","background-attachment":"scroll","background-type":"","background-media":"","overlay-type":"","overlay-color":"","overlay-opacity":"","overlay-gradient":""}},"footnotes":""},"categories":[13,25],"tags":[],"class_list":["post-81154","post","type-post","status-publish","format-standard","has-post-thumbnail","hentry","category-provinciales","category-tierra-del-fuego"],"yoast_head":"<!-- This site is optimized with the Yoast SEO Premium plugin v23.0 (Yoast SEO v27.5) - https:\/\/yoast.com\/product\/yoast-seo-premium-wordpress\/ -->\n<title>LEGISLATURA: Declaran pionera ant\u00e1rtica de Tierra del Fuego a Mabelle Mottet<\/title>\n<meta name=\"robots\" content=\"index, follow, max-snippet:-1, max-image-preview:large, max-video-preview:-1\" \/>\n<link rel=\"canonical\" href=\"https:\/\/patagoniambiental.com.ar\/info\/legislatura-declaran-pionera-antartica-de-tierra-del-fuego-a-mabelle-mottet\/\" \/>\n<meta property=\"og:locale\" content=\"es_ES\" \/>\n<meta property=\"og:type\" content=\"article\" \/>\n<meta property=\"og:title\" content=\"LEGISLATURA: Declaran pionera ant\u00e1rtica de Tierra del Fuego a Mabelle Mottet\" \/>\n<meta property=\"og:url\" content=\"https:\/\/patagoniambiental.com.ar\/info\/legislatura-declaran-pionera-antartica-de-tierra-del-fuego-a-mabelle-mottet\/\" \/>\n<meta property=\"og:site_name\" content=\"Patagonia Ambiental\" \/>\n<meta property=\"article:publisher\" content=\"https:\/\/www.facebook.com\/patagonia.ambiental\" \/>\n<meta property=\"article:author\" content=\"https:\/\/www.facebook.com\/share\/1C1V8Gv9BX\/?mibextid=qi2Omg\" \/>\n<meta property=\"article:published_time\" content=\"2024-03-26T22:00:00+00:00\" \/>\n<meta property=\"article:modified_time\" content=\"2024-09-19T15:53:33+00:00\" \/>\n<meta property=\"og:image\" content=\"https:\/\/patagoniambiental.com.ar\/info\/wp-content\/uploads\/2024\/08\/ambiente.png\" \/>\n\t<meta property=\"og:image:width\" content=\"700\" \/>\n\t<meta property=\"og:image:height\" content=\"273\" \/>\n\t<meta property=\"og:image:type\" content=\"image\/png\" \/>\n<meta name=\"author\" content=\"Patagonia Ambiental\" \/>\n<meta name=\"twitter:card\" content=\"summary_large_image\" \/>\n<meta name=\"twitter:creator\" content=\"@PatAmb\" \/>\n<meta name=\"twitter:site\" content=\"@PatAmb\" \/>\n<script type=\"application\/ld+json\" class=\"yoast-schema-graph\">{\"@context\":\"https:\\\/\\\/schema.org\",\"@graph\":[{\"@type\":\"Article\",\"@id\":\"https:\\\/\\\/patagoniambiental.com.ar\\\/info\\\/legislatura-declaran-pionera-antartica-de-tierra-del-fuego-a-mabelle-mottet\\\/#article\",\"isPartOf\":{\"@id\":\"https:\\\/\\\/patagoniambiental.com.ar\\\/info\\\/legislatura-declaran-pionera-antartica-de-tierra-del-fuego-a-mabelle-mottet\\\/\"},\"author\":{\"name\":\"Patagonia Ambiental\",\"@id\":\"https:\\\/\\\/patagoniambiental.com.ar\\\/info\\\/#\\\/schema\\\/person\\\/db12bff64bbcbf6a253710bf0ea37b5d\"},\"headline\":\"LEGISLATURA: Declaran pionera ant\u00e1rtica de Tierra del Fuego a Mabelle Mottet\",\"datePublished\":\"2024-03-26T22:00:00+00:00\",\"dateModified\":\"2024-09-19T15:53:33+00:00\",\"mainEntityOfPage\":{\"@id\":\"https:\\\/\\\/patagoniambiental.com.ar\\\/info\\\/legislatura-declaran-pionera-antartica-de-tierra-del-fuego-a-mabelle-mottet\\\/\"},\"wordCount\":505,\"commentCount\":0,\"publisher\":{\"@id\":\"https:\\\/\\\/patagoniambiental.com.ar\\\/info\\\/#organization\"},\"image\":{\"@id\":\"https:\\\/\\\/patagoniambiental.com.ar\\\/info\\\/legislatura-declaran-pionera-antartica-de-tierra-del-fuego-a-mabelle-mottet\\\/#primaryimage\"},\"thumbnailUrl\":\"https:\\\/\\\/patagoniambiental.com.ar\\\/info\\\/wp-content\\\/uploads\\\/2024\\\/08\\\/ambiente.png\",\"articleSection\":[\"Provinciales\",\"Tierra del Fuego\"],\"inLanguage\":\"es\",\"potentialAction\":[{\"@type\":\"CommentAction\",\"name\":\"Comment\",\"target\":[\"https:\\\/\\\/patagoniambiental.com.ar\\\/info\\\/legislatura-declaran-pionera-antartica-de-tierra-del-fuego-a-mabelle-mottet\\\/#respond\"]}]},{\"@type\":\"WebPage\",\"@id\":\"https:\\\/\\\/patagoniambiental.com.ar\\\/info\\\/legislatura-declaran-pionera-antartica-de-tierra-del-fuego-a-mabelle-mottet\\\/\",\"url\":\"https:\\\/\\\/patagoniambiental.com.ar\\\/info\\\/legislatura-declaran-pionera-antartica-de-tierra-del-fuego-a-mabelle-mottet\\\/\",\"name\":\"LEGISLATURA: Declaran pionera ant\u00e1rtica de Tierra del Fuego a Mabelle Mottet\",\"isPartOf\":{\"@id\":\"https:\\\/\\\/patagoniambiental.com.ar\\\/info\\\/#website\"},\"primaryImageOfPage\":{\"@id\":\"https:\\\/\\\/patagoniambiental.com.ar\\\/info\\\/legislatura-declaran-pionera-antartica-de-tierra-del-fuego-a-mabelle-mottet\\\/#primaryimage\"},\"image\":{\"@id\":\"https:\\\/\\\/patagoniambiental.com.ar\\\/info\\\/legislatura-declaran-pionera-antartica-de-tierra-del-fuego-a-mabelle-mottet\\\/#primaryimage\"},\"thumbnailUrl\":\"https:\\\/\\\/patagoniambiental.com.ar\\\/info\\\/wp-content\\\/uploads\\\/2024\\\/08\\\/ambiente.png\",\"datePublished\":\"2024-03-26T22:00:00+00:00\",\"dateModified\":\"2024-09-19T15:53:33+00:00\",\"breadcrumb\":{\"@id\":\"https:\\\/\\\/patagoniambiental.com.ar\\\/info\\\/legislatura-declaran-pionera-antartica-de-tierra-del-fuego-a-mabelle-mottet\\\/#breadcrumb\"},\"inLanguage\":\"es\",\"potentialAction\":[{\"@type\":\"ReadAction\",\"target\":[\"https:\\\/\\\/patagoniambiental.com.ar\\\/info\\\/legislatura-declaran-pionera-antartica-de-tierra-del-fuego-a-mabelle-mottet\\\/\"]}]},{\"@type\":\"ImageObject\",\"inLanguage\":\"es\",\"@id\":\"https:\\\/\\\/patagoniambiental.com.ar\\\/info\\\/legislatura-declaran-pionera-antartica-de-tierra-del-fuego-a-mabelle-mottet\\\/#primaryimage\",\"url\":\"https:\\\/\\\/patagoniambiental.com.ar\\\/info\\\/wp-content\\\/uploads\\\/2024\\\/08\\\/ambiente.png\",\"contentUrl\":\"https:\\\/\\\/patagoniambiental.com.ar\\\/info\\\/wp-content\\\/uploads\\\/2024\\\/08\\\/ambiente.png\",\"width\":700,\"height\":273,\"caption\":\"Agua y Vida: Por qu\u00e9 Mendoza se Pregunta qu\u00e9 es la Biodiversidad\"},{\"@type\":\"BreadcrumbList\",\"@id\":\"https:\\\/\\\/patagoniambiental.com.ar\\\/info\\\/legislatura-declaran-pionera-antartica-de-tierra-del-fuego-a-mabelle-mottet\\\/#breadcrumb\",\"itemListElement\":[{\"@type\":\"ListItem\",\"position\":1,\"name\":\"Inicio\",\"item\":\"https:\\\/\\\/patagoniambiental.com.ar\\\/info\\\/\"},{\"@type\":\"ListItem\",\"position\":2,\"name\":\"LEGISLATURA: Declaran pionera ant\u00e1rtica de Tierra del Fuego a Mabelle Mottet\"}]},{\"@type\":\"WebSite\",\"@id\":\"https:\\\/\\\/patagoniambiental.com.ar\\\/info\\\/#website\",\"url\":\"https:\\\/\\\/patagoniambiental.com.ar\\\/info\\\/\",\"name\":\"Patagonia Ambiental\",\"description\":\"Monitoreo y an\u00e1lisis de la situaci\u00f3n geopol\u00edtica en el mundo y su implicancia en la Patagonia\",\"publisher\":{\"@id\":\"https:\\\/\\\/patagoniambiental.com.ar\\\/info\\\/#organization\"},\"potentialAction\":[{\"@type\":\"SearchAction\",\"target\":{\"@type\":\"EntryPoint\",\"urlTemplate\":\"https:\\\/\\\/patagoniambiental.com.ar\\\/info\\\/?s={search_term_string}\"},\"query-input\":{\"@type\":\"PropertyValueSpecification\",\"valueRequired\":true,\"valueName\":\"search_term_string\"}}],\"inLanguage\":\"es\"},{\"@type\":\"Organization\",\"@id\":\"https:\\\/\\\/patagoniambiental.com.ar\\\/info\\\/#organization\",\"name\":\"Patagonia Ambiental\",\"url\":\"https:\\\/\\\/patagoniambiental.com.ar\\\/info\\\/\",\"logo\":{\"@type\":\"ImageObject\",\"inLanguage\":\"es\",\"@id\":\"https:\\\/\\\/patagoniambiental.com.ar\\\/info\\\/#\\\/schema\\\/logo\\\/image\\\/\",\"url\":\"https:\\\/\\\/patagoniambiental.com.ar\\\/info\\\/wp-content\\\/uploads\\\/2025\\\/05\\\/LOGO-PATAGONIA-AMBIENTAL.png\",\"contentUrl\":\"https:\\\/\\\/patagoniambiental.com.ar\\\/info\\\/wp-content\\\/uploads\\\/2025\\\/05\\\/LOGO-PATAGONIA-AMBIENTAL.png\",\"width\":433,\"height\":250,\"caption\":\"Patagonia Ambiental\"},\"image\":{\"@id\":\"https:\\\/\\\/patagoniambiental.com.ar\\\/info\\\/#\\\/schema\\\/logo\\\/image\\\/\"},\"sameAs\":[\"https:\\\/\\\/www.facebook.com\\\/patagonia.ambiental\",\"https:\\\/\\\/x.com\\\/PatAmb\"]},{\"@type\":\"Person\",\"@id\":\"https:\\\/\\\/patagoniambiental.com.ar\\\/info\\\/#\\\/schema\\\/person\\\/db12bff64bbcbf6a253710bf0ea37b5d\",\"name\":\"Patagonia Ambiental\",\"description\":\"Andr\u00e9s Nievas T\u00e9cnico en manejo ambiental, consultor Ambiental y escritor para medios locales e internacionales sobre temas de geopolitica y medio ambiente.\",\"sameAs\":[\"http:\\\/\\\/www.patagoniambiental.com.ar\",\"https:\\\/\\\/www.facebook.com\\\/share\\\/1C1V8Gv9BX\\\/?mibextid=qi2Omg\",\"@patagoniambiental\",\"https:\\\/\\\/youtube.com\\\/@patagoniaambiental2023?si=BLt58t0wuXquxlYZ\"]}]}<\/script>\n<!-- \/ Yoast SEO Premium plugin. -->","yoast_head_json":{"title":"LEGISLATURA: Declaran pionera ant\u00e1rtica de Tierra del Fuego a Mabelle Mottet","robots":{"index":"index","follow":"follow","max-snippet":"max-snippet:-1","max-image-preview":"max-image-preview:large","max-video-preview":"max-video-preview:-1"},"canonical":"https:\/\/patagoniambiental.com.ar\/info\/legislatura-declaran-pionera-antartica-de-tierra-del-fuego-a-mabelle-mottet\/","og_locale":"es_ES","og_type":"article","og_title":"LEGISLATURA: Declaran pionera ant\u00e1rtica de Tierra del Fuego a Mabelle Mottet","og_url":"https:\/\/patagoniambiental.com.ar\/info\/legislatura-declaran-pionera-antartica-de-tierra-del-fuego-a-mabelle-mottet\/","og_site_name":"Patagonia Ambiental","article_publisher":"https:\/\/www.facebook.com\/patagonia.ambiental","article_author":"https:\/\/www.facebook.com\/share\/1C1V8Gv9BX\/?mibextid=qi2Omg","article_published_time":"2024-03-26T22:00:00+00:00","article_modified_time":"2024-09-19T15:53:33+00:00","og_image":[{"width":700,"height":273,"url":"https:\/\/patagoniambiental.com.ar\/info\/wp-content\/uploads\/2024\/08\/ambiente.png","type":"image\/png"}],"author":"Patagonia Ambiental","twitter_card":"summary_large_image","twitter_creator":"@PatAmb","twitter_site":"@PatAmb","schema":{"@context":"https:\/\/schema.org","@graph":[{"@type":"Article","@id":"https:\/\/patagoniambiental.com.ar\/info\/legislatura-declaran-pionera-antartica-de-tierra-del-fuego-a-mabelle-mottet\/#article","isPartOf":{"@id":"https:\/\/patagoniambiental.com.ar\/info\/legislatura-declaran-pionera-antartica-de-tierra-del-fuego-a-mabelle-mottet\/"},"author":{"name":"Patagonia Ambiental","@id":"https:\/\/patagoniambiental.com.ar\/info\/#\/schema\/person\/db12bff64bbcbf6a253710bf0ea37b5d"},"headline":"LEGISLATURA: Declaran pionera ant\u00e1rtica de Tierra del Fuego a Mabelle Mottet","datePublished":"2024-03-26T22:00:00+00:00","dateModified":"2024-09-19T15:53:33+00:00","mainEntityOfPage":{"@id":"https:\/\/patagoniambiental.com.ar\/info\/legislatura-declaran-pionera-antartica-de-tierra-del-fuego-a-mabelle-mottet\/"},"wordCount":505,"commentCount":0,"publisher":{"@id":"https:\/\/patagoniambiental.com.ar\/info\/#organization"},"image":{"@id":"https:\/\/patagoniambiental.com.ar\/info\/legislatura-declaran-pionera-antartica-de-tierra-del-fuego-a-mabelle-mottet\/#primaryimage"},"thumbnailUrl":"https:\/\/patagoniambiental.com.ar\/info\/wp-content\/uploads\/2024\/08\/ambiente.png","articleSection":["Provinciales","Tierra del Fuego"],"inLanguage":"es","potentialAction":[{"@type":"CommentAction","name":"Comment","target":["https:\/\/patagoniambiental.com.ar\/info\/legislatura-declaran-pionera-antartica-de-tierra-del-fuego-a-mabelle-mottet\/#respond"]}]},{"@type":"WebPage","@id":"https:\/\/patagoniambiental.com.ar\/info\/legislatura-declaran-pionera-antartica-de-tierra-del-fuego-a-mabelle-mottet\/","url":"https:\/\/patagoniambiental.com.ar\/info\/legislatura-declaran-pionera-antartica-de-tierra-del-fuego-a-mabelle-mottet\/","name":"LEGISLATURA: Declaran pionera ant\u00e1rtica de Tierra del Fuego a Mabelle Mottet","isPartOf":{"@id":"https:\/\/patagoniambiental.com.ar\/info\/#website"},"primaryImageOfPage":{"@id":"https:\/\/patagoniambiental.com.ar\/info\/legislatura-declaran-pionera-antartica-de-tierra-del-fuego-a-mabelle-mottet\/#primaryimage"},"image":{"@id":"https:\/\/patagoniambiental.com.ar\/info\/legislatura-declaran-pionera-antartica-de-tierra-del-fuego-a-mabelle-mottet\/#primaryimage"},"thumbnailUrl":"https:\/\/patagoniambiental.com.ar\/info\/wp-content\/uploads\/2024\/08\/ambiente.png","datePublished":"2024-03-26T22:00:00+00:00","dateModified":"2024-09-19T15:53:33+00:00","breadcrumb":{"@id":"https:\/\/patagoniambiental.com.ar\/info\/legislatura-declaran-pionera-antartica-de-tierra-del-fuego-a-mabelle-mottet\/#breadcrumb"},"inLanguage":"es","potentialAction":[{"@type":"ReadAction","target":["https:\/\/patagoniambiental.com.ar\/info\/legislatura-declaran-pionera-antartica-de-tierra-del-fuego-a-mabelle-mottet\/"]}]},{"@type":"ImageObject","inLanguage":"es","@id":"https:\/\/patagoniambiental.com.ar\/info\/legislatura-declaran-pionera-antartica-de-tierra-del-fuego-a-mabelle-mottet\/#primaryimage","url":"https:\/\/patagoniambiental.com.ar\/info\/wp-content\/uploads\/2024\/08\/ambiente.png","contentUrl":"https:\/\/patagoniambiental.com.ar\/info\/wp-content\/uploads\/2024\/08\/ambiente.png","width":700,"height":273,"caption":"Agua y Vida: Por qu\u00e9 Mendoza se Pregunta qu\u00e9 es la Biodiversidad"},{"@type":"BreadcrumbList","@id":"https:\/\/patagoniambiental.com.ar\/info\/legislatura-declaran-pionera-antartica-de-tierra-del-fuego-a-mabelle-mottet\/#breadcrumb","itemListElement":[{"@type":"ListItem","position":1,"name":"Inicio","item":"https:\/\/patagoniambiental.com.ar\/info\/"},{"@type":"ListItem","position":2,"name":"LEGISLATURA: Declaran pionera ant\u00e1rtica de Tierra del Fuego a Mabelle Mottet"}]},{"@type":"WebSite","@id":"https:\/\/patagoniambiental.com.ar\/info\/#website","url":"https:\/\/patagoniambiental.com.ar\/info\/","name":"Patagonia Ambiental","description":"Monitoreo y an\u00e1lisis de la situaci\u00f3n geopol\u00edtica en el mundo y su implicancia en la Patagonia","publisher":{"@id":"https:\/\/patagoniambiental.com.ar\/info\/#organization"},"potentialAction":[{"@type":"SearchAction","target":{"@type":"EntryPoint","urlTemplate":"https:\/\/patagoniambiental.com.ar\/info\/?s={search_term_string}"},"query-input":{"@type":"PropertyValueSpecification","valueRequired":true,"valueName":"search_term_string"}}],"inLanguage":"es"},{"@type":"Organization","@id":"https:\/\/patagoniambiental.com.ar\/info\/#organization","name":"Patagonia Ambiental","url":"https:\/\/patagoniambiental.com.ar\/info\/","logo":{"@type":"ImageObject","inLanguage":"es","@id":"https:\/\/patagoniambiental.com.ar\/info\/#\/schema\/logo\/image\/","url":"https:\/\/patagoniambiental.com.ar\/info\/wp-content\/uploads\/2025\/05\/LOGO-PATAGONIA-AMBIENTAL.png","contentUrl":"https:\/\/patagoniambiental.com.ar\/info\/wp-content\/uploads\/2025\/05\/LOGO-PATAGONIA-AMBIENTAL.png","width":433,"height":250,"caption":"Patagonia Ambiental"},"image":{"@id":"https:\/\/patagoniambiental.com.ar\/info\/#\/schema\/logo\/image\/"},"sameAs":["https:\/\/www.facebook.com\/patagonia.ambiental","https:\/\/x.com\/PatAmb"]},{"@type":"Person","@id":"https:\/\/patagoniambiental.com.ar\/info\/#\/schema\/person\/db12bff64bbcbf6a253710bf0ea37b5d","name":"Patagonia Ambiental","description":"Andr\u00e9s Nievas T\u00e9cnico en manejo ambiental, consultor Ambiental y escritor para medios locales e internacionales sobre temas de geopolitica y medio ambiente.","sameAs":["http:\/\/www.patagoniambiental.com.ar","https:\/\/www.facebook.com\/share\/1C1V8Gv9BX\/?mibextid=qi2Omg","@patagoniambiental","https:\/\/youtube.com\/@patagoniaambiental2023?si=BLt58t0wuXquxlYZ"]}]}},"_links":{"self":[{"href":"https:\/\/patagoniambiental.com.ar\/info\/wp-json\/wp\/v2\/posts\/81154","targetHints":{"allow":["GET"]}}],"collection":[{"href":"https:\/\/patagoniambiental.com.ar\/info\/wp-json\/wp\/v2\/posts"}],"about":[{"href":"https:\/\/patagoniambiental.com.ar\/info\/wp-json\/wp\/v2\/types\/post"}],"author":[{"embeddable":true,"href":"https:\/\/patagoniambiental.com.ar\/info\/wp-json\/wp\/v2\/users\/2"}],"replies":[{"embeddable":true,"href":"https:\/\/patagoniambiental.com.ar\/info\/wp-json\/wp\/v2\/comments?post=81154"}],"version-history":[{"count":0,"href":"https:\/\/patagoniambiental.com.ar\/info\/wp-json\/wp\/v2\/posts\/81154\/revisions"}],"wp:featuredmedia":[{"embeddable":true,"href":"https:\/\/patagoniambiental.com.ar\/info\/wp-json\/wp\/v2\/media\/88582"}],"wp:attachment":[{"href":"https:\/\/patagoniambiental.com.ar\/info\/wp-json\/wp\/v2\/media?parent=81154"}],"wp:term":[{"taxonomy":"category","embeddable":true,"href":"https:\/\/patagoniambiental.com.ar\/info\/wp-json\/wp\/v2\/categories?post=81154"},{"taxonomy":"post_tag","embeddable":true,"href":"https:\/\/patagoniambiental.com.ar\/info\/wp-json\/wp\/v2\/tags?post=81154"}],"curies":[{"name":"wp","href":"https:\/\/api.w.org\/{rel}","templated":true}]}}