{"id":81172,"date":"2024-03-31T01:47:18","date_gmt":"2024-03-31T04:47:18","guid":{"rendered":"https:\/\/patagoniambiental.com.ar\/info\/?p=81172"},"modified":"2024-08-13T09:42:26","modified_gmt":"2024-08-13T12:42:26","slug":"trabajadores-reclamaron-contra-los-despidos-en-el-acceso-al-parque-nacional-los-glaciares","status":"publish","type":"post","link":"https:\/\/patagoniambiental.com.ar\/info\/trabajadores-reclamaron-contra-los-despidos-en-el-acceso-al-parque-nacional-los-glaciares\/","title":{"rendered":"Trabajadores reclamaron por los despidos del Parque Nacional Los Glaciares"},"content":{"rendered":"\n<!--more-->\n\n\n\n<p>Empleados del \u00e1rea protegida se encuentran en el portal de acceso Glaciar Perito Moreno. Decidieron liberar el ingreso a pesar de que el Municipio que est\u00e1 a cargo del cobro, se opuso a la medida, que sostendr\u00e1n hasta las 14 hs.<\/p>\n\n\n\n<p>Trabajadores del PN Los Glaciares realizaron desde las 10 de la ma\u00f1ana hasta las 14 hs un reclamo en el acceso principal del \u00e1rea protegida. Decidieron liberar el cobro de las entradas a todos los turistas que hoy visitan el Glaciar Perito Moreno.<\/p>\n\n\n\n<p>La medida se decidi\u00f3 durante la semana en asamblea de trabajadores, como parte del plan de lucha contra la decisi\u00f3n del Gobierno Nacional de no renovar el contrato de 80 trabajadores de Parques Nacionales en todo el pa\u00eds. Adem\u00e1s desde el directorio se inform\u00f3 que hasta fin de a\u00f1o ser\u00e1n 350 los contratos que caer\u00e1n en ese organismo.<\/p>\n\n\n\n<p>Hasta el momento en El Calafate solo una empleada contratada recibi\u00f3 el telegrama de no renovaci\u00f3n. Prestaba servicio en el Direcci\u00f3n Regional Patagonia Sur, que tiene su sede en esta localidad. Pero como ya inform\u00f3 Ahora Calafate son otros 40 los contratados en el PN Los Glaciares que est\u00e1n en riesgo de perder su trabajo, ante la decisi\u00f3n de Naci\u00f3n.<\/p>\n\n\n\n<p>Frente a esta situaci\u00f3n es que los trabajadores del Parque se movilizaron esta ma\u00f1ana hasta el acceso R\u00edo Mitre y decidieron la liberaci\u00f3n del cobro. Algo que est\u00e1 a cargo del Municipio que se opuso a la medida.<\/p>\n\n\n\n<p>Pero el delegado de ATE de PN Los Glaciares inform\u00f3 que esa era la decisi\u00f3n que tomaron los trabajadores en asamblea. Los empleados del Municipio informaron de la situaci\u00f3n y desde la intendencia del PN Los Glaciares tambi\u00e9n se labr\u00f3 un acta de constataci\u00f3n por la liberaci\u00f3n del ingreso.<\/p>\n\n\n\n<p>Apoyando la medida se acerc\u00f3 Alejandro Garz\u00f3n, integrante del Consejo Directivo Nacional de ATE.<\/p>\n\n\n\n<p>Fuente: Ahora Calafate&nbsp;<\/p>\n","protected":false},"excerpt":{"rendered":"","protected":false},"author":2,"featured_media":0,"comment_status":"open","ping_status":"open","sticky":false,"template":"","format":"standard","meta":{"site-sidebar-layout":"default","site-content-layout":"","ast-site-content-layout":"default","site-content-style":"default","site-sidebar-style":"default","ast-global-header-display":"","ast-banner-title-visibility":"","ast-main-header-display":"","ast-hfb-above-header-display":"","ast-hfb-below-header-display":"","ast-hfb-mobile-header-display":"","site-post-title":"","ast-breadcrumbs-content":"","ast-featured-img":"","footer-sml-layout":"","ast-disable-related-posts":"","theme-transparent-header-meta":"","adv-header-id-meta":"","stick-header-meta":"","header-above-stick-meta":"","header-main-stick-meta":"","header-below-stick-meta":"","astra-migrate-meta-layouts":"default","ast-page-background-enabled":"default","ast-page-background-meta":{"desktop":{"background-color":"var(--ast-global-color-5)","background-image":"","background-repeat":"repeat","background-position":"center center","background-size":"auto","background-attachment":"scroll","background-type":"","background-media":"","overlay-type":"","overlay-color":"","overlay-opacity":"","overlay-gradient":""},"tablet":{"background-color":"","background-image":"","background-repeat":"repeat","background-position":"center center","background-size":"auto","background-attachment":"scroll","background-type":"","background-media":"","overlay-type":"","overlay-color":"","overlay-opacity":"","overlay-gradient":""},"mobile":{"background-color":"","background-image":"","background-repeat":"repeat","background-position":"center center","background-size":"auto","background-attachment":"scroll","background-type":"","background-media":"","overlay-type":"","overlay-color":"","overlay-opacity":"","overlay-gradient":""}},"ast-content-background-meta":{"desktop":{"background-color":"var(--ast-global-color-4)","background-image":"","background-repeat":"repeat","background-position":"center center","background-size":"auto","background-attachment":"scroll","background-type":"","background-media":"","overlay-type":"","overlay-color":"","overlay-opacity":"","overlay-gradient":""},"tablet":{"background-color":"var(--ast-global-color-4)","background-image":"","background-repeat":"repeat","background-position":"center center","background-size":"auto","background-attachment":"scroll","background-type":"","background-media":"","overlay-type":"","overlay-color":"","overlay-opacity":"","overlay-gradient":""},"mobile":{"background-color":"var(--ast-global-color-4)","background-image":"","background-repeat":"repeat","background-position":"center center","background-size":"auto","background-attachment":"scroll","background-type":"","background-media":"","overlay-type":"","overlay-color":"","overlay-opacity":"","overlay-gradient":""}},"footnotes":""},"categories":[1],"tags":[],"class_list":["post-81172","post","type-post","status-publish","format-standard","hentry","category-noticias"],"yoast_head":"<!-- This site is optimized with the Yoast SEO Premium plugin v23.0 (Yoast SEO v27.4) - https:\/\/yoast.com\/product\/yoast-seo-premium-wordpress\/ -->\n<title>Trabajadores reclamaron por los despidos del Parque Nacional Los Glaciares<\/title>\n<meta name=\"robots\" content=\"index, follow, max-snippet:-1, max-image-preview:large, max-video-preview:-1\" \/>\n<link rel=\"canonical\" href=\"https:\/\/patagoniambiental.com.ar\/info\/trabajadores-reclamaron-contra-los-despidos-en-el-acceso-al-parque-nacional-los-glaciares\/\" \/>\n<meta property=\"og:locale\" content=\"es_ES\" \/>\n<meta property=\"og:type\" content=\"article\" \/>\n<meta property=\"og:title\" content=\"Trabajadores reclamaron por los despidos del Parque Nacional Los Glaciares\" \/>\n<meta property=\"og:url\" content=\"https:\/\/patagoniambiental.com.ar\/info\/trabajadores-reclamaron-contra-los-despidos-en-el-acceso-al-parque-nacional-los-glaciares\/\" \/>\n<meta property=\"og:site_name\" content=\"Patagonia Ambiental\" \/>\n<meta property=\"article:publisher\" content=\"https:\/\/www.facebook.com\/patagonia.ambiental\" \/>\n<meta property=\"article:author\" content=\"https:\/\/www.facebook.com\/share\/1C1V8Gv9BX\/?mibextid=qi2Omg\" \/>\n<meta property=\"article:published_time\" content=\"2024-03-31T04:47:18+00:00\" \/>\n<meta property=\"article:modified_time\" content=\"2024-08-13T12:42:26+00:00\" \/>\n<meta name=\"author\" content=\"Patagonia Ambiental\" \/>\n<meta name=\"twitter:card\" content=\"summary_large_image\" \/>\n<meta name=\"twitter:creator\" content=\"@PatAmb\" \/>\n<meta name=\"twitter:site\" content=\"@PatAmb\" \/>\n<script type=\"application\/ld+json\" class=\"yoast-schema-graph\">{\"@context\":\"https:\\\/\\\/schema.org\",\"@graph\":[{\"@type\":\"Article\",\"@id\":\"https:\\\/\\\/patagoniambiental.com.ar\\\/info\\\/trabajadores-reclamaron-contra-los-despidos-en-el-acceso-al-parque-nacional-los-glaciares\\\/#article\",\"isPartOf\":{\"@id\":\"https:\\\/\\\/patagoniambiental.com.ar\\\/info\\\/trabajadores-reclamaron-contra-los-despidos-en-el-acceso-al-parque-nacional-los-glaciares\\\/\"},\"author\":{\"name\":\"Patagonia Ambiental\",\"@id\":\"https:\\\/\\\/patagoniambiental.com.ar\\\/info\\\/#\\\/schema\\\/person\\\/db12bff64bbcbf6a253710bf0ea37b5d\"},\"headline\":\"Trabajadores reclamaron por los despidos del Parque Nacional Los Glaciares\",\"datePublished\":\"2024-03-31T04:47:18+00:00\",\"dateModified\":\"2024-08-13T12:42:26+00:00\",\"mainEntityOfPage\":{\"@id\":\"https:\\\/\\\/patagoniambiental.com.ar\\\/info\\\/trabajadores-reclamaron-contra-los-despidos-en-el-acceso-al-parque-nacional-los-glaciares\\\/\"},\"wordCount\":334,\"commentCount\":0,\"publisher\":{\"@id\":\"https:\\\/\\\/patagoniambiental.com.ar\\\/info\\\/#organization\"},\"articleSection\":[\"Noticias\"],\"inLanguage\":\"es\",\"potentialAction\":[{\"@type\":\"CommentAction\",\"name\":\"Comment\",\"target\":[\"https:\\\/\\\/patagoniambiental.com.ar\\\/info\\\/trabajadores-reclamaron-contra-los-despidos-en-el-acceso-al-parque-nacional-los-glaciares\\\/#respond\"]}]},{\"@type\":\"WebPage\",\"@id\":\"https:\\\/\\\/patagoniambiental.com.ar\\\/info\\\/trabajadores-reclamaron-contra-los-despidos-en-el-acceso-al-parque-nacional-los-glaciares\\\/\",\"url\":\"https:\\\/\\\/patagoniambiental.com.ar\\\/info\\\/trabajadores-reclamaron-contra-los-despidos-en-el-acceso-al-parque-nacional-los-glaciares\\\/\",\"name\":\"Trabajadores reclamaron por los despidos del Parque Nacional Los Glaciares\",\"isPartOf\":{\"@id\":\"https:\\\/\\\/patagoniambiental.com.ar\\\/info\\\/#website\"},\"datePublished\":\"2024-03-31T04:47:18+00:00\",\"dateModified\":\"2024-08-13T12:42:26+00:00\",\"breadcrumb\":{\"@id\":\"https:\\\/\\\/patagoniambiental.com.ar\\\/info\\\/trabajadores-reclamaron-contra-los-despidos-en-el-acceso-al-parque-nacional-los-glaciares\\\/#breadcrumb\"},\"inLanguage\":\"es\",\"potentialAction\":[{\"@type\":\"ReadAction\",\"target\":[\"https:\\\/\\\/patagoniambiental.com.ar\\\/info\\\/trabajadores-reclamaron-contra-los-despidos-en-el-acceso-al-parque-nacional-los-glaciares\\\/\"]}]},{\"@type\":\"BreadcrumbList\",\"@id\":\"https:\\\/\\\/patagoniambiental.com.ar\\\/info\\\/trabajadores-reclamaron-contra-los-despidos-en-el-acceso-al-parque-nacional-los-glaciares\\\/#breadcrumb\",\"itemListElement\":[{\"@type\":\"ListItem\",\"position\":1,\"name\":\"Inicio\",\"item\":\"https:\\\/\\\/patagoniambiental.com.ar\\\/info\\\/\"},{\"@type\":\"ListItem\",\"position\":2,\"name\":\"Trabajadores reclamaron por los despidos del Parque Nacional Los Glaciares\"}]},{\"@type\":\"WebSite\",\"@id\":\"https:\\\/\\\/patagoniambiental.com.ar\\\/info\\\/#website\",\"url\":\"https:\\\/\\\/patagoniambiental.com.ar\\\/info\\\/\",\"name\":\"Patagonia Ambiental\",\"description\":\"Monitoreo y an\u00e1lisis de la situaci\u00f3n geopol\u00edtica en el mundo y su implicancia en la Patagonia\",\"publisher\":{\"@id\":\"https:\\\/\\\/patagoniambiental.com.ar\\\/info\\\/#organization\"},\"potentialAction\":[{\"@type\":\"SearchAction\",\"target\":{\"@type\":\"EntryPoint\",\"urlTemplate\":\"https:\\\/\\\/patagoniambiental.com.ar\\\/info\\\/?s={search_term_string}\"},\"query-input\":{\"@type\":\"PropertyValueSpecification\",\"valueRequired\":true,\"valueName\":\"search_term_string\"}}],\"inLanguage\":\"es\"},{\"@type\":\"Organization\",\"@id\":\"https:\\\/\\\/patagoniambiental.com.ar\\\/info\\\/#organization\",\"name\":\"Patagonia Ambiental\",\"url\":\"https:\\\/\\\/patagoniambiental.com.ar\\\/info\\\/\",\"logo\":{\"@type\":\"ImageObject\",\"inLanguage\":\"es\",\"@id\":\"https:\\\/\\\/patagoniambiental.com.ar\\\/info\\\/#\\\/schema\\\/logo\\\/image\\\/\",\"url\":\"https:\\\/\\\/patagoniambiental.com.ar\\\/info\\\/wp-content\\\/uploads\\\/2025\\\/05\\\/LOGO-PATAGONIA-AMBIENTAL.png\",\"contentUrl\":\"https:\\\/\\\/patagoniambiental.com.ar\\\/info\\\/wp-content\\\/uploads\\\/2025\\\/05\\\/LOGO-PATAGONIA-AMBIENTAL.png\",\"width\":433,\"height\":250,\"caption\":\"Patagonia Ambiental\"},\"image\":{\"@id\":\"https:\\\/\\\/patagoniambiental.com.ar\\\/info\\\/#\\\/schema\\\/logo\\\/image\\\/\"},\"sameAs\":[\"https:\\\/\\\/www.facebook.com\\\/patagonia.ambiental\",\"https:\\\/\\\/x.com\\\/PatAmb\"]},{\"@type\":\"Person\",\"@id\":\"https:\\\/\\\/patagoniambiental.com.ar\\\/info\\\/#\\\/schema\\\/person\\\/db12bff64bbcbf6a253710bf0ea37b5d\",\"name\":\"Patagonia Ambiental\",\"description\":\"Andr\u00e9s Nievas T\u00e9cnico en manejo ambiental, consultor Ambiental y escritor para medios locales e internacionales sobre temas de geopolitica y medio ambiente.\",\"sameAs\":[\"http:\\\/\\\/www.patagoniambiental.com.ar\",\"https:\\\/\\\/www.facebook.com\\\/share\\\/1C1V8Gv9BX\\\/?mibextid=qi2Omg\",\"@patagoniambiental\",\"https:\\\/\\\/youtube.com\\\/@patagoniaambiental2023?si=BLt58t0wuXquxlYZ\"]}]}<\/script>\n<!-- \/ Yoast SEO Premium plugin. -->","yoast_head_json":{"title":"Trabajadores reclamaron por los despidos del Parque Nacional Los Glaciares","robots":{"index":"index","follow":"follow","max-snippet":"max-snippet:-1","max-image-preview":"max-image-preview:large","max-video-preview":"max-video-preview:-1"},"canonical":"https:\/\/patagoniambiental.com.ar\/info\/trabajadores-reclamaron-contra-los-despidos-en-el-acceso-al-parque-nacional-los-glaciares\/","og_locale":"es_ES","og_type":"article","og_title":"Trabajadores reclamaron por los despidos del Parque Nacional Los Glaciares","og_url":"https:\/\/patagoniambiental.com.ar\/info\/trabajadores-reclamaron-contra-los-despidos-en-el-acceso-al-parque-nacional-los-glaciares\/","og_site_name":"Patagonia Ambiental","article_publisher":"https:\/\/www.facebook.com\/patagonia.ambiental","article_author":"https:\/\/www.facebook.com\/share\/1C1V8Gv9BX\/?mibextid=qi2Omg","article_published_time":"2024-03-31T04:47:18+00:00","article_modified_time":"2024-08-13T12:42:26+00:00","author":"Patagonia Ambiental","twitter_card":"summary_large_image","twitter_creator":"@PatAmb","twitter_site":"@PatAmb","schema":{"@context":"https:\/\/schema.org","@graph":[{"@type":"Article","@id":"https:\/\/patagoniambiental.com.ar\/info\/trabajadores-reclamaron-contra-los-despidos-en-el-acceso-al-parque-nacional-los-glaciares\/#article","isPartOf":{"@id":"https:\/\/patagoniambiental.com.ar\/info\/trabajadores-reclamaron-contra-los-despidos-en-el-acceso-al-parque-nacional-los-glaciares\/"},"author":{"name":"Patagonia Ambiental","@id":"https:\/\/patagoniambiental.com.ar\/info\/#\/schema\/person\/db12bff64bbcbf6a253710bf0ea37b5d"},"headline":"Trabajadores reclamaron por los despidos del Parque Nacional Los Glaciares","datePublished":"2024-03-31T04:47:18+00:00","dateModified":"2024-08-13T12:42:26+00:00","mainEntityOfPage":{"@id":"https:\/\/patagoniambiental.com.ar\/info\/trabajadores-reclamaron-contra-los-despidos-en-el-acceso-al-parque-nacional-los-glaciares\/"},"wordCount":334,"commentCount":0,"publisher":{"@id":"https:\/\/patagoniambiental.com.ar\/info\/#organization"},"articleSection":["Noticias"],"inLanguage":"es","potentialAction":[{"@type":"CommentAction","name":"Comment","target":["https:\/\/patagoniambiental.com.ar\/info\/trabajadores-reclamaron-contra-los-despidos-en-el-acceso-al-parque-nacional-los-glaciares\/#respond"]}]},{"@type":"WebPage","@id":"https:\/\/patagoniambiental.com.ar\/info\/trabajadores-reclamaron-contra-los-despidos-en-el-acceso-al-parque-nacional-los-glaciares\/","url":"https:\/\/patagoniambiental.com.ar\/info\/trabajadores-reclamaron-contra-los-despidos-en-el-acceso-al-parque-nacional-los-glaciares\/","name":"Trabajadores reclamaron por los despidos del Parque Nacional Los Glaciares","isPartOf":{"@id":"https:\/\/patagoniambiental.com.ar\/info\/#website"},"datePublished":"2024-03-31T04:47:18+00:00","dateModified":"2024-08-13T12:42:26+00:00","breadcrumb":{"@id":"https:\/\/patagoniambiental.com.ar\/info\/trabajadores-reclamaron-contra-los-despidos-en-el-acceso-al-parque-nacional-los-glaciares\/#breadcrumb"},"inLanguage":"es","potentialAction":[{"@type":"ReadAction","target":["https:\/\/patagoniambiental.com.ar\/info\/trabajadores-reclamaron-contra-los-despidos-en-el-acceso-al-parque-nacional-los-glaciares\/"]}]},{"@type":"BreadcrumbList","@id":"https:\/\/patagoniambiental.com.ar\/info\/trabajadores-reclamaron-contra-los-despidos-en-el-acceso-al-parque-nacional-los-glaciares\/#breadcrumb","itemListElement":[{"@type":"ListItem","position":1,"name":"Inicio","item":"https:\/\/patagoniambiental.com.ar\/info\/"},{"@type":"ListItem","position":2,"name":"Trabajadores reclamaron por los despidos del Parque Nacional Los Glaciares"}]},{"@type":"WebSite","@id":"https:\/\/patagoniambiental.com.ar\/info\/#website","url":"https:\/\/patagoniambiental.com.ar\/info\/","name":"Patagonia Ambiental","description":"Monitoreo y an\u00e1lisis de la situaci\u00f3n geopol\u00edtica en el mundo y su implicancia en la Patagonia","publisher":{"@id":"https:\/\/patagoniambiental.com.ar\/info\/#organization"},"potentialAction":[{"@type":"SearchAction","target":{"@type":"EntryPoint","urlTemplate":"https:\/\/patagoniambiental.com.ar\/info\/?s={search_term_string}"},"query-input":{"@type":"PropertyValueSpecification","valueRequired":true,"valueName":"search_term_string"}}],"inLanguage":"es"},{"@type":"Organization","@id":"https:\/\/patagoniambiental.com.ar\/info\/#organization","name":"Patagonia Ambiental","url":"https:\/\/patagoniambiental.com.ar\/info\/","logo":{"@type":"ImageObject","inLanguage":"es","@id":"https:\/\/patagoniambiental.com.ar\/info\/#\/schema\/logo\/image\/","url":"https:\/\/patagoniambiental.com.ar\/info\/wp-content\/uploads\/2025\/05\/LOGO-PATAGONIA-AMBIENTAL.png","contentUrl":"https:\/\/patagoniambiental.com.ar\/info\/wp-content\/uploads\/2025\/05\/LOGO-PATAGONIA-AMBIENTAL.png","width":433,"height":250,"caption":"Patagonia Ambiental"},"image":{"@id":"https:\/\/patagoniambiental.com.ar\/info\/#\/schema\/logo\/image\/"},"sameAs":["https:\/\/www.facebook.com\/patagonia.ambiental","https:\/\/x.com\/PatAmb"]},{"@type":"Person","@id":"https:\/\/patagoniambiental.com.ar\/info\/#\/schema\/person\/db12bff64bbcbf6a253710bf0ea37b5d","name":"Patagonia Ambiental","description":"Andr\u00e9s Nievas T\u00e9cnico en manejo ambiental, consultor Ambiental y escritor para medios locales e internacionales sobre temas de geopolitica y medio ambiente.","sameAs":["http:\/\/www.patagoniambiental.com.ar","https:\/\/www.facebook.com\/share\/1C1V8Gv9BX\/?mibextid=qi2Omg","@patagoniambiental","https:\/\/youtube.com\/@patagoniaambiental2023?si=BLt58t0wuXquxlYZ"]}]}},"_links":{"self":[{"href":"https:\/\/patagoniambiental.com.ar\/info\/wp-json\/wp\/v2\/posts\/81172","targetHints":{"allow":["GET"]}}],"collection":[{"href":"https:\/\/patagoniambiental.com.ar\/info\/wp-json\/wp\/v2\/posts"}],"about":[{"href":"https:\/\/patagoniambiental.com.ar\/info\/wp-json\/wp\/v2\/types\/post"}],"author":[{"embeddable":true,"href":"https:\/\/patagoniambiental.com.ar\/info\/wp-json\/wp\/v2\/users\/2"}],"replies":[{"embeddable":true,"href":"https:\/\/patagoniambiental.com.ar\/info\/wp-json\/wp\/v2\/comments?post=81172"}],"version-history":[{"count":0,"href":"https:\/\/patagoniambiental.com.ar\/info\/wp-json\/wp\/v2\/posts\/81172\/revisions"}],"wp:attachment":[{"href":"https:\/\/patagoniambiental.com.ar\/info\/wp-json\/wp\/v2\/media?parent=81172"}],"wp:term":[{"taxonomy":"category","embeddable":true,"href":"https:\/\/patagoniambiental.com.ar\/info\/wp-json\/wp\/v2\/categories?post=81172"},{"taxonomy":"post_tag","embeddable":true,"href":"https:\/\/patagoniambiental.com.ar\/info\/wp-json\/wp\/v2\/tags?post=81172"}],"curies":[{"name":"wp","href":"https:\/\/api.w.org\/{rel}","templated":true}]}}