{"id":81182,"date":"2024-04-01T19:00:00","date_gmt":"2024-04-01T22:00:00","guid":{"rendered":"https:\/\/patagoniambiental.com.ar\/info\/?p=81182"},"modified":"2024-08-13T00:15:11","modified_gmt":"2024-08-13T03:15:11","slug":"no-tires-los-envases-de-proteina-en-polvo-asi-podes-hacer-un-moderno-jarron-para-tu-living","status":"publish","type":"post","link":"https:\/\/patagoniambiental.com.ar\/info\/no-tires-los-envases-de-proteina-en-polvo-asi-podes-hacer-un-moderno-jarron-para-tu-living\/","title":{"rendered":"No tires los envases de prote\u00edna en polvo: pod\u00e9s hacer un jarr\u00f3n para tu living"},"content":{"rendered":"\n<!--more-->\n\n\n\n<p>Mir\u00e1 como convertir este recipiente en un original y simp\u00e1tico objeto decorativo.<\/p>\n\n\n\n<p>El reciclaje es una t\u00e9cnica que consiste en la recolecci\u00f3n y el procesamiento de desechos como el papel, cart\u00f3n, vidrio, pl\u00e1stico, entre otros materiales. Por medio de este m\u00e9todo se crean otros productos basados en esos mismos materiales. Los objetivos que se persiguen al reciclar son reducir el consumo de nueva materia prima y el uso de energ\u00eda, prevenir la contaminaci\u00f3n del aire, disminuir las emisiones de gases y mucho m\u00e1s. Las peque\u00f1as acciones que se pueden hacer para ayudar al medio ambiente son reutilizar los&nbsp;<strong>envases&nbsp;<\/strong>para evitar generar residuos innecesarios.<\/p>\n\n\n\n<figure class=\"wp-block-image size-full\"><img fetchpriority=\"high\" decoding=\"async\" width=\"768\" height=\"432\" src=\"https:\/\/patagoniambiental.com.ar\/info\/wp-content\/uploads\/2024\/04\/f768x1-655833_655960_5050.webp\" alt=\"\" class=\"wp-image-81186\"\/><\/figure>\n\n\n\n<p>En general, en las casas es habitual encontrar acumulados&nbsp;<strong>envases&nbsp;<\/strong>vac\u00edos de diversos productos. Muchas veces,&nbsp;<a href=\"https:\/\/www.minutoneuquen.com\/entretenimiento\/2024\/3\/25\/no-tires-las-latas-de-conserva-hace-este-increible-organizador-para-tu-escritorio-345505.html\" target=\"_blank\" rel=\"noreferrer noopener\">estos recipientes<\/a>&nbsp;se conservan para guardar alimentos u objetos. Pero en otras ocasiones se tiende a tirarlos. Sin embargo,&nbsp;darles una segunda utilidad a estos contenedores a trav\u00e9s de las manualidades art\u00edsticas es muy simple y pr\u00e1ctico. En vez de amontonar estas piezas pl\u00e1sticas dej\u00e1 volar la imaginaci\u00f3n y la creatividad y cre\u00e1 fant\u00e1sticos ornamentos.<\/p>\n\n\n\n<figure class=\"wp-block-image size-full\"><img decoding=\"async\" width=\"768\" height=\"511\" src=\"https:\/\/patagoniambiental.com.ar\/info\/wp-content\/uploads\/2024\/04\/f768x1-655832_655959_5050.webp\" alt=\"\" class=\"wp-image-81185\"\/><\/figure>\n\n\n\n<p>Entre las cosas que se pueden fabricar con los&nbsp;<strong>envases&nbsp;<\/strong>est\u00e1 hacer&nbsp;<a href=\"https:\/\/www.minutoneuquen.com\/entretenimiento\/2024\/3\/24\/no-tires-las-botellas-plasticas-mira-este-truco-infalible-para-lavar-los-platos-con-mas-comodidad-345216.html\" target=\"_blank\" rel=\"noreferrer noopener\">jarrones<\/a>&nbsp;para decorar el living, la sala de estar o cualquier otro ambiente de la casa.&nbsp;En este caso se utilizar\u00e1 un recipiente de prote\u00edna en polvo, ya que tiene el tama\u00f1o y ancho ideal. Si no se dispone de este contenedor uno de forma similar servir\u00e1 de igual manera. &nbsp;<\/p>\n\n\n\n<figure class=\"wp-block-image size-full\"><img decoding=\"async\" width=\"768\" height=\"512\" src=\"https:\/\/patagoniambiental.com.ar\/info\/wp-content\/uploads\/2024\/04\/f768x1-655850_655977_5050.webp\" alt=\"\" class=\"wp-image-81184\"\/><\/figure>\n\n\n\n<div style=\"height:100px\" aria-hidden=\"true\" class=\"wp-block-spacer\"><\/div>\n\n\n\n<h2 class=\"wp-block-heading\" id=\"h-materiales\">Materiales<\/h2>\n\n\n\n<ul class=\"wp-block-list\">\n<li>Envase<\/li>\n\n\n\n<li>Yeso (cantidad necesaria para cubrir el envase)<\/li>\n\n\n\n<li>Esponja de acero<\/li>\n<\/ul>\n\n\n\n<div style=\"height:100px\" aria-hidden=\"true\" class=\"wp-block-spacer\"><\/div>\n\n\n\n<h3 class=\"wp-block-heading\" id=\"h-paso-a-paso\">Paso a paso<\/h3>\n\n\n\n<ol class=\"wp-block-list\">\n<li>Preparar yeso. La cantidad depender\u00e1 de cuanto se utilice para cubrir en su totalidad el envase.<\/li>\n\n\n\n<li>Una vez que se tiene el yeso listo, mojar la esponja con este material y empezar a cubrir el recipiente. El movimiento que se debe realizar es el de apoyar y sacar, para lograr un relieve.&nbsp;<\/li>\n\n\n\n<li>Cuando ya se cubri\u00f3 todo, dejar secar.&nbsp;<\/li>\n<\/ol>\n\n\n\n<figure class=\"wp-block-image size-large\"><img decoding=\"async\" src=\"https:\/\/patagoniambiental.com.ar\/info\/wp-content\/uploads\/2024\/04\/f768x1-655840_655967_5050-576x1024.webp\" alt=\"\" class=\"wp-image-81183\"\/><\/figure>\n\n\n\n<p>Listo este lindo jarr\u00f3n para colocar con flores coloridas y decorar tu casa. Pod\u00e9s crear divertidos floreros con los&nbsp;<strong>envases<\/strong>&nbsp;y llenar de alegr\u00eda los rincones.&nbsp;<\/p>\n\n\n\n<p>Fuente:minutoneuquen<\/p>\n","protected":false},"excerpt":{"rendered":"","protected":false},"author":2,"featured_media":81188,"comment_status":"open","ping_status":"open","sticky":false,"template":"","format":"standard","meta":{"site-sidebar-layout":"default","site-content-layout":"","ast-site-content-layout":"default","site-content-style":"default","site-sidebar-style":"default","ast-global-header-display":"","ast-banner-title-visibility":"","ast-main-header-display":"","ast-hfb-above-header-display":"","ast-hfb-below-header-display":"","ast-hfb-mobile-header-display":"","site-post-title":"","ast-breadcrumbs-content":"","ast-featured-img":"","footer-sml-layout":"","ast-disable-related-posts":"","theme-transparent-header-meta":"","adv-header-id-meta":"","stick-header-meta":"","header-above-stick-meta":"","header-main-stick-meta":"","header-below-stick-meta":"","astra-migrate-meta-layouts":"default","ast-page-background-enabled":"default","ast-page-background-meta":{"desktop":{"background-color":"var(--ast-global-color-5)","background-image":"","background-repeat":"repeat","background-position":"center center","background-size":"auto","background-attachment":"scroll","background-type":"","background-media":"","overlay-type":"","overlay-color":"","overlay-opacity":"","overlay-gradient":""},"tablet":{"background-color":"","background-image":"","background-repeat":"repeat","background-position":"center center","background-size":"auto","background-attachment":"scroll","background-type":"","background-media":"","overlay-type":"","overlay-color":"","overlay-opacity":"","overlay-gradient":""},"mobile":{"background-color":"","background-image":"","background-repeat":"repeat","background-position":"center center","background-size":"auto","background-attachment":"scroll","background-type":"","background-media":"","overlay-type":"","overlay-color":"","overlay-opacity":"","overlay-gradient":""}},"ast-content-background-meta":{"desktop":{"background-color":"var(--ast-global-color-4)","background-image":"","background-repeat":"repeat","background-position":"center center","background-size":"auto","background-attachment":"scroll","background-type":"","background-media":"","overlay-type":"","overlay-color":"","overlay-opacity":"","overlay-gradient":""},"tablet":{"background-color":"var(--ast-global-color-4)","background-image":"","background-repeat":"repeat","background-position":"center center","background-size":"auto","background-attachment":"scroll","background-type":"","background-media":"","overlay-type":"","overlay-color":"","overlay-opacity":"","overlay-gradient":""},"mobile":{"background-color":"var(--ast-global-color-4)","background-image":"","background-repeat":"repeat","background-position":"center center","background-size":"auto","background-attachment":"scroll","background-type":"","background-media":"","overlay-type":"","overlay-color":"","overlay-opacity":"","overlay-gradient":""}},"footnotes":""},"categories":[11,16],"tags":[],"class_list":["post-81182","post","type-post","status-publish","format-standard","has-post-thumbnail","hentry","category-boletin","category-municipales"],"yoast_head":"<!-- This site is optimized with the Yoast SEO Premium plugin v23.0 (Yoast SEO v27.5) - https:\/\/yoast.com\/product\/yoast-seo-premium-wordpress\/ -->\n<title>No tires los envases de prote\u00edna en polvo: pod\u00e9s hacer un jarr\u00f3n para tu living<\/title>\n<meta name=\"robots\" content=\"index, follow, max-snippet:-1, max-image-preview:large, max-video-preview:-1\" \/>\n<link rel=\"canonical\" href=\"https:\/\/patagoniambiental.com.ar\/info\/no-tires-los-envases-de-proteina-en-polvo-asi-podes-hacer-un-moderno-jarron-para-tu-living\/\" \/>\n<meta property=\"og:locale\" content=\"es_ES\" \/>\n<meta property=\"og:type\" content=\"article\" \/>\n<meta property=\"og:title\" content=\"No tires los envases de prote\u00edna en polvo: pod\u00e9s hacer un jarr\u00f3n para tu living\" \/>\n<meta property=\"og:url\" content=\"https:\/\/patagoniambiental.com.ar\/info\/no-tires-los-envases-de-proteina-en-polvo-asi-podes-hacer-un-moderno-jarron-para-tu-living\/\" \/>\n<meta property=\"og:site_name\" content=\"Patagonia Ambiental\" \/>\n<meta property=\"article:publisher\" content=\"https:\/\/www.facebook.com\/patagonia.ambiental\" \/>\n<meta property=\"article:author\" content=\"https:\/\/www.facebook.com\/share\/1C1V8Gv9BX\/?mibextid=qi2Omg\" \/>\n<meta property=\"article:published_time\" content=\"2024-04-01T22:00:00+00:00\" \/>\n<meta property=\"article:modified_time\" content=\"2024-08-13T03:15:11+00:00\" \/>\n<meta property=\"og:image\" content=\"https:\/\/patagoniambiental.com.ar\/info\/wp-content\/uploads\/2024\/04\/f768x1-655832_655959_5050-1.webp\" \/>\n\t<meta property=\"og:image:width\" content=\"768\" \/>\n\t<meta property=\"og:image:height\" content=\"511\" \/>\n\t<meta property=\"og:image:type\" content=\"image\/webp\" \/>\n<meta name=\"author\" content=\"Patagonia Ambiental\" \/>\n<meta name=\"twitter:card\" content=\"summary_large_image\" \/>\n<meta name=\"twitter:creator\" content=\"@PatAmb\" \/>\n<meta name=\"twitter:site\" content=\"@PatAmb\" \/>\n<script type=\"application\/ld+json\" class=\"yoast-schema-graph\">{\"@context\":\"https:\\\/\\\/schema.org\",\"@graph\":[{\"@type\":\"Article\",\"@id\":\"https:\\\/\\\/patagoniambiental.com.ar\\\/info\\\/no-tires-los-envases-de-proteina-en-polvo-asi-podes-hacer-un-moderno-jarron-para-tu-living\\\/#article\",\"isPartOf\":{\"@id\":\"https:\\\/\\\/patagoniambiental.com.ar\\\/info\\\/no-tires-los-envases-de-proteina-en-polvo-asi-podes-hacer-un-moderno-jarron-para-tu-living\\\/\"},\"author\":{\"name\":\"Patagonia Ambiental\",\"@id\":\"https:\\\/\\\/patagoniambiental.com.ar\\\/info\\\/#\\\/schema\\\/person\\\/db12bff64bbcbf6a253710bf0ea37b5d\"},\"headline\":\"No tires los envases de prote\u00edna en polvo: pod\u00e9s hacer un jarr\u00f3n para tu living\",\"datePublished\":\"2024-04-01T22:00:00+00:00\",\"dateModified\":\"2024-08-13T03:15:11+00:00\",\"mainEntityOfPage\":{\"@id\":\"https:\\\/\\\/patagoniambiental.com.ar\\\/info\\\/no-tires-los-envases-de-proteina-en-polvo-asi-podes-hacer-un-moderno-jarron-para-tu-living\\\/\"},\"wordCount\":397,\"commentCount\":0,\"publisher\":{\"@id\":\"https:\\\/\\\/patagoniambiental.com.ar\\\/info\\\/#organization\"},\"image\":{\"@id\":\"https:\\\/\\\/patagoniambiental.com.ar\\\/info\\\/no-tires-los-envases-de-proteina-en-polvo-asi-podes-hacer-un-moderno-jarron-para-tu-living\\\/#primaryimage\"},\"thumbnailUrl\":\"https:\\\/\\\/patagoniambiental.com.ar\\\/info\\\/wp-content\\\/uploads\\\/2024\\\/04\\\/f768x1-655832_655959_5050-1.webp\",\"articleSection\":[\"Bolet\u00edn\",\"Municipales\"],\"inLanguage\":\"es\",\"potentialAction\":[{\"@type\":\"CommentAction\",\"name\":\"Comment\",\"target\":[\"https:\\\/\\\/patagoniambiental.com.ar\\\/info\\\/no-tires-los-envases-de-proteina-en-polvo-asi-podes-hacer-un-moderno-jarron-para-tu-living\\\/#respond\"]}]},{\"@type\":\"WebPage\",\"@id\":\"https:\\\/\\\/patagoniambiental.com.ar\\\/info\\\/no-tires-los-envases-de-proteina-en-polvo-asi-podes-hacer-un-moderno-jarron-para-tu-living\\\/\",\"url\":\"https:\\\/\\\/patagoniambiental.com.ar\\\/info\\\/no-tires-los-envases-de-proteina-en-polvo-asi-podes-hacer-un-moderno-jarron-para-tu-living\\\/\",\"name\":\"No tires los envases de prote\u00edna en polvo: pod\u00e9s hacer un jarr\u00f3n para tu living\",\"isPartOf\":{\"@id\":\"https:\\\/\\\/patagoniambiental.com.ar\\\/info\\\/#website\"},\"primaryImageOfPage\":{\"@id\":\"https:\\\/\\\/patagoniambiental.com.ar\\\/info\\\/no-tires-los-envases-de-proteina-en-polvo-asi-podes-hacer-un-moderno-jarron-para-tu-living\\\/#primaryimage\"},\"image\":{\"@id\":\"https:\\\/\\\/patagoniambiental.com.ar\\\/info\\\/no-tires-los-envases-de-proteina-en-polvo-asi-podes-hacer-un-moderno-jarron-para-tu-living\\\/#primaryimage\"},\"thumbnailUrl\":\"https:\\\/\\\/patagoniambiental.com.ar\\\/info\\\/wp-content\\\/uploads\\\/2024\\\/04\\\/f768x1-655832_655959_5050-1.webp\",\"datePublished\":\"2024-04-01T22:00:00+00:00\",\"dateModified\":\"2024-08-13T03:15:11+00:00\",\"breadcrumb\":{\"@id\":\"https:\\\/\\\/patagoniambiental.com.ar\\\/info\\\/no-tires-los-envases-de-proteina-en-polvo-asi-podes-hacer-un-moderno-jarron-para-tu-living\\\/#breadcrumb\"},\"inLanguage\":\"es\",\"potentialAction\":[{\"@type\":\"ReadAction\",\"target\":[\"https:\\\/\\\/patagoniambiental.com.ar\\\/info\\\/no-tires-los-envases-de-proteina-en-polvo-asi-podes-hacer-un-moderno-jarron-para-tu-living\\\/\"]}]},{\"@type\":\"ImageObject\",\"inLanguage\":\"es\",\"@id\":\"https:\\\/\\\/patagoniambiental.com.ar\\\/info\\\/no-tires-los-envases-de-proteina-en-polvo-asi-podes-hacer-un-moderno-jarron-para-tu-living\\\/#primaryimage\",\"url\":\"https:\\\/\\\/patagoniambiental.com.ar\\\/info\\\/wp-content\\\/uploads\\\/2024\\\/04\\\/f768x1-655832_655959_5050-1.webp\",\"contentUrl\":\"https:\\\/\\\/patagoniambiental.com.ar\\\/info\\\/wp-content\\\/uploads\\\/2024\\\/04\\\/f768x1-655832_655959_5050-1.webp\",\"width\":768,\"height\":511,\"caption\":\"No tires los envases de prote\u00ednas en polvo\"},{\"@type\":\"BreadcrumbList\",\"@id\":\"https:\\\/\\\/patagoniambiental.com.ar\\\/info\\\/no-tires-los-envases-de-proteina-en-polvo-asi-podes-hacer-un-moderno-jarron-para-tu-living\\\/#breadcrumb\",\"itemListElement\":[{\"@type\":\"ListItem\",\"position\":1,\"name\":\"Inicio\",\"item\":\"https:\\\/\\\/patagoniambiental.com.ar\\\/info\\\/\"},{\"@type\":\"ListItem\",\"position\":2,\"name\":\"No tires los envases de prote\u00edna en polvo: pod\u00e9s hacer un jarr\u00f3n para tu living\"}]},{\"@type\":\"WebSite\",\"@id\":\"https:\\\/\\\/patagoniambiental.com.ar\\\/info\\\/#website\",\"url\":\"https:\\\/\\\/patagoniambiental.com.ar\\\/info\\\/\",\"name\":\"Patagonia Ambiental\",\"description\":\"Monitoreo y an\u00e1lisis de la situaci\u00f3n geopol\u00edtica en el mundo y su implicancia en la Patagonia\",\"publisher\":{\"@id\":\"https:\\\/\\\/patagoniambiental.com.ar\\\/info\\\/#organization\"},\"potentialAction\":[{\"@type\":\"SearchAction\",\"target\":{\"@type\":\"EntryPoint\",\"urlTemplate\":\"https:\\\/\\\/patagoniambiental.com.ar\\\/info\\\/?s={search_term_string}\"},\"query-input\":{\"@type\":\"PropertyValueSpecification\",\"valueRequired\":true,\"valueName\":\"search_term_string\"}}],\"inLanguage\":\"es\"},{\"@type\":\"Organization\",\"@id\":\"https:\\\/\\\/patagoniambiental.com.ar\\\/info\\\/#organization\",\"name\":\"Patagonia Ambiental\",\"url\":\"https:\\\/\\\/patagoniambiental.com.ar\\\/info\\\/\",\"logo\":{\"@type\":\"ImageObject\",\"inLanguage\":\"es\",\"@id\":\"https:\\\/\\\/patagoniambiental.com.ar\\\/info\\\/#\\\/schema\\\/logo\\\/image\\\/\",\"url\":\"https:\\\/\\\/patagoniambiental.com.ar\\\/info\\\/wp-content\\\/uploads\\\/2025\\\/05\\\/LOGO-PATAGONIA-AMBIENTAL.png\",\"contentUrl\":\"https:\\\/\\\/patagoniambiental.com.ar\\\/info\\\/wp-content\\\/uploads\\\/2025\\\/05\\\/LOGO-PATAGONIA-AMBIENTAL.png\",\"width\":433,\"height\":250,\"caption\":\"Patagonia Ambiental\"},\"image\":{\"@id\":\"https:\\\/\\\/patagoniambiental.com.ar\\\/info\\\/#\\\/schema\\\/logo\\\/image\\\/\"},\"sameAs\":[\"https:\\\/\\\/www.facebook.com\\\/patagonia.ambiental\",\"https:\\\/\\\/x.com\\\/PatAmb\"]},{\"@type\":\"Person\",\"@id\":\"https:\\\/\\\/patagoniambiental.com.ar\\\/info\\\/#\\\/schema\\\/person\\\/db12bff64bbcbf6a253710bf0ea37b5d\",\"name\":\"Patagonia Ambiental\",\"description\":\"Andr\u00e9s Nievas T\u00e9cnico en manejo ambiental, consultor Ambiental y escritor para medios locales e internacionales sobre temas de geopolitica y medio ambiente.\",\"sameAs\":[\"http:\\\/\\\/www.patagoniambiental.com.ar\",\"https:\\\/\\\/www.facebook.com\\\/share\\\/1C1V8Gv9BX\\\/?mibextid=qi2Omg\",\"@patagoniambiental\",\"https:\\\/\\\/youtube.com\\\/@patagoniaambiental2023?si=BLt58t0wuXquxlYZ\"]}]}<\/script>\n<!-- \/ Yoast SEO Premium plugin. -->","yoast_head_json":{"title":"No tires los envases de prote\u00edna en polvo: pod\u00e9s hacer un jarr\u00f3n para tu living","robots":{"index":"index","follow":"follow","max-snippet":"max-snippet:-1","max-image-preview":"max-image-preview:large","max-video-preview":"max-video-preview:-1"},"canonical":"https:\/\/patagoniambiental.com.ar\/info\/no-tires-los-envases-de-proteina-en-polvo-asi-podes-hacer-un-moderno-jarron-para-tu-living\/","og_locale":"es_ES","og_type":"article","og_title":"No tires los envases de prote\u00edna en polvo: pod\u00e9s hacer un jarr\u00f3n para tu living","og_url":"https:\/\/patagoniambiental.com.ar\/info\/no-tires-los-envases-de-proteina-en-polvo-asi-podes-hacer-un-moderno-jarron-para-tu-living\/","og_site_name":"Patagonia Ambiental","article_publisher":"https:\/\/www.facebook.com\/patagonia.ambiental","article_author":"https:\/\/www.facebook.com\/share\/1C1V8Gv9BX\/?mibextid=qi2Omg","article_published_time":"2024-04-01T22:00:00+00:00","article_modified_time":"2024-08-13T03:15:11+00:00","og_image":[{"width":768,"height":511,"url":"https:\/\/patagoniambiental.com.ar\/info\/wp-content\/uploads\/2024\/04\/f768x1-655832_655959_5050-1.webp","type":"image\/webp"}],"author":"Patagonia Ambiental","twitter_card":"summary_large_image","twitter_creator":"@PatAmb","twitter_site":"@PatAmb","schema":{"@context":"https:\/\/schema.org","@graph":[{"@type":"Article","@id":"https:\/\/patagoniambiental.com.ar\/info\/no-tires-los-envases-de-proteina-en-polvo-asi-podes-hacer-un-moderno-jarron-para-tu-living\/#article","isPartOf":{"@id":"https:\/\/patagoniambiental.com.ar\/info\/no-tires-los-envases-de-proteina-en-polvo-asi-podes-hacer-un-moderno-jarron-para-tu-living\/"},"author":{"name":"Patagonia Ambiental","@id":"https:\/\/patagoniambiental.com.ar\/info\/#\/schema\/person\/db12bff64bbcbf6a253710bf0ea37b5d"},"headline":"No tires los envases de prote\u00edna en polvo: pod\u00e9s hacer un jarr\u00f3n para tu living","datePublished":"2024-04-01T22:00:00+00:00","dateModified":"2024-08-13T03:15:11+00:00","mainEntityOfPage":{"@id":"https:\/\/patagoniambiental.com.ar\/info\/no-tires-los-envases-de-proteina-en-polvo-asi-podes-hacer-un-moderno-jarron-para-tu-living\/"},"wordCount":397,"commentCount":0,"publisher":{"@id":"https:\/\/patagoniambiental.com.ar\/info\/#organization"},"image":{"@id":"https:\/\/patagoniambiental.com.ar\/info\/no-tires-los-envases-de-proteina-en-polvo-asi-podes-hacer-un-moderno-jarron-para-tu-living\/#primaryimage"},"thumbnailUrl":"https:\/\/patagoniambiental.com.ar\/info\/wp-content\/uploads\/2024\/04\/f768x1-655832_655959_5050-1.webp","articleSection":["Bolet\u00edn","Municipales"],"inLanguage":"es","potentialAction":[{"@type":"CommentAction","name":"Comment","target":["https:\/\/patagoniambiental.com.ar\/info\/no-tires-los-envases-de-proteina-en-polvo-asi-podes-hacer-un-moderno-jarron-para-tu-living\/#respond"]}]},{"@type":"WebPage","@id":"https:\/\/patagoniambiental.com.ar\/info\/no-tires-los-envases-de-proteina-en-polvo-asi-podes-hacer-un-moderno-jarron-para-tu-living\/","url":"https:\/\/patagoniambiental.com.ar\/info\/no-tires-los-envases-de-proteina-en-polvo-asi-podes-hacer-un-moderno-jarron-para-tu-living\/","name":"No tires los envases de prote\u00edna en polvo: pod\u00e9s hacer un jarr\u00f3n para tu living","isPartOf":{"@id":"https:\/\/patagoniambiental.com.ar\/info\/#website"},"primaryImageOfPage":{"@id":"https:\/\/patagoniambiental.com.ar\/info\/no-tires-los-envases-de-proteina-en-polvo-asi-podes-hacer-un-moderno-jarron-para-tu-living\/#primaryimage"},"image":{"@id":"https:\/\/patagoniambiental.com.ar\/info\/no-tires-los-envases-de-proteina-en-polvo-asi-podes-hacer-un-moderno-jarron-para-tu-living\/#primaryimage"},"thumbnailUrl":"https:\/\/patagoniambiental.com.ar\/info\/wp-content\/uploads\/2024\/04\/f768x1-655832_655959_5050-1.webp","datePublished":"2024-04-01T22:00:00+00:00","dateModified":"2024-08-13T03:15:11+00:00","breadcrumb":{"@id":"https:\/\/patagoniambiental.com.ar\/info\/no-tires-los-envases-de-proteina-en-polvo-asi-podes-hacer-un-moderno-jarron-para-tu-living\/#breadcrumb"},"inLanguage":"es","potentialAction":[{"@type":"ReadAction","target":["https:\/\/patagoniambiental.com.ar\/info\/no-tires-los-envases-de-proteina-en-polvo-asi-podes-hacer-un-moderno-jarron-para-tu-living\/"]}]},{"@type":"ImageObject","inLanguage":"es","@id":"https:\/\/patagoniambiental.com.ar\/info\/no-tires-los-envases-de-proteina-en-polvo-asi-podes-hacer-un-moderno-jarron-para-tu-living\/#primaryimage","url":"https:\/\/patagoniambiental.com.ar\/info\/wp-content\/uploads\/2024\/04\/f768x1-655832_655959_5050-1.webp","contentUrl":"https:\/\/patagoniambiental.com.ar\/info\/wp-content\/uploads\/2024\/04\/f768x1-655832_655959_5050-1.webp","width":768,"height":511,"caption":"No tires los envases de prote\u00ednas en polvo"},{"@type":"BreadcrumbList","@id":"https:\/\/patagoniambiental.com.ar\/info\/no-tires-los-envases-de-proteina-en-polvo-asi-podes-hacer-un-moderno-jarron-para-tu-living\/#breadcrumb","itemListElement":[{"@type":"ListItem","position":1,"name":"Inicio","item":"https:\/\/patagoniambiental.com.ar\/info\/"},{"@type":"ListItem","position":2,"name":"No tires los envases de prote\u00edna en polvo: pod\u00e9s hacer un jarr\u00f3n para tu living"}]},{"@type":"WebSite","@id":"https:\/\/patagoniambiental.com.ar\/info\/#website","url":"https:\/\/patagoniambiental.com.ar\/info\/","name":"Patagonia Ambiental","description":"Monitoreo y an\u00e1lisis de la situaci\u00f3n geopol\u00edtica en el mundo y su implicancia en la Patagonia","publisher":{"@id":"https:\/\/patagoniambiental.com.ar\/info\/#organization"},"potentialAction":[{"@type":"SearchAction","target":{"@type":"EntryPoint","urlTemplate":"https:\/\/patagoniambiental.com.ar\/info\/?s={search_term_string}"},"query-input":{"@type":"PropertyValueSpecification","valueRequired":true,"valueName":"search_term_string"}}],"inLanguage":"es"},{"@type":"Organization","@id":"https:\/\/patagoniambiental.com.ar\/info\/#organization","name":"Patagonia Ambiental","url":"https:\/\/patagoniambiental.com.ar\/info\/","logo":{"@type":"ImageObject","inLanguage":"es","@id":"https:\/\/patagoniambiental.com.ar\/info\/#\/schema\/logo\/image\/","url":"https:\/\/patagoniambiental.com.ar\/info\/wp-content\/uploads\/2025\/05\/LOGO-PATAGONIA-AMBIENTAL.png","contentUrl":"https:\/\/patagoniambiental.com.ar\/info\/wp-content\/uploads\/2025\/05\/LOGO-PATAGONIA-AMBIENTAL.png","width":433,"height":250,"caption":"Patagonia Ambiental"},"image":{"@id":"https:\/\/patagoniambiental.com.ar\/info\/#\/schema\/logo\/image\/"},"sameAs":["https:\/\/www.facebook.com\/patagonia.ambiental","https:\/\/x.com\/PatAmb"]},{"@type":"Person","@id":"https:\/\/patagoniambiental.com.ar\/info\/#\/schema\/person\/db12bff64bbcbf6a253710bf0ea37b5d","name":"Patagonia Ambiental","description":"Andr\u00e9s Nievas T\u00e9cnico en manejo ambiental, consultor Ambiental y escritor para medios locales e internacionales sobre temas de geopolitica y medio ambiente.","sameAs":["http:\/\/www.patagoniambiental.com.ar","https:\/\/www.facebook.com\/share\/1C1V8Gv9BX\/?mibextid=qi2Omg","@patagoniambiental","https:\/\/youtube.com\/@patagoniaambiental2023?si=BLt58t0wuXquxlYZ"]}]}},"_links":{"self":[{"href":"https:\/\/patagoniambiental.com.ar\/info\/wp-json\/wp\/v2\/posts\/81182","targetHints":{"allow":["GET"]}}],"collection":[{"href":"https:\/\/patagoniambiental.com.ar\/info\/wp-json\/wp\/v2\/posts"}],"about":[{"href":"https:\/\/patagoniambiental.com.ar\/info\/wp-json\/wp\/v2\/types\/post"}],"author":[{"embeddable":true,"href":"https:\/\/patagoniambiental.com.ar\/info\/wp-json\/wp\/v2\/users\/2"}],"replies":[{"embeddable":true,"href":"https:\/\/patagoniambiental.com.ar\/info\/wp-json\/wp\/v2\/comments?post=81182"}],"version-history":[{"count":0,"href":"https:\/\/patagoniambiental.com.ar\/info\/wp-json\/wp\/v2\/posts\/81182\/revisions"}],"wp:featuredmedia":[{"embeddable":true,"href":"https:\/\/patagoniambiental.com.ar\/info\/wp-json\/wp\/v2\/media\/81188"}],"wp:attachment":[{"href":"https:\/\/patagoniambiental.com.ar\/info\/wp-json\/wp\/v2\/media?parent=81182"}],"wp:term":[{"taxonomy":"category","embeddable":true,"href":"https:\/\/patagoniambiental.com.ar\/info\/wp-json\/wp\/v2\/categories?post=81182"},{"taxonomy":"post_tag","embeddable":true,"href":"https:\/\/patagoniambiental.com.ar\/info\/wp-json\/wp\/v2\/tags?post=81182"}],"curies":[{"name":"wp","href":"https:\/\/api.w.org\/{rel}","templated":true}]}}