{"id":81207,"date":"2024-04-01T07:00:00","date_gmt":"2024-04-01T10:00:00","guid":{"rendered":"https:\/\/patagoniambiental.com.ar\/info\/?p=81207"},"modified":"2024-09-19T12:45:10","modified_gmt":"2024-09-19T15:45:10","slug":"figueroa-participara-de-la-vigilia-de-malvinas-en-tierra-del-fuego","status":"publish","type":"post","link":"https:\/\/patagoniambiental.com.ar\/info\/figueroa-participara-de-la-vigilia-de-malvinas-en-tierra-del-fuego\/","title":{"rendered":"Figueroa participar\u00e1 de la Vigilia de Malvinas en Tierra del Fuego"},"content":{"rendered":"\n<!--more-->\n\n\n\n<p>Participar\u00e1 del tradicional acto junto a otros gobernadores de la Patagonia.<\/p>\n\n\n\n<p><strong>El gobernador de la provincia de Neuqu\u00e9n, Rolando Figueroa, viajar\u00e1 a Tierra del Fuego para participar del tradicional acto de Vigilia de Malvinas, junto a otros gobernadores del sur argentino. Sin embargo, no est\u00e1 previsto que se realice una sesi\u00f3n de la Asamblea de Gobernadores Patag\u00f3nicos.<\/strong><\/p>\n\n\n\n<p>El tradicional evento comenzar\u00e1 este 1 de abril desde las 20 en la ciudad de R\u00edo Grande, en Tierra del Fuego, con distintas actividades que incluyen la simulaci\u00f3n de un desembarco, <\/p>\n\n\n\n<p>presentaciones art\u00edsticas y folkl\u00f3ricas y hasta un locro malvinero que compartir\u00e1n los asistentes. En ese contexto, Figueroa fue invitado a ser parte de la conmemoraci\u00f3n junto a su par de Tierra del Fuego y otros gobernadores de la regi\u00f3n.<\/p>\n\n\n\n<p>Los gobernadores de Santa Cruz, Claudio Vidal y del Chubut, Ignacio Torres confirmaron su presencia para acompa\u00f1ar al mandatario fueguino Gustavo Melella, aunque no est\u00e1 previsto que realicen otro tipo de actividades por fuera de la agenda de Malvinas.<\/p>\n\n\n\n<p>El cronograma del evento comenzar\u00e1 a las 20 con una misa en la Carpa de la Dignidad, montada a orillas del Mar Argentino, y seguir\u00e1 una hora y media m\u00e1s tarde con una vistosa conmemoraci\u00f3n: el ingreso de las 42 antorchas para recordar la Guerra de Malvinas.<\/p>\n\n\n\n<figure class=\"wp-block-image size-full is-resized\"><img fetchpriority=\"high\" decoding=\"async\" width=\"770\" height=\"435\" src=\"https:\/\/patagoniambiental.com.ar\/info\/wp-content\/uploads\/2024\/04\/multimedia.normal.8339adcbcab62789.dmV0ZXJhbm9zLW1hbHZpbmFzMV9ub3JtYWwud2VicA.webp\" alt=\"\" class=\"wp-image-81208\" style=\"width:344px;height:auto\" srcset=\"https:\/\/patagoniambiental.com.ar\/info\/wp-content\/uploads\/2024\/04\/multimedia.normal.8339adcbcab62789.dmV0ZXJhbm9zLW1hbHZpbmFzMV9ub3JtYWwud2VicA.webp 770w, https:\/\/patagoniambiental.com.ar\/info\/wp-content\/uploads\/2024\/04\/multimedia.normal.8339adcbcab62789.dmV0ZXJhbm9zLW1hbHZpbmFzMV9ub3JtYWwud2VicA-768x434.webp 768w\" sizes=\"(max-width: 770px) 100vw, 770px\" \/><\/figure>\n\n\n\n<p>A las 22.30 se realizar\u00e1 una simulaci\u00f3n del desembarco de la Operaci\u00f3n Rosario a cargo del BIM 5, en la playa que est\u00e1 frente al monumento H\u00e9roes de Malvinas. El evento continuar\u00e1 con presentaciones art\u00edsticas y otros actos conmemorativos, como un minuto de silencio y el disparo de salvas de homenaje, para comenzar el acto oficial reci\u00e9n a la 1.30 de la madrugada.<\/p>\n\n\n\n<p>Este martes es el D\u00eda del Veterano y de los Ca\u00eddos en la guerra de Malvinas que, desde el a\u00f1o 2000, forma parte del calendario de feriados en Argentina. En este ocasi\u00f3n, el 2 de abril ser\u00e1 tambi\u00e9n el cierre de un fin de semana inusual, ya que se uni\u00f3 a los feriados de Semana Santa y un feriado puente para formar un finde XXL de seis d\u00edas, lo que gener\u00f3 un gran \u00e9xodo tur\u00edstico en la costa atl\u00e1ntica, la cordillera y tambi\u00e9n en Chile.<\/p>\n\n\n\n<div style=\"height:100px\" aria-hidden=\"true\" class=\"wp-block-spacer\"><\/div>\n\n\n\n<h2 class=\"wp-block-heading\" id=\"h-rolando-figueroa-y-una-intensa-agenda-de-recorridas\"><strong>Rolando Figueroa y una intensa agenda de recorridas<\/strong><\/h2>\n\n\n\n<p>Adem\u00e1s de su viaje a Tierra del Fuego, Rolando Figueroa aprovech\u00f3 los d\u00edas de Semana Santa para hacer una recorrida por el interior de la provincia de Neuqu\u00e9n, que tuvo a la cordillera como principal destino.<\/p>\n\n\n\n<p>El Viernes Santo se dedic\u00f3 a evaluar el avance de las obras que se realizan en Villa La Angostura (VLA), y para trazar proyecciones. Lo hizo durante una recorrida que realiz\u00f3 junto con el intendente, Javier Murer, y funcionarios del gobierno municipal.<\/p>\n\n\n\n<figure class=\"wp-block-image size-full is-resized\"><img decoding=\"async\" width=\"770\" height=\"435\" src=\"https:\/\/patagoniambiental.com.ar\/info\/wp-content\/uploads\/2024\/04\/multimedia.normal.a3708f322da69773.cm9sYW5kby1maWd1ZXJvYS1qYXZpZXItbXVyZXJfbm9ybWFsLndlYnA.webp\" alt=\"\" class=\"wp-image-81209\" style=\"width:344px;height:auto\" srcset=\"https:\/\/patagoniambiental.com.ar\/info\/wp-content\/uploads\/2024\/04\/multimedia.normal.a3708f322da69773.cm9sYW5kby1maWd1ZXJvYS1qYXZpZXItbXVyZXJfbm9ybWFsLndlYnA.webp 770w, https:\/\/patagoniambiental.com.ar\/info\/wp-content\/uploads\/2024\/04\/multimedia.normal.a3708f322da69773.cm9sYW5kby1maWd1ZXJvYS1qYXZpZXItbXVyZXJfbm9ybWFsLndlYnA-768x434.webp 768w\" sizes=\"(max-width: 770px) 100vw, 770px\" \/><\/figure>\n\n\n\n<p>Tras la recorrida, realizaron el balance y destacaron que, en lo que hace a la planta potabilizadora de agua, ya realizaron sus inspecciones tanto el Ente Provincial de Agua y Saneamiento (EPAS) como otros organismos dependientes del ministerio de Infraestructura.<\/p>\n\n\n\n<p>Fuente: neuquennews.com.ar<\/p>\n","protected":false},"excerpt":{"rendered":"","protected":false},"author":2,"featured_media":81211,"comment_status":"open","ping_status":"open","sticky":false,"template":"","format":"standard","meta":{"site-sidebar-layout":"default","site-content-layout":"","ast-site-content-layout":"default","site-content-style":"default","site-sidebar-style":"default","ast-global-header-display":"","ast-banner-title-visibility":"","ast-main-header-display":"","ast-hfb-above-header-display":"","ast-hfb-below-header-display":"","ast-hfb-mobile-header-display":"","site-post-title":"","ast-breadcrumbs-content":"","ast-featured-img":"","footer-sml-layout":"","ast-disable-related-posts":"","theme-transparent-header-meta":"","adv-header-id-meta":"","stick-header-meta":"","header-above-stick-meta":"","header-main-stick-meta":"","header-below-stick-meta":"","astra-migrate-meta-layouts":"default","ast-page-background-enabled":"default","ast-page-background-meta":{"desktop":{"background-color":"var(--ast-global-color-5)","background-image":"","background-repeat":"repeat","background-position":"center center","background-size":"auto","background-attachment":"scroll","background-type":"","background-media":"","overlay-type":"","overlay-color":"","overlay-opacity":"","overlay-gradient":""},"tablet":{"background-color":"","background-image":"","background-repeat":"repeat","background-position":"center center","background-size":"auto","background-attachment":"scroll","background-type":"","background-media":"","overlay-type":"","overlay-color":"","overlay-opacity":"","overlay-gradient":""},"mobile":{"background-color":"","background-image":"","background-repeat":"repeat","background-position":"center center","background-size":"auto","background-attachment":"scroll","background-type":"","background-media":"","overlay-type":"","overlay-color":"","overlay-opacity":"","overlay-gradient":""}},"ast-content-background-meta":{"desktop":{"background-color":"var(--ast-global-color-4)","background-image":"","background-repeat":"repeat","background-position":"center center","background-size":"auto","background-attachment":"scroll","background-type":"","background-media":"","overlay-type":"","overlay-color":"","overlay-opacity":"","overlay-gradient":""},"tablet":{"background-color":"var(--ast-global-color-4)","background-image":"","background-repeat":"repeat","background-position":"center center","background-size":"auto","background-attachment":"scroll","background-type":"","background-media":"","overlay-type":"","overlay-color":"","overlay-opacity":"","overlay-gradient":""},"mobile":{"background-color":"var(--ast-global-color-4)","background-image":"","background-repeat":"repeat","background-position":"center center","background-size":"auto","background-attachment":"scroll","background-type":"","background-media":"","overlay-type":"","overlay-color":"","overlay-opacity":"","overlay-gradient":""}},"footnotes":""},"categories":[11,13,25],"tags":[],"class_list":["post-81207","post","type-post","status-publish","format-standard","has-post-thumbnail","hentry","category-boletin","category-provinciales","category-tierra-del-fuego"],"yoast_head":"<!-- This site is optimized with the Yoast SEO Premium plugin v23.0 (Yoast SEO v27.5) - https:\/\/yoast.com\/product\/yoast-seo-premium-wordpress\/ -->\n<title>Figueroa participar\u00e1 de la Vigilia de Malvinas en Tierra del Fuego<\/title>\n<meta name=\"robots\" content=\"index, follow, max-snippet:-1, max-image-preview:large, max-video-preview:-1\" \/>\n<link rel=\"canonical\" href=\"https:\/\/patagoniambiental.com.ar\/info\/figueroa-participara-de-la-vigilia-de-malvinas-en-tierra-del-fuego\/\" \/>\n<meta property=\"og:locale\" content=\"es_ES\" \/>\n<meta property=\"og:type\" content=\"article\" \/>\n<meta property=\"og:title\" content=\"Figueroa participar\u00e1 de la Vigilia de Malvinas en Tierra del Fuego\" \/>\n<meta property=\"og:url\" content=\"https:\/\/patagoniambiental.com.ar\/info\/figueroa-participara-de-la-vigilia-de-malvinas-en-tierra-del-fuego\/\" \/>\n<meta property=\"og:site_name\" content=\"Patagonia Ambiental\" \/>\n<meta property=\"article:publisher\" content=\"https:\/\/www.facebook.com\/patagonia.ambiental\" \/>\n<meta property=\"article:author\" content=\"https:\/\/www.facebook.com\/share\/1C1V8Gv9BX\/?mibextid=qi2Omg\" \/>\n<meta property=\"article:published_time\" content=\"2024-04-01T10:00:00+00:00\" \/>\n<meta property=\"article:modified_time\" content=\"2024-09-19T15:45:10+00:00\" \/>\n<meta property=\"og:image\" content=\"https:\/\/patagoniambiental.com.ar\/info\/wp-content\/uploads\/2024\/04\/multimedia.normal.b308fbf23e2b38ed.cm9sYW5kby1maWd1ZXJvYTJfbm9ybWFsLndlYnA-1.webp\" \/>\n\t<meta property=\"og:image:width\" content=\"770\" \/>\n\t<meta property=\"og:image:height\" content=\"435\" \/>\n\t<meta property=\"og:image:type\" content=\"image\/webp\" \/>\n<meta name=\"author\" content=\"Patagonia Ambiental\" \/>\n<meta name=\"twitter:card\" content=\"summary_large_image\" \/>\n<meta name=\"twitter:creator\" content=\"@PatAmb\" \/>\n<meta name=\"twitter:site\" content=\"@PatAmb\" \/>\n<script type=\"application\/ld+json\" class=\"yoast-schema-graph\">{\"@context\":\"https:\\\/\\\/schema.org\",\"@graph\":[{\"@type\":\"Article\",\"@id\":\"https:\\\/\\\/patagoniambiental.com.ar\\\/info\\\/figueroa-participara-de-la-vigilia-de-malvinas-en-tierra-del-fuego\\\/#article\",\"isPartOf\":{\"@id\":\"https:\\\/\\\/patagoniambiental.com.ar\\\/info\\\/figueroa-participara-de-la-vigilia-de-malvinas-en-tierra-del-fuego\\\/\"},\"author\":{\"name\":\"Patagonia Ambiental\",\"@id\":\"https:\\\/\\\/patagoniambiental.com.ar\\\/info\\\/#\\\/schema\\\/person\\\/db12bff64bbcbf6a253710bf0ea37b5d\"},\"headline\":\"Figueroa participar\u00e1 de la Vigilia de Malvinas en Tierra del Fuego\",\"datePublished\":\"2024-04-01T10:00:00+00:00\",\"dateModified\":\"2024-09-19T15:45:10+00:00\",\"mainEntityOfPage\":{\"@id\":\"https:\\\/\\\/patagoniambiental.com.ar\\\/info\\\/figueroa-participara-de-la-vigilia-de-malvinas-en-tierra-del-fuego\\\/\"},\"wordCount\":523,\"commentCount\":0,\"publisher\":{\"@id\":\"https:\\\/\\\/patagoniambiental.com.ar\\\/info\\\/#organization\"},\"image\":{\"@id\":\"https:\\\/\\\/patagoniambiental.com.ar\\\/info\\\/figueroa-participara-de-la-vigilia-de-malvinas-en-tierra-del-fuego\\\/#primaryimage\"},\"thumbnailUrl\":\"https:\\\/\\\/patagoniambiental.com.ar\\\/info\\\/wp-content\\\/uploads\\\/2024\\\/04\\\/multimedia.normal.b308fbf23e2b38ed.cm9sYW5kby1maWd1ZXJvYTJfbm9ybWFsLndlYnA-1.webp\",\"articleSection\":[\"Bolet\u00edn\",\"Provinciales\",\"Tierra del Fuego\"],\"inLanguage\":\"es\",\"potentialAction\":[{\"@type\":\"CommentAction\",\"name\":\"Comment\",\"target\":[\"https:\\\/\\\/patagoniambiental.com.ar\\\/info\\\/figueroa-participara-de-la-vigilia-de-malvinas-en-tierra-del-fuego\\\/#respond\"]}]},{\"@type\":\"WebPage\",\"@id\":\"https:\\\/\\\/patagoniambiental.com.ar\\\/info\\\/figueroa-participara-de-la-vigilia-de-malvinas-en-tierra-del-fuego\\\/\",\"url\":\"https:\\\/\\\/patagoniambiental.com.ar\\\/info\\\/figueroa-participara-de-la-vigilia-de-malvinas-en-tierra-del-fuego\\\/\",\"name\":\"Figueroa participar\u00e1 de la Vigilia de Malvinas en Tierra del Fuego\",\"isPartOf\":{\"@id\":\"https:\\\/\\\/patagoniambiental.com.ar\\\/info\\\/#website\"},\"primaryImageOfPage\":{\"@id\":\"https:\\\/\\\/patagoniambiental.com.ar\\\/info\\\/figueroa-participara-de-la-vigilia-de-malvinas-en-tierra-del-fuego\\\/#primaryimage\"},\"image\":{\"@id\":\"https:\\\/\\\/patagoniambiental.com.ar\\\/info\\\/figueroa-participara-de-la-vigilia-de-malvinas-en-tierra-del-fuego\\\/#primaryimage\"},\"thumbnailUrl\":\"https:\\\/\\\/patagoniambiental.com.ar\\\/info\\\/wp-content\\\/uploads\\\/2024\\\/04\\\/multimedia.normal.b308fbf23e2b38ed.cm9sYW5kby1maWd1ZXJvYTJfbm9ybWFsLndlYnA-1.webp\",\"datePublished\":\"2024-04-01T10:00:00+00:00\",\"dateModified\":\"2024-09-19T15:45:10+00:00\",\"breadcrumb\":{\"@id\":\"https:\\\/\\\/patagoniambiental.com.ar\\\/info\\\/figueroa-participara-de-la-vigilia-de-malvinas-en-tierra-del-fuego\\\/#breadcrumb\"},\"inLanguage\":\"es\",\"potentialAction\":[{\"@type\":\"ReadAction\",\"target\":[\"https:\\\/\\\/patagoniambiental.com.ar\\\/info\\\/figueroa-participara-de-la-vigilia-de-malvinas-en-tierra-del-fuego\\\/\"]}]},{\"@type\":\"ImageObject\",\"inLanguage\":\"es\",\"@id\":\"https:\\\/\\\/patagoniambiental.com.ar\\\/info\\\/figueroa-participara-de-la-vigilia-de-malvinas-en-tierra-del-fuego\\\/#primaryimage\",\"url\":\"https:\\\/\\\/patagoniambiental.com.ar\\\/info\\\/wp-content\\\/uploads\\\/2024\\\/04\\\/multimedia.normal.b308fbf23e2b38ed.cm9sYW5kby1maWd1ZXJvYTJfbm9ybWFsLndlYnA-1.webp\",\"contentUrl\":\"https:\\\/\\\/patagoniambiental.com.ar\\\/info\\\/wp-content\\\/uploads\\\/2024\\\/04\\\/multimedia.normal.b308fbf23e2b38ed.cm9sYW5kby1maWd1ZXJvYTJfbm9ybWFsLndlYnA-1.webp\",\"width\":770,\"height\":435},{\"@type\":\"BreadcrumbList\",\"@id\":\"https:\\\/\\\/patagoniambiental.com.ar\\\/info\\\/figueroa-participara-de-la-vigilia-de-malvinas-en-tierra-del-fuego\\\/#breadcrumb\",\"itemListElement\":[{\"@type\":\"ListItem\",\"position\":1,\"name\":\"Inicio\",\"item\":\"https:\\\/\\\/patagoniambiental.com.ar\\\/info\\\/\"},{\"@type\":\"ListItem\",\"position\":2,\"name\":\"Figueroa participar\u00e1 de la Vigilia de Malvinas en Tierra del Fuego\"}]},{\"@type\":\"WebSite\",\"@id\":\"https:\\\/\\\/patagoniambiental.com.ar\\\/info\\\/#website\",\"url\":\"https:\\\/\\\/patagoniambiental.com.ar\\\/info\\\/\",\"name\":\"Patagonia Ambiental\",\"description\":\"Monitoreo y an\u00e1lisis de la situaci\u00f3n geopol\u00edtica en el mundo y su implicancia en la Patagonia\",\"publisher\":{\"@id\":\"https:\\\/\\\/patagoniambiental.com.ar\\\/info\\\/#organization\"},\"potentialAction\":[{\"@type\":\"SearchAction\",\"target\":{\"@type\":\"EntryPoint\",\"urlTemplate\":\"https:\\\/\\\/patagoniambiental.com.ar\\\/info\\\/?s={search_term_string}\"},\"query-input\":{\"@type\":\"PropertyValueSpecification\",\"valueRequired\":true,\"valueName\":\"search_term_string\"}}],\"inLanguage\":\"es\"},{\"@type\":\"Organization\",\"@id\":\"https:\\\/\\\/patagoniambiental.com.ar\\\/info\\\/#organization\",\"name\":\"Patagonia Ambiental\",\"url\":\"https:\\\/\\\/patagoniambiental.com.ar\\\/info\\\/\",\"logo\":{\"@type\":\"ImageObject\",\"inLanguage\":\"es\",\"@id\":\"https:\\\/\\\/patagoniambiental.com.ar\\\/info\\\/#\\\/schema\\\/logo\\\/image\\\/\",\"url\":\"https:\\\/\\\/patagoniambiental.com.ar\\\/info\\\/wp-content\\\/uploads\\\/2025\\\/05\\\/LOGO-PATAGONIA-AMBIENTAL.png\",\"contentUrl\":\"https:\\\/\\\/patagoniambiental.com.ar\\\/info\\\/wp-content\\\/uploads\\\/2025\\\/05\\\/LOGO-PATAGONIA-AMBIENTAL.png\",\"width\":433,\"height\":250,\"caption\":\"Patagonia Ambiental\"},\"image\":{\"@id\":\"https:\\\/\\\/patagoniambiental.com.ar\\\/info\\\/#\\\/schema\\\/logo\\\/image\\\/\"},\"sameAs\":[\"https:\\\/\\\/www.facebook.com\\\/patagonia.ambiental\",\"https:\\\/\\\/x.com\\\/PatAmb\"]},{\"@type\":\"Person\",\"@id\":\"https:\\\/\\\/patagoniambiental.com.ar\\\/info\\\/#\\\/schema\\\/person\\\/db12bff64bbcbf6a253710bf0ea37b5d\",\"name\":\"Patagonia Ambiental\",\"description\":\"Andr\u00e9s Nievas T\u00e9cnico en manejo ambiental, consultor Ambiental y escritor para medios locales e internacionales sobre temas de geopolitica y medio ambiente.\",\"sameAs\":[\"http:\\\/\\\/www.patagoniambiental.com.ar\",\"https:\\\/\\\/www.facebook.com\\\/share\\\/1C1V8Gv9BX\\\/?mibextid=qi2Omg\",\"@patagoniambiental\",\"https:\\\/\\\/youtube.com\\\/@patagoniaambiental2023?si=BLt58t0wuXquxlYZ\"]}]}<\/script>\n<!-- \/ Yoast SEO Premium plugin. -->","yoast_head_json":{"title":"Figueroa participar\u00e1 de la Vigilia de Malvinas en Tierra del Fuego","robots":{"index":"index","follow":"follow","max-snippet":"max-snippet:-1","max-image-preview":"max-image-preview:large","max-video-preview":"max-video-preview:-1"},"canonical":"https:\/\/patagoniambiental.com.ar\/info\/figueroa-participara-de-la-vigilia-de-malvinas-en-tierra-del-fuego\/","og_locale":"es_ES","og_type":"article","og_title":"Figueroa participar\u00e1 de la Vigilia de Malvinas en Tierra del Fuego","og_url":"https:\/\/patagoniambiental.com.ar\/info\/figueroa-participara-de-la-vigilia-de-malvinas-en-tierra-del-fuego\/","og_site_name":"Patagonia Ambiental","article_publisher":"https:\/\/www.facebook.com\/patagonia.ambiental","article_author":"https:\/\/www.facebook.com\/share\/1C1V8Gv9BX\/?mibextid=qi2Omg","article_published_time":"2024-04-01T10:00:00+00:00","article_modified_time":"2024-09-19T15:45:10+00:00","og_image":[{"width":770,"height":435,"url":"https:\/\/patagoniambiental.com.ar\/info\/wp-content\/uploads\/2024\/04\/multimedia.normal.b308fbf23e2b38ed.cm9sYW5kby1maWd1ZXJvYTJfbm9ybWFsLndlYnA-1.webp","type":"image\/webp"}],"author":"Patagonia Ambiental","twitter_card":"summary_large_image","twitter_creator":"@PatAmb","twitter_site":"@PatAmb","schema":{"@context":"https:\/\/schema.org","@graph":[{"@type":"Article","@id":"https:\/\/patagoniambiental.com.ar\/info\/figueroa-participara-de-la-vigilia-de-malvinas-en-tierra-del-fuego\/#article","isPartOf":{"@id":"https:\/\/patagoniambiental.com.ar\/info\/figueroa-participara-de-la-vigilia-de-malvinas-en-tierra-del-fuego\/"},"author":{"name":"Patagonia Ambiental","@id":"https:\/\/patagoniambiental.com.ar\/info\/#\/schema\/person\/db12bff64bbcbf6a253710bf0ea37b5d"},"headline":"Figueroa participar\u00e1 de la Vigilia de Malvinas en Tierra del Fuego","datePublished":"2024-04-01T10:00:00+00:00","dateModified":"2024-09-19T15:45:10+00:00","mainEntityOfPage":{"@id":"https:\/\/patagoniambiental.com.ar\/info\/figueroa-participara-de-la-vigilia-de-malvinas-en-tierra-del-fuego\/"},"wordCount":523,"commentCount":0,"publisher":{"@id":"https:\/\/patagoniambiental.com.ar\/info\/#organization"},"image":{"@id":"https:\/\/patagoniambiental.com.ar\/info\/figueroa-participara-de-la-vigilia-de-malvinas-en-tierra-del-fuego\/#primaryimage"},"thumbnailUrl":"https:\/\/patagoniambiental.com.ar\/info\/wp-content\/uploads\/2024\/04\/multimedia.normal.b308fbf23e2b38ed.cm9sYW5kby1maWd1ZXJvYTJfbm9ybWFsLndlYnA-1.webp","articleSection":["Bolet\u00edn","Provinciales","Tierra del Fuego"],"inLanguage":"es","potentialAction":[{"@type":"CommentAction","name":"Comment","target":["https:\/\/patagoniambiental.com.ar\/info\/figueroa-participara-de-la-vigilia-de-malvinas-en-tierra-del-fuego\/#respond"]}]},{"@type":"WebPage","@id":"https:\/\/patagoniambiental.com.ar\/info\/figueroa-participara-de-la-vigilia-de-malvinas-en-tierra-del-fuego\/","url":"https:\/\/patagoniambiental.com.ar\/info\/figueroa-participara-de-la-vigilia-de-malvinas-en-tierra-del-fuego\/","name":"Figueroa participar\u00e1 de la Vigilia de Malvinas en Tierra del Fuego","isPartOf":{"@id":"https:\/\/patagoniambiental.com.ar\/info\/#website"},"primaryImageOfPage":{"@id":"https:\/\/patagoniambiental.com.ar\/info\/figueroa-participara-de-la-vigilia-de-malvinas-en-tierra-del-fuego\/#primaryimage"},"image":{"@id":"https:\/\/patagoniambiental.com.ar\/info\/figueroa-participara-de-la-vigilia-de-malvinas-en-tierra-del-fuego\/#primaryimage"},"thumbnailUrl":"https:\/\/patagoniambiental.com.ar\/info\/wp-content\/uploads\/2024\/04\/multimedia.normal.b308fbf23e2b38ed.cm9sYW5kby1maWd1ZXJvYTJfbm9ybWFsLndlYnA-1.webp","datePublished":"2024-04-01T10:00:00+00:00","dateModified":"2024-09-19T15:45:10+00:00","breadcrumb":{"@id":"https:\/\/patagoniambiental.com.ar\/info\/figueroa-participara-de-la-vigilia-de-malvinas-en-tierra-del-fuego\/#breadcrumb"},"inLanguage":"es","potentialAction":[{"@type":"ReadAction","target":["https:\/\/patagoniambiental.com.ar\/info\/figueroa-participara-de-la-vigilia-de-malvinas-en-tierra-del-fuego\/"]}]},{"@type":"ImageObject","inLanguage":"es","@id":"https:\/\/patagoniambiental.com.ar\/info\/figueroa-participara-de-la-vigilia-de-malvinas-en-tierra-del-fuego\/#primaryimage","url":"https:\/\/patagoniambiental.com.ar\/info\/wp-content\/uploads\/2024\/04\/multimedia.normal.b308fbf23e2b38ed.cm9sYW5kby1maWd1ZXJvYTJfbm9ybWFsLndlYnA-1.webp","contentUrl":"https:\/\/patagoniambiental.com.ar\/info\/wp-content\/uploads\/2024\/04\/multimedia.normal.b308fbf23e2b38ed.cm9sYW5kby1maWd1ZXJvYTJfbm9ybWFsLndlYnA-1.webp","width":770,"height":435},{"@type":"BreadcrumbList","@id":"https:\/\/patagoniambiental.com.ar\/info\/figueroa-participara-de-la-vigilia-de-malvinas-en-tierra-del-fuego\/#breadcrumb","itemListElement":[{"@type":"ListItem","position":1,"name":"Inicio","item":"https:\/\/patagoniambiental.com.ar\/info\/"},{"@type":"ListItem","position":2,"name":"Figueroa participar\u00e1 de la Vigilia de Malvinas en Tierra del Fuego"}]},{"@type":"WebSite","@id":"https:\/\/patagoniambiental.com.ar\/info\/#website","url":"https:\/\/patagoniambiental.com.ar\/info\/","name":"Patagonia Ambiental","description":"Monitoreo y an\u00e1lisis de la situaci\u00f3n geopol\u00edtica en el mundo y su implicancia en la Patagonia","publisher":{"@id":"https:\/\/patagoniambiental.com.ar\/info\/#organization"},"potentialAction":[{"@type":"SearchAction","target":{"@type":"EntryPoint","urlTemplate":"https:\/\/patagoniambiental.com.ar\/info\/?s={search_term_string}"},"query-input":{"@type":"PropertyValueSpecification","valueRequired":true,"valueName":"search_term_string"}}],"inLanguage":"es"},{"@type":"Organization","@id":"https:\/\/patagoniambiental.com.ar\/info\/#organization","name":"Patagonia Ambiental","url":"https:\/\/patagoniambiental.com.ar\/info\/","logo":{"@type":"ImageObject","inLanguage":"es","@id":"https:\/\/patagoniambiental.com.ar\/info\/#\/schema\/logo\/image\/","url":"https:\/\/patagoniambiental.com.ar\/info\/wp-content\/uploads\/2025\/05\/LOGO-PATAGONIA-AMBIENTAL.png","contentUrl":"https:\/\/patagoniambiental.com.ar\/info\/wp-content\/uploads\/2025\/05\/LOGO-PATAGONIA-AMBIENTAL.png","width":433,"height":250,"caption":"Patagonia Ambiental"},"image":{"@id":"https:\/\/patagoniambiental.com.ar\/info\/#\/schema\/logo\/image\/"},"sameAs":["https:\/\/www.facebook.com\/patagonia.ambiental","https:\/\/x.com\/PatAmb"]},{"@type":"Person","@id":"https:\/\/patagoniambiental.com.ar\/info\/#\/schema\/person\/db12bff64bbcbf6a253710bf0ea37b5d","name":"Patagonia Ambiental","description":"Andr\u00e9s Nievas T\u00e9cnico en manejo ambiental, consultor Ambiental y escritor para medios locales e internacionales sobre temas de geopolitica y medio ambiente.","sameAs":["http:\/\/www.patagoniambiental.com.ar","https:\/\/www.facebook.com\/share\/1C1V8Gv9BX\/?mibextid=qi2Omg","@patagoniambiental","https:\/\/youtube.com\/@patagoniaambiental2023?si=BLt58t0wuXquxlYZ"]}]}},"_links":{"self":[{"href":"https:\/\/patagoniambiental.com.ar\/info\/wp-json\/wp\/v2\/posts\/81207","targetHints":{"allow":["GET"]}}],"collection":[{"href":"https:\/\/patagoniambiental.com.ar\/info\/wp-json\/wp\/v2\/posts"}],"about":[{"href":"https:\/\/patagoniambiental.com.ar\/info\/wp-json\/wp\/v2\/types\/post"}],"author":[{"embeddable":true,"href":"https:\/\/patagoniambiental.com.ar\/info\/wp-json\/wp\/v2\/users\/2"}],"replies":[{"embeddable":true,"href":"https:\/\/patagoniambiental.com.ar\/info\/wp-json\/wp\/v2\/comments?post=81207"}],"version-history":[{"count":0,"href":"https:\/\/patagoniambiental.com.ar\/info\/wp-json\/wp\/v2\/posts\/81207\/revisions"}],"wp:featuredmedia":[{"embeddable":true,"href":"https:\/\/patagoniambiental.com.ar\/info\/wp-json\/wp\/v2\/media\/81211"}],"wp:attachment":[{"href":"https:\/\/patagoniambiental.com.ar\/info\/wp-json\/wp\/v2\/media?parent=81207"}],"wp:term":[{"taxonomy":"category","embeddable":true,"href":"https:\/\/patagoniambiental.com.ar\/info\/wp-json\/wp\/v2\/categories?post=81207"},{"taxonomy":"post_tag","embeddable":true,"href":"https:\/\/patagoniambiental.com.ar\/info\/wp-json\/wp\/v2\/tags?post=81207"}],"curies":[{"name":"wp","href":"https:\/\/api.w.org\/{rel}","templated":true}]}}