{"id":81213,"date":"2024-04-01T19:00:00","date_gmt":"2024-04-01T22:00:00","guid":{"rendered":"https:\/\/patagoniambiental.com.ar\/info\/?p=81213"},"modified":"2024-08-13T00:15:26","modified_gmt":"2024-08-13T03:15:26","slug":"alta-autoridad-ministerial-se-reune-con-representantes-de-h2v-magallanes-para-impulsar-industria-del-hidrogeno","status":"publish","type":"post","link":"https:\/\/patagoniambiental.com.ar\/info\/alta-autoridad-ministerial-se-reune-con-representantes-de-h2v-magallanes-para-impulsar-industria-del-hidrogeno\/","title":{"rendered":"Alta autoridad ministerial se re\u00fane con representantes de H2V Magallanes"},"content":{"rendered":"\n<!--more-->\n\n\n\n<p>Estos encuentros reflejan la colaboraci\u00f3n continua necesaria entre el sector p\u00fablico y privado para avanzar en medidas concretas que impulsen el desarrollo de la industria del hidr\u00f3geno en Magallanes.<\/p>\n\n\n\n<p>Representantes de los seis proyectos que componen H2V Magallanes se congregaron en el Ministerio de Transportes y Telecomunicaciones en Santiago, junto a autoridades de dicha cartera lideradas por el Ministro Juan Carlos Mu\u00f1oz. En la reuni\u00f3n tambi\u00e9n estuvieron presentes los Ministros de Econom\u00eda, Fomento y Turismo, Nicol\u00e1s Grau; Energ\u00eda, Diego Pardow, y el Director de Planeamiento de Obras P\u00fablicas, Danilo N\u00fa\u00f1ez.\u00a0<strong>El objetivo de este encuentro fue discutir la instalaci\u00f3n de infraestructura crucial para el futuro desarrollo de la industria del hidr\u00f3geno<\/strong>\u00a0y sus derivados en la Regi\u00f3n de Magallanes y de la Ant\u00e1rtica Chilena.<\/p>\n\n\n\n<p>Estas conversaciones t\u00e9cnicas se enmarcan en el&nbsp;<strong>plan de trabajo establecido luego de la firma del protocolo de cooperaci\u00f3n p\u00fablico-privado<\/strong>, formalizado el 15 de diciembre en Punta Arenas, evento que cont\u00f3 con la presencia del Presidente Gabriel Boric.<\/p>\n\n\n\n<p>Mar\u00eda Isabel Mu\u00f1oz Antonin, Gerente General de H2V Magallanes, expres\u00f3 su satisfacci\u00f3n por esta primera reuni\u00f3n de trabajo con altas autoridades ministeriales,&nbsp;<strong>resaltando la oportunidad de abordar<\/strong> <\/p>\n\n\n\n<p><strong>tempranamente aspectos cr\u00edticos relacionados con la log\u00edstica vial y las concesiones mar\u00edtimas<\/strong>, tanto para los proyectos en el continente como en la isla Tierra del Fuego. Asimismo, manifest\u00f3 la disposici\u00f3n de la industria para colaborar y avanzar en estos temas.<\/p>\n\n\n\n<p>Estos encuentros reflejan la colaboraci\u00f3n continua necesaria entre el sector p\u00fablico y privado para avanzar en medidas concretas que impulsen el desarrollo de la industria del hidr\u00f3geno en Magallanes. Desde H2V Magallanes,<strong>&nbsp;se enfatiza en el papel transformador que esta industria juega en la matriz energ\u00e9tica<\/strong>, as\u00ed como en su <\/p>\n\n\n\n<p>contribuci\u00f3n a la mitigaci\u00f3n del cambio clim\u00e1tico y la mejora de la calidad de vida en la regi\u00f3n.<\/p>\n\n\n\n<p>La Asociaci\u00f3n Gremial de Productores de Hidr\u00f3geno Verde y sus derivados de Magallanes (H2V Magallanes AG) est\u00e1 conformada por EDF Chile, EDF Renewables, HIF Chile, HNH Energy, TEG Chile y TotalEnergies H2, empresas dedicadas al desarrollo de proyectos de Hidr\u00f3geno Verde y sus derivados en Magallanes.<\/p>\n\n\n\n<p>Fuente: itvpatagonia<\/p>\n","protected":false},"excerpt":{"rendered":"","protected":false},"author":2,"featured_media":81215,"comment_status":"open","ping_status":"open","sticky":false,"template":"","format":"standard","meta":{"site-sidebar-layout":"default","site-content-layout":"","ast-site-content-layout":"default","site-content-style":"default","site-sidebar-style":"default","ast-global-header-display":"","ast-banner-title-visibility":"","ast-main-header-display":"","ast-hfb-above-header-display":"","ast-hfb-below-header-display":"","ast-hfb-mobile-header-display":"","site-post-title":"","ast-breadcrumbs-content":"","ast-featured-img":"","footer-sml-layout":"","ast-disable-related-posts":"","theme-transparent-header-meta":"","adv-header-id-meta":"","stick-header-meta":"","header-above-stick-meta":"","header-main-stick-meta":"","header-below-stick-meta":"","astra-migrate-meta-layouts":"default","ast-page-background-enabled":"default","ast-page-background-meta":{"desktop":{"background-color":"var(--ast-global-color-5)","background-image":"","background-repeat":"repeat","background-position":"center center","background-size":"auto","background-attachment":"scroll","background-type":"","background-media":"","overlay-type":"","overlay-color":"","overlay-opacity":"","overlay-gradient":""},"tablet":{"background-color":"","background-image":"","background-repeat":"repeat","background-position":"center center","background-size":"auto","background-attachment":"scroll","background-type":"","background-media":"","overlay-type":"","overlay-color":"","overlay-opacity":"","overlay-gradient":""},"mobile":{"background-color":"","background-image":"","background-repeat":"repeat","background-position":"center center","background-size":"auto","background-attachment":"scroll","background-type":"","background-media":"","overlay-type":"","overlay-color":"","overlay-opacity":"","overlay-gradient":""}},"ast-content-background-meta":{"desktop":{"background-color":"var(--ast-global-color-4)","background-image":"","background-repeat":"repeat","background-position":"center center","background-size":"auto","background-attachment":"scroll","background-type":"","background-media":"","overlay-type":"","overlay-color":"","overlay-opacity":"","overlay-gradient":""},"tablet":{"background-color":"var(--ast-global-color-4)","background-image":"","background-repeat":"repeat","background-position":"center center","background-size":"auto","background-attachment":"scroll","background-type":"","background-media":"","overlay-type":"","overlay-color":"","overlay-opacity":"","overlay-gradient":""},"mobile":{"background-color":"var(--ast-global-color-4)","background-image":"","background-repeat":"repeat","background-position":"center center","background-size":"auto","background-attachment":"scroll","background-type":"","background-media":"","overlay-type":"","overlay-color":"","overlay-opacity":"","overlay-gradient":""}},"footnotes":""},"categories":[23],"tags":[],"class_list":["post-81213","post","type-post","status-publish","format-standard","has-post-thumbnail","hentry","category-internacionales"],"yoast_head":"<!-- This site is optimized with the Yoast SEO Premium plugin v23.0 (Yoast SEO v27.4) - https:\/\/yoast.com\/product\/yoast-seo-premium-wordpress\/ -->\n<title>Alta autoridad ministerial se re\u00fane con representantes de H2V Magallanes<\/title>\n<meta name=\"robots\" content=\"index, follow, max-snippet:-1, max-image-preview:large, max-video-preview:-1\" \/>\n<link rel=\"canonical\" href=\"https:\/\/patagoniambiental.com.ar\/info\/alta-autoridad-ministerial-se-reune-con-representantes-de-h2v-magallanes-para-impulsar-industria-del-hidrogeno\/\" \/>\n<meta property=\"og:locale\" content=\"es_ES\" \/>\n<meta property=\"og:type\" content=\"article\" \/>\n<meta property=\"og:title\" content=\"Alta autoridad ministerial se re\u00fane con representantes de H2V Magallanes\" \/>\n<meta property=\"og:url\" content=\"https:\/\/patagoniambiental.com.ar\/info\/alta-autoridad-ministerial-se-reune-con-representantes-de-h2v-magallanes-para-impulsar-industria-del-hidrogeno\/\" \/>\n<meta property=\"og:site_name\" content=\"Patagonia Ambiental\" \/>\n<meta property=\"article:publisher\" content=\"https:\/\/www.facebook.com\/patagonia.ambiental\" \/>\n<meta property=\"article:author\" content=\"https:\/\/www.facebook.com\/share\/1C1V8Gv9BX\/?mibextid=qi2Omg\" \/>\n<meta property=\"article:published_time\" content=\"2024-04-01T22:00:00+00:00\" \/>\n<meta property=\"article:modified_time\" content=\"2024-08-13T03:15:26+00:00\" \/>\n<meta property=\"og:image\" content=\"https:\/\/patagoniambiental.com.ar\/info\/wp-content\/uploads\/2024\/04\/20240401_154528.png\" \/>\n\t<meta property=\"og:image:width\" content=\"624\" \/>\n\t<meta property=\"og:image:height\" content=\"475\" \/>\n\t<meta property=\"og:image:type\" content=\"image\/png\" \/>\n<meta name=\"author\" content=\"Patagonia Ambiental\" \/>\n<meta name=\"twitter:card\" content=\"summary_large_image\" \/>\n<meta name=\"twitter:creator\" content=\"@PatAmb\" \/>\n<meta name=\"twitter:site\" content=\"@PatAmb\" \/>\n<script type=\"application\/ld+json\" class=\"yoast-schema-graph\">{\"@context\":\"https:\\\/\\\/schema.org\",\"@graph\":[{\"@type\":\"Article\",\"@id\":\"https:\\\/\\\/patagoniambiental.com.ar\\\/info\\\/alta-autoridad-ministerial-se-reune-con-representantes-de-h2v-magallanes-para-impulsar-industria-del-hidrogeno\\\/#article\",\"isPartOf\":{\"@id\":\"https:\\\/\\\/patagoniambiental.com.ar\\\/info\\\/alta-autoridad-ministerial-se-reune-con-representantes-de-h2v-magallanes-para-impulsar-industria-del-hidrogeno\\\/\"},\"author\":{\"name\":\"Patagonia Ambiental\",\"@id\":\"https:\\\/\\\/patagoniambiental.com.ar\\\/info\\\/#\\\/schema\\\/person\\\/db12bff64bbcbf6a253710bf0ea37b5d\"},\"headline\":\"Alta autoridad ministerial se re\u00fane con representantes de H2V Magallanes\",\"datePublished\":\"2024-04-01T22:00:00+00:00\",\"dateModified\":\"2024-08-13T03:15:26+00:00\",\"mainEntityOfPage\":{\"@id\":\"https:\\\/\\\/patagoniambiental.com.ar\\\/info\\\/alta-autoridad-ministerial-se-reune-con-representantes-de-h2v-magallanes-para-impulsar-industria-del-hidrogeno\\\/\"},\"wordCount\":400,\"commentCount\":0,\"publisher\":{\"@id\":\"https:\\\/\\\/patagoniambiental.com.ar\\\/info\\\/#organization\"},\"image\":{\"@id\":\"https:\\\/\\\/patagoniambiental.com.ar\\\/info\\\/alta-autoridad-ministerial-se-reune-con-representantes-de-h2v-magallanes-para-impulsar-industria-del-hidrogeno\\\/#primaryimage\"},\"thumbnailUrl\":\"https:\\\/\\\/patagoniambiental.com.ar\\\/info\\\/wp-content\\\/uploads\\\/2024\\\/04\\\/20240401_154528.png\",\"articleSection\":[\"Internacionales\"],\"inLanguage\":\"es\",\"potentialAction\":[{\"@type\":\"CommentAction\",\"name\":\"Comment\",\"target\":[\"https:\\\/\\\/patagoniambiental.com.ar\\\/info\\\/alta-autoridad-ministerial-se-reune-con-representantes-de-h2v-magallanes-para-impulsar-industria-del-hidrogeno\\\/#respond\"]}]},{\"@type\":\"WebPage\",\"@id\":\"https:\\\/\\\/patagoniambiental.com.ar\\\/info\\\/alta-autoridad-ministerial-se-reune-con-representantes-de-h2v-magallanes-para-impulsar-industria-del-hidrogeno\\\/\",\"url\":\"https:\\\/\\\/patagoniambiental.com.ar\\\/info\\\/alta-autoridad-ministerial-se-reune-con-representantes-de-h2v-magallanes-para-impulsar-industria-del-hidrogeno\\\/\",\"name\":\"Alta autoridad ministerial se re\u00fane con representantes de H2V Magallanes\",\"isPartOf\":{\"@id\":\"https:\\\/\\\/patagoniambiental.com.ar\\\/info\\\/#website\"},\"primaryImageOfPage\":{\"@id\":\"https:\\\/\\\/patagoniambiental.com.ar\\\/info\\\/alta-autoridad-ministerial-se-reune-con-representantes-de-h2v-magallanes-para-impulsar-industria-del-hidrogeno\\\/#primaryimage\"},\"image\":{\"@id\":\"https:\\\/\\\/patagoniambiental.com.ar\\\/info\\\/alta-autoridad-ministerial-se-reune-con-representantes-de-h2v-magallanes-para-impulsar-industria-del-hidrogeno\\\/#primaryimage\"},\"thumbnailUrl\":\"https:\\\/\\\/patagoniambiental.com.ar\\\/info\\\/wp-content\\\/uploads\\\/2024\\\/04\\\/20240401_154528.png\",\"datePublished\":\"2024-04-01T22:00:00+00:00\",\"dateModified\":\"2024-08-13T03:15:26+00:00\",\"breadcrumb\":{\"@id\":\"https:\\\/\\\/patagoniambiental.com.ar\\\/info\\\/alta-autoridad-ministerial-se-reune-con-representantes-de-h2v-magallanes-para-impulsar-industria-del-hidrogeno\\\/#breadcrumb\"},\"inLanguage\":\"es\",\"potentialAction\":[{\"@type\":\"ReadAction\",\"target\":[\"https:\\\/\\\/patagoniambiental.com.ar\\\/info\\\/alta-autoridad-ministerial-se-reune-con-representantes-de-h2v-magallanes-para-impulsar-industria-del-hidrogeno\\\/\"]}]},{\"@type\":\"ImageObject\",\"inLanguage\":\"es\",\"@id\":\"https:\\\/\\\/patagoniambiental.com.ar\\\/info\\\/alta-autoridad-ministerial-se-reune-con-representantes-de-h2v-magallanes-para-impulsar-industria-del-hidrogeno\\\/#primaryimage\",\"url\":\"https:\\\/\\\/patagoniambiental.com.ar\\\/info\\\/wp-content\\\/uploads\\\/2024\\\/04\\\/20240401_154528.png\",\"contentUrl\":\"https:\\\/\\\/patagoniambiental.com.ar\\\/info\\\/wp-content\\\/uploads\\\/2024\\\/04\\\/20240401_154528.png\",\"width\":624,\"height\":475},{\"@type\":\"BreadcrumbList\",\"@id\":\"https:\\\/\\\/patagoniambiental.com.ar\\\/info\\\/alta-autoridad-ministerial-se-reune-con-representantes-de-h2v-magallanes-para-impulsar-industria-del-hidrogeno\\\/#breadcrumb\",\"itemListElement\":[{\"@type\":\"ListItem\",\"position\":1,\"name\":\"Inicio\",\"item\":\"https:\\\/\\\/patagoniambiental.com.ar\\\/info\\\/\"},{\"@type\":\"ListItem\",\"position\":2,\"name\":\"Alta autoridad ministerial se re\u00fane con representantes de H2V Magallanes\"}]},{\"@type\":\"WebSite\",\"@id\":\"https:\\\/\\\/patagoniambiental.com.ar\\\/info\\\/#website\",\"url\":\"https:\\\/\\\/patagoniambiental.com.ar\\\/info\\\/\",\"name\":\"Patagonia Ambiental\",\"description\":\"Monitoreo y an\u00e1lisis de la situaci\u00f3n geopol\u00edtica en el mundo y su implicancia en la Patagonia\",\"publisher\":{\"@id\":\"https:\\\/\\\/patagoniambiental.com.ar\\\/info\\\/#organization\"},\"potentialAction\":[{\"@type\":\"SearchAction\",\"target\":{\"@type\":\"EntryPoint\",\"urlTemplate\":\"https:\\\/\\\/patagoniambiental.com.ar\\\/info\\\/?s={search_term_string}\"},\"query-input\":{\"@type\":\"PropertyValueSpecification\",\"valueRequired\":true,\"valueName\":\"search_term_string\"}}],\"inLanguage\":\"es\"},{\"@type\":\"Organization\",\"@id\":\"https:\\\/\\\/patagoniambiental.com.ar\\\/info\\\/#organization\",\"name\":\"Patagonia Ambiental\",\"url\":\"https:\\\/\\\/patagoniambiental.com.ar\\\/info\\\/\",\"logo\":{\"@type\":\"ImageObject\",\"inLanguage\":\"es\",\"@id\":\"https:\\\/\\\/patagoniambiental.com.ar\\\/info\\\/#\\\/schema\\\/logo\\\/image\\\/\",\"url\":\"https:\\\/\\\/patagoniambiental.com.ar\\\/info\\\/wp-content\\\/uploads\\\/2025\\\/05\\\/LOGO-PATAGONIA-AMBIENTAL.png\",\"contentUrl\":\"https:\\\/\\\/patagoniambiental.com.ar\\\/info\\\/wp-content\\\/uploads\\\/2025\\\/05\\\/LOGO-PATAGONIA-AMBIENTAL.png\",\"width\":433,\"height\":250,\"caption\":\"Patagonia Ambiental\"},\"image\":{\"@id\":\"https:\\\/\\\/patagoniambiental.com.ar\\\/info\\\/#\\\/schema\\\/logo\\\/image\\\/\"},\"sameAs\":[\"https:\\\/\\\/www.facebook.com\\\/patagonia.ambiental\",\"https:\\\/\\\/x.com\\\/PatAmb\"]},{\"@type\":\"Person\",\"@id\":\"https:\\\/\\\/patagoniambiental.com.ar\\\/info\\\/#\\\/schema\\\/person\\\/db12bff64bbcbf6a253710bf0ea37b5d\",\"name\":\"Patagonia Ambiental\",\"description\":\"Andr\u00e9s Nievas T\u00e9cnico en manejo ambiental, consultor Ambiental y escritor para medios locales e internacionales sobre temas de geopolitica y medio ambiente.\",\"sameAs\":[\"http:\\\/\\\/www.patagoniambiental.com.ar\",\"https:\\\/\\\/www.facebook.com\\\/share\\\/1C1V8Gv9BX\\\/?mibextid=qi2Omg\",\"@patagoniambiental\",\"https:\\\/\\\/youtube.com\\\/@patagoniaambiental2023?si=BLt58t0wuXquxlYZ\"]}]}<\/script>\n<!-- \/ Yoast SEO Premium plugin. -->","yoast_head_json":{"title":"Alta autoridad ministerial se re\u00fane con representantes de H2V Magallanes","robots":{"index":"index","follow":"follow","max-snippet":"max-snippet:-1","max-image-preview":"max-image-preview:large","max-video-preview":"max-video-preview:-1"},"canonical":"https:\/\/patagoniambiental.com.ar\/info\/alta-autoridad-ministerial-se-reune-con-representantes-de-h2v-magallanes-para-impulsar-industria-del-hidrogeno\/","og_locale":"es_ES","og_type":"article","og_title":"Alta autoridad ministerial se re\u00fane con representantes de H2V Magallanes","og_url":"https:\/\/patagoniambiental.com.ar\/info\/alta-autoridad-ministerial-se-reune-con-representantes-de-h2v-magallanes-para-impulsar-industria-del-hidrogeno\/","og_site_name":"Patagonia Ambiental","article_publisher":"https:\/\/www.facebook.com\/patagonia.ambiental","article_author":"https:\/\/www.facebook.com\/share\/1C1V8Gv9BX\/?mibextid=qi2Omg","article_published_time":"2024-04-01T22:00:00+00:00","article_modified_time":"2024-08-13T03:15:26+00:00","og_image":[{"width":624,"height":475,"url":"https:\/\/patagoniambiental.com.ar\/info\/wp-content\/uploads\/2024\/04\/20240401_154528.png","type":"image\/png"}],"author":"Patagonia Ambiental","twitter_card":"summary_large_image","twitter_creator":"@PatAmb","twitter_site":"@PatAmb","schema":{"@context":"https:\/\/schema.org","@graph":[{"@type":"Article","@id":"https:\/\/patagoniambiental.com.ar\/info\/alta-autoridad-ministerial-se-reune-con-representantes-de-h2v-magallanes-para-impulsar-industria-del-hidrogeno\/#article","isPartOf":{"@id":"https:\/\/patagoniambiental.com.ar\/info\/alta-autoridad-ministerial-se-reune-con-representantes-de-h2v-magallanes-para-impulsar-industria-del-hidrogeno\/"},"author":{"name":"Patagonia Ambiental","@id":"https:\/\/patagoniambiental.com.ar\/info\/#\/schema\/person\/db12bff64bbcbf6a253710bf0ea37b5d"},"headline":"Alta autoridad ministerial se re\u00fane con representantes de H2V Magallanes","datePublished":"2024-04-01T22:00:00+00:00","dateModified":"2024-08-13T03:15:26+00:00","mainEntityOfPage":{"@id":"https:\/\/patagoniambiental.com.ar\/info\/alta-autoridad-ministerial-se-reune-con-representantes-de-h2v-magallanes-para-impulsar-industria-del-hidrogeno\/"},"wordCount":400,"commentCount":0,"publisher":{"@id":"https:\/\/patagoniambiental.com.ar\/info\/#organization"},"image":{"@id":"https:\/\/patagoniambiental.com.ar\/info\/alta-autoridad-ministerial-se-reune-con-representantes-de-h2v-magallanes-para-impulsar-industria-del-hidrogeno\/#primaryimage"},"thumbnailUrl":"https:\/\/patagoniambiental.com.ar\/info\/wp-content\/uploads\/2024\/04\/20240401_154528.png","articleSection":["Internacionales"],"inLanguage":"es","potentialAction":[{"@type":"CommentAction","name":"Comment","target":["https:\/\/patagoniambiental.com.ar\/info\/alta-autoridad-ministerial-se-reune-con-representantes-de-h2v-magallanes-para-impulsar-industria-del-hidrogeno\/#respond"]}]},{"@type":"WebPage","@id":"https:\/\/patagoniambiental.com.ar\/info\/alta-autoridad-ministerial-se-reune-con-representantes-de-h2v-magallanes-para-impulsar-industria-del-hidrogeno\/","url":"https:\/\/patagoniambiental.com.ar\/info\/alta-autoridad-ministerial-se-reune-con-representantes-de-h2v-magallanes-para-impulsar-industria-del-hidrogeno\/","name":"Alta autoridad ministerial se re\u00fane con representantes de H2V Magallanes","isPartOf":{"@id":"https:\/\/patagoniambiental.com.ar\/info\/#website"},"primaryImageOfPage":{"@id":"https:\/\/patagoniambiental.com.ar\/info\/alta-autoridad-ministerial-se-reune-con-representantes-de-h2v-magallanes-para-impulsar-industria-del-hidrogeno\/#primaryimage"},"image":{"@id":"https:\/\/patagoniambiental.com.ar\/info\/alta-autoridad-ministerial-se-reune-con-representantes-de-h2v-magallanes-para-impulsar-industria-del-hidrogeno\/#primaryimage"},"thumbnailUrl":"https:\/\/patagoniambiental.com.ar\/info\/wp-content\/uploads\/2024\/04\/20240401_154528.png","datePublished":"2024-04-01T22:00:00+00:00","dateModified":"2024-08-13T03:15:26+00:00","breadcrumb":{"@id":"https:\/\/patagoniambiental.com.ar\/info\/alta-autoridad-ministerial-se-reune-con-representantes-de-h2v-magallanes-para-impulsar-industria-del-hidrogeno\/#breadcrumb"},"inLanguage":"es","potentialAction":[{"@type":"ReadAction","target":["https:\/\/patagoniambiental.com.ar\/info\/alta-autoridad-ministerial-se-reune-con-representantes-de-h2v-magallanes-para-impulsar-industria-del-hidrogeno\/"]}]},{"@type":"ImageObject","inLanguage":"es","@id":"https:\/\/patagoniambiental.com.ar\/info\/alta-autoridad-ministerial-se-reune-con-representantes-de-h2v-magallanes-para-impulsar-industria-del-hidrogeno\/#primaryimage","url":"https:\/\/patagoniambiental.com.ar\/info\/wp-content\/uploads\/2024\/04\/20240401_154528.png","contentUrl":"https:\/\/patagoniambiental.com.ar\/info\/wp-content\/uploads\/2024\/04\/20240401_154528.png","width":624,"height":475},{"@type":"BreadcrumbList","@id":"https:\/\/patagoniambiental.com.ar\/info\/alta-autoridad-ministerial-se-reune-con-representantes-de-h2v-magallanes-para-impulsar-industria-del-hidrogeno\/#breadcrumb","itemListElement":[{"@type":"ListItem","position":1,"name":"Inicio","item":"https:\/\/patagoniambiental.com.ar\/info\/"},{"@type":"ListItem","position":2,"name":"Alta autoridad ministerial se re\u00fane con representantes de H2V Magallanes"}]},{"@type":"WebSite","@id":"https:\/\/patagoniambiental.com.ar\/info\/#website","url":"https:\/\/patagoniambiental.com.ar\/info\/","name":"Patagonia Ambiental","description":"Monitoreo y an\u00e1lisis de la situaci\u00f3n geopol\u00edtica en el mundo y su implicancia en la Patagonia","publisher":{"@id":"https:\/\/patagoniambiental.com.ar\/info\/#organization"},"potentialAction":[{"@type":"SearchAction","target":{"@type":"EntryPoint","urlTemplate":"https:\/\/patagoniambiental.com.ar\/info\/?s={search_term_string}"},"query-input":{"@type":"PropertyValueSpecification","valueRequired":true,"valueName":"search_term_string"}}],"inLanguage":"es"},{"@type":"Organization","@id":"https:\/\/patagoniambiental.com.ar\/info\/#organization","name":"Patagonia Ambiental","url":"https:\/\/patagoniambiental.com.ar\/info\/","logo":{"@type":"ImageObject","inLanguage":"es","@id":"https:\/\/patagoniambiental.com.ar\/info\/#\/schema\/logo\/image\/","url":"https:\/\/patagoniambiental.com.ar\/info\/wp-content\/uploads\/2025\/05\/LOGO-PATAGONIA-AMBIENTAL.png","contentUrl":"https:\/\/patagoniambiental.com.ar\/info\/wp-content\/uploads\/2025\/05\/LOGO-PATAGONIA-AMBIENTAL.png","width":433,"height":250,"caption":"Patagonia Ambiental"},"image":{"@id":"https:\/\/patagoniambiental.com.ar\/info\/#\/schema\/logo\/image\/"},"sameAs":["https:\/\/www.facebook.com\/patagonia.ambiental","https:\/\/x.com\/PatAmb"]},{"@type":"Person","@id":"https:\/\/patagoniambiental.com.ar\/info\/#\/schema\/person\/db12bff64bbcbf6a253710bf0ea37b5d","name":"Patagonia Ambiental","description":"Andr\u00e9s Nievas T\u00e9cnico en manejo ambiental, consultor Ambiental y escritor para medios locales e internacionales sobre temas de geopolitica y medio ambiente.","sameAs":["http:\/\/www.patagoniambiental.com.ar","https:\/\/www.facebook.com\/share\/1C1V8Gv9BX\/?mibextid=qi2Omg","@patagoniambiental","https:\/\/youtube.com\/@patagoniaambiental2023?si=BLt58t0wuXquxlYZ"]}]}},"_links":{"self":[{"href":"https:\/\/patagoniambiental.com.ar\/info\/wp-json\/wp\/v2\/posts\/81213","targetHints":{"allow":["GET"]}}],"collection":[{"href":"https:\/\/patagoniambiental.com.ar\/info\/wp-json\/wp\/v2\/posts"}],"about":[{"href":"https:\/\/patagoniambiental.com.ar\/info\/wp-json\/wp\/v2\/types\/post"}],"author":[{"embeddable":true,"href":"https:\/\/patagoniambiental.com.ar\/info\/wp-json\/wp\/v2\/users\/2"}],"replies":[{"embeddable":true,"href":"https:\/\/patagoniambiental.com.ar\/info\/wp-json\/wp\/v2\/comments?post=81213"}],"version-history":[{"count":0,"href":"https:\/\/patagoniambiental.com.ar\/info\/wp-json\/wp\/v2\/posts\/81213\/revisions"}],"wp:featuredmedia":[{"embeddable":true,"href":"https:\/\/patagoniambiental.com.ar\/info\/wp-json\/wp\/v2\/media\/81215"}],"wp:attachment":[{"href":"https:\/\/patagoniambiental.com.ar\/info\/wp-json\/wp\/v2\/media?parent=81213"}],"wp:term":[{"taxonomy":"category","embeddable":true,"href":"https:\/\/patagoniambiental.com.ar\/info\/wp-json\/wp\/v2\/categories?post=81213"},{"taxonomy":"post_tag","embeddable":true,"href":"https:\/\/patagoniambiental.com.ar\/info\/wp-json\/wp\/v2\/tags?post=81213"}],"curies":[{"name":"wp","href":"https:\/\/api.w.org\/{rel}","templated":true}]}}