{"id":81220,"date":"2024-04-02T19:00:00","date_gmt":"2024-04-02T22:00:00","guid":{"rendered":"https:\/\/patagoniambiental.com.ar\/info\/?p=81220"},"modified":"2024-08-13T00:11:21","modified_gmt":"2024-08-13T03:11:21","slug":"america-desde-el-artico-hasta-la-patagonia-la","status":"publish","type":"post","link":"https:\/\/patagoniambiental.com.ar\/info\/america-desde-el-artico-hasta-la-patagonia-la\/","title":{"rendered":"Am\u00e9rica, desde el \u00c1rtico hasta la Patagonia"},"content":{"rendered":"\n<!--more-->\n\n\n\n<p>El turismo de aventura es una experiencia emocionante que permite a los viajeros explorar diferentes destinos, con diversas opciones para los amantes de la adrenalina y la naturaleza.<\/p>\n\n\n\n<p>Existen diferentes&nbsp;<a href=\"https:\/\/dondequieroir.com\/\">viajes de aventura<\/a>, como el trekking por el Camino Inca (Qhapaq \u00d1an) hacia Machu Picchu en Per\u00fa ofrece una traves\u00eda inolvidable a trav\u00e9s de antiguos senderos incas y paisajes impresionantes, recorre los Andes Andinos de Chile y Argentina, pasando por Bolivia y Per\u00fa, llegando hasta Ecuador. En Nueva Zelanda, el bungee jumping desde el puente Kawarau es una experiencia ic\u00f3nica que atrae a miles de aventureros cada a\u00f1o, ofreciendo la oportunidad de lanzarse al vac\u00edo en un entorno espectacular. En \u00c1frica, el safari en el Parque Nacional Kruger en Sud\u00e1frica brinda la emoci\u00f3n de avistar animales salvajes en su h\u00e1bitat natural, mientras que el rafting en el r\u00edo Zambeze cerca de las Cataratas Victoria ofrece emocionantes r\u00e1pidos y vistas impresionantes.<\/p>\n\n\n\n<p>Por otro lado, en Europa, el senderismo en los Alpes suizos proporciona desaf\u00edos y panoramas alpinos incomparables, mientras que en Australia, el buceo en la Gran Barrera de Coral ofrece la oportunidad de explorar uno de los ecosistemas marinos m\u00e1s grandes y diversos del mundo. Estas son solo algunas de las opciones m\u00e1s conocidas en el mundo del turismo de aventura, que atraen a viajeros en busca de experiencias aut\u00e9nticas, emocionantes y memorables en contacto directo con la naturaleza y la cultura local.<\/p>\n\n\n\n<div style=\"height:100px\" aria-hidden=\"true\" class=\"wp-block-spacer\"><\/div>\n\n\n\n<h2 class=\"wp-block-heading\" id=\"h-si-estas-con-ganas-de-aventura-prepara-tu-viaje-a-america\"><strong>Si est\u00e1s con ganas de aventura\u2026\u00a1<a href=\"https:\/\/dondequieroir.com\/america\/\">Prepara tu viaje a Am\u00e9rica<\/a>!<\/strong><\/h2>\n\n\n\n<p>El continente americano es un para\u00edso para los amantes del turismo de aventura, ofreciendo una amplia gama de experiencias emocionantes en entornos naturales impresionantes. En el \u00c1rtico, los valientes exploradores pueden sumergirse en las g\u00e9lidas aguas para vivir la experiencia \u00fanica de nadar entre icebergs y avistar la majestuosidad de la vida silvestre \u00e1rtica, incluyendo la posibilidad de ver osos polares en su h\u00e1bitat natural. Este destino extremo brinda una conexi\u00f3n \u00edntima con la naturaleza y una sensaci\u00f3n de exploraci\u00f3n que pocos lugares pueden igualar.<\/p>\n\n\n\n<p>En contraste, en la Patagonia, los viajeros se encuentran inmersos en la grandiosidad de extensos campos de hielo y monta\u00f1as imponentes. Aqu\u00ed, el trekking se convierte en una aventura inolvidable, con senderos que atraviesan glaciares como el Perito Moreno en Argentina o el glaciar Grey en Chile. La escalada en hielo en estos entornos desafiantes ofrece una experiencia \u00fanica para los m\u00e1s intr\u00e9pidos, mientras que los cruceros por los fiordos patag\u00f3nicos permiten explorar paisajes remotos y salvajes desde una perspectiva diferente.<\/p>\n\n\n\n<p>Adem\u00e1s ofrece la posibilidad de explorar sitios arqueol\u00f3gicos como Chich\u00e9n Itz\u00e1 y las ruinas de Teotihuac\u00e1n y sumergirse en la fascinante historia y cultura de Am\u00e9rica. Estos lugares emblem\u00e1ticos revelan la grandeza de civilizaciones antiguas y sus avanzadas estructuras arquitect\u00f3nicas, como las pir\u00e1mides y templos que a\u00fan perduran como testigos del pasado. Asimismo, la impresionante naturaleza en la selva del Amazonas ofrece una experiencia completamente diferente, donde la exuberante vegetaci\u00f3n, la diversidad de fauna y los r\u00edos serpenteantes crean un escenario de belleza indescriptible. Explorar estos sitios es adentrarse en un mundo de misterio, maravilla y conexi\u00f3n con nuestras ra\u00edces hist\u00f3ricas y naturales, haciendo de cada visita una experiencia enriquecedora e inolvidable.<\/p>\n\n\n\n<p>Para los amantes de la adrenalina, Am\u00e9rica ofrece otras emocionantes actividades de turismo de aventura, como el rafting en los r\u00e1pidos del r\u00edo Colorado en Estados Unidos, el buceo en los arrecifes de coral del Caribe, el trekking en las monta\u00f1as de Yosemite en California, o la observaci\u00f3n de ballenas en la costa de Quebec en Canad\u00e1 o Puerto Madryn en la patagonia argentina. Estas experiencias representan solo una muestra de la diversidad y la emoci\u00f3n que el turismo de aventura en Am\u00e9rica tiene para ofrecer, atrayendo a viajeros de todo el mundo en busca de experiencias inolvidables en entornos naturales \u00fanicos.<\/p>\n\n\n\n<p>Am\u00e9rica es un continente vasto y diverso que ofrece experiencias inolvidables para los amantes del turismo de aventura. Desde las g\u00e9lidas aguas del \u00c1rtico hasta los extensos campos de hielo de la Patagonia, cada rinc\u00f3n presenta desaf\u00edos emocionantes y paisajes impresionantes. Con la ayuda de las&nbsp;<a href=\"https:\/\/dondequieroir.com\/\">mejores gu\u00edas de viajes<\/a>, los exploradores pueden descubrir los secretos y maravillas de este continente, creando recuerdos que perdurar\u00e1n toda la vida y alimentando la pasi\u00f3n por la aventura y la naturaleza.<\/p>\n\n\n\n<p>Fuente:pulsoturistico.com.ar<\/p>\n","protected":false},"excerpt":{"rendered":"","protected":false},"author":2,"featured_media":81221,"comment_status":"open","ping_status":"open","sticky":false,"template":"","format":"standard","meta":{"site-sidebar-layout":"default","site-content-layout":"","ast-site-content-layout":"default","site-content-style":"default","site-sidebar-style":"default","ast-global-header-display":"","ast-banner-title-visibility":"","ast-main-header-display":"","ast-hfb-above-header-display":"","ast-hfb-below-header-display":"","ast-hfb-mobile-header-display":"","site-post-title":"","ast-breadcrumbs-content":"","ast-featured-img":"","footer-sml-layout":"","ast-disable-related-posts":"","theme-transparent-header-meta":"","adv-header-id-meta":"","stick-header-meta":"","header-above-stick-meta":"","header-main-stick-meta":"","header-below-stick-meta":"","astra-migrate-meta-layouts":"default","ast-page-background-enabled":"default","ast-page-background-meta":{"desktop":{"background-color":"var(--ast-global-color-5)","background-image":"","background-repeat":"repeat","background-position":"center center","background-size":"auto","background-attachment":"scroll","background-type":"","background-media":"","overlay-type":"","overlay-color":"","overlay-opacity":"","overlay-gradient":""},"tablet":{"background-color":"","background-image":"","background-repeat":"repeat","background-position":"center center","background-size":"auto","background-attachment":"scroll","background-type":"","background-media":"","overlay-type":"","overlay-color":"","overlay-opacity":"","overlay-gradient":""},"mobile":{"background-color":"","background-image":"","background-repeat":"repeat","background-position":"center center","background-size":"auto","background-attachment":"scroll","background-type":"","background-media":"","overlay-type":"","overlay-color":"","overlay-opacity":"","overlay-gradient":""}},"ast-content-background-meta":{"desktop":{"background-color":"var(--ast-global-color-4)","background-image":"","background-repeat":"repeat","background-position":"center center","background-size":"auto","background-attachment":"scroll","background-type":"","background-media":"","overlay-type":"","overlay-color":"","overlay-opacity":"","overlay-gradient":""},"tablet":{"background-color":"var(--ast-global-color-4)","background-image":"","background-repeat":"repeat","background-position":"center center","background-size":"auto","background-attachment":"scroll","background-type":"","background-media":"","overlay-type":"","overlay-color":"","overlay-opacity":"","overlay-gradient":""},"mobile":{"background-color":"var(--ast-global-color-4)","background-image":"","background-repeat":"repeat","background-position":"center center","background-size":"auto","background-attachment":"scroll","background-type":"","background-media":"","overlay-type":"","overlay-color":"","overlay-opacity":"","overlay-gradient":""}},"footnotes":""},"categories":[11,19],"tags":[],"class_list":["post-81220","post","type-post","status-publish","format-standard","has-post-thumbnail","hentry","category-boletin","category-nacionales"],"yoast_head":"<!-- This site is optimized with the Yoast SEO Premium plugin v23.0 (Yoast SEO v27.5) - https:\/\/yoast.com\/product\/yoast-seo-premium-wordpress\/ -->\n<title>Am\u00e9rica, desde el \u00c1rtico hasta la Patagonia<\/title>\n<meta name=\"robots\" content=\"index, follow, max-snippet:-1, max-image-preview:large, max-video-preview:-1\" \/>\n<link rel=\"canonical\" href=\"https:\/\/patagoniambiental.com.ar\/info\/america-desde-el-artico-hasta-la-patagonia-la\/\" \/>\n<meta property=\"og:locale\" content=\"es_ES\" \/>\n<meta property=\"og:type\" content=\"article\" \/>\n<meta property=\"og:title\" content=\"Am\u00e9rica, desde el \u00c1rtico hasta la Patagonia\" \/>\n<meta property=\"og:url\" content=\"https:\/\/patagoniambiental.com.ar\/info\/america-desde-el-artico-hasta-la-patagonia-la\/\" \/>\n<meta property=\"og:site_name\" content=\"Patagonia Ambiental\" \/>\n<meta property=\"article:publisher\" content=\"https:\/\/www.facebook.com\/patagonia.ambiental\" \/>\n<meta property=\"article:author\" content=\"https:\/\/www.facebook.com\/share\/1C1V8Gv9BX\/?mibextid=qi2Omg\" \/>\n<meta property=\"article:published_time\" content=\"2024-04-02T22:00:00+00:00\" \/>\n<meta property=\"article:modified_time\" content=\"2024-08-13T03:11:21+00:00\" \/>\n<meta property=\"og:image\" content=\"https:\/\/patagoniambiental.com.ar\/info\/wp-content\/uploads\/2024\/04\/14202413140-ampliada-28.jpg\" \/>\n\t<meta property=\"og:image:width\" content=\"620\" \/>\n\t<meta property=\"og:image:height\" content=\"190\" \/>\n\t<meta property=\"og:image:type\" content=\"image\/jpeg\" \/>\n<meta name=\"author\" content=\"Patagonia Ambiental\" \/>\n<meta name=\"twitter:card\" content=\"summary_large_image\" \/>\n<meta name=\"twitter:creator\" content=\"@PatAmb\" \/>\n<meta name=\"twitter:site\" content=\"@PatAmb\" \/>\n<script type=\"application\/ld+json\" class=\"yoast-schema-graph\">{\"@context\":\"https:\\\/\\\/schema.org\",\"@graph\":[{\"@type\":\"Article\",\"@id\":\"https:\\\/\\\/patagoniambiental.com.ar\\\/info\\\/america-desde-el-artico-hasta-la-patagonia-la\\\/#article\",\"isPartOf\":{\"@id\":\"https:\\\/\\\/patagoniambiental.com.ar\\\/info\\\/america-desde-el-artico-hasta-la-patagonia-la\\\/\"},\"author\":{\"name\":\"Patagonia Ambiental\",\"@id\":\"https:\\\/\\\/patagoniambiental.com.ar\\\/info\\\/#\\\/schema\\\/person\\\/db12bff64bbcbf6a253710bf0ea37b5d\"},\"headline\":\"Am\u00e9rica, desde el \u00c1rtico hasta la Patagonia\",\"datePublished\":\"2024-04-02T22:00:00+00:00\",\"dateModified\":\"2024-08-13T03:11:21+00:00\",\"mainEntityOfPage\":{\"@id\":\"https:\\\/\\\/patagoniambiental.com.ar\\\/info\\\/america-desde-el-artico-hasta-la-patagonia-la\\\/\"},\"wordCount\":770,\"commentCount\":0,\"publisher\":{\"@id\":\"https:\\\/\\\/patagoniambiental.com.ar\\\/info\\\/#organization\"},\"image\":{\"@id\":\"https:\\\/\\\/patagoniambiental.com.ar\\\/info\\\/america-desde-el-artico-hasta-la-patagonia-la\\\/#primaryimage\"},\"thumbnailUrl\":\"https:\\\/\\\/patagoniambiental.com.ar\\\/info\\\/wp-content\\\/uploads\\\/2024\\\/04\\\/14202413140-ampliada-28.jpg\",\"articleSection\":[\"Bolet\u00edn\",\"Nacionales\"],\"inLanguage\":\"es\",\"potentialAction\":[{\"@type\":\"CommentAction\",\"name\":\"Comment\",\"target\":[\"https:\\\/\\\/patagoniambiental.com.ar\\\/info\\\/america-desde-el-artico-hasta-la-patagonia-la\\\/#respond\"]}]},{\"@type\":\"WebPage\",\"@id\":\"https:\\\/\\\/patagoniambiental.com.ar\\\/info\\\/america-desde-el-artico-hasta-la-patagonia-la\\\/\",\"url\":\"https:\\\/\\\/patagoniambiental.com.ar\\\/info\\\/america-desde-el-artico-hasta-la-patagonia-la\\\/\",\"name\":\"Am\u00e9rica, desde el \u00c1rtico hasta la Patagonia\",\"isPartOf\":{\"@id\":\"https:\\\/\\\/patagoniambiental.com.ar\\\/info\\\/#website\"},\"primaryImageOfPage\":{\"@id\":\"https:\\\/\\\/patagoniambiental.com.ar\\\/info\\\/america-desde-el-artico-hasta-la-patagonia-la\\\/#primaryimage\"},\"image\":{\"@id\":\"https:\\\/\\\/patagoniambiental.com.ar\\\/info\\\/america-desde-el-artico-hasta-la-patagonia-la\\\/#primaryimage\"},\"thumbnailUrl\":\"https:\\\/\\\/patagoniambiental.com.ar\\\/info\\\/wp-content\\\/uploads\\\/2024\\\/04\\\/14202413140-ampliada-28.jpg\",\"datePublished\":\"2024-04-02T22:00:00+00:00\",\"dateModified\":\"2024-08-13T03:11:21+00:00\",\"breadcrumb\":{\"@id\":\"https:\\\/\\\/patagoniambiental.com.ar\\\/info\\\/america-desde-el-artico-hasta-la-patagonia-la\\\/#breadcrumb\"},\"inLanguage\":\"es\",\"potentialAction\":[{\"@type\":\"ReadAction\",\"target\":[\"https:\\\/\\\/patagoniambiental.com.ar\\\/info\\\/america-desde-el-artico-hasta-la-patagonia-la\\\/\"]}]},{\"@type\":\"ImageObject\",\"inLanguage\":\"es\",\"@id\":\"https:\\\/\\\/patagoniambiental.com.ar\\\/info\\\/america-desde-el-artico-hasta-la-patagonia-la\\\/#primaryimage\",\"url\":\"https:\\\/\\\/patagoniambiental.com.ar\\\/info\\\/wp-content\\\/uploads\\\/2024\\\/04\\\/14202413140-ampliada-28.jpg\",\"contentUrl\":\"https:\\\/\\\/patagoniambiental.com.ar\\\/info\\\/wp-content\\\/uploads\\\/2024\\\/04\\\/14202413140-ampliada-28.jpg\",\"width\":620,\"height\":190},{\"@type\":\"BreadcrumbList\",\"@id\":\"https:\\\/\\\/patagoniambiental.com.ar\\\/info\\\/america-desde-el-artico-hasta-la-patagonia-la\\\/#breadcrumb\",\"itemListElement\":[{\"@type\":\"ListItem\",\"position\":1,\"name\":\"Inicio\",\"item\":\"https:\\\/\\\/patagoniambiental.com.ar\\\/info\\\/\"},{\"@type\":\"ListItem\",\"position\":2,\"name\":\"Am\u00e9rica, desde el \u00c1rtico hasta la Patagonia\"}]},{\"@type\":\"WebSite\",\"@id\":\"https:\\\/\\\/patagoniambiental.com.ar\\\/info\\\/#website\",\"url\":\"https:\\\/\\\/patagoniambiental.com.ar\\\/info\\\/\",\"name\":\"Patagonia Ambiental\",\"description\":\"Monitoreo y an\u00e1lisis de la situaci\u00f3n geopol\u00edtica en el mundo y su implicancia en la Patagonia\",\"publisher\":{\"@id\":\"https:\\\/\\\/patagoniambiental.com.ar\\\/info\\\/#organization\"},\"potentialAction\":[{\"@type\":\"SearchAction\",\"target\":{\"@type\":\"EntryPoint\",\"urlTemplate\":\"https:\\\/\\\/patagoniambiental.com.ar\\\/info\\\/?s={search_term_string}\"},\"query-input\":{\"@type\":\"PropertyValueSpecification\",\"valueRequired\":true,\"valueName\":\"search_term_string\"}}],\"inLanguage\":\"es\"},{\"@type\":\"Organization\",\"@id\":\"https:\\\/\\\/patagoniambiental.com.ar\\\/info\\\/#organization\",\"name\":\"Patagonia Ambiental\",\"url\":\"https:\\\/\\\/patagoniambiental.com.ar\\\/info\\\/\",\"logo\":{\"@type\":\"ImageObject\",\"inLanguage\":\"es\",\"@id\":\"https:\\\/\\\/patagoniambiental.com.ar\\\/info\\\/#\\\/schema\\\/logo\\\/image\\\/\",\"url\":\"https:\\\/\\\/patagoniambiental.com.ar\\\/info\\\/wp-content\\\/uploads\\\/2025\\\/05\\\/LOGO-PATAGONIA-AMBIENTAL.png\",\"contentUrl\":\"https:\\\/\\\/patagoniambiental.com.ar\\\/info\\\/wp-content\\\/uploads\\\/2025\\\/05\\\/LOGO-PATAGONIA-AMBIENTAL.png\",\"width\":433,\"height\":250,\"caption\":\"Patagonia Ambiental\"},\"image\":{\"@id\":\"https:\\\/\\\/patagoniambiental.com.ar\\\/info\\\/#\\\/schema\\\/logo\\\/image\\\/\"},\"sameAs\":[\"https:\\\/\\\/www.facebook.com\\\/patagonia.ambiental\",\"https:\\\/\\\/x.com\\\/PatAmb\"]},{\"@type\":\"Person\",\"@id\":\"https:\\\/\\\/patagoniambiental.com.ar\\\/info\\\/#\\\/schema\\\/person\\\/db12bff64bbcbf6a253710bf0ea37b5d\",\"name\":\"Patagonia Ambiental\",\"description\":\"Andr\u00e9s Nievas T\u00e9cnico en manejo ambiental, consultor Ambiental y escritor para medios locales e internacionales sobre temas de geopolitica y medio ambiente.\",\"sameAs\":[\"http:\\\/\\\/www.patagoniambiental.com.ar\",\"https:\\\/\\\/www.facebook.com\\\/share\\\/1C1V8Gv9BX\\\/?mibextid=qi2Omg\",\"@patagoniambiental\",\"https:\\\/\\\/youtube.com\\\/@patagoniaambiental2023?si=BLt58t0wuXquxlYZ\"]}]}<\/script>\n<!-- \/ Yoast SEO Premium plugin. -->","yoast_head_json":{"title":"Am\u00e9rica, desde el \u00c1rtico hasta la Patagonia","robots":{"index":"index","follow":"follow","max-snippet":"max-snippet:-1","max-image-preview":"max-image-preview:large","max-video-preview":"max-video-preview:-1"},"canonical":"https:\/\/patagoniambiental.com.ar\/info\/america-desde-el-artico-hasta-la-patagonia-la\/","og_locale":"es_ES","og_type":"article","og_title":"Am\u00e9rica, desde el \u00c1rtico hasta la Patagonia","og_url":"https:\/\/patagoniambiental.com.ar\/info\/america-desde-el-artico-hasta-la-patagonia-la\/","og_site_name":"Patagonia Ambiental","article_publisher":"https:\/\/www.facebook.com\/patagonia.ambiental","article_author":"https:\/\/www.facebook.com\/share\/1C1V8Gv9BX\/?mibextid=qi2Omg","article_published_time":"2024-04-02T22:00:00+00:00","article_modified_time":"2024-08-13T03:11:21+00:00","og_image":[{"width":620,"height":190,"url":"https:\/\/patagoniambiental.com.ar\/info\/wp-content\/uploads\/2024\/04\/14202413140-ampliada-28.jpg","type":"image\/jpeg"}],"author":"Patagonia Ambiental","twitter_card":"summary_large_image","twitter_creator":"@PatAmb","twitter_site":"@PatAmb","schema":{"@context":"https:\/\/schema.org","@graph":[{"@type":"Article","@id":"https:\/\/patagoniambiental.com.ar\/info\/america-desde-el-artico-hasta-la-patagonia-la\/#article","isPartOf":{"@id":"https:\/\/patagoniambiental.com.ar\/info\/america-desde-el-artico-hasta-la-patagonia-la\/"},"author":{"name":"Patagonia Ambiental","@id":"https:\/\/patagoniambiental.com.ar\/info\/#\/schema\/person\/db12bff64bbcbf6a253710bf0ea37b5d"},"headline":"Am\u00e9rica, desde el \u00c1rtico hasta la Patagonia","datePublished":"2024-04-02T22:00:00+00:00","dateModified":"2024-08-13T03:11:21+00:00","mainEntityOfPage":{"@id":"https:\/\/patagoniambiental.com.ar\/info\/america-desde-el-artico-hasta-la-patagonia-la\/"},"wordCount":770,"commentCount":0,"publisher":{"@id":"https:\/\/patagoniambiental.com.ar\/info\/#organization"},"image":{"@id":"https:\/\/patagoniambiental.com.ar\/info\/america-desde-el-artico-hasta-la-patagonia-la\/#primaryimage"},"thumbnailUrl":"https:\/\/patagoniambiental.com.ar\/info\/wp-content\/uploads\/2024\/04\/14202413140-ampliada-28.jpg","articleSection":["Bolet\u00edn","Nacionales"],"inLanguage":"es","potentialAction":[{"@type":"CommentAction","name":"Comment","target":["https:\/\/patagoniambiental.com.ar\/info\/america-desde-el-artico-hasta-la-patagonia-la\/#respond"]}]},{"@type":"WebPage","@id":"https:\/\/patagoniambiental.com.ar\/info\/america-desde-el-artico-hasta-la-patagonia-la\/","url":"https:\/\/patagoniambiental.com.ar\/info\/america-desde-el-artico-hasta-la-patagonia-la\/","name":"Am\u00e9rica, desde el \u00c1rtico hasta la Patagonia","isPartOf":{"@id":"https:\/\/patagoniambiental.com.ar\/info\/#website"},"primaryImageOfPage":{"@id":"https:\/\/patagoniambiental.com.ar\/info\/america-desde-el-artico-hasta-la-patagonia-la\/#primaryimage"},"image":{"@id":"https:\/\/patagoniambiental.com.ar\/info\/america-desde-el-artico-hasta-la-patagonia-la\/#primaryimage"},"thumbnailUrl":"https:\/\/patagoniambiental.com.ar\/info\/wp-content\/uploads\/2024\/04\/14202413140-ampliada-28.jpg","datePublished":"2024-04-02T22:00:00+00:00","dateModified":"2024-08-13T03:11:21+00:00","breadcrumb":{"@id":"https:\/\/patagoniambiental.com.ar\/info\/america-desde-el-artico-hasta-la-patagonia-la\/#breadcrumb"},"inLanguage":"es","potentialAction":[{"@type":"ReadAction","target":["https:\/\/patagoniambiental.com.ar\/info\/america-desde-el-artico-hasta-la-patagonia-la\/"]}]},{"@type":"ImageObject","inLanguage":"es","@id":"https:\/\/patagoniambiental.com.ar\/info\/america-desde-el-artico-hasta-la-patagonia-la\/#primaryimage","url":"https:\/\/patagoniambiental.com.ar\/info\/wp-content\/uploads\/2024\/04\/14202413140-ampliada-28.jpg","contentUrl":"https:\/\/patagoniambiental.com.ar\/info\/wp-content\/uploads\/2024\/04\/14202413140-ampliada-28.jpg","width":620,"height":190},{"@type":"BreadcrumbList","@id":"https:\/\/patagoniambiental.com.ar\/info\/america-desde-el-artico-hasta-la-patagonia-la\/#breadcrumb","itemListElement":[{"@type":"ListItem","position":1,"name":"Inicio","item":"https:\/\/patagoniambiental.com.ar\/info\/"},{"@type":"ListItem","position":2,"name":"Am\u00e9rica, desde el \u00c1rtico hasta la Patagonia"}]},{"@type":"WebSite","@id":"https:\/\/patagoniambiental.com.ar\/info\/#website","url":"https:\/\/patagoniambiental.com.ar\/info\/","name":"Patagonia Ambiental","description":"Monitoreo y an\u00e1lisis de la situaci\u00f3n geopol\u00edtica en el mundo y su implicancia en la Patagonia","publisher":{"@id":"https:\/\/patagoniambiental.com.ar\/info\/#organization"},"potentialAction":[{"@type":"SearchAction","target":{"@type":"EntryPoint","urlTemplate":"https:\/\/patagoniambiental.com.ar\/info\/?s={search_term_string}"},"query-input":{"@type":"PropertyValueSpecification","valueRequired":true,"valueName":"search_term_string"}}],"inLanguage":"es"},{"@type":"Organization","@id":"https:\/\/patagoniambiental.com.ar\/info\/#organization","name":"Patagonia Ambiental","url":"https:\/\/patagoniambiental.com.ar\/info\/","logo":{"@type":"ImageObject","inLanguage":"es","@id":"https:\/\/patagoniambiental.com.ar\/info\/#\/schema\/logo\/image\/","url":"https:\/\/patagoniambiental.com.ar\/info\/wp-content\/uploads\/2025\/05\/LOGO-PATAGONIA-AMBIENTAL.png","contentUrl":"https:\/\/patagoniambiental.com.ar\/info\/wp-content\/uploads\/2025\/05\/LOGO-PATAGONIA-AMBIENTAL.png","width":433,"height":250,"caption":"Patagonia Ambiental"},"image":{"@id":"https:\/\/patagoniambiental.com.ar\/info\/#\/schema\/logo\/image\/"},"sameAs":["https:\/\/www.facebook.com\/patagonia.ambiental","https:\/\/x.com\/PatAmb"]},{"@type":"Person","@id":"https:\/\/patagoniambiental.com.ar\/info\/#\/schema\/person\/db12bff64bbcbf6a253710bf0ea37b5d","name":"Patagonia Ambiental","description":"Andr\u00e9s Nievas T\u00e9cnico en manejo ambiental, consultor Ambiental y escritor para medios locales e internacionales sobre temas de geopolitica y medio ambiente.","sameAs":["http:\/\/www.patagoniambiental.com.ar","https:\/\/www.facebook.com\/share\/1C1V8Gv9BX\/?mibextid=qi2Omg","@patagoniambiental","https:\/\/youtube.com\/@patagoniaambiental2023?si=BLt58t0wuXquxlYZ"]}]}},"_links":{"self":[{"href":"https:\/\/patagoniambiental.com.ar\/info\/wp-json\/wp\/v2\/posts\/81220","targetHints":{"allow":["GET"]}}],"collection":[{"href":"https:\/\/patagoniambiental.com.ar\/info\/wp-json\/wp\/v2\/posts"}],"about":[{"href":"https:\/\/patagoniambiental.com.ar\/info\/wp-json\/wp\/v2\/types\/post"}],"author":[{"embeddable":true,"href":"https:\/\/patagoniambiental.com.ar\/info\/wp-json\/wp\/v2\/users\/2"}],"replies":[{"embeddable":true,"href":"https:\/\/patagoniambiental.com.ar\/info\/wp-json\/wp\/v2\/comments?post=81220"}],"version-history":[{"count":0,"href":"https:\/\/patagoniambiental.com.ar\/info\/wp-json\/wp\/v2\/posts\/81220\/revisions"}],"wp:featuredmedia":[{"embeddable":true,"href":"https:\/\/patagoniambiental.com.ar\/info\/wp-json\/wp\/v2\/media\/81221"}],"wp:attachment":[{"href":"https:\/\/patagoniambiental.com.ar\/info\/wp-json\/wp\/v2\/media?parent=81220"}],"wp:term":[{"taxonomy":"category","embeddable":true,"href":"https:\/\/patagoniambiental.com.ar\/info\/wp-json\/wp\/v2\/categories?post=81220"},{"taxonomy":"post_tag","embeddable":true,"href":"https:\/\/patagoniambiental.com.ar\/info\/wp-json\/wp\/v2\/tags?post=81220"}],"curies":[{"name":"wp","href":"https:\/\/api.w.org\/{rel}","templated":true}]}}