{"id":81283,"date":"2024-04-03T19:00:00","date_gmt":"2024-04-03T22:00:00","guid":{"rendered":"https:\/\/patagoniambiental.com.ar\/info\/?p=81283"},"modified":"2024-09-19T12:07:00","modified_gmt":"2024-09-19T15:07:00","slug":"martinez-la-conversion-de-todo-el-transporte-publico-de-neuquen-a-gnc-mejorara-el-ambiente-y-generara-ahorros-importantes","status":"publish","type":"post","link":"https:\/\/patagoniambiental.com.ar\/info\/martinez-la-conversion-de-todo-el-transporte-publico-de-neuquen-a-gnc-mejorara-el-ambiente-y-generara-ahorros-importantes\/","title":{"rendered":"Mart\u00ednez: \u00abLa conversi\u00f3n de todo el transporte p\u00fablico de Neuqu\u00e9n a GNC mejorar\u00e1 el ambiente y generar\u00e1 ahorros importantes\u00bb"},"content":{"rendered":"\n<!--more-->\n\n\n\n<p>El diputado provincial de Uni\u00f3n por la Patria, Dar\u00edo Mart\u00ednez, present\u00f3 un proyecto de ley en la Legislatura de la Provincia del Neuqu\u00e9n para obligar a la conversi\u00f3n de todo el transporte p\u00fablico de pasajeros a Gas Natural Comprimido (GNC). \u201cEste proyecto busca reducir las emisiones de gases contaminantes y promover una transici\u00f3n energ\u00e9tica hacia fuentes m\u00e1s limpias y sostenibles\u201d, indic\u00f3 Mart\u00ednez.<\/p>\n\n\n\n<p>\u00abLa conversi\u00f3n de todo el transporte p\u00fablico a gas va a abaratar costos porque es m\u00e1s econ\u00f3mico y adem\u00e1s vamos a contaminar menos que los motores a gas oil\u00bb, agreg\u00f3.<\/p>\n\n\n\n<p>La iniciativa, denominada de \u201creducci\u00f3n de emisiones de gases contaminantes en el Sistema P\u00fablico de Transporte de Pasajeros\u00bb, establece que, en un plazo de siete a\u00f1os, todos los veh\u00edculos que presten el servicio p\u00fablico de transporte urbano e interurbano en la Regi\u00f3n Metropolitana de Neuqu\u00e9n deber\u00e1n utilizar como combustible el GNC.<\/p>\n\n\n\n<p>Dar\u00edo Mart\u00ednez destac\u00f3 \u201cla importancia de aprovechar las reservas de gas de la provincia, especialmente por la presencia de la formaci\u00f3n geol\u00f3gica Vaca Muerta, ya que, con ella, en Neuqu\u00e9n tenemos reserva de gas para muchos a\u00f1os, y tenemos que aprovechar ese gas\u201d.<\/p>\n\n\n\n<p>Mart\u00ednez resalt\u00f3 que \u201cel gas es el primer paso en la transici\u00f3n energ\u00e9tica que est\u00e1 llevando a cabo el mundo. Argentina no puede quedar fuera de este proceso y Neuqu\u00e9n tampoco\u201d y afirm\u00f3 que \u201cel gas es el combustible que mejor aplica para reemplazar al carb\u00f3n y a los combustibles l\u00edquidos en la transici\u00f3n energ\u00e9tica a nivel global ya que adem\u00e1s de ser abundante, es m\u00e1s barato y reduce considerablemente las emisiones de gases contaminantes\u00bb.<\/p>\n\n\n\n<p>El legislador peronista expres\u00f3 que \u201ccon la utilizaci\u00f3n de Gas Natural Comprimido (GNC) se producir\u00e1 un ahorro anual de $ 4.500.000.000 a los pasajeros de Neuqu\u00e9n, y simult\u00e1neamente reduciremos en 750 toneladas al a\u00f1o la emisi\u00f3n de CO2 protegiendo el ambiente que respiran los vecinos de Neuqu\u00e9n y zona de influencia\u201d<\/p>\n\n\n\n<p>El proyecto tambi\u00e9n contempla un plan progresivo de renovaci\u00f3n de la flota de veh\u00edculos, asociada a los vigentes contratos de concesi\u00f3n, as\u00ed como sanciones para aquellas empresas que incumplan con las disposiciones de la ley.<\/p>\n\n\n\n<p>Seg\u00fan la iniciativa, la direcci\u00f3n provincial de Transporte de la Provincia ser\u00e1 la autoridad de aplicaci\u00f3n de esta ley y estar\u00e1 encargada de aprobar los planes presentados por las empresas concesionarias, as\u00ed como de controlar su cumplimiento.<\/p>\n\n\n\n<p>Mart\u00ednez hizo un llamado a todos los legisladores para que apoyen este proyecto y lo conviertan en ley, destacando sus beneficios ambientales, econ\u00f3micos y sociales para la provincia del Neuqu\u00e9n.<\/p>\n\n\n\n<p>Fuente:realidadsm.com<\/p>\n","protected":false},"excerpt":{"rendered":"","protected":false},"author":2,"featured_media":81284,"comment_status":"open","ping_status":"open","sticky":false,"template":"","format":"standard","meta":{"site-sidebar-layout":"default","site-content-layout":"","ast-site-content-layout":"default","site-content-style":"default","site-sidebar-style":"default","ast-global-header-display":"","ast-banner-title-visibility":"","ast-main-header-display":"","ast-hfb-above-header-display":"","ast-hfb-below-header-display":"","ast-hfb-mobile-header-display":"","site-post-title":"","ast-breadcrumbs-content":"","ast-featured-img":"","footer-sml-layout":"","ast-disable-related-posts":"","theme-transparent-header-meta":"","adv-header-id-meta":"","stick-header-meta":"","header-above-stick-meta":"","header-main-stick-meta":"","header-below-stick-meta":"","astra-migrate-meta-layouts":"default","ast-page-background-enabled":"default","ast-page-background-meta":{"desktop":{"background-color":"var(--ast-global-color-5)","background-image":"","background-repeat":"repeat","background-position":"center center","background-size":"auto","background-attachment":"scroll","background-type":"","background-media":"","overlay-type":"","overlay-color":"","overlay-opacity":"","overlay-gradient":""},"tablet":{"background-color":"","background-image":"","background-repeat":"repeat","background-position":"center center","background-size":"auto","background-attachment":"scroll","background-type":"","background-media":"","overlay-type":"","overlay-color":"","overlay-opacity":"","overlay-gradient":""},"mobile":{"background-color":"","background-image":"","background-repeat":"repeat","background-position":"center center","background-size":"auto","background-attachment":"scroll","background-type":"","background-media":"","overlay-type":"","overlay-color":"","overlay-opacity":"","overlay-gradient":""}},"ast-content-background-meta":{"desktop":{"background-color":"var(--ast-global-color-4)","background-image":"","background-repeat":"repeat","background-position":"center center","background-size":"auto","background-attachment":"scroll","background-type":"","background-media":"","overlay-type":"","overlay-color":"","overlay-opacity":"","overlay-gradient":""},"tablet":{"background-color":"var(--ast-global-color-4)","background-image":"","background-repeat":"repeat","background-position":"center center","background-size":"auto","background-attachment":"scroll","background-type":"","background-media":"","overlay-type":"","overlay-color":"","overlay-opacity":"","overlay-gradient":""},"mobile":{"background-color":"var(--ast-global-color-4)","background-image":"","background-repeat":"repeat","background-position":"center center","background-size":"auto","background-attachment":"scroll","background-type":"","background-media":"","overlay-type":"","overlay-color":"","overlay-opacity":"","overlay-gradient":""}},"footnotes":""},"categories":[18,13],"tags":[],"class_list":["post-81283","post","type-post","status-publish","format-standard","has-post-thumbnail","hentry","category-neuquen","category-provinciales"],"yoast_head":"<!-- This site is optimized with the Yoast SEO Premium plugin v23.0 (Yoast SEO v27.4) - https:\/\/yoast.com\/product\/yoast-seo-premium-wordpress\/ -->\n<title>Mart\u00ednez: \u00abLa conversi\u00f3n de todo el transporte p\u00fablico de Neuqu\u00e9n a GNC mejorar\u00e1 el ambiente y generar\u00e1 ahorros importantes\u00bb<\/title>\n<meta name=\"robots\" content=\"index, follow, max-snippet:-1, max-image-preview:large, max-video-preview:-1\" \/>\n<link rel=\"canonical\" href=\"https:\/\/patagoniambiental.com.ar\/info\/martinez-la-conversion-de-todo-el-transporte-publico-de-neuquen-a-gnc-mejorara-el-ambiente-y-generara-ahorros-importantes\/\" \/>\n<meta property=\"og:locale\" content=\"es_ES\" \/>\n<meta property=\"og:type\" content=\"article\" \/>\n<meta property=\"og:title\" content=\"Mart\u00ednez: \u00abLa conversi\u00f3n de todo el transporte p\u00fablico de Neuqu\u00e9n a GNC mejorar\u00e1 el ambiente y generar\u00e1 ahorros importantes\u00bb\" \/>\n<meta property=\"og:url\" content=\"https:\/\/patagoniambiental.com.ar\/info\/martinez-la-conversion-de-todo-el-transporte-publico-de-neuquen-a-gnc-mejorara-el-ambiente-y-generara-ahorros-importantes\/\" \/>\n<meta property=\"og:site_name\" content=\"Patagonia Ambiental\" \/>\n<meta property=\"article:publisher\" content=\"https:\/\/www.facebook.com\/patagonia.ambiental\" \/>\n<meta property=\"article:author\" content=\"https:\/\/www.facebook.com\/share\/1C1V8Gv9BX\/?mibextid=qi2Omg\" \/>\n<meta property=\"article:published_time\" content=\"2024-04-03T22:00:00+00:00\" \/>\n<meta property=\"article:modified_time\" content=\"2024-09-19T15:07:00+00:00\" \/>\n<meta property=\"og:image\" content=\"https:\/\/patagoniambiental.com.ar\/info\/wp-content\/uploads\/2024\/04\/image-6.png\" \/>\n\t<meta property=\"og:image:width\" content=\"768\" \/>\n\t<meta property=\"og:image:height\" content=\"497\" \/>\n\t<meta property=\"og:image:type\" content=\"image\/png\" \/>\n<meta name=\"author\" content=\"Patagonia Ambiental\" \/>\n<meta name=\"twitter:card\" content=\"summary_large_image\" \/>\n<meta name=\"twitter:creator\" content=\"@PatAmb\" \/>\n<meta name=\"twitter:site\" content=\"@PatAmb\" \/>\n<script type=\"application\/ld+json\" class=\"yoast-schema-graph\">{\"@context\":\"https:\\\/\\\/schema.org\",\"@graph\":[{\"@type\":\"Article\",\"@id\":\"https:\\\/\\\/patagoniambiental.com.ar\\\/info\\\/martinez-la-conversion-de-todo-el-transporte-publico-de-neuquen-a-gnc-mejorara-el-ambiente-y-generara-ahorros-importantes\\\/#article\",\"isPartOf\":{\"@id\":\"https:\\\/\\\/patagoniambiental.com.ar\\\/info\\\/martinez-la-conversion-de-todo-el-transporte-publico-de-neuquen-a-gnc-mejorara-el-ambiente-y-generara-ahorros-importantes\\\/\"},\"author\":{\"name\":\"Patagonia Ambiental\",\"@id\":\"https:\\\/\\\/patagoniambiental.com.ar\\\/info\\\/#\\\/schema\\\/person\\\/db12bff64bbcbf6a253710bf0ea37b5d\"},\"headline\":\"Mart\u00ednez: \u00abLa conversi\u00f3n de todo el transporte p\u00fablico de Neuqu\u00e9n a GNC mejorar\u00e1 el ambiente y generar\u00e1 ahorros importantes\u00bb\",\"datePublished\":\"2024-04-03T22:00:00+00:00\",\"dateModified\":\"2024-09-19T15:07:00+00:00\",\"mainEntityOfPage\":{\"@id\":\"https:\\\/\\\/patagoniambiental.com.ar\\\/info\\\/martinez-la-conversion-de-todo-el-transporte-publico-de-neuquen-a-gnc-mejorara-el-ambiente-y-generara-ahorros-importantes\\\/\"},\"wordCount\":492,\"commentCount\":0,\"publisher\":{\"@id\":\"https:\\\/\\\/patagoniambiental.com.ar\\\/info\\\/#organization\"},\"image\":{\"@id\":\"https:\\\/\\\/patagoniambiental.com.ar\\\/info\\\/martinez-la-conversion-de-todo-el-transporte-publico-de-neuquen-a-gnc-mejorara-el-ambiente-y-generara-ahorros-importantes\\\/#primaryimage\"},\"thumbnailUrl\":\"https:\\\/\\\/patagoniambiental.com.ar\\\/info\\\/wp-content\\\/uploads\\\/2024\\\/04\\\/image-6.png\",\"articleSection\":[\"Neuqu\u00e9n\",\"Provinciales\"],\"inLanguage\":\"es\",\"potentialAction\":[{\"@type\":\"CommentAction\",\"name\":\"Comment\",\"target\":[\"https:\\\/\\\/patagoniambiental.com.ar\\\/info\\\/martinez-la-conversion-de-todo-el-transporte-publico-de-neuquen-a-gnc-mejorara-el-ambiente-y-generara-ahorros-importantes\\\/#respond\"]}]},{\"@type\":\"WebPage\",\"@id\":\"https:\\\/\\\/patagoniambiental.com.ar\\\/info\\\/martinez-la-conversion-de-todo-el-transporte-publico-de-neuquen-a-gnc-mejorara-el-ambiente-y-generara-ahorros-importantes\\\/\",\"url\":\"https:\\\/\\\/patagoniambiental.com.ar\\\/info\\\/martinez-la-conversion-de-todo-el-transporte-publico-de-neuquen-a-gnc-mejorara-el-ambiente-y-generara-ahorros-importantes\\\/\",\"name\":\"Mart\u00ednez: \u00abLa conversi\u00f3n de todo el transporte p\u00fablico de Neuqu\u00e9n a GNC mejorar\u00e1 el ambiente y generar\u00e1 ahorros importantes\u00bb\",\"isPartOf\":{\"@id\":\"https:\\\/\\\/patagoniambiental.com.ar\\\/info\\\/#website\"},\"primaryImageOfPage\":{\"@id\":\"https:\\\/\\\/patagoniambiental.com.ar\\\/info\\\/martinez-la-conversion-de-todo-el-transporte-publico-de-neuquen-a-gnc-mejorara-el-ambiente-y-generara-ahorros-importantes\\\/#primaryimage\"},\"image\":{\"@id\":\"https:\\\/\\\/patagoniambiental.com.ar\\\/info\\\/martinez-la-conversion-de-todo-el-transporte-publico-de-neuquen-a-gnc-mejorara-el-ambiente-y-generara-ahorros-importantes\\\/#primaryimage\"},\"thumbnailUrl\":\"https:\\\/\\\/patagoniambiental.com.ar\\\/info\\\/wp-content\\\/uploads\\\/2024\\\/04\\\/image-6.png\",\"datePublished\":\"2024-04-03T22:00:00+00:00\",\"dateModified\":\"2024-09-19T15:07:00+00:00\",\"breadcrumb\":{\"@id\":\"https:\\\/\\\/patagoniambiental.com.ar\\\/info\\\/martinez-la-conversion-de-todo-el-transporte-publico-de-neuquen-a-gnc-mejorara-el-ambiente-y-generara-ahorros-importantes\\\/#breadcrumb\"},\"inLanguage\":\"es\",\"potentialAction\":[{\"@type\":\"ReadAction\",\"target\":[\"https:\\\/\\\/patagoniambiental.com.ar\\\/info\\\/martinez-la-conversion-de-todo-el-transporte-publico-de-neuquen-a-gnc-mejorara-el-ambiente-y-generara-ahorros-importantes\\\/\"]}]},{\"@type\":\"ImageObject\",\"inLanguage\":\"es\",\"@id\":\"https:\\\/\\\/patagoniambiental.com.ar\\\/info\\\/martinez-la-conversion-de-todo-el-transporte-publico-de-neuquen-a-gnc-mejorara-el-ambiente-y-generara-ahorros-importantes\\\/#primaryimage\",\"url\":\"https:\\\/\\\/patagoniambiental.com.ar\\\/info\\\/wp-content\\\/uploads\\\/2024\\\/04\\\/image-6.png\",\"contentUrl\":\"https:\\\/\\\/patagoniambiental.com.ar\\\/info\\\/wp-content\\\/uploads\\\/2024\\\/04\\\/image-6.png\",\"width\":768,\"height\":497},{\"@type\":\"BreadcrumbList\",\"@id\":\"https:\\\/\\\/patagoniambiental.com.ar\\\/info\\\/martinez-la-conversion-de-todo-el-transporte-publico-de-neuquen-a-gnc-mejorara-el-ambiente-y-generara-ahorros-importantes\\\/#breadcrumb\",\"itemListElement\":[{\"@type\":\"ListItem\",\"position\":1,\"name\":\"Inicio\",\"item\":\"https:\\\/\\\/patagoniambiental.com.ar\\\/info\\\/\"},{\"@type\":\"ListItem\",\"position\":2,\"name\":\"Mart\u00ednez: \u00abLa conversi\u00f3n de todo el transporte p\u00fablico de Neuqu\u00e9n a GNC mejorar\u00e1 el ambiente y generar\u00e1 ahorros importantes\u00bb\"}]},{\"@type\":\"WebSite\",\"@id\":\"https:\\\/\\\/patagoniambiental.com.ar\\\/info\\\/#website\",\"url\":\"https:\\\/\\\/patagoniambiental.com.ar\\\/info\\\/\",\"name\":\"Patagonia Ambiental\",\"description\":\"Monitoreo y an\u00e1lisis de la situaci\u00f3n geopol\u00edtica en el mundo y su implicancia en la Patagonia\",\"publisher\":{\"@id\":\"https:\\\/\\\/patagoniambiental.com.ar\\\/info\\\/#organization\"},\"potentialAction\":[{\"@type\":\"SearchAction\",\"target\":{\"@type\":\"EntryPoint\",\"urlTemplate\":\"https:\\\/\\\/patagoniambiental.com.ar\\\/info\\\/?s={search_term_string}\"},\"query-input\":{\"@type\":\"PropertyValueSpecification\",\"valueRequired\":true,\"valueName\":\"search_term_string\"}}],\"inLanguage\":\"es\"},{\"@type\":\"Organization\",\"@id\":\"https:\\\/\\\/patagoniambiental.com.ar\\\/info\\\/#organization\",\"name\":\"Patagonia Ambiental\",\"url\":\"https:\\\/\\\/patagoniambiental.com.ar\\\/info\\\/\",\"logo\":{\"@type\":\"ImageObject\",\"inLanguage\":\"es\",\"@id\":\"https:\\\/\\\/patagoniambiental.com.ar\\\/info\\\/#\\\/schema\\\/logo\\\/image\\\/\",\"url\":\"https:\\\/\\\/patagoniambiental.com.ar\\\/info\\\/wp-content\\\/uploads\\\/2025\\\/05\\\/LOGO-PATAGONIA-AMBIENTAL.png\",\"contentUrl\":\"https:\\\/\\\/patagoniambiental.com.ar\\\/info\\\/wp-content\\\/uploads\\\/2025\\\/05\\\/LOGO-PATAGONIA-AMBIENTAL.png\",\"width\":433,\"height\":250,\"caption\":\"Patagonia Ambiental\"},\"image\":{\"@id\":\"https:\\\/\\\/patagoniambiental.com.ar\\\/info\\\/#\\\/schema\\\/logo\\\/image\\\/\"},\"sameAs\":[\"https:\\\/\\\/www.facebook.com\\\/patagonia.ambiental\",\"https:\\\/\\\/x.com\\\/PatAmb\"]},{\"@type\":\"Person\",\"@id\":\"https:\\\/\\\/patagoniambiental.com.ar\\\/info\\\/#\\\/schema\\\/person\\\/db12bff64bbcbf6a253710bf0ea37b5d\",\"name\":\"Patagonia Ambiental\",\"description\":\"Andr\u00e9s Nievas T\u00e9cnico en manejo ambiental, consultor Ambiental y escritor para medios locales e internacionales sobre temas de geopolitica y medio ambiente.\",\"sameAs\":[\"http:\\\/\\\/www.patagoniambiental.com.ar\",\"https:\\\/\\\/www.facebook.com\\\/share\\\/1C1V8Gv9BX\\\/?mibextid=qi2Omg\",\"@patagoniambiental\",\"https:\\\/\\\/youtube.com\\\/@patagoniaambiental2023?si=BLt58t0wuXquxlYZ\"]}]}<\/script>\n<!-- \/ Yoast SEO Premium plugin. -->","yoast_head_json":{"title":"Mart\u00ednez: \u00abLa conversi\u00f3n de todo el transporte p\u00fablico de Neuqu\u00e9n a GNC mejorar\u00e1 el ambiente y generar\u00e1 ahorros importantes\u00bb","robots":{"index":"index","follow":"follow","max-snippet":"max-snippet:-1","max-image-preview":"max-image-preview:large","max-video-preview":"max-video-preview:-1"},"canonical":"https:\/\/patagoniambiental.com.ar\/info\/martinez-la-conversion-de-todo-el-transporte-publico-de-neuquen-a-gnc-mejorara-el-ambiente-y-generara-ahorros-importantes\/","og_locale":"es_ES","og_type":"article","og_title":"Mart\u00ednez: \u00abLa conversi\u00f3n de todo el transporte p\u00fablico de Neuqu\u00e9n a GNC mejorar\u00e1 el ambiente y generar\u00e1 ahorros importantes\u00bb","og_url":"https:\/\/patagoniambiental.com.ar\/info\/martinez-la-conversion-de-todo-el-transporte-publico-de-neuquen-a-gnc-mejorara-el-ambiente-y-generara-ahorros-importantes\/","og_site_name":"Patagonia Ambiental","article_publisher":"https:\/\/www.facebook.com\/patagonia.ambiental","article_author":"https:\/\/www.facebook.com\/share\/1C1V8Gv9BX\/?mibextid=qi2Omg","article_published_time":"2024-04-03T22:00:00+00:00","article_modified_time":"2024-09-19T15:07:00+00:00","og_image":[{"width":768,"height":497,"url":"https:\/\/patagoniambiental.com.ar\/info\/wp-content\/uploads\/2024\/04\/image-6.png","type":"image\/png"}],"author":"Patagonia Ambiental","twitter_card":"summary_large_image","twitter_creator":"@PatAmb","twitter_site":"@PatAmb","schema":{"@context":"https:\/\/schema.org","@graph":[{"@type":"Article","@id":"https:\/\/patagoniambiental.com.ar\/info\/martinez-la-conversion-de-todo-el-transporte-publico-de-neuquen-a-gnc-mejorara-el-ambiente-y-generara-ahorros-importantes\/#article","isPartOf":{"@id":"https:\/\/patagoniambiental.com.ar\/info\/martinez-la-conversion-de-todo-el-transporte-publico-de-neuquen-a-gnc-mejorara-el-ambiente-y-generara-ahorros-importantes\/"},"author":{"name":"Patagonia Ambiental","@id":"https:\/\/patagoniambiental.com.ar\/info\/#\/schema\/person\/db12bff64bbcbf6a253710bf0ea37b5d"},"headline":"Mart\u00ednez: \u00abLa conversi\u00f3n de todo el transporte p\u00fablico de Neuqu\u00e9n a GNC mejorar\u00e1 el ambiente y generar\u00e1 ahorros importantes\u00bb","datePublished":"2024-04-03T22:00:00+00:00","dateModified":"2024-09-19T15:07:00+00:00","mainEntityOfPage":{"@id":"https:\/\/patagoniambiental.com.ar\/info\/martinez-la-conversion-de-todo-el-transporte-publico-de-neuquen-a-gnc-mejorara-el-ambiente-y-generara-ahorros-importantes\/"},"wordCount":492,"commentCount":0,"publisher":{"@id":"https:\/\/patagoniambiental.com.ar\/info\/#organization"},"image":{"@id":"https:\/\/patagoniambiental.com.ar\/info\/martinez-la-conversion-de-todo-el-transporte-publico-de-neuquen-a-gnc-mejorara-el-ambiente-y-generara-ahorros-importantes\/#primaryimage"},"thumbnailUrl":"https:\/\/patagoniambiental.com.ar\/info\/wp-content\/uploads\/2024\/04\/image-6.png","articleSection":["Neuqu\u00e9n","Provinciales"],"inLanguage":"es","potentialAction":[{"@type":"CommentAction","name":"Comment","target":["https:\/\/patagoniambiental.com.ar\/info\/martinez-la-conversion-de-todo-el-transporte-publico-de-neuquen-a-gnc-mejorara-el-ambiente-y-generara-ahorros-importantes\/#respond"]}]},{"@type":"WebPage","@id":"https:\/\/patagoniambiental.com.ar\/info\/martinez-la-conversion-de-todo-el-transporte-publico-de-neuquen-a-gnc-mejorara-el-ambiente-y-generara-ahorros-importantes\/","url":"https:\/\/patagoniambiental.com.ar\/info\/martinez-la-conversion-de-todo-el-transporte-publico-de-neuquen-a-gnc-mejorara-el-ambiente-y-generara-ahorros-importantes\/","name":"Mart\u00ednez: \u00abLa conversi\u00f3n de todo el transporte p\u00fablico de Neuqu\u00e9n a GNC mejorar\u00e1 el ambiente y generar\u00e1 ahorros importantes\u00bb","isPartOf":{"@id":"https:\/\/patagoniambiental.com.ar\/info\/#website"},"primaryImageOfPage":{"@id":"https:\/\/patagoniambiental.com.ar\/info\/martinez-la-conversion-de-todo-el-transporte-publico-de-neuquen-a-gnc-mejorara-el-ambiente-y-generara-ahorros-importantes\/#primaryimage"},"image":{"@id":"https:\/\/patagoniambiental.com.ar\/info\/martinez-la-conversion-de-todo-el-transporte-publico-de-neuquen-a-gnc-mejorara-el-ambiente-y-generara-ahorros-importantes\/#primaryimage"},"thumbnailUrl":"https:\/\/patagoniambiental.com.ar\/info\/wp-content\/uploads\/2024\/04\/image-6.png","datePublished":"2024-04-03T22:00:00+00:00","dateModified":"2024-09-19T15:07:00+00:00","breadcrumb":{"@id":"https:\/\/patagoniambiental.com.ar\/info\/martinez-la-conversion-de-todo-el-transporte-publico-de-neuquen-a-gnc-mejorara-el-ambiente-y-generara-ahorros-importantes\/#breadcrumb"},"inLanguage":"es","potentialAction":[{"@type":"ReadAction","target":["https:\/\/patagoniambiental.com.ar\/info\/martinez-la-conversion-de-todo-el-transporte-publico-de-neuquen-a-gnc-mejorara-el-ambiente-y-generara-ahorros-importantes\/"]}]},{"@type":"ImageObject","inLanguage":"es","@id":"https:\/\/patagoniambiental.com.ar\/info\/martinez-la-conversion-de-todo-el-transporte-publico-de-neuquen-a-gnc-mejorara-el-ambiente-y-generara-ahorros-importantes\/#primaryimage","url":"https:\/\/patagoniambiental.com.ar\/info\/wp-content\/uploads\/2024\/04\/image-6.png","contentUrl":"https:\/\/patagoniambiental.com.ar\/info\/wp-content\/uploads\/2024\/04\/image-6.png","width":768,"height":497},{"@type":"BreadcrumbList","@id":"https:\/\/patagoniambiental.com.ar\/info\/martinez-la-conversion-de-todo-el-transporte-publico-de-neuquen-a-gnc-mejorara-el-ambiente-y-generara-ahorros-importantes\/#breadcrumb","itemListElement":[{"@type":"ListItem","position":1,"name":"Inicio","item":"https:\/\/patagoniambiental.com.ar\/info\/"},{"@type":"ListItem","position":2,"name":"Mart\u00ednez: \u00abLa conversi\u00f3n de todo el transporte p\u00fablico de Neuqu\u00e9n a GNC mejorar\u00e1 el ambiente y generar\u00e1 ahorros importantes\u00bb"}]},{"@type":"WebSite","@id":"https:\/\/patagoniambiental.com.ar\/info\/#website","url":"https:\/\/patagoniambiental.com.ar\/info\/","name":"Patagonia Ambiental","description":"Monitoreo y an\u00e1lisis de la situaci\u00f3n geopol\u00edtica en el mundo y su implicancia en la Patagonia","publisher":{"@id":"https:\/\/patagoniambiental.com.ar\/info\/#organization"},"potentialAction":[{"@type":"SearchAction","target":{"@type":"EntryPoint","urlTemplate":"https:\/\/patagoniambiental.com.ar\/info\/?s={search_term_string}"},"query-input":{"@type":"PropertyValueSpecification","valueRequired":true,"valueName":"search_term_string"}}],"inLanguage":"es"},{"@type":"Organization","@id":"https:\/\/patagoniambiental.com.ar\/info\/#organization","name":"Patagonia Ambiental","url":"https:\/\/patagoniambiental.com.ar\/info\/","logo":{"@type":"ImageObject","inLanguage":"es","@id":"https:\/\/patagoniambiental.com.ar\/info\/#\/schema\/logo\/image\/","url":"https:\/\/patagoniambiental.com.ar\/info\/wp-content\/uploads\/2025\/05\/LOGO-PATAGONIA-AMBIENTAL.png","contentUrl":"https:\/\/patagoniambiental.com.ar\/info\/wp-content\/uploads\/2025\/05\/LOGO-PATAGONIA-AMBIENTAL.png","width":433,"height":250,"caption":"Patagonia Ambiental"},"image":{"@id":"https:\/\/patagoniambiental.com.ar\/info\/#\/schema\/logo\/image\/"},"sameAs":["https:\/\/www.facebook.com\/patagonia.ambiental","https:\/\/x.com\/PatAmb"]},{"@type":"Person","@id":"https:\/\/patagoniambiental.com.ar\/info\/#\/schema\/person\/db12bff64bbcbf6a253710bf0ea37b5d","name":"Patagonia Ambiental","description":"Andr\u00e9s Nievas T\u00e9cnico en manejo ambiental, consultor Ambiental y escritor para medios locales e internacionales sobre temas de geopolitica y medio ambiente.","sameAs":["http:\/\/www.patagoniambiental.com.ar","https:\/\/www.facebook.com\/share\/1C1V8Gv9BX\/?mibextid=qi2Omg","@patagoniambiental","https:\/\/youtube.com\/@patagoniaambiental2023?si=BLt58t0wuXquxlYZ"]}]}},"_links":{"self":[{"href":"https:\/\/patagoniambiental.com.ar\/info\/wp-json\/wp\/v2\/posts\/81283","targetHints":{"allow":["GET"]}}],"collection":[{"href":"https:\/\/patagoniambiental.com.ar\/info\/wp-json\/wp\/v2\/posts"}],"about":[{"href":"https:\/\/patagoniambiental.com.ar\/info\/wp-json\/wp\/v2\/types\/post"}],"author":[{"embeddable":true,"href":"https:\/\/patagoniambiental.com.ar\/info\/wp-json\/wp\/v2\/users\/2"}],"replies":[{"embeddable":true,"href":"https:\/\/patagoniambiental.com.ar\/info\/wp-json\/wp\/v2\/comments?post=81283"}],"version-history":[{"count":0,"href":"https:\/\/patagoniambiental.com.ar\/info\/wp-json\/wp\/v2\/posts\/81283\/revisions"}],"wp:featuredmedia":[{"embeddable":true,"href":"https:\/\/patagoniambiental.com.ar\/info\/wp-json\/wp\/v2\/media\/81284"}],"wp:attachment":[{"href":"https:\/\/patagoniambiental.com.ar\/info\/wp-json\/wp\/v2\/media?parent=81283"}],"wp:term":[{"taxonomy":"category","embeddable":true,"href":"https:\/\/patagoniambiental.com.ar\/info\/wp-json\/wp\/v2\/categories?post=81283"},{"taxonomy":"post_tag","embeddable":true,"href":"https:\/\/patagoniambiental.com.ar\/info\/wp-json\/wp\/v2\/tags?post=81283"}],"curies":[{"name":"wp","href":"https:\/\/api.w.org\/{rel}","templated":true}]}}