{"id":81292,"date":"2024-04-04T07:00:00","date_gmt":"2024-04-04T10:00:00","guid":{"rendered":"https:\/\/patagoniambiental.com.ar\/info\/?p=81292"},"modified":"2024-08-13T00:05:05","modified_gmt":"2024-08-13T03:05:05","slug":"los-veteranos-de-malvinas-acorralaron-a-melella-por-el-radar-britanico-en-tierra-del-fuego","status":"publish","type":"post","link":"https:\/\/patagoniambiental.com.ar\/info\/los-veteranos-de-malvinas-acorralaron-a-melella-por-el-radar-britanico-en-tierra-del-fuego\/","title":{"rendered":"Los veteranos de Malvinas acorralaron a Melella por el radar brit\u00e1nico en Tierra del Fuego"},"content":{"rendered":"\n<!--more-->\n\n\n\n<p>El gobernador de Tierra del Fuego, Gustavo Melella, pas\u00f3 un momento inc\u00f3modo durante el acto oficial por el 2 de abril cuando los veteranos de la guerra de Malvinas le pidieron explicaciones por el radar brit\u00e1nico instalado en Tolhuin.<\/p>\n\n\n\n<p>El reclamo a Melella lo expres\u00f3 el titular del Centro de Veteranos de Ushuaia, Juan Carlos Parodi, quien dijo que la instalaci\u00f3n del radar \u201cen el patio de casa\u201d es \u201cla frutilla del postre\u201d al abandono de la defensa nacional.<\/p>\n\n\n\n<p>El veterano de guerra denunci\u00f3 que los funcionarios han dado \u201cambiguas explicaciones bajo la premisa del secreto de Estado\u201d <\/p>\n\n\n\n<p>y denunci\u00f3 que la instalaci\u00f3n sigue funcionando a pesar de que el a\u00f1o pasado el entonces ministro de Defensa, Jorge Taiana, orden\u00f3 desmontarla.<\/p>\n\n\n\n<p>\u201cEs verdad lo que el gobernador ha expresado y tambi\u00e9n nos ha informado por escrito la Direcci\u00f3n provincial de Energ\u00eda de que han cortado el suministro el\u00e9ctrico y retirado el medidor, pero es el suministro el\u00e9ctrico de baja tensi\u00f3n\u201d, revel\u00f3 Parodi. \u201cExigimos explicaciones sobre la l\u00ednea de media tensi\u00f3n y la fibra \u00f3ptica que entra de manera subterr\u00e1nea a la estancia. No resulta suficiente (explicaci\u00f3n) que esa l\u00ednea se mantiene para alimentar la garita de la guardia policial, es demasiado\u201d, denunci\u00f3 el veterano, que solicit\u00f3 que se les permita ingresar a la estancia.<\/p>\n\n\n\n<p>Uno puede repudiar, una cosa es repudiar y otra cosa es saber para qu\u00e9 sirve. \u00bfUstedes se creen que necesitan un radar para hacer inteligencia? Saben lo que decimos y lo que vivimos haciendo permanentemente<\/p>\n\n\n\n<p>Melella tom\u00f3 nota de las cr\u00edticas de los veteranos, pero le rest\u00f3 importancia a la instalaci\u00f3n del radar brit\u00e1nico a unos 600 kil\u00f3metros de las Islas Malvinas.<\/p>\n\n\n\n<p>\u201cEs un radar americano, el 95% es americano y un 5% tiene que ver con Gran Breta\u00f1a\u201d, respondi\u00f3 el gobernador fueguino. \u201cSi es un problema de Defensa, se tiene que ocupar la Defensa, \u00bfyo que voy a ir con la Protecci\u00f3n Civil? Si es un problema de Defensa nacional tan serio como dicen, se tienen que hacer cargo.<\/p>\n\n\n\n<div style=\"height:100px\" aria-hidden=\"true\" class=\"wp-block-spacer\"><\/div>\n\n\n\n<h2 class=\"wp-block-heading\" id=\"h-quienes-saben-se-tienen-que-ocupar-se-desligo\">Quienes saben se tienen que ocupar\u201d, se deslig\u00f3.<\/h2>\n\n\n\n<p>\u201cUno puede repudiar, una cosa es repudiar y otra cosa es saber para qu\u00e9 sirve. \u00bfUstedes se creen que necesitan un radar para hacer inteligencia? Saben lo que decimos y lo que vivimos haciendo permanentemente\u201d, complet\u00f3 Melella.<\/p>\n\n\n\n<p>El radar en Tolhuin fue instalado por la empresa LeoLabs, una firma californiana con capitales brit\u00e1nicos-irlandeses que es proveedora comercial de servicios de conciencia de la situaci\u00f3n espacial (SSA) y mapeo de \u00f3rbita terrestre baja (LEO). La instalaci\u00f3n del radar hab\u00eda sido celebrada el a\u00f1o pasado por el embajador estadounidense Marc Stanley.<\/p>\n\n\n\n<p>Fuente: lanuevacomuna.com<\/p>\n","protected":false},"excerpt":{"rendered":"","protected":false},"author":2,"featured_media":81293,"comment_status":"open","ping_status":"open","sticky":false,"template":"","format":"standard","meta":{"site-sidebar-layout":"default","site-content-layout":"","ast-site-content-layout":"default","site-content-style":"default","site-sidebar-style":"default","ast-global-header-display":"","ast-banner-title-visibility":"","ast-main-header-display":"","ast-hfb-above-header-display":"","ast-hfb-below-header-display":"","ast-hfb-mobile-header-display":"","site-post-title":"","ast-breadcrumbs-content":"","ast-featured-img":"","footer-sml-layout":"","ast-disable-related-posts":"","theme-transparent-header-meta":"","adv-header-id-meta":"","stick-header-meta":"","header-above-stick-meta":"","header-main-stick-meta":"","header-below-stick-meta":"","astra-migrate-meta-layouts":"default","ast-page-background-enabled":"default","ast-page-background-meta":{"desktop":{"background-color":"var(--ast-global-color-5)","background-image":"","background-repeat":"repeat","background-position":"center center","background-size":"auto","background-attachment":"scroll","background-type":"","background-media":"","overlay-type":"","overlay-color":"","overlay-opacity":"","overlay-gradient":""},"tablet":{"background-color":"","background-image":"","background-repeat":"repeat","background-position":"center center","background-size":"auto","background-attachment":"scroll","background-type":"","background-media":"","overlay-type":"","overlay-color":"","overlay-opacity":"","overlay-gradient":""},"mobile":{"background-color":"","background-image":"","background-repeat":"repeat","background-position":"center center","background-size":"auto","background-attachment":"scroll","background-type":"","background-media":"","overlay-type":"","overlay-color":"","overlay-opacity":"","overlay-gradient":""}},"ast-content-background-meta":{"desktop":{"background-color":"var(--ast-global-color-4)","background-image":"","background-repeat":"repeat","background-position":"center center","background-size":"auto","background-attachment":"scroll","background-type":"","background-media":"","overlay-type":"","overlay-color":"","overlay-opacity":"","overlay-gradient":""},"tablet":{"background-color":"var(--ast-global-color-4)","background-image":"","background-repeat":"repeat","background-position":"center center","background-size":"auto","background-attachment":"scroll","background-type":"","background-media":"","overlay-type":"","overlay-color":"","overlay-opacity":"","overlay-gradient":""},"mobile":{"background-color":"var(--ast-global-color-4)","background-image":"","background-repeat":"repeat","background-position":"center center","background-size":"auto","background-attachment":"scroll","background-type":"","background-media":"","overlay-type":"","overlay-color":"","overlay-opacity":"","overlay-gradient":""}},"footnotes":""},"categories":[23],"tags":[],"class_list":["post-81292","post","type-post","status-publish","format-standard","has-post-thumbnail","hentry","category-internacionales"],"yoast_head":"<!-- This site is optimized with the Yoast SEO Premium plugin v23.0 (Yoast SEO v27.4) - https:\/\/yoast.com\/product\/yoast-seo-premium-wordpress\/ -->\n<title>Los veteranos de Malvinas acorralaron a Melella por el radar brit\u00e1nico en Tierra del Fuego<\/title>\n<meta name=\"robots\" content=\"index, follow, max-snippet:-1, max-image-preview:large, max-video-preview:-1\" \/>\n<link rel=\"canonical\" href=\"https:\/\/patagoniambiental.com.ar\/info\/los-veteranos-de-malvinas-acorralaron-a-melella-por-el-radar-britanico-en-tierra-del-fuego\/\" \/>\n<meta property=\"og:locale\" content=\"es_ES\" \/>\n<meta property=\"og:type\" content=\"article\" \/>\n<meta property=\"og:title\" content=\"Los veteranos de Malvinas acorralaron a Melella por el radar brit\u00e1nico en Tierra del Fuego\" \/>\n<meta property=\"og:url\" content=\"https:\/\/patagoniambiental.com.ar\/info\/los-veteranos-de-malvinas-acorralaron-a-melella-por-el-radar-britanico-en-tierra-del-fuego\/\" \/>\n<meta property=\"og:site_name\" content=\"Patagonia Ambiental\" \/>\n<meta property=\"article:publisher\" content=\"https:\/\/www.facebook.com\/patagonia.ambiental\" \/>\n<meta property=\"article:author\" content=\"https:\/\/www.facebook.com\/share\/1C1V8Gv9BX\/?mibextid=qi2Omg\" \/>\n<meta property=\"article:published_time\" content=\"2024-04-04T10:00:00+00:00\" \/>\n<meta property=\"article:modified_time\" content=\"2024-08-13T03:05:05+00:00\" \/>\n<meta property=\"og:image\" content=\"https:\/\/patagoniambiental.com.ar\/info\/wp-content\/uploads\/2024\/04\/Veteranos-de-Malvinas-1.jpg\" \/>\n\t<meta property=\"og:image:width\" content=\"600\" \/>\n\t<meta property=\"og:image:height\" content=\"338\" \/>\n\t<meta property=\"og:image:type\" content=\"image\/jpeg\" \/>\n<meta name=\"author\" content=\"Patagonia Ambiental\" \/>\n<meta name=\"twitter:card\" content=\"summary_large_image\" \/>\n<meta name=\"twitter:creator\" content=\"@PatAmb\" \/>\n<meta name=\"twitter:site\" content=\"@PatAmb\" \/>\n<script type=\"application\/ld+json\" class=\"yoast-schema-graph\">{\"@context\":\"https:\\\/\\\/schema.org\",\"@graph\":[{\"@type\":\"Article\",\"@id\":\"https:\\\/\\\/patagoniambiental.com.ar\\\/info\\\/los-veteranos-de-malvinas-acorralaron-a-melella-por-el-radar-britanico-en-tierra-del-fuego\\\/#article\",\"isPartOf\":{\"@id\":\"https:\\\/\\\/patagoniambiental.com.ar\\\/info\\\/los-veteranos-de-malvinas-acorralaron-a-melella-por-el-radar-britanico-en-tierra-del-fuego\\\/\"},\"author\":{\"name\":\"Patagonia Ambiental\",\"@id\":\"https:\\\/\\\/patagoniambiental.com.ar\\\/info\\\/#\\\/schema\\\/person\\\/db12bff64bbcbf6a253710bf0ea37b5d\"},\"headline\":\"Los veteranos de Malvinas acorralaron a Melella por el radar brit\u00e1nico en Tierra del Fuego\",\"datePublished\":\"2024-04-04T10:00:00+00:00\",\"dateModified\":\"2024-08-13T03:05:05+00:00\",\"mainEntityOfPage\":{\"@id\":\"https:\\\/\\\/patagoniambiental.com.ar\\\/info\\\/los-veteranos-de-malvinas-acorralaron-a-melella-por-el-radar-britanico-en-tierra-del-fuego\\\/\"},\"wordCount\":473,\"commentCount\":0,\"publisher\":{\"@id\":\"https:\\\/\\\/patagoniambiental.com.ar\\\/info\\\/#organization\"},\"image\":{\"@id\":\"https:\\\/\\\/patagoniambiental.com.ar\\\/info\\\/los-veteranos-de-malvinas-acorralaron-a-melella-por-el-radar-britanico-en-tierra-del-fuego\\\/#primaryimage\"},\"thumbnailUrl\":\"https:\\\/\\\/patagoniambiental.com.ar\\\/info\\\/wp-content\\\/uploads\\\/2024\\\/04\\\/Veteranos-de-Malvinas-1.jpg\",\"articleSection\":[\"Internacionales\"],\"inLanguage\":\"es\",\"potentialAction\":[{\"@type\":\"CommentAction\",\"name\":\"Comment\",\"target\":[\"https:\\\/\\\/patagoniambiental.com.ar\\\/info\\\/los-veteranos-de-malvinas-acorralaron-a-melella-por-el-radar-britanico-en-tierra-del-fuego\\\/#respond\"]}]},{\"@type\":\"WebPage\",\"@id\":\"https:\\\/\\\/patagoniambiental.com.ar\\\/info\\\/los-veteranos-de-malvinas-acorralaron-a-melella-por-el-radar-britanico-en-tierra-del-fuego\\\/\",\"url\":\"https:\\\/\\\/patagoniambiental.com.ar\\\/info\\\/los-veteranos-de-malvinas-acorralaron-a-melella-por-el-radar-britanico-en-tierra-del-fuego\\\/\",\"name\":\"Los veteranos de Malvinas acorralaron a Melella por el radar brit\u00e1nico en Tierra del Fuego\",\"isPartOf\":{\"@id\":\"https:\\\/\\\/patagoniambiental.com.ar\\\/info\\\/#website\"},\"primaryImageOfPage\":{\"@id\":\"https:\\\/\\\/patagoniambiental.com.ar\\\/info\\\/los-veteranos-de-malvinas-acorralaron-a-melella-por-el-radar-britanico-en-tierra-del-fuego\\\/#primaryimage\"},\"image\":{\"@id\":\"https:\\\/\\\/patagoniambiental.com.ar\\\/info\\\/los-veteranos-de-malvinas-acorralaron-a-melella-por-el-radar-britanico-en-tierra-del-fuego\\\/#primaryimage\"},\"thumbnailUrl\":\"https:\\\/\\\/patagoniambiental.com.ar\\\/info\\\/wp-content\\\/uploads\\\/2024\\\/04\\\/Veteranos-de-Malvinas-1.jpg\",\"datePublished\":\"2024-04-04T10:00:00+00:00\",\"dateModified\":\"2024-08-13T03:05:05+00:00\",\"breadcrumb\":{\"@id\":\"https:\\\/\\\/patagoniambiental.com.ar\\\/info\\\/los-veteranos-de-malvinas-acorralaron-a-melella-por-el-radar-britanico-en-tierra-del-fuego\\\/#breadcrumb\"},\"inLanguage\":\"es\",\"potentialAction\":[{\"@type\":\"ReadAction\",\"target\":[\"https:\\\/\\\/patagoniambiental.com.ar\\\/info\\\/los-veteranos-de-malvinas-acorralaron-a-melella-por-el-radar-britanico-en-tierra-del-fuego\\\/\"]}]},{\"@type\":\"ImageObject\",\"inLanguage\":\"es\",\"@id\":\"https:\\\/\\\/patagoniambiental.com.ar\\\/info\\\/los-veteranos-de-malvinas-acorralaron-a-melella-por-el-radar-britanico-en-tierra-del-fuego\\\/#primaryimage\",\"url\":\"https:\\\/\\\/patagoniambiental.com.ar\\\/info\\\/wp-content\\\/uploads\\\/2024\\\/04\\\/Veteranos-de-Malvinas-1.jpg\",\"contentUrl\":\"https:\\\/\\\/patagoniambiental.com.ar\\\/info\\\/wp-content\\\/uploads\\\/2024\\\/04\\\/Veteranos-de-Malvinas-1.jpg\",\"width\":600,\"height\":338},{\"@type\":\"BreadcrumbList\",\"@id\":\"https:\\\/\\\/patagoniambiental.com.ar\\\/info\\\/los-veteranos-de-malvinas-acorralaron-a-melella-por-el-radar-britanico-en-tierra-del-fuego\\\/#breadcrumb\",\"itemListElement\":[{\"@type\":\"ListItem\",\"position\":1,\"name\":\"Inicio\",\"item\":\"https:\\\/\\\/patagoniambiental.com.ar\\\/info\\\/\"},{\"@type\":\"ListItem\",\"position\":2,\"name\":\"Los veteranos de Malvinas acorralaron a Melella por el radar brit\u00e1nico en Tierra del Fuego\"}]},{\"@type\":\"WebSite\",\"@id\":\"https:\\\/\\\/patagoniambiental.com.ar\\\/info\\\/#website\",\"url\":\"https:\\\/\\\/patagoniambiental.com.ar\\\/info\\\/\",\"name\":\"Patagonia Ambiental\",\"description\":\"Monitoreo y an\u00e1lisis de la situaci\u00f3n geopol\u00edtica en el mundo y su implicancia en la Patagonia\",\"publisher\":{\"@id\":\"https:\\\/\\\/patagoniambiental.com.ar\\\/info\\\/#organization\"},\"potentialAction\":[{\"@type\":\"SearchAction\",\"target\":{\"@type\":\"EntryPoint\",\"urlTemplate\":\"https:\\\/\\\/patagoniambiental.com.ar\\\/info\\\/?s={search_term_string}\"},\"query-input\":{\"@type\":\"PropertyValueSpecification\",\"valueRequired\":true,\"valueName\":\"search_term_string\"}}],\"inLanguage\":\"es\"},{\"@type\":\"Organization\",\"@id\":\"https:\\\/\\\/patagoniambiental.com.ar\\\/info\\\/#organization\",\"name\":\"Patagonia Ambiental\",\"url\":\"https:\\\/\\\/patagoniambiental.com.ar\\\/info\\\/\",\"logo\":{\"@type\":\"ImageObject\",\"inLanguage\":\"es\",\"@id\":\"https:\\\/\\\/patagoniambiental.com.ar\\\/info\\\/#\\\/schema\\\/logo\\\/image\\\/\",\"url\":\"https:\\\/\\\/patagoniambiental.com.ar\\\/info\\\/wp-content\\\/uploads\\\/2025\\\/05\\\/LOGO-PATAGONIA-AMBIENTAL.png\",\"contentUrl\":\"https:\\\/\\\/patagoniambiental.com.ar\\\/info\\\/wp-content\\\/uploads\\\/2025\\\/05\\\/LOGO-PATAGONIA-AMBIENTAL.png\",\"width\":433,\"height\":250,\"caption\":\"Patagonia Ambiental\"},\"image\":{\"@id\":\"https:\\\/\\\/patagoniambiental.com.ar\\\/info\\\/#\\\/schema\\\/logo\\\/image\\\/\"},\"sameAs\":[\"https:\\\/\\\/www.facebook.com\\\/patagonia.ambiental\",\"https:\\\/\\\/x.com\\\/PatAmb\"]},{\"@type\":\"Person\",\"@id\":\"https:\\\/\\\/patagoniambiental.com.ar\\\/info\\\/#\\\/schema\\\/person\\\/db12bff64bbcbf6a253710bf0ea37b5d\",\"name\":\"Patagonia Ambiental\",\"description\":\"Andr\u00e9s Nievas T\u00e9cnico en manejo ambiental, consultor Ambiental y escritor para medios locales e internacionales sobre temas de geopolitica y medio ambiente.\",\"sameAs\":[\"http:\\\/\\\/www.patagoniambiental.com.ar\",\"https:\\\/\\\/www.facebook.com\\\/share\\\/1C1V8Gv9BX\\\/?mibextid=qi2Omg\",\"@patagoniambiental\",\"https:\\\/\\\/youtube.com\\\/@patagoniaambiental2023?si=BLt58t0wuXquxlYZ\"]}]}<\/script>\n<!-- \/ Yoast SEO Premium plugin. -->","yoast_head_json":{"title":"Los veteranos de Malvinas acorralaron a Melella por el radar brit\u00e1nico en Tierra del Fuego","robots":{"index":"index","follow":"follow","max-snippet":"max-snippet:-1","max-image-preview":"max-image-preview:large","max-video-preview":"max-video-preview:-1"},"canonical":"https:\/\/patagoniambiental.com.ar\/info\/los-veteranos-de-malvinas-acorralaron-a-melella-por-el-radar-britanico-en-tierra-del-fuego\/","og_locale":"es_ES","og_type":"article","og_title":"Los veteranos de Malvinas acorralaron a Melella por el radar brit\u00e1nico en Tierra del Fuego","og_url":"https:\/\/patagoniambiental.com.ar\/info\/los-veteranos-de-malvinas-acorralaron-a-melella-por-el-radar-britanico-en-tierra-del-fuego\/","og_site_name":"Patagonia Ambiental","article_publisher":"https:\/\/www.facebook.com\/patagonia.ambiental","article_author":"https:\/\/www.facebook.com\/share\/1C1V8Gv9BX\/?mibextid=qi2Omg","article_published_time":"2024-04-04T10:00:00+00:00","article_modified_time":"2024-08-13T03:05:05+00:00","og_image":[{"width":600,"height":338,"url":"https:\/\/patagoniambiental.com.ar\/info\/wp-content\/uploads\/2024\/04\/Veteranos-de-Malvinas-1.jpg","type":"image\/jpeg"}],"author":"Patagonia Ambiental","twitter_card":"summary_large_image","twitter_creator":"@PatAmb","twitter_site":"@PatAmb","schema":{"@context":"https:\/\/schema.org","@graph":[{"@type":"Article","@id":"https:\/\/patagoniambiental.com.ar\/info\/los-veteranos-de-malvinas-acorralaron-a-melella-por-el-radar-britanico-en-tierra-del-fuego\/#article","isPartOf":{"@id":"https:\/\/patagoniambiental.com.ar\/info\/los-veteranos-de-malvinas-acorralaron-a-melella-por-el-radar-britanico-en-tierra-del-fuego\/"},"author":{"name":"Patagonia Ambiental","@id":"https:\/\/patagoniambiental.com.ar\/info\/#\/schema\/person\/db12bff64bbcbf6a253710bf0ea37b5d"},"headline":"Los veteranos de Malvinas acorralaron a Melella por el radar brit\u00e1nico en Tierra del Fuego","datePublished":"2024-04-04T10:00:00+00:00","dateModified":"2024-08-13T03:05:05+00:00","mainEntityOfPage":{"@id":"https:\/\/patagoniambiental.com.ar\/info\/los-veteranos-de-malvinas-acorralaron-a-melella-por-el-radar-britanico-en-tierra-del-fuego\/"},"wordCount":473,"commentCount":0,"publisher":{"@id":"https:\/\/patagoniambiental.com.ar\/info\/#organization"},"image":{"@id":"https:\/\/patagoniambiental.com.ar\/info\/los-veteranos-de-malvinas-acorralaron-a-melella-por-el-radar-britanico-en-tierra-del-fuego\/#primaryimage"},"thumbnailUrl":"https:\/\/patagoniambiental.com.ar\/info\/wp-content\/uploads\/2024\/04\/Veteranos-de-Malvinas-1.jpg","articleSection":["Internacionales"],"inLanguage":"es","potentialAction":[{"@type":"CommentAction","name":"Comment","target":["https:\/\/patagoniambiental.com.ar\/info\/los-veteranos-de-malvinas-acorralaron-a-melella-por-el-radar-britanico-en-tierra-del-fuego\/#respond"]}]},{"@type":"WebPage","@id":"https:\/\/patagoniambiental.com.ar\/info\/los-veteranos-de-malvinas-acorralaron-a-melella-por-el-radar-britanico-en-tierra-del-fuego\/","url":"https:\/\/patagoniambiental.com.ar\/info\/los-veteranos-de-malvinas-acorralaron-a-melella-por-el-radar-britanico-en-tierra-del-fuego\/","name":"Los veteranos de Malvinas acorralaron a Melella por el radar brit\u00e1nico en Tierra del Fuego","isPartOf":{"@id":"https:\/\/patagoniambiental.com.ar\/info\/#website"},"primaryImageOfPage":{"@id":"https:\/\/patagoniambiental.com.ar\/info\/los-veteranos-de-malvinas-acorralaron-a-melella-por-el-radar-britanico-en-tierra-del-fuego\/#primaryimage"},"image":{"@id":"https:\/\/patagoniambiental.com.ar\/info\/los-veteranos-de-malvinas-acorralaron-a-melella-por-el-radar-britanico-en-tierra-del-fuego\/#primaryimage"},"thumbnailUrl":"https:\/\/patagoniambiental.com.ar\/info\/wp-content\/uploads\/2024\/04\/Veteranos-de-Malvinas-1.jpg","datePublished":"2024-04-04T10:00:00+00:00","dateModified":"2024-08-13T03:05:05+00:00","breadcrumb":{"@id":"https:\/\/patagoniambiental.com.ar\/info\/los-veteranos-de-malvinas-acorralaron-a-melella-por-el-radar-britanico-en-tierra-del-fuego\/#breadcrumb"},"inLanguage":"es","potentialAction":[{"@type":"ReadAction","target":["https:\/\/patagoniambiental.com.ar\/info\/los-veteranos-de-malvinas-acorralaron-a-melella-por-el-radar-britanico-en-tierra-del-fuego\/"]}]},{"@type":"ImageObject","inLanguage":"es","@id":"https:\/\/patagoniambiental.com.ar\/info\/los-veteranos-de-malvinas-acorralaron-a-melella-por-el-radar-britanico-en-tierra-del-fuego\/#primaryimage","url":"https:\/\/patagoniambiental.com.ar\/info\/wp-content\/uploads\/2024\/04\/Veteranos-de-Malvinas-1.jpg","contentUrl":"https:\/\/patagoniambiental.com.ar\/info\/wp-content\/uploads\/2024\/04\/Veteranos-de-Malvinas-1.jpg","width":600,"height":338},{"@type":"BreadcrumbList","@id":"https:\/\/patagoniambiental.com.ar\/info\/los-veteranos-de-malvinas-acorralaron-a-melella-por-el-radar-britanico-en-tierra-del-fuego\/#breadcrumb","itemListElement":[{"@type":"ListItem","position":1,"name":"Inicio","item":"https:\/\/patagoniambiental.com.ar\/info\/"},{"@type":"ListItem","position":2,"name":"Los veteranos de Malvinas acorralaron a Melella por el radar brit\u00e1nico en Tierra del Fuego"}]},{"@type":"WebSite","@id":"https:\/\/patagoniambiental.com.ar\/info\/#website","url":"https:\/\/patagoniambiental.com.ar\/info\/","name":"Patagonia Ambiental","description":"Monitoreo y an\u00e1lisis de la situaci\u00f3n geopol\u00edtica en el mundo y su implicancia en la Patagonia","publisher":{"@id":"https:\/\/patagoniambiental.com.ar\/info\/#organization"},"potentialAction":[{"@type":"SearchAction","target":{"@type":"EntryPoint","urlTemplate":"https:\/\/patagoniambiental.com.ar\/info\/?s={search_term_string}"},"query-input":{"@type":"PropertyValueSpecification","valueRequired":true,"valueName":"search_term_string"}}],"inLanguage":"es"},{"@type":"Organization","@id":"https:\/\/patagoniambiental.com.ar\/info\/#organization","name":"Patagonia Ambiental","url":"https:\/\/patagoniambiental.com.ar\/info\/","logo":{"@type":"ImageObject","inLanguage":"es","@id":"https:\/\/patagoniambiental.com.ar\/info\/#\/schema\/logo\/image\/","url":"https:\/\/patagoniambiental.com.ar\/info\/wp-content\/uploads\/2025\/05\/LOGO-PATAGONIA-AMBIENTAL.png","contentUrl":"https:\/\/patagoniambiental.com.ar\/info\/wp-content\/uploads\/2025\/05\/LOGO-PATAGONIA-AMBIENTAL.png","width":433,"height":250,"caption":"Patagonia Ambiental"},"image":{"@id":"https:\/\/patagoniambiental.com.ar\/info\/#\/schema\/logo\/image\/"},"sameAs":["https:\/\/www.facebook.com\/patagonia.ambiental","https:\/\/x.com\/PatAmb"]},{"@type":"Person","@id":"https:\/\/patagoniambiental.com.ar\/info\/#\/schema\/person\/db12bff64bbcbf6a253710bf0ea37b5d","name":"Patagonia Ambiental","description":"Andr\u00e9s Nievas T\u00e9cnico en manejo ambiental, consultor Ambiental y escritor para medios locales e internacionales sobre temas de geopolitica y medio ambiente.","sameAs":["http:\/\/www.patagoniambiental.com.ar","https:\/\/www.facebook.com\/share\/1C1V8Gv9BX\/?mibextid=qi2Omg","@patagoniambiental","https:\/\/youtube.com\/@patagoniaambiental2023?si=BLt58t0wuXquxlYZ"]}]}},"_links":{"self":[{"href":"https:\/\/patagoniambiental.com.ar\/info\/wp-json\/wp\/v2\/posts\/81292","targetHints":{"allow":["GET"]}}],"collection":[{"href":"https:\/\/patagoniambiental.com.ar\/info\/wp-json\/wp\/v2\/posts"}],"about":[{"href":"https:\/\/patagoniambiental.com.ar\/info\/wp-json\/wp\/v2\/types\/post"}],"author":[{"embeddable":true,"href":"https:\/\/patagoniambiental.com.ar\/info\/wp-json\/wp\/v2\/users\/2"}],"replies":[{"embeddable":true,"href":"https:\/\/patagoniambiental.com.ar\/info\/wp-json\/wp\/v2\/comments?post=81292"}],"version-history":[{"count":0,"href":"https:\/\/patagoniambiental.com.ar\/info\/wp-json\/wp\/v2\/posts\/81292\/revisions"}],"wp:featuredmedia":[{"embeddable":true,"href":"https:\/\/patagoniambiental.com.ar\/info\/wp-json\/wp\/v2\/media\/81293"}],"wp:attachment":[{"href":"https:\/\/patagoniambiental.com.ar\/info\/wp-json\/wp\/v2\/media?parent=81292"}],"wp:term":[{"taxonomy":"category","embeddable":true,"href":"https:\/\/patagoniambiental.com.ar\/info\/wp-json\/wp\/v2\/categories?post=81292"},{"taxonomy":"post_tag","embeddable":true,"href":"https:\/\/patagoniambiental.com.ar\/info\/wp-json\/wp\/v2\/tags?post=81292"}],"curies":[{"name":"wp","href":"https:\/\/api.w.org\/{rel}","templated":true}]}}