{"id":81295,"date":"2024-04-04T07:00:00","date_gmt":"2024-04-04T10:00:00","guid":{"rendered":"https:\/\/patagoniambiental.com.ar\/info\/?p=81295"},"modified":"2024-09-19T12:01:12","modified_gmt":"2024-09-19T15:01:12","slug":"guardafaunas-de-la-provincia-de-neuquen-labraron-mas-de-100-infracciones-y-decomisos","status":"publish","type":"post","link":"https:\/\/patagoniambiental.com.ar\/info\/guardafaunas-de-la-provincia-de-neuquen-labraron-mas-de-100-infracciones-y-decomisos\/","title":{"rendered":"Guardafaunas de Neuquen labraron m\u00e1s de 100 infracciones"},"content":{"rendered":"\n<!--more-->\n\n\n\n<p><em>Fue durante el fin de semana largo. Las multas que deber\u00e1n pagar los infractores arrancan desde los 80 mil pesos.<\/em><\/p>\n\n\n\n<p>El cuerpo de guardafaunas de la provincia realiz\u00f3 varios operativos por caza y pesca furtiva en diferentes zonas y a ra\u00edz de ese accionar se labraron 102 actas de infracci\u00f3n, el decomiso de 79 truchas y de 4 ciervos entre otras actuaciones.<\/p>\n\n\n\n<div style=\"height:100px\" aria-hidden=\"true\" class=\"wp-block-spacer\"><\/div>\n\n\n\n<h2 class=\"wp-block-heading\" id=\"h-los-infractores-deberan-afrontar-multas-que-arrancan-desde-los-80-mil-pesos\">Los infractores deber\u00e1n afrontar multas que arrancan desde los 80 mil pesos.<\/h2>\n\n\n\n<p>Nicol\u00e1s Lagos, director provincial de Fauna y \u00c1reas Naturales Protegidas, explic\u00f3 que los operativos se realizaron en toda la provincia durante todo el fin de semana largo.<\/p>\n\n\n\n<p>Explic\u00f3 que las infracciones que se labraron son por diferentes violaciones a las normativas de caza y de pesca. Algunas de las multas tuvieron lugar en la zona del r\u00edo Limay, entre Pic\u00fan Leuf\u00fa y Choc\u00f3n, en la zona de Alicur\u00e1, y en ambientes del sur de la provincia.<\/p>\n\n\n\n<p>En el caso del decomiso de los ciervos, indic\u00f3 que, al momento de detectarse el hecho, los infractores no portaban las armas.<\/p>\n\n\n\n<p>En ocasiones, el personal de guardafauna puede enfrentarse a situaciones complejas con los infractores y, en ese caso, adem\u00e1s de la multa se realizan las correspondientes denuncias penales. En este caso, explic\u00f3 Lagos, no se registraron hechos de ese tipo.<\/p>\n\n\n\n<p>El cuerpo de inspectores en la provincia est\u00e1 integrado por 120 agentes activos y 40 administrativos, y realizan controles a lo largo de toda la provincia.<\/p>\n\n\n\n<p>Desde el \u00e1rea a cargo de Lagos se recuerda que es muy importante conocer las reglamentaciones para la pr\u00e1ctica de caza y pesca, teniendo en cuenta que adem\u00e1s de la violaci\u00f3n a las disposiciones, con el accionar furtivo se est\u00e1 afectando seriamente los recursos ict\u00edcolas y otro tipo de animales que se encuentran en su h\u00e1bitat natural.<\/p>\n\n\n\n<p>Fuente: Neuquen informa<\/p>\n","protected":false},"excerpt":{"rendered":"","protected":false},"author":2,"featured_media":81296,"comment_status":"open","ping_status":"open","sticky":false,"template":"","format":"standard","meta":{"site-sidebar-layout":"default","site-content-layout":"","ast-site-content-layout":"default","site-content-style":"default","site-sidebar-style":"default","ast-global-header-display":"","ast-banner-title-visibility":"","ast-main-header-display":"","ast-hfb-above-header-display":"","ast-hfb-below-header-display":"","ast-hfb-mobile-header-display":"","site-post-title":"","ast-breadcrumbs-content":"","ast-featured-img":"","footer-sml-layout":"","ast-disable-related-posts":"","theme-transparent-header-meta":"","adv-header-id-meta":"","stick-header-meta":"","header-above-stick-meta":"","header-main-stick-meta":"","header-below-stick-meta":"","astra-migrate-meta-layouts":"default","ast-page-background-enabled":"default","ast-page-background-meta":{"desktop":{"background-color":"var(--ast-global-color-5)","background-image":"","background-repeat":"repeat","background-position":"center center","background-size":"auto","background-attachment":"scroll","background-type":"","background-media":"","overlay-type":"","overlay-color":"","overlay-opacity":"","overlay-gradient":""},"tablet":{"background-color":"","background-image":"","background-repeat":"repeat","background-position":"center center","background-size":"auto","background-attachment":"scroll","background-type":"","background-media":"","overlay-type":"","overlay-color":"","overlay-opacity":"","overlay-gradient":""},"mobile":{"background-color":"","background-image":"","background-repeat":"repeat","background-position":"center center","background-size":"auto","background-attachment":"scroll","background-type":"","background-media":"","overlay-type":"","overlay-color":"","overlay-opacity":"","overlay-gradient":""}},"ast-content-background-meta":{"desktop":{"background-color":"var(--ast-global-color-4)","background-image":"","background-repeat":"repeat","background-position":"center center","background-size":"auto","background-attachment":"scroll","background-type":"","background-media":"","overlay-type":"","overlay-color":"","overlay-opacity":"","overlay-gradient":""},"tablet":{"background-color":"var(--ast-global-color-4)","background-image":"","background-repeat":"repeat","background-position":"center center","background-size":"auto","background-attachment":"scroll","background-type":"","background-media":"","overlay-type":"","overlay-color":"","overlay-opacity":"","overlay-gradient":""},"mobile":{"background-color":"var(--ast-global-color-4)","background-image":"","background-repeat":"repeat","background-position":"center center","background-size":"auto","background-attachment":"scroll","background-type":"","background-media":"","overlay-type":"","overlay-color":"","overlay-opacity":"","overlay-gradient":""}},"footnotes":""},"categories":[18,13],"tags":[],"class_list":["post-81295","post","type-post","status-publish","format-standard","has-post-thumbnail","hentry","category-neuquen","category-provinciales"],"yoast_head":"<!-- This site is optimized with the Yoast SEO Premium plugin v23.0 (Yoast SEO v27.4) - https:\/\/yoast.com\/product\/yoast-seo-premium-wordpress\/ -->\n<title>Guardafaunas de Neuquen labraron m\u00e1s de 100 infracciones<\/title>\n<meta name=\"robots\" content=\"index, follow, max-snippet:-1, max-image-preview:large, max-video-preview:-1\" \/>\n<link rel=\"canonical\" href=\"https:\/\/patagoniambiental.com.ar\/info\/guardafaunas-de-la-provincia-de-neuquen-labraron-mas-de-100-infracciones-y-decomisos\/\" \/>\n<meta property=\"og:locale\" content=\"es_ES\" \/>\n<meta property=\"og:type\" content=\"article\" \/>\n<meta property=\"og:title\" content=\"Guardafaunas de Neuquen labraron m\u00e1s de 100 infracciones\" \/>\n<meta property=\"og:url\" content=\"https:\/\/patagoniambiental.com.ar\/info\/guardafaunas-de-la-provincia-de-neuquen-labraron-mas-de-100-infracciones-y-decomisos\/\" \/>\n<meta property=\"og:site_name\" content=\"Patagonia Ambiental\" \/>\n<meta property=\"article:publisher\" content=\"https:\/\/www.facebook.com\/patagonia.ambiental\" \/>\n<meta property=\"article:author\" content=\"https:\/\/www.facebook.com\/share\/1C1V8Gv9BX\/?mibextid=qi2Omg\" \/>\n<meta property=\"article:published_time\" content=\"2024-04-04T10:00:00+00:00\" \/>\n<meta property=\"article:modified_time\" content=\"2024-09-19T15:01:12+00:00\" \/>\n<meta property=\"og:image\" content=\"https:\/\/patagoniambiental.com.ar\/info\/wp-content\/uploads\/2024\/04\/WEB-operativo-fauna-2-696x344-1.jpg\" \/>\n\t<meta property=\"og:image:width\" content=\"696\" \/>\n\t<meta property=\"og:image:height\" content=\"344\" \/>\n\t<meta property=\"og:image:type\" content=\"image\/jpeg\" \/>\n<meta name=\"author\" content=\"Patagonia Ambiental\" \/>\n<meta name=\"twitter:card\" content=\"summary_large_image\" \/>\n<meta name=\"twitter:creator\" content=\"@PatAmb\" \/>\n<meta name=\"twitter:site\" content=\"@PatAmb\" \/>\n<script type=\"application\/ld+json\" class=\"yoast-schema-graph\">{\"@context\":\"https:\\\/\\\/schema.org\",\"@graph\":[{\"@type\":\"Article\",\"@id\":\"https:\\\/\\\/patagoniambiental.com.ar\\\/info\\\/guardafaunas-de-la-provincia-de-neuquen-labraron-mas-de-100-infracciones-y-decomisos\\\/#article\",\"isPartOf\":{\"@id\":\"https:\\\/\\\/patagoniambiental.com.ar\\\/info\\\/guardafaunas-de-la-provincia-de-neuquen-labraron-mas-de-100-infracciones-y-decomisos\\\/\"},\"author\":{\"name\":\"Patagonia Ambiental\",\"@id\":\"https:\\\/\\\/patagoniambiental.com.ar\\\/info\\\/#\\\/schema\\\/person\\\/db12bff64bbcbf6a253710bf0ea37b5d\"},\"headline\":\"Guardafaunas de Neuquen labraron m\u00e1s de 100 infracciones\",\"datePublished\":\"2024-04-04T10:00:00+00:00\",\"dateModified\":\"2024-09-19T15:01:12+00:00\",\"mainEntityOfPage\":{\"@id\":\"https:\\\/\\\/patagoniambiental.com.ar\\\/info\\\/guardafaunas-de-la-provincia-de-neuquen-labraron-mas-de-100-infracciones-y-decomisos\\\/\"},\"wordCount\":313,\"commentCount\":0,\"publisher\":{\"@id\":\"https:\\\/\\\/patagoniambiental.com.ar\\\/info\\\/#organization\"},\"image\":{\"@id\":\"https:\\\/\\\/patagoniambiental.com.ar\\\/info\\\/guardafaunas-de-la-provincia-de-neuquen-labraron-mas-de-100-infracciones-y-decomisos\\\/#primaryimage\"},\"thumbnailUrl\":\"https:\\\/\\\/patagoniambiental.com.ar\\\/info\\\/wp-content\\\/uploads\\\/2024\\\/04\\\/WEB-operativo-fauna-2-696x344-1.jpg\",\"articleSection\":[\"Neuqu\u00e9n\",\"Provinciales\"],\"inLanguage\":\"es\",\"potentialAction\":[{\"@type\":\"CommentAction\",\"name\":\"Comment\",\"target\":[\"https:\\\/\\\/patagoniambiental.com.ar\\\/info\\\/guardafaunas-de-la-provincia-de-neuquen-labraron-mas-de-100-infracciones-y-decomisos\\\/#respond\"]}]},{\"@type\":\"WebPage\",\"@id\":\"https:\\\/\\\/patagoniambiental.com.ar\\\/info\\\/guardafaunas-de-la-provincia-de-neuquen-labraron-mas-de-100-infracciones-y-decomisos\\\/\",\"url\":\"https:\\\/\\\/patagoniambiental.com.ar\\\/info\\\/guardafaunas-de-la-provincia-de-neuquen-labraron-mas-de-100-infracciones-y-decomisos\\\/\",\"name\":\"Guardafaunas de Neuquen labraron m\u00e1s de 100 infracciones\",\"isPartOf\":{\"@id\":\"https:\\\/\\\/patagoniambiental.com.ar\\\/info\\\/#website\"},\"primaryImageOfPage\":{\"@id\":\"https:\\\/\\\/patagoniambiental.com.ar\\\/info\\\/guardafaunas-de-la-provincia-de-neuquen-labraron-mas-de-100-infracciones-y-decomisos\\\/#primaryimage\"},\"image\":{\"@id\":\"https:\\\/\\\/patagoniambiental.com.ar\\\/info\\\/guardafaunas-de-la-provincia-de-neuquen-labraron-mas-de-100-infracciones-y-decomisos\\\/#primaryimage\"},\"thumbnailUrl\":\"https:\\\/\\\/patagoniambiental.com.ar\\\/info\\\/wp-content\\\/uploads\\\/2024\\\/04\\\/WEB-operativo-fauna-2-696x344-1.jpg\",\"datePublished\":\"2024-04-04T10:00:00+00:00\",\"dateModified\":\"2024-09-19T15:01:12+00:00\",\"breadcrumb\":{\"@id\":\"https:\\\/\\\/patagoniambiental.com.ar\\\/info\\\/guardafaunas-de-la-provincia-de-neuquen-labraron-mas-de-100-infracciones-y-decomisos\\\/#breadcrumb\"},\"inLanguage\":\"es\",\"potentialAction\":[{\"@type\":\"ReadAction\",\"target\":[\"https:\\\/\\\/patagoniambiental.com.ar\\\/info\\\/guardafaunas-de-la-provincia-de-neuquen-labraron-mas-de-100-infracciones-y-decomisos\\\/\"]}]},{\"@type\":\"ImageObject\",\"inLanguage\":\"es\",\"@id\":\"https:\\\/\\\/patagoniambiental.com.ar\\\/info\\\/guardafaunas-de-la-provincia-de-neuquen-labraron-mas-de-100-infracciones-y-decomisos\\\/#primaryimage\",\"url\":\"https:\\\/\\\/patagoniambiental.com.ar\\\/info\\\/wp-content\\\/uploads\\\/2024\\\/04\\\/WEB-operativo-fauna-2-696x344-1.jpg\",\"contentUrl\":\"https:\\\/\\\/patagoniambiental.com.ar\\\/info\\\/wp-content\\\/uploads\\\/2024\\\/04\\\/WEB-operativo-fauna-2-696x344-1.jpg\",\"width\":696,\"height\":344},{\"@type\":\"BreadcrumbList\",\"@id\":\"https:\\\/\\\/patagoniambiental.com.ar\\\/info\\\/guardafaunas-de-la-provincia-de-neuquen-labraron-mas-de-100-infracciones-y-decomisos\\\/#breadcrumb\",\"itemListElement\":[{\"@type\":\"ListItem\",\"position\":1,\"name\":\"Inicio\",\"item\":\"https:\\\/\\\/patagoniambiental.com.ar\\\/info\\\/\"},{\"@type\":\"ListItem\",\"position\":2,\"name\":\"Guardafaunas de Neuquen labraron m\u00e1s de 100 infracciones\"}]},{\"@type\":\"WebSite\",\"@id\":\"https:\\\/\\\/patagoniambiental.com.ar\\\/info\\\/#website\",\"url\":\"https:\\\/\\\/patagoniambiental.com.ar\\\/info\\\/\",\"name\":\"Patagonia Ambiental\",\"description\":\"Monitoreo y an\u00e1lisis de la situaci\u00f3n geopol\u00edtica en el mundo y su implicancia en la Patagonia\",\"publisher\":{\"@id\":\"https:\\\/\\\/patagoniambiental.com.ar\\\/info\\\/#organization\"},\"potentialAction\":[{\"@type\":\"SearchAction\",\"target\":{\"@type\":\"EntryPoint\",\"urlTemplate\":\"https:\\\/\\\/patagoniambiental.com.ar\\\/info\\\/?s={search_term_string}\"},\"query-input\":{\"@type\":\"PropertyValueSpecification\",\"valueRequired\":true,\"valueName\":\"search_term_string\"}}],\"inLanguage\":\"es\"},{\"@type\":\"Organization\",\"@id\":\"https:\\\/\\\/patagoniambiental.com.ar\\\/info\\\/#organization\",\"name\":\"Patagonia Ambiental\",\"url\":\"https:\\\/\\\/patagoniambiental.com.ar\\\/info\\\/\",\"logo\":{\"@type\":\"ImageObject\",\"inLanguage\":\"es\",\"@id\":\"https:\\\/\\\/patagoniambiental.com.ar\\\/info\\\/#\\\/schema\\\/logo\\\/image\\\/\",\"url\":\"https:\\\/\\\/patagoniambiental.com.ar\\\/info\\\/wp-content\\\/uploads\\\/2025\\\/05\\\/LOGO-PATAGONIA-AMBIENTAL.png\",\"contentUrl\":\"https:\\\/\\\/patagoniambiental.com.ar\\\/info\\\/wp-content\\\/uploads\\\/2025\\\/05\\\/LOGO-PATAGONIA-AMBIENTAL.png\",\"width\":433,\"height\":250,\"caption\":\"Patagonia Ambiental\"},\"image\":{\"@id\":\"https:\\\/\\\/patagoniambiental.com.ar\\\/info\\\/#\\\/schema\\\/logo\\\/image\\\/\"},\"sameAs\":[\"https:\\\/\\\/www.facebook.com\\\/patagonia.ambiental\",\"https:\\\/\\\/x.com\\\/PatAmb\"]},{\"@type\":\"Person\",\"@id\":\"https:\\\/\\\/patagoniambiental.com.ar\\\/info\\\/#\\\/schema\\\/person\\\/db12bff64bbcbf6a253710bf0ea37b5d\",\"name\":\"Patagonia Ambiental\",\"description\":\"Andr\u00e9s Nievas T\u00e9cnico en manejo ambiental, consultor Ambiental y escritor para medios locales e internacionales sobre temas de geopolitica y medio ambiente.\",\"sameAs\":[\"http:\\\/\\\/www.patagoniambiental.com.ar\",\"https:\\\/\\\/www.facebook.com\\\/share\\\/1C1V8Gv9BX\\\/?mibextid=qi2Omg\",\"@patagoniambiental\",\"https:\\\/\\\/youtube.com\\\/@patagoniaambiental2023?si=BLt58t0wuXquxlYZ\"]}]}<\/script>\n<!-- \/ Yoast SEO Premium plugin. -->","yoast_head_json":{"title":"Guardafaunas de Neuquen labraron m\u00e1s de 100 infracciones","robots":{"index":"index","follow":"follow","max-snippet":"max-snippet:-1","max-image-preview":"max-image-preview:large","max-video-preview":"max-video-preview:-1"},"canonical":"https:\/\/patagoniambiental.com.ar\/info\/guardafaunas-de-la-provincia-de-neuquen-labraron-mas-de-100-infracciones-y-decomisos\/","og_locale":"es_ES","og_type":"article","og_title":"Guardafaunas de Neuquen labraron m\u00e1s de 100 infracciones","og_url":"https:\/\/patagoniambiental.com.ar\/info\/guardafaunas-de-la-provincia-de-neuquen-labraron-mas-de-100-infracciones-y-decomisos\/","og_site_name":"Patagonia Ambiental","article_publisher":"https:\/\/www.facebook.com\/patagonia.ambiental","article_author":"https:\/\/www.facebook.com\/share\/1C1V8Gv9BX\/?mibextid=qi2Omg","article_published_time":"2024-04-04T10:00:00+00:00","article_modified_time":"2024-09-19T15:01:12+00:00","og_image":[{"width":696,"height":344,"url":"https:\/\/patagoniambiental.com.ar\/info\/wp-content\/uploads\/2024\/04\/WEB-operativo-fauna-2-696x344-1.jpg","type":"image\/jpeg"}],"author":"Patagonia Ambiental","twitter_card":"summary_large_image","twitter_creator":"@PatAmb","twitter_site":"@PatAmb","schema":{"@context":"https:\/\/schema.org","@graph":[{"@type":"Article","@id":"https:\/\/patagoniambiental.com.ar\/info\/guardafaunas-de-la-provincia-de-neuquen-labraron-mas-de-100-infracciones-y-decomisos\/#article","isPartOf":{"@id":"https:\/\/patagoniambiental.com.ar\/info\/guardafaunas-de-la-provincia-de-neuquen-labraron-mas-de-100-infracciones-y-decomisos\/"},"author":{"name":"Patagonia Ambiental","@id":"https:\/\/patagoniambiental.com.ar\/info\/#\/schema\/person\/db12bff64bbcbf6a253710bf0ea37b5d"},"headline":"Guardafaunas de Neuquen labraron m\u00e1s de 100 infracciones","datePublished":"2024-04-04T10:00:00+00:00","dateModified":"2024-09-19T15:01:12+00:00","mainEntityOfPage":{"@id":"https:\/\/patagoniambiental.com.ar\/info\/guardafaunas-de-la-provincia-de-neuquen-labraron-mas-de-100-infracciones-y-decomisos\/"},"wordCount":313,"commentCount":0,"publisher":{"@id":"https:\/\/patagoniambiental.com.ar\/info\/#organization"},"image":{"@id":"https:\/\/patagoniambiental.com.ar\/info\/guardafaunas-de-la-provincia-de-neuquen-labraron-mas-de-100-infracciones-y-decomisos\/#primaryimage"},"thumbnailUrl":"https:\/\/patagoniambiental.com.ar\/info\/wp-content\/uploads\/2024\/04\/WEB-operativo-fauna-2-696x344-1.jpg","articleSection":["Neuqu\u00e9n","Provinciales"],"inLanguage":"es","potentialAction":[{"@type":"CommentAction","name":"Comment","target":["https:\/\/patagoniambiental.com.ar\/info\/guardafaunas-de-la-provincia-de-neuquen-labraron-mas-de-100-infracciones-y-decomisos\/#respond"]}]},{"@type":"WebPage","@id":"https:\/\/patagoniambiental.com.ar\/info\/guardafaunas-de-la-provincia-de-neuquen-labraron-mas-de-100-infracciones-y-decomisos\/","url":"https:\/\/patagoniambiental.com.ar\/info\/guardafaunas-de-la-provincia-de-neuquen-labraron-mas-de-100-infracciones-y-decomisos\/","name":"Guardafaunas de Neuquen labraron m\u00e1s de 100 infracciones","isPartOf":{"@id":"https:\/\/patagoniambiental.com.ar\/info\/#website"},"primaryImageOfPage":{"@id":"https:\/\/patagoniambiental.com.ar\/info\/guardafaunas-de-la-provincia-de-neuquen-labraron-mas-de-100-infracciones-y-decomisos\/#primaryimage"},"image":{"@id":"https:\/\/patagoniambiental.com.ar\/info\/guardafaunas-de-la-provincia-de-neuquen-labraron-mas-de-100-infracciones-y-decomisos\/#primaryimage"},"thumbnailUrl":"https:\/\/patagoniambiental.com.ar\/info\/wp-content\/uploads\/2024\/04\/WEB-operativo-fauna-2-696x344-1.jpg","datePublished":"2024-04-04T10:00:00+00:00","dateModified":"2024-09-19T15:01:12+00:00","breadcrumb":{"@id":"https:\/\/patagoniambiental.com.ar\/info\/guardafaunas-de-la-provincia-de-neuquen-labraron-mas-de-100-infracciones-y-decomisos\/#breadcrumb"},"inLanguage":"es","potentialAction":[{"@type":"ReadAction","target":["https:\/\/patagoniambiental.com.ar\/info\/guardafaunas-de-la-provincia-de-neuquen-labraron-mas-de-100-infracciones-y-decomisos\/"]}]},{"@type":"ImageObject","inLanguage":"es","@id":"https:\/\/patagoniambiental.com.ar\/info\/guardafaunas-de-la-provincia-de-neuquen-labraron-mas-de-100-infracciones-y-decomisos\/#primaryimage","url":"https:\/\/patagoniambiental.com.ar\/info\/wp-content\/uploads\/2024\/04\/WEB-operativo-fauna-2-696x344-1.jpg","contentUrl":"https:\/\/patagoniambiental.com.ar\/info\/wp-content\/uploads\/2024\/04\/WEB-operativo-fauna-2-696x344-1.jpg","width":696,"height":344},{"@type":"BreadcrumbList","@id":"https:\/\/patagoniambiental.com.ar\/info\/guardafaunas-de-la-provincia-de-neuquen-labraron-mas-de-100-infracciones-y-decomisos\/#breadcrumb","itemListElement":[{"@type":"ListItem","position":1,"name":"Inicio","item":"https:\/\/patagoniambiental.com.ar\/info\/"},{"@type":"ListItem","position":2,"name":"Guardafaunas de Neuquen labraron m\u00e1s de 100 infracciones"}]},{"@type":"WebSite","@id":"https:\/\/patagoniambiental.com.ar\/info\/#website","url":"https:\/\/patagoniambiental.com.ar\/info\/","name":"Patagonia Ambiental","description":"Monitoreo y an\u00e1lisis de la situaci\u00f3n geopol\u00edtica en el mundo y su implicancia en la Patagonia","publisher":{"@id":"https:\/\/patagoniambiental.com.ar\/info\/#organization"},"potentialAction":[{"@type":"SearchAction","target":{"@type":"EntryPoint","urlTemplate":"https:\/\/patagoniambiental.com.ar\/info\/?s={search_term_string}"},"query-input":{"@type":"PropertyValueSpecification","valueRequired":true,"valueName":"search_term_string"}}],"inLanguage":"es"},{"@type":"Organization","@id":"https:\/\/patagoniambiental.com.ar\/info\/#organization","name":"Patagonia Ambiental","url":"https:\/\/patagoniambiental.com.ar\/info\/","logo":{"@type":"ImageObject","inLanguage":"es","@id":"https:\/\/patagoniambiental.com.ar\/info\/#\/schema\/logo\/image\/","url":"https:\/\/patagoniambiental.com.ar\/info\/wp-content\/uploads\/2025\/05\/LOGO-PATAGONIA-AMBIENTAL.png","contentUrl":"https:\/\/patagoniambiental.com.ar\/info\/wp-content\/uploads\/2025\/05\/LOGO-PATAGONIA-AMBIENTAL.png","width":433,"height":250,"caption":"Patagonia Ambiental"},"image":{"@id":"https:\/\/patagoniambiental.com.ar\/info\/#\/schema\/logo\/image\/"},"sameAs":["https:\/\/www.facebook.com\/patagonia.ambiental","https:\/\/x.com\/PatAmb"]},{"@type":"Person","@id":"https:\/\/patagoniambiental.com.ar\/info\/#\/schema\/person\/db12bff64bbcbf6a253710bf0ea37b5d","name":"Patagonia Ambiental","description":"Andr\u00e9s Nievas T\u00e9cnico en manejo ambiental, consultor Ambiental y escritor para medios locales e internacionales sobre temas de geopolitica y medio ambiente.","sameAs":["http:\/\/www.patagoniambiental.com.ar","https:\/\/www.facebook.com\/share\/1C1V8Gv9BX\/?mibextid=qi2Omg","@patagoniambiental","https:\/\/youtube.com\/@patagoniaambiental2023?si=BLt58t0wuXquxlYZ"]}]}},"_links":{"self":[{"href":"https:\/\/patagoniambiental.com.ar\/info\/wp-json\/wp\/v2\/posts\/81295","targetHints":{"allow":["GET"]}}],"collection":[{"href":"https:\/\/patagoniambiental.com.ar\/info\/wp-json\/wp\/v2\/posts"}],"about":[{"href":"https:\/\/patagoniambiental.com.ar\/info\/wp-json\/wp\/v2\/types\/post"}],"author":[{"embeddable":true,"href":"https:\/\/patagoniambiental.com.ar\/info\/wp-json\/wp\/v2\/users\/2"}],"replies":[{"embeddable":true,"href":"https:\/\/patagoniambiental.com.ar\/info\/wp-json\/wp\/v2\/comments?post=81295"}],"version-history":[{"count":0,"href":"https:\/\/patagoniambiental.com.ar\/info\/wp-json\/wp\/v2\/posts\/81295\/revisions"}],"wp:featuredmedia":[{"embeddable":true,"href":"https:\/\/patagoniambiental.com.ar\/info\/wp-json\/wp\/v2\/media\/81296"}],"wp:attachment":[{"href":"https:\/\/patagoniambiental.com.ar\/info\/wp-json\/wp\/v2\/media?parent=81295"}],"wp:term":[{"taxonomy":"category","embeddable":true,"href":"https:\/\/patagoniambiental.com.ar\/info\/wp-json\/wp\/v2\/categories?post=81295"},{"taxonomy":"post_tag","embeddable":true,"href":"https:\/\/patagoniambiental.com.ar\/info\/wp-json\/wp\/v2\/tags?post=81295"}],"curies":[{"name":"wp","href":"https:\/\/api.w.org\/{rel}","templated":true}]}}