{"id":81313,"date":"2026-01-13T19:00:00","date_gmt":"2026-01-13T22:00:00","guid":{"rendered":"https:\/\/patagoniambiental.com.ar\/info\/?p=81313"},"modified":"2026-01-19T13:58:53","modified_gmt":"2026-01-19T16:58:53","slug":"una-sociedad-sumida-en-el-desperdicio-de-comida-somos-lo-que-desechamos","status":"publish","type":"post","link":"https:\/\/patagoniambiental.com.ar\/info\/una-sociedad-sumida-en-el-desperdicio-de-comida-somos-lo-que-desechamos\/","title":{"rendered":"Una sociedad en crisis alimentaria: \u00bfPor Qu\u00e9 desperdiciamos mil millones de toneladas de comida cada a\u00f1o?"},"content":{"rendered":"\n<!--more-->\n\n\n\n<p><\/p>\n\n\n\n<p>El desperdicio de alimentos se ha convertido en una de las problem\u00e1ticas m\u00e1s alarmantes de nuestra era, un fen\u00f3meno que impacta directamente en la econom\u00eda global, en el medio ambiente y, parad\u00f3jicamente, en millones de personas que sufren hambre en el mundo. Seg\u00fan datos recientes de la <strong>Organizaci\u00f3n de las Naciones Unidas (ONU)<\/strong>, durante el a\u00f1o 2022 se desperdiciaron <strong>1.050 millones de toneladas de alimentos<\/strong>, un equivalente a <strong>132 kilogramos por persona<\/strong>, cifra que refleja un desaf\u00edo cr\u00edtico para nuestra sociedad y nuestra capacidad de gestionar los recursos naturales de manera responsable. Esta situaci\u00f3n plantea preguntas urgentes: \u00bfqu\u00e9 factores contribuyen a este desperdicio masivo? \u00bfQui\u00e9nes son los principales responsables y c\u00f3mo podemos reducir este impacto de manera efectiva?<\/p>\n\n\n\n<p>El impacto del desperdicio alimentario va mucho m\u00e1s all\u00e1 de lo econ\u00f3mico. La ONU estima que entre el 8% y el 10% de las emisiones globales de gases de efecto invernadero provienen de los alimentos que terminan en la basura, agravando de forma significativa la crisis clim\u00e1tica que enfrenta el planeta. Desde frutas y verduras hasta productos elaborados, el desperdicio de alimentos representa no solo un derroche de dinero, sino tambi\u00e9n de agua, energ\u00eda y tierra f\u00e9rtil. Se trata de un problema sist\u00e9mico que requiere una mirada integral, abarcando desde los hogares hasta la industria alimentaria y los gobiernos locales.<\/p>\n\n\n\n<p><strong>Los Hogares, Principales Responsables del Desperdicio<\/strong><\/p>\n\n\n\n<p>Los hogares concentran aproximadamente el <strong>60% del desperdicio de alimentos<\/strong>, seg\u00fan informes de la ONU. Esto se debe a h\u00e1bitos de consumo poco conscientes, falta de planificaci\u00f3n y desconocimiento sobre el manejo adecuado de los alimentos. Bananas, frutillas, lechugas y tomates son algunos de los productos m\u00e1s desperdiciados, alimentos altamente perecederos que, si no se consumen a tiempo, terminan en la basura. El impacto econ\u00f3mico tambi\u00e9n es significativo: se estima que los desechos alimentarios representan un <strong>costo de un bill\u00f3n de d\u00f3lares al a\u00f1o<\/strong> a nivel mundial.<\/p>\n\n\n\n<p>Adoptar h\u00e1bitos sostenibles en los hogares no solo contribuye al bienestar del planeta, sino que tambi\u00e9n puede generar ahorro econ\u00f3mico. Esto incluye planificar las compras, priorizar el consumo de productos perecederos, almacenar correctamente los alimentos y prestar atenci\u00f3n a las fechas de vencimiento. Adem\u00e1s, aprender a reutilizar sobras y aprovechar la creatividad culinaria puede transformar el desperdicio en una oportunidad para reducir el impacto ambiental.<\/p>\n\n\n\n<p><strong>La Industria Alimentaria y el Sector Minorista: M\u00e1s All\u00e1 de la Casa<\/strong><\/p>\n\n\n\n<p>El desperdicio de alimentos no se limita a los hogares; los <strong>proveedores de servicios alimentarios y el sector minorista<\/strong> representan alrededor del 40% del total de desperdicios. Estrategias como la gesti\u00f3n eficiente de inventarios, la donaci\u00f3n de alimentos no vendidos a organizaciones ben\u00e9ficas y la educaci\u00f3n del consumidor son fundamentales para reducir estas p\u00e9rdidas. Implementar sistemas de control log\u00edstico y de conservaci\u00f3n puede evitar que toneladas de alimentos en buen estado terminen en vertederos, mejorando la sostenibilidad del sector y reforzando la responsabilidad social empresarial.<\/p>\n\n\n\n<p><strong>Argentina y La Plata: Un Caso de Desperdicio Alimentario<\/strong><\/p>\n\n\n\n<p>Un estudio de la <strong>Universidad Nacional de La Plata<\/strong> revela que en Argentina se desperdicia <strong>12,5% de la producci\u00f3n agroalimentaria anual<\/strong>, equivalente a 16 millones de toneladas de alimentos. Roc\u00edo Ennis, investigadora del <strong>Cintur\u00f3n Hort\u00edcola Platense<\/strong>, destaca que las p\u00e9rdidas de hortalizas se producen principalmente debido a contingencias clim\u00e1ticas, problemas mec\u00e1nicos, infraestructura insuficiente y variaciones de mercado. Estos factores reflejan la vulnerabilidad de los productos frescos, altamente perecederos y dependientes de condiciones espec\u00edficas para su conservaci\u00f3n.<\/p>\n\n\n\n<p>La investigaci\u00f3n subraya la necesidad de generar pol\u00edticas y pr\u00e1cticas m\u00e1s eficaces tanto en la producci\u00f3n como en la distribuci\u00f3n. Programas de concienciaci\u00f3n y capacitaci\u00f3n para productores y comerciantes podr\u00edan minimizar las p\u00e9rdidas, mientras que los consumidores tambi\u00e9n tienen un papel clave en la reducci\u00f3n de desperdicios mediante decisiones de compra m\u00e1s responsables y un manejo adecuado de los alimentos en sus hogares.<\/p>\n\n\n\n<p><strong>Consecuencias Ambientales del Desperdicio de Alimentos<\/strong><\/p>\n\n\n\n<p>El desperdicio alimentario tiene un impacto directo sobre el <strong>cambio clim\u00e1tico<\/strong>, pues los alimentos desechados generan gases de efecto invernadero al descomponerse. Adem\u00e1s, la producci\u00f3n de estos alimentos implica un uso significativo de <strong>agua, energ\u00eda y suelo<\/strong>, recursos que se pierden cuando los productos no se consumen. Cada tonelada de alimentos desperdiciados representa un desperdicio de estos recursos vitales, afectando la sostenibilidad global y la capacidad de los ecosistemas para mantenerse saludables.<\/p>\n\n\n\n<p><strong>C\u00f3mo Crear H\u00e1bitos Alimentarios Sostenibles<\/strong><\/p>\n\n\n\n<p>Adoptar h\u00e1bitos de consumo responsables es esencial para enfrentar este problema. Planificar las comidas, consumir solo lo necesario, revisar las fechas de caducidad, aprender a conservar los alimentos correctamente y fomentar la reutilizaci\u00f3n son pasos fundamentales. Tambi\u00e9n es importante la <strong>educaci\u00f3n del consumidor<\/strong>, que permita comprender la importancia de reducir el desperdicio y su impacto ambiental. Estas acciones, aunque peque\u00f1as a nivel individual, suman un efecto significativo cuando se adoptan colectivamente.<\/p>\n\n\n\n<p><strong>Estrategias de Responsabilidad Corporativa<\/strong><\/p>\n\n\n\n<p>Las empresas alimentarias y los minoristas pueden implementar medidas concretas para disminuir el desperdicio. Esto incluye la <strong>optimizaci\u00f3n del inventario<\/strong>, la mejora de la log\u00edstica de distribuci\u00f3n, el desarrollo de productos con fecha de caducidad m\u00e1s clara y la donaci\u00f3n de alimentos no vendidos. Asimismo, educar al consumidor sobre c\u00f3mo almacenar y aprovechar los alimentos es una estrategia que refuerza la <strong>responsabilidad social corporativa<\/strong> y fortalece la relaci\u00f3n con el cliente.<\/p>\n\n\n\n<p><strong>Educaci\u00f3n y Concienciaci\u00f3n: Claves para el Futuro<\/strong><\/p>\n\n\n\n<p>Campa\u00f1as de concienciaci\u00f3n, talleres educativos y programas de responsabilidad social son herramientas efectivas para sensibilizar a la poblaci\u00f3n sobre el desperdicio de alimentos. La combinaci\u00f3n de <strong>informaci\u00f3n cient\u00edfica<\/strong>, ejemplos pr\u00e1cticos y recomendaciones claras puede motivar a los individuos y organizaciones a actuar, transformando h\u00e1bitos y creando un impacto positivo en la sociedad y el medio ambiente.<\/p>\n\n\n\n<p><strong>Impacto Econ\u00f3mico Global y Local<\/strong><\/p>\n\n\n\n<p>El desperdicio alimentario no solo afecta a nivel ambiental, sino tambi\u00e9n econ\u00f3mico. Globalmente, se estima que cuesta <strong>1 bill\u00f3n de d\u00f3lares al a\u00f1o<\/strong>, mientras que a nivel local, en Argentina, representa p\u00e9rdidas equivalentes a millones de toneladas de alimentos que podr\u00edan destinarse a personas necesitadas. La implementaci\u00f3n de pol\u00edticas de eficiencia alimentaria y la optimizaci\u00f3n de la cadena de suministro son pasos fundamentales para reducir este impacto econ\u00f3mico y social.<\/p>\n\n\n\n<p><strong>Un Llamado a la Acci\u00f3n: Todos Somos Parte del Problema<\/strong><\/p>\n\n\n\n<p>Reducir el desperdicio de alimentos requiere la participaci\u00f3n activa de <strong>hogares, empresas, gobiernos y organizaciones sociales<\/strong>. Desde decisiones conscientes de compra hasta estrategias corporativas y pol\u00edticas p\u00fablicas efectivas, cada acci\u00f3n suma. La pregunta que debemos hacernos es clara: \u00bfc\u00f3mo queremos que se vea nuestro mundo en el futuro si seguimos desperdiciando recursos esenciales y contribuyendo al cambio clim\u00e1tico?<\/p>\n\n\n\n<p><strong>Innovaci\u00f3n y Tecnolog\u00eda para Reducir el Desperdicio<\/strong><\/p>\n\n\n\n<p>Tecnolog\u00edas como <strong>apps de gesti\u00f3n de alimentos<\/strong>, sensores de frescura y sistemas de trazabilidad permiten una mayor eficiencia en la cadena de suministro, evitando p\u00e9rdidas innecesarias. Adem\u00e1s, la digitalizaci\u00f3n y la innovaci\u00f3n en log\u00edstica pueden transformar la manera en que los alimentos llegan a los consumidores, reduciendo el impacto ambiental y econ\u00f3mico de los desechos.<\/p>\n\n\n\n<p><strong>La Sociedad Frente al Cambio<\/strong><\/p>\n\n\n\n<p>Es indispensable generar un cambio cultural en torno al consumo responsable. Iniciativas comunitarias, educaci\u00f3n ambiental y participaci\u00f3n activa de la ciudadan\u00eda son piezas clave para revertir esta tendencia. Solo mediante la colaboraci\u00f3n entre todos los actores involucrados podremos lograr un futuro sostenible y minimizar el desperdicio que amenaza la seguridad alimentaria y la salud del planeta.<br><\/p>\n\n\n\n<p><\/p>\n\n\n\n<p>x<\/p>\n\n\n\n<p><\/p>\n\n\n\n<figure class=\"wp-block-image size-full is-resized\"><img fetchpriority=\"high\" decoding=\"async\" width=\"696\" height=\"410\" src=\"https:\/\/patagoniambiental.com.ar\/info\/wp-content\/uploads\/2024\/04\/Fuente-City-of-Moose-Jaw-696x410.jpg-1.webp\" alt=\"\" class=\"wp-image-81314\" style=\"width:344px;height:auto\"\/><\/figure>\n\n\n\n<h2 class=\"wp-block-heading\" id=\"h-\"><\/h2>\n\n\n\n<p><\/p>\n","protected":false},"excerpt":{"rendered":"","protected":false},"author":2,"featured_media":81314,"comment_status":"open","ping_status":"open","sticky":false,"template":"","format":"standard","meta":{"site-sidebar-layout":"default","site-content-layout":"","ast-site-content-layout":"default","site-content-style":"default","site-sidebar-style":"default","ast-global-header-display":"","ast-banner-title-visibility":"","ast-main-header-display":"","ast-hfb-above-header-display":"","ast-hfb-below-header-display":"","ast-hfb-mobile-header-display":"","site-post-title":"","ast-breadcrumbs-content":"","ast-featured-img":"","footer-sml-layout":"","ast-disable-related-posts":"","theme-transparent-header-meta":"","adv-header-id-meta":"","stick-header-meta":"","header-above-stick-meta":"","header-main-stick-meta":"","header-below-stick-meta":"","astra-migrate-meta-layouts":"default","ast-page-background-enabled":"default","ast-page-background-meta":{"desktop":{"background-color":"var(--ast-global-color-5)","background-image":"","background-repeat":"repeat","background-position":"center center","background-size":"auto","background-attachment":"scroll","background-type":"","background-media":"","overlay-type":"","overlay-color":"","overlay-opacity":"","overlay-gradient":""},"tablet":{"background-color":"","background-image":"","background-repeat":"repeat","background-position":"center center","background-size":"auto","background-attachment":"scroll","background-type":"","background-media":"","overlay-type":"","overlay-color":"","overlay-opacity":"","overlay-gradient":""},"mobile":{"background-color":"","background-image":"","background-repeat":"repeat","background-position":"center center","background-size":"auto","background-attachment":"scroll","background-type":"","background-media":"","overlay-type":"","overlay-color":"","overlay-opacity":"","overlay-gradient":""}},"ast-content-background-meta":{"desktop":{"background-color":"var(--ast-global-color-4)","background-image":"","background-repeat":"repeat","background-position":"center center","background-size":"auto","background-attachment":"scroll","background-type":"","background-media":"","overlay-type":"","overlay-color":"","overlay-opacity":"","overlay-gradient":""},"tablet":{"background-color":"var(--ast-global-color-4)","background-image":"","background-repeat":"repeat","background-position":"center center","background-size":"auto","background-attachment":"scroll","background-type":"","background-media":"","overlay-type":"","overlay-color":"","overlay-opacity":"","overlay-gradient":""},"mobile":{"background-color":"var(--ast-global-color-4)","background-image":"","background-repeat":"repeat","background-position":"center center","background-size":"auto","background-attachment":"scroll","background-type":"","background-media":"","overlay-type":"","overlay-color":"","overlay-opacity":"","overlay-gradient":""}},"footnotes":""},"categories":[3512,1],"tags":[],"class_list":["post-81313","post","type-post","status-publish","format-standard","has-post-thumbnail","hentry","category-economia-circular","category-noticias"],"yoast_head":"<!-- This site is optimized with the Yoast SEO Premium plugin v23.0 (Yoast SEO v27.5) - https:\/\/yoast.com\/product\/yoast-seo-premium-wordpress\/ -->\n<title>Una sociedad en crisis alimentaria: \u00bfPor Qu\u00e9 desperdiciamos mil millones de toneladas de comida cada a\u00f1o? El desperdicio de alimentos se ha convertido en una de las problem\u00e1ticas m\u00e1s alarmantes de nuestra era, un fen\u00f3meno que impacta directamente en la econom\u00eda global<\/title>\n<meta name=\"description\" content=\"El desperdicio de alimentos se ha convertido en una de las problem\u00e1ticas m\u00e1s alarmantes de nuestra era, un fen\u00f3meno que impacta\" \/>\n<meta name=\"robots\" content=\"index, follow, max-snippet:-1, max-image-preview:large, max-video-preview:-1\" \/>\n<link rel=\"canonical\" href=\"https:\/\/patagoniambiental.com.ar\/info\/una-sociedad-sumida-en-el-desperdicio-de-comida-somos-lo-que-desechamos\/\" \/>\n<meta property=\"og:locale\" content=\"es_ES\" \/>\n<meta property=\"og:type\" content=\"article\" \/>\n<meta property=\"og:title\" content=\"Una sociedad en crisis alimentaria: \u00bfPor Qu\u00e9 desperdiciamos mil millones de toneladas de comida cada a\u00f1o?\" \/>\n<meta property=\"og:description\" content=\"El desperdicio de alimentos se ha convertido en una de las problem\u00e1ticas m\u00e1s alarmantes de nuestra era, un fen\u00f3meno que impacta\" \/>\n<meta property=\"og:url\" content=\"https:\/\/patagoniambiental.com.ar\/info\/una-sociedad-sumida-en-el-desperdicio-de-comida-somos-lo-que-desechamos\/\" \/>\n<meta property=\"og:site_name\" content=\"Patagonia Ambiental\" \/>\n<meta property=\"article:publisher\" content=\"https:\/\/www.facebook.com\/patagonia.ambiental\" \/>\n<meta property=\"article:author\" content=\"https:\/\/www.facebook.com\/share\/1C1V8Gv9BX\/?mibextid=qi2Omg\" \/>\n<meta property=\"article:published_time\" content=\"2026-01-13T22:00:00+00:00\" \/>\n<meta property=\"article:modified_time\" content=\"2026-01-19T16:58:53+00:00\" \/>\n<meta property=\"og:image\" content=\"https:\/\/patagoniambiental.com.ar\/info\/wp-content\/uploads\/2024\/04\/Fuente-City-of-Moose-Jaw-696x410.jpg-1.webp\" \/>\n\t<meta property=\"og:image:width\" content=\"696\" \/>\n\t<meta property=\"og:image:height\" content=\"410\" \/>\n\t<meta property=\"og:image:type\" content=\"image\/webp\" \/>\n<meta name=\"author\" content=\"Patagonia Ambiental\" \/>\n<meta name=\"twitter:card\" content=\"summary_large_image\" \/>\n<meta name=\"twitter:creator\" content=\"@PatAmb\" \/>\n<meta name=\"twitter:site\" content=\"@PatAmb\" \/>\n<script type=\"application\/ld+json\" class=\"yoast-schema-graph\">{\"@context\":\"https:\\\/\\\/schema.org\",\"@graph\":[{\"@type\":\"Article\",\"@id\":\"https:\\\/\\\/patagoniambiental.com.ar\\\/info\\\/una-sociedad-sumida-en-el-desperdicio-de-comida-somos-lo-que-desechamos\\\/#article\",\"isPartOf\":{\"@id\":\"https:\\\/\\\/patagoniambiental.com.ar\\\/info\\\/una-sociedad-sumida-en-el-desperdicio-de-comida-somos-lo-que-desechamos\\\/\"},\"author\":{\"name\":\"Patagonia Ambiental\",\"@id\":\"https:\\\/\\\/patagoniambiental.com.ar\\\/info\\\/#\\\/schema\\\/person\\\/db12bff64bbcbf6a253710bf0ea37b5d\"},\"headline\":\"Una sociedad en crisis alimentaria: \u00bfPor Qu\u00e9 desperdiciamos mil millones de toneladas de comida cada a\u00f1o?\",\"datePublished\":\"2026-01-13T22:00:00+00:00\",\"dateModified\":\"2026-01-19T16:58:53+00:00\",\"mainEntityOfPage\":{\"@id\":\"https:\\\/\\\/patagoniambiental.com.ar\\\/info\\\/una-sociedad-sumida-en-el-desperdicio-de-comida-somos-lo-que-desechamos\\\/\"},\"wordCount\":1312,\"commentCount\":0,\"publisher\":{\"@id\":\"https:\\\/\\\/patagoniambiental.com.ar\\\/info\\\/#organization\"},\"image\":{\"@id\":\"https:\\\/\\\/patagoniambiental.com.ar\\\/info\\\/una-sociedad-sumida-en-el-desperdicio-de-comida-somos-lo-que-desechamos\\\/#primaryimage\"},\"thumbnailUrl\":\"https:\\\/\\\/patagoniambiental.com.ar\\\/info\\\/wp-content\\\/uploads\\\/2024\\\/04\\\/Fuente-City-of-Moose-Jaw-696x410.jpg-1.webp\",\"articleSection\":[\"Econom\u00eda Circular\",\"Noticias\"],\"inLanguage\":\"es\",\"potentialAction\":[{\"@type\":\"CommentAction\",\"name\":\"Comment\",\"target\":[\"https:\\\/\\\/patagoniambiental.com.ar\\\/info\\\/una-sociedad-sumida-en-el-desperdicio-de-comida-somos-lo-que-desechamos\\\/#respond\"]}]},{\"@type\":\"WebPage\",\"@id\":\"https:\\\/\\\/patagoniambiental.com.ar\\\/info\\\/una-sociedad-sumida-en-el-desperdicio-de-comida-somos-lo-que-desechamos\\\/\",\"url\":\"https:\\\/\\\/patagoniambiental.com.ar\\\/info\\\/una-sociedad-sumida-en-el-desperdicio-de-comida-somos-lo-que-desechamos\\\/\",\"name\":\"Una sociedad en crisis alimentaria: \u00bfPor Qu\u00e9 desperdiciamos mil millones de toneladas de comida cada a\u00f1o? El desperdicio de alimentos se ha convertido en una de las problem\u00e1ticas m\u00e1s alarmantes de nuestra era, un fen\u00f3meno que impacta directamente en la econom\u00eda global\",\"isPartOf\":{\"@id\":\"https:\\\/\\\/patagoniambiental.com.ar\\\/info\\\/#website\"},\"primaryImageOfPage\":{\"@id\":\"https:\\\/\\\/patagoniambiental.com.ar\\\/info\\\/una-sociedad-sumida-en-el-desperdicio-de-comida-somos-lo-que-desechamos\\\/#primaryimage\"},\"image\":{\"@id\":\"https:\\\/\\\/patagoniambiental.com.ar\\\/info\\\/una-sociedad-sumida-en-el-desperdicio-de-comida-somos-lo-que-desechamos\\\/#primaryimage\"},\"thumbnailUrl\":\"https:\\\/\\\/patagoniambiental.com.ar\\\/info\\\/wp-content\\\/uploads\\\/2024\\\/04\\\/Fuente-City-of-Moose-Jaw-696x410.jpg-1.webp\",\"datePublished\":\"2026-01-13T22:00:00+00:00\",\"dateModified\":\"2026-01-19T16:58:53+00:00\",\"description\":\"El desperdicio de alimentos se ha convertido en una de las problem\u00e1ticas m\u00e1s alarmantes de nuestra era, un fen\u00f3meno que impacta\",\"breadcrumb\":{\"@id\":\"https:\\\/\\\/patagoniambiental.com.ar\\\/info\\\/una-sociedad-sumida-en-el-desperdicio-de-comida-somos-lo-que-desechamos\\\/#breadcrumb\"},\"inLanguage\":\"es\",\"potentialAction\":[{\"@type\":\"ReadAction\",\"target\":[\"https:\\\/\\\/patagoniambiental.com.ar\\\/info\\\/una-sociedad-sumida-en-el-desperdicio-de-comida-somos-lo-que-desechamos\\\/\"]}]},{\"@type\":\"ImageObject\",\"inLanguage\":\"es\",\"@id\":\"https:\\\/\\\/patagoniambiental.com.ar\\\/info\\\/una-sociedad-sumida-en-el-desperdicio-de-comida-somos-lo-que-desechamos\\\/#primaryimage\",\"url\":\"https:\\\/\\\/patagoniambiental.com.ar\\\/info\\\/wp-content\\\/uploads\\\/2024\\\/04\\\/Fuente-City-of-Moose-Jaw-696x410.jpg-1.webp\",\"contentUrl\":\"https:\\\/\\\/patagoniambiental.com.ar\\\/info\\\/wp-content\\\/uploads\\\/2024\\\/04\\\/Fuente-City-of-Moose-Jaw-696x410.jpg-1.webp\",\"width\":696,\"height\":410},{\"@type\":\"BreadcrumbList\",\"@id\":\"https:\\\/\\\/patagoniambiental.com.ar\\\/info\\\/una-sociedad-sumida-en-el-desperdicio-de-comida-somos-lo-que-desechamos\\\/#breadcrumb\",\"itemListElement\":[{\"@type\":\"ListItem\",\"position\":1,\"name\":\"Inicio\",\"item\":\"https:\\\/\\\/patagoniambiental.com.ar\\\/info\\\/\"},{\"@type\":\"ListItem\",\"position\":2,\"name\":\"Una sociedad en crisis alimentaria: \u00bfPor Qu\u00e9 desperdiciamos mil millones de toneladas de comida cada a\u00f1o?\"}]},{\"@type\":\"WebSite\",\"@id\":\"https:\\\/\\\/patagoniambiental.com.ar\\\/info\\\/#website\",\"url\":\"https:\\\/\\\/patagoniambiental.com.ar\\\/info\\\/\",\"name\":\"Patagonia Ambiental\",\"description\":\"Monitoreo y an\u00e1lisis de la situaci\u00f3n geopol\u00edtica en el mundo y su implicancia en la Patagonia\",\"publisher\":{\"@id\":\"https:\\\/\\\/patagoniambiental.com.ar\\\/info\\\/#organization\"},\"potentialAction\":[{\"@type\":\"SearchAction\",\"target\":{\"@type\":\"EntryPoint\",\"urlTemplate\":\"https:\\\/\\\/patagoniambiental.com.ar\\\/info\\\/?s={search_term_string}\"},\"query-input\":{\"@type\":\"PropertyValueSpecification\",\"valueRequired\":true,\"valueName\":\"search_term_string\"}}],\"inLanguage\":\"es\"},{\"@type\":\"Organization\",\"@id\":\"https:\\\/\\\/patagoniambiental.com.ar\\\/info\\\/#organization\",\"name\":\"Patagonia Ambiental\",\"url\":\"https:\\\/\\\/patagoniambiental.com.ar\\\/info\\\/\",\"logo\":{\"@type\":\"ImageObject\",\"inLanguage\":\"es\",\"@id\":\"https:\\\/\\\/patagoniambiental.com.ar\\\/info\\\/#\\\/schema\\\/logo\\\/image\\\/\",\"url\":\"https:\\\/\\\/patagoniambiental.com.ar\\\/info\\\/wp-content\\\/uploads\\\/2025\\\/05\\\/LOGO-PATAGONIA-AMBIENTAL.png\",\"contentUrl\":\"https:\\\/\\\/patagoniambiental.com.ar\\\/info\\\/wp-content\\\/uploads\\\/2025\\\/05\\\/LOGO-PATAGONIA-AMBIENTAL.png\",\"width\":433,\"height\":250,\"caption\":\"Patagonia Ambiental\"},\"image\":{\"@id\":\"https:\\\/\\\/patagoniambiental.com.ar\\\/info\\\/#\\\/schema\\\/logo\\\/image\\\/\"},\"sameAs\":[\"https:\\\/\\\/www.facebook.com\\\/patagonia.ambiental\",\"https:\\\/\\\/x.com\\\/PatAmb\"]},{\"@type\":\"Person\",\"@id\":\"https:\\\/\\\/patagoniambiental.com.ar\\\/info\\\/#\\\/schema\\\/person\\\/db12bff64bbcbf6a253710bf0ea37b5d\",\"name\":\"Patagonia Ambiental\",\"description\":\"Andr\u00e9s Nievas T\u00e9cnico en manejo ambiental, consultor Ambiental y escritor para medios locales e internacionales sobre temas de geopolitica y medio ambiente.\",\"sameAs\":[\"http:\\\/\\\/www.patagoniambiental.com.ar\",\"https:\\\/\\\/www.facebook.com\\\/share\\\/1C1V8Gv9BX\\\/?mibextid=qi2Omg\",\"@patagoniambiental\",\"https:\\\/\\\/youtube.com\\\/@patagoniaambiental2023?si=BLt58t0wuXquxlYZ\"]}]}<\/script>\n<!-- \/ Yoast SEO Premium plugin. -->","yoast_head_json":{"title":"Una sociedad en crisis alimentaria: \u00bfPor Qu\u00e9 desperdiciamos mil millones de toneladas de comida cada a\u00f1o? El desperdicio de alimentos se ha convertido en una de las problem\u00e1ticas m\u00e1s alarmantes de nuestra era, un fen\u00f3meno que impacta directamente en la econom\u00eda global","description":"El desperdicio de alimentos se ha convertido en una de las problem\u00e1ticas m\u00e1s alarmantes de nuestra era, un fen\u00f3meno que impacta","robots":{"index":"index","follow":"follow","max-snippet":"max-snippet:-1","max-image-preview":"max-image-preview:large","max-video-preview":"max-video-preview:-1"},"canonical":"https:\/\/patagoniambiental.com.ar\/info\/una-sociedad-sumida-en-el-desperdicio-de-comida-somos-lo-que-desechamos\/","og_locale":"es_ES","og_type":"article","og_title":"Una sociedad en crisis alimentaria: \u00bfPor Qu\u00e9 desperdiciamos mil millones de toneladas de comida cada a\u00f1o?","og_description":"El desperdicio de alimentos se ha convertido en una de las problem\u00e1ticas m\u00e1s alarmantes de nuestra era, un fen\u00f3meno que impacta","og_url":"https:\/\/patagoniambiental.com.ar\/info\/una-sociedad-sumida-en-el-desperdicio-de-comida-somos-lo-que-desechamos\/","og_site_name":"Patagonia Ambiental","article_publisher":"https:\/\/www.facebook.com\/patagonia.ambiental","article_author":"https:\/\/www.facebook.com\/share\/1C1V8Gv9BX\/?mibextid=qi2Omg","article_published_time":"2026-01-13T22:00:00+00:00","article_modified_time":"2026-01-19T16:58:53+00:00","og_image":[{"width":696,"height":410,"url":"https:\/\/patagoniambiental.com.ar\/info\/wp-content\/uploads\/2024\/04\/Fuente-City-of-Moose-Jaw-696x410.jpg-1.webp","type":"image\/webp"}],"author":"Patagonia Ambiental","twitter_card":"summary_large_image","twitter_creator":"@PatAmb","twitter_site":"@PatAmb","schema":{"@context":"https:\/\/schema.org","@graph":[{"@type":"Article","@id":"https:\/\/patagoniambiental.com.ar\/info\/una-sociedad-sumida-en-el-desperdicio-de-comida-somos-lo-que-desechamos\/#article","isPartOf":{"@id":"https:\/\/patagoniambiental.com.ar\/info\/una-sociedad-sumida-en-el-desperdicio-de-comida-somos-lo-que-desechamos\/"},"author":{"name":"Patagonia Ambiental","@id":"https:\/\/patagoniambiental.com.ar\/info\/#\/schema\/person\/db12bff64bbcbf6a253710bf0ea37b5d"},"headline":"Una sociedad en crisis alimentaria: \u00bfPor Qu\u00e9 desperdiciamos mil millones de toneladas de comida cada a\u00f1o?","datePublished":"2026-01-13T22:00:00+00:00","dateModified":"2026-01-19T16:58:53+00:00","mainEntityOfPage":{"@id":"https:\/\/patagoniambiental.com.ar\/info\/una-sociedad-sumida-en-el-desperdicio-de-comida-somos-lo-que-desechamos\/"},"wordCount":1312,"commentCount":0,"publisher":{"@id":"https:\/\/patagoniambiental.com.ar\/info\/#organization"},"image":{"@id":"https:\/\/patagoniambiental.com.ar\/info\/una-sociedad-sumida-en-el-desperdicio-de-comida-somos-lo-que-desechamos\/#primaryimage"},"thumbnailUrl":"https:\/\/patagoniambiental.com.ar\/info\/wp-content\/uploads\/2024\/04\/Fuente-City-of-Moose-Jaw-696x410.jpg-1.webp","articleSection":["Econom\u00eda Circular","Noticias"],"inLanguage":"es","potentialAction":[{"@type":"CommentAction","name":"Comment","target":["https:\/\/patagoniambiental.com.ar\/info\/una-sociedad-sumida-en-el-desperdicio-de-comida-somos-lo-que-desechamos\/#respond"]}]},{"@type":"WebPage","@id":"https:\/\/patagoniambiental.com.ar\/info\/una-sociedad-sumida-en-el-desperdicio-de-comida-somos-lo-que-desechamos\/","url":"https:\/\/patagoniambiental.com.ar\/info\/una-sociedad-sumida-en-el-desperdicio-de-comida-somos-lo-que-desechamos\/","name":"Una sociedad en crisis alimentaria: \u00bfPor Qu\u00e9 desperdiciamos mil millones de toneladas de comida cada a\u00f1o? El desperdicio de alimentos se ha convertido en una de las problem\u00e1ticas m\u00e1s alarmantes de nuestra era, un fen\u00f3meno que impacta directamente en la econom\u00eda global","isPartOf":{"@id":"https:\/\/patagoniambiental.com.ar\/info\/#website"},"primaryImageOfPage":{"@id":"https:\/\/patagoniambiental.com.ar\/info\/una-sociedad-sumida-en-el-desperdicio-de-comida-somos-lo-que-desechamos\/#primaryimage"},"image":{"@id":"https:\/\/patagoniambiental.com.ar\/info\/una-sociedad-sumida-en-el-desperdicio-de-comida-somos-lo-que-desechamos\/#primaryimage"},"thumbnailUrl":"https:\/\/patagoniambiental.com.ar\/info\/wp-content\/uploads\/2024\/04\/Fuente-City-of-Moose-Jaw-696x410.jpg-1.webp","datePublished":"2026-01-13T22:00:00+00:00","dateModified":"2026-01-19T16:58:53+00:00","description":"El desperdicio de alimentos se ha convertido en una de las problem\u00e1ticas m\u00e1s alarmantes de nuestra era, un fen\u00f3meno que impacta","breadcrumb":{"@id":"https:\/\/patagoniambiental.com.ar\/info\/una-sociedad-sumida-en-el-desperdicio-de-comida-somos-lo-que-desechamos\/#breadcrumb"},"inLanguage":"es","potentialAction":[{"@type":"ReadAction","target":["https:\/\/patagoniambiental.com.ar\/info\/una-sociedad-sumida-en-el-desperdicio-de-comida-somos-lo-que-desechamos\/"]}]},{"@type":"ImageObject","inLanguage":"es","@id":"https:\/\/patagoniambiental.com.ar\/info\/una-sociedad-sumida-en-el-desperdicio-de-comida-somos-lo-que-desechamos\/#primaryimage","url":"https:\/\/patagoniambiental.com.ar\/info\/wp-content\/uploads\/2024\/04\/Fuente-City-of-Moose-Jaw-696x410.jpg-1.webp","contentUrl":"https:\/\/patagoniambiental.com.ar\/info\/wp-content\/uploads\/2024\/04\/Fuente-City-of-Moose-Jaw-696x410.jpg-1.webp","width":696,"height":410},{"@type":"BreadcrumbList","@id":"https:\/\/patagoniambiental.com.ar\/info\/una-sociedad-sumida-en-el-desperdicio-de-comida-somos-lo-que-desechamos\/#breadcrumb","itemListElement":[{"@type":"ListItem","position":1,"name":"Inicio","item":"https:\/\/patagoniambiental.com.ar\/info\/"},{"@type":"ListItem","position":2,"name":"Una sociedad en crisis alimentaria: \u00bfPor Qu\u00e9 desperdiciamos mil millones de toneladas de comida cada a\u00f1o?"}]},{"@type":"WebSite","@id":"https:\/\/patagoniambiental.com.ar\/info\/#website","url":"https:\/\/patagoniambiental.com.ar\/info\/","name":"Patagonia Ambiental","description":"Monitoreo y an\u00e1lisis de la situaci\u00f3n geopol\u00edtica en el mundo y su implicancia en la Patagonia","publisher":{"@id":"https:\/\/patagoniambiental.com.ar\/info\/#organization"},"potentialAction":[{"@type":"SearchAction","target":{"@type":"EntryPoint","urlTemplate":"https:\/\/patagoniambiental.com.ar\/info\/?s={search_term_string}"},"query-input":{"@type":"PropertyValueSpecification","valueRequired":true,"valueName":"search_term_string"}}],"inLanguage":"es"},{"@type":"Organization","@id":"https:\/\/patagoniambiental.com.ar\/info\/#organization","name":"Patagonia Ambiental","url":"https:\/\/patagoniambiental.com.ar\/info\/","logo":{"@type":"ImageObject","inLanguage":"es","@id":"https:\/\/patagoniambiental.com.ar\/info\/#\/schema\/logo\/image\/","url":"https:\/\/patagoniambiental.com.ar\/info\/wp-content\/uploads\/2025\/05\/LOGO-PATAGONIA-AMBIENTAL.png","contentUrl":"https:\/\/patagoniambiental.com.ar\/info\/wp-content\/uploads\/2025\/05\/LOGO-PATAGONIA-AMBIENTAL.png","width":433,"height":250,"caption":"Patagonia Ambiental"},"image":{"@id":"https:\/\/patagoniambiental.com.ar\/info\/#\/schema\/logo\/image\/"},"sameAs":["https:\/\/www.facebook.com\/patagonia.ambiental","https:\/\/x.com\/PatAmb"]},{"@type":"Person","@id":"https:\/\/patagoniambiental.com.ar\/info\/#\/schema\/person\/db12bff64bbcbf6a253710bf0ea37b5d","name":"Patagonia Ambiental","description":"Andr\u00e9s Nievas T\u00e9cnico en manejo ambiental, consultor Ambiental y escritor para medios locales e internacionales sobre temas de geopolitica y medio ambiente.","sameAs":["http:\/\/www.patagoniambiental.com.ar","https:\/\/www.facebook.com\/share\/1C1V8Gv9BX\/?mibextid=qi2Omg","@patagoniambiental","https:\/\/youtube.com\/@patagoniaambiental2023?si=BLt58t0wuXquxlYZ"]}]}},"_links":{"self":[{"href":"https:\/\/patagoniambiental.com.ar\/info\/wp-json\/wp\/v2\/posts\/81313","targetHints":{"allow":["GET"]}}],"collection":[{"href":"https:\/\/patagoniambiental.com.ar\/info\/wp-json\/wp\/v2\/posts"}],"about":[{"href":"https:\/\/patagoniambiental.com.ar\/info\/wp-json\/wp\/v2\/types\/post"}],"author":[{"embeddable":true,"href":"https:\/\/patagoniambiental.com.ar\/info\/wp-json\/wp\/v2\/users\/2"}],"replies":[{"embeddable":true,"href":"https:\/\/patagoniambiental.com.ar\/info\/wp-json\/wp\/v2\/comments?post=81313"}],"version-history":[{"count":1,"href":"https:\/\/patagoniambiental.com.ar\/info\/wp-json\/wp\/v2\/posts\/81313\/revisions"}],"predecessor-version":[{"id":100317,"href":"https:\/\/patagoniambiental.com.ar\/info\/wp-json\/wp\/v2\/posts\/81313\/revisions\/100317"}],"wp:featuredmedia":[{"embeddable":true,"href":"https:\/\/patagoniambiental.com.ar\/info\/wp-json\/wp\/v2\/media\/81314"}],"wp:attachment":[{"href":"https:\/\/patagoniambiental.com.ar\/info\/wp-json\/wp\/v2\/media?parent=81313"}],"wp:term":[{"taxonomy":"category","embeddable":true,"href":"https:\/\/patagoniambiental.com.ar\/info\/wp-json\/wp\/v2\/categories?post=81313"},{"taxonomy":"post_tag","embeddable":true,"href":"https:\/\/patagoniambiental.com.ar\/info\/wp-json\/wp\/v2\/tags?post=81313"}],"curies":[{"name":"wp","href":"https:\/\/api.w.org\/{rel}","templated":true}]}}