{"id":81333,"date":"2024-04-08T07:00:00","date_gmt":"2024-04-08T10:00:00","guid":{"rendered":"https:\/\/patagoniambiental.com.ar\/info\/?p=81333"},"modified":"2024-08-12T23:50:41","modified_gmt":"2024-08-13T02:50:41","slug":"piden-que-se-haga-efectiva-la-conservacion-de-peninsula-mitre-en-tierra-del-fuego","status":"publish","type":"post","link":"https:\/\/patagoniambiental.com.ar\/info\/piden-que-se-haga-efectiva-la-conservacion-de-peninsula-mitre-en-tierra-del-fuego\/","title":{"rendered":"Piden que se haga efectiva la conservaci\u00f3n de Pen\u00ednsula Mitre en Tierra del Fuego"},"content":{"rendered":"\n<!--more-->\n\n\n\n<p>A casi un a\u00f1o y medio de la declaraci\u00f3n de la zona como \u00c1rea Natural Protegida, la Asociaci\u00f3n Civil para la Conservaci\u00f3n de la Pen\u00ednsula Mitre junta firmas para pedir que se conforme la Comisi\u00f3n Consultativa participativa y se inicie el Plan de Manejo para hacer efectiva su conservaci\u00f3n.<\/p>\n\n\n\n<p>La Asociaci\u00f3n Civil para la Conservaci\u00f3n de la Pen\u00ednsula Mitre reclama que \u00abse haga efectiva la conservaci\u00f3n de Pen\u00ednsula Mitre\u00bb a trav\u00e9s de la conformaci\u00f3n de la Comisi\u00f3n Consultiva de participaci\u00f3n y que se comience con el Plan de Manejo participativo.<\/p>\n\n\n\n<p>A exactamente m\u00e1s de un a\u00f1o y cuatro meses de que Pen\u00ednsula Mitre sea declarada \u00c1rea Natural Protegida bajo la sanci\u00f3n de la Ley Provincial N\u00ba 1461, en el encuentro de la comunidad con motivo de la presentaci\u00f3n del libro TOPONIMIA, sobre el \u00e1rea en cuesti\u00f3n, se record\u00f3 la situaci\u00f3n actual del \u00c1rea Natural Protegida.<\/p>\n\n\n\n<p>A la fecha, a\u00fan no fue constitu\u00edda la Comisi\u00f3n Consultiva participativa, por lo que no puede iniciarse el Plan de Manejo y Gesti\u00f3n, fundamentales para hacer efectivo el cuidado, el acceso, el uso y la protecci\u00f3n de la Pen\u00ednsula Mitre.<\/p>\n\n\n\n<p>\u00abCreemos que la ley fue el primer paso y queda mucho por hacer como comunidad, por eso estamos enviando notas al Ministerio de Producci\u00f3n y Ambiente y juntando firmas para apoyar esta solicitud. \u00a1Hagamos valer la Ley de protecci\u00f3n y el Fondo de Financiamiento de \u00c1reas Naturales Protegidas de Tierra del Fuego!\u00bb, comunicaron desde la Asociaci\u00f3n.<\/p>\n\n\n\n<div style=\"height:100px\" aria-hidden=\"true\" class=\"wp-block-spacer\"><\/div>\n\n\n\n<h2 class=\"wp-block-heading\" id=\"h-hagan-efectiva-la-conservacion-de-peninsula-mitre\"><strong>Hagan efectiva la Conservaci\u00f3n de Pen\u00ednsula Mitre<\/strong><\/h2>\n\n\n\n<p>Iniciada por Asociaci\u00f3n Manekenk, la junta de firmas se lleva a cabo de manera digital a trav\u00e9s de la plataforma change.org bajo el t\u00edtulo \u00abHagan efectiva la Conservaci\u00f3n de Pen\u00ednsula Mitre\u00bb. Pod\u00e9s encontrar el link en las redes sociales de la Asociaci\u00f3n para la Conservaci\u00f3n de la Pen\u00ednsula Mitre en Instagram (@peninsulamitre).<\/p>\n\n\n\n<p>Las organizaciones de la sociedad civil y ciudadanos abajo firmantes solicitamos urgentemente para PEN\u00cdNSULA MITRE:<\/p>\n\n\n\n<ul class=\"wp-block-list\">\n<li>\u2060 \u2060Conformaci\u00f3n de la Comisi\u00f3n Consultiva de participaci\u00f3n.<\/li>\n\n\n\n<li>\u2060 \u2060Iniciar el Plan de Manejo participativo para la efectiva conservaci\u00f3n y gesti\u00f3n del \u00e1rea.<\/li>\n\n\n\n<li>\u2060 \u2060Garantizar el acceso p\u00fablico al \u00c1rea Protegida por la costa Norte.<\/li>\n<\/ul>\n\n\n\n<p>La denominada Pen\u00ednsula Mitre, en la Provincia de Tierra del Fuego, Ant\u00e1rtida e Islas del Atl\u00e1ntico Sur, es de enorme valor ecosist\u00e9mico, geol\u00f3gico y paleontol\u00f3gico, paisaj\u00edstico, hist\u00f3rico y por eso es patrimonio natural y cultural de nuestra provincia.<\/p>\n\n\n\n<p>La protecci\u00f3n de su sector terrestre y del \u00e1rea marina adyacente ha sido declarada como \u00c1rea Protegida mediante la LEY N\u00ba 1461 en diciembre de 2022.<\/p>\n\n\n\n<p>Sin embargo, luego de creada un \u00c1rea Protegida hay que realizar un Plan de Manejo y Gesti\u00f3n en el cual se convoca a una Comisi\u00f3n Consultiva de participaci\u00f3n que involucra a organizaciones e instituciones locales que hace d\u00e9cadas trabajamos por este proyecto de protecci\u00f3n.<\/p>\n\n\n\n<p>En diciembre de 2023 se sancion\u00f3 la LEY N\u00ba 1530 creando el Fondo de Financiamiento Espec\u00edfico de las \u00c1reas Naturales Protegidas Provinciales (FFEANPP), para financiar los gastos e inversiones que demande el cumplimiento de los objetivos de protecci\u00f3n.<\/p>\n\n\n\n<p>Actualmente el ingreso p\u00fablico al \u00c1rea Protegida por la costa norte no est\u00e1 garantizado, ya que se ve obstaculizado por tierras privadas.<\/p>\n\n\n\n<div style=\"height:100px\" aria-hidden=\"true\" class=\"wp-block-spacer\"><\/div>\n\n\n\n<h2 class=\"wp-block-heading\" id=\"h-que-estamos-esperando\">\u00bfQu\u00e9 estamos esperando?<\/h2>\n\n\n\n<p>Hace casi un a\u00f1o y medio, estamos solicitando a la autoridad de aplicaci\u00f3n -el Ministerio de Producci\u00f3n y Ambiente, a trav\u00e9s de la Secretar\u00eda de Ambiente-&nbsp; que convoque la conformaci\u00f3n de la Comisi\u00f3n participativa y la formulaci\u00f3n del plan de manejo. Sumate a mostrar la importancia que tiene para la sociedad que se haga efectiva la protecci\u00f3n de la Pen\u00ednsula Mitre firmando est\u00e1 petici\u00f3n.<\/p>\n\n\n\n<p>Fuente: www.eldiariodelfindelmundo.com<\/p>\n","protected":false},"excerpt":{"rendered":"","protected":false},"author":2,"featured_media":81334,"comment_status":"open","ping_status":"open","sticky":false,"template":"","format":"standard","meta":{"site-sidebar-layout":"default","site-content-layout":"","ast-site-content-layout":"default","site-content-style":"default","site-sidebar-style":"default","ast-global-header-display":"","ast-banner-title-visibility":"","ast-main-header-display":"","ast-hfb-above-header-display":"","ast-hfb-below-header-display":"","ast-hfb-mobile-header-display":"","site-post-title":"","ast-breadcrumbs-content":"","ast-featured-img":"","footer-sml-layout":"","ast-disable-related-posts":"","theme-transparent-header-meta":"","adv-header-id-meta":"","stick-header-meta":"","header-above-stick-meta":"","header-main-stick-meta":"","header-below-stick-meta":"","astra-migrate-meta-layouts":"default","ast-page-background-enabled":"default","ast-page-background-meta":{"desktop":{"background-color":"var(--ast-global-color-5)","background-image":"","background-repeat":"repeat","background-position":"center center","background-size":"auto","background-attachment":"scroll","background-type":"","background-media":"","overlay-type":"","overlay-color":"","overlay-opacity":"","overlay-gradient":""},"tablet":{"background-color":"","background-image":"","background-repeat":"repeat","background-position":"center center","background-size":"auto","background-attachment":"scroll","background-type":"","background-media":"","overlay-type":"","overlay-color":"","overlay-opacity":"","overlay-gradient":""},"mobile":{"background-color":"","background-image":"","background-repeat":"repeat","background-position":"center center","background-size":"auto","background-attachment":"scroll","background-type":"","background-media":"","overlay-type":"","overlay-color":"","overlay-opacity":"","overlay-gradient":""}},"ast-content-background-meta":{"desktop":{"background-color":"var(--ast-global-color-4)","background-image":"","background-repeat":"repeat","background-position":"center center","background-size":"auto","background-attachment":"scroll","background-type":"","background-media":"","overlay-type":"","overlay-color":"","overlay-opacity":"","overlay-gradient":""},"tablet":{"background-color":"var(--ast-global-color-4)","background-image":"","background-repeat":"repeat","background-position":"center center","background-size":"auto","background-attachment":"scroll","background-type":"","background-media":"","overlay-type":"","overlay-color":"","overlay-opacity":"","overlay-gradient":""},"mobile":{"background-color":"var(--ast-global-color-4)","background-image":"","background-repeat":"repeat","background-position":"center center","background-size":"auto","background-attachment":"scroll","background-type":"","background-media":"","overlay-type":"","overlay-color":"","overlay-opacity":"","overlay-gradient":""}},"footnotes":""},"categories":[1],"tags":[],"class_list":["post-81333","post","type-post","status-publish","format-standard","has-post-thumbnail","hentry","category-noticias"],"yoast_head":"<!-- This site is optimized with the Yoast SEO Premium plugin v23.0 (Yoast SEO v27.4) - https:\/\/yoast.com\/product\/yoast-seo-premium-wordpress\/ -->\n<title>Piden que se haga efectiva la conservaci\u00f3n de Pen\u00ednsula Mitre en Tierra del Fuego<\/title>\n<meta name=\"robots\" content=\"index, follow, max-snippet:-1, max-image-preview:large, max-video-preview:-1\" \/>\n<link rel=\"canonical\" href=\"https:\/\/patagoniambiental.com.ar\/info\/piden-que-se-haga-efectiva-la-conservacion-de-peninsula-mitre-en-tierra-del-fuego\/\" \/>\n<meta property=\"og:locale\" content=\"es_ES\" \/>\n<meta property=\"og:type\" content=\"article\" \/>\n<meta property=\"og:title\" content=\"Piden que se haga efectiva la conservaci\u00f3n de Pen\u00ednsula Mitre en Tierra del Fuego\" \/>\n<meta property=\"og:url\" content=\"https:\/\/patagoniambiental.com.ar\/info\/piden-que-se-haga-efectiva-la-conservacion-de-peninsula-mitre-en-tierra-del-fuego\/\" \/>\n<meta property=\"og:site_name\" content=\"Patagonia Ambiental\" \/>\n<meta property=\"article:publisher\" content=\"https:\/\/www.facebook.com\/patagonia.ambiental\" \/>\n<meta property=\"article:author\" content=\"https:\/\/www.facebook.com\/share\/1C1V8Gv9BX\/?mibextid=qi2Omg\" \/>\n<meta property=\"article:published_time\" content=\"2024-04-08T10:00:00+00:00\" \/>\n<meta property=\"article:modified_time\" content=\"2024-08-13T02:50:41+00:00\" \/>\n<meta property=\"og:image\" content=\"https:\/\/patagoniambiental.com.ar\/info\/wp-content\/uploads\/2024\/04\/d1c.jpg\" \/>\n\t<meta property=\"og:image:width\" content=\"1000\" \/>\n\t<meta property=\"og:image:height\" content=\"561\" \/>\n\t<meta property=\"og:image:type\" content=\"image\/jpeg\" \/>\n<meta name=\"author\" content=\"Patagonia Ambiental\" \/>\n<meta name=\"twitter:card\" content=\"summary_large_image\" \/>\n<meta name=\"twitter:creator\" content=\"@PatAmb\" \/>\n<meta name=\"twitter:site\" content=\"@PatAmb\" \/>\n<script type=\"application\/ld+json\" class=\"yoast-schema-graph\">{\"@context\":\"https:\\\/\\\/schema.org\",\"@graph\":[{\"@type\":\"Article\",\"@id\":\"https:\\\/\\\/patagoniambiental.com.ar\\\/info\\\/piden-que-se-haga-efectiva-la-conservacion-de-peninsula-mitre-en-tierra-del-fuego\\\/#article\",\"isPartOf\":{\"@id\":\"https:\\\/\\\/patagoniambiental.com.ar\\\/info\\\/piden-que-se-haga-efectiva-la-conservacion-de-peninsula-mitre-en-tierra-del-fuego\\\/\"},\"author\":{\"name\":\"Patagonia Ambiental\",\"@id\":\"https:\\\/\\\/patagoniambiental.com.ar\\\/info\\\/#\\\/schema\\\/person\\\/db12bff64bbcbf6a253710bf0ea37b5d\"},\"headline\":\"Piden que se haga efectiva la conservaci\u00f3n de Pen\u00ednsula Mitre en Tierra del Fuego\",\"datePublished\":\"2024-04-08T10:00:00+00:00\",\"dateModified\":\"2024-08-13T02:50:41+00:00\",\"mainEntityOfPage\":{\"@id\":\"https:\\\/\\\/patagoniambiental.com.ar\\\/info\\\/piden-que-se-haga-efectiva-la-conservacion-de-peninsula-mitre-en-tierra-del-fuego\\\/\"},\"wordCount\":677,\"commentCount\":0,\"publisher\":{\"@id\":\"https:\\\/\\\/patagoniambiental.com.ar\\\/info\\\/#organization\"},\"image\":{\"@id\":\"https:\\\/\\\/patagoniambiental.com.ar\\\/info\\\/piden-que-se-haga-efectiva-la-conservacion-de-peninsula-mitre-en-tierra-del-fuego\\\/#primaryimage\"},\"thumbnailUrl\":\"https:\\\/\\\/patagoniambiental.com.ar\\\/info\\\/wp-content\\\/uploads\\\/2024\\\/04\\\/d1c.jpg\",\"articleSection\":[\"Noticias\"],\"inLanguage\":\"es\",\"potentialAction\":[{\"@type\":\"CommentAction\",\"name\":\"Comment\",\"target\":[\"https:\\\/\\\/patagoniambiental.com.ar\\\/info\\\/piden-que-se-haga-efectiva-la-conservacion-de-peninsula-mitre-en-tierra-del-fuego\\\/#respond\"]}]},{\"@type\":\"WebPage\",\"@id\":\"https:\\\/\\\/patagoniambiental.com.ar\\\/info\\\/piden-que-se-haga-efectiva-la-conservacion-de-peninsula-mitre-en-tierra-del-fuego\\\/\",\"url\":\"https:\\\/\\\/patagoniambiental.com.ar\\\/info\\\/piden-que-se-haga-efectiva-la-conservacion-de-peninsula-mitre-en-tierra-del-fuego\\\/\",\"name\":\"Piden que se haga efectiva la conservaci\u00f3n de Pen\u00ednsula Mitre en Tierra del Fuego\",\"isPartOf\":{\"@id\":\"https:\\\/\\\/patagoniambiental.com.ar\\\/info\\\/#website\"},\"primaryImageOfPage\":{\"@id\":\"https:\\\/\\\/patagoniambiental.com.ar\\\/info\\\/piden-que-se-haga-efectiva-la-conservacion-de-peninsula-mitre-en-tierra-del-fuego\\\/#primaryimage\"},\"image\":{\"@id\":\"https:\\\/\\\/patagoniambiental.com.ar\\\/info\\\/piden-que-se-haga-efectiva-la-conservacion-de-peninsula-mitre-en-tierra-del-fuego\\\/#primaryimage\"},\"thumbnailUrl\":\"https:\\\/\\\/patagoniambiental.com.ar\\\/info\\\/wp-content\\\/uploads\\\/2024\\\/04\\\/d1c.jpg\",\"datePublished\":\"2024-04-08T10:00:00+00:00\",\"dateModified\":\"2024-08-13T02:50:41+00:00\",\"breadcrumb\":{\"@id\":\"https:\\\/\\\/patagoniambiental.com.ar\\\/info\\\/piden-que-se-haga-efectiva-la-conservacion-de-peninsula-mitre-en-tierra-del-fuego\\\/#breadcrumb\"},\"inLanguage\":\"es\",\"potentialAction\":[{\"@type\":\"ReadAction\",\"target\":[\"https:\\\/\\\/patagoniambiental.com.ar\\\/info\\\/piden-que-se-haga-efectiva-la-conservacion-de-peninsula-mitre-en-tierra-del-fuego\\\/\"]}]},{\"@type\":\"ImageObject\",\"inLanguage\":\"es\",\"@id\":\"https:\\\/\\\/patagoniambiental.com.ar\\\/info\\\/piden-que-se-haga-efectiva-la-conservacion-de-peninsula-mitre-en-tierra-del-fuego\\\/#primaryimage\",\"url\":\"https:\\\/\\\/patagoniambiental.com.ar\\\/info\\\/wp-content\\\/uploads\\\/2024\\\/04\\\/d1c.jpg\",\"contentUrl\":\"https:\\\/\\\/patagoniambiental.com.ar\\\/info\\\/wp-content\\\/uploads\\\/2024\\\/04\\\/d1c.jpg\",\"width\":1000,\"height\":561},{\"@type\":\"BreadcrumbList\",\"@id\":\"https:\\\/\\\/patagoniambiental.com.ar\\\/info\\\/piden-que-se-haga-efectiva-la-conservacion-de-peninsula-mitre-en-tierra-del-fuego\\\/#breadcrumb\",\"itemListElement\":[{\"@type\":\"ListItem\",\"position\":1,\"name\":\"Inicio\",\"item\":\"https:\\\/\\\/patagoniambiental.com.ar\\\/info\\\/\"},{\"@type\":\"ListItem\",\"position\":2,\"name\":\"Piden que se haga efectiva la conservaci\u00f3n de Pen\u00ednsula Mitre en Tierra del Fuego\"}]},{\"@type\":\"WebSite\",\"@id\":\"https:\\\/\\\/patagoniambiental.com.ar\\\/info\\\/#website\",\"url\":\"https:\\\/\\\/patagoniambiental.com.ar\\\/info\\\/\",\"name\":\"Patagonia Ambiental\",\"description\":\"Monitoreo y an\u00e1lisis de la situaci\u00f3n geopol\u00edtica en el mundo y su implicancia en la Patagonia\",\"publisher\":{\"@id\":\"https:\\\/\\\/patagoniambiental.com.ar\\\/info\\\/#organization\"},\"potentialAction\":[{\"@type\":\"SearchAction\",\"target\":{\"@type\":\"EntryPoint\",\"urlTemplate\":\"https:\\\/\\\/patagoniambiental.com.ar\\\/info\\\/?s={search_term_string}\"},\"query-input\":{\"@type\":\"PropertyValueSpecification\",\"valueRequired\":true,\"valueName\":\"search_term_string\"}}],\"inLanguage\":\"es\"},{\"@type\":\"Organization\",\"@id\":\"https:\\\/\\\/patagoniambiental.com.ar\\\/info\\\/#organization\",\"name\":\"Patagonia Ambiental\",\"url\":\"https:\\\/\\\/patagoniambiental.com.ar\\\/info\\\/\",\"logo\":{\"@type\":\"ImageObject\",\"inLanguage\":\"es\",\"@id\":\"https:\\\/\\\/patagoniambiental.com.ar\\\/info\\\/#\\\/schema\\\/logo\\\/image\\\/\",\"url\":\"https:\\\/\\\/patagoniambiental.com.ar\\\/info\\\/wp-content\\\/uploads\\\/2025\\\/05\\\/LOGO-PATAGONIA-AMBIENTAL.png\",\"contentUrl\":\"https:\\\/\\\/patagoniambiental.com.ar\\\/info\\\/wp-content\\\/uploads\\\/2025\\\/05\\\/LOGO-PATAGONIA-AMBIENTAL.png\",\"width\":433,\"height\":250,\"caption\":\"Patagonia Ambiental\"},\"image\":{\"@id\":\"https:\\\/\\\/patagoniambiental.com.ar\\\/info\\\/#\\\/schema\\\/logo\\\/image\\\/\"},\"sameAs\":[\"https:\\\/\\\/www.facebook.com\\\/patagonia.ambiental\",\"https:\\\/\\\/x.com\\\/PatAmb\"]},{\"@type\":\"Person\",\"@id\":\"https:\\\/\\\/patagoniambiental.com.ar\\\/info\\\/#\\\/schema\\\/person\\\/db12bff64bbcbf6a253710bf0ea37b5d\",\"name\":\"Patagonia Ambiental\",\"description\":\"Andr\u00e9s Nievas T\u00e9cnico en manejo ambiental, consultor Ambiental y escritor para medios locales e internacionales sobre temas de geopolitica y medio ambiente.\",\"sameAs\":[\"http:\\\/\\\/www.patagoniambiental.com.ar\",\"https:\\\/\\\/www.facebook.com\\\/share\\\/1C1V8Gv9BX\\\/?mibextid=qi2Omg\",\"@patagoniambiental\",\"https:\\\/\\\/youtube.com\\\/@patagoniaambiental2023?si=BLt58t0wuXquxlYZ\"]}]}<\/script>\n<!-- \/ Yoast SEO Premium plugin. -->","yoast_head_json":{"title":"Piden que se haga efectiva la conservaci\u00f3n de Pen\u00ednsula Mitre en Tierra del Fuego","robots":{"index":"index","follow":"follow","max-snippet":"max-snippet:-1","max-image-preview":"max-image-preview:large","max-video-preview":"max-video-preview:-1"},"canonical":"https:\/\/patagoniambiental.com.ar\/info\/piden-que-se-haga-efectiva-la-conservacion-de-peninsula-mitre-en-tierra-del-fuego\/","og_locale":"es_ES","og_type":"article","og_title":"Piden que se haga efectiva la conservaci\u00f3n de Pen\u00ednsula Mitre en Tierra del Fuego","og_url":"https:\/\/patagoniambiental.com.ar\/info\/piden-que-se-haga-efectiva-la-conservacion-de-peninsula-mitre-en-tierra-del-fuego\/","og_site_name":"Patagonia Ambiental","article_publisher":"https:\/\/www.facebook.com\/patagonia.ambiental","article_author":"https:\/\/www.facebook.com\/share\/1C1V8Gv9BX\/?mibextid=qi2Omg","article_published_time":"2024-04-08T10:00:00+00:00","article_modified_time":"2024-08-13T02:50:41+00:00","og_image":[{"width":1000,"height":561,"url":"https:\/\/patagoniambiental.com.ar\/info\/wp-content\/uploads\/2024\/04\/d1c.jpg","type":"image\/jpeg"}],"author":"Patagonia Ambiental","twitter_card":"summary_large_image","twitter_creator":"@PatAmb","twitter_site":"@PatAmb","schema":{"@context":"https:\/\/schema.org","@graph":[{"@type":"Article","@id":"https:\/\/patagoniambiental.com.ar\/info\/piden-que-se-haga-efectiva-la-conservacion-de-peninsula-mitre-en-tierra-del-fuego\/#article","isPartOf":{"@id":"https:\/\/patagoniambiental.com.ar\/info\/piden-que-se-haga-efectiva-la-conservacion-de-peninsula-mitre-en-tierra-del-fuego\/"},"author":{"name":"Patagonia Ambiental","@id":"https:\/\/patagoniambiental.com.ar\/info\/#\/schema\/person\/db12bff64bbcbf6a253710bf0ea37b5d"},"headline":"Piden que se haga efectiva la conservaci\u00f3n de Pen\u00ednsula Mitre en Tierra del Fuego","datePublished":"2024-04-08T10:00:00+00:00","dateModified":"2024-08-13T02:50:41+00:00","mainEntityOfPage":{"@id":"https:\/\/patagoniambiental.com.ar\/info\/piden-que-se-haga-efectiva-la-conservacion-de-peninsula-mitre-en-tierra-del-fuego\/"},"wordCount":677,"commentCount":0,"publisher":{"@id":"https:\/\/patagoniambiental.com.ar\/info\/#organization"},"image":{"@id":"https:\/\/patagoniambiental.com.ar\/info\/piden-que-se-haga-efectiva-la-conservacion-de-peninsula-mitre-en-tierra-del-fuego\/#primaryimage"},"thumbnailUrl":"https:\/\/patagoniambiental.com.ar\/info\/wp-content\/uploads\/2024\/04\/d1c.jpg","articleSection":["Noticias"],"inLanguage":"es","potentialAction":[{"@type":"CommentAction","name":"Comment","target":["https:\/\/patagoniambiental.com.ar\/info\/piden-que-se-haga-efectiva-la-conservacion-de-peninsula-mitre-en-tierra-del-fuego\/#respond"]}]},{"@type":"WebPage","@id":"https:\/\/patagoniambiental.com.ar\/info\/piden-que-se-haga-efectiva-la-conservacion-de-peninsula-mitre-en-tierra-del-fuego\/","url":"https:\/\/patagoniambiental.com.ar\/info\/piden-que-se-haga-efectiva-la-conservacion-de-peninsula-mitre-en-tierra-del-fuego\/","name":"Piden que se haga efectiva la conservaci\u00f3n de Pen\u00ednsula Mitre en Tierra del Fuego","isPartOf":{"@id":"https:\/\/patagoniambiental.com.ar\/info\/#website"},"primaryImageOfPage":{"@id":"https:\/\/patagoniambiental.com.ar\/info\/piden-que-se-haga-efectiva-la-conservacion-de-peninsula-mitre-en-tierra-del-fuego\/#primaryimage"},"image":{"@id":"https:\/\/patagoniambiental.com.ar\/info\/piden-que-se-haga-efectiva-la-conservacion-de-peninsula-mitre-en-tierra-del-fuego\/#primaryimage"},"thumbnailUrl":"https:\/\/patagoniambiental.com.ar\/info\/wp-content\/uploads\/2024\/04\/d1c.jpg","datePublished":"2024-04-08T10:00:00+00:00","dateModified":"2024-08-13T02:50:41+00:00","breadcrumb":{"@id":"https:\/\/patagoniambiental.com.ar\/info\/piden-que-se-haga-efectiva-la-conservacion-de-peninsula-mitre-en-tierra-del-fuego\/#breadcrumb"},"inLanguage":"es","potentialAction":[{"@type":"ReadAction","target":["https:\/\/patagoniambiental.com.ar\/info\/piden-que-se-haga-efectiva-la-conservacion-de-peninsula-mitre-en-tierra-del-fuego\/"]}]},{"@type":"ImageObject","inLanguage":"es","@id":"https:\/\/patagoniambiental.com.ar\/info\/piden-que-se-haga-efectiva-la-conservacion-de-peninsula-mitre-en-tierra-del-fuego\/#primaryimage","url":"https:\/\/patagoniambiental.com.ar\/info\/wp-content\/uploads\/2024\/04\/d1c.jpg","contentUrl":"https:\/\/patagoniambiental.com.ar\/info\/wp-content\/uploads\/2024\/04\/d1c.jpg","width":1000,"height":561},{"@type":"BreadcrumbList","@id":"https:\/\/patagoniambiental.com.ar\/info\/piden-que-se-haga-efectiva-la-conservacion-de-peninsula-mitre-en-tierra-del-fuego\/#breadcrumb","itemListElement":[{"@type":"ListItem","position":1,"name":"Inicio","item":"https:\/\/patagoniambiental.com.ar\/info\/"},{"@type":"ListItem","position":2,"name":"Piden que se haga efectiva la conservaci\u00f3n de Pen\u00ednsula Mitre en Tierra del Fuego"}]},{"@type":"WebSite","@id":"https:\/\/patagoniambiental.com.ar\/info\/#website","url":"https:\/\/patagoniambiental.com.ar\/info\/","name":"Patagonia Ambiental","description":"Monitoreo y an\u00e1lisis de la situaci\u00f3n geopol\u00edtica en el mundo y su implicancia en la Patagonia","publisher":{"@id":"https:\/\/patagoniambiental.com.ar\/info\/#organization"},"potentialAction":[{"@type":"SearchAction","target":{"@type":"EntryPoint","urlTemplate":"https:\/\/patagoniambiental.com.ar\/info\/?s={search_term_string}"},"query-input":{"@type":"PropertyValueSpecification","valueRequired":true,"valueName":"search_term_string"}}],"inLanguage":"es"},{"@type":"Organization","@id":"https:\/\/patagoniambiental.com.ar\/info\/#organization","name":"Patagonia Ambiental","url":"https:\/\/patagoniambiental.com.ar\/info\/","logo":{"@type":"ImageObject","inLanguage":"es","@id":"https:\/\/patagoniambiental.com.ar\/info\/#\/schema\/logo\/image\/","url":"https:\/\/patagoniambiental.com.ar\/info\/wp-content\/uploads\/2025\/05\/LOGO-PATAGONIA-AMBIENTAL.png","contentUrl":"https:\/\/patagoniambiental.com.ar\/info\/wp-content\/uploads\/2025\/05\/LOGO-PATAGONIA-AMBIENTAL.png","width":433,"height":250,"caption":"Patagonia Ambiental"},"image":{"@id":"https:\/\/patagoniambiental.com.ar\/info\/#\/schema\/logo\/image\/"},"sameAs":["https:\/\/www.facebook.com\/patagonia.ambiental","https:\/\/x.com\/PatAmb"]},{"@type":"Person","@id":"https:\/\/patagoniambiental.com.ar\/info\/#\/schema\/person\/db12bff64bbcbf6a253710bf0ea37b5d","name":"Patagonia Ambiental","description":"Andr\u00e9s Nievas T\u00e9cnico en manejo ambiental, consultor Ambiental y escritor para medios locales e internacionales sobre temas de geopolitica y medio ambiente.","sameAs":["http:\/\/www.patagoniambiental.com.ar","https:\/\/www.facebook.com\/share\/1C1V8Gv9BX\/?mibextid=qi2Omg","@patagoniambiental","https:\/\/youtube.com\/@patagoniaambiental2023?si=BLt58t0wuXquxlYZ"]}]}},"_links":{"self":[{"href":"https:\/\/patagoniambiental.com.ar\/info\/wp-json\/wp\/v2\/posts\/81333","targetHints":{"allow":["GET"]}}],"collection":[{"href":"https:\/\/patagoniambiental.com.ar\/info\/wp-json\/wp\/v2\/posts"}],"about":[{"href":"https:\/\/patagoniambiental.com.ar\/info\/wp-json\/wp\/v2\/types\/post"}],"author":[{"embeddable":true,"href":"https:\/\/patagoniambiental.com.ar\/info\/wp-json\/wp\/v2\/users\/2"}],"replies":[{"embeddable":true,"href":"https:\/\/patagoniambiental.com.ar\/info\/wp-json\/wp\/v2\/comments?post=81333"}],"version-history":[{"count":0,"href":"https:\/\/patagoniambiental.com.ar\/info\/wp-json\/wp\/v2\/posts\/81333\/revisions"}],"wp:featuredmedia":[{"embeddable":true,"href":"https:\/\/patagoniambiental.com.ar\/info\/wp-json\/wp\/v2\/media\/81334"}],"wp:attachment":[{"href":"https:\/\/patagoniambiental.com.ar\/info\/wp-json\/wp\/v2\/media?parent=81333"}],"wp:term":[{"taxonomy":"category","embeddable":true,"href":"https:\/\/patagoniambiental.com.ar\/info\/wp-json\/wp\/v2\/categories?post=81333"},{"taxonomy":"post_tag","embeddable":true,"href":"https:\/\/patagoniambiental.com.ar\/info\/wp-json\/wp\/v2\/tags?post=81333"}],"curies":[{"name":"wp","href":"https:\/\/api.w.org\/{rel}","templated":true}]}}