{"id":81341,"date":"2024-04-07T19:00:00","date_gmt":"2024-04-07T22:00:00","guid":{"rendered":"https:\/\/patagoniambiental.com.ar\/info\/?p=81341"},"modified":"2024-04-08T09:48:50","modified_gmt":"2024-04-08T12:48:50","slug":"unos-300-vehiculos-estan-listos-para-terminar-en-la-compactadora","status":"publish","type":"post","link":"https:\/\/patagoniambiental.com.ar\/info\/unos-300-vehiculos-estan-listos-para-terminar-en-la-compactadora\/","title":{"rendered":"Unos 300 veh\u00edculos est\u00e1n listos para terminar en la compactadora"},"content":{"rendered":"\n<!--more-->\n\n\n\n<p>Viedma.-Una in\u00e9dita experiencia est\u00e1 previsto que marque la municipalidad de Viedma ya que solicit\u00f3 al Registro de Propiedad del Automotor (RPA) dar de una baja a un lote de 300 veh\u00edculos, en su mayor\u00eda motos, como para ser reducidos a chatarra mediante el uso de una compactadora.<\/p>\n\n\n\n<p>Este grupo lleva ya un a\u00f1o y medio sin que aparezcan los propietarios a retirarlos luego de ser incautados en diversos procedimientos municipales por irregularidades cometidas en las calles de esta capital por quienes los conduc\u00edan oportunamente.<\/p>\n\n\n\n<p>As\u00ed como el municipio se est\u00e1 haciendo cargo de los costos de mantenimiento en el corral\u00f3n habilitado espec\u00edficamente, la idea es tener un resarcimiento luego de que la empresa de compactaci\u00f3n pese la carga y cotice la chatarra.<\/p>\n\n\n\n<p>Estos procedimientos est\u00e1n ajustados a normativa vigente. El 7 de julio de 2017 se aprob\u00f3 la Ordenanza N\u00b0 7.881 que otorga a la comuna la potestad para actuar en este sentido. Tambi\u00e9n se basa en el Anexo I de la Ley nacional N\u00b0 26.348 que establece un marco normativo para veh\u00edculos abandonados, perdidos, decomisados o secuestrados.<\/p>\n\n\n\n<p>La Ordenanza viedmense indica que transcurrido el t\u00e9rmino de seis meses contados desde la fecha del acta de secuestro, si no se presenta el titular registrado o la persona que fuera denunciada por \u00e9ste como adquirente o terceros interesados a retirar el veh\u00edculo automotor o moto veh\u00edculo secuestrado y\/o partes, la autoridad de aplicaci\u00f3n podr\u00e1 proceder a la disposici\u00f3n en la forma y procedimientos intimando a los titulares de los veh\u00edculos a su retiro, previo, al pago de las multas, derechos de oficina, accesorios, honorarios y guarda bajo apercibimiento de concretar la medida.<\/p>\n\n\n\n<p>El art\u00edculo 6\u00ba estipula que vencidos los plazos previstos, y si el titular no se presenta se considera que el veh\u00edculo ha sido abandonado, por lo que la Autoridad de Aplicaci\u00f3n est\u00e1 facultada para iniciar los procesos previstos en la presente Ordenanza.<\/p>\n\n\n\n<figure class=\"wp-block-image\"><img decoding=\"async\" src=\"https:\/\/noticiasnet-s3.cdn.net.ar\/s3i233\/2024\/04\/noticiasnet\/images\/66\/59\/665902_2ca9be20e7dc833f4f7c4c7850a88c083543ef7a227da67062421310c6f52004\/lg.jpg\" alt=\"Unos 300 veh\u00edculos est\u00e1n listos para terminar en la compactadora\" title=\"Unos 300 veh\u00edculos est\u00e1n listos para terminar en la compactadora\"\/><\/figure>\n\n\n\n<p><\/p>\n\n\n\n<h1 class=\"wp-block-heading\">Fuente: Noticiasnet<\/h1>\n","protected":false},"excerpt":{"rendered":"","protected":false},"author":2,"featured_media":0,"comment_status":"open","ping_status":"open","sticky":false,"template":"","format":"standard","meta":{"site-sidebar-layout":"default","site-content-layout":"","ast-site-content-layout":"default","site-content-style":"default","site-sidebar-style":"default","ast-global-header-display":"","ast-banner-title-visibility":"","ast-main-header-display":"","ast-hfb-above-header-display":"","ast-hfb-below-header-display":"","ast-hfb-mobile-header-display":"","site-post-title":"","ast-breadcrumbs-content":"","ast-featured-img":"","footer-sml-layout":"","ast-disable-related-posts":"","theme-transparent-header-meta":"","adv-header-id-meta":"","stick-header-meta":"","header-above-stick-meta":"","header-main-stick-meta":"","header-below-stick-meta":"","astra-migrate-meta-layouts":"default","ast-page-background-enabled":"default","ast-page-background-meta":{"desktop":{"background-color":"var(--ast-global-color-5)","background-image":"","background-repeat":"repeat","background-position":"center center","background-size":"auto","background-attachment":"scroll","background-type":"","background-media":"","overlay-type":"","overlay-color":"","overlay-opacity":"","overlay-gradient":""},"tablet":{"background-color":"","background-image":"","background-repeat":"repeat","background-position":"center center","background-size":"auto","background-attachment":"scroll","background-type":"","background-media":"","overlay-type":"","overlay-color":"","overlay-opacity":"","overlay-gradient":""},"mobile":{"background-color":"","background-image":"","background-repeat":"repeat","background-position":"center center","background-size":"auto","background-attachment":"scroll","background-type":"","background-media":"","overlay-type":"","overlay-color":"","overlay-opacity":"","overlay-gradient":""}},"ast-content-background-meta":{"desktop":{"background-color":"var(--ast-global-color-4)","background-image":"","background-repeat":"repeat","background-position":"center center","background-size":"auto","background-attachment":"scroll","background-type":"","background-media":"","overlay-type":"","overlay-color":"","overlay-opacity":"","overlay-gradient":""},"tablet":{"background-color":"var(--ast-global-color-4)","background-image":"","background-repeat":"repeat","background-position":"center center","background-size":"auto","background-attachment":"scroll","background-type":"","background-media":"","overlay-type":"","overlay-color":"","overlay-opacity":"","overlay-gradient":""},"mobile":{"background-color":"var(--ast-global-color-4)","background-image":"","background-repeat":"repeat","background-position":"center center","background-size":"auto","background-attachment":"scroll","background-type":"","background-media":"","overlay-type":"","overlay-color":"","overlay-opacity":"","overlay-gradient":""}},"footnotes":""},"categories":[1],"tags":[],"class_list":["post-81341","post","type-post","status-publish","format-standard","hentry","category-noticias"],"yoast_head":"<!-- This site is optimized with the Yoast SEO Premium plugin v23.0 (Yoast SEO v27.4) - https:\/\/yoast.com\/product\/yoast-seo-premium-wordpress\/ -->\n<title>Unos 300 veh\u00edculos est\u00e1n listos para terminar en la compactadora<\/title>\n<meta name=\"robots\" content=\"index, follow, max-snippet:-1, max-image-preview:large, max-video-preview:-1\" \/>\n<link rel=\"canonical\" href=\"https:\/\/patagoniambiental.com.ar\/info\/unos-300-vehiculos-estan-listos-para-terminar-en-la-compactadora\/\" \/>\n<meta property=\"og:locale\" content=\"es_ES\" \/>\n<meta property=\"og:type\" content=\"article\" \/>\n<meta property=\"og:title\" content=\"Unos 300 veh\u00edculos est\u00e1n listos para terminar en la compactadora\" \/>\n<meta property=\"og:url\" content=\"https:\/\/patagoniambiental.com.ar\/info\/unos-300-vehiculos-estan-listos-para-terminar-en-la-compactadora\/\" \/>\n<meta property=\"og:site_name\" content=\"Patagonia Ambiental\" \/>\n<meta property=\"article:publisher\" content=\"https:\/\/www.facebook.com\/patagonia.ambiental\" \/>\n<meta property=\"article:author\" content=\"https:\/\/www.facebook.com\/share\/1C1V8Gv9BX\/?mibextid=qi2Omg\" \/>\n<meta property=\"article:published_time\" content=\"2024-04-07T22:00:00+00:00\" \/>\n<meta property=\"article:modified_time\" content=\"2024-04-08T12:48:50+00:00\" \/>\n<meta property=\"og:image\" content=\"https:\/\/noticiasnet-s3.cdn.net.ar\/s3i233\/2024\/04\/noticiasnet\/images\/66\/59\/665902_2ca9be20e7dc833f4f7c4c7850a88c083543ef7a227da67062421310c6f52004\/lg.jpg\" \/>\n<meta name=\"author\" content=\"Patagonia Ambiental\" \/>\n<meta name=\"twitter:card\" content=\"summary_large_image\" \/>\n<meta name=\"twitter:creator\" content=\"@PatAmb\" \/>\n<meta name=\"twitter:site\" content=\"@PatAmb\" \/>\n<script type=\"application\/ld+json\" class=\"yoast-schema-graph\">{\"@context\":\"https:\\\/\\\/schema.org\",\"@graph\":[{\"@type\":\"Article\",\"@id\":\"https:\\\/\\\/patagoniambiental.com.ar\\\/info\\\/unos-300-vehiculos-estan-listos-para-terminar-en-la-compactadora\\\/#article\",\"isPartOf\":{\"@id\":\"https:\\\/\\\/patagoniambiental.com.ar\\\/info\\\/unos-300-vehiculos-estan-listos-para-terminar-en-la-compactadora\\\/\"},\"author\":{\"name\":\"Patagonia Ambiental\",\"@id\":\"https:\\\/\\\/patagoniambiental.com.ar\\\/info\\\/#\\\/schema\\\/person\\\/db12bff64bbcbf6a253710bf0ea37b5d\"},\"headline\":\"Unos 300 veh\u00edculos est\u00e1n listos para terminar en la compactadora\",\"datePublished\":\"2024-04-07T22:00:00+00:00\",\"dateModified\":\"2024-04-08T12:48:50+00:00\",\"mainEntityOfPage\":{\"@id\":\"https:\\\/\\\/patagoniambiental.com.ar\\\/info\\\/unos-300-vehiculos-estan-listos-para-terminar-en-la-compactadora\\\/\"},\"wordCount\":342,\"commentCount\":0,\"publisher\":{\"@id\":\"https:\\\/\\\/patagoniambiental.com.ar\\\/info\\\/#organization\"},\"image\":{\"@id\":\"https:\\\/\\\/patagoniambiental.com.ar\\\/info\\\/unos-300-vehiculos-estan-listos-para-terminar-en-la-compactadora\\\/#primaryimage\"},\"thumbnailUrl\":\"https:\\\/\\\/noticiasnet-s3.cdn.net.ar\\\/s3i233\\\/2024\\\/04\\\/noticiasnet\\\/images\\\/66\\\/59\\\/665902_2ca9be20e7dc833f4f7c4c7850a88c083543ef7a227da67062421310c6f52004\\\/lg.jpg\",\"articleSection\":[\"Noticias\"],\"inLanguage\":\"es\",\"potentialAction\":[{\"@type\":\"CommentAction\",\"name\":\"Comment\",\"target\":[\"https:\\\/\\\/patagoniambiental.com.ar\\\/info\\\/unos-300-vehiculos-estan-listos-para-terminar-en-la-compactadora\\\/#respond\"]}]},{\"@type\":\"WebPage\",\"@id\":\"https:\\\/\\\/patagoniambiental.com.ar\\\/info\\\/unos-300-vehiculos-estan-listos-para-terminar-en-la-compactadora\\\/\",\"url\":\"https:\\\/\\\/patagoniambiental.com.ar\\\/info\\\/unos-300-vehiculos-estan-listos-para-terminar-en-la-compactadora\\\/\",\"name\":\"Unos 300 veh\u00edculos est\u00e1n listos para terminar en la compactadora\",\"isPartOf\":{\"@id\":\"https:\\\/\\\/patagoniambiental.com.ar\\\/info\\\/#website\"},\"primaryImageOfPage\":{\"@id\":\"https:\\\/\\\/patagoniambiental.com.ar\\\/info\\\/unos-300-vehiculos-estan-listos-para-terminar-en-la-compactadora\\\/#primaryimage\"},\"image\":{\"@id\":\"https:\\\/\\\/patagoniambiental.com.ar\\\/info\\\/unos-300-vehiculos-estan-listos-para-terminar-en-la-compactadora\\\/#primaryimage\"},\"thumbnailUrl\":\"https:\\\/\\\/noticiasnet-s3.cdn.net.ar\\\/s3i233\\\/2024\\\/04\\\/noticiasnet\\\/images\\\/66\\\/59\\\/665902_2ca9be20e7dc833f4f7c4c7850a88c083543ef7a227da67062421310c6f52004\\\/lg.jpg\",\"datePublished\":\"2024-04-07T22:00:00+00:00\",\"dateModified\":\"2024-04-08T12:48:50+00:00\",\"breadcrumb\":{\"@id\":\"https:\\\/\\\/patagoniambiental.com.ar\\\/info\\\/unos-300-vehiculos-estan-listos-para-terminar-en-la-compactadora\\\/#breadcrumb\"},\"inLanguage\":\"es\",\"potentialAction\":[{\"@type\":\"ReadAction\",\"target\":[\"https:\\\/\\\/patagoniambiental.com.ar\\\/info\\\/unos-300-vehiculos-estan-listos-para-terminar-en-la-compactadora\\\/\"]}]},{\"@type\":\"ImageObject\",\"inLanguage\":\"es\",\"@id\":\"https:\\\/\\\/patagoniambiental.com.ar\\\/info\\\/unos-300-vehiculos-estan-listos-para-terminar-en-la-compactadora\\\/#primaryimage\",\"url\":\"https:\\\/\\\/noticiasnet-s3.cdn.net.ar\\\/s3i233\\\/2024\\\/04\\\/noticiasnet\\\/images\\\/66\\\/59\\\/665902_2ca9be20e7dc833f4f7c4c7850a88c083543ef7a227da67062421310c6f52004\\\/lg.jpg\",\"contentUrl\":\"https:\\\/\\\/noticiasnet-s3.cdn.net.ar\\\/s3i233\\\/2024\\\/04\\\/noticiasnet\\\/images\\\/66\\\/59\\\/665902_2ca9be20e7dc833f4f7c4c7850a88c083543ef7a227da67062421310c6f52004\\\/lg.jpg\"},{\"@type\":\"BreadcrumbList\",\"@id\":\"https:\\\/\\\/patagoniambiental.com.ar\\\/info\\\/unos-300-vehiculos-estan-listos-para-terminar-en-la-compactadora\\\/#breadcrumb\",\"itemListElement\":[{\"@type\":\"ListItem\",\"position\":1,\"name\":\"Inicio\",\"item\":\"https:\\\/\\\/patagoniambiental.com.ar\\\/info\\\/\"},{\"@type\":\"ListItem\",\"position\":2,\"name\":\"Unos 300 veh\u00edculos est\u00e1n listos para terminar en la compactadora\"}]},{\"@type\":\"WebSite\",\"@id\":\"https:\\\/\\\/patagoniambiental.com.ar\\\/info\\\/#website\",\"url\":\"https:\\\/\\\/patagoniambiental.com.ar\\\/info\\\/\",\"name\":\"Patagonia Ambiental\",\"description\":\"Monitoreo y an\u00e1lisis de la situaci\u00f3n geopol\u00edtica en el mundo y su implicancia en la Patagonia\",\"publisher\":{\"@id\":\"https:\\\/\\\/patagoniambiental.com.ar\\\/info\\\/#organization\"},\"potentialAction\":[{\"@type\":\"SearchAction\",\"target\":{\"@type\":\"EntryPoint\",\"urlTemplate\":\"https:\\\/\\\/patagoniambiental.com.ar\\\/info\\\/?s={search_term_string}\"},\"query-input\":{\"@type\":\"PropertyValueSpecification\",\"valueRequired\":true,\"valueName\":\"search_term_string\"}}],\"inLanguage\":\"es\"},{\"@type\":\"Organization\",\"@id\":\"https:\\\/\\\/patagoniambiental.com.ar\\\/info\\\/#organization\",\"name\":\"Patagonia Ambiental\",\"url\":\"https:\\\/\\\/patagoniambiental.com.ar\\\/info\\\/\",\"logo\":{\"@type\":\"ImageObject\",\"inLanguage\":\"es\",\"@id\":\"https:\\\/\\\/patagoniambiental.com.ar\\\/info\\\/#\\\/schema\\\/logo\\\/image\\\/\",\"url\":\"https:\\\/\\\/patagoniambiental.com.ar\\\/info\\\/wp-content\\\/uploads\\\/2025\\\/05\\\/LOGO-PATAGONIA-AMBIENTAL.png\",\"contentUrl\":\"https:\\\/\\\/patagoniambiental.com.ar\\\/info\\\/wp-content\\\/uploads\\\/2025\\\/05\\\/LOGO-PATAGONIA-AMBIENTAL.png\",\"width\":433,\"height\":250,\"caption\":\"Patagonia Ambiental\"},\"image\":{\"@id\":\"https:\\\/\\\/patagoniambiental.com.ar\\\/info\\\/#\\\/schema\\\/logo\\\/image\\\/\"},\"sameAs\":[\"https:\\\/\\\/www.facebook.com\\\/patagonia.ambiental\",\"https:\\\/\\\/x.com\\\/PatAmb\"]},{\"@type\":\"Person\",\"@id\":\"https:\\\/\\\/patagoniambiental.com.ar\\\/info\\\/#\\\/schema\\\/person\\\/db12bff64bbcbf6a253710bf0ea37b5d\",\"name\":\"Patagonia Ambiental\",\"description\":\"Andr\u00e9s Nievas T\u00e9cnico en manejo ambiental, consultor Ambiental y escritor para medios locales e internacionales sobre temas de geopolitica y medio ambiente.\",\"sameAs\":[\"http:\\\/\\\/www.patagoniambiental.com.ar\",\"https:\\\/\\\/www.facebook.com\\\/share\\\/1C1V8Gv9BX\\\/?mibextid=qi2Omg\",\"@patagoniambiental\",\"https:\\\/\\\/youtube.com\\\/@patagoniaambiental2023?si=BLt58t0wuXquxlYZ\"]}]}<\/script>\n<!-- \/ Yoast SEO Premium plugin. -->","yoast_head_json":{"title":"Unos 300 veh\u00edculos est\u00e1n listos para terminar en la compactadora","robots":{"index":"index","follow":"follow","max-snippet":"max-snippet:-1","max-image-preview":"max-image-preview:large","max-video-preview":"max-video-preview:-1"},"canonical":"https:\/\/patagoniambiental.com.ar\/info\/unos-300-vehiculos-estan-listos-para-terminar-en-la-compactadora\/","og_locale":"es_ES","og_type":"article","og_title":"Unos 300 veh\u00edculos est\u00e1n listos para terminar en la compactadora","og_url":"https:\/\/patagoniambiental.com.ar\/info\/unos-300-vehiculos-estan-listos-para-terminar-en-la-compactadora\/","og_site_name":"Patagonia Ambiental","article_publisher":"https:\/\/www.facebook.com\/patagonia.ambiental","article_author":"https:\/\/www.facebook.com\/share\/1C1V8Gv9BX\/?mibextid=qi2Omg","article_published_time":"2024-04-07T22:00:00+00:00","article_modified_time":"2024-04-08T12:48:50+00:00","og_image":[{"url":"https:\/\/noticiasnet-s3.cdn.net.ar\/s3i233\/2024\/04\/noticiasnet\/images\/66\/59\/665902_2ca9be20e7dc833f4f7c4c7850a88c083543ef7a227da67062421310c6f52004\/lg.jpg","type":"","width":"","height":""}],"author":"Patagonia Ambiental","twitter_card":"summary_large_image","twitter_creator":"@PatAmb","twitter_site":"@PatAmb","schema":{"@context":"https:\/\/schema.org","@graph":[{"@type":"Article","@id":"https:\/\/patagoniambiental.com.ar\/info\/unos-300-vehiculos-estan-listos-para-terminar-en-la-compactadora\/#article","isPartOf":{"@id":"https:\/\/patagoniambiental.com.ar\/info\/unos-300-vehiculos-estan-listos-para-terminar-en-la-compactadora\/"},"author":{"name":"Patagonia Ambiental","@id":"https:\/\/patagoniambiental.com.ar\/info\/#\/schema\/person\/db12bff64bbcbf6a253710bf0ea37b5d"},"headline":"Unos 300 veh\u00edculos est\u00e1n listos para terminar en la compactadora","datePublished":"2024-04-07T22:00:00+00:00","dateModified":"2024-04-08T12:48:50+00:00","mainEntityOfPage":{"@id":"https:\/\/patagoniambiental.com.ar\/info\/unos-300-vehiculos-estan-listos-para-terminar-en-la-compactadora\/"},"wordCount":342,"commentCount":0,"publisher":{"@id":"https:\/\/patagoniambiental.com.ar\/info\/#organization"},"image":{"@id":"https:\/\/patagoniambiental.com.ar\/info\/unos-300-vehiculos-estan-listos-para-terminar-en-la-compactadora\/#primaryimage"},"thumbnailUrl":"https:\/\/noticiasnet-s3.cdn.net.ar\/s3i233\/2024\/04\/noticiasnet\/images\/66\/59\/665902_2ca9be20e7dc833f4f7c4c7850a88c083543ef7a227da67062421310c6f52004\/lg.jpg","articleSection":["Noticias"],"inLanguage":"es","potentialAction":[{"@type":"CommentAction","name":"Comment","target":["https:\/\/patagoniambiental.com.ar\/info\/unos-300-vehiculos-estan-listos-para-terminar-en-la-compactadora\/#respond"]}]},{"@type":"WebPage","@id":"https:\/\/patagoniambiental.com.ar\/info\/unos-300-vehiculos-estan-listos-para-terminar-en-la-compactadora\/","url":"https:\/\/patagoniambiental.com.ar\/info\/unos-300-vehiculos-estan-listos-para-terminar-en-la-compactadora\/","name":"Unos 300 veh\u00edculos est\u00e1n listos para terminar en la compactadora","isPartOf":{"@id":"https:\/\/patagoniambiental.com.ar\/info\/#website"},"primaryImageOfPage":{"@id":"https:\/\/patagoniambiental.com.ar\/info\/unos-300-vehiculos-estan-listos-para-terminar-en-la-compactadora\/#primaryimage"},"image":{"@id":"https:\/\/patagoniambiental.com.ar\/info\/unos-300-vehiculos-estan-listos-para-terminar-en-la-compactadora\/#primaryimage"},"thumbnailUrl":"https:\/\/noticiasnet-s3.cdn.net.ar\/s3i233\/2024\/04\/noticiasnet\/images\/66\/59\/665902_2ca9be20e7dc833f4f7c4c7850a88c083543ef7a227da67062421310c6f52004\/lg.jpg","datePublished":"2024-04-07T22:00:00+00:00","dateModified":"2024-04-08T12:48:50+00:00","breadcrumb":{"@id":"https:\/\/patagoniambiental.com.ar\/info\/unos-300-vehiculos-estan-listos-para-terminar-en-la-compactadora\/#breadcrumb"},"inLanguage":"es","potentialAction":[{"@type":"ReadAction","target":["https:\/\/patagoniambiental.com.ar\/info\/unos-300-vehiculos-estan-listos-para-terminar-en-la-compactadora\/"]}]},{"@type":"ImageObject","inLanguage":"es","@id":"https:\/\/patagoniambiental.com.ar\/info\/unos-300-vehiculos-estan-listos-para-terminar-en-la-compactadora\/#primaryimage","url":"https:\/\/noticiasnet-s3.cdn.net.ar\/s3i233\/2024\/04\/noticiasnet\/images\/66\/59\/665902_2ca9be20e7dc833f4f7c4c7850a88c083543ef7a227da67062421310c6f52004\/lg.jpg","contentUrl":"https:\/\/noticiasnet-s3.cdn.net.ar\/s3i233\/2024\/04\/noticiasnet\/images\/66\/59\/665902_2ca9be20e7dc833f4f7c4c7850a88c083543ef7a227da67062421310c6f52004\/lg.jpg"},{"@type":"BreadcrumbList","@id":"https:\/\/patagoniambiental.com.ar\/info\/unos-300-vehiculos-estan-listos-para-terminar-en-la-compactadora\/#breadcrumb","itemListElement":[{"@type":"ListItem","position":1,"name":"Inicio","item":"https:\/\/patagoniambiental.com.ar\/info\/"},{"@type":"ListItem","position":2,"name":"Unos 300 veh\u00edculos est\u00e1n listos para terminar en la compactadora"}]},{"@type":"WebSite","@id":"https:\/\/patagoniambiental.com.ar\/info\/#website","url":"https:\/\/patagoniambiental.com.ar\/info\/","name":"Patagonia Ambiental","description":"Monitoreo y an\u00e1lisis de la situaci\u00f3n geopol\u00edtica en el mundo y su implicancia en la Patagonia","publisher":{"@id":"https:\/\/patagoniambiental.com.ar\/info\/#organization"},"potentialAction":[{"@type":"SearchAction","target":{"@type":"EntryPoint","urlTemplate":"https:\/\/patagoniambiental.com.ar\/info\/?s={search_term_string}"},"query-input":{"@type":"PropertyValueSpecification","valueRequired":true,"valueName":"search_term_string"}}],"inLanguage":"es"},{"@type":"Organization","@id":"https:\/\/patagoniambiental.com.ar\/info\/#organization","name":"Patagonia Ambiental","url":"https:\/\/patagoniambiental.com.ar\/info\/","logo":{"@type":"ImageObject","inLanguage":"es","@id":"https:\/\/patagoniambiental.com.ar\/info\/#\/schema\/logo\/image\/","url":"https:\/\/patagoniambiental.com.ar\/info\/wp-content\/uploads\/2025\/05\/LOGO-PATAGONIA-AMBIENTAL.png","contentUrl":"https:\/\/patagoniambiental.com.ar\/info\/wp-content\/uploads\/2025\/05\/LOGO-PATAGONIA-AMBIENTAL.png","width":433,"height":250,"caption":"Patagonia Ambiental"},"image":{"@id":"https:\/\/patagoniambiental.com.ar\/info\/#\/schema\/logo\/image\/"},"sameAs":["https:\/\/www.facebook.com\/patagonia.ambiental","https:\/\/x.com\/PatAmb"]},{"@type":"Person","@id":"https:\/\/patagoniambiental.com.ar\/info\/#\/schema\/person\/db12bff64bbcbf6a253710bf0ea37b5d","name":"Patagonia Ambiental","description":"Andr\u00e9s Nievas T\u00e9cnico en manejo ambiental, consultor Ambiental y escritor para medios locales e internacionales sobre temas de geopolitica y medio ambiente.","sameAs":["http:\/\/www.patagoniambiental.com.ar","https:\/\/www.facebook.com\/share\/1C1V8Gv9BX\/?mibextid=qi2Omg","@patagoniambiental","https:\/\/youtube.com\/@patagoniaambiental2023?si=BLt58t0wuXquxlYZ"]}]}},"_links":{"self":[{"href":"https:\/\/patagoniambiental.com.ar\/info\/wp-json\/wp\/v2\/posts\/81341","targetHints":{"allow":["GET"]}}],"collection":[{"href":"https:\/\/patagoniambiental.com.ar\/info\/wp-json\/wp\/v2\/posts"}],"about":[{"href":"https:\/\/patagoniambiental.com.ar\/info\/wp-json\/wp\/v2\/types\/post"}],"author":[{"embeddable":true,"href":"https:\/\/patagoniambiental.com.ar\/info\/wp-json\/wp\/v2\/users\/2"}],"replies":[{"embeddable":true,"href":"https:\/\/patagoniambiental.com.ar\/info\/wp-json\/wp\/v2\/comments?post=81341"}],"version-history":[{"count":0,"href":"https:\/\/patagoniambiental.com.ar\/info\/wp-json\/wp\/v2\/posts\/81341\/revisions"}],"wp:attachment":[{"href":"https:\/\/patagoniambiental.com.ar\/info\/wp-json\/wp\/v2\/media?parent=81341"}],"wp:term":[{"taxonomy":"category","embeddable":true,"href":"https:\/\/patagoniambiental.com.ar\/info\/wp-json\/wp\/v2\/categories?post=81341"},{"taxonomy":"post_tag","embeddable":true,"href":"https:\/\/patagoniambiental.com.ar\/info\/wp-json\/wp\/v2\/tags?post=81341"}],"curies":[{"name":"wp","href":"https:\/\/api.w.org\/{rel}","templated":true}]}}