{"id":81345,"date":"2024-04-07T19:00:00","date_gmt":"2024-04-07T22:00:00","guid":{"rendered":"https:\/\/patagoniambiental.com.ar\/info\/?p=81345"},"modified":"2024-08-12T23:51:55","modified_gmt":"2024-08-13T02:51:55","slug":"no-encontraron-indicios-de-uso-militar-en-la-base-espacial-china","status":"publish","type":"post","link":"https:\/\/patagoniambiental.com.ar\/info\/no-encontraron-indicios-de-uso-militar-en-la-base-espacial-china\/","title":{"rendered":"No encontraron indicios de uso militar en la base espacial china"},"content":{"rendered":"\n<!--more-->\n\n\n\n<p>El embajador de Estados Unidos&nbsp;<strong>Marc Stanley<\/strong>, hab\u00eda cuestionado \u00bbque Argentina permita que las&nbsp;<strong>Fuerzas Armadas&nbsp;<\/strong>de&nbsp;<strong>China&nbsp;<\/strong>operen en&nbsp;<strong>Neuqu\u00e9n<\/strong>\u00bb. A pesar de la controversia, hubo ingresos de varios ministros, embajadores y cient\u00edficos al lugar, donde hasta el momento&nbsp;<strong>no encontraron ning\u00fan tipo de indicio que haya actividad militar.<\/strong><\/p>\n\n\n\n<p>El viernes el Gobierno confirm\u00f3 que tiene intenci\u00f3n de inspeccionar la labor en las instalaciones de la base espacial China instalada en Neuqu\u00e9n, que depende de las Fuerzas Armadas de ese pa\u00eds.<\/p>\n\n\n\n<p>En las \u00faltimas horas se sum\u00f3 un nuevo pedido de inspecci\u00f3n al trabajo que se lleva adelante por parte del pa\u00eds asi\u00e1tico. El propio gobernador de Neuqu\u00e9n, Rolando \u00abRolo\u00bb Figueroa, emiti\u00f3 un comunicado en el cual pidi\u00f3 \u00abcuidar la transparencia\u00bb.<\/p>\n\n\n\n<p>\u201cCon relaci\u00f3n a la Estaci\u00f3n Espacial ubicada en el paraje Quintuco -en proximidades de Bajada del Agrio- que por estos d\u00edas es motivo de debates en medios regionales y nacionales, el Gobierno de la Provincia del Neuqu\u00e9n sostiene que es imprescindible garantizar la seguridad jur\u00eddica en el cumplimiento de los contratos y acuerdos establecidos. Tambi\u00e9n que debe asegurarse la m\u00e1xima transparencia en el desarrollo de las actividades que son objeto de dichos acuerdos\u201d, advirti\u00f3 Figueroa.<\/p>\n\n\n\n<p>La inspecci\u00f3n que se llevar\u00e1 a cabo el lunes por parte del Gobierno, es producto en gran parte de las declaraciones de Marc Stanley, embajador de los Estados Unidos en Argentina: \u00bbCon respecto a los chinos, me sorprende que la Argentina permita que las Fuerzas Armadas chinas operen en Neuqu\u00e9n, en secreto, haciendo qui\u00e9n sabe qu\u00e9. Tengo entendido que se trata de soldados del ej\u00e9rcito chino que operan este telescopio espacial, no s\u00e9 lo que hacen, creo que los argentinos tampoco lo saben, y deber\u00edan entender por qu\u00e9 los chinos est\u00e1n desplegados all\u00ed\u00bb, agreg\u00f3.<\/p>\n\n\n\n<div style=\"height:100px\" aria-hidden=\"true\" class=\"wp-block-spacer\"><\/div>\n\n\n\n<h2 class=\"wp-block-heading\" id=\"h-personas-que-estuvieron-en-la-base\"><strong>Personas que estuvieron en la base<\/strong><\/h2>\n\n\n\n<p>Seg\u00fan le revelaron al diario Clar\u00edn cient\u00edficos y funcionarios argentinos que participaron del proyecto, el personal chino de la estaci\u00f3n est\u00e1 compuesto por&nbsp;<strong>cinco cient\u00edficos, un electricista y un cocinero<\/strong>.<\/p>\n\n\n\n<p>\u00bb<strong>Es muy lenta para guiar o seguir misiles<\/strong>. Est\u00e1 preparada para seguir sat\u00e9lites o naves espaciales\u00bb, afirmaron en alusi\u00f3n a la antena de comunicaciones 35 metros de di\u00e1metro que se encuentra en la base.<\/p>\n\n\n\n<p>\u00bbTampoco puede hacer espionaje sobre el territorio norteamericano por la curvatura de la tierra\u00bb, aseguraron. La seguridad del predio est\u00e1 a cargo de la Polic\u00eda de Neuqu\u00e9n y hace unos a\u00f1os atr\u00e1s de una empresa privada,\u00a0<strong>\u00bbnunca de soldados chinos\u00bb<\/strong>.<\/p>\n\n\n\n<p>Adem\u00e1s, agregaron: \u00bbEn cuanto a la informaci\u00f3n que recopila China, la CONAE puede tener acceso a la misma por medio de un convenio espec\u00edfico.\u00bb<\/p>\n\n\n\n<p>Fuente:eldiarioweb<\/p>\n","protected":false},"excerpt":{"rendered":"","protected":false},"author":2,"featured_media":81272,"comment_status":"open","ping_status":"open","sticky":false,"template":"","format":"standard","meta":{"site-sidebar-layout":"default","site-content-layout":"","ast-site-content-layout":"default","site-content-style":"default","site-sidebar-style":"default","ast-global-header-display":"","ast-banner-title-visibility":"","ast-main-header-display":"","ast-hfb-above-header-display":"","ast-hfb-below-header-display":"","ast-hfb-mobile-header-display":"","site-post-title":"","ast-breadcrumbs-content":"","ast-featured-img":"","footer-sml-layout":"","ast-disable-related-posts":"","theme-transparent-header-meta":"","adv-header-id-meta":"","stick-header-meta":"","header-above-stick-meta":"","header-main-stick-meta":"","header-below-stick-meta":"","astra-migrate-meta-layouts":"default","ast-page-background-enabled":"default","ast-page-background-meta":{"desktop":{"background-color":"var(--ast-global-color-5)","background-image":"","background-repeat":"repeat","background-position":"center center","background-size":"auto","background-attachment":"scroll","background-type":"","background-media":"","overlay-type":"","overlay-color":"","overlay-opacity":"","overlay-gradient":""},"tablet":{"background-color":"","background-image":"","background-repeat":"repeat","background-position":"center center","background-size":"auto","background-attachment":"scroll","background-type":"","background-media":"","overlay-type":"","overlay-color":"","overlay-opacity":"","overlay-gradient":""},"mobile":{"background-color":"","background-image":"","background-repeat":"repeat","background-position":"center center","background-size":"auto","background-attachment":"scroll","background-type":"","background-media":"","overlay-type":"","overlay-color":"","overlay-opacity":"","overlay-gradient":""}},"ast-content-background-meta":{"desktop":{"background-color":"var(--ast-global-color-4)","background-image":"","background-repeat":"repeat","background-position":"center center","background-size":"auto","background-attachment":"scroll","background-type":"","background-media":"","overlay-type":"","overlay-color":"","overlay-opacity":"","overlay-gradient":""},"tablet":{"background-color":"var(--ast-global-color-4)","background-image":"","background-repeat":"repeat","background-position":"center center","background-size":"auto","background-attachment":"scroll","background-type":"","background-media":"","overlay-type":"","overlay-color":"","overlay-opacity":"","overlay-gradient":""},"mobile":{"background-color":"var(--ast-global-color-4)","background-image":"","background-repeat":"repeat","background-position":"center center","background-size":"auto","background-attachment":"scroll","background-type":"","background-media":"","overlay-type":"","overlay-color":"","overlay-opacity":"","overlay-gradient":""}},"footnotes":""},"categories":[1],"tags":[],"class_list":["post-81345","post","type-post","status-publish","format-standard","has-post-thumbnail","hentry","category-noticias"],"yoast_head":"<!-- This site is optimized with the Yoast SEO Premium plugin v23.0 (Yoast SEO v27.4) - https:\/\/yoast.com\/product\/yoast-seo-premium-wordpress\/ -->\n<title>No encontraron indicios de uso militar en la base espacial china<\/title>\n<meta name=\"robots\" content=\"index, follow, max-snippet:-1, max-image-preview:large, max-video-preview:-1\" \/>\n<link rel=\"canonical\" href=\"https:\/\/patagoniambiental.com.ar\/info\/no-encontraron-indicios-de-uso-militar-en-la-base-espacial-china\/\" \/>\n<meta property=\"og:locale\" content=\"es_ES\" \/>\n<meta property=\"og:type\" content=\"article\" \/>\n<meta property=\"og:title\" content=\"No encontraron indicios de uso militar en la base espacial china\" \/>\n<meta property=\"og:url\" content=\"https:\/\/patagoniambiental.com.ar\/info\/no-encontraron-indicios-de-uso-militar-en-la-base-espacial-china\/\" \/>\n<meta property=\"og:site_name\" content=\"Patagonia Ambiental\" \/>\n<meta property=\"article:publisher\" content=\"https:\/\/www.facebook.com\/patagonia.ambiental\" \/>\n<meta property=\"article:author\" content=\"https:\/\/www.facebook.com\/share\/1C1V8Gv9BX\/?mibextid=qi2Omg\" \/>\n<meta property=\"article:published_time\" content=\"2024-04-07T22:00:00+00:00\" \/>\n<meta property=\"article:modified_time\" content=\"2024-08-13T02:51:55+00:00\" \/>\n<meta property=\"og:image\" content=\"https:\/\/patagoniambiental.com.ar\/info\/wp-content\/uploads\/2024\/04\/base-china-neuquen-AA.webp\" \/>\n\t<meta property=\"og:image:width\" content=\"1200\" \/>\n\t<meta property=\"og:image:height\" content=\"768\" \/>\n\t<meta property=\"og:image:type\" content=\"image\/webp\" \/>\n<meta name=\"author\" content=\"Patagonia Ambiental\" \/>\n<meta name=\"twitter:card\" content=\"summary_large_image\" \/>\n<meta name=\"twitter:creator\" content=\"@PatAmb\" \/>\n<meta name=\"twitter:site\" content=\"@PatAmb\" \/>\n<script type=\"application\/ld+json\" class=\"yoast-schema-graph\">{\"@context\":\"https:\\\/\\\/schema.org\",\"@graph\":[{\"@type\":\"Article\",\"@id\":\"https:\\\/\\\/patagoniambiental.com.ar\\\/info\\\/no-encontraron-indicios-de-uso-militar-en-la-base-espacial-china\\\/#article\",\"isPartOf\":{\"@id\":\"https:\\\/\\\/patagoniambiental.com.ar\\\/info\\\/no-encontraron-indicios-de-uso-militar-en-la-base-espacial-china\\\/\"},\"author\":{\"name\":\"Patagonia Ambiental\",\"@id\":\"https:\\\/\\\/patagoniambiental.com.ar\\\/info\\\/#\\\/schema\\\/person\\\/db12bff64bbcbf6a253710bf0ea37b5d\"},\"headline\":\"No encontraron indicios de uso militar en la base espacial china\",\"datePublished\":\"2024-04-07T22:00:00+00:00\",\"dateModified\":\"2024-08-13T02:51:55+00:00\",\"mainEntityOfPage\":{\"@id\":\"https:\\\/\\\/patagoniambiental.com.ar\\\/info\\\/no-encontraron-indicios-de-uso-militar-en-la-base-espacial-china\\\/\"},\"wordCount\":484,\"commentCount\":0,\"publisher\":{\"@id\":\"https:\\\/\\\/patagoniambiental.com.ar\\\/info\\\/#organization\"},\"image\":{\"@id\":\"https:\\\/\\\/patagoniambiental.com.ar\\\/info\\\/no-encontraron-indicios-de-uso-militar-en-la-base-espacial-china\\\/#primaryimage\"},\"thumbnailUrl\":\"https:\\\/\\\/patagoniambiental.com.ar\\\/info\\\/wp-content\\\/uploads\\\/2024\\\/04\\\/base-china-neuquen-AA.webp\",\"articleSection\":[\"Noticias\"],\"inLanguage\":\"es\",\"potentialAction\":[{\"@type\":\"CommentAction\",\"name\":\"Comment\",\"target\":[\"https:\\\/\\\/patagoniambiental.com.ar\\\/info\\\/no-encontraron-indicios-de-uso-militar-en-la-base-espacial-china\\\/#respond\"]}]},{\"@type\":\"WebPage\",\"@id\":\"https:\\\/\\\/patagoniambiental.com.ar\\\/info\\\/no-encontraron-indicios-de-uso-militar-en-la-base-espacial-china\\\/\",\"url\":\"https:\\\/\\\/patagoniambiental.com.ar\\\/info\\\/no-encontraron-indicios-de-uso-militar-en-la-base-espacial-china\\\/\",\"name\":\"No encontraron indicios de uso militar en la base espacial china\",\"isPartOf\":{\"@id\":\"https:\\\/\\\/patagoniambiental.com.ar\\\/info\\\/#website\"},\"primaryImageOfPage\":{\"@id\":\"https:\\\/\\\/patagoniambiental.com.ar\\\/info\\\/no-encontraron-indicios-de-uso-militar-en-la-base-espacial-china\\\/#primaryimage\"},\"image\":{\"@id\":\"https:\\\/\\\/patagoniambiental.com.ar\\\/info\\\/no-encontraron-indicios-de-uso-militar-en-la-base-espacial-china\\\/#primaryimage\"},\"thumbnailUrl\":\"https:\\\/\\\/patagoniambiental.com.ar\\\/info\\\/wp-content\\\/uploads\\\/2024\\\/04\\\/base-china-neuquen-AA.webp\",\"datePublished\":\"2024-04-07T22:00:00+00:00\",\"dateModified\":\"2024-08-13T02:51:55+00:00\",\"breadcrumb\":{\"@id\":\"https:\\\/\\\/patagoniambiental.com.ar\\\/info\\\/no-encontraron-indicios-de-uso-militar-en-la-base-espacial-china\\\/#breadcrumb\"},\"inLanguage\":\"es\",\"potentialAction\":[{\"@type\":\"ReadAction\",\"target\":[\"https:\\\/\\\/patagoniambiental.com.ar\\\/info\\\/no-encontraron-indicios-de-uso-militar-en-la-base-espacial-china\\\/\"]}]},{\"@type\":\"ImageObject\",\"inLanguage\":\"es\",\"@id\":\"https:\\\/\\\/patagoniambiental.com.ar\\\/info\\\/no-encontraron-indicios-de-uso-militar-en-la-base-espacial-china\\\/#primaryimage\",\"url\":\"https:\\\/\\\/patagoniambiental.com.ar\\\/info\\\/wp-content\\\/uploads\\\/2024\\\/04\\\/base-china-neuquen-AA.webp\",\"contentUrl\":\"https:\\\/\\\/patagoniambiental.com.ar\\\/info\\\/wp-content\\\/uploads\\\/2024\\\/04\\\/base-china-neuquen-AA.webp\",\"width\":1200,\"height\":768},{\"@type\":\"BreadcrumbList\",\"@id\":\"https:\\\/\\\/patagoniambiental.com.ar\\\/info\\\/no-encontraron-indicios-de-uso-militar-en-la-base-espacial-china\\\/#breadcrumb\",\"itemListElement\":[{\"@type\":\"ListItem\",\"position\":1,\"name\":\"Inicio\",\"item\":\"https:\\\/\\\/patagoniambiental.com.ar\\\/info\\\/\"},{\"@type\":\"ListItem\",\"position\":2,\"name\":\"No encontraron indicios de uso militar en la base espacial china\"}]},{\"@type\":\"WebSite\",\"@id\":\"https:\\\/\\\/patagoniambiental.com.ar\\\/info\\\/#website\",\"url\":\"https:\\\/\\\/patagoniambiental.com.ar\\\/info\\\/\",\"name\":\"Patagonia Ambiental\",\"description\":\"Monitoreo y an\u00e1lisis de la situaci\u00f3n geopol\u00edtica en el mundo y su implicancia en la Patagonia\",\"publisher\":{\"@id\":\"https:\\\/\\\/patagoniambiental.com.ar\\\/info\\\/#organization\"},\"potentialAction\":[{\"@type\":\"SearchAction\",\"target\":{\"@type\":\"EntryPoint\",\"urlTemplate\":\"https:\\\/\\\/patagoniambiental.com.ar\\\/info\\\/?s={search_term_string}\"},\"query-input\":{\"@type\":\"PropertyValueSpecification\",\"valueRequired\":true,\"valueName\":\"search_term_string\"}}],\"inLanguage\":\"es\"},{\"@type\":\"Organization\",\"@id\":\"https:\\\/\\\/patagoniambiental.com.ar\\\/info\\\/#organization\",\"name\":\"Patagonia Ambiental\",\"url\":\"https:\\\/\\\/patagoniambiental.com.ar\\\/info\\\/\",\"logo\":{\"@type\":\"ImageObject\",\"inLanguage\":\"es\",\"@id\":\"https:\\\/\\\/patagoniambiental.com.ar\\\/info\\\/#\\\/schema\\\/logo\\\/image\\\/\",\"url\":\"https:\\\/\\\/patagoniambiental.com.ar\\\/info\\\/wp-content\\\/uploads\\\/2025\\\/05\\\/LOGO-PATAGONIA-AMBIENTAL.png\",\"contentUrl\":\"https:\\\/\\\/patagoniambiental.com.ar\\\/info\\\/wp-content\\\/uploads\\\/2025\\\/05\\\/LOGO-PATAGONIA-AMBIENTAL.png\",\"width\":433,\"height\":250,\"caption\":\"Patagonia Ambiental\"},\"image\":{\"@id\":\"https:\\\/\\\/patagoniambiental.com.ar\\\/info\\\/#\\\/schema\\\/logo\\\/image\\\/\"},\"sameAs\":[\"https:\\\/\\\/www.facebook.com\\\/patagonia.ambiental\",\"https:\\\/\\\/x.com\\\/PatAmb\"]},{\"@type\":\"Person\",\"@id\":\"https:\\\/\\\/patagoniambiental.com.ar\\\/info\\\/#\\\/schema\\\/person\\\/db12bff64bbcbf6a253710bf0ea37b5d\",\"name\":\"Patagonia Ambiental\",\"description\":\"Andr\u00e9s Nievas T\u00e9cnico en manejo ambiental, consultor Ambiental y escritor para medios locales e internacionales sobre temas de geopolitica y medio ambiente.\",\"sameAs\":[\"http:\\\/\\\/www.patagoniambiental.com.ar\",\"https:\\\/\\\/www.facebook.com\\\/share\\\/1C1V8Gv9BX\\\/?mibextid=qi2Omg\",\"@patagoniambiental\",\"https:\\\/\\\/youtube.com\\\/@patagoniaambiental2023?si=BLt58t0wuXquxlYZ\"]}]}<\/script>\n<!-- \/ Yoast SEO Premium plugin. -->","yoast_head_json":{"title":"No encontraron indicios de uso militar en la base espacial china","robots":{"index":"index","follow":"follow","max-snippet":"max-snippet:-1","max-image-preview":"max-image-preview:large","max-video-preview":"max-video-preview:-1"},"canonical":"https:\/\/patagoniambiental.com.ar\/info\/no-encontraron-indicios-de-uso-militar-en-la-base-espacial-china\/","og_locale":"es_ES","og_type":"article","og_title":"No encontraron indicios de uso militar en la base espacial china","og_url":"https:\/\/patagoniambiental.com.ar\/info\/no-encontraron-indicios-de-uso-militar-en-la-base-espacial-china\/","og_site_name":"Patagonia Ambiental","article_publisher":"https:\/\/www.facebook.com\/patagonia.ambiental","article_author":"https:\/\/www.facebook.com\/share\/1C1V8Gv9BX\/?mibextid=qi2Omg","article_published_time":"2024-04-07T22:00:00+00:00","article_modified_time":"2024-08-13T02:51:55+00:00","og_image":[{"width":1200,"height":768,"url":"https:\/\/patagoniambiental.com.ar\/info\/wp-content\/uploads\/2024\/04\/base-china-neuquen-AA.webp","type":"image\/webp"}],"author":"Patagonia Ambiental","twitter_card":"summary_large_image","twitter_creator":"@PatAmb","twitter_site":"@PatAmb","schema":{"@context":"https:\/\/schema.org","@graph":[{"@type":"Article","@id":"https:\/\/patagoniambiental.com.ar\/info\/no-encontraron-indicios-de-uso-militar-en-la-base-espacial-china\/#article","isPartOf":{"@id":"https:\/\/patagoniambiental.com.ar\/info\/no-encontraron-indicios-de-uso-militar-en-la-base-espacial-china\/"},"author":{"name":"Patagonia Ambiental","@id":"https:\/\/patagoniambiental.com.ar\/info\/#\/schema\/person\/db12bff64bbcbf6a253710bf0ea37b5d"},"headline":"No encontraron indicios de uso militar en la base espacial china","datePublished":"2024-04-07T22:00:00+00:00","dateModified":"2024-08-13T02:51:55+00:00","mainEntityOfPage":{"@id":"https:\/\/patagoniambiental.com.ar\/info\/no-encontraron-indicios-de-uso-militar-en-la-base-espacial-china\/"},"wordCount":484,"commentCount":0,"publisher":{"@id":"https:\/\/patagoniambiental.com.ar\/info\/#organization"},"image":{"@id":"https:\/\/patagoniambiental.com.ar\/info\/no-encontraron-indicios-de-uso-militar-en-la-base-espacial-china\/#primaryimage"},"thumbnailUrl":"https:\/\/patagoniambiental.com.ar\/info\/wp-content\/uploads\/2024\/04\/base-china-neuquen-AA.webp","articleSection":["Noticias"],"inLanguage":"es","potentialAction":[{"@type":"CommentAction","name":"Comment","target":["https:\/\/patagoniambiental.com.ar\/info\/no-encontraron-indicios-de-uso-militar-en-la-base-espacial-china\/#respond"]}]},{"@type":"WebPage","@id":"https:\/\/patagoniambiental.com.ar\/info\/no-encontraron-indicios-de-uso-militar-en-la-base-espacial-china\/","url":"https:\/\/patagoniambiental.com.ar\/info\/no-encontraron-indicios-de-uso-militar-en-la-base-espacial-china\/","name":"No encontraron indicios de uso militar en la base espacial china","isPartOf":{"@id":"https:\/\/patagoniambiental.com.ar\/info\/#website"},"primaryImageOfPage":{"@id":"https:\/\/patagoniambiental.com.ar\/info\/no-encontraron-indicios-de-uso-militar-en-la-base-espacial-china\/#primaryimage"},"image":{"@id":"https:\/\/patagoniambiental.com.ar\/info\/no-encontraron-indicios-de-uso-militar-en-la-base-espacial-china\/#primaryimage"},"thumbnailUrl":"https:\/\/patagoniambiental.com.ar\/info\/wp-content\/uploads\/2024\/04\/base-china-neuquen-AA.webp","datePublished":"2024-04-07T22:00:00+00:00","dateModified":"2024-08-13T02:51:55+00:00","breadcrumb":{"@id":"https:\/\/patagoniambiental.com.ar\/info\/no-encontraron-indicios-de-uso-militar-en-la-base-espacial-china\/#breadcrumb"},"inLanguage":"es","potentialAction":[{"@type":"ReadAction","target":["https:\/\/patagoniambiental.com.ar\/info\/no-encontraron-indicios-de-uso-militar-en-la-base-espacial-china\/"]}]},{"@type":"ImageObject","inLanguage":"es","@id":"https:\/\/patagoniambiental.com.ar\/info\/no-encontraron-indicios-de-uso-militar-en-la-base-espacial-china\/#primaryimage","url":"https:\/\/patagoniambiental.com.ar\/info\/wp-content\/uploads\/2024\/04\/base-china-neuquen-AA.webp","contentUrl":"https:\/\/patagoniambiental.com.ar\/info\/wp-content\/uploads\/2024\/04\/base-china-neuquen-AA.webp","width":1200,"height":768},{"@type":"BreadcrumbList","@id":"https:\/\/patagoniambiental.com.ar\/info\/no-encontraron-indicios-de-uso-militar-en-la-base-espacial-china\/#breadcrumb","itemListElement":[{"@type":"ListItem","position":1,"name":"Inicio","item":"https:\/\/patagoniambiental.com.ar\/info\/"},{"@type":"ListItem","position":2,"name":"No encontraron indicios de uso militar en la base espacial china"}]},{"@type":"WebSite","@id":"https:\/\/patagoniambiental.com.ar\/info\/#website","url":"https:\/\/patagoniambiental.com.ar\/info\/","name":"Patagonia Ambiental","description":"Monitoreo y an\u00e1lisis de la situaci\u00f3n geopol\u00edtica en el mundo y su implicancia en la Patagonia","publisher":{"@id":"https:\/\/patagoniambiental.com.ar\/info\/#organization"},"potentialAction":[{"@type":"SearchAction","target":{"@type":"EntryPoint","urlTemplate":"https:\/\/patagoniambiental.com.ar\/info\/?s={search_term_string}"},"query-input":{"@type":"PropertyValueSpecification","valueRequired":true,"valueName":"search_term_string"}}],"inLanguage":"es"},{"@type":"Organization","@id":"https:\/\/patagoniambiental.com.ar\/info\/#organization","name":"Patagonia Ambiental","url":"https:\/\/patagoniambiental.com.ar\/info\/","logo":{"@type":"ImageObject","inLanguage":"es","@id":"https:\/\/patagoniambiental.com.ar\/info\/#\/schema\/logo\/image\/","url":"https:\/\/patagoniambiental.com.ar\/info\/wp-content\/uploads\/2025\/05\/LOGO-PATAGONIA-AMBIENTAL.png","contentUrl":"https:\/\/patagoniambiental.com.ar\/info\/wp-content\/uploads\/2025\/05\/LOGO-PATAGONIA-AMBIENTAL.png","width":433,"height":250,"caption":"Patagonia Ambiental"},"image":{"@id":"https:\/\/patagoniambiental.com.ar\/info\/#\/schema\/logo\/image\/"},"sameAs":["https:\/\/www.facebook.com\/patagonia.ambiental","https:\/\/x.com\/PatAmb"]},{"@type":"Person","@id":"https:\/\/patagoniambiental.com.ar\/info\/#\/schema\/person\/db12bff64bbcbf6a253710bf0ea37b5d","name":"Patagonia Ambiental","description":"Andr\u00e9s Nievas T\u00e9cnico en manejo ambiental, consultor Ambiental y escritor para medios locales e internacionales sobre temas de geopolitica y medio ambiente.","sameAs":["http:\/\/www.patagoniambiental.com.ar","https:\/\/www.facebook.com\/share\/1C1V8Gv9BX\/?mibextid=qi2Omg","@patagoniambiental","https:\/\/youtube.com\/@patagoniaambiental2023?si=BLt58t0wuXquxlYZ"]}]}},"_links":{"self":[{"href":"https:\/\/patagoniambiental.com.ar\/info\/wp-json\/wp\/v2\/posts\/81345","targetHints":{"allow":["GET"]}}],"collection":[{"href":"https:\/\/patagoniambiental.com.ar\/info\/wp-json\/wp\/v2\/posts"}],"about":[{"href":"https:\/\/patagoniambiental.com.ar\/info\/wp-json\/wp\/v2\/types\/post"}],"author":[{"embeddable":true,"href":"https:\/\/patagoniambiental.com.ar\/info\/wp-json\/wp\/v2\/users\/2"}],"replies":[{"embeddable":true,"href":"https:\/\/patagoniambiental.com.ar\/info\/wp-json\/wp\/v2\/comments?post=81345"}],"version-history":[{"count":0,"href":"https:\/\/patagoniambiental.com.ar\/info\/wp-json\/wp\/v2\/posts\/81345\/revisions"}],"wp:featuredmedia":[{"embeddable":true,"href":"https:\/\/patagoniambiental.com.ar\/info\/wp-json\/wp\/v2\/media\/81272"}],"wp:attachment":[{"href":"https:\/\/patagoniambiental.com.ar\/info\/wp-json\/wp\/v2\/media?parent=81345"}],"wp:term":[{"taxonomy":"category","embeddable":true,"href":"https:\/\/patagoniambiental.com.ar\/info\/wp-json\/wp\/v2\/categories?post=81345"},{"taxonomy":"post_tag","embeddable":true,"href":"https:\/\/patagoniambiental.com.ar\/info\/wp-json\/wp\/v2\/tags?post=81345"}],"curies":[{"name":"wp","href":"https:\/\/api.w.org\/{rel}","templated":true}]}}