{"id":81354,"date":"2024-04-07T19:00:00","date_gmt":"2024-04-07T22:00:00","guid":{"rendered":"https:\/\/patagoniambiental.com.ar\/info\/?p=81354"},"modified":"2024-08-12T23:52:32","modified_gmt":"2024-08-13T02:52:32","slug":"el-fiscal-breide-obeid-alerto-por-la-doble-vara-en-la-causa-por-los-transformadores-con-pcb-en-neuquen","status":"publish","type":"post","link":"https:\/\/patagoniambiental.com.ar\/info\/el-fiscal-breide-obeid-alerto-por-la-doble-vara-en-la-causa-por-los-transformadores-con-pcb-en-neuquen\/","title":{"rendered":"El fiscal Breide Obeid alert\u00f3 por la \u00abdoble vara\u00bb en la causa por los transformadores con PCB en Neuquen"},"content":{"rendered":"\n<!--more-->\n\n\n\n<p><strong>El titular de la unidad de Delitos Ambientales volvi\u00f3 a aclarar que no se le pudieron formular cargos al presidente de la Cooperativa de Luz de Plottier, Sergio Soto, porque la jueza Natalia Pelosso \u00abno quiso\u00bb y expres\u00f3 su preocupaci\u00f3n por \u00abun problema grave de principio de igualdad ante la ley\u00bb.<\/strong><\/p>\n\n\n\n<p><a href=\"javascript:void(0)\"><\/a><\/p>\n\n\n\n<figure class=\"wp-block-image\"><a href=\"https:\/\/www.minutoneuquen.com\/u\/fotografias\/fotosnoticias\/2023\/5\/21\/603897.jpg\"><img decoding=\"async\" src=\"https:\/\/www.minutoneuquen.com\/u\/fotografias\/m\/2023\/5\/21\/f685x385-603897_641590_5050.jpg\" alt=\"El fiscal Breide Obeid alert\u00f3 por la &quot;doble vara&quot; en la causa por los transformadores con PCB\"\/><\/a><figcaption class=\"wp-element-caption\">Transformadores con PCB enterrados. Fuente: (Facebook). .<\/figcaption><\/figure>\n\n\n\n<p><a href=\"https:\/\/www.minutoneuquen.com\/autor\/andres-marcelo-ramos.html\">Por\u00a0Andr\u00e9s Marcelo Ramos<\/a>.-Residuos generados por la industria petrolera, basurales a cielo abierto, pero sobre todo los transformadores con\u00a0<strong>PCB\u00a0<\/strong>que son un peligro para el medio ambiente y la salud p\u00fablica han provocado cortocircuitos en el Poder Judicial de Neuqu\u00e9n. El fiscal de Delitos Ambientales,\u00a0Maximiliano Breide Obeid, habl\u00f3 con \u00abEnfocados TV\u00bb y manifest\u00f3 que los jueces tienen \u201cuna doble vara para juzgar el mismo hecho\u201d.<\/p>\n\n\n\n<p>La decisi\u00f3n de la jueza de garant\u00edas Natalia Pelosso de rechazar la formulaci\u00f3n de cargos contra el actual concejal de Plottier por el MPN y presidente de la Cooperativa de luz de esa ciudad por la cauda de los transformadores con&nbsp;<strong>PCB&nbsp;<\/strong>y, m\u00e1s tarde, la decisi\u00f3n del Tribunal de Impugnaciones de no tratar la apelaci\u00f3n de la fiscal\u00eda&nbsp;caus\u00f3 la bronca de Breide Obeid.&nbsp;\u201cLlama la atenci\u00f3n que en abril del a\u00f1o pasado generamos cargos y la jueza dio por formulados los cargos. Quiero pensar que tienen criterios diferentes\u201d, sostuvo y dej\u00f3 en claro que no se pudieron formular caso a Soto porque \u201cla jueza -Pelosso- no quiso\u201d.<\/p>\n\n\n\n<figure class=\"wp-block-image\"><img decoding=\"async\" src=\"https:\/\/www.minutoneuquen.com\/u\/fotografias\/m\/2024\/4\/7\/f768x1-659426_659553_5050.jpg\" alt=\"\"\/><figcaption class=\"wp-element-caption\">Fiscal Maximiliano Breide Obeid. Fuente: (Enfocados TV).&nbsp;<\/figcaption><\/figure>\n\n\n\n<p>El fiscal jefe defendi\u00f3 la labor de la unidad a su cargo y&nbsp;aclar\u00f3: \u201cQued\u00f3 como que la fiscal\u00eda deber\u00e1 trabajar mejor, juntar m\u00e1s evidencia, pero no tengo m\u00e1s evidencia porque ya se hizo\u201d.&nbsp;Ante la decisi\u00f3n de la jueza de garant\u00edas y del Tribunal de Impugnaci\u00f3n record\u00f3 que las mismas pruebas si alcanzaron para formular cargos a Humberto Pe\u00f1alver, vicepresidente de la&nbsp;<a href=\"https:\/\/www.minutoneuquen.com\/neuquen\/2023\/4\/26\/contaminacion-encontraron-un-cubo-de-cemento-donde-podrian-estar-enterrados-los-transformadores-330911.html\" target=\"_blank\" rel=\"noreferrer noopener\">Cooperativa<\/a>. \u201cTenemos un problema grave de principio de igualdad ante la ley\u201d, alert\u00f3.<\/p>\n\n\n\n<p>En este sentido, opin\u00f3 que&nbsp;\u201chay una doble vara para juzgar el mismo hecho\u201d y se quej\u00f3 que \u201cno puede ser que ante los mismos hechos, la misma calificaci\u00f3n y una responsabilidad mayor (Soto es presidente y Pe\u00f1alver vicepresidente), a uno si se los puede imputar y a otros no\u201d.&nbsp;El funcionario judicial&nbsp;remarc\u00f3 que \u201cadem\u00e1s de todas las pruebas que encontramos, hay testigos y escuchas telef\u00f3nicas. Todo esto no alcanz\u00f3 para Soto y si para Pe\u00f1avert. Estamos en una situaci\u00f3n de desigualdad\u201d.<\/p>\n\n\n\n<figure class=\"wp-block-image\"><img decoding=\"async\" src=\"https:\/\/www.minutoneuquen.com\/u\/fotografias\/m\/2024\/4\/7\/f768x1-659427_659554_5050.jpg\" alt=\"\"\/><figcaption class=\"wp-element-caption\">La Justicia no hizo lugar a la formulaci\u00f3n de cargos contra Sergio Soto (derecha) y se apunta contra sus v\u00ednculos pol\u00edticos. Fuente: (Facebook).&nbsp;<\/figcaption><\/figure>\n\n\n\n<blockquote class=\"wp-block-quote is-layout-flow wp-block-quote-is-layout-flow\">\n<p>En el caso de Pe\u00f1alvert tenemos un mes para presentar la acusaci\u00f3n para ir a juicio, o sea, vamos a llevar al vicepresidente de la cooperativa a juicio y al presidente, a quien se dirig\u00eda las intimaciones, no.<\/p>\n<\/blockquote>\n\n\n\n<p>Adem\u00e1s de la&nbsp;<a href=\"https:\/\/www.mpfneuquen.gob.ar\/mpf\/index.php\/es\/\" target=\"_blank\" rel=\"noreferrer noopener\">contaminaci\u00f3n<\/a>&nbsp;ambiental con&nbsp;<strong>PCB&nbsp;<\/strong>y el riesgo para la salud de la ciudadan\u00eda de Plottier,&nbsp;el fiscal expres\u00f3 su preocupaci\u00f3n&nbsp;por los trabajadores de la Cooperativa de Luz que han colaborado con la investigaci\u00f3n \u201cporque quisieron tomar represalias contra ellos, quisieron echarlos, tuvieron que poner medidas cautelares\u201d.<\/p>\n\n\n\n<div style=\"height:100px\" aria-hidden=\"true\" class=\"wp-block-spacer\"><\/div>\n\n\n\n<h2 class=\"wp-block-heading\" id=\"h-comarsa\">Comarsa<\/h2>\n\n\n\n<p>Ubicada en el ejido urbano de la Ciudad de Neuqu\u00e9n, la empresa Comarsa, conocida como el basurero petrolero, tambi\u00e9n ha estado en el centro de la escena en las \u00faltimas semanas por la causa que lleva adelante la fiscal\u00eda por contaminaci\u00f3n y defraudaci\u00f3n.&nbsp;En cuanto a los riesgos que conlleva convivir con la empresa en plena ciudad, Breide Obeid manifest\u00f3 que le advirtieron al Municipio que \u201cno es conveniente habilitar el loteo que est\u00e1 detr\u00e1s de Comarsa\u201d. Explic\u00f3 que \u201ccuando llueve los residuos de petr\u00f3leo escurren hacia el exterior del predio. Hicieron un estudio de impacto ambiental y el estudio est\u00e1 observado\u201d.<\/p>\n\n\n\n<figure class=\"wp-block-image\"><img decoding=\"async\" src=\"https:\/\/www.minutoneuquen.com\/u\/fotografias\/m\/2023\/11\/11\/f768x1-633634_633761_5050.jpg\" alt=\"\"\/><figcaption class=\"wp-element-caption\">Comarsa. Fuente: (Emiliano Ortiz).&nbsp;<\/figcaption><\/figure>\n\n\n\n<p>El fiscal asegur\u00f3 que Comarsa dej\u00f3 de ser una tratadora de residuos para ser un basural y agreg\u00f3: \u201cLa empresa &nbsp;no ten\u00eda la capacidad para tratar, ya que los residuos se quintuplicaron. Recib\u00edan los residuos, le cobraban a YPF y a otras petroleras por el tratamiento, entregaban el certificados de tratamiento, pero no trataban los residuos\u201d.<\/p>\n\n\n\n<p>Fuente: www.minutoneuquen.com<\/p>\n","protected":false},"excerpt":{"rendered":"","protected":false},"author":2,"featured_media":0,"comment_status":"open","ping_status":"open","sticky":false,"template":"","format":"standard","meta":{"site-sidebar-layout":"default","site-content-layout":"","ast-site-content-layout":"default","site-content-style":"default","site-sidebar-style":"default","ast-global-header-display":"","ast-banner-title-visibility":"","ast-main-header-display":"","ast-hfb-above-header-display":"","ast-hfb-below-header-display":"","ast-hfb-mobile-header-display":"","site-post-title":"","ast-breadcrumbs-content":"","ast-featured-img":"","footer-sml-layout":"","ast-disable-related-posts":"","theme-transparent-header-meta":"","adv-header-id-meta":"","stick-header-meta":"","header-above-stick-meta":"","header-main-stick-meta":"","header-below-stick-meta":"","astra-migrate-meta-layouts":"default","ast-page-background-enabled":"default","ast-page-background-meta":{"desktop":{"background-color":"var(--ast-global-color-5)","background-image":"","background-repeat":"repeat","background-position":"center center","background-size":"auto","background-attachment":"scroll","background-type":"","background-media":"","overlay-type":"","overlay-color":"","overlay-opacity":"","overlay-gradient":""},"tablet":{"background-color":"","background-image":"","background-repeat":"repeat","background-position":"center center","background-size":"auto","background-attachment":"scroll","background-type":"","background-media":"","overlay-type":"","overlay-color":"","overlay-opacity":"","overlay-gradient":""},"mobile":{"background-color":"","background-image":"","background-repeat":"repeat","background-position":"center center","background-size":"auto","background-attachment":"scroll","background-type":"","background-media":"","overlay-type":"","overlay-color":"","overlay-opacity":"","overlay-gradient":""}},"ast-content-background-meta":{"desktop":{"background-color":"var(--ast-global-color-4)","background-image":"","background-repeat":"repeat","background-position":"center center","background-size":"auto","background-attachment":"scroll","background-type":"","background-media":"","overlay-type":"","overlay-color":"","overlay-opacity":"","overlay-gradient":""},"tablet":{"background-color":"var(--ast-global-color-4)","background-image":"","background-repeat":"repeat","background-position":"center center","background-size":"auto","background-attachment":"scroll","background-type":"","background-media":"","overlay-type":"","overlay-color":"","overlay-opacity":"","overlay-gradient":""},"mobile":{"background-color":"var(--ast-global-color-4)","background-image":"","background-repeat":"repeat","background-position":"center center","background-size":"auto","background-attachment":"scroll","background-type":"","background-media":"","overlay-type":"","overlay-color":"","overlay-opacity":"","overlay-gradient":""}},"footnotes":""},"categories":[1],"tags":[],"class_list":["post-81354","post","type-post","status-publish","format-standard","hentry","category-noticias"],"yoast_head":"<!-- This site is optimized with the Yoast SEO Premium plugin v23.0 (Yoast SEO v27.4) - https:\/\/yoast.com\/product\/yoast-seo-premium-wordpress\/ -->\n<title>El fiscal Breide Obeid alert\u00f3 por la &quot;doble vara&quot; en la causa por los transformadores con PCB en Neuquen<\/title>\n<meta name=\"robots\" content=\"index, follow, max-snippet:-1, max-image-preview:large, max-video-preview:-1\" \/>\n<link rel=\"canonical\" href=\"https:\/\/patagoniambiental.com.ar\/info\/el-fiscal-breide-obeid-alerto-por-la-doble-vara-en-la-causa-por-los-transformadores-con-pcb-en-neuquen\/\" \/>\n<meta property=\"og:locale\" content=\"es_ES\" \/>\n<meta property=\"og:type\" content=\"article\" \/>\n<meta property=\"og:title\" content=\"El fiscal Breide Obeid alert\u00f3 por la &quot;doble vara&quot; en la causa por los transformadores con PCB en Neuquen\" \/>\n<meta property=\"og:url\" content=\"https:\/\/patagoniambiental.com.ar\/info\/el-fiscal-breide-obeid-alerto-por-la-doble-vara-en-la-causa-por-los-transformadores-con-pcb-en-neuquen\/\" \/>\n<meta property=\"og:site_name\" content=\"Patagonia Ambiental\" \/>\n<meta property=\"article:publisher\" content=\"https:\/\/www.facebook.com\/patagonia.ambiental\" \/>\n<meta property=\"article:author\" content=\"https:\/\/www.facebook.com\/share\/1C1V8Gv9BX\/?mibextid=qi2Omg\" \/>\n<meta property=\"article:published_time\" content=\"2024-04-07T22:00:00+00:00\" \/>\n<meta property=\"article:modified_time\" content=\"2024-08-13T02:52:32+00:00\" \/>\n<meta property=\"og:image\" content=\"https:\/\/www.minutoneuquen.com\/u\/fotografias\/m\/2023\/5\/21\/f685x385-603897_641590_5050.jpg\" \/>\n<meta name=\"author\" content=\"Patagonia Ambiental\" \/>\n<meta name=\"twitter:card\" content=\"summary_large_image\" \/>\n<meta name=\"twitter:creator\" content=\"@PatAmb\" \/>\n<meta name=\"twitter:site\" content=\"@PatAmb\" \/>\n<script type=\"application\/ld+json\" class=\"yoast-schema-graph\">{\"@context\":\"https:\\\/\\\/schema.org\",\"@graph\":[{\"@type\":\"Article\",\"@id\":\"https:\\\/\\\/patagoniambiental.com.ar\\\/info\\\/el-fiscal-breide-obeid-alerto-por-la-doble-vara-en-la-causa-por-los-transformadores-con-pcb-en-neuquen\\\/#article\",\"isPartOf\":{\"@id\":\"https:\\\/\\\/patagoniambiental.com.ar\\\/info\\\/el-fiscal-breide-obeid-alerto-por-la-doble-vara-en-la-causa-por-los-transformadores-con-pcb-en-neuquen\\\/\"},\"author\":{\"name\":\"Patagonia Ambiental\",\"@id\":\"https:\\\/\\\/patagoniambiental.com.ar\\\/info\\\/#\\\/schema\\\/person\\\/db12bff64bbcbf6a253710bf0ea37b5d\"},\"headline\":\"El fiscal Breide Obeid alert\u00f3 por la \u00abdoble vara\u00bb en la causa por los transformadores con PCB en Neuquen\",\"datePublished\":\"2024-04-07T22:00:00+00:00\",\"dateModified\":\"2024-08-13T02:52:32+00:00\",\"mainEntityOfPage\":{\"@id\":\"https:\\\/\\\/patagoniambiental.com.ar\\\/info\\\/el-fiscal-breide-obeid-alerto-por-la-doble-vara-en-la-causa-por-los-transformadores-con-pcb-en-neuquen\\\/\"},\"wordCount\":764,\"commentCount\":0,\"publisher\":{\"@id\":\"https:\\\/\\\/patagoniambiental.com.ar\\\/info\\\/#organization\"},\"image\":{\"@id\":\"https:\\\/\\\/patagoniambiental.com.ar\\\/info\\\/el-fiscal-breide-obeid-alerto-por-la-doble-vara-en-la-causa-por-los-transformadores-con-pcb-en-neuquen\\\/#primaryimage\"},\"thumbnailUrl\":\"https:\\\/\\\/www.minutoneuquen.com\\\/u\\\/fotografias\\\/m\\\/2023\\\/5\\\/21\\\/f685x385-603897_641590_5050.jpg\",\"articleSection\":[\"Noticias\"],\"inLanguage\":\"es\",\"potentialAction\":[{\"@type\":\"CommentAction\",\"name\":\"Comment\",\"target\":[\"https:\\\/\\\/patagoniambiental.com.ar\\\/info\\\/el-fiscal-breide-obeid-alerto-por-la-doble-vara-en-la-causa-por-los-transformadores-con-pcb-en-neuquen\\\/#respond\"]}]},{\"@type\":\"WebPage\",\"@id\":\"https:\\\/\\\/patagoniambiental.com.ar\\\/info\\\/el-fiscal-breide-obeid-alerto-por-la-doble-vara-en-la-causa-por-los-transformadores-con-pcb-en-neuquen\\\/\",\"url\":\"https:\\\/\\\/patagoniambiental.com.ar\\\/info\\\/el-fiscal-breide-obeid-alerto-por-la-doble-vara-en-la-causa-por-los-transformadores-con-pcb-en-neuquen\\\/\",\"name\":\"El fiscal Breide Obeid alert\u00f3 por la \\\"doble vara\\\" en la causa por los transformadores con PCB en Neuquen\",\"isPartOf\":{\"@id\":\"https:\\\/\\\/patagoniambiental.com.ar\\\/info\\\/#website\"},\"primaryImageOfPage\":{\"@id\":\"https:\\\/\\\/patagoniambiental.com.ar\\\/info\\\/el-fiscal-breide-obeid-alerto-por-la-doble-vara-en-la-causa-por-los-transformadores-con-pcb-en-neuquen\\\/#primaryimage\"},\"image\":{\"@id\":\"https:\\\/\\\/patagoniambiental.com.ar\\\/info\\\/el-fiscal-breide-obeid-alerto-por-la-doble-vara-en-la-causa-por-los-transformadores-con-pcb-en-neuquen\\\/#primaryimage\"},\"thumbnailUrl\":\"https:\\\/\\\/www.minutoneuquen.com\\\/u\\\/fotografias\\\/m\\\/2023\\\/5\\\/21\\\/f685x385-603897_641590_5050.jpg\",\"datePublished\":\"2024-04-07T22:00:00+00:00\",\"dateModified\":\"2024-08-13T02:52:32+00:00\",\"breadcrumb\":{\"@id\":\"https:\\\/\\\/patagoniambiental.com.ar\\\/info\\\/el-fiscal-breide-obeid-alerto-por-la-doble-vara-en-la-causa-por-los-transformadores-con-pcb-en-neuquen\\\/#breadcrumb\"},\"inLanguage\":\"es\",\"potentialAction\":[{\"@type\":\"ReadAction\",\"target\":[\"https:\\\/\\\/patagoniambiental.com.ar\\\/info\\\/el-fiscal-breide-obeid-alerto-por-la-doble-vara-en-la-causa-por-los-transformadores-con-pcb-en-neuquen\\\/\"]}]},{\"@type\":\"ImageObject\",\"inLanguage\":\"es\",\"@id\":\"https:\\\/\\\/patagoniambiental.com.ar\\\/info\\\/el-fiscal-breide-obeid-alerto-por-la-doble-vara-en-la-causa-por-los-transformadores-con-pcb-en-neuquen\\\/#primaryimage\",\"url\":\"https:\\\/\\\/www.minutoneuquen.com\\\/u\\\/fotografias\\\/m\\\/2023\\\/5\\\/21\\\/f685x385-603897_641590_5050.jpg\",\"contentUrl\":\"https:\\\/\\\/www.minutoneuquen.com\\\/u\\\/fotografias\\\/m\\\/2023\\\/5\\\/21\\\/f685x385-603897_641590_5050.jpg\"},{\"@type\":\"BreadcrumbList\",\"@id\":\"https:\\\/\\\/patagoniambiental.com.ar\\\/info\\\/el-fiscal-breide-obeid-alerto-por-la-doble-vara-en-la-causa-por-los-transformadores-con-pcb-en-neuquen\\\/#breadcrumb\",\"itemListElement\":[{\"@type\":\"ListItem\",\"position\":1,\"name\":\"Inicio\",\"item\":\"https:\\\/\\\/patagoniambiental.com.ar\\\/info\\\/\"},{\"@type\":\"ListItem\",\"position\":2,\"name\":\"El fiscal Breide Obeid alert\u00f3 por la \u00abdoble vara\u00bb en la causa por los transformadores con PCB en Neuquen\"}]},{\"@type\":\"WebSite\",\"@id\":\"https:\\\/\\\/patagoniambiental.com.ar\\\/info\\\/#website\",\"url\":\"https:\\\/\\\/patagoniambiental.com.ar\\\/info\\\/\",\"name\":\"Patagonia Ambiental\",\"description\":\"Monitoreo y an\u00e1lisis de la situaci\u00f3n geopol\u00edtica en el mundo y su implicancia en la Patagonia\",\"publisher\":{\"@id\":\"https:\\\/\\\/patagoniambiental.com.ar\\\/info\\\/#organization\"},\"potentialAction\":[{\"@type\":\"SearchAction\",\"target\":{\"@type\":\"EntryPoint\",\"urlTemplate\":\"https:\\\/\\\/patagoniambiental.com.ar\\\/info\\\/?s={search_term_string}\"},\"query-input\":{\"@type\":\"PropertyValueSpecification\",\"valueRequired\":true,\"valueName\":\"search_term_string\"}}],\"inLanguage\":\"es\"},{\"@type\":\"Organization\",\"@id\":\"https:\\\/\\\/patagoniambiental.com.ar\\\/info\\\/#organization\",\"name\":\"Patagonia Ambiental\",\"url\":\"https:\\\/\\\/patagoniambiental.com.ar\\\/info\\\/\",\"logo\":{\"@type\":\"ImageObject\",\"inLanguage\":\"es\",\"@id\":\"https:\\\/\\\/patagoniambiental.com.ar\\\/info\\\/#\\\/schema\\\/logo\\\/image\\\/\",\"url\":\"https:\\\/\\\/patagoniambiental.com.ar\\\/info\\\/wp-content\\\/uploads\\\/2025\\\/05\\\/LOGO-PATAGONIA-AMBIENTAL.png\",\"contentUrl\":\"https:\\\/\\\/patagoniambiental.com.ar\\\/info\\\/wp-content\\\/uploads\\\/2025\\\/05\\\/LOGO-PATAGONIA-AMBIENTAL.png\",\"width\":433,\"height\":250,\"caption\":\"Patagonia Ambiental\"},\"image\":{\"@id\":\"https:\\\/\\\/patagoniambiental.com.ar\\\/info\\\/#\\\/schema\\\/logo\\\/image\\\/\"},\"sameAs\":[\"https:\\\/\\\/www.facebook.com\\\/patagonia.ambiental\",\"https:\\\/\\\/x.com\\\/PatAmb\"]},{\"@type\":\"Person\",\"@id\":\"https:\\\/\\\/patagoniambiental.com.ar\\\/info\\\/#\\\/schema\\\/person\\\/db12bff64bbcbf6a253710bf0ea37b5d\",\"name\":\"Patagonia Ambiental\",\"description\":\"Andr\u00e9s Nievas T\u00e9cnico en manejo ambiental, consultor Ambiental y escritor para medios locales e internacionales sobre temas de geopolitica y medio ambiente.\",\"sameAs\":[\"http:\\\/\\\/www.patagoniambiental.com.ar\",\"https:\\\/\\\/www.facebook.com\\\/share\\\/1C1V8Gv9BX\\\/?mibextid=qi2Omg\",\"@patagoniambiental\",\"https:\\\/\\\/youtube.com\\\/@patagoniaambiental2023?si=BLt58t0wuXquxlYZ\"]}]}<\/script>\n<!-- \/ Yoast SEO Premium plugin. -->","yoast_head_json":{"title":"El fiscal Breide Obeid alert\u00f3 por la \"doble vara\" en la causa por los transformadores con PCB en Neuquen","robots":{"index":"index","follow":"follow","max-snippet":"max-snippet:-1","max-image-preview":"max-image-preview:large","max-video-preview":"max-video-preview:-1"},"canonical":"https:\/\/patagoniambiental.com.ar\/info\/el-fiscal-breide-obeid-alerto-por-la-doble-vara-en-la-causa-por-los-transformadores-con-pcb-en-neuquen\/","og_locale":"es_ES","og_type":"article","og_title":"El fiscal Breide Obeid alert\u00f3 por la \"doble vara\" en la causa por los transformadores con PCB en Neuquen","og_url":"https:\/\/patagoniambiental.com.ar\/info\/el-fiscal-breide-obeid-alerto-por-la-doble-vara-en-la-causa-por-los-transformadores-con-pcb-en-neuquen\/","og_site_name":"Patagonia Ambiental","article_publisher":"https:\/\/www.facebook.com\/patagonia.ambiental","article_author":"https:\/\/www.facebook.com\/share\/1C1V8Gv9BX\/?mibextid=qi2Omg","article_published_time":"2024-04-07T22:00:00+00:00","article_modified_time":"2024-08-13T02:52:32+00:00","og_image":[{"url":"https:\/\/www.minutoneuquen.com\/u\/fotografias\/m\/2023\/5\/21\/f685x385-603897_641590_5050.jpg","type":"","width":"","height":""}],"author":"Patagonia Ambiental","twitter_card":"summary_large_image","twitter_creator":"@PatAmb","twitter_site":"@PatAmb","schema":{"@context":"https:\/\/schema.org","@graph":[{"@type":"Article","@id":"https:\/\/patagoniambiental.com.ar\/info\/el-fiscal-breide-obeid-alerto-por-la-doble-vara-en-la-causa-por-los-transformadores-con-pcb-en-neuquen\/#article","isPartOf":{"@id":"https:\/\/patagoniambiental.com.ar\/info\/el-fiscal-breide-obeid-alerto-por-la-doble-vara-en-la-causa-por-los-transformadores-con-pcb-en-neuquen\/"},"author":{"name":"Patagonia Ambiental","@id":"https:\/\/patagoniambiental.com.ar\/info\/#\/schema\/person\/db12bff64bbcbf6a253710bf0ea37b5d"},"headline":"El fiscal Breide Obeid alert\u00f3 por la \u00abdoble vara\u00bb en la causa por los transformadores con PCB en Neuquen","datePublished":"2024-04-07T22:00:00+00:00","dateModified":"2024-08-13T02:52:32+00:00","mainEntityOfPage":{"@id":"https:\/\/patagoniambiental.com.ar\/info\/el-fiscal-breide-obeid-alerto-por-la-doble-vara-en-la-causa-por-los-transformadores-con-pcb-en-neuquen\/"},"wordCount":764,"commentCount":0,"publisher":{"@id":"https:\/\/patagoniambiental.com.ar\/info\/#organization"},"image":{"@id":"https:\/\/patagoniambiental.com.ar\/info\/el-fiscal-breide-obeid-alerto-por-la-doble-vara-en-la-causa-por-los-transformadores-con-pcb-en-neuquen\/#primaryimage"},"thumbnailUrl":"https:\/\/www.minutoneuquen.com\/u\/fotografias\/m\/2023\/5\/21\/f685x385-603897_641590_5050.jpg","articleSection":["Noticias"],"inLanguage":"es","potentialAction":[{"@type":"CommentAction","name":"Comment","target":["https:\/\/patagoniambiental.com.ar\/info\/el-fiscal-breide-obeid-alerto-por-la-doble-vara-en-la-causa-por-los-transformadores-con-pcb-en-neuquen\/#respond"]}]},{"@type":"WebPage","@id":"https:\/\/patagoniambiental.com.ar\/info\/el-fiscal-breide-obeid-alerto-por-la-doble-vara-en-la-causa-por-los-transformadores-con-pcb-en-neuquen\/","url":"https:\/\/patagoniambiental.com.ar\/info\/el-fiscal-breide-obeid-alerto-por-la-doble-vara-en-la-causa-por-los-transformadores-con-pcb-en-neuquen\/","name":"El fiscal Breide Obeid alert\u00f3 por la \"doble vara\" en la causa por los transformadores con PCB en Neuquen","isPartOf":{"@id":"https:\/\/patagoniambiental.com.ar\/info\/#website"},"primaryImageOfPage":{"@id":"https:\/\/patagoniambiental.com.ar\/info\/el-fiscal-breide-obeid-alerto-por-la-doble-vara-en-la-causa-por-los-transformadores-con-pcb-en-neuquen\/#primaryimage"},"image":{"@id":"https:\/\/patagoniambiental.com.ar\/info\/el-fiscal-breide-obeid-alerto-por-la-doble-vara-en-la-causa-por-los-transformadores-con-pcb-en-neuquen\/#primaryimage"},"thumbnailUrl":"https:\/\/www.minutoneuquen.com\/u\/fotografias\/m\/2023\/5\/21\/f685x385-603897_641590_5050.jpg","datePublished":"2024-04-07T22:00:00+00:00","dateModified":"2024-08-13T02:52:32+00:00","breadcrumb":{"@id":"https:\/\/patagoniambiental.com.ar\/info\/el-fiscal-breide-obeid-alerto-por-la-doble-vara-en-la-causa-por-los-transformadores-con-pcb-en-neuquen\/#breadcrumb"},"inLanguage":"es","potentialAction":[{"@type":"ReadAction","target":["https:\/\/patagoniambiental.com.ar\/info\/el-fiscal-breide-obeid-alerto-por-la-doble-vara-en-la-causa-por-los-transformadores-con-pcb-en-neuquen\/"]}]},{"@type":"ImageObject","inLanguage":"es","@id":"https:\/\/patagoniambiental.com.ar\/info\/el-fiscal-breide-obeid-alerto-por-la-doble-vara-en-la-causa-por-los-transformadores-con-pcb-en-neuquen\/#primaryimage","url":"https:\/\/www.minutoneuquen.com\/u\/fotografias\/m\/2023\/5\/21\/f685x385-603897_641590_5050.jpg","contentUrl":"https:\/\/www.minutoneuquen.com\/u\/fotografias\/m\/2023\/5\/21\/f685x385-603897_641590_5050.jpg"},{"@type":"BreadcrumbList","@id":"https:\/\/patagoniambiental.com.ar\/info\/el-fiscal-breide-obeid-alerto-por-la-doble-vara-en-la-causa-por-los-transformadores-con-pcb-en-neuquen\/#breadcrumb","itemListElement":[{"@type":"ListItem","position":1,"name":"Inicio","item":"https:\/\/patagoniambiental.com.ar\/info\/"},{"@type":"ListItem","position":2,"name":"El fiscal Breide Obeid alert\u00f3 por la \u00abdoble vara\u00bb en la causa por los transformadores con PCB en Neuquen"}]},{"@type":"WebSite","@id":"https:\/\/patagoniambiental.com.ar\/info\/#website","url":"https:\/\/patagoniambiental.com.ar\/info\/","name":"Patagonia Ambiental","description":"Monitoreo y an\u00e1lisis de la situaci\u00f3n geopol\u00edtica en el mundo y su implicancia en la Patagonia","publisher":{"@id":"https:\/\/patagoniambiental.com.ar\/info\/#organization"},"potentialAction":[{"@type":"SearchAction","target":{"@type":"EntryPoint","urlTemplate":"https:\/\/patagoniambiental.com.ar\/info\/?s={search_term_string}"},"query-input":{"@type":"PropertyValueSpecification","valueRequired":true,"valueName":"search_term_string"}}],"inLanguage":"es"},{"@type":"Organization","@id":"https:\/\/patagoniambiental.com.ar\/info\/#organization","name":"Patagonia Ambiental","url":"https:\/\/patagoniambiental.com.ar\/info\/","logo":{"@type":"ImageObject","inLanguage":"es","@id":"https:\/\/patagoniambiental.com.ar\/info\/#\/schema\/logo\/image\/","url":"https:\/\/patagoniambiental.com.ar\/info\/wp-content\/uploads\/2025\/05\/LOGO-PATAGONIA-AMBIENTAL.png","contentUrl":"https:\/\/patagoniambiental.com.ar\/info\/wp-content\/uploads\/2025\/05\/LOGO-PATAGONIA-AMBIENTAL.png","width":433,"height":250,"caption":"Patagonia Ambiental"},"image":{"@id":"https:\/\/patagoniambiental.com.ar\/info\/#\/schema\/logo\/image\/"},"sameAs":["https:\/\/www.facebook.com\/patagonia.ambiental","https:\/\/x.com\/PatAmb"]},{"@type":"Person","@id":"https:\/\/patagoniambiental.com.ar\/info\/#\/schema\/person\/db12bff64bbcbf6a253710bf0ea37b5d","name":"Patagonia Ambiental","description":"Andr\u00e9s Nievas T\u00e9cnico en manejo ambiental, consultor Ambiental y escritor para medios locales e internacionales sobre temas de geopolitica y medio ambiente.","sameAs":["http:\/\/www.patagoniambiental.com.ar","https:\/\/www.facebook.com\/share\/1C1V8Gv9BX\/?mibextid=qi2Omg","@patagoniambiental","https:\/\/youtube.com\/@patagoniaambiental2023?si=BLt58t0wuXquxlYZ"]}]}},"_links":{"self":[{"href":"https:\/\/patagoniambiental.com.ar\/info\/wp-json\/wp\/v2\/posts\/81354","targetHints":{"allow":["GET"]}}],"collection":[{"href":"https:\/\/patagoniambiental.com.ar\/info\/wp-json\/wp\/v2\/posts"}],"about":[{"href":"https:\/\/patagoniambiental.com.ar\/info\/wp-json\/wp\/v2\/types\/post"}],"author":[{"embeddable":true,"href":"https:\/\/patagoniambiental.com.ar\/info\/wp-json\/wp\/v2\/users\/2"}],"replies":[{"embeddable":true,"href":"https:\/\/patagoniambiental.com.ar\/info\/wp-json\/wp\/v2\/comments?post=81354"}],"version-history":[{"count":0,"href":"https:\/\/patagoniambiental.com.ar\/info\/wp-json\/wp\/v2\/posts\/81354\/revisions"}],"wp:attachment":[{"href":"https:\/\/patagoniambiental.com.ar\/info\/wp-json\/wp\/v2\/media?parent=81354"}],"wp:term":[{"taxonomy":"category","embeddable":true,"href":"https:\/\/patagoniambiental.com.ar\/info\/wp-json\/wp\/v2\/categories?post=81354"},{"taxonomy":"post_tag","embeddable":true,"href":"https:\/\/patagoniambiental.com.ar\/info\/wp-json\/wp\/v2\/tags?post=81354"}],"curies":[{"name":"wp","href":"https:\/\/api.w.org\/{rel}","templated":true}]}}