{"id":81361,"date":"2024-04-07T19:00:00","date_gmt":"2024-04-07T22:00:00","guid":{"rendered":"https:\/\/patagoniambiental.com.ar\/info\/?p=81361"},"modified":"2024-08-12T23:54:12","modified_gmt":"2024-08-13T02:54:12","slug":"rawson-ambiente-municipal-coordina-trabajos-para-la-elaboracion-de-ecoladrillos","status":"publish","type":"post","link":"https:\/\/patagoniambiental.com.ar\/info\/rawson-ambiente-municipal-coordina-trabajos-para-la-elaboracion-de-ecoladrillos\/","title":{"rendered":"Rawson: Ambiente Municipal coordina trabajos para elaborar ecoladrillos"},"content":{"rendered":"\n<!--more-->\n\n\n\n<p>El subsecretario de Control Ambiental y Desarrollo Sustentable, Mat\u00edas Passetti; se reuni\u00f3 con el director, prefecto Diego Arias; y otras autoridades de la Unidad 6 de la ciudad capital.<\/p>\n\n\n\n<p><strong>El encuentro tuvo como finalidad, coordinar trabajos en conjunto para la posible elaboraci\u00f3n de ecoladrillos y jabones que se realizan a trav\u00e9s de la recolecci\u00f3n de aceites vegetales usados. Para ello, se prev\u00e9 establecer un convenio entre las partes que tenga como premisa la realizaci\u00f3n de trabajos ambientales y sociales.&nbsp;<\/strong><\/p>\n\n\n\n<p>Al respecto, el subsecretario de la cartera de Ambiente de la Municipalidad de Rawson, Mat\u00edas Passetti, indic\u00f3 que \u00aba ra\u00edz de gestiones que estamos realizando con el secretario, Miguel Larrauri, me he reunido con autoridades de la Unidad 6, con la posibilidad de volver a activar algunos trabajos ambientales\u00bb.\u00a0<\/p>\n\n\n\n<p>\u00abSabemos que la Unidad 6 cuenta con el recurso material para la elaboraci\u00f3n de ecoladrillos, como tambi\u00e9n de jabones y aceites, que se pueden realizar con productos que recolecta la Secretar\u00eda de Ambiente Municipal\u00bb, repas\u00f3.&nbsp;En este marco, sostuvo que \u00abla idea es trabajar sobre un convenio de colaboraci\u00f3n y asistencia t\u00e9cnica entre las partes, indicando siempre las tareas ambientales y sociales\u00bb.&nbsp;<\/p>\n\n\n\n<p><strong>\u00abQue se lleven adelante este tipo de proyectos para nosotros es de suma importancia, ya que desde la Secretar\u00eda se viene trabajando fuertemente en lo que es la separaci\u00f3n de residuos, el reciclado, y esto tiene eso\u00bb, se\u00f1al\u00f3.\u00a0<\/strong><\/p>\n\n\n\n<p>Asimismo, adelant\u00f3 que \u00abpretendemos terminar las gestiones pronto, para que desde la Secretar\u00eda de Ambiente y la Unidad 6, podamos ayudar a aquellos vecinos que m\u00e1s lo necesiten\u00bb, y agreg\u00f3 por \u00faltimo que \u00abestamos ultimando detalles del convenio, que una vez finalizado, se firmar\u00e1 entre las partes para poner en pr\u00e1ctica\u00bb.<\/p>\n\n\n\n<p>Fudnte: El Chubut <\/p>\n","protected":false},"excerpt":{"rendered":"","protected":false},"author":2,"featured_media":81362,"comment_status":"open","ping_status":"open","sticky":false,"template":"","format":"standard","meta":{"site-sidebar-layout":"default","site-content-layout":"","ast-site-content-layout":"default","site-content-style":"default","site-sidebar-style":"default","ast-global-header-display":"","ast-banner-title-visibility":"","ast-main-header-display":"","ast-hfb-above-header-display":"","ast-hfb-below-header-display":"","ast-hfb-mobile-header-display":"","site-post-title":"","ast-breadcrumbs-content":"","ast-featured-img":"","footer-sml-layout":"","ast-disable-related-posts":"","theme-transparent-header-meta":"","adv-header-id-meta":"","stick-header-meta":"","header-above-stick-meta":"","header-main-stick-meta":"","header-below-stick-meta":"","astra-migrate-meta-layouts":"default","ast-page-background-enabled":"default","ast-page-background-meta":{"desktop":{"background-color":"var(--ast-global-color-5)","background-image":"","background-repeat":"repeat","background-position":"center center","background-size":"auto","background-attachment":"scroll","background-type":"","background-media":"","overlay-type":"","overlay-color":"","overlay-opacity":"","overlay-gradient":""},"tablet":{"background-color":"","background-image":"","background-repeat":"repeat","background-position":"center center","background-size":"auto","background-attachment":"scroll","background-type":"","background-media":"","overlay-type":"","overlay-color":"","overlay-opacity":"","overlay-gradient":""},"mobile":{"background-color":"","background-image":"","background-repeat":"repeat","background-position":"center center","background-size":"auto","background-attachment":"scroll","background-type":"","background-media":"","overlay-type":"","overlay-color":"","overlay-opacity":"","overlay-gradient":""}},"ast-content-background-meta":{"desktop":{"background-color":"var(--ast-global-color-4)","background-image":"","background-repeat":"repeat","background-position":"center center","background-size":"auto","background-attachment":"scroll","background-type":"","background-media":"","overlay-type":"","overlay-color":"","overlay-opacity":"","overlay-gradient":""},"tablet":{"background-color":"var(--ast-global-color-4)","background-image":"","background-repeat":"repeat","background-position":"center center","background-size":"auto","background-attachment":"scroll","background-type":"","background-media":"","overlay-type":"","overlay-color":"","overlay-opacity":"","overlay-gradient":""},"mobile":{"background-color":"var(--ast-global-color-4)","background-image":"","background-repeat":"repeat","background-position":"center center","background-size":"auto","background-attachment":"scroll","background-type":"","background-media":"","overlay-type":"","overlay-color":"","overlay-opacity":"","overlay-gradient":""}},"footnotes":""},"categories":[1],"tags":[],"class_list":["post-81361","post","type-post","status-publish","format-standard","has-post-thumbnail","hentry","category-noticias"],"yoast_head":"<!-- This site is optimized with the Yoast SEO Premium plugin v23.0 (Yoast SEO v27.4) - https:\/\/yoast.com\/product\/yoast-seo-premium-wordpress\/ -->\n<title>Rawson: Ambiente Municipal coordina trabajos para elaborar ecoladrillos<\/title>\n<meta name=\"robots\" content=\"index, follow, max-snippet:-1, max-image-preview:large, max-video-preview:-1\" \/>\n<link rel=\"canonical\" href=\"https:\/\/patagoniambiental.com.ar\/info\/rawson-ambiente-municipal-coordina-trabajos-para-la-elaboracion-de-ecoladrillos\/\" \/>\n<meta property=\"og:locale\" content=\"es_ES\" \/>\n<meta property=\"og:type\" content=\"article\" \/>\n<meta property=\"og:title\" content=\"Rawson: Ambiente Municipal coordina trabajos para elaborar ecoladrillos\" \/>\n<meta property=\"og:url\" content=\"https:\/\/patagoniambiental.com.ar\/info\/rawson-ambiente-municipal-coordina-trabajos-para-la-elaboracion-de-ecoladrillos\/\" \/>\n<meta property=\"og:site_name\" content=\"Patagonia Ambiental\" \/>\n<meta property=\"article:publisher\" content=\"https:\/\/www.facebook.com\/patagonia.ambiental\" \/>\n<meta property=\"article:author\" content=\"https:\/\/www.facebook.com\/share\/1C1V8Gv9BX\/?mibextid=qi2Omg\" \/>\n<meta property=\"article:published_time\" content=\"2024-04-07T22:00:00+00:00\" \/>\n<meta property=\"article:modified_time\" content=\"2024-08-13T02:54:12+00:00\" \/>\n<meta property=\"og:image\" content=\"https:\/\/patagoniambiental.com.ar\/info\/wp-content\/uploads\/2024\/04\/1712456248320.webp\" \/>\n\t<meta property=\"og:image:width\" content=\"1315\" \/>\n\t<meta property=\"og:image:height\" content=\"736\" \/>\n\t<meta property=\"og:image:type\" content=\"image\/webp\" \/>\n<meta name=\"author\" content=\"Patagonia Ambiental\" \/>\n<meta name=\"twitter:card\" content=\"summary_large_image\" \/>\n<meta name=\"twitter:creator\" content=\"@PatAmb\" \/>\n<meta name=\"twitter:site\" content=\"@PatAmb\" \/>\n<script type=\"application\/ld+json\" class=\"yoast-schema-graph\">{\"@context\":\"https:\\\/\\\/schema.org\",\"@graph\":[{\"@type\":\"Article\",\"@id\":\"https:\\\/\\\/patagoniambiental.com.ar\\\/info\\\/rawson-ambiente-municipal-coordina-trabajos-para-la-elaboracion-de-ecoladrillos\\\/#article\",\"isPartOf\":{\"@id\":\"https:\\\/\\\/patagoniambiental.com.ar\\\/info\\\/rawson-ambiente-municipal-coordina-trabajos-para-la-elaboracion-de-ecoladrillos\\\/\"},\"author\":{\"name\":\"Patagonia Ambiental\",\"@id\":\"https:\\\/\\\/patagoniambiental.com.ar\\\/info\\\/#\\\/schema\\\/person\\\/db12bff64bbcbf6a253710bf0ea37b5d\"},\"headline\":\"Rawson: Ambiente Municipal coordina trabajos para elaborar ecoladrillos\",\"datePublished\":\"2024-04-07T22:00:00+00:00\",\"dateModified\":\"2024-08-13T02:54:12+00:00\",\"mainEntityOfPage\":{\"@id\":\"https:\\\/\\\/patagoniambiental.com.ar\\\/info\\\/rawson-ambiente-municipal-coordina-trabajos-para-la-elaboracion-de-ecoladrillos\\\/\"},\"wordCount\":307,\"commentCount\":0,\"publisher\":{\"@id\":\"https:\\\/\\\/patagoniambiental.com.ar\\\/info\\\/#organization\"},\"image\":{\"@id\":\"https:\\\/\\\/patagoniambiental.com.ar\\\/info\\\/rawson-ambiente-municipal-coordina-trabajos-para-la-elaboracion-de-ecoladrillos\\\/#primaryimage\"},\"thumbnailUrl\":\"https:\\\/\\\/patagoniambiental.com.ar\\\/info\\\/wp-content\\\/uploads\\\/2024\\\/04\\\/1712456248320.webp\",\"articleSection\":[\"Noticias\"],\"inLanguage\":\"es\",\"potentialAction\":[{\"@type\":\"CommentAction\",\"name\":\"Comment\",\"target\":[\"https:\\\/\\\/patagoniambiental.com.ar\\\/info\\\/rawson-ambiente-municipal-coordina-trabajos-para-la-elaboracion-de-ecoladrillos\\\/#respond\"]}]},{\"@type\":\"WebPage\",\"@id\":\"https:\\\/\\\/patagoniambiental.com.ar\\\/info\\\/rawson-ambiente-municipal-coordina-trabajos-para-la-elaboracion-de-ecoladrillos\\\/\",\"url\":\"https:\\\/\\\/patagoniambiental.com.ar\\\/info\\\/rawson-ambiente-municipal-coordina-trabajos-para-la-elaboracion-de-ecoladrillos\\\/\",\"name\":\"Rawson: Ambiente Municipal coordina trabajos para elaborar ecoladrillos\",\"isPartOf\":{\"@id\":\"https:\\\/\\\/patagoniambiental.com.ar\\\/info\\\/#website\"},\"primaryImageOfPage\":{\"@id\":\"https:\\\/\\\/patagoniambiental.com.ar\\\/info\\\/rawson-ambiente-municipal-coordina-trabajos-para-la-elaboracion-de-ecoladrillos\\\/#primaryimage\"},\"image\":{\"@id\":\"https:\\\/\\\/patagoniambiental.com.ar\\\/info\\\/rawson-ambiente-municipal-coordina-trabajos-para-la-elaboracion-de-ecoladrillos\\\/#primaryimage\"},\"thumbnailUrl\":\"https:\\\/\\\/patagoniambiental.com.ar\\\/info\\\/wp-content\\\/uploads\\\/2024\\\/04\\\/1712456248320.webp\",\"datePublished\":\"2024-04-07T22:00:00+00:00\",\"dateModified\":\"2024-08-13T02:54:12+00:00\",\"breadcrumb\":{\"@id\":\"https:\\\/\\\/patagoniambiental.com.ar\\\/info\\\/rawson-ambiente-municipal-coordina-trabajos-para-la-elaboracion-de-ecoladrillos\\\/#breadcrumb\"},\"inLanguage\":\"es\",\"potentialAction\":[{\"@type\":\"ReadAction\",\"target\":[\"https:\\\/\\\/patagoniambiental.com.ar\\\/info\\\/rawson-ambiente-municipal-coordina-trabajos-para-la-elaboracion-de-ecoladrillos\\\/\"]}]},{\"@type\":\"ImageObject\",\"inLanguage\":\"es\",\"@id\":\"https:\\\/\\\/patagoniambiental.com.ar\\\/info\\\/rawson-ambiente-municipal-coordina-trabajos-para-la-elaboracion-de-ecoladrillos\\\/#primaryimage\",\"url\":\"https:\\\/\\\/patagoniambiental.com.ar\\\/info\\\/wp-content\\\/uploads\\\/2024\\\/04\\\/1712456248320.webp\",\"contentUrl\":\"https:\\\/\\\/patagoniambiental.com.ar\\\/info\\\/wp-content\\\/uploads\\\/2024\\\/04\\\/1712456248320.webp\",\"width\":1315,\"height\":736},{\"@type\":\"BreadcrumbList\",\"@id\":\"https:\\\/\\\/patagoniambiental.com.ar\\\/info\\\/rawson-ambiente-municipal-coordina-trabajos-para-la-elaboracion-de-ecoladrillos\\\/#breadcrumb\",\"itemListElement\":[{\"@type\":\"ListItem\",\"position\":1,\"name\":\"Inicio\",\"item\":\"https:\\\/\\\/patagoniambiental.com.ar\\\/info\\\/\"},{\"@type\":\"ListItem\",\"position\":2,\"name\":\"Rawson: Ambiente Municipal coordina trabajos para elaborar ecoladrillos\"}]},{\"@type\":\"WebSite\",\"@id\":\"https:\\\/\\\/patagoniambiental.com.ar\\\/info\\\/#website\",\"url\":\"https:\\\/\\\/patagoniambiental.com.ar\\\/info\\\/\",\"name\":\"Patagonia Ambiental\",\"description\":\"Monitoreo y an\u00e1lisis de la situaci\u00f3n geopol\u00edtica en el mundo y su implicancia en la Patagonia\",\"publisher\":{\"@id\":\"https:\\\/\\\/patagoniambiental.com.ar\\\/info\\\/#organization\"},\"potentialAction\":[{\"@type\":\"SearchAction\",\"target\":{\"@type\":\"EntryPoint\",\"urlTemplate\":\"https:\\\/\\\/patagoniambiental.com.ar\\\/info\\\/?s={search_term_string}\"},\"query-input\":{\"@type\":\"PropertyValueSpecification\",\"valueRequired\":true,\"valueName\":\"search_term_string\"}}],\"inLanguage\":\"es\"},{\"@type\":\"Organization\",\"@id\":\"https:\\\/\\\/patagoniambiental.com.ar\\\/info\\\/#organization\",\"name\":\"Patagonia Ambiental\",\"url\":\"https:\\\/\\\/patagoniambiental.com.ar\\\/info\\\/\",\"logo\":{\"@type\":\"ImageObject\",\"inLanguage\":\"es\",\"@id\":\"https:\\\/\\\/patagoniambiental.com.ar\\\/info\\\/#\\\/schema\\\/logo\\\/image\\\/\",\"url\":\"https:\\\/\\\/patagoniambiental.com.ar\\\/info\\\/wp-content\\\/uploads\\\/2025\\\/05\\\/LOGO-PATAGONIA-AMBIENTAL.png\",\"contentUrl\":\"https:\\\/\\\/patagoniambiental.com.ar\\\/info\\\/wp-content\\\/uploads\\\/2025\\\/05\\\/LOGO-PATAGONIA-AMBIENTAL.png\",\"width\":433,\"height\":250,\"caption\":\"Patagonia Ambiental\"},\"image\":{\"@id\":\"https:\\\/\\\/patagoniambiental.com.ar\\\/info\\\/#\\\/schema\\\/logo\\\/image\\\/\"},\"sameAs\":[\"https:\\\/\\\/www.facebook.com\\\/patagonia.ambiental\",\"https:\\\/\\\/x.com\\\/PatAmb\"]},{\"@type\":\"Person\",\"@id\":\"https:\\\/\\\/patagoniambiental.com.ar\\\/info\\\/#\\\/schema\\\/person\\\/db12bff64bbcbf6a253710bf0ea37b5d\",\"name\":\"Patagonia Ambiental\",\"description\":\"Andr\u00e9s Nievas T\u00e9cnico en manejo ambiental, consultor Ambiental y escritor para medios locales e internacionales sobre temas de geopolitica y medio ambiente.\",\"sameAs\":[\"http:\\\/\\\/www.patagoniambiental.com.ar\",\"https:\\\/\\\/www.facebook.com\\\/share\\\/1C1V8Gv9BX\\\/?mibextid=qi2Omg\",\"@patagoniambiental\",\"https:\\\/\\\/youtube.com\\\/@patagoniaambiental2023?si=BLt58t0wuXquxlYZ\"]}]}<\/script>\n<!-- \/ Yoast SEO Premium plugin. -->","yoast_head_json":{"title":"Rawson: Ambiente Municipal coordina trabajos para elaborar ecoladrillos","robots":{"index":"index","follow":"follow","max-snippet":"max-snippet:-1","max-image-preview":"max-image-preview:large","max-video-preview":"max-video-preview:-1"},"canonical":"https:\/\/patagoniambiental.com.ar\/info\/rawson-ambiente-municipal-coordina-trabajos-para-la-elaboracion-de-ecoladrillos\/","og_locale":"es_ES","og_type":"article","og_title":"Rawson: Ambiente Municipal coordina trabajos para elaborar ecoladrillos","og_url":"https:\/\/patagoniambiental.com.ar\/info\/rawson-ambiente-municipal-coordina-trabajos-para-la-elaboracion-de-ecoladrillos\/","og_site_name":"Patagonia Ambiental","article_publisher":"https:\/\/www.facebook.com\/patagonia.ambiental","article_author":"https:\/\/www.facebook.com\/share\/1C1V8Gv9BX\/?mibextid=qi2Omg","article_published_time":"2024-04-07T22:00:00+00:00","article_modified_time":"2024-08-13T02:54:12+00:00","og_image":[{"width":1315,"height":736,"url":"https:\/\/patagoniambiental.com.ar\/info\/wp-content\/uploads\/2024\/04\/1712456248320.webp","type":"image\/webp"}],"author":"Patagonia Ambiental","twitter_card":"summary_large_image","twitter_creator":"@PatAmb","twitter_site":"@PatAmb","schema":{"@context":"https:\/\/schema.org","@graph":[{"@type":"Article","@id":"https:\/\/patagoniambiental.com.ar\/info\/rawson-ambiente-municipal-coordina-trabajos-para-la-elaboracion-de-ecoladrillos\/#article","isPartOf":{"@id":"https:\/\/patagoniambiental.com.ar\/info\/rawson-ambiente-municipal-coordina-trabajos-para-la-elaboracion-de-ecoladrillos\/"},"author":{"name":"Patagonia Ambiental","@id":"https:\/\/patagoniambiental.com.ar\/info\/#\/schema\/person\/db12bff64bbcbf6a253710bf0ea37b5d"},"headline":"Rawson: Ambiente Municipal coordina trabajos para elaborar ecoladrillos","datePublished":"2024-04-07T22:00:00+00:00","dateModified":"2024-08-13T02:54:12+00:00","mainEntityOfPage":{"@id":"https:\/\/patagoniambiental.com.ar\/info\/rawson-ambiente-municipal-coordina-trabajos-para-la-elaboracion-de-ecoladrillos\/"},"wordCount":307,"commentCount":0,"publisher":{"@id":"https:\/\/patagoniambiental.com.ar\/info\/#organization"},"image":{"@id":"https:\/\/patagoniambiental.com.ar\/info\/rawson-ambiente-municipal-coordina-trabajos-para-la-elaboracion-de-ecoladrillos\/#primaryimage"},"thumbnailUrl":"https:\/\/patagoniambiental.com.ar\/info\/wp-content\/uploads\/2024\/04\/1712456248320.webp","articleSection":["Noticias"],"inLanguage":"es","potentialAction":[{"@type":"CommentAction","name":"Comment","target":["https:\/\/patagoniambiental.com.ar\/info\/rawson-ambiente-municipal-coordina-trabajos-para-la-elaboracion-de-ecoladrillos\/#respond"]}]},{"@type":"WebPage","@id":"https:\/\/patagoniambiental.com.ar\/info\/rawson-ambiente-municipal-coordina-trabajos-para-la-elaboracion-de-ecoladrillos\/","url":"https:\/\/patagoniambiental.com.ar\/info\/rawson-ambiente-municipal-coordina-trabajos-para-la-elaboracion-de-ecoladrillos\/","name":"Rawson: Ambiente Municipal coordina trabajos para elaborar ecoladrillos","isPartOf":{"@id":"https:\/\/patagoniambiental.com.ar\/info\/#website"},"primaryImageOfPage":{"@id":"https:\/\/patagoniambiental.com.ar\/info\/rawson-ambiente-municipal-coordina-trabajos-para-la-elaboracion-de-ecoladrillos\/#primaryimage"},"image":{"@id":"https:\/\/patagoniambiental.com.ar\/info\/rawson-ambiente-municipal-coordina-trabajos-para-la-elaboracion-de-ecoladrillos\/#primaryimage"},"thumbnailUrl":"https:\/\/patagoniambiental.com.ar\/info\/wp-content\/uploads\/2024\/04\/1712456248320.webp","datePublished":"2024-04-07T22:00:00+00:00","dateModified":"2024-08-13T02:54:12+00:00","breadcrumb":{"@id":"https:\/\/patagoniambiental.com.ar\/info\/rawson-ambiente-municipal-coordina-trabajos-para-la-elaboracion-de-ecoladrillos\/#breadcrumb"},"inLanguage":"es","potentialAction":[{"@type":"ReadAction","target":["https:\/\/patagoniambiental.com.ar\/info\/rawson-ambiente-municipal-coordina-trabajos-para-la-elaboracion-de-ecoladrillos\/"]}]},{"@type":"ImageObject","inLanguage":"es","@id":"https:\/\/patagoniambiental.com.ar\/info\/rawson-ambiente-municipal-coordina-trabajos-para-la-elaboracion-de-ecoladrillos\/#primaryimage","url":"https:\/\/patagoniambiental.com.ar\/info\/wp-content\/uploads\/2024\/04\/1712456248320.webp","contentUrl":"https:\/\/patagoniambiental.com.ar\/info\/wp-content\/uploads\/2024\/04\/1712456248320.webp","width":1315,"height":736},{"@type":"BreadcrumbList","@id":"https:\/\/patagoniambiental.com.ar\/info\/rawson-ambiente-municipal-coordina-trabajos-para-la-elaboracion-de-ecoladrillos\/#breadcrumb","itemListElement":[{"@type":"ListItem","position":1,"name":"Inicio","item":"https:\/\/patagoniambiental.com.ar\/info\/"},{"@type":"ListItem","position":2,"name":"Rawson: Ambiente Municipal coordina trabajos para elaborar ecoladrillos"}]},{"@type":"WebSite","@id":"https:\/\/patagoniambiental.com.ar\/info\/#website","url":"https:\/\/patagoniambiental.com.ar\/info\/","name":"Patagonia Ambiental","description":"Monitoreo y an\u00e1lisis de la situaci\u00f3n geopol\u00edtica en el mundo y su implicancia en la Patagonia","publisher":{"@id":"https:\/\/patagoniambiental.com.ar\/info\/#organization"},"potentialAction":[{"@type":"SearchAction","target":{"@type":"EntryPoint","urlTemplate":"https:\/\/patagoniambiental.com.ar\/info\/?s={search_term_string}"},"query-input":{"@type":"PropertyValueSpecification","valueRequired":true,"valueName":"search_term_string"}}],"inLanguage":"es"},{"@type":"Organization","@id":"https:\/\/patagoniambiental.com.ar\/info\/#organization","name":"Patagonia Ambiental","url":"https:\/\/patagoniambiental.com.ar\/info\/","logo":{"@type":"ImageObject","inLanguage":"es","@id":"https:\/\/patagoniambiental.com.ar\/info\/#\/schema\/logo\/image\/","url":"https:\/\/patagoniambiental.com.ar\/info\/wp-content\/uploads\/2025\/05\/LOGO-PATAGONIA-AMBIENTAL.png","contentUrl":"https:\/\/patagoniambiental.com.ar\/info\/wp-content\/uploads\/2025\/05\/LOGO-PATAGONIA-AMBIENTAL.png","width":433,"height":250,"caption":"Patagonia Ambiental"},"image":{"@id":"https:\/\/patagoniambiental.com.ar\/info\/#\/schema\/logo\/image\/"},"sameAs":["https:\/\/www.facebook.com\/patagonia.ambiental","https:\/\/x.com\/PatAmb"]},{"@type":"Person","@id":"https:\/\/patagoniambiental.com.ar\/info\/#\/schema\/person\/db12bff64bbcbf6a253710bf0ea37b5d","name":"Patagonia Ambiental","description":"Andr\u00e9s Nievas T\u00e9cnico en manejo ambiental, consultor Ambiental y escritor para medios locales e internacionales sobre temas de geopolitica y medio ambiente.","sameAs":["http:\/\/www.patagoniambiental.com.ar","https:\/\/www.facebook.com\/share\/1C1V8Gv9BX\/?mibextid=qi2Omg","@patagoniambiental","https:\/\/youtube.com\/@patagoniaambiental2023?si=BLt58t0wuXquxlYZ"]}]}},"_links":{"self":[{"href":"https:\/\/patagoniambiental.com.ar\/info\/wp-json\/wp\/v2\/posts\/81361","targetHints":{"allow":["GET"]}}],"collection":[{"href":"https:\/\/patagoniambiental.com.ar\/info\/wp-json\/wp\/v2\/posts"}],"about":[{"href":"https:\/\/patagoniambiental.com.ar\/info\/wp-json\/wp\/v2\/types\/post"}],"author":[{"embeddable":true,"href":"https:\/\/patagoniambiental.com.ar\/info\/wp-json\/wp\/v2\/users\/2"}],"replies":[{"embeddable":true,"href":"https:\/\/patagoniambiental.com.ar\/info\/wp-json\/wp\/v2\/comments?post=81361"}],"version-history":[{"count":0,"href":"https:\/\/patagoniambiental.com.ar\/info\/wp-json\/wp\/v2\/posts\/81361\/revisions"}],"wp:featuredmedia":[{"embeddable":true,"href":"https:\/\/patagoniambiental.com.ar\/info\/wp-json\/wp\/v2\/media\/81362"}],"wp:attachment":[{"href":"https:\/\/patagoniambiental.com.ar\/info\/wp-json\/wp\/v2\/media?parent=81361"}],"wp:term":[{"taxonomy":"category","embeddable":true,"href":"https:\/\/patagoniambiental.com.ar\/info\/wp-json\/wp\/v2\/categories?post=81361"},{"taxonomy":"post_tag","embeddable":true,"href":"https:\/\/patagoniambiental.com.ar\/info\/wp-json\/wp\/v2\/tags?post=81361"}],"curies":[{"name":"wp","href":"https:\/\/api.w.org\/{rel}","templated":true}]}}