{"id":81377,"date":"2024-04-08T19:00:00","date_gmt":"2024-04-08T22:00:00","guid":{"rendered":"https:\/\/patagoniambiental.com.ar\/info\/?p=81377"},"modified":"2024-08-12T23:49:34","modified_gmt":"2024-08-13T02:49:34","slug":"milei-ubica-futura-base-de-ee-uu-en-argentina-dentro-de-estrategia-para-recuperar-malvinas","status":"publish","type":"post","link":"https:\/\/patagoniambiental.com.ar\/info\/milei-ubica-futura-base-de-ee-uu-en-argentina-dentro-de-estrategia-para-recuperar-malvinas\/","title":{"rendered":"Milei ubica futura base de EE.UU. en Argentina en estrategia para recuperar Malvinas"},"content":{"rendered":"\n<!--more-->\n\n\n\n<p>Buenos Aires, 8 abr (EFE).- El presidente de Argentina, Javier Milei, dijo este lunes que la futura instalaci\u00f3n de una base de los Estados Unidos en la sure\u00f1a provincia argentina de Tierra del Fuego es parte de la estrategia de su Gobierno para recuperar las islas Malvinas, bajo dominio brit\u00e1nico y cuya soberan\u00eda reclama el pa\u00eds suramericano.<\/p>\n\n\n\n<p>\u00abLo del otro d\u00eda fue el mayor acto de soberan\u00eda de los \u00faltimos 40 a\u00f1os porque, al hacer una base militar en Ushuaia (Tierra del Fuego), nos avala el reclamo sobre la Ant\u00e1rtida. Es el primer paso para empezar a pensar en la recuperaci\u00f3n de Malvinas\u00bb, dijo Milei en una entrevista con el canal web Neura.<\/p>\n\n\n\n<p>La instalaci\u00f3n de una base de los Estados Unidos en la provincia de Tierra del Fuego, en el extremo sur de Argentina, como \u00abpuerta de acceso\u00bb a la Ant\u00e1rtida, fue anunciada la semana pasada, en el marco de la visita a Argentina de la general del Comando sur de los Estados Unidos, Laura Richardson.<\/p>\n\n\n\n<p>Milei dijo que Malvinas, eje de una guerra entre Argentina y el Reino Unido en 1982, han de ser recuperadas \u00abpor la v\u00eda diplom\u00e1tica\u00bb.<\/p>\n\n\n\n<p>\u00abEs un proceso de largo plazo\u00bb, asever\u00f3 el jefe de Estado.<\/p>\n\n\n\n<p>Por otra parte, reiter\u00f3 que la base espacial que China tiene en la provincia argentina de Neuqu\u00e9n (suroeste) y que los Estados Unidos objeta por presuntos objetivos militares \u00abser\u00e1 auditada como corresponde\u00bb.<\/p>\n\n\n\n<p>\u00abSi los chinos dicen que no hay nada, \u00bfcu\u00e1l es el problema?\u00bb, pregunt\u00f3 Milei.<\/p>\n\n\n\n<p>En otro tramo de la entrevista, que dur\u00f3 unas tres horas, Milei confirm\u00f3 que Argentina ha comprado 24 aviones F16 y reiter\u00f3 que Estados Unidos e Israel son los pa\u00edses con los que su Gobierno ha decidido aliarse en materia de pol\u00edtica exterior.<\/p>\n\n\n\n<p>Adem\u00e1s, reiter\u00f3 que la embajada argentina en Israel ser\u00e1 mudada a Jerusal\u00e9n occidental.<\/p>\n\n\n\n<p>\u00abEs falso que esto pone a Argentina en el radar de atentados. Nosotros ya estamos en el mapa. La diferencia es si somos cobardes o nos plantamos del lado del bien\u00bb, afirm\u00f3 el presidente de Argentina, pa\u00eds que sufri\u00f3 en la d\u00e9cada de 1990 dos atentados terroristas contra objetivos jud\u00edos en Buenos Aires.<\/p>\n\n\n\n<p>Fuente: quepasamedia.com<\/p>\n","protected":false},"excerpt":{"rendered":"","protected":false},"author":2,"featured_media":81378,"comment_status":"open","ping_status":"open","sticky":false,"template":"","format":"standard","meta":{"site-sidebar-layout":"default","site-content-layout":"","ast-site-content-layout":"default","site-content-style":"default","site-sidebar-style":"default","ast-global-header-display":"","ast-banner-title-visibility":"","ast-main-header-display":"","ast-hfb-above-header-display":"","ast-hfb-below-header-display":"","ast-hfb-mobile-header-display":"","site-post-title":"","ast-breadcrumbs-content":"","ast-featured-img":"","footer-sml-layout":"","ast-disable-related-posts":"","theme-transparent-header-meta":"","adv-header-id-meta":"","stick-header-meta":"","header-above-stick-meta":"","header-main-stick-meta":"","header-below-stick-meta":"","astra-migrate-meta-layouts":"default","ast-page-background-enabled":"default","ast-page-background-meta":{"desktop":{"background-color":"var(--ast-global-color-5)","background-image":"","background-repeat":"repeat","background-position":"center center","background-size":"auto","background-attachment":"scroll","background-type":"","background-media":"","overlay-type":"","overlay-color":"","overlay-opacity":"","overlay-gradient":""},"tablet":{"background-color":"","background-image":"","background-repeat":"repeat","background-position":"center center","background-size":"auto","background-attachment":"scroll","background-type":"","background-media":"","overlay-type":"","overlay-color":"","overlay-opacity":"","overlay-gradient":""},"mobile":{"background-color":"","background-image":"","background-repeat":"repeat","background-position":"center center","background-size":"auto","background-attachment":"scroll","background-type":"","background-media":"","overlay-type":"","overlay-color":"","overlay-opacity":"","overlay-gradient":""}},"ast-content-background-meta":{"desktop":{"background-color":"var(--ast-global-color-4)","background-image":"","background-repeat":"repeat","background-position":"center center","background-size":"auto","background-attachment":"scroll","background-type":"","background-media":"","overlay-type":"","overlay-color":"","overlay-opacity":"","overlay-gradient":""},"tablet":{"background-color":"var(--ast-global-color-4)","background-image":"","background-repeat":"repeat","background-position":"center center","background-size":"auto","background-attachment":"scroll","background-type":"","background-media":"","overlay-type":"","overlay-color":"","overlay-opacity":"","overlay-gradient":""},"mobile":{"background-color":"var(--ast-global-color-4)","background-image":"","background-repeat":"repeat","background-position":"center center","background-size":"auto","background-attachment":"scroll","background-type":"","background-media":"","overlay-type":"","overlay-color":"","overlay-opacity":"","overlay-gradient":""}},"footnotes":""},"categories":[23],"tags":[],"class_list":["post-81377","post","type-post","status-publish","format-standard","has-post-thumbnail","hentry","category-internacionales"],"yoast_head":"<!-- This site is optimized with the Yoast SEO Premium plugin v23.0 (Yoast SEO v27.4) - https:\/\/yoast.com\/product\/yoast-seo-premium-wordpress\/ -->\n<title>Milei ubica futura base de EE.UU. en Argentina en estrategia para recuperar Malvinas<\/title>\n<meta name=\"robots\" content=\"index, follow, max-snippet:-1, max-image-preview:large, max-video-preview:-1\" \/>\n<link rel=\"canonical\" href=\"https:\/\/patagoniambiental.com.ar\/info\/milei-ubica-futura-base-de-ee-uu-en-argentina-dentro-de-estrategia-para-recuperar-malvinas\/\" \/>\n<meta property=\"og:locale\" content=\"es_ES\" \/>\n<meta property=\"og:type\" content=\"article\" \/>\n<meta property=\"og:title\" content=\"Milei ubica futura base de EE.UU. en Argentina en estrategia para recuperar Malvinas\" \/>\n<meta property=\"og:url\" content=\"https:\/\/patagoniambiental.com.ar\/info\/milei-ubica-futura-base-de-ee-uu-en-argentina-dentro-de-estrategia-para-recuperar-malvinas\/\" \/>\n<meta property=\"og:site_name\" content=\"Patagonia Ambiental\" \/>\n<meta property=\"article:publisher\" content=\"https:\/\/www.facebook.com\/patagonia.ambiental\" \/>\n<meta property=\"article:author\" content=\"https:\/\/www.facebook.com\/share\/1C1V8Gv9BX\/?mibextid=qi2Omg\" \/>\n<meta property=\"article:published_time\" content=\"2024-04-08T22:00:00+00:00\" \/>\n<meta property=\"article:modified_time\" content=\"2024-08-13T02:49:34+00:00\" \/>\n<meta property=\"og:image\" content=\"https:\/\/patagoniambiental.com.ar\/info\/wp-content\/uploads\/2024\/04\/rss-efe18637a73879dded9c17716c85650d229dd12c4d5w-706x471-1.jpg\" \/>\n\t<meta property=\"og:image:width\" content=\"706\" \/>\n\t<meta property=\"og:image:height\" content=\"471\" \/>\n\t<meta property=\"og:image:type\" content=\"image\/jpeg\" \/>\n<meta name=\"author\" content=\"Patagonia Ambiental\" \/>\n<meta name=\"twitter:card\" content=\"summary_large_image\" \/>\n<meta name=\"twitter:creator\" content=\"@PatAmb\" \/>\n<meta name=\"twitter:site\" content=\"@PatAmb\" \/>\n<script type=\"application\/ld+json\" class=\"yoast-schema-graph\">{\"@context\":\"https:\\\/\\\/schema.org\",\"@graph\":[{\"@type\":\"Article\",\"@id\":\"https:\\\/\\\/patagoniambiental.com.ar\\\/info\\\/milei-ubica-futura-base-de-ee-uu-en-argentina-dentro-de-estrategia-para-recuperar-malvinas\\\/#article\",\"isPartOf\":{\"@id\":\"https:\\\/\\\/patagoniambiental.com.ar\\\/info\\\/milei-ubica-futura-base-de-ee-uu-en-argentina-dentro-de-estrategia-para-recuperar-malvinas\\\/\"},\"author\":{\"name\":\"Patagonia Ambiental\",\"@id\":\"https:\\\/\\\/patagoniambiental.com.ar\\\/info\\\/#\\\/schema\\\/person\\\/db12bff64bbcbf6a253710bf0ea37b5d\"},\"headline\":\"Milei ubica futura base de EE.UU. en Argentina en estrategia para recuperar Malvinas\",\"datePublished\":\"2024-04-08T22:00:00+00:00\",\"dateModified\":\"2024-08-13T02:49:34+00:00\",\"mainEntityOfPage\":{\"@id\":\"https:\\\/\\\/patagoniambiental.com.ar\\\/info\\\/milei-ubica-futura-base-de-ee-uu-en-argentina-dentro-de-estrategia-para-recuperar-malvinas\\\/\"},\"wordCount\":393,\"commentCount\":0,\"publisher\":{\"@id\":\"https:\\\/\\\/patagoniambiental.com.ar\\\/info\\\/#organization\"},\"image\":{\"@id\":\"https:\\\/\\\/patagoniambiental.com.ar\\\/info\\\/milei-ubica-futura-base-de-ee-uu-en-argentina-dentro-de-estrategia-para-recuperar-malvinas\\\/#primaryimage\"},\"thumbnailUrl\":\"https:\\\/\\\/patagoniambiental.com.ar\\\/info\\\/wp-content\\\/uploads\\\/2024\\\/04\\\/rss-efe18637a73879dded9c17716c85650d229dd12c4d5w-706x471-1.jpg\",\"articleSection\":[\"Internacionales\"],\"inLanguage\":\"es\",\"potentialAction\":[{\"@type\":\"CommentAction\",\"name\":\"Comment\",\"target\":[\"https:\\\/\\\/patagoniambiental.com.ar\\\/info\\\/milei-ubica-futura-base-de-ee-uu-en-argentina-dentro-de-estrategia-para-recuperar-malvinas\\\/#respond\"]}]},{\"@type\":\"WebPage\",\"@id\":\"https:\\\/\\\/patagoniambiental.com.ar\\\/info\\\/milei-ubica-futura-base-de-ee-uu-en-argentina-dentro-de-estrategia-para-recuperar-malvinas\\\/\",\"url\":\"https:\\\/\\\/patagoniambiental.com.ar\\\/info\\\/milei-ubica-futura-base-de-ee-uu-en-argentina-dentro-de-estrategia-para-recuperar-malvinas\\\/\",\"name\":\"Milei ubica futura base de EE.UU. en Argentina en estrategia para recuperar Malvinas\",\"isPartOf\":{\"@id\":\"https:\\\/\\\/patagoniambiental.com.ar\\\/info\\\/#website\"},\"primaryImageOfPage\":{\"@id\":\"https:\\\/\\\/patagoniambiental.com.ar\\\/info\\\/milei-ubica-futura-base-de-ee-uu-en-argentina-dentro-de-estrategia-para-recuperar-malvinas\\\/#primaryimage\"},\"image\":{\"@id\":\"https:\\\/\\\/patagoniambiental.com.ar\\\/info\\\/milei-ubica-futura-base-de-ee-uu-en-argentina-dentro-de-estrategia-para-recuperar-malvinas\\\/#primaryimage\"},\"thumbnailUrl\":\"https:\\\/\\\/patagoniambiental.com.ar\\\/info\\\/wp-content\\\/uploads\\\/2024\\\/04\\\/rss-efe18637a73879dded9c17716c85650d229dd12c4d5w-706x471-1.jpg\",\"datePublished\":\"2024-04-08T22:00:00+00:00\",\"dateModified\":\"2024-08-13T02:49:34+00:00\",\"breadcrumb\":{\"@id\":\"https:\\\/\\\/patagoniambiental.com.ar\\\/info\\\/milei-ubica-futura-base-de-ee-uu-en-argentina-dentro-de-estrategia-para-recuperar-malvinas\\\/#breadcrumb\"},\"inLanguage\":\"es\",\"potentialAction\":[{\"@type\":\"ReadAction\",\"target\":[\"https:\\\/\\\/patagoniambiental.com.ar\\\/info\\\/milei-ubica-futura-base-de-ee-uu-en-argentina-dentro-de-estrategia-para-recuperar-malvinas\\\/\"]}]},{\"@type\":\"ImageObject\",\"inLanguage\":\"es\",\"@id\":\"https:\\\/\\\/patagoniambiental.com.ar\\\/info\\\/milei-ubica-futura-base-de-ee-uu-en-argentina-dentro-de-estrategia-para-recuperar-malvinas\\\/#primaryimage\",\"url\":\"https:\\\/\\\/patagoniambiental.com.ar\\\/info\\\/wp-content\\\/uploads\\\/2024\\\/04\\\/rss-efe18637a73879dded9c17716c85650d229dd12c4d5w-706x471-1.jpg\",\"contentUrl\":\"https:\\\/\\\/patagoniambiental.com.ar\\\/info\\\/wp-content\\\/uploads\\\/2024\\\/04\\\/rss-efe18637a73879dded9c17716c85650d229dd12c4d5w-706x471-1.jpg\",\"width\":706,\"height\":471,\"caption\":\"Base de EEUU en Argentina\"},{\"@type\":\"BreadcrumbList\",\"@id\":\"https:\\\/\\\/patagoniambiental.com.ar\\\/info\\\/milei-ubica-futura-base-de-ee-uu-en-argentina-dentro-de-estrategia-para-recuperar-malvinas\\\/#breadcrumb\",\"itemListElement\":[{\"@type\":\"ListItem\",\"position\":1,\"name\":\"Inicio\",\"item\":\"https:\\\/\\\/patagoniambiental.com.ar\\\/info\\\/\"},{\"@type\":\"ListItem\",\"position\":2,\"name\":\"Milei ubica futura base de EE.UU. en Argentina en estrategia para recuperar Malvinas\"}]},{\"@type\":\"WebSite\",\"@id\":\"https:\\\/\\\/patagoniambiental.com.ar\\\/info\\\/#website\",\"url\":\"https:\\\/\\\/patagoniambiental.com.ar\\\/info\\\/\",\"name\":\"Patagonia Ambiental\",\"description\":\"Monitoreo y an\u00e1lisis de la situaci\u00f3n geopol\u00edtica en el mundo y su implicancia en la Patagonia\",\"publisher\":{\"@id\":\"https:\\\/\\\/patagoniambiental.com.ar\\\/info\\\/#organization\"},\"potentialAction\":[{\"@type\":\"SearchAction\",\"target\":{\"@type\":\"EntryPoint\",\"urlTemplate\":\"https:\\\/\\\/patagoniambiental.com.ar\\\/info\\\/?s={search_term_string}\"},\"query-input\":{\"@type\":\"PropertyValueSpecification\",\"valueRequired\":true,\"valueName\":\"search_term_string\"}}],\"inLanguage\":\"es\"},{\"@type\":\"Organization\",\"@id\":\"https:\\\/\\\/patagoniambiental.com.ar\\\/info\\\/#organization\",\"name\":\"Patagonia Ambiental\",\"url\":\"https:\\\/\\\/patagoniambiental.com.ar\\\/info\\\/\",\"logo\":{\"@type\":\"ImageObject\",\"inLanguage\":\"es\",\"@id\":\"https:\\\/\\\/patagoniambiental.com.ar\\\/info\\\/#\\\/schema\\\/logo\\\/image\\\/\",\"url\":\"https:\\\/\\\/patagoniambiental.com.ar\\\/info\\\/wp-content\\\/uploads\\\/2025\\\/05\\\/LOGO-PATAGONIA-AMBIENTAL.png\",\"contentUrl\":\"https:\\\/\\\/patagoniambiental.com.ar\\\/info\\\/wp-content\\\/uploads\\\/2025\\\/05\\\/LOGO-PATAGONIA-AMBIENTAL.png\",\"width\":433,\"height\":250,\"caption\":\"Patagonia Ambiental\"},\"image\":{\"@id\":\"https:\\\/\\\/patagoniambiental.com.ar\\\/info\\\/#\\\/schema\\\/logo\\\/image\\\/\"},\"sameAs\":[\"https:\\\/\\\/www.facebook.com\\\/patagonia.ambiental\",\"https:\\\/\\\/x.com\\\/PatAmb\"]},{\"@type\":\"Person\",\"@id\":\"https:\\\/\\\/patagoniambiental.com.ar\\\/info\\\/#\\\/schema\\\/person\\\/db12bff64bbcbf6a253710bf0ea37b5d\",\"name\":\"Patagonia Ambiental\",\"description\":\"Andr\u00e9s Nievas T\u00e9cnico en manejo ambiental, consultor Ambiental y escritor para medios locales e internacionales sobre temas de geopolitica y medio ambiente.\",\"sameAs\":[\"http:\\\/\\\/www.patagoniambiental.com.ar\",\"https:\\\/\\\/www.facebook.com\\\/share\\\/1C1V8Gv9BX\\\/?mibextid=qi2Omg\",\"@patagoniambiental\",\"https:\\\/\\\/youtube.com\\\/@patagoniaambiental2023?si=BLt58t0wuXquxlYZ\"]}]}<\/script>\n<!-- \/ Yoast SEO Premium plugin. -->","yoast_head_json":{"title":"Milei ubica futura base de EE.UU. en Argentina en estrategia para recuperar Malvinas","robots":{"index":"index","follow":"follow","max-snippet":"max-snippet:-1","max-image-preview":"max-image-preview:large","max-video-preview":"max-video-preview:-1"},"canonical":"https:\/\/patagoniambiental.com.ar\/info\/milei-ubica-futura-base-de-ee-uu-en-argentina-dentro-de-estrategia-para-recuperar-malvinas\/","og_locale":"es_ES","og_type":"article","og_title":"Milei ubica futura base de EE.UU. en Argentina en estrategia para recuperar Malvinas","og_url":"https:\/\/patagoniambiental.com.ar\/info\/milei-ubica-futura-base-de-ee-uu-en-argentina-dentro-de-estrategia-para-recuperar-malvinas\/","og_site_name":"Patagonia Ambiental","article_publisher":"https:\/\/www.facebook.com\/patagonia.ambiental","article_author":"https:\/\/www.facebook.com\/share\/1C1V8Gv9BX\/?mibextid=qi2Omg","article_published_time":"2024-04-08T22:00:00+00:00","article_modified_time":"2024-08-13T02:49:34+00:00","og_image":[{"width":706,"height":471,"url":"https:\/\/patagoniambiental.com.ar\/info\/wp-content\/uploads\/2024\/04\/rss-efe18637a73879dded9c17716c85650d229dd12c4d5w-706x471-1.jpg","type":"image\/jpeg"}],"author":"Patagonia Ambiental","twitter_card":"summary_large_image","twitter_creator":"@PatAmb","twitter_site":"@PatAmb","schema":{"@context":"https:\/\/schema.org","@graph":[{"@type":"Article","@id":"https:\/\/patagoniambiental.com.ar\/info\/milei-ubica-futura-base-de-ee-uu-en-argentina-dentro-de-estrategia-para-recuperar-malvinas\/#article","isPartOf":{"@id":"https:\/\/patagoniambiental.com.ar\/info\/milei-ubica-futura-base-de-ee-uu-en-argentina-dentro-de-estrategia-para-recuperar-malvinas\/"},"author":{"name":"Patagonia Ambiental","@id":"https:\/\/patagoniambiental.com.ar\/info\/#\/schema\/person\/db12bff64bbcbf6a253710bf0ea37b5d"},"headline":"Milei ubica futura base de EE.UU. en Argentina en estrategia para recuperar Malvinas","datePublished":"2024-04-08T22:00:00+00:00","dateModified":"2024-08-13T02:49:34+00:00","mainEntityOfPage":{"@id":"https:\/\/patagoniambiental.com.ar\/info\/milei-ubica-futura-base-de-ee-uu-en-argentina-dentro-de-estrategia-para-recuperar-malvinas\/"},"wordCount":393,"commentCount":0,"publisher":{"@id":"https:\/\/patagoniambiental.com.ar\/info\/#organization"},"image":{"@id":"https:\/\/patagoniambiental.com.ar\/info\/milei-ubica-futura-base-de-ee-uu-en-argentina-dentro-de-estrategia-para-recuperar-malvinas\/#primaryimage"},"thumbnailUrl":"https:\/\/patagoniambiental.com.ar\/info\/wp-content\/uploads\/2024\/04\/rss-efe18637a73879dded9c17716c85650d229dd12c4d5w-706x471-1.jpg","articleSection":["Internacionales"],"inLanguage":"es","potentialAction":[{"@type":"CommentAction","name":"Comment","target":["https:\/\/patagoniambiental.com.ar\/info\/milei-ubica-futura-base-de-ee-uu-en-argentina-dentro-de-estrategia-para-recuperar-malvinas\/#respond"]}]},{"@type":"WebPage","@id":"https:\/\/patagoniambiental.com.ar\/info\/milei-ubica-futura-base-de-ee-uu-en-argentina-dentro-de-estrategia-para-recuperar-malvinas\/","url":"https:\/\/patagoniambiental.com.ar\/info\/milei-ubica-futura-base-de-ee-uu-en-argentina-dentro-de-estrategia-para-recuperar-malvinas\/","name":"Milei ubica futura base de EE.UU. en Argentina en estrategia para recuperar Malvinas","isPartOf":{"@id":"https:\/\/patagoniambiental.com.ar\/info\/#website"},"primaryImageOfPage":{"@id":"https:\/\/patagoniambiental.com.ar\/info\/milei-ubica-futura-base-de-ee-uu-en-argentina-dentro-de-estrategia-para-recuperar-malvinas\/#primaryimage"},"image":{"@id":"https:\/\/patagoniambiental.com.ar\/info\/milei-ubica-futura-base-de-ee-uu-en-argentina-dentro-de-estrategia-para-recuperar-malvinas\/#primaryimage"},"thumbnailUrl":"https:\/\/patagoniambiental.com.ar\/info\/wp-content\/uploads\/2024\/04\/rss-efe18637a73879dded9c17716c85650d229dd12c4d5w-706x471-1.jpg","datePublished":"2024-04-08T22:00:00+00:00","dateModified":"2024-08-13T02:49:34+00:00","breadcrumb":{"@id":"https:\/\/patagoniambiental.com.ar\/info\/milei-ubica-futura-base-de-ee-uu-en-argentina-dentro-de-estrategia-para-recuperar-malvinas\/#breadcrumb"},"inLanguage":"es","potentialAction":[{"@type":"ReadAction","target":["https:\/\/patagoniambiental.com.ar\/info\/milei-ubica-futura-base-de-ee-uu-en-argentina-dentro-de-estrategia-para-recuperar-malvinas\/"]}]},{"@type":"ImageObject","inLanguage":"es","@id":"https:\/\/patagoniambiental.com.ar\/info\/milei-ubica-futura-base-de-ee-uu-en-argentina-dentro-de-estrategia-para-recuperar-malvinas\/#primaryimage","url":"https:\/\/patagoniambiental.com.ar\/info\/wp-content\/uploads\/2024\/04\/rss-efe18637a73879dded9c17716c85650d229dd12c4d5w-706x471-1.jpg","contentUrl":"https:\/\/patagoniambiental.com.ar\/info\/wp-content\/uploads\/2024\/04\/rss-efe18637a73879dded9c17716c85650d229dd12c4d5w-706x471-1.jpg","width":706,"height":471,"caption":"Base de EEUU en Argentina"},{"@type":"BreadcrumbList","@id":"https:\/\/patagoniambiental.com.ar\/info\/milei-ubica-futura-base-de-ee-uu-en-argentina-dentro-de-estrategia-para-recuperar-malvinas\/#breadcrumb","itemListElement":[{"@type":"ListItem","position":1,"name":"Inicio","item":"https:\/\/patagoniambiental.com.ar\/info\/"},{"@type":"ListItem","position":2,"name":"Milei ubica futura base de EE.UU. en Argentina en estrategia para recuperar Malvinas"}]},{"@type":"WebSite","@id":"https:\/\/patagoniambiental.com.ar\/info\/#website","url":"https:\/\/patagoniambiental.com.ar\/info\/","name":"Patagonia Ambiental","description":"Monitoreo y an\u00e1lisis de la situaci\u00f3n geopol\u00edtica en el mundo y su implicancia en la Patagonia","publisher":{"@id":"https:\/\/patagoniambiental.com.ar\/info\/#organization"},"potentialAction":[{"@type":"SearchAction","target":{"@type":"EntryPoint","urlTemplate":"https:\/\/patagoniambiental.com.ar\/info\/?s={search_term_string}"},"query-input":{"@type":"PropertyValueSpecification","valueRequired":true,"valueName":"search_term_string"}}],"inLanguage":"es"},{"@type":"Organization","@id":"https:\/\/patagoniambiental.com.ar\/info\/#organization","name":"Patagonia Ambiental","url":"https:\/\/patagoniambiental.com.ar\/info\/","logo":{"@type":"ImageObject","inLanguage":"es","@id":"https:\/\/patagoniambiental.com.ar\/info\/#\/schema\/logo\/image\/","url":"https:\/\/patagoniambiental.com.ar\/info\/wp-content\/uploads\/2025\/05\/LOGO-PATAGONIA-AMBIENTAL.png","contentUrl":"https:\/\/patagoniambiental.com.ar\/info\/wp-content\/uploads\/2025\/05\/LOGO-PATAGONIA-AMBIENTAL.png","width":433,"height":250,"caption":"Patagonia Ambiental"},"image":{"@id":"https:\/\/patagoniambiental.com.ar\/info\/#\/schema\/logo\/image\/"},"sameAs":["https:\/\/www.facebook.com\/patagonia.ambiental","https:\/\/x.com\/PatAmb"]},{"@type":"Person","@id":"https:\/\/patagoniambiental.com.ar\/info\/#\/schema\/person\/db12bff64bbcbf6a253710bf0ea37b5d","name":"Patagonia Ambiental","description":"Andr\u00e9s Nievas T\u00e9cnico en manejo ambiental, consultor Ambiental y escritor para medios locales e internacionales sobre temas de geopolitica y medio ambiente.","sameAs":["http:\/\/www.patagoniambiental.com.ar","https:\/\/www.facebook.com\/share\/1C1V8Gv9BX\/?mibextid=qi2Omg","@patagoniambiental","https:\/\/youtube.com\/@patagoniaambiental2023?si=BLt58t0wuXquxlYZ"]}]}},"_links":{"self":[{"href":"https:\/\/patagoniambiental.com.ar\/info\/wp-json\/wp\/v2\/posts\/81377","targetHints":{"allow":["GET"]}}],"collection":[{"href":"https:\/\/patagoniambiental.com.ar\/info\/wp-json\/wp\/v2\/posts"}],"about":[{"href":"https:\/\/patagoniambiental.com.ar\/info\/wp-json\/wp\/v2\/types\/post"}],"author":[{"embeddable":true,"href":"https:\/\/patagoniambiental.com.ar\/info\/wp-json\/wp\/v2\/users\/2"}],"replies":[{"embeddable":true,"href":"https:\/\/patagoniambiental.com.ar\/info\/wp-json\/wp\/v2\/comments?post=81377"}],"version-history":[{"count":0,"href":"https:\/\/patagoniambiental.com.ar\/info\/wp-json\/wp\/v2\/posts\/81377\/revisions"}],"wp:featuredmedia":[{"embeddable":true,"href":"https:\/\/patagoniambiental.com.ar\/info\/wp-json\/wp\/v2\/media\/81378"}],"wp:attachment":[{"href":"https:\/\/patagoniambiental.com.ar\/info\/wp-json\/wp\/v2\/media?parent=81377"}],"wp:term":[{"taxonomy":"category","embeddable":true,"href":"https:\/\/patagoniambiental.com.ar\/info\/wp-json\/wp\/v2\/categories?post=81377"},{"taxonomy":"post_tag","embeddable":true,"href":"https:\/\/patagoniambiental.com.ar\/info\/wp-json\/wp\/v2\/tags?post=81377"}],"curies":[{"name":"wp","href":"https:\/\/api.w.org\/{rel}","templated":true}]}}