{"id":81402,"date":"2024-04-10T07:00:00","date_gmt":"2024-04-10T10:00:00","guid":{"rendered":"https:\/\/patagoniambiental.com.ar\/info\/?p=81402"},"modified":"2024-08-12T23:33:33","modified_gmt":"2024-08-13T02:33:33","slug":"cientificos-se-unen-en-un-pedido-internacional-por-la-conservacion-de-los-bosques-de-macroalgas","status":"publish","type":"post","link":"https:\/\/patagoniambiental.com.ar\/info\/cientificos-se-unen-en-un-pedido-internacional-por-la-conservacion-de-los-bosques-de-macroalgas\/","title":{"rendered":"Cient\u00edficos se unen en un pedido por la conservaci\u00f3n de bosques de macroalgas"},"content":{"rendered":"\n<!--more-->\n\n\n\n<p>El \u00faltimo fin de semana se realiz\u00f3 un encuentro crucial para la protecci\u00f3n de los bosques de macroalgas, donde cient\u00edficos de diferentes lugares del mundo, se unieron para abordar los desaf\u00edos que enfrenta este ecosistema marino vital. El primer taller en espa\u00f1ol de \u2018Mapeadores de Algas\u2019 marc\u00f3 el inicio de un compromiso global por preservar estos tesoros submarinos.<\/p>\n\n\n\n<p><strong>Los bosques de macroalgas son ecosistemas de gran importancia debido a su papel fundamental en la salud y la estabilidad de nuestros oc\u00e9anos.<\/strong>&nbsp;En los \u00faltimos a\u00f1os, la abundancia de los bosques de macroalgas ha disminuido en algunas regiones del planeta, producto de diversas perturbaciones de origen natural y antropog\u00e9nico.<\/p>\n\n\n\n<p>Con la misi\u00f3n de unir esfuerzos para conocer m\u00e1s acerca de estos ecosistemas vitales y biodiversos, y desarrollar estrategias latinoamericanas en com\u00fan para su protecci\u00f3n, se desarroll\u00f3 en Punta Arenas, Chile, el primer encuentro y taller en espa\u00f1ol de mapeadores de macroalgas.<\/p>\n\n\n\n<p>El Dr. Nur Arafeh-Dalmau, investigador de Stanford (Hopkins Marine Station) y co-fundador de MasKelp, una organizaci\u00f3n dedicada a la conservaci\u00f3n de los bosques de macroalgas, consider\u00f3 que este encuentro fue&nbsp;<em>\u201crevelador\u201d<\/em>.&nbsp;<strong><em>\u201cMe he dado cuenta de que desde Alaska hasta Tierra del Fuego estamos conectados por los bosques de macroalgas\u201d<\/em><\/strong><em>,&nbsp;<\/em>se\u00f1al\u00f3.<\/p>\n\n\n\n<p>El taller cont\u00f3 con la participaci\u00f3n de treinta personas asistentes de forma presencial de diversos pa\u00edses como Chile, M\u00e9xico, Argentina, Per\u00fa, Estados Unidos, Australia, Espa\u00f1a y m\u00e1s de sesenta participantes de forma online. Esta conexi\u00f3n transcontinental resalt\u00f3 la importancia de unir esfuerzos para proteger estos incre\u00edbles ecosistemas altamente productivos.<\/p>\n\n\n\n<p>En este sentido, durante este evento, se redact\u00f3 una carta que ser\u00e1 presentada ante diversas autoridades gubernamentales. En ella, los participantes expresaron su compromiso e instaron a los distintos gobiernos para que prioricen la conservaci\u00f3n de los bosques de macroalgas.\u00a0<em>\u201cTenemos la energ\u00eda y los recursos humanos para lograrlo, pero necesitamos el apoyo de las autoridades para crear el marco legal y log\u00edstico necesario para garantizar la conservaci\u00f3n de los bosques de macroalgas de Latinoam\u00e9rica e inspirar al mundo\u201d,<\/em>\u00a0explic\u00f3 Arafeh-Dalmau.<\/p>\n\n\n\n<p>En el encuentro se hizo hincapi\u00e9 en la necesidad de entender la distribuci\u00f3n de estos bosques a nivel global para as\u00ed evaluar su estado de preservaci\u00f3n y dirigir los esfuerzos de conservaci\u00f3n de manera informada.\u00a0<em>\u00abAntes de tomar una decisi\u00f3n, debemos saber d\u00f3nde est\u00e1n estos bosques. Si sabemos d\u00f3nde est\u00e1n, podemos evaluar qu\u00e9 tan bien los estamos protegiendo, cu\u00e1les son sus amenazas, y d\u00f3nde debemos dirigir nuestros esfuerzos\u00bb<\/em>, destac\u00f3 el Dr. Arafeh-Dalmau.<\/p>\n\n\n\n<p>La ge\u00f3grafa marina chilena Alejandra Mora Soto, organizadora del encuentro, explic\u00f3 su motivaci\u00f3n:\u00a0<em>\u201cLe\u00ed que en el viaje del Beagle, Charles Darwin se hab\u00eda sorprendido ante la presencia de estos bosques y su importancia para la biodiversidad\u201d.\u00a0<\/em>Al reconocer que los bosques de algas son muy notorios alrededor del estrecho de Magallanes y de Tierra del Fuego, Mora Soto se sinti\u00f3 motivada para generar el primer mapa de bosques de macroalgas<em>\u00a0\u201cy una serendipia de la vida, dado que el sistema de replicaci\u00f3n del c\u00f3digo de Google Earth Engine que estamos usando es f\u00e1cil de aplicar y f\u00e1cil de reproducir, lo reprodujimos para todos los lugares donde conoc\u00edamos que hab\u00eda Macrocystis. Esto ha favorecido el conocimiento de la distribuci\u00f3n de la especie\u201d.<\/em><\/p>\n\n\n\n<p>Durante este primer encuentro con colegas de todo el mundo, Mora-Soto remarca con grata sorpresaque<em>&nbsp;<strong>\u201ctenemos colegas que est\u00e1n viendo la espacialidad del bosque de algas desde distintas perspectivas; desde la extensi\u00f3n, la variabilidad geogr\u00e1fica y biodiversidad, se est\u00e1n comenzando a estudiar con muestreos por arriba y por abajo del bosque\u201d<\/strong><\/em>, explica, remarcando lo importante que es ahora conocer y enriquecer conocimientos en el intercambio con los pares&nbsp;<em>\u201cy sacar una ciencia desde el sur que puede revolucionar todo lo que se sabe desde ecolog\u00eda de bosques de algas en el mundo, as\u00ed que el potencial es enorme\u201d.<\/em><\/p>\n\n\n\n<p>El director cient\u00edfico de la Fundaci\u00f3n \u201cPor el Mar\u201d, el bi\u00f3logo marino Cristian Lagger, explic\u00f3 que este tipo de talleres son muy motivadores, porque\u00a0<strong><em>\u201cnuestro trabajo se fortalece cuando trabajamos coordinadamente\u00a0<\/em><\/strong><\/p>\n\n\n\n<p><strong><em>con cient\u00edficos de otros pa\u00edses para establecer metodolog\u00edas de trabajos en com\u00fan\u201d<\/em><\/strong><em>,&nbsp;<\/em>remarca.Se trata de&nbsp;<em>\u201cestandarizar protocolos de muestreo, para poder as\u00ed replicarlos en cualquier lugar y hacer comparaciones de nuestros resultados. Es ah\u00ed cuando este tipo de talleres son fundamentales para ponernos de acuerdo, coordinar y potenciar nuestros trabajos en pos de obtener las mejores estrategias para proteger ecosistemas claves como los bosques submarinos\u201d.&nbsp;<\/em><\/p>\n\n\n\n<p>El Dr. Arafeh-Dalmau, motivado desde su infancia por el mar Mediterr\u00e1neo y la creaci\u00f3n de la Reserva Marina de las Islas Medes, desarroll\u00f3 la convicci\u00f3n de que\u00a0<strong><em>\u00abel mar puede recuperarse\u00bb.<\/em><\/strong>Su experiencia en M\u00e9xico, <\/p>\n\n\n\n<p>donde presenci\u00f3 la devastaci\u00f3n de los bosques submarinos debido a olas de calor, lo impuls\u00f3 a luchar por su protecci\u00f3n.&nbsp;<em>\u201cDesde entonces lucho para encontrar soluciones para proteger los bosques de macroalgas del mundo y adaptarnos a los cambios clim\u00e1ticos\u201d.<\/em><\/p>\n\n\n\n<p>En cuanto a la importancia ambiental y socioecon\u00f3mica de los bosques de kelp, el Dr. Arafeh-Dalmau destac\u00f3 su papel como generadores de riqueza para las comunidades costeras, su contribuci\u00f3n a la seguridad alimentaria y su funci\u00f3n crucial como pulmones del planeta.<em>&nbsp;<strong>\u00abLos bosques de kelp ocupan el 30% de las costas del mundo, mucho m\u00e1s que los arrecifes de coral, y son uno de los ecosistemas m\u00e1s productivos del planeta, comparables a los bosques terrestres tropicales\u00bb<\/strong><\/em>.<\/p>\n\n\n\n<p>De hecho, el llamado a la acci\u00f3n formulado en este encuentro, no solo busca proteger los bosques de macroalgas sumergidos en s\u00ed, sino tambi\u00e9n salvaguardar el futuro de las comunidades costeras y la biodiversidad marina.<\/p>\n\n\n\n<p>Investigaciones realizadas durante m\u00e1s de cuatro d\u00e9cadas en todo el mundo han demostrado que las \u00c1reas Marinas Protegidas (AMPs) mejoran significativamente el estado y la resiliencia de los ecosistemas marinos. Estas \u00e1reas protegidas tienen la capacidad de recuperar especies sobrepescadas que desempe\u00f1an un papel crucial en la salud del ecosistema, como los depredadores de herb\u00edvoros. Sin embargo, la efectividad de las AMPs se ve comprometida cuando las AMPs mejoran significativamente el estado y la resiliencia de los ecosistemas marinos. Estas \u00e1reas protegidas tienen la capacidad de recuperar especies sobrepescadas que desempe\u00f1an un papel crucial en la salud del ecosistema, como los depredadores de herb\u00edvoros. Sin embargo, la efectividad de las AMPs se ve comprometida cuando las AMPs no tienen niveles altos de protecci\u00f3n (se permiten actividades nocivas para la biodiversidad), cuando no est\u00e1n bien manejadas y\/o no tienen buenos sistemas de financiamiento.<\/p>\n\n\n\n<p><strong>Otro punto importante que puede aportar a la remediaci\u00f3n, seg\u00fan se\u00f1ala Arafeh-Dalmau, es la de generar figuras legales de protecci\u00f3n de las especies formadoras de bosques de kelp, a nivel nacional y estatal.<\/strong>\u00a0Lo que evitar\u00eda que se pueda extraer y desbastar los bosques. Adem\u00e1s, existen las acciones de restauraci\u00f3n,<em>\u00a0\u201cya sea por remoci\u00f3n y control de poblaciones de herb\u00edvoros que de lo contrario pueden devorar el bosque, o acciones que ayuden a su reforestaci\u00f3n a trav\u00e9s de t\u00e9cnicas de replantaci\u00f3n y siembra de esporas. Existe toda una ciencia sobre la restauraci\u00f3n de los bosques de macroalgas\u201d.<\/em><\/p>\n\n\n\n<p>El encuentro, realizado en el Centro de Investigaci\u00f3n Din\u00e1mica de Ecosistemas Marinos de Altas Latitudes (IDEAL), cont\u00f3 con el patrocinio del grupo de la IUCN Seaweed Specialist Group, la Seremi de Ciencias Macrozona Austral, la Seremi de Medio Ambiente de Magallanes, el Ministerio de Relaciones Exteriores de Chile, la Fundaci\u00f3n MasKelp, la Fundaci\u00f3n Patagonia Azul, el Instituto de Ciencias Marinas y Limnol\u00f3gicas de la Universidad Austral de Chile (UACh), la Fundaci\u00f3n Por El Mar (PEM) , y la Universidad de Stanford.<\/p>\n\n\n\n<p>Fuente: criticasur<\/p>\n","protected":false},"excerpt":{"rendered":"","protected":false},"author":2,"featured_media":81403,"comment_status":"open","ping_status":"open","sticky":false,"template":"","format":"standard","meta":{"site-sidebar-layout":"default","site-content-layout":"","ast-site-content-layout":"default","site-content-style":"default","site-sidebar-style":"default","ast-global-header-display":"","ast-banner-title-visibility":"","ast-main-header-display":"","ast-hfb-above-header-display":"","ast-hfb-below-header-display":"","ast-hfb-mobile-header-display":"","site-post-title":"","ast-breadcrumbs-content":"","ast-featured-img":"","footer-sml-layout":"","ast-disable-related-posts":"","theme-transparent-header-meta":"","adv-header-id-meta":"","stick-header-meta":"","header-above-stick-meta":"","header-main-stick-meta":"","header-below-stick-meta":"","astra-migrate-meta-layouts":"default","ast-page-background-enabled":"default","ast-page-background-meta":{"desktop":{"background-color":"var(--ast-global-color-5)","background-image":"","background-repeat":"repeat","background-position":"center center","background-size":"auto","background-attachment":"scroll","background-type":"","background-media":"","overlay-type":"","overlay-color":"","overlay-opacity":"","overlay-gradient":""},"tablet":{"background-color":"","background-image":"","background-repeat":"repeat","background-position":"center center","background-size":"auto","background-attachment":"scroll","background-type":"","background-media":"","overlay-type":"","overlay-color":"","overlay-opacity":"","overlay-gradient":""},"mobile":{"background-color":"","background-image":"","background-repeat":"repeat","background-position":"center center","background-size":"auto","background-attachment":"scroll","background-type":"","background-media":"","overlay-type":"","overlay-color":"","overlay-opacity":"","overlay-gradient":""}},"ast-content-background-meta":{"desktop":{"background-color":"var(--ast-global-color-4)","background-image":"","background-repeat":"repeat","background-position":"center center","background-size":"auto","background-attachment":"scroll","background-type":"","background-media":"","overlay-type":"","overlay-color":"","overlay-opacity":"","overlay-gradient":""},"tablet":{"background-color":"var(--ast-global-color-4)","background-image":"","background-repeat":"repeat","background-position":"center center","background-size":"auto","background-attachment":"scroll","background-type":"","background-media":"","overlay-type":"","overlay-color":"","overlay-opacity":"","overlay-gradient":""},"mobile":{"background-color":"var(--ast-global-color-4)","background-image":"","background-repeat":"repeat","background-position":"center center","background-size":"auto","background-attachment":"scroll","background-type":"","background-media":"","overlay-type":"","overlay-color":"","overlay-opacity":"","overlay-gradient":""}},"footnotes":""},"categories":[11,23],"tags":[],"class_list":["post-81402","post","type-post","status-publish","format-standard","has-post-thumbnail","hentry","category-boletin","category-internacionales"],"yoast_head":"<!-- This site is optimized with the Yoast SEO Premium plugin v23.0 (Yoast SEO v27.5) - https:\/\/yoast.com\/product\/yoast-seo-premium-wordpress\/ -->\n<title>Cient\u00edficos se unen en un pedido por la conservaci\u00f3n de bosques de macroalgas<\/title>\n<meta name=\"robots\" content=\"index, follow, max-snippet:-1, max-image-preview:large, max-video-preview:-1\" \/>\n<link rel=\"canonical\" href=\"https:\/\/patagoniambiental.com.ar\/info\/cientificos-se-unen-en-un-pedido-internacional-por-la-conservacion-de-los-bosques-de-macroalgas\/\" \/>\n<meta property=\"og:locale\" content=\"es_ES\" \/>\n<meta property=\"og:type\" content=\"article\" \/>\n<meta property=\"og:title\" content=\"Cient\u00edficos se unen en un pedido por la conservaci\u00f3n de bosques de macroalgas\" \/>\n<meta property=\"og:url\" content=\"https:\/\/patagoniambiental.com.ar\/info\/cientificos-se-unen-en-un-pedido-internacional-por-la-conservacion-de-los-bosques-de-macroalgas\/\" \/>\n<meta property=\"og:site_name\" content=\"Patagonia Ambiental\" \/>\n<meta property=\"article:publisher\" content=\"https:\/\/www.facebook.com\/patagonia.ambiental\" \/>\n<meta property=\"article:author\" content=\"https:\/\/www.facebook.com\/share\/1C1V8Gv9BX\/?mibextid=qi2Omg\" \/>\n<meta property=\"article:published_time\" content=\"2024-04-10T10:00:00+00:00\" \/>\n<meta property=\"article:modified_time\" content=\"2024-08-13T02:33:33+00:00\" \/>\n<meta property=\"og:image\" content=\"https:\/\/patagoniambiental.com.ar\/info\/wp-content\/uploads\/2024\/04\/20240410002554_navegando_sobre_bosques_sumergidos_de_santa_cruz_argentina_foto_de_cristian_lagger_fundacion_por_el_mar.jpg\" \/>\n\t<meta property=\"og:image:width\" content=\"880\" \/>\n\t<meta property=\"og:image:height\" content=\"586\" \/>\n\t<meta property=\"og:image:type\" content=\"image\/jpeg\" \/>\n<meta name=\"author\" content=\"Patagonia Ambiental\" \/>\n<meta name=\"twitter:card\" content=\"summary_large_image\" \/>\n<meta name=\"twitter:creator\" content=\"@PatAmb\" \/>\n<meta name=\"twitter:site\" content=\"@PatAmb\" \/>\n<script type=\"application\/ld+json\" class=\"yoast-schema-graph\">{\"@context\":\"https:\\\/\\\/schema.org\",\"@graph\":[{\"@type\":\"Article\",\"@id\":\"https:\\\/\\\/patagoniambiental.com.ar\\\/info\\\/cientificos-se-unen-en-un-pedido-internacional-por-la-conservacion-de-los-bosques-de-macroalgas\\\/#article\",\"isPartOf\":{\"@id\":\"https:\\\/\\\/patagoniambiental.com.ar\\\/info\\\/cientificos-se-unen-en-un-pedido-internacional-por-la-conservacion-de-los-bosques-de-macroalgas\\\/\"},\"author\":{\"name\":\"Patagonia Ambiental\",\"@id\":\"https:\\\/\\\/patagoniambiental.com.ar\\\/info\\\/#\\\/schema\\\/person\\\/db12bff64bbcbf6a253710bf0ea37b5d\"},\"headline\":\"Cient\u00edficos se unen en un pedido por la conservaci\u00f3n de bosques de macroalgas\",\"datePublished\":\"2024-04-10T10:00:00+00:00\",\"dateModified\":\"2024-08-13T02:33:33+00:00\",\"mainEntityOfPage\":{\"@id\":\"https:\\\/\\\/patagoniambiental.com.ar\\\/info\\\/cientificos-se-unen-en-un-pedido-internacional-por-la-conservacion-de-los-bosques-de-macroalgas\\\/\"},\"wordCount\":1354,\"commentCount\":0,\"publisher\":{\"@id\":\"https:\\\/\\\/patagoniambiental.com.ar\\\/info\\\/#organization\"},\"image\":{\"@id\":\"https:\\\/\\\/patagoniambiental.com.ar\\\/info\\\/cientificos-se-unen-en-un-pedido-internacional-por-la-conservacion-de-los-bosques-de-macroalgas\\\/#primaryimage\"},\"thumbnailUrl\":\"https:\\\/\\\/patagoniambiental.com.ar\\\/info\\\/wp-content\\\/uploads\\\/2024\\\/04\\\/20240410002554_navegando_sobre_bosques_sumergidos_de_santa_cruz_argentina_foto_de_cristian_lagger_fundacion_por_el_mar.jpg\",\"articleSection\":[\"Bolet\u00edn\",\"Internacionales\"],\"inLanguage\":\"es\",\"potentialAction\":[{\"@type\":\"CommentAction\",\"name\":\"Comment\",\"target\":[\"https:\\\/\\\/patagoniambiental.com.ar\\\/info\\\/cientificos-se-unen-en-un-pedido-internacional-por-la-conservacion-de-los-bosques-de-macroalgas\\\/#respond\"]}]},{\"@type\":\"WebPage\",\"@id\":\"https:\\\/\\\/patagoniambiental.com.ar\\\/info\\\/cientificos-se-unen-en-un-pedido-internacional-por-la-conservacion-de-los-bosques-de-macroalgas\\\/\",\"url\":\"https:\\\/\\\/patagoniambiental.com.ar\\\/info\\\/cientificos-se-unen-en-un-pedido-internacional-por-la-conservacion-de-los-bosques-de-macroalgas\\\/\",\"name\":\"Cient\u00edficos se unen en un pedido por la conservaci\u00f3n de bosques de macroalgas\",\"isPartOf\":{\"@id\":\"https:\\\/\\\/patagoniambiental.com.ar\\\/info\\\/#website\"},\"primaryImageOfPage\":{\"@id\":\"https:\\\/\\\/patagoniambiental.com.ar\\\/info\\\/cientificos-se-unen-en-un-pedido-internacional-por-la-conservacion-de-los-bosques-de-macroalgas\\\/#primaryimage\"},\"image\":{\"@id\":\"https:\\\/\\\/patagoniambiental.com.ar\\\/info\\\/cientificos-se-unen-en-un-pedido-internacional-por-la-conservacion-de-los-bosques-de-macroalgas\\\/#primaryimage\"},\"thumbnailUrl\":\"https:\\\/\\\/patagoniambiental.com.ar\\\/info\\\/wp-content\\\/uploads\\\/2024\\\/04\\\/20240410002554_navegando_sobre_bosques_sumergidos_de_santa_cruz_argentina_foto_de_cristian_lagger_fundacion_por_el_mar.jpg\",\"datePublished\":\"2024-04-10T10:00:00+00:00\",\"dateModified\":\"2024-08-13T02:33:33+00:00\",\"breadcrumb\":{\"@id\":\"https:\\\/\\\/patagoniambiental.com.ar\\\/info\\\/cientificos-se-unen-en-un-pedido-internacional-por-la-conservacion-de-los-bosques-de-macroalgas\\\/#breadcrumb\"},\"inLanguage\":\"es\",\"potentialAction\":[{\"@type\":\"ReadAction\",\"target\":[\"https:\\\/\\\/patagoniambiental.com.ar\\\/info\\\/cientificos-se-unen-en-un-pedido-internacional-por-la-conservacion-de-los-bosques-de-macroalgas\\\/\"]}]},{\"@type\":\"ImageObject\",\"inLanguage\":\"es\",\"@id\":\"https:\\\/\\\/patagoniambiental.com.ar\\\/info\\\/cientificos-se-unen-en-un-pedido-internacional-por-la-conservacion-de-los-bosques-de-macroalgas\\\/#primaryimage\",\"url\":\"https:\\\/\\\/patagoniambiental.com.ar\\\/info\\\/wp-content\\\/uploads\\\/2024\\\/04\\\/20240410002554_navegando_sobre_bosques_sumergidos_de_santa_cruz_argentina_foto_de_cristian_lagger_fundacion_por_el_mar.jpg\",\"contentUrl\":\"https:\\\/\\\/patagoniambiental.com.ar\\\/info\\\/wp-content\\\/uploads\\\/2024\\\/04\\\/20240410002554_navegando_sobre_bosques_sumergidos_de_santa_cruz_argentina_foto_de_cristian_lagger_fundacion_por_el_mar.jpg\",\"width\":880,\"height\":586},{\"@type\":\"BreadcrumbList\",\"@id\":\"https:\\\/\\\/patagoniambiental.com.ar\\\/info\\\/cientificos-se-unen-en-un-pedido-internacional-por-la-conservacion-de-los-bosques-de-macroalgas\\\/#breadcrumb\",\"itemListElement\":[{\"@type\":\"ListItem\",\"position\":1,\"name\":\"Inicio\",\"item\":\"https:\\\/\\\/patagoniambiental.com.ar\\\/info\\\/\"},{\"@type\":\"ListItem\",\"position\":2,\"name\":\"Cient\u00edficos se unen en un pedido por la conservaci\u00f3n de bosques de macroalgas\"}]},{\"@type\":\"WebSite\",\"@id\":\"https:\\\/\\\/patagoniambiental.com.ar\\\/info\\\/#website\",\"url\":\"https:\\\/\\\/patagoniambiental.com.ar\\\/info\\\/\",\"name\":\"Patagonia Ambiental\",\"description\":\"Monitoreo y an\u00e1lisis de la situaci\u00f3n geopol\u00edtica en el mundo y su implicancia en la Patagonia\",\"publisher\":{\"@id\":\"https:\\\/\\\/patagoniambiental.com.ar\\\/info\\\/#organization\"},\"potentialAction\":[{\"@type\":\"SearchAction\",\"target\":{\"@type\":\"EntryPoint\",\"urlTemplate\":\"https:\\\/\\\/patagoniambiental.com.ar\\\/info\\\/?s={search_term_string}\"},\"query-input\":{\"@type\":\"PropertyValueSpecification\",\"valueRequired\":true,\"valueName\":\"search_term_string\"}}],\"inLanguage\":\"es\"},{\"@type\":\"Organization\",\"@id\":\"https:\\\/\\\/patagoniambiental.com.ar\\\/info\\\/#organization\",\"name\":\"Patagonia Ambiental\",\"url\":\"https:\\\/\\\/patagoniambiental.com.ar\\\/info\\\/\",\"logo\":{\"@type\":\"ImageObject\",\"inLanguage\":\"es\",\"@id\":\"https:\\\/\\\/patagoniambiental.com.ar\\\/info\\\/#\\\/schema\\\/logo\\\/image\\\/\",\"url\":\"https:\\\/\\\/patagoniambiental.com.ar\\\/info\\\/wp-content\\\/uploads\\\/2025\\\/05\\\/LOGO-PATAGONIA-AMBIENTAL.png\",\"contentUrl\":\"https:\\\/\\\/patagoniambiental.com.ar\\\/info\\\/wp-content\\\/uploads\\\/2025\\\/05\\\/LOGO-PATAGONIA-AMBIENTAL.png\",\"width\":433,\"height\":250,\"caption\":\"Patagonia Ambiental\"},\"image\":{\"@id\":\"https:\\\/\\\/patagoniambiental.com.ar\\\/info\\\/#\\\/schema\\\/logo\\\/image\\\/\"},\"sameAs\":[\"https:\\\/\\\/www.facebook.com\\\/patagonia.ambiental\",\"https:\\\/\\\/x.com\\\/PatAmb\"]},{\"@type\":\"Person\",\"@id\":\"https:\\\/\\\/patagoniambiental.com.ar\\\/info\\\/#\\\/schema\\\/person\\\/db12bff64bbcbf6a253710bf0ea37b5d\",\"name\":\"Patagonia Ambiental\",\"description\":\"Andr\u00e9s Nievas T\u00e9cnico en manejo ambiental, consultor Ambiental y escritor para medios locales e internacionales sobre temas de geopolitica y medio ambiente.\",\"sameAs\":[\"http:\\\/\\\/www.patagoniambiental.com.ar\",\"https:\\\/\\\/www.facebook.com\\\/share\\\/1C1V8Gv9BX\\\/?mibextid=qi2Omg\",\"@patagoniambiental\",\"https:\\\/\\\/youtube.com\\\/@patagoniaambiental2023?si=BLt58t0wuXquxlYZ\"]}]}<\/script>\n<!-- \/ Yoast SEO Premium plugin. -->","yoast_head_json":{"title":"Cient\u00edficos se unen en un pedido por la conservaci\u00f3n de bosques de macroalgas","robots":{"index":"index","follow":"follow","max-snippet":"max-snippet:-1","max-image-preview":"max-image-preview:large","max-video-preview":"max-video-preview:-1"},"canonical":"https:\/\/patagoniambiental.com.ar\/info\/cientificos-se-unen-en-un-pedido-internacional-por-la-conservacion-de-los-bosques-de-macroalgas\/","og_locale":"es_ES","og_type":"article","og_title":"Cient\u00edficos se unen en un pedido por la conservaci\u00f3n de bosques de macroalgas","og_url":"https:\/\/patagoniambiental.com.ar\/info\/cientificos-se-unen-en-un-pedido-internacional-por-la-conservacion-de-los-bosques-de-macroalgas\/","og_site_name":"Patagonia Ambiental","article_publisher":"https:\/\/www.facebook.com\/patagonia.ambiental","article_author":"https:\/\/www.facebook.com\/share\/1C1V8Gv9BX\/?mibextid=qi2Omg","article_published_time":"2024-04-10T10:00:00+00:00","article_modified_time":"2024-08-13T02:33:33+00:00","og_image":[{"width":880,"height":586,"url":"https:\/\/patagoniambiental.com.ar\/info\/wp-content\/uploads\/2024\/04\/20240410002554_navegando_sobre_bosques_sumergidos_de_santa_cruz_argentina_foto_de_cristian_lagger_fundacion_por_el_mar.jpg","type":"image\/jpeg"}],"author":"Patagonia Ambiental","twitter_card":"summary_large_image","twitter_creator":"@PatAmb","twitter_site":"@PatAmb","schema":{"@context":"https:\/\/schema.org","@graph":[{"@type":"Article","@id":"https:\/\/patagoniambiental.com.ar\/info\/cientificos-se-unen-en-un-pedido-internacional-por-la-conservacion-de-los-bosques-de-macroalgas\/#article","isPartOf":{"@id":"https:\/\/patagoniambiental.com.ar\/info\/cientificos-se-unen-en-un-pedido-internacional-por-la-conservacion-de-los-bosques-de-macroalgas\/"},"author":{"name":"Patagonia Ambiental","@id":"https:\/\/patagoniambiental.com.ar\/info\/#\/schema\/person\/db12bff64bbcbf6a253710bf0ea37b5d"},"headline":"Cient\u00edficos se unen en un pedido por la conservaci\u00f3n de bosques de macroalgas","datePublished":"2024-04-10T10:00:00+00:00","dateModified":"2024-08-13T02:33:33+00:00","mainEntityOfPage":{"@id":"https:\/\/patagoniambiental.com.ar\/info\/cientificos-se-unen-en-un-pedido-internacional-por-la-conservacion-de-los-bosques-de-macroalgas\/"},"wordCount":1354,"commentCount":0,"publisher":{"@id":"https:\/\/patagoniambiental.com.ar\/info\/#organization"},"image":{"@id":"https:\/\/patagoniambiental.com.ar\/info\/cientificos-se-unen-en-un-pedido-internacional-por-la-conservacion-de-los-bosques-de-macroalgas\/#primaryimage"},"thumbnailUrl":"https:\/\/patagoniambiental.com.ar\/info\/wp-content\/uploads\/2024\/04\/20240410002554_navegando_sobre_bosques_sumergidos_de_santa_cruz_argentina_foto_de_cristian_lagger_fundacion_por_el_mar.jpg","articleSection":["Bolet\u00edn","Internacionales"],"inLanguage":"es","potentialAction":[{"@type":"CommentAction","name":"Comment","target":["https:\/\/patagoniambiental.com.ar\/info\/cientificos-se-unen-en-un-pedido-internacional-por-la-conservacion-de-los-bosques-de-macroalgas\/#respond"]}]},{"@type":"WebPage","@id":"https:\/\/patagoniambiental.com.ar\/info\/cientificos-se-unen-en-un-pedido-internacional-por-la-conservacion-de-los-bosques-de-macroalgas\/","url":"https:\/\/patagoniambiental.com.ar\/info\/cientificos-se-unen-en-un-pedido-internacional-por-la-conservacion-de-los-bosques-de-macroalgas\/","name":"Cient\u00edficos se unen en un pedido por la conservaci\u00f3n de bosques de macroalgas","isPartOf":{"@id":"https:\/\/patagoniambiental.com.ar\/info\/#website"},"primaryImageOfPage":{"@id":"https:\/\/patagoniambiental.com.ar\/info\/cientificos-se-unen-en-un-pedido-internacional-por-la-conservacion-de-los-bosques-de-macroalgas\/#primaryimage"},"image":{"@id":"https:\/\/patagoniambiental.com.ar\/info\/cientificos-se-unen-en-un-pedido-internacional-por-la-conservacion-de-los-bosques-de-macroalgas\/#primaryimage"},"thumbnailUrl":"https:\/\/patagoniambiental.com.ar\/info\/wp-content\/uploads\/2024\/04\/20240410002554_navegando_sobre_bosques_sumergidos_de_santa_cruz_argentina_foto_de_cristian_lagger_fundacion_por_el_mar.jpg","datePublished":"2024-04-10T10:00:00+00:00","dateModified":"2024-08-13T02:33:33+00:00","breadcrumb":{"@id":"https:\/\/patagoniambiental.com.ar\/info\/cientificos-se-unen-en-un-pedido-internacional-por-la-conservacion-de-los-bosques-de-macroalgas\/#breadcrumb"},"inLanguage":"es","potentialAction":[{"@type":"ReadAction","target":["https:\/\/patagoniambiental.com.ar\/info\/cientificos-se-unen-en-un-pedido-internacional-por-la-conservacion-de-los-bosques-de-macroalgas\/"]}]},{"@type":"ImageObject","inLanguage":"es","@id":"https:\/\/patagoniambiental.com.ar\/info\/cientificos-se-unen-en-un-pedido-internacional-por-la-conservacion-de-los-bosques-de-macroalgas\/#primaryimage","url":"https:\/\/patagoniambiental.com.ar\/info\/wp-content\/uploads\/2024\/04\/20240410002554_navegando_sobre_bosques_sumergidos_de_santa_cruz_argentina_foto_de_cristian_lagger_fundacion_por_el_mar.jpg","contentUrl":"https:\/\/patagoniambiental.com.ar\/info\/wp-content\/uploads\/2024\/04\/20240410002554_navegando_sobre_bosques_sumergidos_de_santa_cruz_argentina_foto_de_cristian_lagger_fundacion_por_el_mar.jpg","width":880,"height":586},{"@type":"BreadcrumbList","@id":"https:\/\/patagoniambiental.com.ar\/info\/cientificos-se-unen-en-un-pedido-internacional-por-la-conservacion-de-los-bosques-de-macroalgas\/#breadcrumb","itemListElement":[{"@type":"ListItem","position":1,"name":"Inicio","item":"https:\/\/patagoniambiental.com.ar\/info\/"},{"@type":"ListItem","position":2,"name":"Cient\u00edficos se unen en un pedido por la conservaci\u00f3n de bosques de macroalgas"}]},{"@type":"WebSite","@id":"https:\/\/patagoniambiental.com.ar\/info\/#website","url":"https:\/\/patagoniambiental.com.ar\/info\/","name":"Patagonia Ambiental","description":"Monitoreo y an\u00e1lisis de la situaci\u00f3n geopol\u00edtica en el mundo y su implicancia en la Patagonia","publisher":{"@id":"https:\/\/patagoniambiental.com.ar\/info\/#organization"},"potentialAction":[{"@type":"SearchAction","target":{"@type":"EntryPoint","urlTemplate":"https:\/\/patagoniambiental.com.ar\/info\/?s={search_term_string}"},"query-input":{"@type":"PropertyValueSpecification","valueRequired":true,"valueName":"search_term_string"}}],"inLanguage":"es"},{"@type":"Organization","@id":"https:\/\/patagoniambiental.com.ar\/info\/#organization","name":"Patagonia Ambiental","url":"https:\/\/patagoniambiental.com.ar\/info\/","logo":{"@type":"ImageObject","inLanguage":"es","@id":"https:\/\/patagoniambiental.com.ar\/info\/#\/schema\/logo\/image\/","url":"https:\/\/patagoniambiental.com.ar\/info\/wp-content\/uploads\/2025\/05\/LOGO-PATAGONIA-AMBIENTAL.png","contentUrl":"https:\/\/patagoniambiental.com.ar\/info\/wp-content\/uploads\/2025\/05\/LOGO-PATAGONIA-AMBIENTAL.png","width":433,"height":250,"caption":"Patagonia Ambiental"},"image":{"@id":"https:\/\/patagoniambiental.com.ar\/info\/#\/schema\/logo\/image\/"},"sameAs":["https:\/\/www.facebook.com\/patagonia.ambiental","https:\/\/x.com\/PatAmb"]},{"@type":"Person","@id":"https:\/\/patagoniambiental.com.ar\/info\/#\/schema\/person\/db12bff64bbcbf6a253710bf0ea37b5d","name":"Patagonia Ambiental","description":"Andr\u00e9s Nievas T\u00e9cnico en manejo ambiental, consultor Ambiental y escritor para medios locales e internacionales sobre temas de geopolitica y medio ambiente.","sameAs":["http:\/\/www.patagoniambiental.com.ar","https:\/\/www.facebook.com\/share\/1C1V8Gv9BX\/?mibextid=qi2Omg","@patagoniambiental","https:\/\/youtube.com\/@patagoniaambiental2023?si=BLt58t0wuXquxlYZ"]}]}},"_links":{"self":[{"href":"https:\/\/patagoniambiental.com.ar\/info\/wp-json\/wp\/v2\/posts\/81402","targetHints":{"allow":["GET"]}}],"collection":[{"href":"https:\/\/patagoniambiental.com.ar\/info\/wp-json\/wp\/v2\/posts"}],"about":[{"href":"https:\/\/patagoniambiental.com.ar\/info\/wp-json\/wp\/v2\/types\/post"}],"author":[{"embeddable":true,"href":"https:\/\/patagoniambiental.com.ar\/info\/wp-json\/wp\/v2\/users\/2"}],"replies":[{"embeddable":true,"href":"https:\/\/patagoniambiental.com.ar\/info\/wp-json\/wp\/v2\/comments?post=81402"}],"version-history":[{"count":0,"href":"https:\/\/patagoniambiental.com.ar\/info\/wp-json\/wp\/v2\/posts\/81402\/revisions"}],"wp:featuredmedia":[{"embeddable":true,"href":"https:\/\/patagoniambiental.com.ar\/info\/wp-json\/wp\/v2\/media\/81403"}],"wp:attachment":[{"href":"https:\/\/patagoniambiental.com.ar\/info\/wp-json\/wp\/v2\/media?parent=81402"}],"wp:term":[{"taxonomy":"category","embeddable":true,"href":"https:\/\/patagoniambiental.com.ar\/info\/wp-json\/wp\/v2\/categories?post=81402"},{"taxonomy":"post_tag","embeddable":true,"href":"https:\/\/patagoniambiental.com.ar\/info\/wp-json\/wp\/v2\/tags?post=81402"}],"curies":[{"name":"wp","href":"https:\/\/api.w.org\/{rel}","templated":true}]}}