{"id":81408,"date":"2024-04-10T07:00:00","date_gmt":"2024-04-10T10:00:00","guid":{"rendered":"https:\/\/patagoniambiental.com.ar\/info\/?p=81408"},"modified":"2024-09-19T11:49:47","modified_gmt":"2024-09-19T14:49:47","slug":"la-mesa-girsu-se-reunira-en-neuquen","status":"publish","type":"post","link":"https:\/\/patagoniambiental.com.ar\/info\/la-mesa-girsu-se-reunira-en-neuquen\/","title":{"rendered":"La Mesa Girsu se reunir\u00e1 en Neuqu\u00e9n"},"content":{"rendered":"\n<!--more-->\n\n\n\n<p>Neuqu\u00e9n.-Se realizar\u00e1 la segunda reuni\u00f3n del a\u00f1o. Participan gobiernos locales y se abordan cuestiones referidas a la Gesti\u00f3n Integral de los Residuos S\u00f3lidos Urbanos (Girsu).<\/p>\n\n\n\n<p>La Secretar\u00eda de Ambiente, dependiente del Ministerio de Energ\u00eda y Recursos Naturales de la Provincia, realizar\u00e1 el pr\u00f3ximo viernes 12, la segunda reuni\u00f3n del a\u00f1o de la Mesa Girsu.<\/p>\n\n\n\n<p>El encuentro tendr\u00e1 lugar a las 10 h en las instalaciones de la Secretar\u00eda de Ambiente, de la ciudad de Neuqu\u00e9n y contar\u00e1 con la participaci\u00f3n de funcionarios de las \u00e1reas ambientales de diez localidades, as\u00ed como referentes de algunas empresas y ONG.<\/p>\n\n\n\n<p>Durante el encuentro se abordar\u00e1n temas como: objetivos del a\u00f1o 2024, relevamiento de proyectos de gobiernos locales, presentaciones de empresas sobre sustentabilidad y acciones de ONG para Girsu.<\/p>\n\n\n\n<div style=\"height:100px\" aria-hidden=\"true\" class=\"wp-block-spacer\"><\/div>\n\n\n\n<p><br><\/p>\n\n\n\n<h2 class=\"wp-block-heading\" id=\"h-sobre-mesa-girsu\"><strong>Sobre Mesa Girsu<\/strong><\/h2>\n\n\n\n<p>El Plan GIRSU entiende a la gesti\u00f3n de los residuos como una cuesti\u00f3n ambiental, pero tambi\u00e9n sanitaria, social y econ\u00f3mica que merece un abordaje integral. El plan contempla: Construcci\u00f3n de centros ambientales y otros proyectos relacionados con el tratamiento de residuos de manera controlada.<\/p>\n\n\n\n<p>En la provincia, dentro de la Ley N\u00b01875, se promueven las reuniones regionales que se realizan de forma mensual y\/o bimensual con todos los municipios\/comisiones de fomento de zona sur y norte de la provincia.<\/p>\n\n\n\n<div style=\"height:100px\" aria-hidden=\"true\" class=\"wp-block-spacer\"><\/div>\n\n\n\n<h2 class=\"wp-block-heading\" id=\"h-objetivo-y-beneficios\"><br><strong>Objetivo y beneficios:<\/strong><\/h2>\n\n\n\n<p>Promover acciones conjuntas para lograr adquirentes comunes de los materiales a recuperar.<\/p>\n\n\n\n<p>Aplicar estrategias de comercializaci\u00f3n para el avance de los procesos de industrializaci\u00f3n de los residuos, reposicionando de forma positiva los materiales en el mercado regional y nacional.<\/p>\n\n\n\n<p>Desarrollar programas por parte de cada una de las Municipalidades, para promover la participaci\u00f3n de sus comunidades en procesos de minimizaci\u00f3n, reutilizaci\u00f3n y reciclado, conforme lo dispone la Ley Nacional de Presupuestos M\u00ednimos 25.916\/04, en su cap\u00edtulo VII.<\/p>\n\n\n\n<p>Lograr la articulaci\u00f3n con empresas adquirentes para el retiro de recursos comercializables que a\u00fan presentan deficiencia en su recuperaci\u00f3n, como sucede en el caso de los aceites vegetales y minerales usados, pl\u00e1sticos, coordinando los tiempos de recupero de las diferentes localidades para establecer estrategias de implementaci\u00f3n de log\u00edstica inversa.<\/p>\n\n\n\n<p>Intercambiar experiencias en gesti\u00f3n operativa que posibilite la consolidaci\u00f3n de la GIRSU en las diferentes localidades participantes, reduciendo los basurales a cielo abierto a trav\u00e9s de una gesti\u00f3n sustentable de los Residuos S\u00f3lidos Urbanos, para preservar los recursos naturales, resguardar la salud de la poblaci\u00f3n y su calidad de vida.<\/p>\n\n\n\n<p>Impulsar la elaboraci\u00f3n de documentos normativos que den marco a las acciones estrat\u00e9gicas planeadas.<\/p>\n\n\n\n<p>Fuente: <a href=\"https:\/\/www.neuquenalinstante.com.ar\/noticias\/2024\/04\/08\/104366-la-mesa-girsu-se-reunira-en-neuquen\">www.neuquenalinstante.com.ar<\/a><\/p>\n","protected":false},"excerpt":{"rendered":"","protected":false},"author":2,"featured_media":81409,"comment_status":"open","ping_status":"open","sticky":false,"template":"","format":"standard","meta":{"site-sidebar-layout":"default","site-content-layout":"","ast-site-content-layout":"default","site-content-style":"default","site-sidebar-style":"default","ast-global-header-display":"","ast-banner-title-visibility":"","ast-main-header-display":"","ast-hfb-above-header-display":"","ast-hfb-below-header-display":"","ast-hfb-mobile-header-display":"","site-post-title":"","ast-breadcrumbs-content":"","ast-featured-img":"","footer-sml-layout":"","ast-disable-related-posts":"","theme-transparent-header-meta":"","adv-header-id-meta":"","stick-header-meta":"","header-above-stick-meta":"","header-main-stick-meta":"","header-below-stick-meta":"","astra-migrate-meta-layouts":"default","ast-page-background-enabled":"default","ast-page-background-meta":{"desktop":{"background-color":"var(--ast-global-color-5)","background-image":"","background-repeat":"repeat","background-position":"center center","background-size":"auto","background-attachment":"scroll","background-type":"","background-media":"","overlay-type":"","overlay-color":"","overlay-opacity":"","overlay-gradient":""},"tablet":{"background-color":"","background-image":"","background-repeat":"repeat","background-position":"center center","background-size":"auto","background-attachment":"scroll","background-type":"","background-media":"","overlay-type":"","overlay-color":"","overlay-opacity":"","overlay-gradient":""},"mobile":{"background-color":"","background-image":"","background-repeat":"repeat","background-position":"center center","background-size":"auto","background-attachment":"scroll","background-type":"","background-media":"","overlay-type":"","overlay-color":"","overlay-opacity":"","overlay-gradient":""}},"ast-content-background-meta":{"desktop":{"background-color":"var(--ast-global-color-4)","background-image":"","background-repeat":"repeat","background-position":"center center","background-size":"auto","background-attachment":"scroll","background-type":"","background-media":"","overlay-type":"","overlay-color":"","overlay-opacity":"","overlay-gradient":""},"tablet":{"background-color":"var(--ast-global-color-4)","background-image":"","background-repeat":"repeat","background-position":"center center","background-size":"auto","background-attachment":"scroll","background-type":"","background-media":"","overlay-type":"","overlay-color":"","overlay-opacity":"","overlay-gradient":""},"mobile":{"background-color":"var(--ast-global-color-4)","background-image":"","background-repeat":"repeat","background-position":"center center","background-size":"auto","background-attachment":"scroll","background-type":"","background-media":"","overlay-type":"","overlay-color":"","overlay-opacity":"","overlay-gradient":""}},"footnotes":""},"categories":[11,18,13],"tags":[],"class_list":["post-81408","post","type-post","status-publish","format-standard","has-post-thumbnail","hentry","category-boletin","category-neuquen","category-provinciales"],"yoast_head":"<!-- This site is optimized with the Yoast SEO Premium plugin v23.0 (Yoast SEO v27.5) - https:\/\/yoast.com\/product\/yoast-seo-premium-wordpress\/ -->\n<title>La Mesa Girsu se reunir\u00e1 en Neuqu\u00e9n<\/title>\n<meta name=\"robots\" content=\"index, follow, max-snippet:-1, max-image-preview:large, max-video-preview:-1\" \/>\n<link rel=\"canonical\" href=\"https:\/\/patagoniambiental.com.ar\/info\/la-mesa-girsu-se-reunira-en-neuquen\/\" \/>\n<meta property=\"og:locale\" content=\"es_ES\" \/>\n<meta property=\"og:type\" content=\"article\" \/>\n<meta property=\"og:title\" content=\"La Mesa Girsu se reunir\u00e1 en Neuqu\u00e9n\" \/>\n<meta property=\"og:url\" content=\"https:\/\/patagoniambiental.com.ar\/info\/la-mesa-girsu-se-reunira-en-neuquen\/\" \/>\n<meta property=\"og:site_name\" content=\"Patagonia Ambiental\" \/>\n<meta property=\"article:publisher\" content=\"https:\/\/www.facebook.com\/patagonia.ambiental\" \/>\n<meta property=\"article:author\" content=\"https:\/\/www.facebook.com\/share\/1C1V8Gv9BX\/?mibextid=qi2Omg\" \/>\n<meta property=\"article:published_time\" content=\"2024-04-10T10:00:00+00:00\" \/>\n<meta property=\"article:modified_time\" content=\"2024-09-19T14:49:47+00:00\" \/>\n<meta property=\"og:image\" content=\"https:\/\/patagoniambiental.com.ar\/info\/wp-content\/uploads\/2024\/04\/Screenshot-2024-04-10-at-09-57-41-La-Mesa-Girsu-se-reunira-en-Neuquen-Neuquen-Al-Instante-Periodismo-Digital-en-la-Patagonia.png\" \/>\n\t<meta property=\"og:image:width\" content=\"773\" \/>\n\t<meta property=\"og:image:height\" content=\"414\" \/>\n\t<meta property=\"og:image:type\" content=\"image\/png\" \/>\n<meta name=\"author\" content=\"Patagonia Ambiental\" \/>\n<meta name=\"twitter:card\" content=\"summary_large_image\" \/>\n<meta name=\"twitter:creator\" content=\"@PatAmb\" \/>\n<meta name=\"twitter:site\" content=\"@PatAmb\" \/>\n<script type=\"application\/ld+json\" class=\"yoast-schema-graph\">{\"@context\":\"https:\\\/\\\/schema.org\",\"@graph\":[{\"@type\":\"Article\",\"@id\":\"https:\\\/\\\/patagoniambiental.com.ar\\\/info\\\/la-mesa-girsu-se-reunira-en-neuquen\\\/#article\",\"isPartOf\":{\"@id\":\"https:\\\/\\\/patagoniambiental.com.ar\\\/info\\\/la-mesa-girsu-se-reunira-en-neuquen\\\/\"},\"author\":{\"name\":\"Patagonia Ambiental\",\"@id\":\"https:\\\/\\\/patagoniambiental.com.ar\\\/info\\\/#\\\/schema\\\/person\\\/db12bff64bbcbf6a253710bf0ea37b5d\"},\"headline\":\"La Mesa Girsu se reunir\u00e1 en Neuqu\u00e9n\",\"datePublished\":\"2024-04-10T10:00:00+00:00\",\"dateModified\":\"2024-09-19T14:49:47+00:00\",\"mainEntityOfPage\":{\"@id\":\"https:\\\/\\\/patagoniambiental.com.ar\\\/info\\\/la-mesa-girsu-se-reunira-en-neuquen\\\/\"},\"wordCount\":453,\"commentCount\":0,\"publisher\":{\"@id\":\"https:\\\/\\\/patagoniambiental.com.ar\\\/info\\\/#organization\"},\"image\":{\"@id\":\"https:\\\/\\\/patagoniambiental.com.ar\\\/info\\\/la-mesa-girsu-se-reunira-en-neuquen\\\/#primaryimage\"},\"thumbnailUrl\":\"https:\\\/\\\/patagoniambiental.com.ar\\\/info\\\/wp-content\\\/uploads\\\/2024\\\/04\\\/Screenshot-2024-04-10-at-09-57-41-La-Mesa-Girsu-se-reunira-en-Neuquen-Neuquen-Al-Instante-Periodismo-Digital-en-la-Patagonia.png\",\"articleSection\":[\"Bolet\u00edn\",\"Neuqu\u00e9n\",\"Provinciales\"],\"inLanguage\":\"es\",\"potentialAction\":[{\"@type\":\"CommentAction\",\"name\":\"Comment\",\"target\":[\"https:\\\/\\\/patagoniambiental.com.ar\\\/info\\\/la-mesa-girsu-se-reunira-en-neuquen\\\/#respond\"]}]},{\"@type\":\"WebPage\",\"@id\":\"https:\\\/\\\/patagoniambiental.com.ar\\\/info\\\/la-mesa-girsu-se-reunira-en-neuquen\\\/\",\"url\":\"https:\\\/\\\/patagoniambiental.com.ar\\\/info\\\/la-mesa-girsu-se-reunira-en-neuquen\\\/\",\"name\":\"La Mesa Girsu se reunir\u00e1 en Neuqu\u00e9n\",\"isPartOf\":{\"@id\":\"https:\\\/\\\/patagoniambiental.com.ar\\\/info\\\/#website\"},\"primaryImageOfPage\":{\"@id\":\"https:\\\/\\\/patagoniambiental.com.ar\\\/info\\\/la-mesa-girsu-se-reunira-en-neuquen\\\/#primaryimage\"},\"image\":{\"@id\":\"https:\\\/\\\/patagoniambiental.com.ar\\\/info\\\/la-mesa-girsu-se-reunira-en-neuquen\\\/#primaryimage\"},\"thumbnailUrl\":\"https:\\\/\\\/patagoniambiental.com.ar\\\/info\\\/wp-content\\\/uploads\\\/2024\\\/04\\\/Screenshot-2024-04-10-at-09-57-41-La-Mesa-Girsu-se-reunira-en-Neuquen-Neuquen-Al-Instante-Periodismo-Digital-en-la-Patagonia.png\",\"datePublished\":\"2024-04-10T10:00:00+00:00\",\"dateModified\":\"2024-09-19T14:49:47+00:00\",\"breadcrumb\":{\"@id\":\"https:\\\/\\\/patagoniambiental.com.ar\\\/info\\\/la-mesa-girsu-se-reunira-en-neuquen\\\/#breadcrumb\"},\"inLanguage\":\"es\",\"potentialAction\":[{\"@type\":\"ReadAction\",\"target\":[\"https:\\\/\\\/patagoniambiental.com.ar\\\/info\\\/la-mesa-girsu-se-reunira-en-neuquen\\\/\"]}]},{\"@type\":\"ImageObject\",\"inLanguage\":\"es\",\"@id\":\"https:\\\/\\\/patagoniambiental.com.ar\\\/info\\\/la-mesa-girsu-se-reunira-en-neuquen\\\/#primaryimage\",\"url\":\"https:\\\/\\\/patagoniambiental.com.ar\\\/info\\\/wp-content\\\/uploads\\\/2024\\\/04\\\/Screenshot-2024-04-10-at-09-57-41-La-Mesa-Girsu-se-reunira-en-Neuquen-Neuquen-Al-Instante-Periodismo-Digital-en-la-Patagonia.png\",\"contentUrl\":\"https:\\\/\\\/patagoniambiental.com.ar\\\/info\\\/wp-content\\\/uploads\\\/2024\\\/04\\\/Screenshot-2024-04-10-at-09-57-41-La-Mesa-Girsu-se-reunira-en-Neuquen-Neuquen-Al-Instante-Periodismo-Digital-en-la-Patagonia.png\",\"width\":773,\"height\":414,\"caption\":\"La Mesa Girsu se reunir\u00e1 en Neuqu\u00e9n\"},{\"@type\":\"BreadcrumbList\",\"@id\":\"https:\\\/\\\/patagoniambiental.com.ar\\\/info\\\/la-mesa-girsu-se-reunira-en-neuquen\\\/#breadcrumb\",\"itemListElement\":[{\"@type\":\"ListItem\",\"position\":1,\"name\":\"Inicio\",\"item\":\"https:\\\/\\\/patagoniambiental.com.ar\\\/info\\\/\"},{\"@type\":\"ListItem\",\"position\":2,\"name\":\"La Mesa Girsu se reunir\u00e1 en Neuqu\u00e9n\"}]},{\"@type\":\"WebSite\",\"@id\":\"https:\\\/\\\/patagoniambiental.com.ar\\\/info\\\/#website\",\"url\":\"https:\\\/\\\/patagoniambiental.com.ar\\\/info\\\/\",\"name\":\"Patagonia Ambiental\",\"description\":\"Monitoreo y an\u00e1lisis de la situaci\u00f3n geopol\u00edtica en el mundo y su implicancia en la Patagonia\",\"publisher\":{\"@id\":\"https:\\\/\\\/patagoniambiental.com.ar\\\/info\\\/#organization\"},\"potentialAction\":[{\"@type\":\"SearchAction\",\"target\":{\"@type\":\"EntryPoint\",\"urlTemplate\":\"https:\\\/\\\/patagoniambiental.com.ar\\\/info\\\/?s={search_term_string}\"},\"query-input\":{\"@type\":\"PropertyValueSpecification\",\"valueRequired\":true,\"valueName\":\"search_term_string\"}}],\"inLanguage\":\"es\"},{\"@type\":\"Organization\",\"@id\":\"https:\\\/\\\/patagoniambiental.com.ar\\\/info\\\/#organization\",\"name\":\"Patagonia Ambiental\",\"url\":\"https:\\\/\\\/patagoniambiental.com.ar\\\/info\\\/\",\"logo\":{\"@type\":\"ImageObject\",\"inLanguage\":\"es\",\"@id\":\"https:\\\/\\\/patagoniambiental.com.ar\\\/info\\\/#\\\/schema\\\/logo\\\/image\\\/\",\"url\":\"https:\\\/\\\/patagoniambiental.com.ar\\\/info\\\/wp-content\\\/uploads\\\/2025\\\/05\\\/LOGO-PATAGONIA-AMBIENTAL.png\",\"contentUrl\":\"https:\\\/\\\/patagoniambiental.com.ar\\\/info\\\/wp-content\\\/uploads\\\/2025\\\/05\\\/LOGO-PATAGONIA-AMBIENTAL.png\",\"width\":433,\"height\":250,\"caption\":\"Patagonia Ambiental\"},\"image\":{\"@id\":\"https:\\\/\\\/patagoniambiental.com.ar\\\/info\\\/#\\\/schema\\\/logo\\\/image\\\/\"},\"sameAs\":[\"https:\\\/\\\/www.facebook.com\\\/patagonia.ambiental\",\"https:\\\/\\\/x.com\\\/PatAmb\"]},{\"@type\":\"Person\",\"@id\":\"https:\\\/\\\/patagoniambiental.com.ar\\\/info\\\/#\\\/schema\\\/person\\\/db12bff64bbcbf6a253710bf0ea37b5d\",\"name\":\"Patagonia Ambiental\",\"description\":\"Andr\u00e9s Nievas T\u00e9cnico en manejo ambiental, consultor Ambiental y escritor para medios locales e internacionales sobre temas de geopolitica y medio ambiente.\",\"sameAs\":[\"http:\\\/\\\/www.patagoniambiental.com.ar\",\"https:\\\/\\\/www.facebook.com\\\/share\\\/1C1V8Gv9BX\\\/?mibextid=qi2Omg\",\"@patagoniambiental\",\"https:\\\/\\\/youtube.com\\\/@patagoniaambiental2023?si=BLt58t0wuXquxlYZ\"]}]}<\/script>\n<!-- \/ Yoast SEO Premium plugin. -->","yoast_head_json":{"title":"La Mesa Girsu se reunir\u00e1 en Neuqu\u00e9n","robots":{"index":"index","follow":"follow","max-snippet":"max-snippet:-1","max-image-preview":"max-image-preview:large","max-video-preview":"max-video-preview:-1"},"canonical":"https:\/\/patagoniambiental.com.ar\/info\/la-mesa-girsu-se-reunira-en-neuquen\/","og_locale":"es_ES","og_type":"article","og_title":"La Mesa Girsu se reunir\u00e1 en Neuqu\u00e9n","og_url":"https:\/\/patagoniambiental.com.ar\/info\/la-mesa-girsu-se-reunira-en-neuquen\/","og_site_name":"Patagonia Ambiental","article_publisher":"https:\/\/www.facebook.com\/patagonia.ambiental","article_author":"https:\/\/www.facebook.com\/share\/1C1V8Gv9BX\/?mibextid=qi2Omg","article_published_time":"2024-04-10T10:00:00+00:00","article_modified_time":"2024-09-19T14:49:47+00:00","og_image":[{"width":773,"height":414,"url":"https:\/\/patagoniambiental.com.ar\/info\/wp-content\/uploads\/2024\/04\/Screenshot-2024-04-10-at-09-57-41-La-Mesa-Girsu-se-reunira-en-Neuquen-Neuquen-Al-Instante-Periodismo-Digital-en-la-Patagonia.png","type":"image\/png"}],"author":"Patagonia Ambiental","twitter_card":"summary_large_image","twitter_creator":"@PatAmb","twitter_site":"@PatAmb","schema":{"@context":"https:\/\/schema.org","@graph":[{"@type":"Article","@id":"https:\/\/patagoniambiental.com.ar\/info\/la-mesa-girsu-se-reunira-en-neuquen\/#article","isPartOf":{"@id":"https:\/\/patagoniambiental.com.ar\/info\/la-mesa-girsu-se-reunira-en-neuquen\/"},"author":{"name":"Patagonia Ambiental","@id":"https:\/\/patagoniambiental.com.ar\/info\/#\/schema\/person\/db12bff64bbcbf6a253710bf0ea37b5d"},"headline":"La Mesa Girsu se reunir\u00e1 en Neuqu\u00e9n","datePublished":"2024-04-10T10:00:00+00:00","dateModified":"2024-09-19T14:49:47+00:00","mainEntityOfPage":{"@id":"https:\/\/patagoniambiental.com.ar\/info\/la-mesa-girsu-se-reunira-en-neuquen\/"},"wordCount":453,"commentCount":0,"publisher":{"@id":"https:\/\/patagoniambiental.com.ar\/info\/#organization"},"image":{"@id":"https:\/\/patagoniambiental.com.ar\/info\/la-mesa-girsu-se-reunira-en-neuquen\/#primaryimage"},"thumbnailUrl":"https:\/\/patagoniambiental.com.ar\/info\/wp-content\/uploads\/2024\/04\/Screenshot-2024-04-10-at-09-57-41-La-Mesa-Girsu-se-reunira-en-Neuquen-Neuquen-Al-Instante-Periodismo-Digital-en-la-Patagonia.png","articleSection":["Bolet\u00edn","Neuqu\u00e9n","Provinciales"],"inLanguage":"es","potentialAction":[{"@type":"CommentAction","name":"Comment","target":["https:\/\/patagoniambiental.com.ar\/info\/la-mesa-girsu-se-reunira-en-neuquen\/#respond"]}]},{"@type":"WebPage","@id":"https:\/\/patagoniambiental.com.ar\/info\/la-mesa-girsu-se-reunira-en-neuquen\/","url":"https:\/\/patagoniambiental.com.ar\/info\/la-mesa-girsu-se-reunira-en-neuquen\/","name":"La Mesa Girsu se reunir\u00e1 en Neuqu\u00e9n","isPartOf":{"@id":"https:\/\/patagoniambiental.com.ar\/info\/#website"},"primaryImageOfPage":{"@id":"https:\/\/patagoniambiental.com.ar\/info\/la-mesa-girsu-se-reunira-en-neuquen\/#primaryimage"},"image":{"@id":"https:\/\/patagoniambiental.com.ar\/info\/la-mesa-girsu-se-reunira-en-neuquen\/#primaryimage"},"thumbnailUrl":"https:\/\/patagoniambiental.com.ar\/info\/wp-content\/uploads\/2024\/04\/Screenshot-2024-04-10-at-09-57-41-La-Mesa-Girsu-se-reunira-en-Neuquen-Neuquen-Al-Instante-Periodismo-Digital-en-la-Patagonia.png","datePublished":"2024-04-10T10:00:00+00:00","dateModified":"2024-09-19T14:49:47+00:00","breadcrumb":{"@id":"https:\/\/patagoniambiental.com.ar\/info\/la-mesa-girsu-se-reunira-en-neuquen\/#breadcrumb"},"inLanguage":"es","potentialAction":[{"@type":"ReadAction","target":["https:\/\/patagoniambiental.com.ar\/info\/la-mesa-girsu-se-reunira-en-neuquen\/"]}]},{"@type":"ImageObject","inLanguage":"es","@id":"https:\/\/patagoniambiental.com.ar\/info\/la-mesa-girsu-se-reunira-en-neuquen\/#primaryimage","url":"https:\/\/patagoniambiental.com.ar\/info\/wp-content\/uploads\/2024\/04\/Screenshot-2024-04-10-at-09-57-41-La-Mesa-Girsu-se-reunira-en-Neuquen-Neuquen-Al-Instante-Periodismo-Digital-en-la-Patagonia.png","contentUrl":"https:\/\/patagoniambiental.com.ar\/info\/wp-content\/uploads\/2024\/04\/Screenshot-2024-04-10-at-09-57-41-La-Mesa-Girsu-se-reunira-en-Neuquen-Neuquen-Al-Instante-Periodismo-Digital-en-la-Patagonia.png","width":773,"height":414,"caption":"La Mesa Girsu se reunir\u00e1 en Neuqu\u00e9n"},{"@type":"BreadcrumbList","@id":"https:\/\/patagoniambiental.com.ar\/info\/la-mesa-girsu-se-reunira-en-neuquen\/#breadcrumb","itemListElement":[{"@type":"ListItem","position":1,"name":"Inicio","item":"https:\/\/patagoniambiental.com.ar\/info\/"},{"@type":"ListItem","position":2,"name":"La Mesa Girsu se reunir\u00e1 en Neuqu\u00e9n"}]},{"@type":"WebSite","@id":"https:\/\/patagoniambiental.com.ar\/info\/#website","url":"https:\/\/patagoniambiental.com.ar\/info\/","name":"Patagonia Ambiental","description":"Monitoreo y an\u00e1lisis de la situaci\u00f3n geopol\u00edtica en el mundo y su implicancia en la Patagonia","publisher":{"@id":"https:\/\/patagoniambiental.com.ar\/info\/#organization"},"potentialAction":[{"@type":"SearchAction","target":{"@type":"EntryPoint","urlTemplate":"https:\/\/patagoniambiental.com.ar\/info\/?s={search_term_string}"},"query-input":{"@type":"PropertyValueSpecification","valueRequired":true,"valueName":"search_term_string"}}],"inLanguage":"es"},{"@type":"Organization","@id":"https:\/\/patagoniambiental.com.ar\/info\/#organization","name":"Patagonia Ambiental","url":"https:\/\/patagoniambiental.com.ar\/info\/","logo":{"@type":"ImageObject","inLanguage":"es","@id":"https:\/\/patagoniambiental.com.ar\/info\/#\/schema\/logo\/image\/","url":"https:\/\/patagoniambiental.com.ar\/info\/wp-content\/uploads\/2025\/05\/LOGO-PATAGONIA-AMBIENTAL.png","contentUrl":"https:\/\/patagoniambiental.com.ar\/info\/wp-content\/uploads\/2025\/05\/LOGO-PATAGONIA-AMBIENTAL.png","width":433,"height":250,"caption":"Patagonia Ambiental"},"image":{"@id":"https:\/\/patagoniambiental.com.ar\/info\/#\/schema\/logo\/image\/"},"sameAs":["https:\/\/www.facebook.com\/patagonia.ambiental","https:\/\/x.com\/PatAmb"]},{"@type":"Person","@id":"https:\/\/patagoniambiental.com.ar\/info\/#\/schema\/person\/db12bff64bbcbf6a253710bf0ea37b5d","name":"Patagonia Ambiental","description":"Andr\u00e9s Nievas T\u00e9cnico en manejo ambiental, consultor Ambiental y escritor para medios locales e internacionales sobre temas de geopolitica y medio ambiente.","sameAs":["http:\/\/www.patagoniambiental.com.ar","https:\/\/www.facebook.com\/share\/1C1V8Gv9BX\/?mibextid=qi2Omg","@patagoniambiental","https:\/\/youtube.com\/@patagoniaambiental2023?si=BLt58t0wuXquxlYZ"]}]}},"_links":{"self":[{"href":"https:\/\/patagoniambiental.com.ar\/info\/wp-json\/wp\/v2\/posts\/81408","targetHints":{"allow":["GET"]}}],"collection":[{"href":"https:\/\/patagoniambiental.com.ar\/info\/wp-json\/wp\/v2\/posts"}],"about":[{"href":"https:\/\/patagoniambiental.com.ar\/info\/wp-json\/wp\/v2\/types\/post"}],"author":[{"embeddable":true,"href":"https:\/\/patagoniambiental.com.ar\/info\/wp-json\/wp\/v2\/users\/2"}],"replies":[{"embeddable":true,"href":"https:\/\/patagoniambiental.com.ar\/info\/wp-json\/wp\/v2\/comments?post=81408"}],"version-history":[{"count":0,"href":"https:\/\/patagoniambiental.com.ar\/info\/wp-json\/wp\/v2\/posts\/81408\/revisions"}],"wp:featuredmedia":[{"embeddable":true,"href":"https:\/\/patagoniambiental.com.ar\/info\/wp-json\/wp\/v2\/media\/81409"}],"wp:attachment":[{"href":"https:\/\/patagoniambiental.com.ar\/info\/wp-json\/wp\/v2\/media?parent=81408"}],"wp:term":[{"taxonomy":"category","embeddable":true,"href":"https:\/\/patagoniambiental.com.ar\/info\/wp-json\/wp\/v2\/categories?post=81408"},{"taxonomy":"post_tag","embeddable":true,"href":"https:\/\/patagoniambiental.com.ar\/info\/wp-json\/wp\/v2\/tags?post=81408"}],"curies":[{"name":"wp","href":"https:\/\/api.w.org\/{rel}","templated":true}]}}