{"id":81441,"date":"2024-04-11T19:00:00","date_gmt":"2024-04-11T22:00:00","guid":{"rendered":"https:\/\/patagoniambiental.com.ar\/info\/?p=81441"},"modified":"2024-09-19T11:45:48","modified_gmt":"2024-09-19T14:45:48","slug":"comodoro-sera-sede-del-foro-sobre-transicion-energetica-e-hidrogeno-verde","status":"publish","type":"post","link":"https:\/\/patagoniambiental.com.ar\/info\/comodoro-sera-sede-del-foro-sobre-transicion-energetica-e-hidrogeno-verde\/","title":{"rendered":"Comodoro Rivadavia ser\u00e1 sede del Foro sobre \u00abTransici\u00f3n Energ\u00e9tica e Hidr\u00f3geno Verde\u00bb"},"content":{"rendered":"\n<!--more-->\n\n\n\n<p><em>El gobernador del Chubut, Ignacio Torres, encabezar\u00e1 el evento que reunir\u00e1, en Comodoro Rivadavia, a representantes de la Delegaci\u00f3n de la Uni\u00f3n Europea en Argentina, funcionarios de las distintas provincias patag\u00f3nicas y empresarios del sector energ\u00e9tico. \u201cSe trata del combustible del futuro, y Chubut tiene que empezar a ser vidriera de ese desarrollo\u201d, expres\u00f3 el mandatario.<\/em><\/p>\n\n\n\n<p>El gobernador del Chubut, Ignacio \u201cNacho\u201d Torres, encabezar\u00e1 el pr\u00f3ximo viernes 26 de abril en Comodoro Rivadavia un encuentro destinado a debatir e impulsar estrategias integrales sobre \u201cTransici\u00f3n Energ\u00e9tica e Hidr\u00f3geno Verde\u201d como motor de desarrollo econ\u00f3mico y sostenible de toda la regi\u00f3n. El evento reunir\u00e1 a representantes de las principales empresas del sector, referentes de la Delegaci\u00f3n de la Uni\u00f3n Europea en Argentina y funcionarios de las distintas provincias patag\u00f3nicas.<\/p>\n\n\n\n<p>\u201cSe trata del combustible del futuro y Chubut, que en el mundo tiene los mejores niveles de viento, debe empezar a aprovechar sus recursos naturales y ser vidriera de ese desarrollo\u201d, puntualiz\u00f3 el mandatario e inst\u00f3 a trabajar fuertemente en \u201cfomentar inversiones y regulaciones de las actividades productivas\u201d.<\/p>\n\n\n\n<p>Justamente, el eje del Foro estar\u00e1 puesto en la cooperaci\u00f3n internacional y en la necesidad de un marco regulatorio para promover la generaci\u00f3n de hidr\u00f3geno verde en la Patagonia Austral. \u201cUna provincia transparente, con equilibrio fiscal y con seguridad jur\u00eddica es una provincia que genera m\u00e1s laburo, que progresivamente va a estar mejor y que podr\u00e1 industrializar sus recursos\u201d, expres\u00f3.<\/p>\n\n\n\n<figure class=\"wp-block-image\"><a href=\"https:\/\/elobservadordelsur.com\/wp-content\/uploads\/2024\/04\/flyer-foro-transicion-energetica-chubut.jpg\"><img decoding=\"async\" src=\"https:\/\/elobservadordelsur.com\/wp-content\/uploads\/2024\/04\/flyer-foro-transicion-energetica-chubut-1024x1024.jpg\" alt=\"\" class=\"wp-image-46059\"\/><\/a><\/figure>\n\n\n\n<div style=\"height:100px\" aria-hidden=\"true\" class=\"wp-block-spacer\"><\/div>\n\n\n\n<h2 class=\"wp-block-heading\" id=\"h-amplio-temario\"><strong>Amplio temario<\/strong><\/h2>\n\n\n\n<p>El encuentro tendr\u00e1 lugar el 26 de abril pr\u00f3ximo en el Hotel Austral de Comodoro Rivadavia. Habr\u00e1 distintos paneles de debate en los que se tratar\u00e1 la cooperaci\u00f3n internacional para impulsar el desarrollo del hidr\u00f3geno verde en el pa\u00eds; la importancia de la infraestructura regional para poder desarrollar las energ\u00edas renovables; y la necesidad de un marco regulatorio acorde para el desarrollo del recurso.<\/p>\n\n\n\n<p>Asimismo, se har\u00e1 hincapi\u00e9 en la producci\u00f3n, la cadena de valor y las oportunidades para las provincias; y en la perspectiva nacional y federal en el desarrollo del hidr\u00f3geno&nbsp;verde.<\/p>\n\n\n\n<div style=\"height:100px\" aria-hidden=\"true\" class=\"wp-block-spacer\"><\/div>\n\n\n\n<h2 class=\"wp-block-heading\" id=\"h-inscripcion\"><strong>Inscripci\u00f3n<\/strong><\/h2>\n\n\n\n<p>El evento es organizado por el Gobierno provincial en conjunto con la Plataforma H2 Argentina, y quienes est\u00e9n interesados en participar podr\u00e1n inscribirse en el siguiente link:&nbsp;<a href=\"https:\/\/rb.gy\/ah6zf8\">https:\/\/rb.gy\/ah6zf8<\/a>&nbsp;<\/p>\n\n\n\n<figure class=\"wp-block-image\"><a href=\"https:\/\/elobservadordelsur.com\/wp-content\/uploads\/2024\/04\/hidrogeno-verde-transicion-energetica-en-chubut.jpg\"><img decoding=\"async\" src=\"https:\/\/elobservadordelsur.com\/wp-content\/uploads\/2024\/04\/hidrogeno-verde-transicion-energetica-en-chubut.jpg\" alt=\"\" class=\"wp-image-46061\"\/><\/a><\/figure>\n\n\n\n<p>Fuente: <a href=\"https:\/\/elobservadordelsur.com\/comodoro-sera-sede-del-foro-sobre-transicion-energetica-e-hidrogeno-verde\/\">elobservadordelsur.com<\/a><\/p>\n","protected":false},"excerpt":{"rendered":"","protected":false},"author":2,"featured_media":81442,"comment_status":"open","ping_status":"open","sticky":false,"template":"","format":"standard","meta":{"site-sidebar-layout":"default","site-content-layout":"","ast-site-content-layout":"default","site-content-style":"default","site-sidebar-style":"default","ast-global-header-display":"","ast-banner-title-visibility":"","ast-main-header-display":"","ast-hfb-above-header-display":"","ast-hfb-below-header-display":"","ast-hfb-mobile-header-display":"","site-post-title":"","ast-breadcrumbs-content":"","ast-featured-img":"","footer-sml-layout":"","ast-disable-related-posts":"","theme-transparent-header-meta":"","adv-header-id-meta":"","stick-header-meta":"","header-above-stick-meta":"","header-main-stick-meta":"","header-below-stick-meta":"","astra-migrate-meta-layouts":"default","ast-page-background-enabled":"default","ast-page-background-meta":{"desktop":{"background-color":"var(--ast-global-color-5)","background-image":"","background-repeat":"repeat","background-position":"center center","background-size":"auto","background-attachment":"scroll","background-type":"","background-media":"","overlay-type":"","overlay-color":"","overlay-opacity":"","overlay-gradient":""},"tablet":{"background-color":"","background-image":"","background-repeat":"repeat","background-position":"center center","background-size":"auto","background-attachment":"scroll","background-type":"","background-media":"","overlay-type":"","overlay-color":"","overlay-opacity":"","overlay-gradient":""},"mobile":{"background-color":"","background-image":"","background-repeat":"repeat","background-position":"center center","background-size":"auto","background-attachment":"scroll","background-type":"","background-media":"","overlay-type":"","overlay-color":"","overlay-opacity":"","overlay-gradient":""}},"ast-content-background-meta":{"desktop":{"background-color":"var(--ast-global-color-4)","background-image":"","background-repeat":"repeat","background-position":"center center","background-size":"auto","background-attachment":"scroll","background-type":"","background-media":"","overlay-type":"","overlay-color":"","overlay-opacity":"","overlay-gradient":""},"tablet":{"background-color":"var(--ast-global-color-4)","background-image":"","background-repeat":"repeat","background-position":"center center","background-size":"auto","background-attachment":"scroll","background-type":"","background-media":"","overlay-type":"","overlay-color":"","overlay-opacity":"","overlay-gradient":""},"mobile":{"background-color":"var(--ast-global-color-4)","background-image":"","background-repeat":"repeat","background-position":"center center","background-size":"auto","background-attachment":"scroll","background-type":"","background-media":"","overlay-type":"","overlay-color":"","overlay-opacity":"","overlay-gradient":""}},"footnotes":""},"categories":[12,11,26,13],"tags":[],"class_list":["post-81441","post","type-post","status-publish","format-standard","has-post-thumbnail","hentry","category-agenda-ambiental","category-boletin","category-chubut","category-provinciales"],"yoast_head":"<!-- This site is optimized with the Yoast SEO Premium plugin v23.0 (Yoast SEO v27.5) - https:\/\/yoast.com\/product\/yoast-seo-premium-wordpress\/ -->\n<title>Comodoro Rivadavia ser\u00e1 sede del Foro sobre \u00abTransici\u00f3n Energ\u00e9tica e Hidr\u00f3geno Verde\u00bb<\/title>\n<meta name=\"robots\" content=\"index, follow, max-snippet:-1, max-image-preview:large, max-video-preview:-1\" \/>\n<link rel=\"canonical\" href=\"https:\/\/patagoniambiental.com.ar\/info\/comodoro-sera-sede-del-foro-sobre-transicion-energetica-e-hidrogeno-verde\/\" \/>\n<meta property=\"og:locale\" content=\"es_ES\" \/>\n<meta property=\"og:type\" content=\"article\" \/>\n<meta property=\"og:title\" content=\"Comodoro Rivadavia ser\u00e1 sede del Foro sobre \u00abTransici\u00f3n Energ\u00e9tica e Hidr\u00f3geno Verde\u00bb\" \/>\n<meta property=\"og:url\" content=\"https:\/\/patagoniambiental.com.ar\/info\/comodoro-sera-sede-del-foro-sobre-transicion-energetica-e-hidrogeno-verde\/\" \/>\n<meta property=\"og:site_name\" content=\"Patagonia Ambiental\" \/>\n<meta property=\"article:publisher\" content=\"https:\/\/www.facebook.com\/patagonia.ambiental\" \/>\n<meta property=\"article:author\" content=\"https:\/\/www.facebook.com\/share\/1C1V8Gv9BX\/?mibextid=qi2Omg\" \/>\n<meta property=\"article:published_time\" content=\"2024-04-11T22:00:00+00:00\" \/>\n<meta property=\"article:modified_time\" content=\"2024-09-19T14:45:48+00:00\" \/>\n<meta property=\"og:image\" content=\"https:\/\/patagoniambiental.com.ar\/info\/wp-content\/uploads\/2024\/04\/hidrogeno-verde-transicion-energetica-en-chubut-696x448-1.jpeg\" \/>\n\t<meta property=\"og:image:width\" content=\"696\" \/>\n\t<meta property=\"og:image:height\" content=\"448\" \/>\n\t<meta property=\"og:image:type\" content=\"image\/jpeg\" \/>\n<meta name=\"author\" content=\"Patagonia Ambiental\" \/>\n<meta name=\"twitter:card\" content=\"summary_large_image\" \/>\n<meta name=\"twitter:creator\" content=\"@PatAmb\" \/>\n<meta name=\"twitter:site\" content=\"@PatAmb\" \/>\n<script type=\"application\/ld+json\" class=\"yoast-schema-graph\">{\"@context\":\"https:\\\/\\\/schema.org\",\"@graph\":[{\"@type\":\"Article\",\"@id\":\"https:\\\/\\\/patagoniambiental.com.ar\\\/info\\\/comodoro-sera-sede-del-foro-sobre-transicion-energetica-e-hidrogeno-verde\\\/#article\",\"isPartOf\":{\"@id\":\"https:\\\/\\\/patagoniambiental.com.ar\\\/info\\\/comodoro-sera-sede-del-foro-sobre-transicion-energetica-e-hidrogeno-verde\\\/\"},\"author\":{\"name\":\"Patagonia Ambiental\",\"@id\":\"https:\\\/\\\/patagoniambiental.com.ar\\\/info\\\/#\\\/schema\\\/person\\\/db12bff64bbcbf6a253710bf0ea37b5d\"},\"headline\":\"Comodoro Rivadavia ser\u00e1 sede del Foro sobre \u00abTransici\u00f3n Energ\u00e9tica e Hidr\u00f3geno Verde\u00bb\",\"datePublished\":\"2024-04-11T22:00:00+00:00\",\"dateModified\":\"2024-09-19T14:45:48+00:00\",\"mainEntityOfPage\":{\"@id\":\"https:\\\/\\\/patagoniambiental.com.ar\\\/info\\\/comodoro-sera-sede-del-foro-sobre-transicion-energetica-e-hidrogeno-verde\\\/\"},\"wordCount\":411,\"commentCount\":0,\"publisher\":{\"@id\":\"https:\\\/\\\/patagoniambiental.com.ar\\\/info\\\/#organization\"},\"image\":{\"@id\":\"https:\\\/\\\/patagoniambiental.com.ar\\\/info\\\/comodoro-sera-sede-del-foro-sobre-transicion-energetica-e-hidrogeno-verde\\\/#primaryimage\"},\"thumbnailUrl\":\"https:\\\/\\\/patagoniambiental.com.ar\\\/info\\\/wp-content\\\/uploads\\\/2024\\\/04\\\/hidrogeno-verde-transicion-energetica-en-chubut-696x448-1.jpeg\",\"articleSection\":[\"Agenda Ambiental\",\"Bolet\u00edn\",\"Chubut\",\"Provinciales\"],\"inLanguage\":\"es\",\"potentialAction\":[{\"@type\":\"CommentAction\",\"name\":\"Comment\",\"target\":[\"https:\\\/\\\/patagoniambiental.com.ar\\\/info\\\/comodoro-sera-sede-del-foro-sobre-transicion-energetica-e-hidrogeno-verde\\\/#respond\"]}]},{\"@type\":\"WebPage\",\"@id\":\"https:\\\/\\\/patagoniambiental.com.ar\\\/info\\\/comodoro-sera-sede-del-foro-sobre-transicion-energetica-e-hidrogeno-verde\\\/\",\"url\":\"https:\\\/\\\/patagoniambiental.com.ar\\\/info\\\/comodoro-sera-sede-del-foro-sobre-transicion-energetica-e-hidrogeno-verde\\\/\",\"name\":\"Comodoro Rivadavia ser\u00e1 sede del Foro sobre \u00abTransici\u00f3n Energ\u00e9tica e Hidr\u00f3geno Verde\u00bb\",\"isPartOf\":{\"@id\":\"https:\\\/\\\/patagoniambiental.com.ar\\\/info\\\/#website\"},\"primaryImageOfPage\":{\"@id\":\"https:\\\/\\\/patagoniambiental.com.ar\\\/info\\\/comodoro-sera-sede-del-foro-sobre-transicion-energetica-e-hidrogeno-verde\\\/#primaryimage\"},\"image\":{\"@id\":\"https:\\\/\\\/patagoniambiental.com.ar\\\/info\\\/comodoro-sera-sede-del-foro-sobre-transicion-energetica-e-hidrogeno-verde\\\/#primaryimage\"},\"thumbnailUrl\":\"https:\\\/\\\/patagoniambiental.com.ar\\\/info\\\/wp-content\\\/uploads\\\/2024\\\/04\\\/hidrogeno-verde-transicion-energetica-en-chubut-696x448-1.jpeg\",\"datePublished\":\"2024-04-11T22:00:00+00:00\",\"dateModified\":\"2024-09-19T14:45:48+00:00\",\"breadcrumb\":{\"@id\":\"https:\\\/\\\/patagoniambiental.com.ar\\\/info\\\/comodoro-sera-sede-del-foro-sobre-transicion-energetica-e-hidrogeno-verde\\\/#breadcrumb\"},\"inLanguage\":\"es\",\"potentialAction\":[{\"@type\":\"ReadAction\",\"target\":[\"https:\\\/\\\/patagoniambiental.com.ar\\\/info\\\/comodoro-sera-sede-del-foro-sobre-transicion-energetica-e-hidrogeno-verde\\\/\"]}]},{\"@type\":\"ImageObject\",\"inLanguage\":\"es\",\"@id\":\"https:\\\/\\\/patagoniambiental.com.ar\\\/info\\\/comodoro-sera-sede-del-foro-sobre-transicion-energetica-e-hidrogeno-verde\\\/#primaryimage\",\"url\":\"https:\\\/\\\/patagoniambiental.com.ar\\\/info\\\/wp-content\\\/uploads\\\/2024\\\/04\\\/hidrogeno-verde-transicion-energetica-en-chubut-696x448-1.jpeg\",\"contentUrl\":\"https:\\\/\\\/patagoniambiental.com.ar\\\/info\\\/wp-content\\\/uploads\\\/2024\\\/04\\\/hidrogeno-verde-transicion-energetica-en-chubut-696x448-1.jpeg\",\"width\":696,\"height\":448},{\"@type\":\"BreadcrumbList\",\"@id\":\"https:\\\/\\\/patagoniambiental.com.ar\\\/info\\\/comodoro-sera-sede-del-foro-sobre-transicion-energetica-e-hidrogeno-verde\\\/#breadcrumb\",\"itemListElement\":[{\"@type\":\"ListItem\",\"position\":1,\"name\":\"Inicio\",\"item\":\"https:\\\/\\\/patagoniambiental.com.ar\\\/info\\\/\"},{\"@type\":\"ListItem\",\"position\":2,\"name\":\"Comodoro Rivadavia ser\u00e1 sede del Foro sobre \u00abTransici\u00f3n Energ\u00e9tica e Hidr\u00f3geno Verde\u00bb\"}]},{\"@type\":\"WebSite\",\"@id\":\"https:\\\/\\\/patagoniambiental.com.ar\\\/info\\\/#website\",\"url\":\"https:\\\/\\\/patagoniambiental.com.ar\\\/info\\\/\",\"name\":\"Patagonia Ambiental\",\"description\":\"Monitoreo y an\u00e1lisis de la situaci\u00f3n geopol\u00edtica en el mundo y su implicancia en la Patagonia\",\"publisher\":{\"@id\":\"https:\\\/\\\/patagoniambiental.com.ar\\\/info\\\/#organization\"},\"potentialAction\":[{\"@type\":\"SearchAction\",\"target\":{\"@type\":\"EntryPoint\",\"urlTemplate\":\"https:\\\/\\\/patagoniambiental.com.ar\\\/info\\\/?s={search_term_string}\"},\"query-input\":{\"@type\":\"PropertyValueSpecification\",\"valueRequired\":true,\"valueName\":\"search_term_string\"}}],\"inLanguage\":\"es\"},{\"@type\":\"Organization\",\"@id\":\"https:\\\/\\\/patagoniambiental.com.ar\\\/info\\\/#organization\",\"name\":\"Patagonia Ambiental\",\"url\":\"https:\\\/\\\/patagoniambiental.com.ar\\\/info\\\/\",\"logo\":{\"@type\":\"ImageObject\",\"inLanguage\":\"es\",\"@id\":\"https:\\\/\\\/patagoniambiental.com.ar\\\/info\\\/#\\\/schema\\\/logo\\\/image\\\/\",\"url\":\"https:\\\/\\\/patagoniambiental.com.ar\\\/info\\\/wp-content\\\/uploads\\\/2025\\\/05\\\/LOGO-PATAGONIA-AMBIENTAL.png\",\"contentUrl\":\"https:\\\/\\\/patagoniambiental.com.ar\\\/info\\\/wp-content\\\/uploads\\\/2025\\\/05\\\/LOGO-PATAGONIA-AMBIENTAL.png\",\"width\":433,\"height\":250,\"caption\":\"Patagonia Ambiental\"},\"image\":{\"@id\":\"https:\\\/\\\/patagoniambiental.com.ar\\\/info\\\/#\\\/schema\\\/logo\\\/image\\\/\"},\"sameAs\":[\"https:\\\/\\\/www.facebook.com\\\/patagonia.ambiental\",\"https:\\\/\\\/x.com\\\/PatAmb\"]},{\"@type\":\"Person\",\"@id\":\"https:\\\/\\\/patagoniambiental.com.ar\\\/info\\\/#\\\/schema\\\/person\\\/db12bff64bbcbf6a253710bf0ea37b5d\",\"name\":\"Patagonia Ambiental\",\"description\":\"Andr\u00e9s Nievas T\u00e9cnico en manejo ambiental, consultor Ambiental y escritor para medios locales e internacionales sobre temas de geopolitica y medio ambiente.\",\"sameAs\":[\"http:\\\/\\\/www.patagoniambiental.com.ar\",\"https:\\\/\\\/www.facebook.com\\\/share\\\/1C1V8Gv9BX\\\/?mibextid=qi2Omg\",\"@patagoniambiental\",\"https:\\\/\\\/youtube.com\\\/@patagoniaambiental2023?si=BLt58t0wuXquxlYZ\"]}]}<\/script>\n<!-- \/ Yoast SEO Premium plugin. -->","yoast_head_json":{"title":"Comodoro Rivadavia ser\u00e1 sede del Foro sobre \u00abTransici\u00f3n Energ\u00e9tica e Hidr\u00f3geno Verde\u00bb","robots":{"index":"index","follow":"follow","max-snippet":"max-snippet:-1","max-image-preview":"max-image-preview:large","max-video-preview":"max-video-preview:-1"},"canonical":"https:\/\/patagoniambiental.com.ar\/info\/comodoro-sera-sede-del-foro-sobre-transicion-energetica-e-hidrogeno-verde\/","og_locale":"es_ES","og_type":"article","og_title":"Comodoro Rivadavia ser\u00e1 sede del Foro sobre \u00abTransici\u00f3n Energ\u00e9tica e Hidr\u00f3geno Verde\u00bb","og_url":"https:\/\/patagoniambiental.com.ar\/info\/comodoro-sera-sede-del-foro-sobre-transicion-energetica-e-hidrogeno-verde\/","og_site_name":"Patagonia Ambiental","article_publisher":"https:\/\/www.facebook.com\/patagonia.ambiental","article_author":"https:\/\/www.facebook.com\/share\/1C1V8Gv9BX\/?mibextid=qi2Omg","article_published_time":"2024-04-11T22:00:00+00:00","article_modified_time":"2024-09-19T14:45:48+00:00","og_image":[{"width":696,"height":448,"url":"https:\/\/patagoniambiental.com.ar\/info\/wp-content\/uploads\/2024\/04\/hidrogeno-verde-transicion-energetica-en-chubut-696x448-1.jpeg","type":"image\/jpeg"}],"author":"Patagonia Ambiental","twitter_card":"summary_large_image","twitter_creator":"@PatAmb","twitter_site":"@PatAmb","schema":{"@context":"https:\/\/schema.org","@graph":[{"@type":"Article","@id":"https:\/\/patagoniambiental.com.ar\/info\/comodoro-sera-sede-del-foro-sobre-transicion-energetica-e-hidrogeno-verde\/#article","isPartOf":{"@id":"https:\/\/patagoniambiental.com.ar\/info\/comodoro-sera-sede-del-foro-sobre-transicion-energetica-e-hidrogeno-verde\/"},"author":{"name":"Patagonia Ambiental","@id":"https:\/\/patagoniambiental.com.ar\/info\/#\/schema\/person\/db12bff64bbcbf6a253710bf0ea37b5d"},"headline":"Comodoro Rivadavia ser\u00e1 sede del Foro sobre \u00abTransici\u00f3n Energ\u00e9tica e Hidr\u00f3geno Verde\u00bb","datePublished":"2024-04-11T22:00:00+00:00","dateModified":"2024-09-19T14:45:48+00:00","mainEntityOfPage":{"@id":"https:\/\/patagoniambiental.com.ar\/info\/comodoro-sera-sede-del-foro-sobre-transicion-energetica-e-hidrogeno-verde\/"},"wordCount":411,"commentCount":0,"publisher":{"@id":"https:\/\/patagoniambiental.com.ar\/info\/#organization"},"image":{"@id":"https:\/\/patagoniambiental.com.ar\/info\/comodoro-sera-sede-del-foro-sobre-transicion-energetica-e-hidrogeno-verde\/#primaryimage"},"thumbnailUrl":"https:\/\/patagoniambiental.com.ar\/info\/wp-content\/uploads\/2024\/04\/hidrogeno-verde-transicion-energetica-en-chubut-696x448-1.jpeg","articleSection":["Agenda Ambiental","Bolet\u00edn","Chubut","Provinciales"],"inLanguage":"es","potentialAction":[{"@type":"CommentAction","name":"Comment","target":["https:\/\/patagoniambiental.com.ar\/info\/comodoro-sera-sede-del-foro-sobre-transicion-energetica-e-hidrogeno-verde\/#respond"]}]},{"@type":"WebPage","@id":"https:\/\/patagoniambiental.com.ar\/info\/comodoro-sera-sede-del-foro-sobre-transicion-energetica-e-hidrogeno-verde\/","url":"https:\/\/patagoniambiental.com.ar\/info\/comodoro-sera-sede-del-foro-sobre-transicion-energetica-e-hidrogeno-verde\/","name":"Comodoro Rivadavia ser\u00e1 sede del Foro sobre \u00abTransici\u00f3n Energ\u00e9tica e Hidr\u00f3geno Verde\u00bb","isPartOf":{"@id":"https:\/\/patagoniambiental.com.ar\/info\/#website"},"primaryImageOfPage":{"@id":"https:\/\/patagoniambiental.com.ar\/info\/comodoro-sera-sede-del-foro-sobre-transicion-energetica-e-hidrogeno-verde\/#primaryimage"},"image":{"@id":"https:\/\/patagoniambiental.com.ar\/info\/comodoro-sera-sede-del-foro-sobre-transicion-energetica-e-hidrogeno-verde\/#primaryimage"},"thumbnailUrl":"https:\/\/patagoniambiental.com.ar\/info\/wp-content\/uploads\/2024\/04\/hidrogeno-verde-transicion-energetica-en-chubut-696x448-1.jpeg","datePublished":"2024-04-11T22:00:00+00:00","dateModified":"2024-09-19T14:45:48+00:00","breadcrumb":{"@id":"https:\/\/patagoniambiental.com.ar\/info\/comodoro-sera-sede-del-foro-sobre-transicion-energetica-e-hidrogeno-verde\/#breadcrumb"},"inLanguage":"es","potentialAction":[{"@type":"ReadAction","target":["https:\/\/patagoniambiental.com.ar\/info\/comodoro-sera-sede-del-foro-sobre-transicion-energetica-e-hidrogeno-verde\/"]}]},{"@type":"ImageObject","inLanguage":"es","@id":"https:\/\/patagoniambiental.com.ar\/info\/comodoro-sera-sede-del-foro-sobre-transicion-energetica-e-hidrogeno-verde\/#primaryimage","url":"https:\/\/patagoniambiental.com.ar\/info\/wp-content\/uploads\/2024\/04\/hidrogeno-verde-transicion-energetica-en-chubut-696x448-1.jpeg","contentUrl":"https:\/\/patagoniambiental.com.ar\/info\/wp-content\/uploads\/2024\/04\/hidrogeno-verde-transicion-energetica-en-chubut-696x448-1.jpeg","width":696,"height":448},{"@type":"BreadcrumbList","@id":"https:\/\/patagoniambiental.com.ar\/info\/comodoro-sera-sede-del-foro-sobre-transicion-energetica-e-hidrogeno-verde\/#breadcrumb","itemListElement":[{"@type":"ListItem","position":1,"name":"Inicio","item":"https:\/\/patagoniambiental.com.ar\/info\/"},{"@type":"ListItem","position":2,"name":"Comodoro Rivadavia ser\u00e1 sede del Foro sobre \u00abTransici\u00f3n Energ\u00e9tica e Hidr\u00f3geno Verde\u00bb"}]},{"@type":"WebSite","@id":"https:\/\/patagoniambiental.com.ar\/info\/#website","url":"https:\/\/patagoniambiental.com.ar\/info\/","name":"Patagonia Ambiental","description":"Monitoreo y an\u00e1lisis de la situaci\u00f3n geopol\u00edtica en el mundo y su implicancia en la Patagonia","publisher":{"@id":"https:\/\/patagoniambiental.com.ar\/info\/#organization"},"potentialAction":[{"@type":"SearchAction","target":{"@type":"EntryPoint","urlTemplate":"https:\/\/patagoniambiental.com.ar\/info\/?s={search_term_string}"},"query-input":{"@type":"PropertyValueSpecification","valueRequired":true,"valueName":"search_term_string"}}],"inLanguage":"es"},{"@type":"Organization","@id":"https:\/\/patagoniambiental.com.ar\/info\/#organization","name":"Patagonia Ambiental","url":"https:\/\/patagoniambiental.com.ar\/info\/","logo":{"@type":"ImageObject","inLanguage":"es","@id":"https:\/\/patagoniambiental.com.ar\/info\/#\/schema\/logo\/image\/","url":"https:\/\/patagoniambiental.com.ar\/info\/wp-content\/uploads\/2025\/05\/LOGO-PATAGONIA-AMBIENTAL.png","contentUrl":"https:\/\/patagoniambiental.com.ar\/info\/wp-content\/uploads\/2025\/05\/LOGO-PATAGONIA-AMBIENTAL.png","width":433,"height":250,"caption":"Patagonia Ambiental"},"image":{"@id":"https:\/\/patagoniambiental.com.ar\/info\/#\/schema\/logo\/image\/"},"sameAs":["https:\/\/www.facebook.com\/patagonia.ambiental","https:\/\/x.com\/PatAmb"]},{"@type":"Person","@id":"https:\/\/patagoniambiental.com.ar\/info\/#\/schema\/person\/db12bff64bbcbf6a253710bf0ea37b5d","name":"Patagonia Ambiental","description":"Andr\u00e9s Nievas T\u00e9cnico en manejo ambiental, consultor Ambiental y escritor para medios locales e internacionales sobre temas de geopolitica y medio ambiente.","sameAs":["http:\/\/www.patagoniambiental.com.ar","https:\/\/www.facebook.com\/share\/1C1V8Gv9BX\/?mibextid=qi2Omg","@patagoniambiental","https:\/\/youtube.com\/@patagoniaambiental2023?si=BLt58t0wuXquxlYZ"]}]}},"_links":{"self":[{"href":"https:\/\/patagoniambiental.com.ar\/info\/wp-json\/wp\/v2\/posts\/81441","targetHints":{"allow":["GET"]}}],"collection":[{"href":"https:\/\/patagoniambiental.com.ar\/info\/wp-json\/wp\/v2\/posts"}],"about":[{"href":"https:\/\/patagoniambiental.com.ar\/info\/wp-json\/wp\/v2\/types\/post"}],"author":[{"embeddable":true,"href":"https:\/\/patagoniambiental.com.ar\/info\/wp-json\/wp\/v2\/users\/2"}],"replies":[{"embeddable":true,"href":"https:\/\/patagoniambiental.com.ar\/info\/wp-json\/wp\/v2\/comments?post=81441"}],"version-history":[{"count":0,"href":"https:\/\/patagoniambiental.com.ar\/info\/wp-json\/wp\/v2\/posts\/81441\/revisions"}],"wp:featuredmedia":[{"embeddable":true,"href":"https:\/\/patagoniambiental.com.ar\/info\/wp-json\/wp\/v2\/media\/81442"}],"wp:attachment":[{"href":"https:\/\/patagoniambiental.com.ar\/info\/wp-json\/wp\/v2\/media?parent=81441"}],"wp:term":[{"taxonomy":"category","embeddable":true,"href":"https:\/\/patagoniambiental.com.ar\/info\/wp-json\/wp\/v2\/categories?post=81441"},{"taxonomy":"post_tag","embeddable":true,"href":"https:\/\/patagoniambiental.com.ar\/info\/wp-json\/wp\/v2\/tags?post=81441"}],"curies":[{"name":"wp","href":"https:\/\/api.w.org\/{rel}","templated":true}]}}