{"id":81544,"date":"2024-04-16T07:00:00","date_gmt":"2024-04-16T10:00:00","guid":{"rendered":"https:\/\/patagoniambiental.com.ar\/info\/?p=81544"},"modified":"2024-08-12T17:43:41","modified_gmt":"2024-08-12T20:43:41","slug":"se-anego-el-nuevo-refugio-canino-en-general-pico","status":"publish","type":"post","link":"https:\/\/patagoniambiental.com.ar\/info\/se-anego-el-nuevo-refugio-canino-en-general-pico\/","title":{"rendered":"Se aneg\u00f3 el nuevo Refugio Canino en General Pico"},"content":{"rendered":"\n<!--more-->\n\n\n\n<p>General Pico.-Las intensas lluvias ca\u00eddas en los \u00faltimos d\u00edas en General Pico causaron el anegamiento del nuevo Refugio Canino de la ciudad, emplazado en el campo de la Facultad de Ciencias Veterinarias de la Universidad Nacional de La Pampa, y desde la Asociaci\u00f3n Piquense Protectora de Animales (APPA) denunciaron el mal estado en que se hallan los perros alojados en el lugar, que \u00abest\u00e1n peor que en el refugio viejo\u00bb, seg\u00fan expresaron en un comunicado publicado este fin de semana en las redes sociales.<\/p>\n\n\n\n<p>Ante esta situaci\u00f3n, la Municipalidad inform\u00f3 ayer que se encuentra trabajando en el predio para solucionar los inconvenientes generados por las precipitaciones y prevenir nuevos problemas ante futuros eventos clim\u00e1ticos.<\/p>\n\n\n\n<p>En el texto dado a conocer, que acompa\u00f1\u00f3 con videos que muestran la situaci\u00f3n, la APPA reclam\u00f3: \u00abBasta de difundir al perrito corriendo por el predio abierto cuando es todo una pantalla&#8230;\u00bb. Y afirm\u00f3 en ese sentido que \u00ablos caniles individuales son superchiquitos, se inundan todos porque el pasillo del medio es m\u00e1s alto que los caniles y los perros tienen poco y nada de reparo\u00bb.<\/p>\n\n\n\n<p>En cuanto a los caniles comunitarios, la entidad reproch\u00f3 que \u00abprimero nos prometieron un cerramiento de 3\/4 partes para su reparo, despu\u00e9s pasamos a cuchas y ahora ni siquiera tienen una cucha por perro, o sea, en pocas palabras est\u00e1n peor que en el refugio viejo. Hay caniles con 5 perros que no conviven para nada bien, mucho menos van a dormir amontonados en una cucha\u00bb.<\/p>\n\n\n\n<p>\u00abPara colmo, todos los caniles tienen el desagote atr\u00e1s, as\u00ed que el agua recorre todo el piso de cemento (anulando el poco espacio seco que les pod\u00eda quedar) hasta llegar a la rejilla, que no desagota porque es muy chico el ca\u00f1o para la tierra y pelo que se amontona obviamente\u00bb, indic\u00f3.<\/p>\n\n\n\n<p>Luego, expres\u00f3 su preocupaci\u00f3n por el destino que puedan llegar a tener los animales en esas condiciones de alojamiento ante el inicio de la temporada invernal: \u00abEl fr\u00edo reci\u00e9n empieza, necesitamos que esto mejore antes de que empiecen a morir los perros\u00bb, pidi\u00f3.<\/p>\n\n\n\n<p>Y se\u00f1al\u00f3 finalmente que \u00abpor esto insistimos en las adopciones&#8230; La \u00fanica opci\u00f3n que le vemos a que ellos sobrevivan (sobre todo los m\u00e1s viejis) es que salgan del refugio\u00bb.<\/p>\n\n\n\n<div style=\"height:100px\" aria-hidden=\"true\" class=\"wp-block-spacer\"><\/div>\n\n\n\n<h2 class=\"wp-block-heading\" id=\"h-trabajos\">Trabajos<\/h2>\n\n\n\n<p>Tras la publicaci\u00f3n de la APPA, la Municipalidad de General Pico inform\u00f3 que \u00abse encuentra desarrollando las labores pertinentes en el nuevo Refugio Canino a fin de restablecer la situaci\u00f3n del espacio donde se encuentran alojados los canes, luego de las intensas precipitaciones que registraron m\u00e1s de 90 mil\u00edmetros durante el \u00faltimo fin de semana\u00bb.<\/p>\n\n\n\n<p>\u00abA ra\u00edz de esta situaci\u00f3n, desde la Secretar\u00eda de Ambiente y Servicios P\u00fablicos, mediante la Direcci\u00f3n de Zoonosis y Vectores, se iniciaron las tareas id\u00f3neas para mitigar las consecuencias que pudieran originar futuros eventos clim\u00e1ticos como el acontecido en los \u00faltimos d\u00edas\u00bb, se\u00f1al\u00f3.<\/p>\n\n\n\n<p>Agreg\u00f3 que \u00abpor otra parte, es importante mencionar que el proyecto inicial planteaba un piso \u00fanicamente de cemento en cada una de las canilleras, el cual fue modificado con el objetivo de brindar mayor seguridad preservando las almohadillas plantares evitando lesiones en los animales\u00bb.<\/p>\n\n\n\n<p>Y explic\u00f3 que \u00aba raz\u00f3n de ello, las estructuras cuentan con una platea de cemento cubierta, con una cucha, y otra restante de tierra para su bienestar. La nueva edificaci\u00f3n contrasta notoriamente con aquella que se encontraba en calle 44, promoviendo una considerable mejora en la calidad de vida de cada una y uno de los perros, por la cual se brega a diario\u00bb.<\/p>\n\n\n\n<p>Fuente: <a href=\"https:\/\/www.eldiariodelapampa.com.ar\/la-pampa\/33122\/se-anego-el-nuevo-refugio-canino--en-general-pico\">www.eldiariodelapampa.com.ar<\/a><\/p>\n","protected":false},"excerpt":{"rendered":"","protected":false},"author":2,"featured_media":81545,"comment_status":"open","ping_status":"open","sticky":false,"template":"","format":"standard","meta":{"site-sidebar-layout":"default","site-content-layout":"","ast-site-content-layout":"default","site-content-style":"default","site-sidebar-style":"default","ast-global-header-display":"","ast-banner-title-visibility":"","ast-main-header-display":"","ast-hfb-above-header-display":"","ast-hfb-below-header-display":"","ast-hfb-mobile-header-display":"","site-post-title":"","ast-breadcrumbs-content":"","ast-featured-img":"","footer-sml-layout":"","ast-disable-related-posts":"","theme-transparent-header-meta":"","adv-header-id-meta":"","stick-header-meta":"","header-above-stick-meta":"","header-main-stick-meta":"","header-below-stick-meta":"","astra-migrate-meta-layouts":"default","ast-page-background-enabled":"default","ast-page-background-meta":{"desktop":{"background-color":"var(--ast-global-color-5)","background-image":"","background-repeat":"repeat","background-position":"center center","background-size":"auto","background-attachment":"scroll","background-type":"","background-media":"","overlay-type":"","overlay-color":"","overlay-opacity":"","overlay-gradient":""},"tablet":{"background-color":"","background-image":"","background-repeat":"repeat","background-position":"center center","background-size":"auto","background-attachment":"scroll","background-type":"","background-media":"","overlay-type":"","overlay-color":"","overlay-opacity":"","overlay-gradient":""},"mobile":{"background-color":"","background-image":"","background-repeat":"repeat","background-position":"center center","background-size":"auto","background-attachment":"scroll","background-type":"","background-media":"","overlay-type":"","overlay-color":"","overlay-opacity":"","overlay-gradient":""}},"ast-content-background-meta":{"desktop":{"background-color":"var(--ast-global-color-4)","background-image":"","background-repeat":"repeat","background-position":"center center","background-size":"auto","background-attachment":"scroll","background-type":"","background-media":"","overlay-type":"","overlay-color":"","overlay-opacity":"","overlay-gradient":""},"tablet":{"background-color":"var(--ast-global-color-4)","background-image":"","background-repeat":"repeat","background-position":"center center","background-size":"auto","background-attachment":"scroll","background-type":"","background-media":"","overlay-type":"","overlay-color":"","overlay-opacity":"","overlay-gradient":""},"mobile":{"background-color":"var(--ast-global-color-4)","background-image":"","background-repeat":"repeat","background-position":"center center","background-size":"auto","background-attachment":"scroll","background-type":"","background-media":"","overlay-type":"","overlay-color":"","overlay-opacity":"","overlay-gradient":""}},"footnotes":""},"categories":[11,16],"tags":[],"class_list":["post-81544","post","type-post","status-publish","format-standard","has-post-thumbnail","hentry","category-boletin","category-municipales"],"yoast_head":"<!-- This site is optimized with the Yoast SEO Premium plugin v23.0 (Yoast SEO v27.5) - https:\/\/yoast.com\/product\/yoast-seo-premium-wordpress\/ -->\n<title>Se aneg\u00f3 el nuevo Refugio Canino en General Pico<\/title>\n<meta name=\"robots\" content=\"index, follow, max-snippet:-1, max-image-preview:large, max-video-preview:-1\" \/>\n<link rel=\"canonical\" href=\"https:\/\/patagoniambiental.com.ar\/info\/se-anego-el-nuevo-refugio-canino-en-general-pico\/\" \/>\n<meta property=\"og:locale\" content=\"es_ES\" \/>\n<meta property=\"og:type\" content=\"article\" \/>\n<meta property=\"og:title\" content=\"Se aneg\u00f3 el nuevo Refugio Canino en General Pico\" \/>\n<meta property=\"og:url\" content=\"https:\/\/patagoniambiental.com.ar\/info\/se-anego-el-nuevo-refugio-canino-en-general-pico\/\" \/>\n<meta property=\"og:site_name\" content=\"Patagonia Ambiental\" \/>\n<meta property=\"article:publisher\" content=\"https:\/\/www.facebook.com\/patagonia.ambiental\" \/>\n<meta property=\"article:author\" content=\"https:\/\/www.facebook.com\/share\/1C1V8Gv9BX\/?mibextid=qi2Omg\" \/>\n<meta property=\"article:published_time\" content=\"2024-04-16T10:00:00+00:00\" \/>\n<meta property=\"article:modified_time\" content=\"2024-08-12T20:43:41+00:00\" \/>\n<meta property=\"og:image\" content=\"https:\/\/patagoniambiental.com.ar\/info\/wp-content\/uploads\/2024\/04\/272234.jpg\" \/>\n\t<meta property=\"og:image:width\" content=\"860\" \/>\n\t<meta property=\"og:image:height\" content=\"452\" \/>\n\t<meta property=\"og:image:type\" content=\"image\/jpeg\" \/>\n<meta name=\"author\" content=\"Patagonia Ambiental\" \/>\n<meta name=\"twitter:card\" content=\"summary_large_image\" \/>\n<meta name=\"twitter:creator\" content=\"@PatAmb\" \/>\n<meta name=\"twitter:site\" content=\"@PatAmb\" \/>\n<script type=\"application\/ld+json\" class=\"yoast-schema-graph\">{\"@context\":\"https:\\\/\\\/schema.org\",\"@graph\":[{\"@type\":\"Article\",\"@id\":\"https:\\\/\\\/patagoniambiental.com.ar\\\/info\\\/se-anego-el-nuevo-refugio-canino-en-general-pico\\\/#article\",\"isPartOf\":{\"@id\":\"https:\\\/\\\/patagoniambiental.com.ar\\\/info\\\/se-anego-el-nuevo-refugio-canino-en-general-pico\\\/\"},\"author\":{\"name\":\"Patagonia Ambiental\",\"@id\":\"https:\\\/\\\/patagoniambiental.com.ar\\\/info\\\/#\\\/schema\\\/person\\\/db12bff64bbcbf6a253710bf0ea37b5d\"},\"headline\":\"Se aneg\u00f3 el nuevo Refugio Canino en General Pico\",\"datePublished\":\"2024-04-16T10:00:00+00:00\",\"dateModified\":\"2024-08-12T20:43:41+00:00\",\"mainEntityOfPage\":{\"@id\":\"https:\\\/\\\/patagoniambiental.com.ar\\\/info\\\/se-anego-el-nuevo-refugio-canino-en-general-pico\\\/\"},\"wordCount\":624,\"commentCount\":0,\"publisher\":{\"@id\":\"https:\\\/\\\/patagoniambiental.com.ar\\\/info\\\/#organization\"},\"image\":{\"@id\":\"https:\\\/\\\/patagoniambiental.com.ar\\\/info\\\/se-anego-el-nuevo-refugio-canino-en-general-pico\\\/#primaryimage\"},\"thumbnailUrl\":\"https:\\\/\\\/patagoniambiental.com.ar\\\/info\\\/wp-content\\\/uploads\\\/2024\\\/04\\\/272234.jpg\",\"articleSection\":[\"Bolet\u00edn\",\"Municipales\"],\"inLanguage\":\"es\",\"potentialAction\":[{\"@type\":\"CommentAction\",\"name\":\"Comment\",\"target\":[\"https:\\\/\\\/patagoniambiental.com.ar\\\/info\\\/se-anego-el-nuevo-refugio-canino-en-general-pico\\\/#respond\"]}]},{\"@type\":\"WebPage\",\"@id\":\"https:\\\/\\\/patagoniambiental.com.ar\\\/info\\\/se-anego-el-nuevo-refugio-canino-en-general-pico\\\/\",\"url\":\"https:\\\/\\\/patagoniambiental.com.ar\\\/info\\\/se-anego-el-nuevo-refugio-canino-en-general-pico\\\/\",\"name\":\"Se aneg\u00f3 el nuevo Refugio Canino en General Pico\",\"isPartOf\":{\"@id\":\"https:\\\/\\\/patagoniambiental.com.ar\\\/info\\\/#website\"},\"primaryImageOfPage\":{\"@id\":\"https:\\\/\\\/patagoniambiental.com.ar\\\/info\\\/se-anego-el-nuevo-refugio-canino-en-general-pico\\\/#primaryimage\"},\"image\":{\"@id\":\"https:\\\/\\\/patagoniambiental.com.ar\\\/info\\\/se-anego-el-nuevo-refugio-canino-en-general-pico\\\/#primaryimage\"},\"thumbnailUrl\":\"https:\\\/\\\/patagoniambiental.com.ar\\\/info\\\/wp-content\\\/uploads\\\/2024\\\/04\\\/272234.jpg\",\"datePublished\":\"2024-04-16T10:00:00+00:00\",\"dateModified\":\"2024-08-12T20:43:41+00:00\",\"breadcrumb\":{\"@id\":\"https:\\\/\\\/patagoniambiental.com.ar\\\/info\\\/se-anego-el-nuevo-refugio-canino-en-general-pico\\\/#breadcrumb\"},\"inLanguage\":\"es\",\"potentialAction\":[{\"@type\":\"ReadAction\",\"target\":[\"https:\\\/\\\/patagoniambiental.com.ar\\\/info\\\/se-anego-el-nuevo-refugio-canino-en-general-pico\\\/\"]}]},{\"@type\":\"ImageObject\",\"inLanguage\":\"es\",\"@id\":\"https:\\\/\\\/patagoniambiental.com.ar\\\/info\\\/se-anego-el-nuevo-refugio-canino-en-general-pico\\\/#primaryimage\",\"url\":\"https:\\\/\\\/patagoniambiental.com.ar\\\/info\\\/wp-content\\\/uploads\\\/2024\\\/04\\\/272234.jpg\",\"contentUrl\":\"https:\\\/\\\/patagoniambiental.com.ar\\\/info\\\/wp-content\\\/uploads\\\/2024\\\/04\\\/272234.jpg\",\"width\":860,\"height\":452},{\"@type\":\"BreadcrumbList\",\"@id\":\"https:\\\/\\\/patagoniambiental.com.ar\\\/info\\\/se-anego-el-nuevo-refugio-canino-en-general-pico\\\/#breadcrumb\",\"itemListElement\":[{\"@type\":\"ListItem\",\"position\":1,\"name\":\"Inicio\",\"item\":\"https:\\\/\\\/patagoniambiental.com.ar\\\/info\\\/\"},{\"@type\":\"ListItem\",\"position\":2,\"name\":\"Se aneg\u00f3 el nuevo Refugio Canino en General Pico\"}]},{\"@type\":\"WebSite\",\"@id\":\"https:\\\/\\\/patagoniambiental.com.ar\\\/info\\\/#website\",\"url\":\"https:\\\/\\\/patagoniambiental.com.ar\\\/info\\\/\",\"name\":\"Patagonia Ambiental\",\"description\":\"Monitoreo y an\u00e1lisis de la situaci\u00f3n geopol\u00edtica en el mundo y su implicancia en la Patagonia\",\"publisher\":{\"@id\":\"https:\\\/\\\/patagoniambiental.com.ar\\\/info\\\/#organization\"},\"potentialAction\":[{\"@type\":\"SearchAction\",\"target\":{\"@type\":\"EntryPoint\",\"urlTemplate\":\"https:\\\/\\\/patagoniambiental.com.ar\\\/info\\\/?s={search_term_string}\"},\"query-input\":{\"@type\":\"PropertyValueSpecification\",\"valueRequired\":true,\"valueName\":\"search_term_string\"}}],\"inLanguage\":\"es\"},{\"@type\":\"Organization\",\"@id\":\"https:\\\/\\\/patagoniambiental.com.ar\\\/info\\\/#organization\",\"name\":\"Patagonia Ambiental\",\"url\":\"https:\\\/\\\/patagoniambiental.com.ar\\\/info\\\/\",\"logo\":{\"@type\":\"ImageObject\",\"inLanguage\":\"es\",\"@id\":\"https:\\\/\\\/patagoniambiental.com.ar\\\/info\\\/#\\\/schema\\\/logo\\\/image\\\/\",\"url\":\"https:\\\/\\\/patagoniambiental.com.ar\\\/info\\\/wp-content\\\/uploads\\\/2025\\\/05\\\/LOGO-PATAGONIA-AMBIENTAL.png\",\"contentUrl\":\"https:\\\/\\\/patagoniambiental.com.ar\\\/info\\\/wp-content\\\/uploads\\\/2025\\\/05\\\/LOGO-PATAGONIA-AMBIENTAL.png\",\"width\":433,\"height\":250,\"caption\":\"Patagonia Ambiental\"},\"image\":{\"@id\":\"https:\\\/\\\/patagoniambiental.com.ar\\\/info\\\/#\\\/schema\\\/logo\\\/image\\\/\"},\"sameAs\":[\"https:\\\/\\\/www.facebook.com\\\/patagonia.ambiental\",\"https:\\\/\\\/x.com\\\/PatAmb\"]},{\"@type\":\"Person\",\"@id\":\"https:\\\/\\\/patagoniambiental.com.ar\\\/info\\\/#\\\/schema\\\/person\\\/db12bff64bbcbf6a253710bf0ea37b5d\",\"name\":\"Patagonia Ambiental\",\"description\":\"Andr\u00e9s Nievas T\u00e9cnico en manejo ambiental, consultor Ambiental y escritor para medios locales e internacionales sobre temas de geopolitica y medio ambiente.\",\"sameAs\":[\"http:\\\/\\\/www.patagoniambiental.com.ar\",\"https:\\\/\\\/www.facebook.com\\\/share\\\/1C1V8Gv9BX\\\/?mibextid=qi2Omg\",\"@patagoniambiental\",\"https:\\\/\\\/youtube.com\\\/@patagoniaambiental2023?si=BLt58t0wuXquxlYZ\"]}]}<\/script>\n<!-- \/ Yoast SEO Premium plugin. -->","yoast_head_json":{"title":"Se aneg\u00f3 el nuevo Refugio Canino en General Pico","robots":{"index":"index","follow":"follow","max-snippet":"max-snippet:-1","max-image-preview":"max-image-preview:large","max-video-preview":"max-video-preview:-1"},"canonical":"https:\/\/patagoniambiental.com.ar\/info\/se-anego-el-nuevo-refugio-canino-en-general-pico\/","og_locale":"es_ES","og_type":"article","og_title":"Se aneg\u00f3 el nuevo Refugio Canino en General Pico","og_url":"https:\/\/patagoniambiental.com.ar\/info\/se-anego-el-nuevo-refugio-canino-en-general-pico\/","og_site_name":"Patagonia Ambiental","article_publisher":"https:\/\/www.facebook.com\/patagonia.ambiental","article_author":"https:\/\/www.facebook.com\/share\/1C1V8Gv9BX\/?mibextid=qi2Omg","article_published_time":"2024-04-16T10:00:00+00:00","article_modified_time":"2024-08-12T20:43:41+00:00","og_image":[{"width":860,"height":452,"url":"https:\/\/patagoniambiental.com.ar\/info\/wp-content\/uploads\/2024\/04\/272234.jpg","type":"image\/jpeg"}],"author":"Patagonia Ambiental","twitter_card":"summary_large_image","twitter_creator":"@PatAmb","twitter_site":"@PatAmb","schema":{"@context":"https:\/\/schema.org","@graph":[{"@type":"Article","@id":"https:\/\/patagoniambiental.com.ar\/info\/se-anego-el-nuevo-refugio-canino-en-general-pico\/#article","isPartOf":{"@id":"https:\/\/patagoniambiental.com.ar\/info\/se-anego-el-nuevo-refugio-canino-en-general-pico\/"},"author":{"name":"Patagonia Ambiental","@id":"https:\/\/patagoniambiental.com.ar\/info\/#\/schema\/person\/db12bff64bbcbf6a253710bf0ea37b5d"},"headline":"Se aneg\u00f3 el nuevo Refugio Canino en General Pico","datePublished":"2024-04-16T10:00:00+00:00","dateModified":"2024-08-12T20:43:41+00:00","mainEntityOfPage":{"@id":"https:\/\/patagoniambiental.com.ar\/info\/se-anego-el-nuevo-refugio-canino-en-general-pico\/"},"wordCount":624,"commentCount":0,"publisher":{"@id":"https:\/\/patagoniambiental.com.ar\/info\/#organization"},"image":{"@id":"https:\/\/patagoniambiental.com.ar\/info\/se-anego-el-nuevo-refugio-canino-en-general-pico\/#primaryimage"},"thumbnailUrl":"https:\/\/patagoniambiental.com.ar\/info\/wp-content\/uploads\/2024\/04\/272234.jpg","articleSection":["Bolet\u00edn","Municipales"],"inLanguage":"es","potentialAction":[{"@type":"CommentAction","name":"Comment","target":["https:\/\/patagoniambiental.com.ar\/info\/se-anego-el-nuevo-refugio-canino-en-general-pico\/#respond"]}]},{"@type":"WebPage","@id":"https:\/\/patagoniambiental.com.ar\/info\/se-anego-el-nuevo-refugio-canino-en-general-pico\/","url":"https:\/\/patagoniambiental.com.ar\/info\/se-anego-el-nuevo-refugio-canino-en-general-pico\/","name":"Se aneg\u00f3 el nuevo Refugio Canino en General Pico","isPartOf":{"@id":"https:\/\/patagoniambiental.com.ar\/info\/#website"},"primaryImageOfPage":{"@id":"https:\/\/patagoniambiental.com.ar\/info\/se-anego-el-nuevo-refugio-canino-en-general-pico\/#primaryimage"},"image":{"@id":"https:\/\/patagoniambiental.com.ar\/info\/se-anego-el-nuevo-refugio-canino-en-general-pico\/#primaryimage"},"thumbnailUrl":"https:\/\/patagoniambiental.com.ar\/info\/wp-content\/uploads\/2024\/04\/272234.jpg","datePublished":"2024-04-16T10:00:00+00:00","dateModified":"2024-08-12T20:43:41+00:00","breadcrumb":{"@id":"https:\/\/patagoniambiental.com.ar\/info\/se-anego-el-nuevo-refugio-canino-en-general-pico\/#breadcrumb"},"inLanguage":"es","potentialAction":[{"@type":"ReadAction","target":["https:\/\/patagoniambiental.com.ar\/info\/se-anego-el-nuevo-refugio-canino-en-general-pico\/"]}]},{"@type":"ImageObject","inLanguage":"es","@id":"https:\/\/patagoniambiental.com.ar\/info\/se-anego-el-nuevo-refugio-canino-en-general-pico\/#primaryimage","url":"https:\/\/patagoniambiental.com.ar\/info\/wp-content\/uploads\/2024\/04\/272234.jpg","contentUrl":"https:\/\/patagoniambiental.com.ar\/info\/wp-content\/uploads\/2024\/04\/272234.jpg","width":860,"height":452},{"@type":"BreadcrumbList","@id":"https:\/\/patagoniambiental.com.ar\/info\/se-anego-el-nuevo-refugio-canino-en-general-pico\/#breadcrumb","itemListElement":[{"@type":"ListItem","position":1,"name":"Inicio","item":"https:\/\/patagoniambiental.com.ar\/info\/"},{"@type":"ListItem","position":2,"name":"Se aneg\u00f3 el nuevo Refugio Canino en General Pico"}]},{"@type":"WebSite","@id":"https:\/\/patagoniambiental.com.ar\/info\/#website","url":"https:\/\/patagoniambiental.com.ar\/info\/","name":"Patagonia Ambiental","description":"Monitoreo y an\u00e1lisis de la situaci\u00f3n geopol\u00edtica en el mundo y su implicancia en la Patagonia","publisher":{"@id":"https:\/\/patagoniambiental.com.ar\/info\/#organization"},"potentialAction":[{"@type":"SearchAction","target":{"@type":"EntryPoint","urlTemplate":"https:\/\/patagoniambiental.com.ar\/info\/?s={search_term_string}"},"query-input":{"@type":"PropertyValueSpecification","valueRequired":true,"valueName":"search_term_string"}}],"inLanguage":"es"},{"@type":"Organization","@id":"https:\/\/patagoniambiental.com.ar\/info\/#organization","name":"Patagonia Ambiental","url":"https:\/\/patagoniambiental.com.ar\/info\/","logo":{"@type":"ImageObject","inLanguage":"es","@id":"https:\/\/patagoniambiental.com.ar\/info\/#\/schema\/logo\/image\/","url":"https:\/\/patagoniambiental.com.ar\/info\/wp-content\/uploads\/2025\/05\/LOGO-PATAGONIA-AMBIENTAL.png","contentUrl":"https:\/\/patagoniambiental.com.ar\/info\/wp-content\/uploads\/2025\/05\/LOGO-PATAGONIA-AMBIENTAL.png","width":433,"height":250,"caption":"Patagonia Ambiental"},"image":{"@id":"https:\/\/patagoniambiental.com.ar\/info\/#\/schema\/logo\/image\/"},"sameAs":["https:\/\/www.facebook.com\/patagonia.ambiental","https:\/\/x.com\/PatAmb"]},{"@type":"Person","@id":"https:\/\/patagoniambiental.com.ar\/info\/#\/schema\/person\/db12bff64bbcbf6a253710bf0ea37b5d","name":"Patagonia Ambiental","description":"Andr\u00e9s Nievas T\u00e9cnico en manejo ambiental, consultor Ambiental y escritor para medios locales e internacionales sobre temas de geopolitica y medio ambiente.","sameAs":["http:\/\/www.patagoniambiental.com.ar","https:\/\/www.facebook.com\/share\/1C1V8Gv9BX\/?mibextid=qi2Omg","@patagoniambiental","https:\/\/youtube.com\/@patagoniaambiental2023?si=BLt58t0wuXquxlYZ"]}]}},"_links":{"self":[{"href":"https:\/\/patagoniambiental.com.ar\/info\/wp-json\/wp\/v2\/posts\/81544","targetHints":{"allow":["GET"]}}],"collection":[{"href":"https:\/\/patagoniambiental.com.ar\/info\/wp-json\/wp\/v2\/posts"}],"about":[{"href":"https:\/\/patagoniambiental.com.ar\/info\/wp-json\/wp\/v2\/types\/post"}],"author":[{"embeddable":true,"href":"https:\/\/patagoniambiental.com.ar\/info\/wp-json\/wp\/v2\/users\/2"}],"replies":[{"embeddable":true,"href":"https:\/\/patagoniambiental.com.ar\/info\/wp-json\/wp\/v2\/comments?post=81544"}],"version-history":[{"count":0,"href":"https:\/\/patagoniambiental.com.ar\/info\/wp-json\/wp\/v2\/posts\/81544\/revisions"}],"wp:featuredmedia":[{"embeddable":true,"href":"https:\/\/patagoniambiental.com.ar\/info\/wp-json\/wp\/v2\/media\/81545"}],"wp:attachment":[{"href":"https:\/\/patagoniambiental.com.ar\/info\/wp-json\/wp\/v2\/media?parent=81544"}],"wp:term":[{"taxonomy":"category","embeddable":true,"href":"https:\/\/patagoniambiental.com.ar\/info\/wp-json\/wp\/v2\/categories?post=81544"},{"taxonomy":"post_tag","embeddable":true,"href":"https:\/\/patagoniambiental.com.ar\/info\/wp-json\/wp\/v2\/tags?post=81544"}],"curies":[{"name":"wp","href":"https:\/\/api.w.org\/{rel}","templated":true}]}}