{"id":81635,"date":"2026-04-01T07:00:00","date_gmt":"2026-04-01T10:00:00","guid":{"rendered":"https:\/\/patagoniambiental.com.ar\/info\/?p=81635"},"modified":"2026-04-02T10:39:05","modified_gmt":"2026-04-02T13:39:05","slug":"dias-internacionales-naciones-unidas","status":"publish","type":"post","link":"https:\/\/patagoniambiental.com.ar\/info\/dias-internacionales-naciones-unidas\/","title":{"rendered":"D\u00edas Internacionales de la ONU: el motor global que impulsa el reciclaje, la econom\u00eda circular y un futuro sostenible"},"content":{"rendered":"\n<!--more-->\n\n\n\n<p><strong>Un calendario que puede cambiar el mundo si entendemos su verdadero impacto<\/strong><\/p>\n\n\n\n<p>Cada a\u00f1o, casi sin darnos cuenta, el calendario de las Naciones Unidas se llena de fechas que parecen simb\u00f3licas, pero que en realidad esconden un enorme potencial de transformaci\u00f3n social, ambiental y econ\u00f3mica. Los <strong>D\u00edas Internacionales de la ONU<\/strong> no son simples efem\u00e9rides: son herramientas estrat\u00e9gicas para instalar debates urgentes, promover cambios de comportamiento y acelerar la transici\u00f3n hacia un modelo basado en la <strong>econom\u00eda circular<\/strong>, el <strong>reciclaje<\/strong>, el consumo responsable y el <strong>desarrollo sostenible<\/strong>.<\/p>\n\n\n\n<p>En un contexto global marcado por la crisis clim\u00e1tica, la contaminaci\u00f3n por residuos, la sobreexplotaci\u00f3n de recursos naturales y la desigualdad social, estas fechas funcionan como verdaderos disparadores de conciencia colectiva. Pero su impacto real depende de algo clave: que la informaci\u00f3n llegue clara, contextualizada y conectada con acciones concretas que puedan aplicar gobiernos, empresas, comunidades y ciudadanos.<\/p>\n\n\n\n<p>Este art\u00edculo analiza en profundidad el rol de los D\u00edas Internacionales de la ONU, su v\u00ednculo con el reciclaje y la econom\u00eda circular, y por qu\u00e9 se han convertido en una de las principales palancas globales para promover un cambio de paradigma ambiental.<\/p>\n\n\n\n<p><strong>\u00bfQu\u00e9 son los D\u00edas Internacionales de la ONU y por qu\u00e9 importan tanto?<\/strong><\/p>\n\n\n\n<p>Los <strong>D\u00edas Internacionales<\/strong> existen incluso antes de la creaci\u00f3n formal de las Naciones Unidas, pero fue la ONU quien los consolid\u00f3 como un instrumento de sensibilizaci\u00f3n global. Cada fecha conmemorativa pone el foco en un problema estructural: desde la gesti\u00f3n de residuos y la p\u00e9rdida de biodiversidad, hasta los derechos humanos, la pobreza o el acceso al agua potable.<\/p>\n\n\n\n<p>La clave est\u00e1 en que estos d\u00edas no se limitan a la comunicaci\u00f3n institucional. Funcionan como un <strong>marco de acci\u00f3n<\/strong> que moviliza a gobiernos, ONG, empresas, universidades, medios de comunicaci\u00f3n y ciudadan\u00eda. En t\u00e9rminos de sostenibilidad, son esenciales para instalar temas como el <strong>reciclaje<\/strong>, la <strong>reducci\u00f3n de residuos<\/strong>, la <strong>econom\u00eda circular<\/strong>, el consumo responsable y la protecci\u00f3n del ambiente.<\/p>\n\n\n\n<p>Cuando una fecha entra en el calendario oficial de la ONU, adquiere legitimidad internacional, respaldo cient\u00edfico y visibilidad medi\u00e1tica, tres pilares fundamentales para generar cambios reales y medibles.<\/p>\n\n\n\n<p><strong>\u00bfQui\u00e9n decide los D\u00edas Internacionales y c\u00f3mo se relacionan con la sostenibilidad?<\/strong><\/p>\n\n\n\n<p>La <strong>Asamblea General de las Naciones Unidas<\/strong>, integrada por 193 Estados Miembros, es el \u00f3rgano que define la mayor\u00eda de los D\u00edas Internacionales. Los pa\u00edses proponen una fecha y, mediante consenso, se aprueba una resoluci\u00f3n que establece el d\u00eda conmemorativo.<\/p>\n\n\n\n<p>En estas resoluciones no solo se define una fecha, sino tambi\u00e9n el <strong>enfoque del problema<\/strong>, sus causas estructurales y las acciones recomendadas. En el caso de los temas ambientales, muchas resoluciones destacan la necesidad de transitar hacia modelos productivos sostenibles, fortalecer el reciclaje, reducir la contaminaci\u00f3n y fomentar la econom\u00eda circular como alternativa al modelo lineal de \u201cextraer, producir y desechar\u201d.<\/p>\n\n\n\n<p>Este enfoque convierte a los D\u00edas Internacionales en una hoja de ruta pol\u00edtica y ambiental, alineada con los <strong>Objetivos de Desarrollo Sostenible (ODS)<\/strong>, especialmente el ODS 12 (Producci\u00f3n y Consumo Responsables), el ODS 13 (Acci\u00f3n por el Clima) y el ODS 15 (Vida de Ecosistemas Terrestres).<\/p>\n\n\n\n<p><strong>D\u00edas Internacionales clave para el reciclaje y la econom\u00eda circular<\/strong><\/p>\n\n\n\n<p>Algunas fechas del calendario de la ONU son especialmente relevantes para quienes trabajan o se interesan por el reciclaje y la sostenibilidad ambiental. Entre ellas se destacan:<\/p>\n\n\n\n<p>El <strong>D\u00eda Mundial del Medio Ambiente<\/strong>, celebrado el 5 de junio, es uno de los m\u00e1s influyentes. Cada a\u00f1o pone el foco en un problema ambiental espec\u00edfico, como los residuos pl\u00e1sticos, la contaminaci\u00f3n o la restauraci\u00f3n de ecosistemas. Es una fecha clave para promover pol\u00edticas de reciclaje, reducci\u00f3n de pl\u00e1sticos de un solo uso y modelos de econom\u00eda circular.<\/p>\n\n\n\n<p>El <strong>D\u00eda Internacional de Cero Desechos<\/strong>, impulsado recientemente por la ONU, busca visibilizar la urgencia de reducir la generaci\u00f3n de residuos y promover sistemas basados en reutilizaci\u00f3n, reciclaje y dise\u00f1o sostenible.<\/p>\n\n\n\n<p>El <strong>D\u00eda Internacional de la Diversidad Biol\u00f3gica<\/strong>, celebrado el 22 de mayo, tambi\u00e9n se conecta directamente con la econom\u00eda circular, ya que la gesti\u00f3n responsable de los recursos naturales es fundamental para preservar los ecosistemas.<\/p>\n\n\n\n<p>Estas fechas no solo informan: generan compromisos, campa\u00f1as, inversiones y cambios normativos que impactan directamente en la gesti\u00f3n de residuos y en la transici\u00f3n hacia un modelo m\u00e1s sostenible.<\/p>\n\n\n\n<p><strong>Econom\u00eda circular: el concepto que atraviesa toda la agenda ambiental de la ONU<\/strong><\/p>\n\n\n\n<p>La <strong>econom\u00eda circular<\/strong> es uno de los ejes transversales de la agenda ambiental de las Naciones Unidas. A diferencia del modelo lineal tradicional, la econom\u00eda circular propone mantener los materiales y productos en uso el mayor tiempo posible, reduciendo residuos, fomentando el reciclaje y regenerando los sistemas naturales.<\/p>\n\n\n\n<p>Los D\u00edas Internacionales funcionan como plataformas ideales para explicar este concepto de forma accesible, mostrar casos de \u00e9xito y promover su adopci\u00f3n a escala local y global. Desde campa\u00f1as de separaci\u00f3n de residuos hasta pol\u00edticas de responsabilidad extendida del productor, muchas de estas iniciativas se lanzan o refuerzan en fechas clave del calendario de la ONU.<\/p>\n\n\n\n<p>Adem\u00e1s, la econom\u00eda circular no es solo una soluci\u00f3n ambiental, sino tambi\u00e9n econ\u00f3mica y social. Genera empleo verde, reduce costos, mejora la eficiencia de los recursos y fortalece la resiliencia de las comunidades frente a las crisis clim\u00e1ticas y econ\u00f3micas.<\/p>\n\n\n\n<p><strong>El rol del reciclaje en la sensibilizaci\u00f3n global<\/strong><\/p>\n\n\n\n<p>El <strong>reciclaje<\/strong> es uno de los conceptos m\u00e1s comprendidos por la ciudadan\u00eda y, por eso, suele ser la puerta de entrada a debates m\u00e1s complejos sobre sostenibilidad. Los D\u00edas Internacionales permiten amplificar mensajes claros: separar residuos, reducir el consumo, reutilizar materiales y apoyar sistemas de gesti\u00f3n responsable.<\/p>\n\n\n\n<p>A trav\u00e9s de campa\u00f1as educativas, materiales audiovisuales, informes y acciones comunitarias, la ONU logra que millones de personas se involucren activamente. Las cifras de visitas a contenidos digitales y la interacci\u00f3n en redes sociales demuestran que estas fechas tienen un impacto real en la percepci\u00f3n p\u00fablica.<\/p>\n\n\n\n<p>Sin embargo, el desaf\u00edo sigue siendo pasar del gesto simb\u00f3lico a la acci\u00f3n sostenida. Aqu\u00ed es donde los medios, las organizaciones ambientales y los gobiernos juegan un rol clave para transformar la sensibilizaci\u00f3n en pol\u00edticas p\u00fablicas y h\u00e1bitos cotidianos.<\/p>\n\n\n\n<p><strong>Medir el impacto: m\u00e1s all\u00e1 de las redes sociales<\/strong><\/p>\n\n\n\n<p>Uno de los aspectos menos conocidos es c\u00f3mo la ONU mide el impacto de los D\u00edas Internacionales. M\u00e1s all\u00e1 de las menciones en redes sociales, se analizan indicadores como la adopci\u00f3n de pol\u00edticas ambientales, el aumento de programas de reciclaje, la firma de acuerdos internacionales y la implementaci\u00f3n de leyes vinculadas a la econom\u00eda circular.<\/p>\n\n\n\n<p>Por ejemplo, muchas resoluciones utilizan estas fechas para invitar a los Estados a ratificar tratados ambientales, como acuerdos sobre biodiversidad, gesti\u00f3n de residuos peligrosos o reducci\u00f3n de emisiones contaminantes.<\/p>\n\n\n\n<p>Esto demuestra que los D\u00edas Internacionales no son solo campa\u00f1as de comunicaci\u00f3n, sino instrumentos pol\u00edticos con efectos concretos en la gobernanza ambiental global.<\/p>\n\n\n\n<p><strong>Educaci\u00f3n ambiental y cambio cultural: el verdadero legado de estas fechas<\/strong><\/p>\n\n\n\n<p>Uno de los impactos m\u00e1s profundos de los D\u00edas Internacionales se da en el \u00e1mbito educativo. Escuelas, universidades y organizaciones utilizan estas fechas para trabajar contenidos vinculados al reciclaje, la sostenibilidad y la econom\u00eda circular.<\/p>\n\n\n\n<p>La educaci\u00f3n ambiental es clave para generar un cambio cultural duradero. Entender por qu\u00e9 reciclamos, c\u00f3mo se gestionan los residuos y qu\u00e9 impacto tienen nuestras decisiones de consumo permite formar ciudadanos cr\u00edticos y comprometidos.<\/p>\n\n\n\n<p>En este sentido, los D\u00edas Internacionales act\u00faan como catalizadores de procesos educativos que van mucho m\u00e1s all\u00e1 de una jornada conmemorativa.<\/p>\n\n\n\n<p><strong>Multiling\u00fcismo, diversidad cultural y sostenibilidad global<\/strong><\/p>\n\n\n\n<p>La ONU tambi\u00e9n promueve el <strong>multiling\u00fcismo<\/strong> como parte de su estrategia de inclusi\u00f3n. Los d\u00edas dedicados a los idiomas oficiales refuerzan la idea de que la sostenibilidad debe comunicarse de forma accesible, respetando la diversidad cultural.<\/p>\n\n\n\n<p>La econom\u00eda circular y el reciclaje no pueden imponerse desde una sola visi\u00f3n. Necesitan adaptarse a los contextos locales, respetar saberes tradicionales y dialogar con distintas culturas. El enfoque multiling\u00fce fortalece la legitimidad y el alcance de los mensajes ambientales.<\/p>\n\n\n\n<p><strong>\u00bfPor qu\u00e9 estos d\u00edas importan m\u00e1s que nunca?<\/strong><\/p>\n\n\n\n<p>En un planeta que genera millones de toneladas de residuos cada a\u00f1o y enfrenta l\u00edmites ecol\u00f3gicos cada vez m\u00e1s evidentes, los D\u00edas Internacionales de la ONU son una oportunidad para repensar nuestro modelo de desarrollo.<\/p>\n\n\n\n<p>No se trata solo de recordar una fecha, sino de aprovecharla como punto de partida para acciones concretas: pol\u00edticas de reciclaje, inversiones en econom\u00eda circular, educaci\u00f3n ambiental y participaci\u00f3n ciudadana.<\/p>\n\n\n\n<p>El verdadero desaf\u00edo es transformar la sensibilizaci\u00f3n en compromiso sostenido. Y para eso, la informaci\u00f3n clara, contextualizada y humanizada es fundamental.<\/p>\n\n\n\n<p><strong>Un llamado a la acci\u00f3n: del calendario a la vida cotidiana<\/strong><\/p>\n\n\n\n<p>Los D\u00edas Internacionales nos recuerdan que el cambio empieza en lo cotidiano. Separar residuos, reducir el consumo, apoyar iniciativas locales de reciclaje y exigir pol\u00edticas p\u00fablicas sostenibles son acciones concretas que conectan directamente con la agenda de la ONU.<\/p>\n\n\n\n<p>La econom\u00eda circular no es una utop\u00eda: es una necesidad. Y los D\u00edas Internacionales son una invitaci\u00f3n permanente a construir un futuro m\u00e1s justo, resiliente y respetuoso con el ambiente.<br><\/p>\n\n\n\n<p><\/p>\n\n\n\n<p><\/p>\n\n\n\n<p><\/p>\n\n\n\n<div style=\"height:100px\" aria-hidden=\"true\" class=\"wp-block-spacer\"><\/div>\n\n\n\n<div style=\"height:100px\" aria-hidden=\"true\" class=\"wp-block-spacer\"><\/div>\n\n\n\n<p><\/p>\n\n\n\n<p><\/p>\n\n\n\n<p><\/p>\n","protected":false},"excerpt":{"rendered":"","protected":false},"author":2,"featured_media":81636,"comment_status":"open","ping_status":"open","sticky":false,"template":"","format":"standard","meta":{"site-sidebar-layout":"default","site-content-layout":"","ast-site-content-layout":"default","site-content-style":"default","site-sidebar-style":"default","ast-global-header-display":"","ast-banner-title-visibility":"","ast-main-header-display":"","ast-hfb-above-header-display":"","ast-hfb-below-header-display":"","ast-hfb-mobile-header-display":"","site-post-title":"","ast-breadcrumbs-content":"","ast-featured-img":"","footer-sml-layout":"","ast-disable-related-posts":"","theme-transparent-header-meta":"","adv-header-id-meta":"","stick-header-meta":"","header-above-stick-meta":"","header-main-stick-meta":"","header-below-stick-meta":"","astra-migrate-meta-layouts":"default","ast-page-background-enabled":"default","ast-page-background-meta":{"desktop":{"background-color":"var(--ast-global-color-5)","background-image":"","background-repeat":"repeat","background-position":"center center","background-size":"auto","background-attachment":"scroll","background-type":"","background-media":"","overlay-type":"","overlay-color":"","overlay-opacity":"","overlay-gradient":""},"tablet":{"background-color":"","background-image":"","background-repeat":"repeat","background-position":"center center","background-size":"auto","background-attachment":"scroll","background-type":"","background-media":"","overlay-type":"","overlay-color":"","overlay-opacity":"","overlay-gradient":""},"mobile":{"background-color":"","background-image":"","background-repeat":"repeat","background-position":"center center","background-size":"auto","background-attachment":"scroll","background-type":"","background-media":"","overlay-type":"","overlay-color":"","overlay-opacity":"","overlay-gradient":""}},"ast-content-background-meta":{"desktop":{"background-color":"var(--ast-global-color-4)","background-image":"","background-repeat":"repeat","background-position":"center center","background-size":"auto","background-attachment":"scroll","background-type":"","background-media":"","overlay-type":"","overlay-color":"","overlay-opacity":"","overlay-gradient":""},"tablet":{"background-color":"var(--ast-global-color-4)","background-image":"","background-repeat":"repeat","background-position":"center center","background-size":"auto","background-attachment":"scroll","background-type":"","background-media":"","overlay-type":"","overlay-color":"","overlay-opacity":"","overlay-gradient":""},"mobile":{"background-color":"var(--ast-global-color-4)","background-image":"","background-repeat":"repeat","background-position":"center center","background-size":"auto","background-attachment":"scroll","background-type":"","background-media":"","overlay-type":"","overlay-color":"","overlay-opacity":"","overlay-gradient":""}},"footnotes":""},"categories":[12,1],"tags":[],"class_list":["post-81635","post","type-post","status-publish","format-standard","has-post-thumbnail","hentry","category-agenda-ambiental","category-noticias"],"yoast_head":"<!-- This site is optimized with the Yoast SEO Premium plugin v23.0 (Yoast SEO v27.5) - https:\/\/yoast.com\/product\/yoast-seo-premium-wordpress\/ -->\n<title>D\u00edas Internacionales de la ONU: el motor global que impulsa el reciclaje, la econom\u00eda circular y un futuro sostenible Cada a\u00f1o, casi sin darnos cuenta, el calendario de las Naciones Unidas se llena de fechas que parecen simb\u00f3licas<\/title>\n<meta name=\"description\" content=\"Cada a\u00f1o, casi sin darnos cuenta, el calendario de las Naciones Unidas se llena de fechas que parecen simb\u00f3licas\" \/>\n<meta name=\"robots\" content=\"index, follow, max-snippet:-1, max-image-preview:large, max-video-preview:-1\" \/>\n<link rel=\"canonical\" href=\"https:\/\/patagoniambiental.com.ar\/info\/dias-internacionales-naciones-unidas\/\" \/>\n<meta property=\"og:locale\" content=\"es_ES\" \/>\n<meta property=\"og:type\" content=\"article\" \/>\n<meta property=\"og:title\" content=\"D\u00edas Internacionales de la ONU: el motor global que impulsa el reciclaje, la econom\u00eda circular y un futuro sostenible\" \/>\n<meta property=\"og:description\" content=\"Cada a\u00f1o, casi sin darnos cuenta, el calendario de las Naciones Unidas se llena de fechas que parecen simb\u00f3licas\" \/>\n<meta property=\"og:url\" content=\"https:\/\/patagoniambiental.com.ar\/info\/dias-internacionales-naciones-unidas\/\" \/>\n<meta property=\"og:site_name\" content=\"Patagonia Ambiental\" \/>\n<meta property=\"article:publisher\" content=\"https:\/\/www.facebook.com\/patagonia.ambiental\" \/>\n<meta property=\"article:author\" content=\"https:\/\/www.facebook.com\/share\/1C1V8Gv9BX\/?mibextid=qi2Omg\" \/>\n<meta property=\"article:published_time\" content=\"2026-04-01T10:00:00+00:00\" \/>\n<meta property=\"article:modified_time\" content=\"2026-04-02T13:39:05+00:00\" \/>\n<meta property=\"og:image\" content=\"https:\/\/patagoniambiental.com.ar\/info\/wp-content\/uploads\/2024\/04\/earth_3_option-1.png\" \/>\n\t<meta property=\"og:image:width\" content=\"1350\" \/>\n\t<meta property=\"og:image:height\" content=\"500\" \/>\n\t<meta property=\"og:image:type\" content=\"image\/png\" \/>\n<meta name=\"author\" content=\"Patagonia Ambiental\" \/>\n<meta name=\"twitter:card\" content=\"summary_large_image\" \/>\n<meta name=\"twitter:creator\" content=\"@PatAmb\" \/>\n<meta name=\"twitter:site\" content=\"@PatAmb\" \/>\n<script type=\"application\/ld+json\" class=\"yoast-schema-graph\">{\"@context\":\"https:\\\/\\\/schema.org\",\"@graph\":[{\"@type\":\"Article\",\"@id\":\"https:\\\/\\\/patagoniambiental.com.ar\\\/info\\\/dias-internacionales-naciones-unidas\\\/#article\",\"isPartOf\":{\"@id\":\"https:\\\/\\\/patagoniambiental.com.ar\\\/info\\\/dias-internacionales-naciones-unidas\\\/\"},\"author\":{\"name\":\"Patagonia Ambiental\",\"@id\":\"https:\\\/\\\/patagoniambiental.com.ar\\\/info\\\/#\\\/schema\\\/person\\\/db12bff64bbcbf6a253710bf0ea37b5d\"},\"headline\":\"D\u00edas Internacionales de la ONU: el motor global que impulsa el reciclaje, la econom\u00eda circular y un futuro sostenible\",\"datePublished\":\"2026-04-01T10:00:00+00:00\",\"dateModified\":\"2026-04-02T13:39:05+00:00\",\"mainEntityOfPage\":{\"@id\":\"https:\\\/\\\/patagoniambiental.com.ar\\\/info\\\/dias-internacionales-naciones-unidas\\\/\"},\"wordCount\":1645,\"commentCount\":0,\"publisher\":{\"@id\":\"https:\\\/\\\/patagoniambiental.com.ar\\\/info\\\/#organization\"},\"image\":{\"@id\":\"https:\\\/\\\/patagoniambiental.com.ar\\\/info\\\/dias-internacionales-naciones-unidas\\\/#primaryimage\"},\"thumbnailUrl\":\"https:\\\/\\\/patagoniambiental.com.ar\\\/info\\\/wp-content\\\/uploads\\\/2024\\\/04\\\/earth_3_option-1.png\",\"articleSection\":[\"Agenda Ambiental\",\"Noticias\"],\"inLanguage\":\"es\",\"potentialAction\":[{\"@type\":\"CommentAction\",\"name\":\"Comment\",\"target\":[\"https:\\\/\\\/patagoniambiental.com.ar\\\/info\\\/dias-internacionales-naciones-unidas\\\/#respond\"]}]},{\"@type\":\"WebPage\",\"@id\":\"https:\\\/\\\/patagoniambiental.com.ar\\\/info\\\/dias-internacionales-naciones-unidas\\\/\",\"url\":\"https:\\\/\\\/patagoniambiental.com.ar\\\/info\\\/dias-internacionales-naciones-unidas\\\/\",\"name\":\"D\u00edas Internacionales de la ONU: el motor global que impulsa el reciclaje, la econom\u00eda circular y un futuro sostenible Cada a\u00f1o, casi sin darnos cuenta, el calendario de las Naciones Unidas se llena de fechas que parecen simb\u00f3licas\",\"isPartOf\":{\"@id\":\"https:\\\/\\\/patagoniambiental.com.ar\\\/info\\\/#website\"},\"primaryImageOfPage\":{\"@id\":\"https:\\\/\\\/patagoniambiental.com.ar\\\/info\\\/dias-internacionales-naciones-unidas\\\/#primaryimage\"},\"image\":{\"@id\":\"https:\\\/\\\/patagoniambiental.com.ar\\\/info\\\/dias-internacionales-naciones-unidas\\\/#primaryimage\"},\"thumbnailUrl\":\"https:\\\/\\\/patagoniambiental.com.ar\\\/info\\\/wp-content\\\/uploads\\\/2024\\\/04\\\/earth_3_option-1.png\",\"datePublished\":\"2026-04-01T10:00:00+00:00\",\"dateModified\":\"2026-04-02T13:39:05+00:00\",\"description\":\"Cada a\u00f1o, casi sin darnos cuenta, el calendario de las Naciones Unidas se llena de fechas que parecen simb\u00f3licas\",\"breadcrumb\":{\"@id\":\"https:\\\/\\\/patagoniambiental.com.ar\\\/info\\\/dias-internacionales-naciones-unidas\\\/#breadcrumb\"},\"inLanguage\":\"es\",\"potentialAction\":[{\"@type\":\"ReadAction\",\"target\":[\"https:\\\/\\\/patagoniambiental.com.ar\\\/info\\\/dias-internacionales-naciones-unidas\\\/\"]}]},{\"@type\":\"ImageObject\",\"inLanguage\":\"es\",\"@id\":\"https:\\\/\\\/patagoniambiental.com.ar\\\/info\\\/dias-internacionales-naciones-unidas\\\/#primaryimage\",\"url\":\"https:\\\/\\\/patagoniambiental.com.ar\\\/info\\\/wp-content\\\/uploads\\\/2024\\\/04\\\/earth_3_option-1.png\",\"contentUrl\":\"https:\\\/\\\/patagoniambiental.com.ar\\\/info\\\/wp-content\\\/uploads\\\/2024\\\/04\\\/earth_3_option-1.png\",\"width\":1350,\"height\":500},{\"@type\":\"BreadcrumbList\",\"@id\":\"https:\\\/\\\/patagoniambiental.com.ar\\\/info\\\/dias-internacionales-naciones-unidas\\\/#breadcrumb\",\"itemListElement\":[{\"@type\":\"ListItem\",\"position\":1,\"name\":\"Inicio\",\"item\":\"https:\\\/\\\/patagoniambiental.com.ar\\\/info\\\/\"},{\"@type\":\"ListItem\",\"position\":2,\"name\":\"D\u00edas Internacionales de la ONU: el motor global que impulsa el reciclaje, la econom\u00eda circular y un futuro sostenible\"}]},{\"@type\":\"WebSite\",\"@id\":\"https:\\\/\\\/patagoniambiental.com.ar\\\/info\\\/#website\",\"url\":\"https:\\\/\\\/patagoniambiental.com.ar\\\/info\\\/\",\"name\":\"Patagonia Ambiental\",\"description\":\"Monitoreo y an\u00e1lisis de la situaci\u00f3n geopol\u00edtica en el mundo y su implicancia en la Patagonia\",\"publisher\":{\"@id\":\"https:\\\/\\\/patagoniambiental.com.ar\\\/info\\\/#organization\"},\"potentialAction\":[{\"@type\":\"SearchAction\",\"target\":{\"@type\":\"EntryPoint\",\"urlTemplate\":\"https:\\\/\\\/patagoniambiental.com.ar\\\/info\\\/?s={search_term_string}\"},\"query-input\":{\"@type\":\"PropertyValueSpecification\",\"valueRequired\":true,\"valueName\":\"search_term_string\"}}],\"inLanguage\":\"es\"},{\"@type\":\"Organization\",\"@id\":\"https:\\\/\\\/patagoniambiental.com.ar\\\/info\\\/#organization\",\"name\":\"Patagonia Ambiental\",\"url\":\"https:\\\/\\\/patagoniambiental.com.ar\\\/info\\\/\",\"logo\":{\"@type\":\"ImageObject\",\"inLanguage\":\"es\",\"@id\":\"https:\\\/\\\/patagoniambiental.com.ar\\\/info\\\/#\\\/schema\\\/logo\\\/image\\\/\",\"url\":\"https:\\\/\\\/patagoniambiental.com.ar\\\/info\\\/wp-content\\\/uploads\\\/2025\\\/05\\\/LOGO-PATAGONIA-AMBIENTAL.png\",\"contentUrl\":\"https:\\\/\\\/patagoniambiental.com.ar\\\/info\\\/wp-content\\\/uploads\\\/2025\\\/05\\\/LOGO-PATAGONIA-AMBIENTAL.png\",\"width\":433,\"height\":250,\"caption\":\"Patagonia Ambiental\"},\"image\":{\"@id\":\"https:\\\/\\\/patagoniambiental.com.ar\\\/info\\\/#\\\/schema\\\/logo\\\/image\\\/\"},\"sameAs\":[\"https:\\\/\\\/www.facebook.com\\\/patagonia.ambiental\",\"https:\\\/\\\/x.com\\\/PatAmb\"]},{\"@type\":\"Person\",\"@id\":\"https:\\\/\\\/patagoniambiental.com.ar\\\/info\\\/#\\\/schema\\\/person\\\/db12bff64bbcbf6a253710bf0ea37b5d\",\"name\":\"Patagonia Ambiental\",\"description\":\"Andr\u00e9s Nievas T\u00e9cnico en manejo ambiental, consultor Ambiental y escritor para medios locales e internacionales sobre temas de geopolitica y medio ambiente.\",\"sameAs\":[\"http:\\\/\\\/www.patagoniambiental.com.ar\",\"https:\\\/\\\/www.facebook.com\\\/share\\\/1C1V8Gv9BX\\\/?mibextid=qi2Omg\",\"@patagoniambiental\",\"https:\\\/\\\/youtube.com\\\/@patagoniaambiental2023?si=BLt58t0wuXquxlYZ\"]}]}<\/script>\n<!-- \/ Yoast SEO Premium plugin. -->","yoast_head_json":{"title":"D\u00edas Internacionales de la ONU: el motor global que impulsa el reciclaje, la econom\u00eda circular y un futuro sostenible Cada a\u00f1o, casi sin darnos cuenta, el calendario de las Naciones Unidas se llena de fechas que parecen simb\u00f3licas","description":"Cada a\u00f1o, casi sin darnos cuenta, el calendario de las Naciones Unidas se llena de fechas que parecen simb\u00f3licas","robots":{"index":"index","follow":"follow","max-snippet":"max-snippet:-1","max-image-preview":"max-image-preview:large","max-video-preview":"max-video-preview:-1"},"canonical":"https:\/\/patagoniambiental.com.ar\/info\/dias-internacionales-naciones-unidas\/","og_locale":"es_ES","og_type":"article","og_title":"D\u00edas Internacionales de la ONU: el motor global que impulsa el reciclaje, la econom\u00eda circular y un futuro sostenible","og_description":"Cada a\u00f1o, casi sin darnos cuenta, el calendario de las Naciones Unidas se llena de fechas que parecen simb\u00f3licas","og_url":"https:\/\/patagoniambiental.com.ar\/info\/dias-internacionales-naciones-unidas\/","og_site_name":"Patagonia Ambiental","article_publisher":"https:\/\/www.facebook.com\/patagonia.ambiental","article_author":"https:\/\/www.facebook.com\/share\/1C1V8Gv9BX\/?mibextid=qi2Omg","article_published_time":"2026-04-01T10:00:00+00:00","article_modified_time":"2026-04-02T13:39:05+00:00","og_image":[{"width":1350,"height":500,"url":"https:\/\/patagoniambiental.com.ar\/info\/wp-content\/uploads\/2024\/04\/earth_3_option-1.png","type":"image\/png"}],"author":"Patagonia Ambiental","twitter_card":"summary_large_image","twitter_creator":"@PatAmb","twitter_site":"@PatAmb","schema":{"@context":"https:\/\/schema.org","@graph":[{"@type":"Article","@id":"https:\/\/patagoniambiental.com.ar\/info\/dias-internacionales-naciones-unidas\/#article","isPartOf":{"@id":"https:\/\/patagoniambiental.com.ar\/info\/dias-internacionales-naciones-unidas\/"},"author":{"name":"Patagonia Ambiental","@id":"https:\/\/patagoniambiental.com.ar\/info\/#\/schema\/person\/db12bff64bbcbf6a253710bf0ea37b5d"},"headline":"D\u00edas Internacionales de la ONU: el motor global que impulsa el reciclaje, la econom\u00eda circular y un futuro sostenible","datePublished":"2026-04-01T10:00:00+00:00","dateModified":"2026-04-02T13:39:05+00:00","mainEntityOfPage":{"@id":"https:\/\/patagoniambiental.com.ar\/info\/dias-internacionales-naciones-unidas\/"},"wordCount":1645,"commentCount":0,"publisher":{"@id":"https:\/\/patagoniambiental.com.ar\/info\/#organization"},"image":{"@id":"https:\/\/patagoniambiental.com.ar\/info\/dias-internacionales-naciones-unidas\/#primaryimage"},"thumbnailUrl":"https:\/\/patagoniambiental.com.ar\/info\/wp-content\/uploads\/2024\/04\/earth_3_option-1.png","articleSection":["Agenda Ambiental","Noticias"],"inLanguage":"es","potentialAction":[{"@type":"CommentAction","name":"Comment","target":["https:\/\/patagoniambiental.com.ar\/info\/dias-internacionales-naciones-unidas\/#respond"]}]},{"@type":"WebPage","@id":"https:\/\/patagoniambiental.com.ar\/info\/dias-internacionales-naciones-unidas\/","url":"https:\/\/patagoniambiental.com.ar\/info\/dias-internacionales-naciones-unidas\/","name":"D\u00edas Internacionales de la ONU: el motor global que impulsa el reciclaje, la econom\u00eda circular y un futuro sostenible Cada a\u00f1o, casi sin darnos cuenta, el calendario de las Naciones Unidas se llena de fechas que parecen simb\u00f3licas","isPartOf":{"@id":"https:\/\/patagoniambiental.com.ar\/info\/#website"},"primaryImageOfPage":{"@id":"https:\/\/patagoniambiental.com.ar\/info\/dias-internacionales-naciones-unidas\/#primaryimage"},"image":{"@id":"https:\/\/patagoniambiental.com.ar\/info\/dias-internacionales-naciones-unidas\/#primaryimage"},"thumbnailUrl":"https:\/\/patagoniambiental.com.ar\/info\/wp-content\/uploads\/2024\/04\/earth_3_option-1.png","datePublished":"2026-04-01T10:00:00+00:00","dateModified":"2026-04-02T13:39:05+00:00","description":"Cada a\u00f1o, casi sin darnos cuenta, el calendario de las Naciones Unidas se llena de fechas que parecen simb\u00f3licas","breadcrumb":{"@id":"https:\/\/patagoniambiental.com.ar\/info\/dias-internacionales-naciones-unidas\/#breadcrumb"},"inLanguage":"es","potentialAction":[{"@type":"ReadAction","target":["https:\/\/patagoniambiental.com.ar\/info\/dias-internacionales-naciones-unidas\/"]}]},{"@type":"ImageObject","inLanguage":"es","@id":"https:\/\/patagoniambiental.com.ar\/info\/dias-internacionales-naciones-unidas\/#primaryimage","url":"https:\/\/patagoniambiental.com.ar\/info\/wp-content\/uploads\/2024\/04\/earth_3_option-1.png","contentUrl":"https:\/\/patagoniambiental.com.ar\/info\/wp-content\/uploads\/2024\/04\/earth_3_option-1.png","width":1350,"height":500},{"@type":"BreadcrumbList","@id":"https:\/\/patagoniambiental.com.ar\/info\/dias-internacionales-naciones-unidas\/#breadcrumb","itemListElement":[{"@type":"ListItem","position":1,"name":"Inicio","item":"https:\/\/patagoniambiental.com.ar\/info\/"},{"@type":"ListItem","position":2,"name":"D\u00edas Internacionales de la ONU: el motor global que impulsa el reciclaje, la econom\u00eda circular y un futuro sostenible"}]},{"@type":"WebSite","@id":"https:\/\/patagoniambiental.com.ar\/info\/#website","url":"https:\/\/patagoniambiental.com.ar\/info\/","name":"Patagonia Ambiental","description":"Monitoreo y an\u00e1lisis de la situaci\u00f3n geopol\u00edtica en el mundo y su implicancia en la Patagonia","publisher":{"@id":"https:\/\/patagoniambiental.com.ar\/info\/#organization"},"potentialAction":[{"@type":"SearchAction","target":{"@type":"EntryPoint","urlTemplate":"https:\/\/patagoniambiental.com.ar\/info\/?s={search_term_string}"},"query-input":{"@type":"PropertyValueSpecification","valueRequired":true,"valueName":"search_term_string"}}],"inLanguage":"es"},{"@type":"Organization","@id":"https:\/\/patagoniambiental.com.ar\/info\/#organization","name":"Patagonia Ambiental","url":"https:\/\/patagoniambiental.com.ar\/info\/","logo":{"@type":"ImageObject","inLanguage":"es","@id":"https:\/\/patagoniambiental.com.ar\/info\/#\/schema\/logo\/image\/","url":"https:\/\/patagoniambiental.com.ar\/info\/wp-content\/uploads\/2025\/05\/LOGO-PATAGONIA-AMBIENTAL.png","contentUrl":"https:\/\/patagoniambiental.com.ar\/info\/wp-content\/uploads\/2025\/05\/LOGO-PATAGONIA-AMBIENTAL.png","width":433,"height":250,"caption":"Patagonia Ambiental"},"image":{"@id":"https:\/\/patagoniambiental.com.ar\/info\/#\/schema\/logo\/image\/"},"sameAs":["https:\/\/www.facebook.com\/patagonia.ambiental","https:\/\/x.com\/PatAmb"]},{"@type":"Person","@id":"https:\/\/patagoniambiental.com.ar\/info\/#\/schema\/person\/db12bff64bbcbf6a253710bf0ea37b5d","name":"Patagonia Ambiental","description":"Andr\u00e9s Nievas T\u00e9cnico en manejo ambiental, consultor Ambiental y escritor para medios locales e internacionales sobre temas de geopolitica y medio ambiente.","sameAs":["http:\/\/www.patagoniambiental.com.ar","https:\/\/www.facebook.com\/share\/1C1V8Gv9BX\/?mibextid=qi2Omg","@patagoniambiental","https:\/\/youtube.com\/@patagoniaambiental2023?si=BLt58t0wuXquxlYZ"]}]}},"_links":{"self":[{"href":"https:\/\/patagoniambiental.com.ar\/info\/wp-json\/wp\/v2\/posts\/81635","targetHints":{"allow":["GET"]}}],"collection":[{"href":"https:\/\/patagoniambiental.com.ar\/info\/wp-json\/wp\/v2\/posts"}],"about":[{"href":"https:\/\/patagoniambiental.com.ar\/info\/wp-json\/wp\/v2\/types\/post"}],"author":[{"embeddable":true,"href":"https:\/\/patagoniambiental.com.ar\/info\/wp-json\/wp\/v2\/users\/2"}],"replies":[{"embeddable":true,"href":"https:\/\/patagoniambiental.com.ar\/info\/wp-json\/wp\/v2\/comments?post=81635"}],"version-history":[{"count":1,"href":"https:\/\/patagoniambiental.com.ar\/info\/wp-json\/wp\/v2\/posts\/81635\/revisions"}],"predecessor-version":[{"id":100245,"href":"https:\/\/patagoniambiental.com.ar\/info\/wp-json\/wp\/v2\/posts\/81635\/revisions\/100245"}],"wp:featuredmedia":[{"embeddable":true,"href":"https:\/\/patagoniambiental.com.ar\/info\/wp-json\/wp\/v2\/media\/81636"}],"wp:attachment":[{"href":"https:\/\/patagoniambiental.com.ar\/info\/wp-json\/wp\/v2\/media?parent=81635"}],"wp:term":[{"taxonomy":"category","embeddable":true,"href":"https:\/\/patagoniambiental.com.ar\/info\/wp-json\/wp\/v2\/categories?post=81635"},{"taxonomy":"post_tag","embeddable":true,"href":"https:\/\/patagoniambiental.com.ar\/info\/wp-json\/wp\/v2\/tags?post=81635"}],"curies":[{"name":"wp","href":"https:\/\/api.w.org\/{rel}","templated":true}]}}