{"id":81638,"date":"2024-04-27T07:00:00","date_gmt":"2024-04-27T10:00:00","guid":{"rendered":"https:\/\/patagoniambiental.com.ar\/info\/?p=81638"},"modified":"2024-08-12T12:59:57","modified_gmt":"2024-08-12T15:59:57","slug":"27-de-abril-dia-internacional-para-la-conservacion-de-los-anfibios","status":"publish","type":"post","link":"https:\/\/patagoniambiental.com.ar\/info\/27-de-abril-dia-internacional-para-la-conservacion-de-los-anfibios\/","title":{"rendered":"27 de abril: D\u00eda Internacional para la conservaci\u00f3n de los anfibios"},"content":{"rendered":"\n<!--more-->\n\n\n\n<p>El 27 de abril se celebra el D\u00eda Internacional para la Conservaci\u00f3n de los Anfibios para concienciar sobre la importancia de proteger a estas especies, preservando sus h\u00e1bitats naturales y reduciendo sus principales amenazas.<\/p>\n\n\n\n<div style=\"height:100px\" aria-hidden=\"true\" class=\"wp-block-spacer\"><\/div>\n\n\n\n<h2 class=\"wp-block-heading\" id=\"h-por-que-se-celebra-este-dia\"><strong>\u00bfPor qu\u00e9 se celebra este d\u00eda?<\/strong><\/h2>\n\n\n\n<p>Si te has preguntado alguna vez por el papel de los anfibios en los ecosistemas terrestres y acu\u00e1ticos, hoy te sacamos de dudas. Los anfibios, como las ranas, sapos y salamandras, <strong>son aut\u00e9nticos indicadores de la salud ambiental y contribuyen a mantener el equilibrio ecol\u00f3gico<\/strong>, debido a su diversidad biol\u00f3gica y a las m\u00faltiples funciones que cumplen en los h\u00e1bitats naturales. Entre ellas, controlar poblaciones de insectos o servir de presas para otras especies. Adem\u00e1s, son indicadores tempranos de cambios ambientales y de contaminaci\u00f3n, alertando sobre posibles riesgos para otros organismos, incluyendo a los seres humanos.<\/p>\n\n\n\n<div style=\"height:100px\" aria-hidden=\"true\" class=\"wp-block-spacer\"><\/div>\n\n\n\n<h2 class=\"wp-block-heading\" id=\"h-donde-nace-esta-conmemoracion\"><strong>\u00bfD\u00f3nde nace esta conmemoraci\u00f3n?<\/strong><\/h2>\n\n\n\n<p>Una evaluaci\u00f3n global de los anfibios, realizada por la Uni\u00f3n Mundial para la Conservaci\u00f3n de la Naturaleza (UICN), dio a conocer que <a href=\"https:\/\/www.ngenespanol.com\/animales\/el-cambio-climatico-esta-acelerando-la-desaparicion-de-los-anfibios\/\"><strong>entre un tercio y la mitad de los anfibios se encuentran en peligro de extinci\u00f3n<\/strong><\/a><strong>. <\/strong>Por ello, se conmemora esta efem\u00e9ride anualmente desde el a\u00f1o 2008, cuando la UICN eligi\u00f3 el \u00faltimo s\u00e1bado del mes de abril como el D\u00eda Internacional para la Conservaci\u00f3n de los Anfibios.<\/p>\n\n\n\n<p>Este d\u00eda conmemorativo surge en respuesta a la creciente preocupaci\u00f3n por la disminuci\u00f3n de poblaciones de anfibios en todo el mundo debido a diversos factores:<\/p>\n\n\n\n<ul class=\"wp-block-list\">\n<li>La destrucci\u00f3n de h\u00e1bitats naturales<\/li>\n\n\n\n<li>La contaminaci\u00f3n del agua y el aire<\/li>\n\n\n\n<li>Las enfermedades emergentes, como el quitridiomicosis<\/li>\n\n\n\n<li>El cambio clim\u00e1tico<\/li>\n<\/ul>\n\n\n\n<p>En este sentido, es importante tener en cuenta que la p\u00e9rdida de anfibios no solo afecta a estas especies en s\u00ed, sino que tambi\u00e9n puede tener consecuencias negativas en cascada para otros organismos y para la estabilidad de los ecosistemas. Seg\u00fan <a href=\"https:\/\/savethefrogs.com\/es\/\" target=\"_blank\" rel=\"noreferrer noopener\">Save The Frogs!<\/a>, asociaci\u00f3n para la preservaci\u00f3n de las ranas, casi un tercio de las especies de anfibios del mundo est\u00e1n amenazadas de extinci\u00f3n.<\/p>\n\n\n\n<p><strong>Objetivos de conservaci\u00f3n y sostenibilidad: <\/strong>En l\u00ednea con la Agenda 2030 de Desarrollo Sostenible, el D\u00eda Internacional para la Conservaci\u00f3n de los Anfibios promueve acciones para proteger y restaurar los h\u00e1bitats acu\u00e1ticos y terrestres donde viven estas especies. El <strong>Objetivo de Desarrollo Sostenible n\u00famero 15, Vida de Ecosistemas Terrestres<\/strong>, subraya la importancia de conservar la biodiversidad y asegurar el uso sostenible de los recursos naturales.<\/p>\n\n\n\n<div style=\"height:100px\" aria-hidden=\"true\" class=\"wp-block-spacer\"><\/div>\n\n\n\n<h2 class=\"wp-block-heading\" id=\"h-eventos-internacionales-mas-destacados-de-este-dia\"><strong>Eventos internacionales m\u00e1s destacados de este d\u00eda<\/strong><\/h2>\n\n\n\n<p>Existen entidades muy comprometidas con la defensa y preservaci\u00f3n de los anfibios. Destaca, por ejemplo, la labor de la asociaci\u00f3n Save The Frogs! Fundada por el ecologista Kerry Kriger, se trata de una entidad de car\u00e1cter internacional formada por cient\u00edficos, educadores, formuladores de pol\u00edticas y naturalistas. En Espa\u00f1a, existen tambi\u00e9n entidades trabajando en este objetivo, como la Red Cambera en Cantabria, que ha desarrollado acciones para la <a href=\"https:\/\/redcambera.org\/informe-de-actuaciones-de-voluntariado-para-la-mejora-de-los-puntos-de-reproduccion-de-anfibios-en-el-parque-natural-saja-besaya-cantabria\/\">mejora de los anfibios en el Parque Natural Saja-Besaya <\/a>o WWF Espa\u00f1a con las <a href=\"http:\/\/awsassets.wwf.es\/downloads\/iniciativas_para_anfibios_1.pdf\">acciones de sensibilizaci\u00f3n y conservaci\u00f3n de anfibios en Espa\u00f1a<\/a>.<\/p>\n\n\n\n<p>Adem\u00e1s, hay proyectos destacados en busca de la preservaci\u00f3n de anfibios aut\u00f3ctonos como <a href=\"https:\/\/bdb.gva.es\/documents\/164684863\/167273957\/Expo+Life+Anfibios.pdf\/788a301a-dd44-4009-a701-e3ef16dff4a4?t=1545296243519\">LIFE Anfibios<\/a> en Espa\u00f1a o <a href=\"http:\/\/amphibianrescue.org\/es\/\">Amphibian Rescue and Conservation Project<\/a> en Panam\u00e1<\/p>\n\n\n\n<div style=\"height:100px\" aria-hidden=\"true\" class=\"wp-block-spacer\"><\/div>\n\n\n\n<h2 class=\"wp-block-heading\" id=\"h-verdes-digitales-y-la-conservacion-de-anfibios\"><strong>Verdes Digitales y la conservaci\u00f3n de anfibios<\/strong><\/h2>\n\n\n\n<p>Desde Verdes Digitales hemos colaborado con entidades o proyectos muy vinculados a esta l\u00ednea de preservaci\u00f3n de especies y h\u00e1bitats asociados. Ejemplo de ello es la Fundaci\u00f3n FIRE, dedica a restauraci\u00f3n de espacios degradados, para la que hemos desarrollado una completa estrategia de marketing digital, as\u00ed como el <a href=\"https:\/\/verdesdigitales.com\/2023\/07\/12\/campos-vida-rebranding\/\">dise\u00f1o de marca<\/a> de su proyecto Campos de Vida.<\/p>\n\n\n\n<p>Pero tambi\u00e9n hemos desarrollado labores de social media y community management para asociaciones muy enfocadas en preservaci\u00f3n medioambiental, como Fundaci\u00f3n Global Nature, o en proyecto que abogan por el respeto y conservaci\u00f3n de la biodiversidad y la mejora de ecosistemas, como <a href=\"https:\/\/verdesdigitales.com\/2019\/07\/22\/damos-vida-y-color-a-por-otra-pac-una-nueva-politica-mas-justa-y-respetuosa-con-el-medio-ambiente\/\">Por Otra PAC.<\/a><\/p>\n\n\n\n<p>Fuente: <a href=\"https:\/\/verdesdigitales.com\/efemerides-ambientales\/27-abril-dia-internacional-conservacion-anfibios\/\">verdesdigitales.com<\/a><\/p>\n","protected":false},"excerpt":{"rendered":"","protected":false},"author":2,"featured_media":81639,"comment_status":"open","ping_status":"open","sticky":false,"template":"","format":"standard","meta":{"site-sidebar-layout":"default","site-content-layout":"","ast-site-content-layout":"default","site-content-style":"default","site-sidebar-style":"default","ast-global-header-display":"","ast-banner-title-visibility":"","ast-main-header-display":"","ast-hfb-above-header-display":"","ast-hfb-below-header-display":"","ast-hfb-mobile-header-display":"","site-post-title":"","ast-breadcrumbs-content":"","ast-featured-img":"","footer-sml-layout":"","ast-disable-related-posts":"","theme-transparent-header-meta":"","adv-header-id-meta":"","stick-header-meta":"","header-above-stick-meta":"","header-main-stick-meta":"","header-below-stick-meta":"","astra-migrate-meta-layouts":"default","ast-page-background-enabled":"default","ast-page-background-meta":{"desktop":{"background-color":"var(--ast-global-color-5)","background-image":"","background-repeat":"repeat","background-position":"center center","background-size":"auto","background-attachment":"scroll","background-type":"","background-media":"","overlay-type":"","overlay-color":"","overlay-opacity":"","overlay-gradient":""},"tablet":{"background-color":"","background-image":"","background-repeat":"repeat","background-position":"center center","background-size":"auto","background-attachment":"scroll","background-type":"","background-media":"","overlay-type":"","overlay-color":"","overlay-opacity":"","overlay-gradient":""},"mobile":{"background-color":"","background-image":"","background-repeat":"repeat","background-position":"center center","background-size":"auto","background-attachment":"scroll","background-type":"","background-media":"","overlay-type":"","overlay-color":"","overlay-opacity":"","overlay-gradient":""}},"ast-content-background-meta":{"desktop":{"background-color":"var(--ast-global-color-4)","background-image":"","background-repeat":"repeat","background-position":"center center","background-size":"auto","background-attachment":"scroll","background-type":"","background-media":"","overlay-type":"","overlay-color":"","overlay-opacity":"","overlay-gradient":""},"tablet":{"background-color":"var(--ast-global-color-4)","background-image":"","background-repeat":"repeat","background-position":"center center","background-size":"auto","background-attachment":"scroll","background-type":"","background-media":"","overlay-type":"","overlay-color":"","overlay-opacity":"","overlay-gradient":""},"mobile":{"background-color":"var(--ast-global-color-4)","background-image":"","background-repeat":"repeat","background-position":"center center","background-size":"auto","background-attachment":"scroll","background-type":"","background-media":"","overlay-type":"","overlay-color":"","overlay-opacity":"","overlay-gradient":""}},"footnotes":""},"categories":[12,11,23],"tags":[],"class_list":["post-81638","post","type-post","status-publish","format-standard","has-post-thumbnail","hentry","category-agenda-ambiental","category-boletin","category-internacionales"],"yoast_head":"<!-- This site is optimized with the Yoast SEO Premium plugin v23.0 (Yoast SEO v27.5) - https:\/\/yoast.com\/product\/yoast-seo-premium-wordpress\/ -->\n<title>27 de abril: D\u00eda Internacional para la conservaci\u00f3n de los anfibios<\/title>\n<meta name=\"robots\" content=\"index, follow, max-snippet:-1, max-image-preview:large, max-video-preview:-1\" \/>\n<link rel=\"canonical\" href=\"https:\/\/patagoniambiental.com.ar\/info\/27-de-abril-dia-internacional-para-la-conservacion-de-los-anfibios\/\" \/>\n<meta property=\"og:locale\" content=\"es_ES\" \/>\n<meta property=\"og:type\" content=\"article\" \/>\n<meta property=\"og:title\" content=\"27 de abril: D\u00eda Internacional para la conservaci\u00f3n de los anfibios\" \/>\n<meta property=\"og:url\" content=\"https:\/\/patagoniambiental.com.ar\/info\/27-de-abril-dia-internacional-para-la-conservacion-de-los-anfibios\/\" \/>\n<meta property=\"og:site_name\" content=\"Patagonia Ambiental\" \/>\n<meta property=\"article:publisher\" content=\"https:\/\/www.facebook.com\/patagonia.ambiental\" \/>\n<meta property=\"article:author\" content=\"https:\/\/www.facebook.com\/share\/1C1V8Gv9BX\/?mibextid=qi2Omg\" \/>\n<meta property=\"article:published_time\" content=\"2024-04-27T10:00:00+00:00\" \/>\n<meta property=\"article:modified_time\" content=\"2024-08-12T15:59:57+00:00\" \/>\n<meta property=\"og:image\" content=\"https:\/\/patagoniambiental.com.ar\/info\/wp-content\/uploads\/2024\/04\/dia_mundial_conservacion_anfibios-768x549-1.png\" \/>\n\t<meta property=\"og:image:width\" content=\"768\" \/>\n\t<meta property=\"og:image:height\" content=\"549\" \/>\n\t<meta property=\"og:image:type\" content=\"image\/png\" \/>\n<meta name=\"author\" content=\"Patagonia Ambiental\" \/>\n<meta name=\"twitter:card\" content=\"summary_large_image\" \/>\n<meta name=\"twitter:creator\" content=\"@PatAmb\" \/>\n<meta name=\"twitter:site\" content=\"@PatAmb\" \/>\n<script type=\"application\/ld+json\" class=\"yoast-schema-graph\">{\"@context\":\"https:\\\/\\\/schema.org\",\"@graph\":[{\"@type\":\"Article\",\"@id\":\"https:\\\/\\\/patagoniambiental.com.ar\\\/info\\\/27-de-abril-dia-internacional-para-la-conservacion-de-los-anfibios\\\/#article\",\"isPartOf\":{\"@id\":\"https:\\\/\\\/patagoniambiental.com.ar\\\/info\\\/27-de-abril-dia-internacional-para-la-conservacion-de-los-anfibios\\\/\"},\"author\":{\"name\":\"Patagonia Ambiental\",\"@id\":\"https:\\\/\\\/patagoniambiental.com.ar\\\/info\\\/#\\\/schema\\\/person\\\/db12bff64bbcbf6a253710bf0ea37b5d\"},\"headline\":\"27 de abril: D\u00eda Internacional para la conservaci\u00f3n de los anfibios\",\"datePublished\":\"2024-04-27T10:00:00+00:00\",\"dateModified\":\"2024-08-12T15:59:57+00:00\",\"mainEntityOfPage\":{\"@id\":\"https:\\\/\\\/patagoniambiental.com.ar\\\/info\\\/27-de-abril-dia-internacional-para-la-conservacion-de-los-anfibios\\\/\"},\"wordCount\":698,\"commentCount\":0,\"publisher\":{\"@id\":\"https:\\\/\\\/patagoniambiental.com.ar\\\/info\\\/#organization\"},\"image\":{\"@id\":\"https:\\\/\\\/patagoniambiental.com.ar\\\/info\\\/27-de-abril-dia-internacional-para-la-conservacion-de-los-anfibios\\\/#primaryimage\"},\"thumbnailUrl\":\"https:\\\/\\\/patagoniambiental.com.ar\\\/info\\\/wp-content\\\/uploads\\\/2024\\\/04\\\/dia_mundial_conservacion_anfibios-768x549-1.png\",\"articleSection\":[\"Agenda Ambiental\",\"Bolet\u00edn\",\"Internacionales\"],\"inLanguage\":\"es\",\"potentialAction\":[{\"@type\":\"CommentAction\",\"name\":\"Comment\",\"target\":[\"https:\\\/\\\/patagoniambiental.com.ar\\\/info\\\/27-de-abril-dia-internacional-para-la-conservacion-de-los-anfibios\\\/#respond\"]}]},{\"@type\":\"WebPage\",\"@id\":\"https:\\\/\\\/patagoniambiental.com.ar\\\/info\\\/27-de-abril-dia-internacional-para-la-conservacion-de-los-anfibios\\\/\",\"url\":\"https:\\\/\\\/patagoniambiental.com.ar\\\/info\\\/27-de-abril-dia-internacional-para-la-conservacion-de-los-anfibios\\\/\",\"name\":\"27 de abril: D\u00eda Internacional para la conservaci\u00f3n de los anfibios\",\"isPartOf\":{\"@id\":\"https:\\\/\\\/patagoniambiental.com.ar\\\/info\\\/#website\"},\"primaryImageOfPage\":{\"@id\":\"https:\\\/\\\/patagoniambiental.com.ar\\\/info\\\/27-de-abril-dia-internacional-para-la-conservacion-de-los-anfibios\\\/#primaryimage\"},\"image\":{\"@id\":\"https:\\\/\\\/patagoniambiental.com.ar\\\/info\\\/27-de-abril-dia-internacional-para-la-conservacion-de-los-anfibios\\\/#primaryimage\"},\"thumbnailUrl\":\"https:\\\/\\\/patagoniambiental.com.ar\\\/info\\\/wp-content\\\/uploads\\\/2024\\\/04\\\/dia_mundial_conservacion_anfibios-768x549-1.png\",\"datePublished\":\"2024-04-27T10:00:00+00:00\",\"dateModified\":\"2024-08-12T15:59:57+00:00\",\"breadcrumb\":{\"@id\":\"https:\\\/\\\/patagoniambiental.com.ar\\\/info\\\/27-de-abril-dia-internacional-para-la-conservacion-de-los-anfibios\\\/#breadcrumb\"},\"inLanguage\":\"es\",\"potentialAction\":[{\"@type\":\"ReadAction\",\"target\":[\"https:\\\/\\\/patagoniambiental.com.ar\\\/info\\\/27-de-abril-dia-internacional-para-la-conservacion-de-los-anfibios\\\/\"]}]},{\"@type\":\"ImageObject\",\"inLanguage\":\"es\",\"@id\":\"https:\\\/\\\/patagoniambiental.com.ar\\\/info\\\/27-de-abril-dia-internacional-para-la-conservacion-de-los-anfibios\\\/#primaryimage\",\"url\":\"https:\\\/\\\/patagoniambiental.com.ar\\\/info\\\/wp-content\\\/uploads\\\/2024\\\/04\\\/dia_mundial_conservacion_anfibios-768x549-1.png\",\"contentUrl\":\"https:\\\/\\\/patagoniambiental.com.ar\\\/info\\\/wp-content\\\/uploads\\\/2024\\\/04\\\/dia_mundial_conservacion_anfibios-768x549-1.png\",\"width\":768,\"height\":549},{\"@type\":\"BreadcrumbList\",\"@id\":\"https:\\\/\\\/patagoniambiental.com.ar\\\/info\\\/27-de-abril-dia-internacional-para-la-conservacion-de-los-anfibios\\\/#breadcrumb\",\"itemListElement\":[{\"@type\":\"ListItem\",\"position\":1,\"name\":\"Inicio\",\"item\":\"https:\\\/\\\/patagoniambiental.com.ar\\\/info\\\/\"},{\"@type\":\"ListItem\",\"position\":2,\"name\":\"27 de abril: D\u00eda Internacional para la conservaci\u00f3n de los anfibios\"}]},{\"@type\":\"WebSite\",\"@id\":\"https:\\\/\\\/patagoniambiental.com.ar\\\/info\\\/#website\",\"url\":\"https:\\\/\\\/patagoniambiental.com.ar\\\/info\\\/\",\"name\":\"Patagonia Ambiental\",\"description\":\"Monitoreo y an\u00e1lisis de la situaci\u00f3n geopol\u00edtica en el mundo y su implicancia en la Patagonia\",\"publisher\":{\"@id\":\"https:\\\/\\\/patagoniambiental.com.ar\\\/info\\\/#organization\"},\"potentialAction\":[{\"@type\":\"SearchAction\",\"target\":{\"@type\":\"EntryPoint\",\"urlTemplate\":\"https:\\\/\\\/patagoniambiental.com.ar\\\/info\\\/?s={search_term_string}\"},\"query-input\":{\"@type\":\"PropertyValueSpecification\",\"valueRequired\":true,\"valueName\":\"search_term_string\"}}],\"inLanguage\":\"es\"},{\"@type\":\"Organization\",\"@id\":\"https:\\\/\\\/patagoniambiental.com.ar\\\/info\\\/#organization\",\"name\":\"Patagonia Ambiental\",\"url\":\"https:\\\/\\\/patagoniambiental.com.ar\\\/info\\\/\",\"logo\":{\"@type\":\"ImageObject\",\"inLanguage\":\"es\",\"@id\":\"https:\\\/\\\/patagoniambiental.com.ar\\\/info\\\/#\\\/schema\\\/logo\\\/image\\\/\",\"url\":\"https:\\\/\\\/patagoniambiental.com.ar\\\/info\\\/wp-content\\\/uploads\\\/2025\\\/05\\\/LOGO-PATAGONIA-AMBIENTAL.png\",\"contentUrl\":\"https:\\\/\\\/patagoniambiental.com.ar\\\/info\\\/wp-content\\\/uploads\\\/2025\\\/05\\\/LOGO-PATAGONIA-AMBIENTAL.png\",\"width\":433,\"height\":250,\"caption\":\"Patagonia Ambiental\"},\"image\":{\"@id\":\"https:\\\/\\\/patagoniambiental.com.ar\\\/info\\\/#\\\/schema\\\/logo\\\/image\\\/\"},\"sameAs\":[\"https:\\\/\\\/www.facebook.com\\\/patagonia.ambiental\",\"https:\\\/\\\/x.com\\\/PatAmb\"]},{\"@type\":\"Person\",\"@id\":\"https:\\\/\\\/patagoniambiental.com.ar\\\/info\\\/#\\\/schema\\\/person\\\/db12bff64bbcbf6a253710bf0ea37b5d\",\"name\":\"Patagonia Ambiental\",\"description\":\"Andr\u00e9s Nievas T\u00e9cnico en manejo ambiental, consultor Ambiental y escritor para medios locales e internacionales sobre temas de geopolitica y medio ambiente.\",\"sameAs\":[\"http:\\\/\\\/www.patagoniambiental.com.ar\",\"https:\\\/\\\/www.facebook.com\\\/share\\\/1C1V8Gv9BX\\\/?mibextid=qi2Omg\",\"@patagoniambiental\",\"https:\\\/\\\/youtube.com\\\/@patagoniaambiental2023?si=BLt58t0wuXquxlYZ\"]}]}<\/script>\n<!-- \/ Yoast SEO Premium plugin. -->","yoast_head_json":{"title":"27 de abril: D\u00eda Internacional para la conservaci\u00f3n de los anfibios","robots":{"index":"index","follow":"follow","max-snippet":"max-snippet:-1","max-image-preview":"max-image-preview:large","max-video-preview":"max-video-preview:-1"},"canonical":"https:\/\/patagoniambiental.com.ar\/info\/27-de-abril-dia-internacional-para-la-conservacion-de-los-anfibios\/","og_locale":"es_ES","og_type":"article","og_title":"27 de abril: D\u00eda Internacional para la conservaci\u00f3n de los anfibios","og_url":"https:\/\/patagoniambiental.com.ar\/info\/27-de-abril-dia-internacional-para-la-conservacion-de-los-anfibios\/","og_site_name":"Patagonia Ambiental","article_publisher":"https:\/\/www.facebook.com\/patagonia.ambiental","article_author":"https:\/\/www.facebook.com\/share\/1C1V8Gv9BX\/?mibextid=qi2Omg","article_published_time":"2024-04-27T10:00:00+00:00","article_modified_time":"2024-08-12T15:59:57+00:00","og_image":[{"width":768,"height":549,"url":"https:\/\/patagoniambiental.com.ar\/info\/wp-content\/uploads\/2024\/04\/dia_mundial_conservacion_anfibios-768x549-1.png","type":"image\/png"}],"author":"Patagonia Ambiental","twitter_card":"summary_large_image","twitter_creator":"@PatAmb","twitter_site":"@PatAmb","schema":{"@context":"https:\/\/schema.org","@graph":[{"@type":"Article","@id":"https:\/\/patagoniambiental.com.ar\/info\/27-de-abril-dia-internacional-para-la-conservacion-de-los-anfibios\/#article","isPartOf":{"@id":"https:\/\/patagoniambiental.com.ar\/info\/27-de-abril-dia-internacional-para-la-conservacion-de-los-anfibios\/"},"author":{"name":"Patagonia Ambiental","@id":"https:\/\/patagoniambiental.com.ar\/info\/#\/schema\/person\/db12bff64bbcbf6a253710bf0ea37b5d"},"headline":"27 de abril: D\u00eda Internacional para la conservaci\u00f3n de los anfibios","datePublished":"2024-04-27T10:00:00+00:00","dateModified":"2024-08-12T15:59:57+00:00","mainEntityOfPage":{"@id":"https:\/\/patagoniambiental.com.ar\/info\/27-de-abril-dia-internacional-para-la-conservacion-de-los-anfibios\/"},"wordCount":698,"commentCount":0,"publisher":{"@id":"https:\/\/patagoniambiental.com.ar\/info\/#organization"},"image":{"@id":"https:\/\/patagoniambiental.com.ar\/info\/27-de-abril-dia-internacional-para-la-conservacion-de-los-anfibios\/#primaryimage"},"thumbnailUrl":"https:\/\/patagoniambiental.com.ar\/info\/wp-content\/uploads\/2024\/04\/dia_mundial_conservacion_anfibios-768x549-1.png","articleSection":["Agenda Ambiental","Bolet\u00edn","Internacionales"],"inLanguage":"es","potentialAction":[{"@type":"CommentAction","name":"Comment","target":["https:\/\/patagoniambiental.com.ar\/info\/27-de-abril-dia-internacional-para-la-conservacion-de-los-anfibios\/#respond"]}]},{"@type":"WebPage","@id":"https:\/\/patagoniambiental.com.ar\/info\/27-de-abril-dia-internacional-para-la-conservacion-de-los-anfibios\/","url":"https:\/\/patagoniambiental.com.ar\/info\/27-de-abril-dia-internacional-para-la-conservacion-de-los-anfibios\/","name":"27 de abril: D\u00eda Internacional para la conservaci\u00f3n de los anfibios","isPartOf":{"@id":"https:\/\/patagoniambiental.com.ar\/info\/#website"},"primaryImageOfPage":{"@id":"https:\/\/patagoniambiental.com.ar\/info\/27-de-abril-dia-internacional-para-la-conservacion-de-los-anfibios\/#primaryimage"},"image":{"@id":"https:\/\/patagoniambiental.com.ar\/info\/27-de-abril-dia-internacional-para-la-conservacion-de-los-anfibios\/#primaryimage"},"thumbnailUrl":"https:\/\/patagoniambiental.com.ar\/info\/wp-content\/uploads\/2024\/04\/dia_mundial_conservacion_anfibios-768x549-1.png","datePublished":"2024-04-27T10:00:00+00:00","dateModified":"2024-08-12T15:59:57+00:00","breadcrumb":{"@id":"https:\/\/patagoniambiental.com.ar\/info\/27-de-abril-dia-internacional-para-la-conservacion-de-los-anfibios\/#breadcrumb"},"inLanguage":"es","potentialAction":[{"@type":"ReadAction","target":["https:\/\/patagoniambiental.com.ar\/info\/27-de-abril-dia-internacional-para-la-conservacion-de-los-anfibios\/"]}]},{"@type":"ImageObject","inLanguage":"es","@id":"https:\/\/patagoniambiental.com.ar\/info\/27-de-abril-dia-internacional-para-la-conservacion-de-los-anfibios\/#primaryimage","url":"https:\/\/patagoniambiental.com.ar\/info\/wp-content\/uploads\/2024\/04\/dia_mundial_conservacion_anfibios-768x549-1.png","contentUrl":"https:\/\/patagoniambiental.com.ar\/info\/wp-content\/uploads\/2024\/04\/dia_mundial_conservacion_anfibios-768x549-1.png","width":768,"height":549},{"@type":"BreadcrumbList","@id":"https:\/\/patagoniambiental.com.ar\/info\/27-de-abril-dia-internacional-para-la-conservacion-de-los-anfibios\/#breadcrumb","itemListElement":[{"@type":"ListItem","position":1,"name":"Inicio","item":"https:\/\/patagoniambiental.com.ar\/info\/"},{"@type":"ListItem","position":2,"name":"27 de abril: D\u00eda Internacional para la conservaci\u00f3n de los anfibios"}]},{"@type":"WebSite","@id":"https:\/\/patagoniambiental.com.ar\/info\/#website","url":"https:\/\/patagoniambiental.com.ar\/info\/","name":"Patagonia Ambiental","description":"Monitoreo y an\u00e1lisis de la situaci\u00f3n geopol\u00edtica en el mundo y su implicancia en la Patagonia","publisher":{"@id":"https:\/\/patagoniambiental.com.ar\/info\/#organization"},"potentialAction":[{"@type":"SearchAction","target":{"@type":"EntryPoint","urlTemplate":"https:\/\/patagoniambiental.com.ar\/info\/?s={search_term_string}"},"query-input":{"@type":"PropertyValueSpecification","valueRequired":true,"valueName":"search_term_string"}}],"inLanguage":"es"},{"@type":"Organization","@id":"https:\/\/patagoniambiental.com.ar\/info\/#organization","name":"Patagonia Ambiental","url":"https:\/\/patagoniambiental.com.ar\/info\/","logo":{"@type":"ImageObject","inLanguage":"es","@id":"https:\/\/patagoniambiental.com.ar\/info\/#\/schema\/logo\/image\/","url":"https:\/\/patagoniambiental.com.ar\/info\/wp-content\/uploads\/2025\/05\/LOGO-PATAGONIA-AMBIENTAL.png","contentUrl":"https:\/\/patagoniambiental.com.ar\/info\/wp-content\/uploads\/2025\/05\/LOGO-PATAGONIA-AMBIENTAL.png","width":433,"height":250,"caption":"Patagonia Ambiental"},"image":{"@id":"https:\/\/patagoniambiental.com.ar\/info\/#\/schema\/logo\/image\/"},"sameAs":["https:\/\/www.facebook.com\/patagonia.ambiental","https:\/\/x.com\/PatAmb"]},{"@type":"Person","@id":"https:\/\/patagoniambiental.com.ar\/info\/#\/schema\/person\/db12bff64bbcbf6a253710bf0ea37b5d","name":"Patagonia Ambiental","description":"Andr\u00e9s Nievas T\u00e9cnico en manejo ambiental, consultor Ambiental y escritor para medios locales e internacionales sobre temas de geopolitica y medio ambiente.","sameAs":["http:\/\/www.patagoniambiental.com.ar","https:\/\/www.facebook.com\/share\/1C1V8Gv9BX\/?mibextid=qi2Omg","@patagoniambiental","https:\/\/youtube.com\/@patagoniaambiental2023?si=BLt58t0wuXquxlYZ"]}]}},"_links":{"self":[{"href":"https:\/\/patagoniambiental.com.ar\/info\/wp-json\/wp\/v2\/posts\/81638","targetHints":{"allow":["GET"]}}],"collection":[{"href":"https:\/\/patagoniambiental.com.ar\/info\/wp-json\/wp\/v2\/posts"}],"about":[{"href":"https:\/\/patagoniambiental.com.ar\/info\/wp-json\/wp\/v2\/types\/post"}],"author":[{"embeddable":true,"href":"https:\/\/patagoniambiental.com.ar\/info\/wp-json\/wp\/v2\/users\/2"}],"replies":[{"embeddable":true,"href":"https:\/\/patagoniambiental.com.ar\/info\/wp-json\/wp\/v2\/comments?post=81638"}],"version-history":[{"count":0,"href":"https:\/\/patagoniambiental.com.ar\/info\/wp-json\/wp\/v2\/posts\/81638\/revisions"}],"wp:featuredmedia":[{"embeddable":true,"href":"https:\/\/patagoniambiental.com.ar\/info\/wp-json\/wp\/v2\/media\/81639"}],"wp:attachment":[{"href":"https:\/\/patagoniambiental.com.ar\/info\/wp-json\/wp\/v2\/media?parent=81638"}],"wp:term":[{"taxonomy":"category","embeddable":true,"href":"https:\/\/patagoniambiental.com.ar\/info\/wp-json\/wp\/v2\/categories?post=81638"},{"taxonomy":"post_tag","embeddable":true,"href":"https:\/\/patagoniambiental.com.ar\/info\/wp-json\/wp\/v2\/tags?post=81638"}],"curies":[{"name":"wp","href":"https:\/\/api.w.org\/{rel}","templated":true}]}}