{"id":81954,"date":"2024-05-04T07:00:00","date_gmt":"2024-05-04T10:00:00","guid":{"rendered":"https:\/\/patagoniambiental.com.ar\/info\/?p=81954"},"modified":"2024-08-12T11:41:13","modified_gmt":"2024-08-12T14:41:13","slug":"la-generala-laura-richardson-y-la-guerra-hibrida-en-bolivia","status":"publish","type":"post","link":"https:\/\/patagoniambiental.com.ar\/info\/la-generala-laura-richardson-y-la-guerra-hibrida-en-bolivia\/","title":{"rendered":"La generala Laura Richardson y la guerra h\u00edbrida en Bolivia"},"content":{"rendered":"\n<!--more-->\n\n\n\n<p>Como parte de una autodenominado Plan Sim\u00f3n Bol\u00edvar, el Comando Sur utilizar\u00e1 a Argentina, Per\u00fa y Ecuador para desencadenar conflictos en Sudam\u00e9rica<\/p>\n\n\n\n<p>De la mano de la jefa del Comando Sur del Pent\u00e1gono, generala Laura Richardson, como principal protagonista y ejecutora de la diplomacia de guerra de la Casa Blanca y el Estado profundo (<em>deep state)&nbsp;<\/em>en Sudam\u00e9rica, y con eje en la acci\u00f3n desestabilizadora interna de la experimentada encargada de Negocios de Estados Unidos en La Paz, Debra Hevia, ha iniciado una nueva fase de la guerra h\u00edbrida que busca consumar la pol\u00edtica de \u201ccambio de r\u00e9gimen\u201d en Bolivia en el marco de las elecciones presidenciales de 2025.<\/p>\n\n\n\n<p>Los motivos del renovado esfuerzo por desencadenar una \u201crevoluci\u00f3n de colores\u201d en el pa\u00eds sudamericano han sido explicitados p\u00fablicamente en varias ocasiones por la propia Richardson desde 2022: Bolivia tiene las mayores reservas mundiales de litio, mineral cr\u00edtico considerado una de las prioridades estrat\u00e9gicas del Departamento de Defensa de EU (al servicio de los intereses de los principales fondos de inversi\u00f3n globales: BlackRock, Vanguard<em>,<\/em>&nbsp;Fidelity y State Street y las corporaciones del complejo digital financiero) en su guerra geopol\u00edtica y geoecon\u00f3mica por mercados y recursos naturales contra China, y adem\u00e1s el presidente boliviano Luis Arce impulsa un proceso soberanista de industrializaci\u00f3n de ese metal alcalino, por lo que desde la \u00f3ptica imperial y en el lenguaje orwelliano de la generala de cuatro estrellas del Comando Sur, se le debe manejar propagand\u00edsticamente en los medios hegem\u00f3nicos como un \u201cgobierno corrupto\u201d al frente de un \u201cnarcoEstado\u201d; coartada principal desde el fin de la&nbsp;<em>guerra fr\u00eda<\/em>&nbsp;(cuando el enemigo era el \u201ccomunismo de Mosc\u00fa\u201d) para encender un nuevo ciclo de violencia fratricida \u2013como el Plan Colombia de Andr\u00e9s Pastrana y Bill Clinton y la Iniciativa M\u00e9rida en el M\u00e9xico de Felipe Calder\u00f3n\u2212, propiciadora de un&nbsp;<em>golpe blando<\/em>&nbsp;o una intervenci\u00f3n militar directa, en interacci\u00f3n con el comod\u00edn de la \u201clucha contra el terrorismo\u201d.<\/p>\n\n\n\n<p>Un elemento adicional es el probable ingreso este a\u00f1o de Bolivia al BRICS, alianza econ\u00f3mica que aglutina a Brasil, Rusia, la India, China, Sud\u00e1frica, Arabia Saudita, Egipto, Emiratos \u00c1rabes Unidos, Etiop\u00eda e Ir\u00e1n; el bloque cuenta con 40 % de las reservas probadas de petr\u00f3leo, 53.1% de las reservas de gas natural y 40.4% de las de carb\u00f3n. Asimismo, encabezadas por China y Rusia, las naciones BRICS+ son actores fundamentales en la cadena de suministro de las llamadas tecnolog\u00edas limpias, y uno de los minerales claves para la transici\u00f3n energ\u00e9tica y la industria de las bater\u00edas el\u00e9ctricas, es el litio. Lo que convierte a Bolivia (que tambi\u00e9n cuenta con tierras raras, agua dulce, uranio y hierro, otros cuatro recursos apetecidos por el Pent\u00e1gono junto con el petr\u00f3leo de Venezuela) en un objetivo principal de la \u201cdiplomacia militar\u201d del Comando Sur, ya que seg\u00fan el Servicio Geol\u00f3gico de EU, tiene reservas estimadas en 21 millones de toneladas en los salares de Potos\u00ed.<\/p>\n\n\n\n<p>La acci\u00f3n injerencista de la generala Richardson y su operadora en Bolivia, Debra Hevia, se increment\u00f3 en los \u00faltimos meses debido a la firma de sendos convenios entre el gobierno boliviano y los consorcios chinos Catl Brunp &amp; Cmoc y Citic Guoan y la empresa rusa Uranium One Group, de la Corporaci\u00f3n Rosatom, para la construcci\u00f3n de plantas piloto para producir litio en el salar de Uyuni.<\/p>\n\n\n\n<div style=\"height:100px\" aria-hidden=\"true\" class=\"wp-block-spacer\"><\/div>\n\n\n\n<h2 class=\"wp-block-heading\" id=\"h-debra-hevia-en-la-senda-del-ex-embajador-goldberg\"><strong>Debra Hevia en la senda del ex embajador Goldberg<\/strong><\/h2>\n\n\n\n<p>Mientras la inadmisible lucha intestina al interior del oficialista Movimiento al Socialismo empieza a erosionar la relativa estabilidad pol\u00edtica y cuando la relaci\u00f3n entre el ex presidente Evo Morales y Luis Arce parece llegar a un punto sin retorno, bajo una fachada de funcionaria tecn\u00f3crata, la jefa de la misi\u00f3n diplom\u00e1tica de EU en La Paz, la mencionada Debra Hevia, quien domina los c\u00f3digos de la guerra no convencional asim\u00e9trica, las operaciones psicol\u00f3gicas encubiertas y las campa\u00f1as subliminales, viene desplegando una estrategia de desestabilizaci\u00f3n pol\u00edtica previa a las elecciones de 2025, entre cuyos prop\u00f3sitos principales est\u00e1n la ruptura y\/o desaparici\u00f3n del MAS del escenario boliviano, para con ello borrar todo vestigio del proceso de cambio iniciado a nivel gubernamental en enero de 2006, que fue precedido por las llamadas guerra del agua (2000) y del gas (2003), sendos procesos de acumulaci\u00f3n de fuerza de un bloque popular ind\u00edgena, que a la postre llev\u00f3 a Evo Morales al sill\u00f3n presidencial del Palacio Quemado.<\/p>\n\n\n\n<p>Desde su llegada al pa\u00eds en septiembre de 2023, Hevia intensific\u00f3 lo que en diciembre siguiente el presidente Arce denunci\u00f3 como una guerra h\u00edbrida, modalidad no convencional definida como una combinaci\u00f3n en un campo de batalla de fuerzas regulares y actores no estatales (milicias irregulares de corte paramilitar y desorden criminal), apoyados en una narrativa medi\u00e1tica como arma b\u00e9lica estrat\u00e9gica, con eje en el azuzamiento del miedo y las emociones, la desinformaci\u00f3n y la propaganda negra, el accionar diplom\u00e1tico (incluidas tareas de espionaje), ciberataques, sabotajes y otras herramientas desestabilizadoras.<\/p>\n\n\n\n<p>Para ello, Hevia, quien tambi\u00e9n pas\u00f3 por el Centro de Operaciones del Departamento de Estado \u2013grupo de tarea dedicado a las labores de inteligencia y las operaciones especiales de contrainsurgencia activa\u2212, reforz\u00f3 los programas semiclandestinos de la misi\u00f3n con impacto pol\u00edtico, econ\u00f3mico y de inmersi\u00f3n social en zonas marginadas de Bolivia dirigidos a generar divisi\u00f3n interna (el cl\u00e1sico divide y vencer\u00e1s de las viejas potencias coloniales), entre ellos, formaci\u00f3n de liderazgo (adoctrinamiento) y acciones de calle, con financiamiento de la Fundaci\u00f3n Nacional para la Democracia (NED, por sus siglas en ingl\u00e9s), vieja tapadera de la Agencia Central de Inteligencia (CIA), el Instituto Republicano Internacional y el Instituto Nacional Dem\u00f3crata para los Asuntos Internacionales, tradicionales fachadas para la subversi\u00f3n y los golpes blandos de los partidos Republicano y Dem\u00f3crata, que reciben fondos del Departamento de Estado del presupuesto anual destinado a la Agencia para el Desarrollo Internacional de Estados Unidos (USAID).<\/p>\n\n\n\n<p>Como antecedente, cabe consignar que tras ser expulsado de Bolivia en 2008, el ex embajador de EU, Philip Golberg, art\u00edfice de la balcanizaci\u00f3n de la ex Yugoeslavia por la OTAN a comienzos de los a\u00f1os 90, sigui\u00f3 conspirando desde ese Centro de Operaciones para respaldar las acciones violentas de la oposici\u00f3n separatista y golpista de la llamada Media Luna boliviana (primordialmente Santa Cruz, junto con Tarija en el Sur y Beni y Pando en el Norte), en base a informes de inteligencia pol\u00edtica proporcionados por la Administraci\u00f3n de Control de Drogas (DEA), tambi\u00e9n expulsada ese a\u00f1o bajo acusaciones de espionaje y conspiraci\u00f3n. A su vez, el 1 de mayo de 2013, ante una gran concentraci\u00f3n de trabajadores y organizaciones sociales, Morales tom\u00f3 la decisi\u00f3n de expulsar a la USAID, bajo cargos de conspiraci\u00f3n e injerencia en sindicatos campesinos y en los asuntos internos del pa\u00eds.<\/p>\n\n\n\n<p>Dado que Bolivia y Estados Unidos interrumpieron relaciones diplom\u00e1ticas a nivel de embajadores en 2008, los nexos bilaterales se mantienen desde entonces a trav\u00e9s de los encargados de Negocios en ambos pa\u00edses. Sin embargo, no es esa la primera tarea de Hevia en La Paz. Ya antes hab\u00eda ocupado cargos \u201cmenores\u201d en la Embajada en dos oportunidades, y seg\u00fan Wikileaks su misi\u00f3n consisti\u00f3 en la filtraci\u00f3n de denuncias ama\u00f1adas contra el ex dirigente del sindicato de productores de coca Evo Morales, quien antes de su asunci\u00f3n como mandatario y durante gran parte de su gesti\u00f3n gubernamental se habr\u00eda convertido en un objetivo de su an\u00e1lisis y acci\u00f3n, pues lo ha estudiado en todas sus aristas.<\/p>\n\n\n\n<div style=\"height:100px\" aria-hidden=\"true\" class=\"wp-block-spacer\"><\/div>\n\n\n\n<h2 class=\"wp-block-heading\" id=\"h-los-agentes-internos-y-externos-de-hevia\"><strong>Los agentes internos y externos de Hevia<\/strong><\/h2>\n\n\n\n<p>Junto con la erosi\u00f3n del MAS, explotando las contradicciones entre Luis Arce y Evo Morales, otro eje prioritario de la campa\u00f1a de guerra difusa de Hevia, es incrementar la presi\u00f3n sobre el gobierno bajo su denuncia constante como un \u201cnarcoEstado\u201d (la antigua matriz de opini\u00f3n utilizada por el ex jefe del Comando Sur, general James T. Hill, en 2004, contra el movimiento cocalero de Morales, similar a la impulsada en la actual coyuntura por la embajada de EU en M\u00e9xico contra el presidente Andr\u00e9s Manuel L\u00f3pez Obrador y la candidata del partido oficialista Morena, Claudia Sheinbaum, a trav\u00e9s de los partidos de oposici\u00f3n y su candidata, Xochitl G\u00e1lvez, de cara a los comicios del 2 de junio pr\u00f3ximo).<\/p>\n\n\n\n<p>La estrategia, cuyo objetivo es debilitar al Estado boliviano, tambi\u00e9n pretende alejar al sector empresarial de las pol\u00edticas estatales para evitar el reflote de la econom\u00eda, y desde un poder legislativo fraccionado y en situaci\u00f3n de casi ingobernabilidad, buscar\u00e1 evitar el avance de las pol\u00edticas sociales y entorpecer cualquier proceso de negociaci\u00f3n para la industrializaci\u00f3n del litio con actores externos (principalmente China y Rusia) as\u00ed como la aprobaci\u00f3n de pr\u00e9stamos externos.<\/p>\n\n\n\n<p>La guerra difusa desestabilizadora de Hevia cuenta, asimismo, con operadores externos e internos, como la conservadora Fundaci\u00f3n Libertad y Democracia, fundada en 2023 e integrada, entre otros, por los ex jefes de Gobierno espa\u00f1oles Mariano Rajoy y Jos\u00e9 Mar\u00eda Aznar y los ex presidentes Vicente Fox y Felipe Calder\u00f3n de M\u00e9xico, Andr\u00e9s Pastrana e Iv\u00e1n Duque de Colombia, el argentino Mauricio Macri, Guillermo Lasso de Ecuador y los bolivianos Jeanine \u00c1\u00f1ez (la golpista presa) y el ex delf\u00edn del dictador Hugo Banzer, Jorge \u201cTuto\u201d Quiroga; la Alianza Informativa Latinoamericana, conformada por una red de cadenas p\u00fablicas y privadas de televisi\u00f3n de EU e Hispanoam\u00e9rica (CBS, Venevisi\u00f3n, Caracol de Colombia, Unitel de Bolivia y TV Azteca de M\u00e9xico, entre otras), clave para la guerra de desinformaci\u00f3n y propaganda; el partido derechista Comunidad Ciudadana, liderado por el ex presidente Carlos Mesa, y ONGs bolivianas como R\u00edos de pie y la Fundaci\u00f3n Construir.<\/p>\n\n\n\n<p>Un dato peculiar es el activismo de la organizaci\u00f3n estadunidense Military Church Support Group (Grupo de Apoyo de la Iglesia Militar) en zonas rurales bolivianas bajo el paraguas de proyectos comunitarios. Remedo de los Cuerpos de Paz de la contrainsurgencia de John F. Kennedy en los a\u00f1os 60 del siglo pasado, y como parte del Centurion Proyect (Proyecto Centuri\u00f3n), esa red de iglesias asociadas mayoritariamente de la Iglesia Bautista, naci\u00f3 en los alrededores de Fort Bragg, hoy rebautizado Fort Liberty (la mayor base castrense de EU y sede del Mando Conjunto de Operaciones Especiales), y considera a los jefes militares \u201cl\u00edderes misioneros sacrificados\u201d. El grupo tiene como pr\u00e1ctica empoderar a las iglesias alrededor de los cuarteles con los principios b\u00edblicos, para restaurar a \u201cfamilias de guerreros (sic) afectadas por trauma militar (\u2026) Estamos en una misi\u00f3n para la iglesia.<\/p>\n\n\n\n<p>No esperamos que la iglesia est\u00e9 en una misi\u00f3n para nosotros\u201d; una forma moderna encubierta de evangelizar con la cruz y los fusiles de asalto.<\/p>\n\n\n\n<p>Asimismo, con vistas a reconstruir el brazo paramilitar de la Juventud Cruce\u00f1ista para generar episodios violentos de calle, como ocurri\u00f3 durante el golpe de Estado de 2019 apoyado por la OEA, Debra Hevia viene financiando las actividades de Svonko Matkovik, con antecedentes terroristas por el caso del asalto al Hotel Las Am\u00e9ricas en abril de 2009, y actual presidente de la Asamblea Legislativa de Santa Cruz de la Sierra por el partido Creemos.<\/p>\n\n\n\n<div style=\"height:100px\" aria-hidden=\"true\" class=\"wp-block-spacer\"><\/div>\n\n\n\n<h2 class=\"wp-block-heading\" id=\"h-eu-a-la-busqueda-de-un-candidato-opositor-unico\"><strong>EU a la b\u00fasqueda de un candidato opositor \u00fanico<\/strong><\/h2>\n\n\n\n<p>Con una oposici\u00f3n desgastada y sin un candidato natural para las elecciones de 2025 tras la implosi\u00f3n de las logias de Santa Cruz \u2212que terminaron por fagocitarse y autodestruirse entre esc\u00e1ndalos de desfalcos y negociados, a lo que se sum\u00f3 la captura del gobernador electo Luis Fernando Camacho en diciembre del 2022\u2212, la embajada de EU busca aprovechar la autonom\u00eda de los gobiernos locales con el fin de encontrar un&nbsp;<em>outsider<\/em>&nbsp;de la pol\u00edtica capaz de representar los intereses estrat\u00e9gicos del imperio.<\/p>\n\n\n\n<p>En ese sentido, funcionarios de la misi\u00f3n en La Paz han venido sosteniendo reuniones con gobernadores derechistas del oriente del pa\u00eds con un claro mensaje: fomentar un candidato \u00fanico de la oposici\u00f3n. Entre los prospectos figuran el gobernador interino de Santa Cruz, Mario Aguilera, quien podr\u00eda aliviar la tensi\u00f3n entre la derecha moderada y las posiciones violentas que defienden a Camacho; el ex empresario cervecero Johnny Fern\u00e1ndez, alcalde del municipio cruce\u00f1o, quien reporta a la Embajada, y el dos veces candidato presidencial (2002 y 2009) Manfred Reyes Villa, un capit\u00e1n egresado de la Escuela de las Am\u00e9ricas en Panam\u00e1, ex agregado militar de las embajadas de Bolivia en Brasil y Estados Unidos, quien tras un exilio de 10 a\u00f1os en la Uni\u00f3n Americana regres\u00f3 al pa\u00eds bajo la dictadura de Jeanine \u00c1\u00f1ez en enero de 2020 y se postul\u00f3 como&nbsp;<a href=\"https:\/\/es.wikipedia.org\/wiki\/Anexo:Alcaldes_de_Cochabamba\">alcalde de Cochabamba<\/a>&nbsp;en las&nbsp;<a href=\"https:\/\/es.wikipedia.org\/wiki\/Elecciones_subnacionales_de_Bolivia_de_2021\">elecciones subnacionales de 2021<\/a>, triunfando con 55,63% de los sufragios.<\/p>\n\n\n\n<div style=\"height:100px\" aria-hidden=\"true\" class=\"wp-block-spacer\"><\/div>\n\n\n\n<h2 class=\"wp-block-heading\" id=\"h-el-plan-simon-bolivar\"><strong>El Plan Sim\u00f3n Bol\u00edvar<\/strong><\/h2>\n\n\n\n<p>Con sus antecedentes de corte secesionista, la regi\u00f3n de Santa Cruz, pero tambi\u00e9n Tarija, lim\u00edtrofe con Iquique en Chile, resultan claves para el nuevo plan imperial de recolonizaci\u00f3n de Am\u00e9rica Latina, autodenominado Sim\u00f3n Bol\u00edvar, que tiene entre los principales objetivos del Comando Sur evitar el empoderamiento econ\u00f3mico de la regi\u00f3n a trav\u00e9s del comercio con potencias asi\u00e1ticas como China, India y Rusia, y desestabilizar y aislar a pa\u00edses que escapan a su tutelaje, como Bolivia, Venezuela y Colombia, y tambi\u00e9n a Brasil, como miembro fundador del BRICS. Para ello, seg\u00fan informaci\u00f3n recopilada por el Centro de Estudios Geopol\u00edticos Multidisciplinarios (CEGM) y el ex ministro boliviano Hugo Moldiz, Washington ha puesto en marcha una pol\u00edtica divisionista en Sudam\u00e9rica y cuenta para su ejecuci\u00f3n con los gobiernos derechistas de Argentina, Per\u00fa y Ecuador.<\/p>\n\n\n\n<p>Es en ese contexto que hay que ubicar las declaraciones de la ministra argentina de Seguridad, Patricia Bullrich, el pasado15 de abril, al diario conservador&nbsp;<em>La Naci\u00f3n<\/em>&nbsp;de Buenos Aires, cuando afirm\u00f3 que existen \u201cc\u00e9lulas de Hezbol\u00e1 en la Triple Frontera (entre Argentina, Brasil y Paraguay)\u201d, pero que \u201ces en la frontera con Bolivia donde vemos el m\u00e1ximo nivel de alerta y seguridad (\u2026) porque existe un memor\u00e1ndum firmado por Bolivia e Ir\u00e1n\u201d. Incluso mencion\u00f3 la posible presencia de fuerzas de \u00e9lite iran\u00edes conocidas como Quds en esa zona fronteriza. Tambi\u00e9n mencion\u00f3 la presencia de c\u00e9lulas de Hezbol\u00e1 en Iquique, en el norte de Chile, y en zonas de Per\u00fa y Brasil.<\/p>\n\n\n\n<p>Los bulos de Patricia Bullrich fueron propalados apenas d\u00edas despu\u00e9s de la visita a Buenos Aires del jefe de la CIA, William Burns, y en el momento de m\u00e1xima tensi\u00f3n entre Israel e Ir\u00e1n, y fueron secundados por Mark Wells, subsecretario adjunto para Am\u00e9rica Latina y el Caribe de la Oficina de Asuntos del Hemisferio Occidental del Departamento de Estado y por el senador republicano Marco Rubio, uno de los principales activos de la industria de la contrarrevoluci\u00f3n miamera.<\/p>\n\n\n\n<p>Desempolvar la vieja matriz intervencionista post-Torres Gemelas (2001) de George W. Bush y el Pent\u00e1gono sobre la existencia de \u201cc\u00e9lulas dormidas del terrorismo isl\u00e1mico\u201d en la Triple Frontera \u2212\u00e1rea compartida por Ciudad del Este, del lado paraguayo, Puerto Iguaz\u00fa, en Argentina y su vecina Foz do Igua\u00e7u, en Brasil\u2212, es un indicativo de que el Comando Sur activa una nueva serie de acciones desestabilizadoras en la subregi\u00f3n. Y es evidente que en sus planes de otanizaci\u00f3n de Sudam\u00e9rica y guerra h\u00edbrida contra Bolivia, Colombia y Venezuela, cuenta con el presidente argentino Javier Milei y su ministra de Seguridad como puntas de lanza. Dos d\u00edas despu\u00e9s de las declaraciones de Bullrich sobre Hezbol\u00e1, Argentina pidi\u00f3 su ingreso formal a la Organizaci\u00f3n del Tratado del Atl\u00e1ntico Norte.<\/p>\n\n\n\n<p>Fuente: <a href=\"https:\/\/rebelion.org\/la-generala-laura-richardson-y-la-guerra-hibrida-en-bolivia\/\">rebelion.org<\/a><\/p>\n","protected":false},"excerpt":{"rendered":"","protected":false},"author":2,"featured_media":81955,"comment_status":"open","ping_status":"open","sticky":false,"template":"","format":"standard","meta":{"site-sidebar-layout":"default","site-content-layout":"","ast-site-content-layout":"default","site-content-style":"default","site-sidebar-style":"default","ast-global-header-display":"","ast-banner-title-visibility":"","ast-main-header-display":"","ast-hfb-above-header-display":"","ast-hfb-below-header-display":"","ast-hfb-mobile-header-display":"","site-post-title":"","ast-breadcrumbs-content":"","ast-featured-img":"","footer-sml-layout":"","ast-disable-related-posts":"","theme-transparent-header-meta":"","adv-header-id-meta":"","stick-header-meta":"","header-above-stick-meta":"","header-main-stick-meta":"","header-below-stick-meta":"","astra-migrate-meta-layouts":"default","ast-page-background-enabled":"default","ast-page-background-meta":{"desktop":{"background-color":"var(--ast-global-color-5)","background-image":"","background-repeat":"repeat","background-position":"center center","background-size":"auto","background-attachment":"scroll","background-type":"","background-media":"","overlay-type":"","overlay-color":"","overlay-opacity":"","overlay-gradient":""},"tablet":{"background-color":"","background-image":"","background-repeat":"repeat","background-position":"center center","background-size":"auto","background-attachment":"scroll","background-type":"","background-media":"","overlay-type":"","overlay-color":"","overlay-opacity":"","overlay-gradient":""},"mobile":{"background-color":"","background-image":"","background-repeat":"repeat","background-position":"center center","background-size":"auto","background-attachment":"scroll","background-type":"","background-media":"","overlay-type":"","overlay-color":"","overlay-opacity":"","overlay-gradient":""}},"ast-content-background-meta":{"desktop":{"background-color":"var(--ast-global-color-4)","background-image":"","background-repeat":"repeat","background-position":"center center","background-size":"auto","background-attachment":"scroll","background-type":"","background-media":"","overlay-type":"","overlay-color":"","overlay-opacity":"","overlay-gradient":""},"tablet":{"background-color":"var(--ast-global-color-4)","background-image":"","background-repeat":"repeat","background-position":"center center","background-size":"auto","background-attachment":"scroll","background-type":"","background-media":"","overlay-type":"","overlay-color":"","overlay-opacity":"","overlay-gradient":""},"mobile":{"background-color":"var(--ast-global-color-4)","background-image":"","background-repeat":"repeat","background-position":"center center","background-size":"auto","background-attachment":"scroll","background-type":"","background-media":"","overlay-type":"","overlay-color":"","overlay-opacity":"","overlay-gradient":""}},"footnotes":""},"categories":[11,23],"tags":[],"class_list":["post-81954","post","type-post","status-publish","format-standard","has-post-thumbnail","hentry","category-boletin","category-internacionales"],"yoast_head":"<!-- This site is optimized with the Yoast SEO Premium plugin v23.0 (Yoast SEO v27.5) - https:\/\/yoast.com\/product\/yoast-seo-premium-wordpress\/ -->\n<title>La generala Laura Richardson y la guerra h\u00edbrida en Bolivia<\/title>\n<meta name=\"robots\" content=\"index, follow, max-snippet:-1, max-image-preview:large, max-video-preview:-1\" \/>\n<link rel=\"canonical\" href=\"https:\/\/patagoniambiental.com.ar\/info\/la-generala-laura-richardson-y-la-guerra-hibrida-en-bolivia\/\" \/>\n<meta property=\"og:locale\" content=\"es_ES\" \/>\n<meta property=\"og:type\" content=\"article\" \/>\n<meta property=\"og:title\" content=\"La generala Laura Richardson y la guerra h\u00edbrida en Bolivia\" \/>\n<meta property=\"og:url\" content=\"https:\/\/patagoniambiental.com.ar\/info\/la-generala-laura-richardson-y-la-guerra-hibrida-en-bolivia\/\" \/>\n<meta property=\"og:site_name\" content=\"Patagonia Ambiental\" \/>\n<meta property=\"article:publisher\" content=\"https:\/\/www.facebook.com\/patagonia.ambiental\" \/>\n<meta property=\"article:author\" content=\"https:\/\/www.facebook.com\/share\/1C1V8Gv9BX\/?mibextid=qi2Omg\" \/>\n<meta property=\"article:published_time\" content=\"2024-05-04T10:00:00+00:00\" \/>\n<meta property=\"article:modified_time\" content=\"2024-08-12T14:41:13+00:00\" \/>\n<meta property=\"og:image\" content=\"https:\/\/patagoniambiental.com.ar\/info\/wp-content\/uploads\/2024\/05\/richardson-milei.jpg\" \/>\n\t<meta property=\"og:image:width\" content=\"600\" \/>\n\t<meta property=\"og:image:height\" content=\"287\" \/>\n\t<meta property=\"og:image:type\" content=\"image\/jpeg\" \/>\n<meta name=\"author\" content=\"Patagonia Ambiental\" \/>\n<meta name=\"twitter:card\" content=\"summary_large_image\" \/>\n<meta name=\"twitter:creator\" content=\"@PatAmb\" \/>\n<meta name=\"twitter:site\" content=\"@PatAmb\" \/>\n<script type=\"application\/ld+json\" class=\"yoast-schema-graph\">{\"@context\":\"https:\\\/\\\/schema.org\",\"@graph\":[{\"@type\":\"Article\",\"@id\":\"https:\\\/\\\/patagoniambiental.com.ar\\\/info\\\/la-generala-laura-richardson-y-la-guerra-hibrida-en-bolivia\\\/#article\",\"isPartOf\":{\"@id\":\"https:\\\/\\\/patagoniambiental.com.ar\\\/info\\\/la-generala-laura-richardson-y-la-guerra-hibrida-en-bolivia\\\/\"},\"author\":{\"name\":\"Patagonia Ambiental\",\"@id\":\"https:\\\/\\\/patagoniambiental.com.ar\\\/info\\\/#\\\/schema\\\/person\\\/db12bff64bbcbf6a253710bf0ea37b5d\"},\"headline\":\"La generala Laura Richardson y la guerra h\u00edbrida en Bolivia\",\"datePublished\":\"2024-05-04T10:00:00+00:00\",\"dateModified\":\"2024-08-12T14:41:13+00:00\",\"mainEntityOfPage\":{\"@id\":\"https:\\\/\\\/patagoniambiental.com.ar\\\/info\\\/la-generala-laura-richardson-y-la-guerra-hibrida-en-bolivia\\\/\"},\"wordCount\":2718,\"commentCount\":0,\"publisher\":{\"@id\":\"https:\\\/\\\/patagoniambiental.com.ar\\\/info\\\/#organization\"},\"image\":{\"@id\":\"https:\\\/\\\/patagoniambiental.com.ar\\\/info\\\/la-generala-laura-richardson-y-la-guerra-hibrida-en-bolivia\\\/#primaryimage\"},\"thumbnailUrl\":\"https:\\\/\\\/patagoniambiental.com.ar\\\/info\\\/wp-content\\\/uploads\\\/2024\\\/05\\\/richardson-milei.jpg\",\"articleSection\":[\"Bolet\u00edn\",\"Internacionales\"],\"inLanguage\":\"es\",\"potentialAction\":[{\"@type\":\"CommentAction\",\"name\":\"Comment\",\"target\":[\"https:\\\/\\\/patagoniambiental.com.ar\\\/info\\\/la-generala-laura-richardson-y-la-guerra-hibrida-en-bolivia\\\/#respond\"]}]},{\"@type\":\"WebPage\",\"@id\":\"https:\\\/\\\/patagoniambiental.com.ar\\\/info\\\/la-generala-laura-richardson-y-la-guerra-hibrida-en-bolivia\\\/\",\"url\":\"https:\\\/\\\/patagoniambiental.com.ar\\\/info\\\/la-generala-laura-richardson-y-la-guerra-hibrida-en-bolivia\\\/\",\"name\":\"La generala Laura Richardson y la guerra h\u00edbrida en Bolivia\",\"isPartOf\":{\"@id\":\"https:\\\/\\\/patagoniambiental.com.ar\\\/info\\\/#website\"},\"primaryImageOfPage\":{\"@id\":\"https:\\\/\\\/patagoniambiental.com.ar\\\/info\\\/la-generala-laura-richardson-y-la-guerra-hibrida-en-bolivia\\\/#primaryimage\"},\"image\":{\"@id\":\"https:\\\/\\\/patagoniambiental.com.ar\\\/info\\\/la-generala-laura-richardson-y-la-guerra-hibrida-en-bolivia\\\/#primaryimage\"},\"thumbnailUrl\":\"https:\\\/\\\/patagoniambiental.com.ar\\\/info\\\/wp-content\\\/uploads\\\/2024\\\/05\\\/richardson-milei.jpg\",\"datePublished\":\"2024-05-04T10:00:00+00:00\",\"dateModified\":\"2024-08-12T14:41:13+00:00\",\"breadcrumb\":{\"@id\":\"https:\\\/\\\/patagoniambiental.com.ar\\\/info\\\/la-generala-laura-richardson-y-la-guerra-hibrida-en-bolivia\\\/#breadcrumb\"},\"inLanguage\":\"es\",\"potentialAction\":[{\"@type\":\"ReadAction\",\"target\":[\"https:\\\/\\\/patagoniambiental.com.ar\\\/info\\\/la-generala-laura-richardson-y-la-guerra-hibrida-en-bolivia\\\/\"]}]},{\"@type\":\"ImageObject\",\"inLanguage\":\"es\",\"@id\":\"https:\\\/\\\/patagoniambiental.com.ar\\\/info\\\/la-generala-laura-richardson-y-la-guerra-hibrida-en-bolivia\\\/#primaryimage\",\"url\":\"https:\\\/\\\/patagoniambiental.com.ar\\\/info\\\/wp-content\\\/uploads\\\/2024\\\/05\\\/richardson-milei.jpg\",\"contentUrl\":\"https:\\\/\\\/patagoniambiental.com.ar\\\/info\\\/wp-content\\\/uploads\\\/2024\\\/05\\\/richardson-milei.jpg\",\"width\":600,\"height\":287},{\"@type\":\"BreadcrumbList\",\"@id\":\"https:\\\/\\\/patagoniambiental.com.ar\\\/info\\\/la-generala-laura-richardson-y-la-guerra-hibrida-en-bolivia\\\/#breadcrumb\",\"itemListElement\":[{\"@type\":\"ListItem\",\"position\":1,\"name\":\"Inicio\",\"item\":\"https:\\\/\\\/patagoniambiental.com.ar\\\/info\\\/\"},{\"@type\":\"ListItem\",\"position\":2,\"name\":\"La generala Laura Richardson y la guerra h\u00edbrida en Bolivia\"}]},{\"@type\":\"WebSite\",\"@id\":\"https:\\\/\\\/patagoniambiental.com.ar\\\/info\\\/#website\",\"url\":\"https:\\\/\\\/patagoniambiental.com.ar\\\/info\\\/\",\"name\":\"Patagonia Ambiental\",\"description\":\"Monitoreo y an\u00e1lisis de la situaci\u00f3n geopol\u00edtica en el mundo y su implicancia en la Patagonia\",\"publisher\":{\"@id\":\"https:\\\/\\\/patagoniambiental.com.ar\\\/info\\\/#organization\"},\"potentialAction\":[{\"@type\":\"SearchAction\",\"target\":{\"@type\":\"EntryPoint\",\"urlTemplate\":\"https:\\\/\\\/patagoniambiental.com.ar\\\/info\\\/?s={search_term_string}\"},\"query-input\":{\"@type\":\"PropertyValueSpecification\",\"valueRequired\":true,\"valueName\":\"search_term_string\"}}],\"inLanguage\":\"es\"},{\"@type\":\"Organization\",\"@id\":\"https:\\\/\\\/patagoniambiental.com.ar\\\/info\\\/#organization\",\"name\":\"Patagonia Ambiental\",\"url\":\"https:\\\/\\\/patagoniambiental.com.ar\\\/info\\\/\",\"logo\":{\"@type\":\"ImageObject\",\"inLanguage\":\"es\",\"@id\":\"https:\\\/\\\/patagoniambiental.com.ar\\\/info\\\/#\\\/schema\\\/logo\\\/image\\\/\",\"url\":\"https:\\\/\\\/patagoniambiental.com.ar\\\/info\\\/wp-content\\\/uploads\\\/2025\\\/05\\\/LOGO-PATAGONIA-AMBIENTAL.png\",\"contentUrl\":\"https:\\\/\\\/patagoniambiental.com.ar\\\/info\\\/wp-content\\\/uploads\\\/2025\\\/05\\\/LOGO-PATAGONIA-AMBIENTAL.png\",\"width\":433,\"height\":250,\"caption\":\"Patagonia Ambiental\"},\"image\":{\"@id\":\"https:\\\/\\\/patagoniambiental.com.ar\\\/info\\\/#\\\/schema\\\/logo\\\/image\\\/\"},\"sameAs\":[\"https:\\\/\\\/www.facebook.com\\\/patagonia.ambiental\",\"https:\\\/\\\/x.com\\\/PatAmb\"]},{\"@type\":\"Person\",\"@id\":\"https:\\\/\\\/patagoniambiental.com.ar\\\/info\\\/#\\\/schema\\\/person\\\/db12bff64bbcbf6a253710bf0ea37b5d\",\"name\":\"Patagonia Ambiental\",\"description\":\"Andr\u00e9s Nievas T\u00e9cnico en manejo ambiental, consultor Ambiental y escritor para medios locales e internacionales sobre temas de geopolitica y medio ambiente.\",\"sameAs\":[\"http:\\\/\\\/www.patagoniambiental.com.ar\",\"https:\\\/\\\/www.facebook.com\\\/share\\\/1C1V8Gv9BX\\\/?mibextid=qi2Omg\",\"@patagoniambiental\",\"https:\\\/\\\/youtube.com\\\/@patagoniaambiental2023?si=BLt58t0wuXquxlYZ\"]}]}<\/script>\n<!-- \/ Yoast SEO Premium plugin. -->","yoast_head_json":{"title":"La generala Laura Richardson y la guerra h\u00edbrida en Bolivia","robots":{"index":"index","follow":"follow","max-snippet":"max-snippet:-1","max-image-preview":"max-image-preview:large","max-video-preview":"max-video-preview:-1"},"canonical":"https:\/\/patagoniambiental.com.ar\/info\/la-generala-laura-richardson-y-la-guerra-hibrida-en-bolivia\/","og_locale":"es_ES","og_type":"article","og_title":"La generala Laura Richardson y la guerra h\u00edbrida en Bolivia","og_url":"https:\/\/patagoniambiental.com.ar\/info\/la-generala-laura-richardson-y-la-guerra-hibrida-en-bolivia\/","og_site_name":"Patagonia Ambiental","article_publisher":"https:\/\/www.facebook.com\/patagonia.ambiental","article_author":"https:\/\/www.facebook.com\/share\/1C1V8Gv9BX\/?mibextid=qi2Omg","article_published_time":"2024-05-04T10:00:00+00:00","article_modified_time":"2024-08-12T14:41:13+00:00","og_image":[{"width":600,"height":287,"url":"https:\/\/patagoniambiental.com.ar\/info\/wp-content\/uploads\/2024\/05\/richardson-milei.jpg","type":"image\/jpeg"}],"author":"Patagonia Ambiental","twitter_card":"summary_large_image","twitter_creator":"@PatAmb","twitter_site":"@PatAmb","schema":{"@context":"https:\/\/schema.org","@graph":[{"@type":"Article","@id":"https:\/\/patagoniambiental.com.ar\/info\/la-generala-laura-richardson-y-la-guerra-hibrida-en-bolivia\/#article","isPartOf":{"@id":"https:\/\/patagoniambiental.com.ar\/info\/la-generala-laura-richardson-y-la-guerra-hibrida-en-bolivia\/"},"author":{"name":"Patagonia Ambiental","@id":"https:\/\/patagoniambiental.com.ar\/info\/#\/schema\/person\/db12bff64bbcbf6a253710bf0ea37b5d"},"headline":"La generala Laura Richardson y la guerra h\u00edbrida en Bolivia","datePublished":"2024-05-04T10:00:00+00:00","dateModified":"2024-08-12T14:41:13+00:00","mainEntityOfPage":{"@id":"https:\/\/patagoniambiental.com.ar\/info\/la-generala-laura-richardson-y-la-guerra-hibrida-en-bolivia\/"},"wordCount":2718,"commentCount":0,"publisher":{"@id":"https:\/\/patagoniambiental.com.ar\/info\/#organization"},"image":{"@id":"https:\/\/patagoniambiental.com.ar\/info\/la-generala-laura-richardson-y-la-guerra-hibrida-en-bolivia\/#primaryimage"},"thumbnailUrl":"https:\/\/patagoniambiental.com.ar\/info\/wp-content\/uploads\/2024\/05\/richardson-milei.jpg","articleSection":["Bolet\u00edn","Internacionales"],"inLanguage":"es","potentialAction":[{"@type":"CommentAction","name":"Comment","target":["https:\/\/patagoniambiental.com.ar\/info\/la-generala-laura-richardson-y-la-guerra-hibrida-en-bolivia\/#respond"]}]},{"@type":"WebPage","@id":"https:\/\/patagoniambiental.com.ar\/info\/la-generala-laura-richardson-y-la-guerra-hibrida-en-bolivia\/","url":"https:\/\/patagoniambiental.com.ar\/info\/la-generala-laura-richardson-y-la-guerra-hibrida-en-bolivia\/","name":"La generala Laura Richardson y la guerra h\u00edbrida en Bolivia","isPartOf":{"@id":"https:\/\/patagoniambiental.com.ar\/info\/#website"},"primaryImageOfPage":{"@id":"https:\/\/patagoniambiental.com.ar\/info\/la-generala-laura-richardson-y-la-guerra-hibrida-en-bolivia\/#primaryimage"},"image":{"@id":"https:\/\/patagoniambiental.com.ar\/info\/la-generala-laura-richardson-y-la-guerra-hibrida-en-bolivia\/#primaryimage"},"thumbnailUrl":"https:\/\/patagoniambiental.com.ar\/info\/wp-content\/uploads\/2024\/05\/richardson-milei.jpg","datePublished":"2024-05-04T10:00:00+00:00","dateModified":"2024-08-12T14:41:13+00:00","breadcrumb":{"@id":"https:\/\/patagoniambiental.com.ar\/info\/la-generala-laura-richardson-y-la-guerra-hibrida-en-bolivia\/#breadcrumb"},"inLanguage":"es","potentialAction":[{"@type":"ReadAction","target":["https:\/\/patagoniambiental.com.ar\/info\/la-generala-laura-richardson-y-la-guerra-hibrida-en-bolivia\/"]}]},{"@type":"ImageObject","inLanguage":"es","@id":"https:\/\/patagoniambiental.com.ar\/info\/la-generala-laura-richardson-y-la-guerra-hibrida-en-bolivia\/#primaryimage","url":"https:\/\/patagoniambiental.com.ar\/info\/wp-content\/uploads\/2024\/05\/richardson-milei.jpg","contentUrl":"https:\/\/patagoniambiental.com.ar\/info\/wp-content\/uploads\/2024\/05\/richardson-milei.jpg","width":600,"height":287},{"@type":"BreadcrumbList","@id":"https:\/\/patagoniambiental.com.ar\/info\/la-generala-laura-richardson-y-la-guerra-hibrida-en-bolivia\/#breadcrumb","itemListElement":[{"@type":"ListItem","position":1,"name":"Inicio","item":"https:\/\/patagoniambiental.com.ar\/info\/"},{"@type":"ListItem","position":2,"name":"La generala Laura Richardson y la guerra h\u00edbrida en Bolivia"}]},{"@type":"WebSite","@id":"https:\/\/patagoniambiental.com.ar\/info\/#website","url":"https:\/\/patagoniambiental.com.ar\/info\/","name":"Patagonia Ambiental","description":"Monitoreo y an\u00e1lisis de la situaci\u00f3n geopol\u00edtica en el mundo y su implicancia en la Patagonia","publisher":{"@id":"https:\/\/patagoniambiental.com.ar\/info\/#organization"},"potentialAction":[{"@type":"SearchAction","target":{"@type":"EntryPoint","urlTemplate":"https:\/\/patagoniambiental.com.ar\/info\/?s={search_term_string}"},"query-input":{"@type":"PropertyValueSpecification","valueRequired":true,"valueName":"search_term_string"}}],"inLanguage":"es"},{"@type":"Organization","@id":"https:\/\/patagoniambiental.com.ar\/info\/#organization","name":"Patagonia Ambiental","url":"https:\/\/patagoniambiental.com.ar\/info\/","logo":{"@type":"ImageObject","inLanguage":"es","@id":"https:\/\/patagoniambiental.com.ar\/info\/#\/schema\/logo\/image\/","url":"https:\/\/patagoniambiental.com.ar\/info\/wp-content\/uploads\/2025\/05\/LOGO-PATAGONIA-AMBIENTAL.png","contentUrl":"https:\/\/patagoniambiental.com.ar\/info\/wp-content\/uploads\/2025\/05\/LOGO-PATAGONIA-AMBIENTAL.png","width":433,"height":250,"caption":"Patagonia Ambiental"},"image":{"@id":"https:\/\/patagoniambiental.com.ar\/info\/#\/schema\/logo\/image\/"},"sameAs":["https:\/\/www.facebook.com\/patagonia.ambiental","https:\/\/x.com\/PatAmb"]},{"@type":"Person","@id":"https:\/\/patagoniambiental.com.ar\/info\/#\/schema\/person\/db12bff64bbcbf6a253710bf0ea37b5d","name":"Patagonia Ambiental","description":"Andr\u00e9s Nievas T\u00e9cnico en manejo ambiental, consultor Ambiental y escritor para medios locales e internacionales sobre temas de geopolitica y medio ambiente.","sameAs":["http:\/\/www.patagoniambiental.com.ar","https:\/\/www.facebook.com\/share\/1C1V8Gv9BX\/?mibextid=qi2Omg","@patagoniambiental","https:\/\/youtube.com\/@patagoniaambiental2023?si=BLt58t0wuXquxlYZ"]}]}},"_links":{"self":[{"href":"https:\/\/patagoniambiental.com.ar\/info\/wp-json\/wp\/v2\/posts\/81954","targetHints":{"allow":["GET"]}}],"collection":[{"href":"https:\/\/patagoniambiental.com.ar\/info\/wp-json\/wp\/v2\/posts"}],"about":[{"href":"https:\/\/patagoniambiental.com.ar\/info\/wp-json\/wp\/v2\/types\/post"}],"author":[{"embeddable":true,"href":"https:\/\/patagoniambiental.com.ar\/info\/wp-json\/wp\/v2\/users\/2"}],"replies":[{"embeddable":true,"href":"https:\/\/patagoniambiental.com.ar\/info\/wp-json\/wp\/v2\/comments?post=81954"}],"version-history":[{"count":0,"href":"https:\/\/patagoniambiental.com.ar\/info\/wp-json\/wp\/v2\/posts\/81954\/revisions"}],"wp:featuredmedia":[{"embeddable":true,"href":"https:\/\/patagoniambiental.com.ar\/info\/wp-json\/wp\/v2\/media\/81955"}],"wp:attachment":[{"href":"https:\/\/patagoniambiental.com.ar\/info\/wp-json\/wp\/v2\/media?parent=81954"}],"wp:term":[{"taxonomy":"category","embeddable":true,"href":"https:\/\/patagoniambiental.com.ar\/info\/wp-json\/wp\/v2\/categories?post=81954"},{"taxonomy":"post_tag","embeddable":true,"href":"https:\/\/patagoniambiental.com.ar\/info\/wp-json\/wp\/v2\/tags?post=81954"}],"curies":[{"name":"wp","href":"https:\/\/api.w.org\/{rel}","templated":true}]}}