{"id":82989,"date":"2024-05-19T19:00:00","date_gmt":"2024-05-19T22:00:00","guid":{"rendered":"https:\/\/patagoniambiental.com.ar\/info\/?p=82989"},"modified":"2024-09-14T10:04:21","modified_gmt":"2024-09-14T13:04:21","slug":"provincia-anuncio-que-avanzara-con-la-obra-de-asfalto-en-el-paso-mamuil-malal","status":"publish","type":"post","link":"https:\/\/patagoniambiental.com.ar\/info\/provincia-anuncio-que-avanzara-con-la-obra-de-asfalto-en-el-paso-mamuil-malal\/","title":{"rendered":"Provincia anunci\u00f3 que avanzar\u00e1 con la obra de asfalto en el Paso Mamuil Malal"},"content":{"rendered":"\n<!--more-->\n\n\n\n<p>El gobernador Figueroa confirm\u00f3 que la CAF aprob\u00f3 el financiamiento para avanzar con obras priorizadas por la provincia. Entre ellas, el asfalto de un tramo de la ruta provincial 60 desde el ingreso al Parque Nacional Lan\u00edn hasta el paso internacional.<\/p>\n\n\n\n<p>\u201cVamos a pavimentar Mamuil Malal\u201d, afirm\u00f3 el gobernador Rolando Figueroa en la reuni\u00f3n de regionalizaci\u00f3n realizada ayer en Jun\u00edn de los Andes. La CAF \u2013 Banco de Desarrollo de Am\u00e9rica Latina y el Caribe aprob\u00f3 el financiamiento necesario para impulsar un paquete de obras en el que se destaca el asfalto del tramo restante de la ruta provincial N\u00ba 60 que conecta con ese paso internacional.<\/p>\n\n\n\n<p>Figueroa precis\u00f3 que el financiamiento aprobado asciende a de 237 millones de d\u00f3lares en total, U$S 100.000.000 de los cuales corresponden a este a\u00f1o. \u201cDentro de la planificaci\u00f3n, hay 50 millones de d\u00f3lares para hacer rutas\u201d, indic\u00f3.<\/p>\n\n\n\n<p>El ministro Jefe de Gabinete, Juan Luis Ousset, explic\u00f3 que la pavimentaci\u00f3n de la ruta de acceso a Mamuil Malal es la primera obra de infraestructura vial priorizada por el Gobierno de la provincia. Se trata del tramo de 12 kil\u00f3metros de la ruta provincial 60, en el ingreso al Parque Nacional Lan\u00edn hasta el paso internacional.<\/p>\n\n\n\n<p>Durante la primera reuni\u00f3n del plan de regionalizaci\u00f3n en el sur, realizada el jueves 16 en Jun\u00edn de los Andes, el ministro Ousset record\u00f3 que en su primer viaje de la gesti\u00f3n \u201cfuimos con el intendente Luis Madue\u00f1o a Mamuil Malal\u201d y llevaron adelante una priorizaci\u00f3n de obras que inclu\u00eda muchas rutas.<\/p>\n\n\n\n<p>\u201cHoy, la primera obra priorizada es la ruta del paso internacional Mamuil Malal -remarc\u00f3-; son los objetivos que ha trazado nuestro gobernador, Rolando Figueroa, de identificar las oportunidades, avanzar con vocaci\u00f3n, voluntad y esfuerzo\u201d.<\/p>\n\n\n\n<p>Pavimentar el acceso a este paso cobra relevancia si se tiene en cuenta que la provincia est\u00e1 avanzando en la pavimentaci\u00f3n de la ruta provincial N\u00b023, desde el paso internacional Pino Hachado hasta el empalme con la ruta nacional N\u00b040, en Jun\u00edn de los Andes. En toda su extensi\u00f3n, la ruta 23 permite la vinculaci\u00f3n con Chile a trav\u00e9s de varios pasos: Mamuil Malal es uno de ellos.<\/p>\n\n\n\n<p>Figueroa se refiri\u00f3 a las obras sobre la ruta provincial 23 al decir que \u201ces la ruta de monta\u00f1a m\u00e1s importante que se est\u00e1 haciendo en el pa\u00eds. Es la \u00fanica (en su tipo) que est\u00e1 activa. Nos va a llevar dos a\u00f1os terminarla\u201d.<\/p>\n\n\n\n<p>Fuente: Diario Andino<\/p>\n","protected":false},"excerpt":{"rendered":"","protected":false},"author":2,"featured_media":82990,"comment_status":"open","ping_status":"open","sticky":false,"template":"","format":"standard","meta":{"site-sidebar-layout":"default","site-content-layout":"","ast-site-content-layout":"default","site-content-style":"default","site-sidebar-style":"default","ast-global-header-display":"","ast-banner-title-visibility":"","ast-main-header-display":"","ast-hfb-above-header-display":"","ast-hfb-below-header-display":"","ast-hfb-mobile-header-display":"","site-post-title":"","ast-breadcrumbs-content":"","ast-featured-img":"","footer-sml-layout":"","ast-disable-related-posts":"","theme-transparent-header-meta":"","adv-header-id-meta":"","stick-header-meta":"","header-above-stick-meta":"","header-main-stick-meta":"","header-below-stick-meta":"","astra-migrate-meta-layouts":"default","ast-page-background-enabled":"default","ast-page-background-meta":{"desktop":{"background-color":"var(--ast-global-color-5)","background-image":"","background-repeat":"repeat","background-position":"center center","background-size":"auto","background-attachment":"scroll","background-type":"","background-media":"","overlay-type":"","overlay-color":"","overlay-opacity":"","overlay-gradient":""},"tablet":{"background-color":"","background-image":"","background-repeat":"repeat","background-position":"center center","background-size":"auto","background-attachment":"scroll","background-type":"","background-media":"","overlay-type":"","overlay-color":"","overlay-opacity":"","overlay-gradient":""},"mobile":{"background-color":"","background-image":"","background-repeat":"repeat","background-position":"center center","background-size":"auto","background-attachment":"scroll","background-type":"","background-media":"","overlay-type":"","overlay-color":"","overlay-opacity":"","overlay-gradient":""}},"ast-content-background-meta":{"desktop":{"background-color":"var(--ast-global-color-4)","background-image":"","background-repeat":"repeat","background-position":"center center","background-size":"auto","background-attachment":"scroll","background-type":"","background-media":"","overlay-type":"","overlay-color":"","overlay-opacity":"","overlay-gradient":""},"tablet":{"background-color":"var(--ast-global-color-4)","background-image":"","background-repeat":"repeat","background-position":"center center","background-size":"auto","background-attachment":"scroll","background-type":"","background-media":"","overlay-type":"","overlay-color":"","overlay-opacity":"","overlay-gradient":""},"mobile":{"background-color":"var(--ast-global-color-4)","background-image":"","background-repeat":"repeat","background-position":"center center","background-size":"auto","background-attachment":"scroll","background-type":"","background-media":"","overlay-type":"","overlay-color":"","overlay-opacity":"","overlay-gradient":""}},"footnotes":""},"categories":[11,18,13],"tags":[],"class_list":["post-82989","post","type-post","status-publish","format-standard","has-post-thumbnail","hentry","category-boletin","category-neuquen","category-provinciales"],"yoast_head":"<!-- This site is optimized with the Yoast SEO Premium plugin v23.0 (Yoast SEO v27.5) - https:\/\/yoast.com\/product\/yoast-seo-premium-wordpress\/ -->\n<title>Provincia anunci\u00f3 que avanzar\u00e1 con la obra de asfalto en el Paso Mamuil Malal<\/title>\n<meta name=\"robots\" content=\"index, follow, max-snippet:-1, max-image-preview:large, max-video-preview:-1\" \/>\n<link rel=\"canonical\" href=\"https:\/\/patagoniambiental.com.ar\/info\/provincia-anuncio-que-avanzara-con-la-obra-de-asfalto-en-el-paso-mamuil-malal\/\" \/>\n<meta property=\"og:locale\" content=\"es_ES\" \/>\n<meta property=\"og:type\" content=\"article\" \/>\n<meta property=\"og:title\" content=\"Provincia anunci\u00f3 que avanzar\u00e1 con la obra de asfalto en el Paso Mamuil Malal\" \/>\n<meta property=\"og:url\" content=\"https:\/\/patagoniambiental.com.ar\/info\/provincia-anuncio-que-avanzara-con-la-obra-de-asfalto-en-el-paso-mamuil-malal\/\" \/>\n<meta property=\"og:site_name\" content=\"Patagonia Ambiental\" \/>\n<meta property=\"article:publisher\" content=\"https:\/\/www.facebook.com\/patagonia.ambiental\" \/>\n<meta property=\"article:author\" content=\"https:\/\/www.facebook.com\/share\/1C1V8Gv9BX\/?mibextid=qi2Omg\" \/>\n<meta property=\"article:published_time\" content=\"2024-05-19T22:00:00+00:00\" \/>\n<meta property=\"article:modified_time\" content=\"2024-09-14T13:04:21+00:00\" \/>\n<meta property=\"og:image\" content=\"https:\/\/patagoniambiental.com.ar\/info\/wp-content\/uploads\/2024\/05\/sm.webp\" \/>\n\t<meta property=\"og:image:width\" content=\"768\" \/>\n\t<meta property=\"og:image:height\" content=\"409\" \/>\n\t<meta property=\"og:image:type\" content=\"image\/webp\" \/>\n<meta name=\"author\" content=\"Patagonia Ambiental\" \/>\n<meta name=\"twitter:card\" content=\"summary_large_image\" \/>\n<meta name=\"twitter:creator\" content=\"@PatAmb\" \/>\n<meta name=\"twitter:site\" content=\"@PatAmb\" \/>\n<script type=\"application\/ld+json\" class=\"yoast-schema-graph\">{\"@context\":\"https:\\\/\\\/schema.org\",\"@graph\":[{\"@type\":\"Article\",\"@id\":\"https:\\\/\\\/patagoniambiental.com.ar\\\/info\\\/provincia-anuncio-que-avanzara-con-la-obra-de-asfalto-en-el-paso-mamuil-malal\\\/#article\",\"isPartOf\":{\"@id\":\"https:\\\/\\\/patagoniambiental.com.ar\\\/info\\\/provincia-anuncio-que-avanzara-con-la-obra-de-asfalto-en-el-paso-mamuil-malal\\\/\"},\"author\":{\"name\":\"Patagonia Ambiental\",\"@id\":\"https:\\\/\\\/patagoniambiental.com.ar\\\/info\\\/#\\\/schema\\\/person\\\/db12bff64bbcbf6a253710bf0ea37b5d\"},\"headline\":\"Provincia anunci\u00f3 que avanzar\u00e1 con la obra de asfalto en el Paso Mamuil Malal\",\"datePublished\":\"2024-05-19T22:00:00+00:00\",\"dateModified\":\"2024-09-14T13:04:21+00:00\",\"mainEntityOfPage\":{\"@id\":\"https:\\\/\\\/patagoniambiental.com.ar\\\/info\\\/provincia-anuncio-que-avanzara-con-la-obra-de-asfalto-en-el-paso-mamuil-malal\\\/\"},\"wordCount\":436,\"commentCount\":0,\"publisher\":{\"@id\":\"https:\\\/\\\/patagoniambiental.com.ar\\\/info\\\/#organization\"},\"image\":{\"@id\":\"https:\\\/\\\/patagoniambiental.com.ar\\\/info\\\/provincia-anuncio-que-avanzara-con-la-obra-de-asfalto-en-el-paso-mamuil-malal\\\/#primaryimage\"},\"thumbnailUrl\":\"https:\\\/\\\/patagoniambiental.com.ar\\\/info\\\/wp-content\\\/uploads\\\/2024\\\/05\\\/sm.webp\",\"articleSection\":[\"Bolet\u00edn\",\"Neuqu\u00e9n\",\"Provinciales\"],\"inLanguage\":\"es\",\"potentialAction\":[{\"@type\":\"CommentAction\",\"name\":\"Comment\",\"target\":[\"https:\\\/\\\/patagoniambiental.com.ar\\\/info\\\/provincia-anuncio-que-avanzara-con-la-obra-de-asfalto-en-el-paso-mamuil-malal\\\/#respond\"]}]},{\"@type\":\"WebPage\",\"@id\":\"https:\\\/\\\/patagoniambiental.com.ar\\\/info\\\/provincia-anuncio-que-avanzara-con-la-obra-de-asfalto-en-el-paso-mamuil-malal\\\/\",\"url\":\"https:\\\/\\\/patagoniambiental.com.ar\\\/info\\\/provincia-anuncio-que-avanzara-con-la-obra-de-asfalto-en-el-paso-mamuil-malal\\\/\",\"name\":\"Provincia anunci\u00f3 que avanzar\u00e1 con la obra de asfalto en el Paso Mamuil Malal\",\"isPartOf\":{\"@id\":\"https:\\\/\\\/patagoniambiental.com.ar\\\/info\\\/#website\"},\"primaryImageOfPage\":{\"@id\":\"https:\\\/\\\/patagoniambiental.com.ar\\\/info\\\/provincia-anuncio-que-avanzara-con-la-obra-de-asfalto-en-el-paso-mamuil-malal\\\/#primaryimage\"},\"image\":{\"@id\":\"https:\\\/\\\/patagoniambiental.com.ar\\\/info\\\/provincia-anuncio-que-avanzara-con-la-obra-de-asfalto-en-el-paso-mamuil-malal\\\/#primaryimage\"},\"thumbnailUrl\":\"https:\\\/\\\/patagoniambiental.com.ar\\\/info\\\/wp-content\\\/uploads\\\/2024\\\/05\\\/sm.webp\",\"datePublished\":\"2024-05-19T22:00:00+00:00\",\"dateModified\":\"2024-09-14T13:04:21+00:00\",\"breadcrumb\":{\"@id\":\"https:\\\/\\\/patagoniambiental.com.ar\\\/info\\\/provincia-anuncio-que-avanzara-con-la-obra-de-asfalto-en-el-paso-mamuil-malal\\\/#breadcrumb\"},\"inLanguage\":\"es\",\"potentialAction\":[{\"@type\":\"ReadAction\",\"target\":[\"https:\\\/\\\/patagoniambiental.com.ar\\\/info\\\/provincia-anuncio-que-avanzara-con-la-obra-de-asfalto-en-el-paso-mamuil-malal\\\/\"]}]},{\"@type\":\"ImageObject\",\"inLanguage\":\"es\",\"@id\":\"https:\\\/\\\/patagoniambiental.com.ar\\\/info\\\/provincia-anuncio-que-avanzara-con-la-obra-de-asfalto-en-el-paso-mamuil-malal\\\/#primaryimage\",\"url\":\"https:\\\/\\\/patagoniambiental.com.ar\\\/info\\\/wp-content\\\/uploads\\\/2024\\\/05\\\/sm.webp\",\"contentUrl\":\"https:\\\/\\\/patagoniambiental.com.ar\\\/info\\\/wp-content\\\/uploads\\\/2024\\\/05\\\/sm.webp\",\"width\":768,\"height\":409},{\"@type\":\"BreadcrumbList\",\"@id\":\"https:\\\/\\\/patagoniambiental.com.ar\\\/info\\\/provincia-anuncio-que-avanzara-con-la-obra-de-asfalto-en-el-paso-mamuil-malal\\\/#breadcrumb\",\"itemListElement\":[{\"@type\":\"ListItem\",\"position\":1,\"name\":\"Inicio\",\"item\":\"https:\\\/\\\/patagoniambiental.com.ar\\\/info\\\/\"},{\"@type\":\"ListItem\",\"position\":2,\"name\":\"Provincia anunci\u00f3 que avanzar\u00e1 con la obra de asfalto en el Paso Mamuil Malal\"}]},{\"@type\":\"WebSite\",\"@id\":\"https:\\\/\\\/patagoniambiental.com.ar\\\/info\\\/#website\",\"url\":\"https:\\\/\\\/patagoniambiental.com.ar\\\/info\\\/\",\"name\":\"Patagonia Ambiental\",\"description\":\"Monitoreo y an\u00e1lisis de la situaci\u00f3n geopol\u00edtica en el mundo y su implicancia en la Patagonia\",\"publisher\":{\"@id\":\"https:\\\/\\\/patagoniambiental.com.ar\\\/info\\\/#organization\"},\"potentialAction\":[{\"@type\":\"SearchAction\",\"target\":{\"@type\":\"EntryPoint\",\"urlTemplate\":\"https:\\\/\\\/patagoniambiental.com.ar\\\/info\\\/?s={search_term_string}\"},\"query-input\":{\"@type\":\"PropertyValueSpecification\",\"valueRequired\":true,\"valueName\":\"search_term_string\"}}],\"inLanguage\":\"es\"},{\"@type\":\"Organization\",\"@id\":\"https:\\\/\\\/patagoniambiental.com.ar\\\/info\\\/#organization\",\"name\":\"Patagonia Ambiental\",\"url\":\"https:\\\/\\\/patagoniambiental.com.ar\\\/info\\\/\",\"logo\":{\"@type\":\"ImageObject\",\"inLanguage\":\"es\",\"@id\":\"https:\\\/\\\/patagoniambiental.com.ar\\\/info\\\/#\\\/schema\\\/logo\\\/image\\\/\",\"url\":\"https:\\\/\\\/patagoniambiental.com.ar\\\/info\\\/wp-content\\\/uploads\\\/2025\\\/05\\\/LOGO-PATAGONIA-AMBIENTAL.png\",\"contentUrl\":\"https:\\\/\\\/patagoniambiental.com.ar\\\/info\\\/wp-content\\\/uploads\\\/2025\\\/05\\\/LOGO-PATAGONIA-AMBIENTAL.png\",\"width\":433,\"height\":250,\"caption\":\"Patagonia Ambiental\"},\"image\":{\"@id\":\"https:\\\/\\\/patagoniambiental.com.ar\\\/info\\\/#\\\/schema\\\/logo\\\/image\\\/\"},\"sameAs\":[\"https:\\\/\\\/www.facebook.com\\\/patagonia.ambiental\",\"https:\\\/\\\/x.com\\\/PatAmb\"]},{\"@type\":\"Person\",\"@id\":\"https:\\\/\\\/patagoniambiental.com.ar\\\/info\\\/#\\\/schema\\\/person\\\/db12bff64bbcbf6a253710bf0ea37b5d\",\"name\":\"Patagonia Ambiental\",\"description\":\"Andr\u00e9s Nievas T\u00e9cnico en manejo ambiental, consultor Ambiental y escritor para medios locales e internacionales sobre temas de geopolitica y medio ambiente.\",\"sameAs\":[\"http:\\\/\\\/www.patagoniambiental.com.ar\",\"https:\\\/\\\/www.facebook.com\\\/share\\\/1C1V8Gv9BX\\\/?mibextid=qi2Omg\",\"@patagoniambiental\",\"https:\\\/\\\/youtube.com\\\/@patagoniaambiental2023?si=BLt58t0wuXquxlYZ\"]}]}<\/script>\n<!-- \/ Yoast SEO Premium plugin. -->","yoast_head_json":{"title":"Provincia anunci\u00f3 que avanzar\u00e1 con la obra de asfalto en el Paso Mamuil Malal","robots":{"index":"index","follow":"follow","max-snippet":"max-snippet:-1","max-image-preview":"max-image-preview:large","max-video-preview":"max-video-preview:-1"},"canonical":"https:\/\/patagoniambiental.com.ar\/info\/provincia-anuncio-que-avanzara-con-la-obra-de-asfalto-en-el-paso-mamuil-malal\/","og_locale":"es_ES","og_type":"article","og_title":"Provincia anunci\u00f3 que avanzar\u00e1 con la obra de asfalto en el Paso Mamuil Malal","og_url":"https:\/\/patagoniambiental.com.ar\/info\/provincia-anuncio-que-avanzara-con-la-obra-de-asfalto-en-el-paso-mamuil-malal\/","og_site_name":"Patagonia Ambiental","article_publisher":"https:\/\/www.facebook.com\/patagonia.ambiental","article_author":"https:\/\/www.facebook.com\/share\/1C1V8Gv9BX\/?mibextid=qi2Omg","article_published_time":"2024-05-19T22:00:00+00:00","article_modified_time":"2024-09-14T13:04:21+00:00","og_image":[{"width":768,"height":409,"url":"https:\/\/patagoniambiental.com.ar\/info\/wp-content\/uploads\/2024\/05\/sm.webp","type":"image\/webp"}],"author":"Patagonia Ambiental","twitter_card":"summary_large_image","twitter_creator":"@PatAmb","twitter_site":"@PatAmb","schema":{"@context":"https:\/\/schema.org","@graph":[{"@type":"Article","@id":"https:\/\/patagoniambiental.com.ar\/info\/provincia-anuncio-que-avanzara-con-la-obra-de-asfalto-en-el-paso-mamuil-malal\/#article","isPartOf":{"@id":"https:\/\/patagoniambiental.com.ar\/info\/provincia-anuncio-que-avanzara-con-la-obra-de-asfalto-en-el-paso-mamuil-malal\/"},"author":{"name":"Patagonia Ambiental","@id":"https:\/\/patagoniambiental.com.ar\/info\/#\/schema\/person\/db12bff64bbcbf6a253710bf0ea37b5d"},"headline":"Provincia anunci\u00f3 que avanzar\u00e1 con la obra de asfalto en el Paso Mamuil Malal","datePublished":"2024-05-19T22:00:00+00:00","dateModified":"2024-09-14T13:04:21+00:00","mainEntityOfPage":{"@id":"https:\/\/patagoniambiental.com.ar\/info\/provincia-anuncio-que-avanzara-con-la-obra-de-asfalto-en-el-paso-mamuil-malal\/"},"wordCount":436,"commentCount":0,"publisher":{"@id":"https:\/\/patagoniambiental.com.ar\/info\/#organization"},"image":{"@id":"https:\/\/patagoniambiental.com.ar\/info\/provincia-anuncio-que-avanzara-con-la-obra-de-asfalto-en-el-paso-mamuil-malal\/#primaryimage"},"thumbnailUrl":"https:\/\/patagoniambiental.com.ar\/info\/wp-content\/uploads\/2024\/05\/sm.webp","articleSection":["Bolet\u00edn","Neuqu\u00e9n","Provinciales"],"inLanguage":"es","potentialAction":[{"@type":"CommentAction","name":"Comment","target":["https:\/\/patagoniambiental.com.ar\/info\/provincia-anuncio-que-avanzara-con-la-obra-de-asfalto-en-el-paso-mamuil-malal\/#respond"]}]},{"@type":"WebPage","@id":"https:\/\/patagoniambiental.com.ar\/info\/provincia-anuncio-que-avanzara-con-la-obra-de-asfalto-en-el-paso-mamuil-malal\/","url":"https:\/\/patagoniambiental.com.ar\/info\/provincia-anuncio-que-avanzara-con-la-obra-de-asfalto-en-el-paso-mamuil-malal\/","name":"Provincia anunci\u00f3 que avanzar\u00e1 con la obra de asfalto en el Paso Mamuil Malal","isPartOf":{"@id":"https:\/\/patagoniambiental.com.ar\/info\/#website"},"primaryImageOfPage":{"@id":"https:\/\/patagoniambiental.com.ar\/info\/provincia-anuncio-que-avanzara-con-la-obra-de-asfalto-en-el-paso-mamuil-malal\/#primaryimage"},"image":{"@id":"https:\/\/patagoniambiental.com.ar\/info\/provincia-anuncio-que-avanzara-con-la-obra-de-asfalto-en-el-paso-mamuil-malal\/#primaryimage"},"thumbnailUrl":"https:\/\/patagoniambiental.com.ar\/info\/wp-content\/uploads\/2024\/05\/sm.webp","datePublished":"2024-05-19T22:00:00+00:00","dateModified":"2024-09-14T13:04:21+00:00","breadcrumb":{"@id":"https:\/\/patagoniambiental.com.ar\/info\/provincia-anuncio-que-avanzara-con-la-obra-de-asfalto-en-el-paso-mamuil-malal\/#breadcrumb"},"inLanguage":"es","potentialAction":[{"@type":"ReadAction","target":["https:\/\/patagoniambiental.com.ar\/info\/provincia-anuncio-que-avanzara-con-la-obra-de-asfalto-en-el-paso-mamuil-malal\/"]}]},{"@type":"ImageObject","inLanguage":"es","@id":"https:\/\/patagoniambiental.com.ar\/info\/provincia-anuncio-que-avanzara-con-la-obra-de-asfalto-en-el-paso-mamuil-malal\/#primaryimage","url":"https:\/\/patagoniambiental.com.ar\/info\/wp-content\/uploads\/2024\/05\/sm.webp","contentUrl":"https:\/\/patagoniambiental.com.ar\/info\/wp-content\/uploads\/2024\/05\/sm.webp","width":768,"height":409},{"@type":"BreadcrumbList","@id":"https:\/\/patagoniambiental.com.ar\/info\/provincia-anuncio-que-avanzara-con-la-obra-de-asfalto-en-el-paso-mamuil-malal\/#breadcrumb","itemListElement":[{"@type":"ListItem","position":1,"name":"Inicio","item":"https:\/\/patagoniambiental.com.ar\/info\/"},{"@type":"ListItem","position":2,"name":"Provincia anunci\u00f3 que avanzar\u00e1 con la obra de asfalto en el Paso Mamuil Malal"}]},{"@type":"WebSite","@id":"https:\/\/patagoniambiental.com.ar\/info\/#website","url":"https:\/\/patagoniambiental.com.ar\/info\/","name":"Patagonia Ambiental","description":"Monitoreo y an\u00e1lisis de la situaci\u00f3n geopol\u00edtica en el mundo y su implicancia en la Patagonia","publisher":{"@id":"https:\/\/patagoniambiental.com.ar\/info\/#organization"},"potentialAction":[{"@type":"SearchAction","target":{"@type":"EntryPoint","urlTemplate":"https:\/\/patagoniambiental.com.ar\/info\/?s={search_term_string}"},"query-input":{"@type":"PropertyValueSpecification","valueRequired":true,"valueName":"search_term_string"}}],"inLanguage":"es"},{"@type":"Organization","@id":"https:\/\/patagoniambiental.com.ar\/info\/#organization","name":"Patagonia Ambiental","url":"https:\/\/patagoniambiental.com.ar\/info\/","logo":{"@type":"ImageObject","inLanguage":"es","@id":"https:\/\/patagoniambiental.com.ar\/info\/#\/schema\/logo\/image\/","url":"https:\/\/patagoniambiental.com.ar\/info\/wp-content\/uploads\/2025\/05\/LOGO-PATAGONIA-AMBIENTAL.png","contentUrl":"https:\/\/patagoniambiental.com.ar\/info\/wp-content\/uploads\/2025\/05\/LOGO-PATAGONIA-AMBIENTAL.png","width":433,"height":250,"caption":"Patagonia Ambiental"},"image":{"@id":"https:\/\/patagoniambiental.com.ar\/info\/#\/schema\/logo\/image\/"},"sameAs":["https:\/\/www.facebook.com\/patagonia.ambiental","https:\/\/x.com\/PatAmb"]},{"@type":"Person","@id":"https:\/\/patagoniambiental.com.ar\/info\/#\/schema\/person\/db12bff64bbcbf6a253710bf0ea37b5d","name":"Patagonia Ambiental","description":"Andr\u00e9s Nievas T\u00e9cnico en manejo ambiental, consultor Ambiental y escritor para medios locales e internacionales sobre temas de geopolitica y medio ambiente.","sameAs":["http:\/\/www.patagoniambiental.com.ar","https:\/\/www.facebook.com\/share\/1C1V8Gv9BX\/?mibextid=qi2Omg","@patagoniambiental","https:\/\/youtube.com\/@patagoniaambiental2023?si=BLt58t0wuXquxlYZ"]}]}},"_links":{"self":[{"href":"https:\/\/patagoniambiental.com.ar\/info\/wp-json\/wp\/v2\/posts\/82989","targetHints":{"allow":["GET"]}}],"collection":[{"href":"https:\/\/patagoniambiental.com.ar\/info\/wp-json\/wp\/v2\/posts"}],"about":[{"href":"https:\/\/patagoniambiental.com.ar\/info\/wp-json\/wp\/v2\/types\/post"}],"author":[{"embeddable":true,"href":"https:\/\/patagoniambiental.com.ar\/info\/wp-json\/wp\/v2\/users\/2"}],"replies":[{"embeddable":true,"href":"https:\/\/patagoniambiental.com.ar\/info\/wp-json\/wp\/v2\/comments?post=82989"}],"version-history":[{"count":0,"href":"https:\/\/patagoniambiental.com.ar\/info\/wp-json\/wp\/v2\/posts\/82989\/revisions"}],"wp:featuredmedia":[{"embeddable":true,"href":"https:\/\/patagoniambiental.com.ar\/info\/wp-json\/wp\/v2\/media\/82990"}],"wp:attachment":[{"href":"https:\/\/patagoniambiental.com.ar\/info\/wp-json\/wp\/v2\/media?parent=82989"}],"wp:term":[{"taxonomy":"category","embeddable":true,"href":"https:\/\/patagoniambiental.com.ar\/info\/wp-json\/wp\/v2\/categories?post=82989"},{"taxonomy":"post_tag","embeddable":true,"href":"https:\/\/patagoniambiental.com.ar\/info\/wp-json\/wp\/v2\/tags?post=82989"}],"curies":[{"name":"wp","href":"https:\/\/api.w.org\/{rel}","templated":true}]}}