{"id":83051,"date":"2024-05-24T19:00:00","date_gmt":"2024-05-24T22:00:00","guid":{"rendered":"https:\/\/patagoniambiental.com.ar\/info\/?p=83051"},"modified":"2024-08-10T15:13:43","modified_gmt":"2024-08-10T18:13:43","slug":"rio-turbio-trabaja-fuertemente-en-su-agenda-ambiental","status":"publish","type":"post","link":"https:\/\/patagoniambiental.com.ar\/info\/rio-turbio-trabaja-fuertemente-en-su-agenda-ambiental\/","title":{"rendered":"R\u00edo Turbio trabaja fuertemente en su agenda ambiental"},"content":{"rendered":"\n<!--more-->\n\n\n\n<p>Desde el Municipio local llevan adelante numerosas campa\u00f1as de concientizaci\u00f3n como as\u00ed tambi\u00e9n actividades educativas y diversas pol\u00edticas ambientales.<\/p>\n\n\n\n<figure class=\"wp-block-image\"><img decoding=\"async\" src=\"https:\/\/www.tiemposur.com.ar\/uploads\/noticia_galeria\/2024\/05\/23\/file_206041_main1\" alt=\"\"\/><\/figure>\n\n\n\n<p><a class=\"\" href=\"javascript: void(0)\"><\/a><a class=\" \" href=\"javascript: void(0)\"><\/a><a href=\"whatsapp:\/\/send?text=Mira%20esto:%20R%C3%ADo%20Turbio%20trabaja%20fuertemente%20en%20su%20agenda%20ambiental%20|%20https:\/\/www.tiemposur.com.ar\/info-general\/rio-turbio-trabaja-fuertemente-en-su-agenda-ambiental\"><\/a><a href=\"mailto:?subject=Mira%20esto:%20R%C3%ADo%20Turbio%20trabaja%20fuertemente%20en%20su%20agenda%20ambiental%20|%20https:\/\/www.tiemposur.com.ar\/info-general\/rio-turbio-trabaja-fuertemente-en-su-agenda-ambiental\" class=\"\"><\/a><a href=\"javascript:;\"><\/a><\/p>\n\n\n\n<p><\/p>\n\n\n\n<p>La localidad de R\u00edo Turbio se suma a la basta agenda ambiental que se lleva adelante en la provincia de Santa Cruz. En esta oportunidad,<strong>&nbsp;desde la Municipalidad de la ciudad trabajan fuertemente no s\u00f3lo en la concientizaci\u00f3n de la poblaci\u00f3n sobre a la tenencia responsable sino tambi\u00e9n en la conservaci\u00f3n y cuidado del ambiente como as\u00ed tambi\u00e9n en la educaci\u00f3n ambiental y el reciclado.<\/strong><\/p>\n\n\n\n<p>En este marco el titular de la Secretar\u00eda de Producci\u00f3n, Industria, Ambiente y Comunidad de la localidad de R\u00edo Turbio<strong>, Felipe Altuna,<\/strong>&nbsp;dialog\u00f3 con el programa de radio&nbsp;<strong>Planeta Tiempo de Tiempo FM 97.5&nbsp;<\/strong>&nbsp;e indic\u00f3 que desde el Municipio encabezan una campa\u00f1a de Recolecci\u00f3n Diferenciada en los barrios desde el a\u00f1o 2020: \u201cEs una pol\u00edtica de \u201cMi\u00e9rcoles Verde\u00bb&nbsp;que tiene que ver&nbsp;con la clasificaci\u00f3n primaria en domicilio de aquellos productos que son factibles de reciclado como botellas, cartones, latas de aluminio, etc.&nbsp;<strong>Es un programa que se hace durante todo el a\u00f1o&nbsp;y consiste en que los d\u00edas mi\u00e9rcoles el servicio de recolecci\u00f3n retira de los domicilios, por ese&nbsp;d\u00eda, todo lo que es verde, ya sea en una bolsa verde o una bolsa&nbsp;negra identificada como producto reciclable\u201d, explic\u00f3.<\/strong><\/p>\n\n\n\n<p>\u201cEs parte de una pol\u00edtica que lleva adelante el&nbsp;Municipio en conjunto con otras l\u00edneas de trabajo que tambi\u00e9n tienen que ver con&nbsp;eso. Vivimos en una zona muy hermosa,&nbsp;muy linda, y bueno, lo que se pretende es generar conciencia ambiental, cambiar h\u00e1bitos de consumo&nbsp;y sobre todo formas en las que desechamos los productos\u201d, agreg\u00f3.<\/p>\n\n\n\n<p>El secretario se refiri\u00f3 a la importancia de llevar adelante este tipo de pol\u00edticas ambientales de reciclado: \u201cCada cosa que se puede recuperar&nbsp;de residuos nuevamente entra en la cadena de comercializaci\u00f3n o de reciclado, convirti\u00e9ndose&nbsp;en un nuevo producto. Eso genera menor uso de materia prima en la industria del packaging y&nbsp;genera adem\u00e1s conciencia en los domicilios y en las familias conciencia ambiental, que es lo que&nbsp;se apunta principalmente. No hay un beneficio espec\u00edfico para quienes participan, s\u00ed es un&nbsp;beneficio para la comunidad, para la sociedad\u201d, remarc\u00f3.<\/p>\n\n\n\n<p>Al ser consultado por este medio sobre la problem\u00e1tica de la sobrepoblaci\u00f3n canina en la localidad, Altuna se\u00f1al\u00f3 que se trabaja constantemente en materia de tenencia responsable y castraci\u00f3n: \u201cEl tema de la castraci\u00f3n continua la venimos&nbsp;haciendo todos los meses, la cual apunta al control de la poblaci\u00f3n canina. Son pol\u00edticas que&nbsp;lleva adelante el Municipio, que son constantes, que est\u00e1n teniendo resultados visibles. pero que necesitan y requieren de mucho esfuerzo por parte de los Municipios, de la&nbsp;localidad, de los ciudadanos y tambi\u00e9n mucho tiempo para ver el resultado final\u201d, indic\u00f3.<\/p>\n\n\n\n<div style=\"height:100px\" aria-hidden=\"true\" class=\"wp-block-spacer\"><\/div>\n\n\n\n<h2 class=\"wp-block-heading\" id=\"h-educacion-ambiental\"><strong>Educaci\u00f3n ambiental<\/strong><\/h2>\n\n\n\n<p>Por otro lado, el secretario se refiri\u00f3 a los trabajos que se llevan adelante desde el Municipio en materia de educaci\u00f3n ambiental:&nbsp; \u201cHoy a la ma\u00f1ana tuvimos una charla en una escuela en donde se habl\u00f3 el tema del compostaje que lleva adelante el Vivero Municipal. Este a\u00f1o nos han visitado varias&nbsp;escuelas y hemos ido a dar charlas sobre clasificaci\u00f3n de residuos, compostaje y tenencia&nbsp;responsable de mascotas. En realidad, lo que tenemos que lograr es un ida y vuelta con la&nbsp;sociedad y un intercambio tambi\u00e9n\u201d, indic\u00f3.<\/p>\n\n\n\n<p>\u201cM\u00e1s all\u00e1 de atender la demanda de los ciudadanos, que&nbsp;nosotros tambi\u00e9n podamos concientizar en los colegios es muy importante para el futuro, para&nbsp;que todas estas pol\u00edticas dejen de ser municipales y pasen a ser parte y que se encarne en la&nbsp;sociedad de R\u00edo Turbio. Esa es la finalidad. Y creo que ese trabajo se viene desarrollando bien y&nbsp;cada vez con mejores resultados\u201d, a\u00f1adi\u00f3.<\/p>\n\n\n\n<p>\u201cPero es una lucha&nbsp;constante y no solamente es un problema de R\u00edo Turbio, sino que sucede no solamente tampoco en&nbsp;el pueblo de Santa Cruz, sino en todos los lugares\u201d, cerr\u00f3.<\/p>\n\n\n\n<p>Fuente: <a href=\"https:\/\/www.tiemposur.com.ar\/info-general\/rio-turbio-trabaja-fuertemente-en-su-agenda-ambiental\">www.tiemposur.com.ar<\/a><\/p>\n","protected":false},"excerpt":{"rendered":"","protected":false},"author":2,"featured_media":83052,"comment_status":"open","ping_status":"open","sticky":false,"template":"","format":"standard","meta":{"site-sidebar-layout":"default","site-content-layout":"","ast-site-content-layout":"default","site-content-style":"default","site-sidebar-style":"default","ast-global-header-display":"","ast-banner-title-visibility":"","ast-main-header-display":"","ast-hfb-above-header-display":"","ast-hfb-below-header-display":"","ast-hfb-mobile-header-display":"","site-post-title":"","ast-breadcrumbs-content":"","ast-featured-img":"","footer-sml-layout":"","ast-disable-related-posts":"","theme-transparent-header-meta":"","adv-header-id-meta":"","stick-header-meta":"","header-above-stick-meta":"","header-main-stick-meta":"","header-below-stick-meta":"","astra-migrate-meta-layouts":"default","ast-page-background-enabled":"default","ast-page-background-meta":{"desktop":{"background-color":"var(--ast-global-color-5)","background-image":"","background-repeat":"repeat","background-position":"center center","background-size":"auto","background-attachment":"scroll","background-type":"","background-media":"","overlay-type":"","overlay-color":"","overlay-opacity":"","overlay-gradient":""},"tablet":{"background-color":"","background-image":"","background-repeat":"repeat","background-position":"center center","background-size":"auto","background-attachment":"scroll","background-type":"","background-media":"","overlay-type":"","overlay-color":"","overlay-opacity":"","overlay-gradient":""},"mobile":{"background-color":"","background-image":"","background-repeat":"repeat","background-position":"center center","background-size":"auto","background-attachment":"scroll","background-type":"","background-media":"","overlay-type":"","overlay-color":"","overlay-opacity":"","overlay-gradient":""}},"ast-content-background-meta":{"desktop":{"background-color":"var(--ast-global-color-4)","background-image":"","background-repeat":"repeat","background-position":"center center","background-size":"auto","background-attachment":"scroll","background-type":"","background-media":"","overlay-type":"","overlay-color":"","overlay-opacity":"","overlay-gradient":""},"tablet":{"background-color":"var(--ast-global-color-4)","background-image":"","background-repeat":"repeat","background-position":"center center","background-size":"auto","background-attachment":"scroll","background-type":"","background-media":"","overlay-type":"","overlay-color":"","overlay-opacity":"","overlay-gradient":""},"mobile":{"background-color":"var(--ast-global-color-4)","background-image":"","background-repeat":"repeat","background-position":"center center","background-size":"auto","background-attachment":"scroll","background-type":"","background-media":"","overlay-type":"","overlay-color":"","overlay-opacity":"","overlay-gradient":""}},"footnotes":""},"categories":[11,16],"tags":[],"class_list":["post-83051","post","type-post","status-publish","format-standard","has-post-thumbnail","hentry","category-boletin","category-municipales"],"yoast_head":"<!-- This site is optimized with the Yoast SEO Premium plugin v23.0 (Yoast SEO v27.5) - https:\/\/yoast.com\/product\/yoast-seo-premium-wordpress\/ -->\n<title>R\u00edo Turbio trabaja fuertemente en su agenda ambiental<\/title>\n<meta name=\"robots\" content=\"index, follow, max-snippet:-1, max-image-preview:large, max-video-preview:-1\" \/>\n<link rel=\"canonical\" href=\"https:\/\/patagoniambiental.com.ar\/info\/rio-turbio-trabaja-fuertemente-en-su-agenda-ambiental\/\" \/>\n<meta property=\"og:locale\" content=\"es_ES\" \/>\n<meta property=\"og:type\" content=\"article\" \/>\n<meta property=\"og:title\" content=\"R\u00edo Turbio trabaja fuertemente en su agenda ambiental\" \/>\n<meta property=\"og:url\" content=\"https:\/\/patagoniambiental.com.ar\/info\/rio-turbio-trabaja-fuertemente-en-su-agenda-ambiental\/\" \/>\n<meta property=\"og:site_name\" content=\"Patagonia Ambiental\" \/>\n<meta property=\"article:publisher\" content=\"https:\/\/www.facebook.com\/patagonia.ambiental\" \/>\n<meta property=\"article:author\" content=\"https:\/\/www.facebook.com\/share\/1C1V8Gv9BX\/?mibextid=qi2Omg\" \/>\n<meta property=\"article:published_time\" content=\"2024-05-24T22:00:00+00:00\" \/>\n<meta property=\"article:modified_time\" content=\"2024-08-10T18:13:43+00:00\" \/>\n<meta property=\"og:image\" content=\"https:\/\/patagoniambiental.com.ar\/info\/wp-content\/uploads\/2024\/05\/Sin-titulo-37.png\" \/>\n\t<meta property=\"og:image:width\" content=\"969\" \/>\n\t<meta property=\"og:image:height\" content=\"483\" \/>\n\t<meta property=\"og:image:type\" content=\"image\/png\" \/>\n<meta name=\"author\" content=\"Patagonia Ambiental\" \/>\n<meta name=\"twitter:card\" content=\"summary_large_image\" \/>\n<meta name=\"twitter:creator\" content=\"@PatAmb\" \/>\n<meta name=\"twitter:site\" content=\"@PatAmb\" \/>\n<script type=\"application\/ld+json\" class=\"yoast-schema-graph\">{\"@context\":\"https:\\\/\\\/schema.org\",\"@graph\":[{\"@type\":\"Article\",\"@id\":\"https:\\\/\\\/patagoniambiental.com.ar\\\/info\\\/rio-turbio-trabaja-fuertemente-en-su-agenda-ambiental\\\/#article\",\"isPartOf\":{\"@id\":\"https:\\\/\\\/patagoniambiental.com.ar\\\/info\\\/rio-turbio-trabaja-fuertemente-en-su-agenda-ambiental\\\/\"},\"author\":{\"name\":\"Patagonia Ambiental\",\"@id\":\"https:\\\/\\\/patagoniambiental.com.ar\\\/info\\\/#\\\/schema\\\/person\\\/db12bff64bbcbf6a253710bf0ea37b5d\"},\"headline\":\"R\u00edo Turbio trabaja fuertemente en su agenda ambiental\",\"datePublished\":\"2024-05-24T22:00:00+00:00\",\"dateModified\":\"2024-08-10T18:13:43+00:00\",\"mainEntityOfPage\":{\"@id\":\"https:\\\/\\\/patagoniambiental.com.ar\\\/info\\\/rio-turbio-trabaja-fuertemente-en-su-agenda-ambiental\\\/\"},\"wordCount\":749,\"commentCount\":0,\"publisher\":{\"@id\":\"https:\\\/\\\/patagoniambiental.com.ar\\\/info\\\/#organization\"},\"image\":{\"@id\":\"https:\\\/\\\/patagoniambiental.com.ar\\\/info\\\/rio-turbio-trabaja-fuertemente-en-su-agenda-ambiental\\\/#primaryimage\"},\"thumbnailUrl\":\"https:\\\/\\\/patagoniambiental.com.ar\\\/info\\\/wp-content\\\/uploads\\\/2024\\\/05\\\/Sin-titulo-37.png\",\"articleSection\":[\"Bolet\u00edn\",\"Municipales\"],\"inLanguage\":\"es\",\"potentialAction\":[{\"@type\":\"CommentAction\",\"name\":\"Comment\",\"target\":[\"https:\\\/\\\/patagoniambiental.com.ar\\\/info\\\/rio-turbio-trabaja-fuertemente-en-su-agenda-ambiental\\\/#respond\"]}]},{\"@type\":\"WebPage\",\"@id\":\"https:\\\/\\\/patagoniambiental.com.ar\\\/info\\\/rio-turbio-trabaja-fuertemente-en-su-agenda-ambiental\\\/\",\"url\":\"https:\\\/\\\/patagoniambiental.com.ar\\\/info\\\/rio-turbio-trabaja-fuertemente-en-su-agenda-ambiental\\\/\",\"name\":\"R\u00edo Turbio trabaja fuertemente en su agenda ambiental\",\"isPartOf\":{\"@id\":\"https:\\\/\\\/patagoniambiental.com.ar\\\/info\\\/#website\"},\"primaryImageOfPage\":{\"@id\":\"https:\\\/\\\/patagoniambiental.com.ar\\\/info\\\/rio-turbio-trabaja-fuertemente-en-su-agenda-ambiental\\\/#primaryimage\"},\"image\":{\"@id\":\"https:\\\/\\\/patagoniambiental.com.ar\\\/info\\\/rio-turbio-trabaja-fuertemente-en-su-agenda-ambiental\\\/#primaryimage\"},\"thumbnailUrl\":\"https:\\\/\\\/patagoniambiental.com.ar\\\/info\\\/wp-content\\\/uploads\\\/2024\\\/05\\\/Sin-titulo-37.png\",\"datePublished\":\"2024-05-24T22:00:00+00:00\",\"dateModified\":\"2024-08-10T18:13:43+00:00\",\"breadcrumb\":{\"@id\":\"https:\\\/\\\/patagoniambiental.com.ar\\\/info\\\/rio-turbio-trabaja-fuertemente-en-su-agenda-ambiental\\\/#breadcrumb\"},\"inLanguage\":\"es\",\"potentialAction\":[{\"@type\":\"ReadAction\",\"target\":[\"https:\\\/\\\/patagoniambiental.com.ar\\\/info\\\/rio-turbio-trabaja-fuertemente-en-su-agenda-ambiental\\\/\"]}]},{\"@type\":\"ImageObject\",\"inLanguage\":\"es\",\"@id\":\"https:\\\/\\\/patagoniambiental.com.ar\\\/info\\\/rio-turbio-trabaja-fuertemente-en-su-agenda-ambiental\\\/#primaryimage\",\"url\":\"https:\\\/\\\/patagoniambiental.com.ar\\\/info\\\/wp-content\\\/uploads\\\/2024\\\/05\\\/Sin-titulo-37.png\",\"contentUrl\":\"https:\\\/\\\/patagoniambiental.com.ar\\\/info\\\/wp-content\\\/uploads\\\/2024\\\/05\\\/Sin-titulo-37.png\",\"width\":969,\"height\":483},{\"@type\":\"BreadcrumbList\",\"@id\":\"https:\\\/\\\/patagoniambiental.com.ar\\\/info\\\/rio-turbio-trabaja-fuertemente-en-su-agenda-ambiental\\\/#breadcrumb\",\"itemListElement\":[{\"@type\":\"ListItem\",\"position\":1,\"name\":\"Inicio\",\"item\":\"https:\\\/\\\/patagoniambiental.com.ar\\\/info\\\/\"},{\"@type\":\"ListItem\",\"position\":2,\"name\":\"R\u00edo Turbio trabaja fuertemente en su agenda ambiental\"}]},{\"@type\":\"WebSite\",\"@id\":\"https:\\\/\\\/patagoniambiental.com.ar\\\/info\\\/#website\",\"url\":\"https:\\\/\\\/patagoniambiental.com.ar\\\/info\\\/\",\"name\":\"Patagonia Ambiental\",\"description\":\"Monitoreo y an\u00e1lisis de la situaci\u00f3n geopol\u00edtica en el mundo y su implicancia en la Patagonia\",\"publisher\":{\"@id\":\"https:\\\/\\\/patagoniambiental.com.ar\\\/info\\\/#organization\"},\"potentialAction\":[{\"@type\":\"SearchAction\",\"target\":{\"@type\":\"EntryPoint\",\"urlTemplate\":\"https:\\\/\\\/patagoniambiental.com.ar\\\/info\\\/?s={search_term_string}\"},\"query-input\":{\"@type\":\"PropertyValueSpecification\",\"valueRequired\":true,\"valueName\":\"search_term_string\"}}],\"inLanguage\":\"es\"},{\"@type\":\"Organization\",\"@id\":\"https:\\\/\\\/patagoniambiental.com.ar\\\/info\\\/#organization\",\"name\":\"Patagonia Ambiental\",\"url\":\"https:\\\/\\\/patagoniambiental.com.ar\\\/info\\\/\",\"logo\":{\"@type\":\"ImageObject\",\"inLanguage\":\"es\",\"@id\":\"https:\\\/\\\/patagoniambiental.com.ar\\\/info\\\/#\\\/schema\\\/logo\\\/image\\\/\",\"url\":\"https:\\\/\\\/patagoniambiental.com.ar\\\/info\\\/wp-content\\\/uploads\\\/2025\\\/05\\\/LOGO-PATAGONIA-AMBIENTAL.png\",\"contentUrl\":\"https:\\\/\\\/patagoniambiental.com.ar\\\/info\\\/wp-content\\\/uploads\\\/2025\\\/05\\\/LOGO-PATAGONIA-AMBIENTAL.png\",\"width\":433,\"height\":250,\"caption\":\"Patagonia Ambiental\"},\"image\":{\"@id\":\"https:\\\/\\\/patagoniambiental.com.ar\\\/info\\\/#\\\/schema\\\/logo\\\/image\\\/\"},\"sameAs\":[\"https:\\\/\\\/www.facebook.com\\\/patagonia.ambiental\",\"https:\\\/\\\/x.com\\\/PatAmb\"]},{\"@type\":\"Person\",\"@id\":\"https:\\\/\\\/patagoniambiental.com.ar\\\/info\\\/#\\\/schema\\\/person\\\/db12bff64bbcbf6a253710bf0ea37b5d\",\"name\":\"Patagonia Ambiental\",\"description\":\"Andr\u00e9s Nievas T\u00e9cnico en manejo ambiental, consultor Ambiental y escritor para medios locales e internacionales sobre temas de geopolitica y medio ambiente.\",\"sameAs\":[\"http:\\\/\\\/www.patagoniambiental.com.ar\",\"https:\\\/\\\/www.facebook.com\\\/share\\\/1C1V8Gv9BX\\\/?mibextid=qi2Omg\",\"@patagoniambiental\",\"https:\\\/\\\/youtube.com\\\/@patagoniaambiental2023?si=BLt58t0wuXquxlYZ\"]}]}<\/script>\n<!-- \/ Yoast SEO Premium plugin. -->","yoast_head_json":{"title":"R\u00edo Turbio trabaja fuertemente en su agenda ambiental","robots":{"index":"index","follow":"follow","max-snippet":"max-snippet:-1","max-image-preview":"max-image-preview:large","max-video-preview":"max-video-preview:-1"},"canonical":"https:\/\/patagoniambiental.com.ar\/info\/rio-turbio-trabaja-fuertemente-en-su-agenda-ambiental\/","og_locale":"es_ES","og_type":"article","og_title":"R\u00edo Turbio trabaja fuertemente en su agenda ambiental","og_url":"https:\/\/patagoniambiental.com.ar\/info\/rio-turbio-trabaja-fuertemente-en-su-agenda-ambiental\/","og_site_name":"Patagonia Ambiental","article_publisher":"https:\/\/www.facebook.com\/patagonia.ambiental","article_author":"https:\/\/www.facebook.com\/share\/1C1V8Gv9BX\/?mibextid=qi2Omg","article_published_time":"2024-05-24T22:00:00+00:00","article_modified_time":"2024-08-10T18:13:43+00:00","og_image":[{"width":969,"height":483,"url":"https:\/\/patagoniambiental.com.ar\/info\/wp-content\/uploads\/2024\/05\/Sin-titulo-37.png","type":"image\/png"}],"author":"Patagonia Ambiental","twitter_card":"summary_large_image","twitter_creator":"@PatAmb","twitter_site":"@PatAmb","schema":{"@context":"https:\/\/schema.org","@graph":[{"@type":"Article","@id":"https:\/\/patagoniambiental.com.ar\/info\/rio-turbio-trabaja-fuertemente-en-su-agenda-ambiental\/#article","isPartOf":{"@id":"https:\/\/patagoniambiental.com.ar\/info\/rio-turbio-trabaja-fuertemente-en-su-agenda-ambiental\/"},"author":{"name":"Patagonia Ambiental","@id":"https:\/\/patagoniambiental.com.ar\/info\/#\/schema\/person\/db12bff64bbcbf6a253710bf0ea37b5d"},"headline":"R\u00edo Turbio trabaja fuertemente en su agenda ambiental","datePublished":"2024-05-24T22:00:00+00:00","dateModified":"2024-08-10T18:13:43+00:00","mainEntityOfPage":{"@id":"https:\/\/patagoniambiental.com.ar\/info\/rio-turbio-trabaja-fuertemente-en-su-agenda-ambiental\/"},"wordCount":749,"commentCount":0,"publisher":{"@id":"https:\/\/patagoniambiental.com.ar\/info\/#organization"},"image":{"@id":"https:\/\/patagoniambiental.com.ar\/info\/rio-turbio-trabaja-fuertemente-en-su-agenda-ambiental\/#primaryimage"},"thumbnailUrl":"https:\/\/patagoniambiental.com.ar\/info\/wp-content\/uploads\/2024\/05\/Sin-titulo-37.png","articleSection":["Bolet\u00edn","Municipales"],"inLanguage":"es","potentialAction":[{"@type":"CommentAction","name":"Comment","target":["https:\/\/patagoniambiental.com.ar\/info\/rio-turbio-trabaja-fuertemente-en-su-agenda-ambiental\/#respond"]}]},{"@type":"WebPage","@id":"https:\/\/patagoniambiental.com.ar\/info\/rio-turbio-trabaja-fuertemente-en-su-agenda-ambiental\/","url":"https:\/\/patagoniambiental.com.ar\/info\/rio-turbio-trabaja-fuertemente-en-su-agenda-ambiental\/","name":"R\u00edo Turbio trabaja fuertemente en su agenda ambiental","isPartOf":{"@id":"https:\/\/patagoniambiental.com.ar\/info\/#website"},"primaryImageOfPage":{"@id":"https:\/\/patagoniambiental.com.ar\/info\/rio-turbio-trabaja-fuertemente-en-su-agenda-ambiental\/#primaryimage"},"image":{"@id":"https:\/\/patagoniambiental.com.ar\/info\/rio-turbio-trabaja-fuertemente-en-su-agenda-ambiental\/#primaryimage"},"thumbnailUrl":"https:\/\/patagoniambiental.com.ar\/info\/wp-content\/uploads\/2024\/05\/Sin-titulo-37.png","datePublished":"2024-05-24T22:00:00+00:00","dateModified":"2024-08-10T18:13:43+00:00","breadcrumb":{"@id":"https:\/\/patagoniambiental.com.ar\/info\/rio-turbio-trabaja-fuertemente-en-su-agenda-ambiental\/#breadcrumb"},"inLanguage":"es","potentialAction":[{"@type":"ReadAction","target":["https:\/\/patagoniambiental.com.ar\/info\/rio-turbio-trabaja-fuertemente-en-su-agenda-ambiental\/"]}]},{"@type":"ImageObject","inLanguage":"es","@id":"https:\/\/patagoniambiental.com.ar\/info\/rio-turbio-trabaja-fuertemente-en-su-agenda-ambiental\/#primaryimage","url":"https:\/\/patagoniambiental.com.ar\/info\/wp-content\/uploads\/2024\/05\/Sin-titulo-37.png","contentUrl":"https:\/\/patagoniambiental.com.ar\/info\/wp-content\/uploads\/2024\/05\/Sin-titulo-37.png","width":969,"height":483},{"@type":"BreadcrumbList","@id":"https:\/\/patagoniambiental.com.ar\/info\/rio-turbio-trabaja-fuertemente-en-su-agenda-ambiental\/#breadcrumb","itemListElement":[{"@type":"ListItem","position":1,"name":"Inicio","item":"https:\/\/patagoniambiental.com.ar\/info\/"},{"@type":"ListItem","position":2,"name":"R\u00edo Turbio trabaja fuertemente en su agenda ambiental"}]},{"@type":"WebSite","@id":"https:\/\/patagoniambiental.com.ar\/info\/#website","url":"https:\/\/patagoniambiental.com.ar\/info\/","name":"Patagonia Ambiental","description":"Monitoreo y an\u00e1lisis de la situaci\u00f3n geopol\u00edtica en el mundo y su implicancia en la Patagonia","publisher":{"@id":"https:\/\/patagoniambiental.com.ar\/info\/#organization"},"potentialAction":[{"@type":"SearchAction","target":{"@type":"EntryPoint","urlTemplate":"https:\/\/patagoniambiental.com.ar\/info\/?s={search_term_string}"},"query-input":{"@type":"PropertyValueSpecification","valueRequired":true,"valueName":"search_term_string"}}],"inLanguage":"es"},{"@type":"Organization","@id":"https:\/\/patagoniambiental.com.ar\/info\/#organization","name":"Patagonia Ambiental","url":"https:\/\/patagoniambiental.com.ar\/info\/","logo":{"@type":"ImageObject","inLanguage":"es","@id":"https:\/\/patagoniambiental.com.ar\/info\/#\/schema\/logo\/image\/","url":"https:\/\/patagoniambiental.com.ar\/info\/wp-content\/uploads\/2025\/05\/LOGO-PATAGONIA-AMBIENTAL.png","contentUrl":"https:\/\/patagoniambiental.com.ar\/info\/wp-content\/uploads\/2025\/05\/LOGO-PATAGONIA-AMBIENTAL.png","width":433,"height":250,"caption":"Patagonia Ambiental"},"image":{"@id":"https:\/\/patagoniambiental.com.ar\/info\/#\/schema\/logo\/image\/"},"sameAs":["https:\/\/www.facebook.com\/patagonia.ambiental","https:\/\/x.com\/PatAmb"]},{"@type":"Person","@id":"https:\/\/patagoniambiental.com.ar\/info\/#\/schema\/person\/db12bff64bbcbf6a253710bf0ea37b5d","name":"Patagonia Ambiental","description":"Andr\u00e9s Nievas T\u00e9cnico en manejo ambiental, consultor Ambiental y escritor para medios locales e internacionales sobre temas de geopolitica y medio ambiente.","sameAs":["http:\/\/www.patagoniambiental.com.ar","https:\/\/www.facebook.com\/share\/1C1V8Gv9BX\/?mibextid=qi2Omg","@patagoniambiental","https:\/\/youtube.com\/@patagoniaambiental2023?si=BLt58t0wuXquxlYZ"]}]}},"_links":{"self":[{"href":"https:\/\/patagoniambiental.com.ar\/info\/wp-json\/wp\/v2\/posts\/83051","targetHints":{"allow":["GET"]}}],"collection":[{"href":"https:\/\/patagoniambiental.com.ar\/info\/wp-json\/wp\/v2\/posts"}],"about":[{"href":"https:\/\/patagoniambiental.com.ar\/info\/wp-json\/wp\/v2\/types\/post"}],"author":[{"embeddable":true,"href":"https:\/\/patagoniambiental.com.ar\/info\/wp-json\/wp\/v2\/users\/2"}],"replies":[{"embeddable":true,"href":"https:\/\/patagoniambiental.com.ar\/info\/wp-json\/wp\/v2\/comments?post=83051"}],"version-history":[{"count":0,"href":"https:\/\/patagoniambiental.com.ar\/info\/wp-json\/wp\/v2\/posts\/83051\/revisions"}],"wp:featuredmedia":[{"embeddable":true,"href":"https:\/\/patagoniambiental.com.ar\/info\/wp-json\/wp\/v2\/media\/83052"}],"wp:attachment":[{"href":"https:\/\/patagoniambiental.com.ar\/info\/wp-json\/wp\/v2\/media?parent=83051"}],"wp:term":[{"taxonomy":"category","embeddable":true,"href":"https:\/\/patagoniambiental.com.ar\/info\/wp-json\/wp\/v2\/categories?post=83051"},{"taxonomy":"post_tag","embeddable":true,"href":"https:\/\/patagoniambiental.com.ar\/info\/wp-json\/wp\/v2\/tags?post=83051"}],"curies":[{"name":"wp","href":"https:\/\/api.w.org\/{rel}","templated":true}]}}