{"id":84053,"date":"2024-06-08T07:00:00","date_gmt":"2024-06-08T10:00:00","guid":{"rendered":"https:\/\/patagoniambiental.com.ar\/info\/?p=84053"},"modified":"2025-05-05T12:46:06","modified_gmt":"2025-05-05T15:46:06","slug":"amplia-participacion-en-la-jornada-de-ambiente-organizada-por-la-untdf","status":"publish","type":"post","link":"https:\/\/patagoniambiental.com.ar\/info\/amplia-participacion-en-la-jornada-de-ambiente-organizada-por-la-untdf\/","title":{"rendered":"Amplia participaci\u00f3n en la Jornada de Ambiente organizada por la UNTDF"},"content":{"rendered":"\n<!--more-->\n\n\n\n<h3 class=\"wp-block-heading\" id=\"h-ushuaia-la-titular-del-instituto-de-ciencias-polares-ambiente-y-recursos-naturales-de-la-untdf-lic-alicia-moretto-reconocio-su-satisfaccion-ante-la-convocatoria-obtenida-en-la-9\u00aa-edicion-de-la-jornada-de-ambiente\">Ushuaia.-La titular del Instituto de Ciencias Polares, Ambiente y Recursos Naturales de la UNTDF, lic. Alicia Moretto, reconoci\u00f3 su satisfacci\u00f3n ante la convocatoria obtenida en la 9\u00aa edici\u00f3n de la jornada de Ambiente.<\/h3>\n\n\n\n<p><\/p>\n\n\n\n<figure class=\"wp-block-image\"><img decoding=\"async\" src=\"https:\/\/sur54-s3.cdn.net.ar\/s3i233\/2024\/06\/sur54\/images\/81\/62\/816274_f348b78d99a96258f072a6bc6b4aa57e456414ddfffd645d272538bcf3950609\/md.webp\" alt=\"Amplia participaci\u00f3n en la Jornada de Ambiente organizada por la UNTDF\" title=\"Amplia participaci\u00f3n en la Jornada de Ambiente organizada por la UNTDF\"\/><\/figure>\n\n\n\n<p>\u201cLas Reservas Naturales en Tierra del Fuego\u201d. Acercando la Ciencia y la Gesti\u00f3n Ambiental\u201d se realiz\u00f3 este jueves en la casa de altos estudios de Ushuaia. En representaci\u00f3n del Poder Legislativo, particip\u00f3 la presidenta de la Comisi\u00f3n de Recursos Naturales N\u00ba 3, legisladora, Mar\u00eda Laura Colazo (PV).&nbsp;<\/p>\n\n\n\n<p>Debido a la amplia participaci\u00f3n de la jornada, Moretto agreg\u00f3: \u201cNos da la pauta de que debemos organizar m\u00e1s actividades de este tipo, para lograr la interacci\u00f3n y conocer lo que est\u00e1 hecho y saber qu\u00e9 es lo que se requiere para trabajar juntos\u201d.<\/p>\n\n\n\n<p>Adem\u00e1s especific\u00f3 que participaron docentes y estudiantes del Instituto a su cargo, tambi\u00e9n&nbsp; fueron parte, integrantes de ONG, representantes de Parques Nacionales, del municipio y cient\u00edficas y cient\u00edficos del Centro Austral de Investigaciones Cient\u00edficas (CADIC \u2013 CONICET). Cabe destacar que, seg\u00fan indic\u00f3 la profesional, la Jornada se coordin\u00f3 junto a la Secretar\u00eda de Ambiente de la Provincia.<\/p>\n\n\n\n<p>Cabe destacar que la actividad se enmarc\u00f3 en el D\u00eda Mundial del Medio Ambiente, bajo el lema \u2018Acercando la ciencia y la gesti\u00f3n ambiental\u2019.&nbsp;Se trat\u00f3 de un \u00e1mbito propicio para el intercambio de conocimientos y experiencias vinculadas al estudio y la gesti\u00f3n del ambiente en Tierra del Fuego.<\/p>\n\n\n\n<p>La docente resalt\u00f3 la importancia que le da la UNTDF al ambiente fueguino ligado a las \u00e1reas naturales protegidas y agreg\u00f3: \u201cTenemos tres carreras vinculadas. Biolog\u00eda, Geolog\u00eda y Ciencias Ambientales\u201d, y entendi\u00f3 que en dos de esas carreras de grado hay espacios curriculares vinculados a la conservaci\u00f3n y la biodiversidad, \u201cejes principales\u201d de esos trayectos formativos.&nbsp;En este sentido, rescat\u00f3 que el cuerpo docente de la Universidad Nacional est\u00e1 compuesto por profesionales que \u201ctienen toda su trayectoria en investigaci\u00f3n\u201d ligados al ambiente en general.<\/p>\n\n\n\n<p>Fuente: <a href=\"https:\/\/www.sur54.com\/noticias\/2024\/06\/07\/112288-amplia-participacion-en-la-jornada-de-ambiente-organizada-por-la-untdf\">www.sur54.com<\/a><\/p>\n","protected":false},"excerpt":{"rendered":"","protected":false},"author":2,"featured_media":84054,"comment_status":"open","ping_status":"open","sticky":false,"template":"","format":"standard","meta":{"site-sidebar-layout":"default","site-content-layout":"","ast-site-content-layout":"default","site-content-style":"default","site-sidebar-style":"default","ast-global-header-display":"","ast-banner-title-visibility":"","ast-main-header-display":"","ast-hfb-above-header-display":"","ast-hfb-below-header-display":"","ast-hfb-mobile-header-display":"","site-post-title":"","ast-breadcrumbs-content":"","ast-featured-img":"","footer-sml-layout":"","ast-disable-related-posts":"","theme-transparent-header-meta":"","adv-header-id-meta":"","stick-header-meta":"","header-above-stick-meta":"","header-main-stick-meta":"","header-below-stick-meta":"","astra-migrate-meta-layouts":"default","ast-page-background-enabled":"default","ast-page-background-meta":{"desktop":{"background-color":"var(--ast-global-color-5)","background-image":"","background-repeat":"repeat","background-position":"center center","background-size":"auto","background-attachment":"scroll","background-type":"","background-media":"","overlay-type":"","overlay-color":"","overlay-opacity":"","overlay-gradient":""},"tablet":{"background-color":"","background-image":"","background-repeat":"repeat","background-position":"center center","background-size":"auto","background-attachment":"scroll","background-type":"","background-media":"","overlay-type":"","overlay-color":"","overlay-opacity":"","overlay-gradient":""},"mobile":{"background-color":"","background-image":"","background-repeat":"repeat","background-position":"center center","background-size":"auto","background-attachment":"scroll","background-type":"","background-media":"","overlay-type":"","overlay-color":"","overlay-opacity":"","overlay-gradient":""}},"ast-content-background-meta":{"desktop":{"background-color":"var(--ast-global-color-4)","background-image":"","background-repeat":"repeat","background-position":"center center","background-size":"auto","background-attachment":"scroll","background-type":"","background-media":"","overlay-type":"","overlay-color":"","overlay-opacity":"","overlay-gradient":""},"tablet":{"background-color":"var(--ast-global-color-4)","background-image":"","background-repeat":"repeat","background-position":"center center","background-size":"auto","background-attachment":"scroll","background-type":"","background-media":"","overlay-type":"","overlay-color":"","overlay-opacity":"","overlay-gradient":""},"mobile":{"background-color":"var(--ast-global-color-4)","background-image":"","background-repeat":"repeat","background-position":"center center","background-size":"auto","background-attachment":"scroll","background-type":"","background-media":"","overlay-type":"","overlay-color":"","overlay-opacity":"","overlay-gradient":""}},"footnotes":""},"categories":[12,11,16,1],"tags":[],"class_list":["post-84053","post","type-post","status-publish","format-standard","has-post-thumbnail","hentry","category-agenda-ambiental","category-boletin","category-municipales","category-noticias"],"yoast_head":"<!-- This site is optimized with the Yoast SEO Premium plugin v23.0 (Yoast SEO v27.5) - https:\/\/yoast.com\/product\/yoast-seo-premium-wordpress\/ -->\n<title>Amplia participaci\u00f3n en la Jornada de Ambiente organizada por la UNTDF<\/title>\n<meta name=\"robots\" content=\"index, follow, max-snippet:-1, max-image-preview:large, max-video-preview:-1\" \/>\n<link rel=\"canonical\" href=\"https:\/\/patagoniambiental.com.ar\/info\/amplia-participacion-en-la-jornada-de-ambiente-organizada-por-la-untdf\/\" \/>\n<meta property=\"og:locale\" content=\"es_ES\" \/>\n<meta property=\"og:type\" content=\"article\" \/>\n<meta property=\"og:title\" content=\"Amplia participaci\u00f3n en la Jornada de Ambiente organizada por la UNTDF\" \/>\n<meta property=\"og:url\" content=\"https:\/\/patagoniambiental.com.ar\/info\/amplia-participacion-en-la-jornada-de-ambiente-organizada-por-la-untdf\/\" \/>\n<meta property=\"og:site_name\" content=\"Patagonia Ambiental\" \/>\n<meta property=\"article:publisher\" content=\"https:\/\/www.facebook.com\/patagonia.ambiental\" \/>\n<meta property=\"article:author\" content=\"https:\/\/www.facebook.com\/share\/1C1V8Gv9BX\/?mibextid=qi2Omg\" \/>\n<meta property=\"article:published_time\" content=\"2024-06-08T10:00:00+00:00\" \/>\n<meta property=\"article:modified_time\" content=\"2025-05-05T15:46:06+00:00\" \/>\n<meta property=\"og:image\" content=\"https:\/\/patagoniambiental.com.ar\/info\/wp-content\/uploads\/2024\/06\/Sin-titulo-2.png\" \/>\n\t<meta property=\"og:image:width\" content=\"852\" \/>\n\t<meta property=\"og:image:height\" content=\"497\" \/>\n\t<meta property=\"og:image:type\" content=\"image\/png\" \/>\n<meta name=\"author\" content=\"Patagonia Ambiental\" \/>\n<meta name=\"twitter:card\" content=\"summary_large_image\" \/>\n<meta name=\"twitter:creator\" content=\"@PatAmb\" \/>\n<meta name=\"twitter:site\" content=\"@PatAmb\" \/>\n<script type=\"application\/ld+json\" class=\"yoast-schema-graph\">{\"@context\":\"https:\\\/\\\/schema.org\",\"@graph\":[{\"@type\":\"Article\",\"@id\":\"https:\\\/\\\/patagoniambiental.com.ar\\\/info\\\/amplia-participacion-en-la-jornada-de-ambiente-organizada-por-la-untdf\\\/#article\",\"isPartOf\":{\"@id\":\"https:\\\/\\\/patagoniambiental.com.ar\\\/info\\\/amplia-participacion-en-la-jornada-de-ambiente-organizada-por-la-untdf\\\/\"},\"author\":{\"name\":\"Patagonia Ambiental\",\"@id\":\"https:\\\/\\\/patagoniambiental.com.ar\\\/info\\\/#\\\/schema\\\/person\\\/db12bff64bbcbf6a253710bf0ea37b5d\"},\"headline\":\"Amplia participaci\u00f3n en la Jornada de Ambiente organizada por la UNTDF\",\"datePublished\":\"2024-06-08T10:00:00+00:00\",\"dateModified\":\"2025-05-05T15:46:06+00:00\",\"mainEntityOfPage\":{\"@id\":\"https:\\\/\\\/patagoniambiental.com.ar\\\/info\\\/amplia-participacion-en-la-jornada-de-ambiente-organizada-por-la-untdf\\\/\"},\"wordCount\":355,\"commentCount\":0,\"publisher\":{\"@id\":\"https:\\\/\\\/patagoniambiental.com.ar\\\/info\\\/#organization\"},\"image\":{\"@id\":\"https:\\\/\\\/patagoniambiental.com.ar\\\/info\\\/amplia-participacion-en-la-jornada-de-ambiente-organizada-por-la-untdf\\\/#primaryimage\"},\"thumbnailUrl\":\"https:\\\/\\\/patagoniambiental.com.ar\\\/info\\\/wp-content\\\/uploads\\\/2024\\\/06\\\/Sin-titulo-2.png\",\"articleSection\":[\"Agenda Ambiental\",\"Bolet\u00edn\",\"Municipales\",\"Noticias\"],\"inLanguage\":\"es\",\"potentialAction\":[{\"@type\":\"CommentAction\",\"name\":\"Comment\",\"target\":[\"https:\\\/\\\/patagoniambiental.com.ar\\\/info\\\/amplia-participacion-en-la-jornada-de-ambiente-organizada-por-la-untdf\\\/#respond\"]}]},{\"@type\":\"WebPage\",\"@id\":\"https:\\\/\\\/patagoniambiental.com.ar\\\/info\\\/amplia-participacion-en-la-jornada-de-ambiente-organizada-por-la-untdf\\\/\",\"url\":\"https:\\\/\\\/patagoniambiental.com.ar\\\/info\\\/amplia-participacion-en-la-jornada-de-ambiente-organizada-por-la-untdf\\\/\",\"name\":\"Amplia participaci\u00f3n en la Jornada de Ambiente organizada por la UNTDF\",\"isPartOf\":{\"@id\":\"https:\\\/\\\/patagoniambiental.com.ar\\\/info\\\/#website\"},\"primaryImageOfPage\":{\"@id\":\"https:\\\/\\\/patagoniambiental.com.ar\\\/info\\\/amplia-participacion-en-la-jornada-de-ambiente-organizada-por-la-untdf\\\/#primaryimage\"},\"image\":{\"@id\":\"https:\\\/\\\/patagoniambiental.com.ar\\\/info\\\/amplia-participacion-en-la-jornada-de-ambiente-organizada-por-la-untdf\\\/#primaryimage\"},\"thumbnailUrl\":\"https:\\\/\\\/patagoniambiental.com.ar\\\/info\\\/wp-content\\\/uploads\\\/2024\\\/06\\\/Sin-titulo-2.png\",\"datePublished\":\"2024-06-08T10:00:00+00:00\",\"dateModified\":\"2025-05-05T15:46:06+00:00\",\"breadcrumb\":{\"@id\":\"https:\\\/\\\/patagoniambiental.com.ar\\\/info\\\/amplia-participacion-en-la-jornada-de-ambiente-organizada-por-la-untdf\\\/#breadcrumb\"},\"inLanguage\":\"es\",\"potentialAction\":[{\"@type\":\"ReadAction\",\"target\":[\"https:\\\/\\\/patagoniambiental.com.ar\\\/info\\\/amplia-participacion-en-la-jornada-de-ambiente-organizada-por-la-untdf\\\/\"]}]},{\"@type\":\"ImageObject\",\"inLanguage\":\"es\",\"@id\":\"https:\\\/\\\/patagoniambiental.com.ar\\\/info\\\/amplia-participacion-en-la-jornada-de-ambiente-organizada-por-la-untdf\\\/#primaryimage\",\"url\":\"https:\\\/\\\/patagoniambiental.com.ar\\\/info\\\/wp-content\\\/uploads\\\/2024\\\/06\\\/Sin-titulo-2.png\",\"contentUrl\":\"https:\\\/\\\/patagoniambiental.com.ar\\\/info\\\/wp-content\\\/uploads\\\/2024\\\/06\\\/Sin-titulo-2.png\",\"width\":852,\"height\":497},{\"@type\":\"BreadcrumbList\",\"@id\":\"https:\\\/\\\/patagoniambiental.com.ar\\\/info\\\/amplia-participacion-en-la-jornada-de-ambiente-organizada-por-la-untdf\\\/#breadcrumb\",\"itemListElement\":[{\"@type\":\"ListItem\",\"position\":1,\"name\":\"Inicio\",\"item\":\"https:\\\/\\\/patagoniambiental.com.ar\\\/info\\\/\"},{\"@type\":\"ListItem\",\"position\":2,\"name\":\"Amplia participaci\u00f3n en la Jornada de Ambiente organizada por la UNTDF\"}]},{\"@type\":\"WebSite\",\"@id\":\"https:\\\/\\\/patagoniambiental.com.ar\\\/info\\\/#website\",\"url\":\"https:\\\/\\\/patagoniambiental.com.ar\\\/info\\\/\",\"name\":\"Patagonia Ambiental\",\"description\":\"Monitoreo y an\u00e1lisis de la situaci\u00f3n geopol\u00edtica en el mundo y su implicancia en la Patagonia\",\"publisher\":{\"@id\":\"https:\\\/\\\/patagoniambiental.com.ar\\\/info\\\/#organization\"},\"potentialAction\":[{\"@type\":\"SearchAction\",\"target\":{\"@type\":\"EntryPoint\",\"urlTemplate\":\"https:\\\/\\\/patagoniambiental.com.ar\\\/info\\\/?s={search_term_string}\"},\"query-input\":{\"@type\":\"PropertyValueSpecification\",\"valueRequired\":true,\"valueName\":\"search_term_string\"}}],\"inLanguage\":\"es\"},{\"@type\":\"Organization\",\"@id\":\"https:\\\/\\\/patagoniambiental.com.ar\\\/info\\\/#organization\",\"name\":\"Patagonia Ambiental\",\"url\":\"https:\\\/\\\/patagoniambiental.com.ar\\\/info\\\/\",\"logo\":{\"@type\":\"ImageObject\",\"inLanguage\":\"es\",\"@id\":\"https:\\\/\\\/patagoniambiental.com.ar\\\/info\\\/#\\\/schema\\\/logo\\\/image\\\/\",\"url\":\"https:\\\/\\\/patagoniambiental.com.ar\\\/info\\\/wp-content\\\/uploads\\\/2025\\\/05\\\/LOGO-PATAGONIA-AMBIENTAL.png\",\"contentUrl\":\"https:\\\/\\\/patagoniambiental.com.ar\\\/info\\\/wp-content\\\/uploads\\\/2025\\\/05\\\/LOGO-PATAGONIA-AMBIENTAL.png\",\"width\":433,\"height\":250,\"caption\":\"Patagonia Ambiental\"},\"image\":{\"@id\":\"https:\\\/\\\/patagoniambiental.com.ar\\\/info\\\/#\\\/schema\\\/logo\\\/image\\\/\"},\"sameAs\":[\"https:\\\/\\\/www.facebook.com\\\/patagonia.ambiental\",\"https:\\\/\\\/x.com\\\/PatAmb\"]},{\"@type\":\"Person\",\"@id\":\"https:\\\/\\\/patagoniambiental.com.ar\\\/info\\\/#\\\/schema\\\/person\\\/db12bff64bbcbf6a253710bf0ea37b5d\",\"name\":\"Patagonia Ambiental\",\"description\":\"Andr\u00e9s Nievas T\u00e9cnico en manejo ambiental, consultor Ambiental y escritor para medios locales e internacionales sobre temas de geopolitica y medio ambiente.\",\"sameAs\":[\"http:\\\/\\\/www.patagoniambiental.com.ar\",\"https:\\\/\\\/www.facebook.com\\\/share\\\/1C1V8Gv9BX\\\/?mibextid=qi2Omg\",\"@patagoniambiental\",\"https:\\\/\\\/youtube.com\\\/@patagoniaambiental2023?si=BLt58t0wuXquxlYZ\"]}]}<\/script>\n<!-- \/ Yoast SEO Premium plugin. -->","yoast_head_json":{"title":"Amplia participaci\u00f3n en la Jornada de Ambiente organizada por la UNTDF","robots":{"index":"index","follow":"follow","max-snippet":"max-snippet:-1","max-image-preview":"max-image-preview:large","max-video-preview":"max-video-preview:-1"},"canonical":"https:\/\/patagoniambiental.com.ar\/info\/amplia-participacion-en-la-jornada-de-ambiente-organizada-por-la-untdf\/","og_locale":"es_ES","og_type":"article","og_title":"Amplia participaci\u00f3n en la Jornada de Ambiente organizada por la UNTDF","og_url":"https:\/\/patagoniambiental.com.ar\/info\/amplia-participacion-en-la-jornada-de-ambiente-organizada-por-la-untdf\/","og_site_name":"Patagonia Ambiental","article_publisher":"https:\/\/www.facebook.com\/patagonia.ambiental","article_author":"https:\/\/www.facebook.com\/share\/1C1V8Gv9BX\/?mibextid=qi2Omg","article_published_time":"2024-06-08T10:00:00+00:00","article_modified_time":"2025-05-05T15:46:06+00:00","og_image":[{"width":852,"height":497,"url":"https:\/\/patagoniambiental.com.ar\/info\/wp-content\/uploads\/2024\/06\/Sin-titulo-2.png","type":"image\/png"}],"author":"Patagonia Ambiental","twitter_card":"summary_large_image","twitter_creator":"@PatAmb","twitter_site":"@PatAmb","schema":{"@context":"https:\/\/schema.org","@graph":[{"@type":"Article","@id":"https:\/\/patagoniambiental.com.ar\/info\/amplia-participacion-en-la-jornada-de-ambiente-organizada-por-la-untdf\/#article","isPartOf":{"@id":"https:\/\/patagoniambiental.com.ar\/info\/amplia-participacion-en-la-jornada-de-ambiente-organizada-por-la-untdf\/"},"author":{"name":"Patagonia Ambiental","@id":"https:\/\/patagoniambiental.com.ar\/info\/#\/schema\/person\/db12bff64bbcbf6a253710bf0ea37b5d"},"headline":"Amplia participaci\u00f3n en la Jornada de Ambiente organizada por la UNTDF","datePublished":"2024-06-08T10:00:00+00:00","dateModified":"2025-05-05T15:46:06+00:00","mainEntityOfPage":{"@id":"https:\/\/patagoniambiental.com.ar\/info\/amplia-participacion-en-la-jornada-de-ambiente-organizada-por-la-untdf\/"},"wordCount":355,"commentCount":0,"publisher":{"@id":"https:\/\/patagoniambiental.com.ar\/info\/#organization"},"image":{"@id":"https:\/\/patagoniambiental.com.ar\/info\/amplia-participacion-en-la-jornada-de-ambiente-organizada-por-la-untdf\/#primaryimage"},"thumbnailUrl":"https:\/\/patagoniambiental.com.ar\/info\/wp-content\/uploads\/2024\/06\/Sin-titulo-2.png","articleSection":["Agenda Ambiental","Bolet\u00edn","Municipales","Noticias"],"inLanguage":"es","potentialAction":[{"@type":"CommentAction","name":"Comment","target":["https:\/\/patagoniambiental.com.ar\/info\/amplia-participacion-en-la-jornada-de-ambiente-organizada-por-la-untdf\/#respond"]}]},{"@type":"WebPage","@id":"https:\/\/patagoniambiental.com.ar\/info\/amplia-participacion-en-la-jornada-de-ambiente-organizada-por-la-untdf\/","url":"https:\/\/patagoniambiental.com.ar\/info\/amplia-participacion-en-la-jornada-de-ambiente-organizada-por-la-untdf\/","name":"Amplia participaci\u00f3n en la Jornada de Ambiente organizada por la UNTDF","isPartOf":{"@id":"https:\/\/patagoniambiental.com.ar\/info\/#website"},"primaryImageOfPage":{"@id":"https:\/\/patagoniambiental.com.ar\/info\/amplia-participacion-en-la-jornada-de-ambiente-organizada-por-la-untdf\/#primaryimage"},"image":{"@id":"https:\/\/patagoniambiental.com.ar\/info\/amplia-participacion-en-la-jornada-de-ambiente-organizada-por-la-untdf\/#primaryimage"},"thumbnailUrl":"https:\/\/patagoniambiental.com.ar\/info\/wp-content\/uploads\/2024\/06\/Sin-titulo-2.png","datePublished":"2024-06-08T10:00:00+00:00","dateModified":"2025-05-05T15:46:06+00:00","breadcrumb":{"@id":"https:\/\/patagoniambiental.com.ar\/info\/amplia-participacion-en-la-jornada-de-ambiente-organizada-por-la-untdf\/#breadcrumb"},"inLanguage":"es","potentialAction":[{"@type":"ReadAction","target":["https:\/\/patagoniambiental.com.ar\/info\/amplia-participacion-en-la-jornada-de-ambiente-organizada-por-la-untdf\/"]}]},{"@type":"ImageObject","inLanguage":"es","@id":"https:\/\/patagoniambiental.com.ar\/info\/amplia-participacion-en-la-jornada-de-ambiente-organizada-por-la-untdf\/#primaryimage","url":"https:\/\/patagoniambiental.com.ar\/info\/wp-content\/uploads\/2024\/06\/Sin-titulo-2.png","contentUrl":"https:\/\/patagoniambiental.com.ar\/info\/wp-content\/uploads\/2024\/06\/Sin-titulo-2.png","width":852,"height":497},{"@type":"BreadcrumbList","@id":"https:\/\/patagoniambiental.com.ar\/info\/amplia-participacion-en-la-jornada-de-ambiente-organizada-por-la-untdf\/#breadcrumb","itemListElement":[{"@type":"ListItem","position":1,"name":"Inicio","item":"https:\/\/patagoniambiental.com.ar\/info\/"},{"@type":"ListItem","position":2,"name":"Amplia participaci\u00f3n en la Jornada de Ambiente organizada por la UNTDF"}]},{"@type":"WebSite","@id":"https:\/\/patagoniambiental.com.ar\/info\/#website","url":"https:\/\/patagoniambiental.com.ar\/info\/","name":"Patagonia Ambiental","description":"Monitoreo y an\u00e1lisis de la situaci\u00f3n geopol\u00edtica en el mundo y su implicancia en la Patagonia","publisher":{"@id":"https:\/\/patagoniambiental.com.ar\/info\/#organization"},"potentialAction":[{"@type":"SearchAction","target":{"@type":"EntryPoint","urlTemplate":"https:\/\/patagoniambiental.com.ar\/info\/?s={search_term_string}"},"query-input":{"@type":"PropertyValueSpecification","valueRequired":true,"valueName":"search_term_string"}}],"inLanguage":"es"},{"@type":"Organization","@id":"https:\/\/patagoniambiental.com.ar\/info\/#organization","name":"Patagonia Ambiental","url":"https:\/\/patagoniambiental.com.ar\/info\/","logo":{"@type":"ImageObject","inLanguage":"es","@id":"https:\/\/patagoniambiental.com.ar\/info\/#\/schema\/logo\/image\/","url":"https:\/\/patagoniambiental.com.ar\/info\/wp-content\/uploads\/2025\/05\/LOGO-PATAGONIA-AMBIENTAL.png","contentUrl":"https:\/\/patagoniambiental.com.ar\/info\/wp-content\/uploads\/2025\/05\/LOGO-PATAGONIA-AMBIENTAL.png","width":433,"height":250,"caption":"Patagonia Ambiental"},"image":{"@id":"https:\/\/patagoniambiental.com.ar\/info\/#\/schema\/logo\/image\/"},"sameAs":["https:\/\/www.facebook.com\/patagonia.ambiental","https:\/\/x.com\/PatAmb"]},{"@type":"Person","@id":"https:\/\/patagoniambiental.com.ar\/info\/#\/schema\/person\/db12bff64bbcbf6a253710bf0ea37b5d","name":"Patagonia Ambiental","description":"Andr\u00e9s Nievas T\u00e9cnico en manejo ambiental, consultor Ambiental y escritor para medios locales e internacionales sobre temas de geopolitica y medio ambiente.","sameAs":["http:\/\/www.patagoniambiental.com.ar","https:\/\/www.facebook.com\/share\/1C1V8Gv9BX\/?mibextid=qi2Omg","@patagoniambiental","https:\/\/youtube.com\/@patagoniaambiental2023?si=BLt58t0wuXquxlYZ"]}]}},"_links":{"self":[{"href":"https:\/\/patagoniambiental.com.ar\/info\/wp-json\/wp\/v2\/posts\/84053","targetHints":{"allow":["GET"]}}],"collection":[{"href":"https:\/\/patagoniambiental.com.ar\/info\/wp-json\/wp\/v2\/posts"}],"about":[{"href":"https:\/\/patagoniambiental.com.ar\/info\/wp-json\/wp\/v2\/types\/post"}],"author":[{"embeddable":true,"href":"https:\/\/patagoniambiental.com.ar\/info\/wp-json\/wp\/v2\/users\/2"}],"replies":[{"embeddable":true,"href":"https:\/\/patagoniambiental.com.ar\/info\/wp-json\/wp\/v2\/comments?post=84053"}],"version-history":[{"count":0,"href":"https:\/\/patagoniambiental.com.ar\/info\/wp-json\/wp\/v2\/posts\/84053\/revisions"}],"wp:featuredmedia":[{"embeddable":true,"href":"https:\/\/patagoniambiental.com.ar\/info\/wp-json\/wp\/v2\/media\/84054"}],"wp:attachment":[{"href":"https:\/\/patagoniambiental.com.ar\/info\/wp-json\/wp\/v2\/media?parent=84053"}],"wp:term":[{"taxonomy":"category","embeddable":true,"href":"https:\/\/patagoniambiental.com.ar\/info\/wp-json\/wp\/v2\/categories?post=84053"},{"taxonomy":"post_tag","embeddable":true,"href":"https:\/\/patagoniambiental.com.ar\/info\/wp-json\/wp\/v2\/tags?post=84053"}],"curies":[{"name":"wp","href":"https:\/\/api.w.org\/{rel}","templated":true}]}}