{"id":84239,"date":"2024-06-13T19:00:00","date_gmt":"2024-06-13T22:00:00","guid":{"rendered":"https:\/\/patagoniambiental.com.ar\/info\/?p=84239"},"modified":"2025-05-05T11:15:09","modified_gmt":"2025-05-05T14:15:09","slug":"nueva-edicion-del-curso-obligatorio-de-ambiente-de-la-ley-yolanda-en-neuquen","status":"publish","type":"post","link":"https:\/\/patagoniambiental.com.ar\/info\/nueva-edicion-del-curso-obligatorio-de-ambiente-de-la-ley-yolanda-en-neuquen\/","title":{"rendered":"Nueva edici\u00f3n del curso obligatorio de Ambiente de la Ley Yolanda en Neuqu\u00e9n"},"content":{"rendered":"\n<!--more-->\n\n\n\n<p>Neuqu\u00e9n.-Se trata de la tercera edici\u00f3n de este a\u00f1o. Cerca de 900 trabajadores de los tres poderes del Estado de Neuqu\u00e9n ya lo han realizado durante este a\u00f1o.<\/p>\n\n\n\n<p>Se encuentran abiertas las preinscripciones para los agentes p\u00fablicos de la provincia interesados en participar de la tercera edici\u00f3n 2024 de la capacitaci\u00f3n obligatoria de la Ley Yolanda. As\u00ed lo inform\u00f3 la secretar\u00eda de Ambiente, dependiente del ministerio de Energ\u00eda y Recursos Naturales.<\/p>\n\n\n\n<p>Para participar, se deber\u00e1 acceder hasta el 14 de junio al sitio web&nbsp;<a href=\"https:\/\/capacitacion.neuquen.gov.ar\/convocatorias\/\" target=\"_blank\" rel=\"noreferrer noopener\">https:\/\/capacitacion.neuquen.<wbr>gov.ar\/convocatorias\/<\/a>&nbsp;y completar el formulario de preinscripci\u00f3n. Posteriormente, y seg\u00fan el cupo dispuesto, se informar\u00e1 a aquellos que sean seleccionados para realizarlo.<\/p>\n\n\n\n<p>El objetivo es garantizar la formaci\u00f3n con perspectiva de desarrollo sostenible para los agentes y funcionarios de los tres poderes del Estado, para comprender el alcance de la conciencia ambiental de sus tareas, sus decisiones laborales y su vida cotidiana.<\/p>\n\n\n\n<p>La autoridad de aplicaci\u00f3n de la ley es la secretar\u00eda de Ambiente, dependiente del ministerio de Energ\u00eda y Recursos Naturales de la Provincia. El curso se realiza en conjunto y articulando acciones con la direcci\u00f3n superior de Capacitaci\u00f3n y Fortalecimiento de la Funci\u00f3n P\u00fablica del ministerio Jefatura de Gabinete, que promueven la ejecuci\u00f3n del presente curso.<\/p>\n\n\n\n<p>El objetivo principal de la Ley Yolanda es que los funcionarios y empleados p\u00fablicos provinciales y municipales comprendan la transversalidad de los temas ambientales en el dise\u00f1o, la planificaci\u00f3n y la implementaci\u00f3n de las pol\u00edticas p\u00fablicas para contribuir, desde la gesti\u00f3n estatal, a la construcci\u00f3n de una Argentina ambientalmente sostenible.<\/p>\n\n\n\n<p>La provincia sancion\u00f3 la Ley 3.285 el 25 de marzo del 2021, mediante la cual adhiri\u00f3 a la Ley Nacional 27.592 para incorporar la formaci\u00f3n a todo el personal del Estado.<\/p>\n\n\n\n<p>Fuente: <a href=\"https:\/\/www.zapala-noticias.com.ar\/nueva-edicion-del-curso-obligatorio-de-ambiente-de-la-ley-yolanda\/\">www.zapala-noticias.com.ar<\/a><\/p>\n","protected":false},"excerpt":{"rendered":"","protected":false},"author":2,"featured_media":84240,"comment_status":"open","ping_status":"open","sticky":false,"template":"","format":"standard","meta":{"site-sidebar-layout":"default","site-content-layout":"","ast-site-content-layout":"default","site-content-style":"default","site-sidebar-style":"default","ast-global-header-display":"","ast-banner-title-visibility":"","ast-main-header-display":"","ast-hfb-above-header-display":"","ast-hfb-below-header-display":"","ast-hfb-mobile-header-display":"","site-post-title":"","ast-breadcrumbs-content":"","ast-featured-img":"","footer-sml-layout":"","ast-disable-related-posts":"","theme-transparent-header-meta":"","adv-header-id-meta":"","stick-header-meta":"","header-above-stick-meta":"","header-main-stick-meta":"","header-below-stick-meta":"","astra-migrate-meta-layouts":"default","ast-page-background-enabled":"default","ast-page-background-meta":{"desktop":{"background-color":"var(--ast-global-color-5)","background-image":"","background-repeat":"repeat","background-position":"center center","background-size":"auto","background-attachment":"scroll","background-type":"","background-media":"","overlay-type":"","overlay-color":"","overlay-opacity":"","overlay-gradient":""},"tablet":{"background-color":"","background-image":"","background-repeat":"repeat","background-position":"center center","background-size":"auto","background-attachment":"scroll","background-type":"","background-media":"","overlay-type":"","overlay-color":"","overlay-opacity":"","overlay-gradient":""},"mobile":{"background-color":"","background-image":"","background-repeat":"repeat","background-position":"center center","background-size":"auto","background-attachment":"scroll","background-type":"","background-media":"","overlay-type":"","overlay-color":"","overlay-opacity":"","overlay-gradient":""}},"ast-content-background-meta":{"desktop":{"background-color":"var(--ast-global-color-4)","background-image":"","background-repeat":"repeat","background-position":"center center","background-size":"auto","background-attachment":"scroll","background-type":"","background-media":"","overlay-type":"","overlay-color":"","overlay-opacity":"","overlay-gradient":""},"tablet":{"background-color":"var(--ast-global-color-4)","background-image":"","background-repeat":"repeat","background-position":"center center","background-size":"auto","background-attachment":"scroll","background-type":"","background-media":"","overlay-type":"","overlay-color":"","overlay-opacity":"","overlay-gradient":""},"mobile":{"background-color":"var(--ast-global-color-4)","background-image":"","background-repeat":"repeat","background-position":"center center","background-size":"auto","background-attachment":"scroll","background-type":"","background-media":"","overlay-type":"","overlay-color":"","overlay-opacity":"","overlay-gradient":""}},"footnotes":""},"categories":[18,1,13],"tags":[],"class_list":["post-84239","post","type-post","status-publish","format-standard","has-post-thumbnail","hentry","category-neuquen","category-noticias","category-provinciales"],"yoast_head":"<!-- This site is optimized with the Yoast SEO Premium plugin v23.0 (Yoast SEO v27.5) - https:\/\/yoast.com\/product\/yoast-seo-premium-wordpress\/ -->\n<title>Nueva edici\u00f3n del curso obligatorio de Ambiente de la Ley Yolanda en Neuqu\u00e9n<\/title>\n<meta name=\"robots\" content=\"index, follow, max-snippet:-1, max-image-preview:large, max-video-preview:-1\" \/>\n<link rel=\"canonical\" href=\"https:\/\/patagoniambiental.com.ar\/info\/nueva-edicion-del-curso-obligatorio-de-ambiente-de-la-ley-yolanda-en-neuquen\/\" \/>\n<meta property=\"og:locale\" content=\"es_ES\" \/>\n<meta property=\"og:type\" content=\"article\" \/>\n<meta property=\"og:title\" content=\"Nueva edici\u00f3n del curso obligatorio de Ambiente de la Ley Yolanda en Neuqu\u00e9n\" \/>\n<meta property=\"og:url\" content=\"https:\/\/patagoniambiental.com.ar\/info\/nueva-edicion-del-curso-obligatorio-de-ambiente-de-la-ley-yolanda-en-neuquen\/\" \/>\n<meta property=\"og:site_name\" content=\"Patagonia Ambiental\" \/>\n<meta property=\"article:publisher\" content=\"https:\/\/www.facebook.com\/patagonia.ambiental\" \/>\n<meta property=\"article:author\" content=\"https:\/\/www.facebook.com\/share\/1C1V8Gv9BX\/?mibextid=qi2Omg\" \/>\n<meta property=\"article:published_time\" content=\"2024-06-13T22:00:00+00:00\" \/>\n<meta property=\"article:modified_time\" content=\"2025-05-05T14:15:09+00:00\" \/>\n<meta property=\"og:image\" content=\"https:\/\/patagoniambiental.com.ar\/info\/wp-content\/uploads\/2024\/06\/web-ley-yolanda-2024.jpg\" \/>\n\t<meta property=\"og:image:width\" content=\"1276\" \/>\n\t<meta property=\"og:image:height\" content=\"630\" \/>\n\t<meta property=\"og:image:type\" content=\"image\/jpeg\" \/>\n<meta name=\"author\" content=\"Patagonia Ambiental\" \/>\n<meta name=\"twitter:card\" content=\"summary_large_image\" \/>\n<meta name=\"twitter:creator\" content=\"@PatAmb\" \/>\n<meta name=\"twitter:site\" content=\"@PatAmb\" \/>\n<script type=\"application\/ld+json\" class=\"yoast-schema-graph\">{\"@context\":\"https:\\\/\\\/schema.org\",\"@graph\":[{\"@type\":\"Article\",\"@id\":\"https:\\\/\\\/patagoniambiental.com.ar\\\/info\\\/nueva-edicion-del-curso-obligatorio-de-ambiente-de-la-ley-yolanda-en-neuquen\\\/#article\",\"isPartOf\":{\"@id\":\"https:\\\/\\\/patagoniambiental.com.ar\\\/info\\\/nueva-edicion-del-curso-obligatorio-de-ambiente-de-la-ley-yolanda-en-neuquen\\\/\"},\"author\":{\"name\":\"Patagonia Ambiental\",\"@id\":\"https:\\\/\\\/patagoniambiental.com.ar\\\/info\\\/#\\\/schema\\\/person\\\/db12bff64bbcbf6a253710bf0ea37b5d\"},\"headline\":\"Nueva edici\u00f3n del curso obligatorio de Ambiente de la Ley Yolanda en Neuqu\u00e9n\",\"datePublished\":\"2024-06-13T22:00:00+00:00\",\"dateModified\":\"2025-05-05T14:15:09+00:00\",\"mainEntityOfPage\":{\"@id\":\"https:\\\/\\\/patagoniambiental.com.ar\\\/info\\\/nueva-edicion-del-curso-obligatorio-de-ambiente-de-la-ley-yolanda-en-neuquen\\\/\"},\"wordCount\":334,\"commentCount\":0,\"publisher\":{\"@id\":\"https:\\\/\\\/patagoniambiental.com.ar\\\/info\\\/#organization\"},\"image\":{\"@id\":\"https:\\\/\\\/patagoniambiental.com.ar\\\/info\\\/nueva-edicion-del-curso-obligatorio-de-ambiente-de-la-ley-yolanda-en-neuquen\\\/#primaryimage\"},\"thumbnailUrl\":\"https:\\\/\\\/patagoniambiental.com.ar\\\/info\\\/wp-content\\\/uploads\\\/2024\\\/06\\\/web-ley-yolanda-2024.jpg\",\"articleSection\":[\"Neuqu\u00e9n\",\"Noticias\",\"Provinciales\"],\"inLanguage\":\"es\",\"potentialAction\":[{\"@type\":\"CommentAction\",\"name\":\"Comment\",\"target\":[\"https:\\\/\\\/patagoniambiental.com.ar\\\/info\\\/nueva-edicion-del-curso-obligatorio-de-ambiente-de-la-ley-yolanda-en-neuquen\\\/#respond\"]}]},{\"@type\":\"WebPage\",\"@id\":\"https:\\\/\\\/patagoniambiental.com.ar\\\/info\\\/nueva-edicion-del-curso-obligatorio-de-ambiente-de-la-ley-yolanda-en-neuquen\\\/\",\"url\":\"https:\\\/\\\/patagoniambiental.com.ar\\\/info\\\/nueva-edicion-del-curso-obligatorio-de-ambiente-de-la-ley-yolanda-en-neuquen\\\/\",\"name\":\"Nueva edici\u00f3n del curso obligatorio de Ambiente de la Ley Yolanda en Neuqu\u00e9n\",\"isPartOf\":{\"@id\":\"https:\\\/\\\/patagoniambiental.com.ar\\\/info\\\/#website\"},\"primaryImageOfPage\":{\"@id\":\"https:\\\/\\\/patagoniambiental.com.ar\\\/info\\\/nueva-edicion-del-curso-obligatorio-de-ambiente-de-la-ley-yolanda-en-neuquen\\\/#primaryimage\"},\"image\":{\"@id\":\"https:\\\/\\\/patagoniambiental.com.ar\\\/info\\\/nueva-edicion-del-curso-obligatorio-de-ambiente-de-la-ley-yolanda-en-neuquen\\\/#primaryimage\"},\"thumbnailUrl\":\"https:\\\/\\\/patagoniambiental.com.ar\\\/info\\\/wp-content\\\/uploads\\\/2024\\\/06\\\/web-ley-yolanda-2024.jpg\",\"datePublished\":\"2024-06-13T22:00:00+00:00\",\"dateModified\":\"2025-05-05T14:15:09+00:00\",\"breadcrumb\":{\"@id\":\"https:\\\/\\\/patagoniambiental.com.ar\\\/info\\\/nueva-edicion-del-curso-obligatorio-de-ambiente-de-la-ley-yolanda-en-neuquen\\\/#breadcrumb\"},\"inLanguage\":\"es\",\"potentialAction\":[{\"@type\":\"ReadAction\",\"target\":[\"https:\\\/\\\/patagoniambiental.com.ar\\\/info\\\/nueva-edicion-del-curso-obligatorio-de-ambiente-de-la-ley-yolanda-en-neuquen\\\/\"]}]},{\"@type\":\"ImageObject\",\"inLanguage\":\"es\",\"@id\":\"https:\\\/\\\/patagoniambiental.com.ar\\\/info\\\/nueva-edicion-del-curso-obligatorio-de-ambiente-de-la-ley-yolanda-en-neuquen\\\/#primaryimage\",\"url\":\"https:\\\/\\\/patagoniambiental.com.ar\\\/info\\\/wp-content\\\/uploads\\\/2024\\\/06\\\/web-ley-yolanda-2024.jpg\",\"contentUrl\":\"https:\\\/\\\/patagoniambiental.com.ar\\\/info\\\/wp-content\\\/uploads\\\/2024\\\/06\\\/web-ley-yolanda-2024.jpg\",\"width\":1200,\"height\":592},{\"@type\":\"BreadcrumbList\",\"@id\":\"https:\\\/\\\/patagoniambiental.com.ar\\\/info\\\/nueva-edicion-del-curso-obligatorio-de-ambiente-de-la-ley-yolanda-en-neuquen\\\/#breadcrumb\",\"itemListElement\":[{\"@type\":\"ListItem\",\"position\":1,\"name\":\"Inicio\",\"item\":\"https:\\\/\\\/patagoniambiental.com.ar\\\/info\\\/\"},{\"@type\":\"ListItem\",\"position\":2,\"name\":\"Nueva edici\u00f3n del curso obligatorio de Ambiente de la Ley Yolanda en Neuqu\u00e9n\"}]},{\"@type\":\"WebSite\",\"@id\":\"https:\\\/\\\/patagoniambiental.com.ar\\\/info\\\/#website\",\"url\":\"https:\\\/\\\/patagoniambiental.com.ar\\\/info\\\/\",\"name\":\"Patagonia Ambiental\",\"description\":\"Monitoreo y an\u00e1lisis de la situaci\u00f3n geopol\u00edtica en el mundo y su implicancia en la Patagonia\",\"publisher\":{\"@id\":\"https:\\\/\\\/patagoniambiental.com.ar\\\/info\\\/#organization\"},\"potentialAction\":[{\"@type\":\"SearchAction\",\"target\":{\"@type\":\"EntryPoint\",\"urlTemplate\":\"https:\\\/\\\/patagoniambiental.com.ar\\\/info\\\/?s={search_term_string}\"},\"query-input\":{\"@type\":\"PropertyValueSpecification\",\"valueRequired\":true,\"valueName\":\"search_term_string\"}}],\"inLanguage\":\"es\"},{\"@type\":\"Organization\",\"@id\":\"https:\\\/\\\/patagoniambiental.com.ar\\\/info\\\/#organization\",\"name\":\"Patagonia Ambiental\",\"url\":\"https:\\\/\\\/patagoniambiental.com.ar\\\/info\\\/\",\"logo\":{\"@type\":\"ImageObject\",\"inLanguage\":\"es\",\"@id\":\"https:\\\/\\\/patagoniambiental.com.ar\\\/info\\\/#\\\/schema\\\/logo\\\/image\\\/\",\"url\":\"https:\\\/\\\/patagoniambiental.com.ar\\\/info\\\/wp-content\\\/uploads\\\/2025\\\/05\\\/LOGO-PATAGONIA-AMBIENTAL.png\",\"contentUrl\":\"https:\\\/\\\/patagoniambiental.com.ar\\\/info\\\/wp-content\\\/uploads\\\/2025\\\/05\\\/LOGO-PATAGONIA-AMBIENTAL.png\",\"width\":433,\"height\":250,\"caption\":\"Patagonia Ambiental\"},\"image\":{\"@id\":\"https:\\\/\\\/patagoniambiental.com.ar\\\/info\\\/#\\\/schema\\\/logo\\\/image\\\/\"},\"sameAs\":[\"https:\\\/\\\/www.facebook.com\\\/patagonia.ambiental\",\"https:\\\/\\\/x.com\\\/PatAmb\"]},{\"@type\":\"Person\",\"@id\":\"https:\\\/\\\/patagoniambiental.com.ar\\\/info\\\/#\\\/schema\\\/person\\\/db12bff64bbcbf6a253710bf0ea37b5d\",\"name\":\"Patagonia Ambiental\",\"description\":\"Andr\u00e9s Nievas T\u00e9cnico en manejo ambiental, consultor Ambiental y escritor para medios locales e internacionales sobre temas de geopolitica y medio ambiente.\",\"sameAs\":[\"http:\\\/\\\/www.patagoniambiental.com.ar\",\"https:\\\/\\\/www.facebook.com\\\/share\\\/1C1V8Gv9BX\\\/?mibextid=qi2Omg\",\"@patagoniambiental\",\"https:\\\/\\\/youtube.com\\\/@patagoniaambiental2023?si=BLt58t0wuXquxlYZ\"]}]}<\/script>\n<!-- \/ Yoast SEO Premium plugin. -->","yoast_head_json":{"title":"Nueva edici\u00f3n del curso obligatorio de Ambiente de la Ley Yolanda en Neuqu\u00e9n","robots":{"index":"index","follow":"follow","max-snippet":"max-snippet:-1","max-image-preview":"max-image-preview:large","max-video-preview":"max-video-preview:-1"},"canonical":"https:\/\/patagoniambiental.com.ar\/info\/nueva-edicion-del-curso-obligatorio-de-ambiente-de-la-ley-yolanda-en-neuquen\/","og_locale":"es_ES","og_type":"article","og_title":"Nueva edici\u00f3n del curso obligatorio de Ambiente de la Ley Yolanda en Neuqu\u00e9n","og_url":"https:\/\/patagoniambiental.com.ar\/info\/nueva-edicion-del-curso-obligatorio-de-ambiente-de-la-ley-yolanda-en-neuquen\/","og_site_name":"Patagonia Ambiental","article_publisher":"https:\/\/www.facebook.com\/patagonia.ambiental","article_author":"https:\/\/www.facebook.com\/share\/1C1V8Gv9BX\/?mibextid=qi2Omg","article_published_time":"2024-06-13T22:00:00+00:00","article_modified_time":"2025-05-05T14:15:09+00:00","og_image":[{"width":1276,"height":630,"url":"https:\/\/patagoniambiental.com.ar\/info\/wp-content\/uploads\/2024\/06\/web-ley-yolanda-2024.jpg","type":"image\/jpeg"}],"author":"Patagonia Ambiental","twitter_card":"summary_large_image","twitter_creator":"@PatAmb","twitter_site":"@PatAmb","schema":{"@context":"https:\/\/schema.org","@graph":[{"@type":"Article","@id":"https:\/\/patagoniambiental.com.ar\/info\/nueva-edicion-del-curso-obligatorio-de-ambiente-de-la-ley-yolanda-en-neuquen\/#article","isPartOf":{"@id":"https:\/\/patagoniambiental.com.ar\/info\/nueva-edicion-del-curso-obligatorio-de-ambiente-de-la-ley-yolanda-en-neuquen\/"},"author":{"name":"Patagonia Ambiental","@id":"https:\/\/patagoniambiental.com.ar\/info\/#\/schema\/person\/db12bff64bbcbf6a253710bf0ea37b5d"},"headline":"Nueva edici\u00f3n del curso obligatorio de Ambiente de la Ley Yolanda en Neuqu\u00e9n","datePublished":"2024-06-13T22:00:00+00:00","dateModified":"2025-05-05T14:15:09+00:00","mainEntityOfPage":{"@id":"https:\/\/patagoniambiental.com.ar\/info\/nueva-edicion-del-curso-obligatorio-de-ambiente-de-la-ley-yolanda-en-neuquen\/"},"wordCount":334,"commentCount":0,"publisher":{"@id":"https:\/\/patagoniambiental.com.ar\/info\/#organization"},"image":{"@id":"https:\/\/patagoniambiental.com.ar\/info\/nueva-edicion-del-curso-obligatorio-de-ambiente-de-la-ley-yolanda-en-neuquen\/#primaryimage"},"thumbnailUrl":"https:\/\/patagoniambiental.com.ar\/info\/wp-content\/uploads\/2024\/06\/web-ley-yolanda-2024.jpg","articleSection":["Neuqu\u00e9n","Noticias","Provinciales"],"inLanguage":"es","potentialAction":[{"@type":"CommentAction","name":"Comment","target":["https:\/\/patagoniambiental.com.ar\/info\/nueva-edicion-del-curso-obligatorio-de-ambiente-de-la-ley-yolanda-en-neuquen\/#respond"]}]},{"@type":"WebPage","@id":"https:\/\/patagoniambiental.com.ar\/info\/nueva-edicion-del-curso-obligatorio-de-ambiente-de-la-ley-yolanda-en-neuquen\/","url":"https:\/\/patagoniambiental.com.ar\/info\/nueva-edicion-del-curso-obligatorio-de-ambiente-de-la-ley-yolanda-en-neuquen\/","name":"Nueva edici\u00f3n del curso obligatorio de Ambiente de la Ley Yolanda en Neuqu\u00e9n","isPartOf":{"@id":"https:\/\/patagoniambiental.com.ar\/info\/#website"},"primaryImageOfPage":{"@id":"https:\/\/patagoniambiental.com.ar\/info\/nueva-edicion-del-curso-obligatorio-de-ambiente-de-la-ley-yolanda-en-neuquen\/#primaryimage"},"image":{"@id":"https:\/\/patagoniambiental.com.ar\/info\/nueva-edicion-del-curso-obligatorio-de-ambiente-de-la-ley-yolanda-en-neuquen\/#primaryimage"},"thumbnailUrl":"https:\/\/patagoniambiental.com.ar\/info\/wp-content\/uploads\/2024\/06\/web-ley-yolanda-2024.jpg","datePublished":"2024-06-13T22:00:00+00:00","dateModified":"2025-05-05T14:15:09+00:00","breadcrumb":{"@id":"https:\/\/patagoniambiental.com.ar\/info\/nueva-edicion-del-curso-obligatorio-de-ambiente-de-la-ley-yolanda-en-neuquen\/#breadcrumb"},"inLanguage":"es","potentialAction":[{"@type":"ReadAction","target":["https:\/\/patagoniambiental.com.ar\/info\/nueva-edicion-del-curso-obligatorio-de-ambiente-de-la-ley-yolanda-en-neuquen\/"]}]},{"@type":"ImageObject","inLanguage":"es","@id":"https:\/\/patagoniambiental.com.ar\/info\/nueva-edicion-del-curso-obligatorio-de-ambiente-de-la-ley-yolanda-en-neuquen\/#primaryimage","url":"https:\/\/patagoniambiental.com.ar\/info\/wp-content\/uploads\/2024\/06\/web-ley-yolanda-2024.jpg","contentUrl":"https:\/\/patagoniambiental.com.ar\/info\/wp-content\/uploads\/2024\/06\/web-ley-yolanda-2024.jpg","width":1200,"height":592},{"@type":"BreadcrumbList","@id":"https:\/\/patagoniambiental.com.ar\/info\/nueva-edicion-del-curso-obligatorio-de-ambiente-de-la-ley-yolanda-en-neuquen\/#breadcrumb","itemListElement":[{"@type":"ListItem","position":1,"name":"Inicio","item":"https:\/\/patagoniambiental.com.ar\/info\/"},{"@type":"ListItem","position":2,"name":"Nueva edici\u00f3n del curso obligatorio de Ambiente de la Ley Yolanda en Neuqu\u00e9n"}]},{"@type":"WebSite","@id":"https:\/\/patagoniambiental.com.ar\/info\/#website","url":"https:\/\/patagoniambiental.com.ar\/info\/","name":"Patagonia Ambiental","description":"Monitoreo y an\u00e1lisis de la situaci\u00f3n geopol\u00edtica en el mundo y su implicancia en la Patagonia","publisher":{"@id":"https:\/\/patagoniambiental.com.ar\/info\/#organization"},"potentialAction":[{"@type":"SearchAction","target":{"@type":"EntryPoint","urlTemplate":"https:\/\/patagoniambiental.com.ar\/info\/?s={search_term_string}"},"query-input":{"@type":"PropertyValueSpecification","valueRequired":true,"valueName":"search_term_string"}}],"inLanguage":"es"},{"@type":"Organization","@id":"https:\/\/patagoniambiental.com.ar\/info\/#organization","name":"Patagonia Ambiental","url":"https:\/\/patagoniambiental.com.ar\/info\/","logo":{"@type":"ImageObject","inLanguage":"es","@id":"https:\/\/patagoniambiental.com.ar\/info\/#\/schema\/logo\/image\/","url":"https:\/\/patagoniambiental.com.ar\/info\/wp-content\/uploads\/2025\/05\/LOGO-PATAGONIA-AMBIENTAL.png","contentUrl":"https:\/\/patagoniambiental.com.ar\/info\/wp-content\/uploads\/2025\/05\/LOGO-PATAGONIA-AMBIENTAL.png","width":433,"height":250,"caption":"Patagonia Ambiental"},"image":{"@id":"https:\/\/patagoniambiental.com.ar\/info\/#\/schema\/logo\/image\/"},"sameAs":["https:\/\/www.facebook.com\/patagonia.ambiental","https:\/\/x.com\/PatAmb"]},{"@type":"Person","@id":"https:\/\/patagoniambiental.com.ar\/info\/#\/schema\/person\/db12bff64bbcbf6a253710bf0ea37b5d","name":"Patagonia Ambiental","description":"Andr\u00e9s Nievas T\u00e9cnico en manejo ambiental, consultor Ambiental y escritor para medios locales e internacionales sobre temas de geopolitica y medio ambiente.","sameAs":["http:\/\/www.patagoniambiental.com.ar","https:\/\/www.facebook.com\/share\/1C1V8Gv9BX\/?mibextid=qi2Omg","@patagoniambiental","https:\/\/youtube.com\/@patagoniaambiental2023?si=BLt58t0wuXquxlYZ"]}]}},"_links":{"self":[{"href":"https:\/\/patagoniambiental.com.ar\/info\/wp-json\/wp\/v2\/posts\/84239","targetHints":{"allow":["GET"]}}],"collection":[{"href":"https:\/\/patagoniambiental.com.ar\/info\/wp-json\/wp\/v2\/posts"}],"about":[{"href":"https:\/\/patagoniambiental.com.ar\/info\/wp-json\/wp\/v2\/types\/post"}],"author":[{"embeddable":true,"href":"https:\/\/patagoniambiental.com.ar\/info\/wp-json\/wp\/v2\/users\/2"}],"replies":[{"embeddable":true,"href":"https:\/\/patagoniambiental.com.ar\/info\/wp-json\/wp\/v2\/comments?post=84239"}],"version-history":[{"count":0,"href":"https:\/\/patagoniambiental.com.ar\/info\/wp-json\/wp\/v2\/posts\/84239\/revisions"}],"wp:featuredmedia":[{"embeddable":true,"href":"https:\/\/patagoniambiental.com.ar\/info\/wp-json\/wp\/v2\/media\/84240"}],"wp:attachment":[{"href":"https:\/\/patagoniambiental.com.ar\/info\/wp-json\/wp\/v2\/media?parent=84239"}],"wp:term":[{"taxonomy":"category","embeddable":true,"href":"https:\/\/patagoniambiental.com.ar\/info\/wp-json\/wp\/v2\/categories?post=84239"},{"taxonomy":"post_tag","embeddable":true,"href":"https:\/\/patagoniambiental.com.ar\/info\/wp-json\/wp\/v2\/tags?post=84239"}],"curies":[{"name":"wp","href":"https:\/\/api.w.org\/{rel}","templated":true}]}}