{"id":84626,"date":"2024-07-08T07:00:00","date_gmt":"2024-07-08T10:00:00","guid":{"rendered":"https:\/\/patagoniambiental.com.ar\/info\/?p=84626"},"modified":"2025-05-05T11:02:01","modified_gmt":"2025-05-05T14:02:01","slug":"yerba-organica-produccion-sustentable-y-consumo-responsable","status":"publish","type":"post","link":"https:\/\/patagoniambiental.com.ar\/info\/yerba-organica-produccion-sustentable-y-consumo-responsable\/","title":{"rendered":"Yerba org\u00e1nica, producci\u00f3n sustentable y consumo responsable"},"content":{"rendered":"\n<!--more-->\n\n\n\n<p>Los consumidores que optan por esta alternativa la pueden encontrar en Caminos y Sabores 2024, hasta el martes 9 de julio, en La Rural, ciudad de Buenos Aires.<\/p>\n\n\n\n<p>Positivamente actual. As\u00ed podr\u00eda definirse la yerba mate org\u00e1nica, obtenida cuidando la naturaleza, lo cual refuerza su origen en la Selva Paranaense (la yerba mate ilex paraguariensis es un \u00e1rbol nativo de este ecosistema) y la producci\u00f3n sustentable.<\/p>\n\n\n\n<div style=\"height:100px\" aria-hidden=\"true\" class=\"wp-block-spacer\"><\/div>\n\n\n\n<h2 class=\"wp-block-heading\" id=\"h-arapegua-con-equilibrio-socio-ambiental\">Arapegu\u00e1, con equilibrio socio ambiental<\/h2>\n\n\n\n<p>La yerba mate org\u00e1nica Arapegu\u00e1 es uno de esos productos. Su materia prima proviene de la agricultura org\u00e1nica y biodin\u00e1mica. Impulsada por la Cooperativa Agropecuaria Biodin\u00e1mica La Abundancia Limitada, esta forma de producir no solo contribuye con la conservaci\u00f3n de la naturaleza sino tambi\u00e9n con el arraigo de la familia agraria.<br>Para afianzar esa l\u00ednea, la Cooperativa, con sede en la localidad misionera de Puerto Rico, mantiene lazos con la Asociaci\u00f3n Aves Argentinas, que el a\u00f1o pasado cre\u00f3 el sello CAA a fin de impulsar la acreditaci\u00f3n de los cultivos amigos de las aves.<br>De esta manera, quienes disfruten el mate con yerba Arapegu\u00e1 contribuyen con la Cooperativa y los productores que protegen nacientes y cursos de agua, la vida silvestre, y la restauraci\u00f3n de la Selva Paranaense.<\/p>\n\n\n\n<div style=\"height:100px\" aria-hidden=\"true\" class=\"wp-block-spacer\"><\/div>\n\n\n\n<h2 class=\"wp-block-heading\" id=\"h-\"><\/h2>\n\n\n\n<h2 class=\"wp-block-heading\" id=\"h-mate-amp-co-una-nueva-experiencia-matera\">Mate &amp; Co, una nueva experiencia matera<\/h2>\n\n\n\n<p>Mate &amp; Co. elabora blends premium de yerba mate org\u00e1nica mezclados con hierbas, especias, frutas y flores, \u201ccreando una nueva experiencia al momento de tomar mate\u201d, explic\u00f3 Marcela De Loredo..<br>En esta ocasi\u00f3n, en Caminos y Sabores, la empresa preseta yerba org\u00e1nica molienda especial y tradicional, 9 blends diferentes de yerba org\u00e1nica en lata y en bolsita, toppings para agregarle al mate, mates de acero y cer\u00e1mica con bombilla.<\/p>\n\n\n\n<div style=\"height:100px\" aria-hidden=\"true\" class=\"wp-block-spacer\"><\/div>\n\n\n\n<h2 class=\"wp-block-heading\" id=\"h-hierbas-del-oasis-pensando-en-una-buena-salud\">Hierbas del O\u00e1sis, pensando en una buena salud<\/h2>\n\n\n\n<p>Hierbas del Oasis, por otra parte, se dedica a la elaboraci\u00f3n y comercializaci\u00f3n de productos naturales. \u201cNuestra yerba mate se diferencia de la yerba de consumo masivo, ya que adem\u00e1s de ofrecer un producto para disfrutar de un exquisito mate, de sabor duradero, buscamos aportar beneficios para la salud de las personas\u201d, destac\u00f3 Gabriela Rivas, gerente comercial.<br>En esa l\u00ednea, nombr\u00f3 a la yerba mate org\u00e1nica cultivada sin agroqu\u00edmicos, que cuida tanto la salud de las personas como la preservaci\u00f3n del suelo y el ambiente; la yerba mate premium, con dos a\u00f1os de estacionamiento natural, de cuerpo y sabor intenso; la yerba mate tostada, que no produce acidez, para personas con problemas estomacales, y la yerba mate compuesta, con distintas hierbas, en tres variedades. \u201cLa combinaci\u00f3n equilibrada ya que se siente el agradable sabor de las hierbas, pero no invade el de la yerba mate\u201d, defini\u00f3 Rivas.<\/p>\n\n\n\n<div style=\"height:100px\" aria-hidden=\"true\" class=\"wp-block-spacer\"><\/div>\n\n\n\n<h2 class=\"wp-block-heading\" id=\"h-la-oberena-con-acento-en-la-biodiversidad\">La Obere\u00f1a, con acento en la biodiversidad<\/h2>\n\n\n\n<p>La Obere\u00f1a es \u201celaborada bajo los requisitos establecidos en la normativa org\u00e1nica argentina, amparada por la Ley 25.127\u201d, explic\u00f3 Mario B\u00e1rbaro, quien est\u00e1 al frente de la empresa familiar.<\/p>\n\n\n\n<p>\u201cNuestra chacra org\u00e1nica, ubicada en Ober\u00e1, Misiones, cumple con todas las exigencias y controles de calidad del SENASA, a trav\u00e9s de la certificadora, logr\u00e1ndose con ello el mantenimiento y mejoramiento de la fertilidad de los suelos, el mantenimiento de la biodiversidad, adem\u00e1s de la no utilizaci\u00f3n de productos de s\u00edntesis qu\u00edmica y de organismos gen\u00e9ticamente modificados, controlada su trazabilidad para obtener un producto de alta calidad\u201d, profundiz\u00f3.<\/p>\n\n\n\n<div style=\"height:100px\" aria-hidden=\"true\" class=\"wp-block-spacer\"><\/div>\n\n\n\n<h2 class=\"wp-block-heading\" id=\"h-pampa-calidad-y-cuidado-de-la-naturaleza\">Pampa, calidad y cuidado de la naturaleza<\/h2>\n\n\n\n<p>Otro producto org\u00e1nico y de calidad es yerba mate Org\u00e1nica Pampa, en sus versiones tradicional e Intensa, de la Cooperativa Agr\u00edcola Mixta de Monte Carlo Limitada. Es natural, saludable y amigable con el ambiente, ya que desde la planta y durante todas las etapas de proceso de elaboraci\u00f3n, se evita el uso y\/o contacto con productos qu\u00edmicos. \u201cDesde las parcelas de yerba mate hasta el consumidor final, lo principal es el cuidado y la conservaci\u00f3n de los recursos naturales y el ambiente, brindando un producto de alta calidad\u201d, garantiz\u00f3 la licenciada Cristha Arntzen, responsable del \u00e1rea de Comercio en la entidad. De esta manera, continu\u00f3, \u201clos consumidores pueden estar seguros de que al consumir la yerba mate org\u00e1nica est\u00e1n tambi\u00e9n cuidando de la fauna y flora\u201d.<br>Adem\u00e1s de Org\u00e1nica Pampa, la Cooperativa se luce con yerba mate convencional en las marcas Aguantadora y Sinceridad, apreciados por su estacionamiento natural prolongado, con bajo contenido de polvo (BCP) y la combinaci\u00f3n perfecta de componentes en cada una de sus variedades: tradicional, suave, despalada y terer\u00e9.<\/p>\n\n\n\n<div style=\"height:100px\" aria-hidden=\"true\" class=\"wp-block-spacer\"><\/div>\n\n\n\n<h2 class=\"wp-block-heading\" id=\"h-mate-amos-singularidad-con-nuevos-sabores-y-aromas\">Mate Amos, singularidad con nuevos sabores y aromas<\/h2>\n\n\n\n<p>Desde Cura T\u00e9 Alma, nos cont\u00f3 Bel\u00e9n Robaina, \u201cbuscamos revalorizar la yerba mate encontrando nuevos sabores y aromas que contribuyan a su personalidad con los ingredientes m\u00e1s especiales\u201d.<br>Su l\u00ednea Mate Amos tiene 4 productos premium hecho \u00edntegramente en Argentina: yerba mate pura y tres blends a base de t\u00e9 verde: Paradise, que es yerba mate canchada con t\u00e9 verde en hebras, manzana deshidratada, rosa mosqueta, ar\u00e1ndano, anan\u00e1 y papaya deshidratada, saborizante de ar\u00e1ndano; Jaguar: energizante y especiado., con yerba mate canchada con t\u00e9 en hebras, cardamomo, coriandro, naranja, jengibre; y Pampa, relajante y herbal, con yerba mate canchada con t\u00e9 verde en hebras, cedr\u00f3n, poleo, menta, peperina, p\u00e9talos de rosa, sabor bergamota.<br>Todas con presentaci\u00f3n de 220grs, para el mate habitual, terer\u00e9, infusi\u00f3n o cocktails.<br>Los blends de yerba, destac\u00f3 Robaina, \u201cest\u00e1n pensados para un consumidor que busca nuevos sabores, con combinaciones para diferentes momentos del d\u00eda\u201d.<\/p>\n\n\n\n<h4 class=\"wp-block-heading\" id=\"h-fuente-inym-org-ar\">Fuente: <a href=\"https:\/\/inym.org.ar\/noticias\/institucionales\/80504-yerba-organica-produccion-sustentable-y-consumo-responsable.html\">inym.org.ar<\/a><\/h4>\n","protected":false},"excerpt":{"rendered":"","protected":false},"author":2,"featured_media":84627,"comment_status":"open","ping_status":"open","sticky":false,"template":"","format":"standard","meta":{"site-sidebar-layout":"default","site-content-layout":"","ast-site-content-layout":"default","site-content-style":"default","site-sidebar-style":"default","ast-global-header-display":"","ast-banner-title-visibility":"","ast-main-header-display":"","ast-hfb-above-header-display":"","ast-hfb-below-header-display":"","ast-hfb-mobile-header-display":"","site-post-title":"","ast-breadcrumbs-content":"","ast-featured-img":"","footer-sml-layout":"","ast-disable-related-posts":"","theme-transparent-header-meta":"","adv-header-id-meta":"","stick-header-meta":"","header-above-stick-meta":"","header-main-stick-meta":"","header-below-stick-meta":"","astra-migrate-meta-layouts":"default","ast-page-background-enabled":"default","ast-page-background-meta":{"desktop":{"background-color":"var(--ast-global-color-5)","background-image":"","background-repeat":"repeat","background-position":"center center","background-size":"auto","background-attachment":"scroll","background-type":"","background-media":"","overlay-type":"","overlay-color":"","overlay-opacity":"","overlay-gradient":""},"tablet":{"background-color":"","background-image":"","background-repeat":"repeat","background-position":"center center","background-size":"auto","background-attachment":"scroll","background-type":"","background-media":"","overlay-type":"","overlay-color":"","overlay-opacity":"","overlay-gradient":""},"mobile":{"background-color":"","background-image":"","background-repeat":"repeat","background-position":"center center","background-size":"auto","background-attachment":"scroll","background-type":"","background-media":"","overlay-type":"","overlay-color":"","overlay-opacity":"","overlay-gradient":""}},"ast-content-background-meta":{"desktop":{"background-color":"var(--ast-global-color-4)","background-image":"","background-repeat":"repeat","background-position":"center center","background-size":"auto","background-attachment":"scroll","background-type":"","background-media":"","overlay-type":"","overlay-color":"","overlay-opacity":"","overlay-gradient":""},"tablet":{"background-color":"var(--ast-global-color-4)","background-image":"","background-repeat":"repeat","background-position":"center center","background-size":"auto","background-attachment":"scroll","background-type":"","background-media":"","overlay-type":"","overlay-color":"","overlay-opacity":"","overlay-gradient":""},"mobile":{"background-color":"var(--ast-global-color-4)","background-image":"","background-repeat":"repeat","background-position":"center center","background-size":"auto","background-attachment":"scroll","background-type":"","background-media":"","overlay-type":"","overlay-color":"","overlay-opacity":"","overlay-gradient":""}},"footnotes":""},"categories":[58,1,13],"tags":[],"class_list":["post-84626","post","type-post","status-publish","format-standard","has-post-thumbnail","hentry","category-buenos-aires","category-noticias","category-provinciales"],"yoast_head":"<!-- This site is optimized with the Yoast SEO Premium plugin v23.0 (Yoast SEO v27.5) - https:\/\/yoast.com\/product\/yoast-seo-premium-wordpress\/ -->\n<title>Yerba org\u00e1nica, producci\u00f3n sustentable y consumo responsable<\/title>\n<meta name=\"robots\" content=\"index, follow, max-snippet:-1, max-image-preview:large, max-video-preview:-1\" \/>\n<link rel=\"canonical\" href=\"https:\/\/patagoniambiental.com.ar\/info\/yerba-organica-produccion-sustentable-y-consumo-responsable\/\" \/>\n<meta property=\"og:locale\" content=\"es_ES\" \/>\n<meta property=\"og:type\" content=\"article\" \/>\n<meta property=\"og:title\" content=\"Yerba org\u00e1nica, producci\u00f3n sustentable y consumo responsable\" \/>\n<meta property=\"og:url\" content=\"https:\/\/patagoniambiental.com.ar\/info\/yerba-organica-produccion-sustentable-y-consumo-responsable\/\" \/>\n<meta property=\"og:site_name\" content=\"Patagonia Ambiental\" \/>\n<meta property=\"article:publisher\" content=\"https:\/\/www.facebook.com\/patagonia.ambiental\" \/>\n<meta property=\"article:author\" content=\"https:\/\/www.facebook.com\/share\/1C1V8Gv9BX\/?mibextid=qi2Omg\" \/>\n<meta property=\"article:published_time\" content=\"2024-07-08T10:00:00+00:00\" \/>\n<meta property=\"article:modified_time\" content=\"2025-05-05T14:02:01+00:00\" \/>\n<meta property=\"og:image\" content=\"https:\/\/patagoniambiental.com.ar\/info\/wp-content\/uploads\/2024\/07\/80504_imagen-e1723383915209.jpeg\" \/>\n\t<meta property=\"og:image:width\" content=\"1000\" \/>\n\t<meta property=\"og:image:height\" content=\"666\" \/>\n\t<meta property=\"og:image:type\" content=\"image\/jpeg\" \/>\n<meta name=\"author\" content=\"Patagonia Ambiental\" \/>\n<meta name=\"twitter:card\" content=\"summary_large_image\" \/>\n<meta name=\"twitter:creator\" content=\"@PatAmb\" \/>\n<meta name=\"twitter:site\" content=\"@PatAmb\" \/>\n<script type=\"application\/ld+json\" class=\"yoast-schema-graph\">{\"@context\":\"https:\\\/\\\/schema.org\",\"@graph\":[{\"@type\":\"Article\",\"@id\":\"https:\\\/\\\/patagoniambiental.com.ar\\\/info\\\/yerba-organica-produccion-sustentable-y-consumo-responsable\\\/#article\",\"isPartOf\":{\"@id\":\"https:\\\/\\\/patagoniambiental.com.ar\\\/info\\\/yerba-organica-produccion-sustentable-y-consumo-responsable\\\/\"},\"author\":{\"name\":\"Patagonia Ambiental\",\"@id\":\"https:\\\/\\\/patagoniambiental.com.ar\\\/info\\\/#\\\/schema\\\/person\\\/db12bff64bbcbf6a253710bf0ea37b5d\"},\"headline\":\"Yerba org\u00e1nica, producci\u00f3n sustentable y consumo responsable\",\"datePublished\":\"2024-07-08T10:00:00+00:00\",\"dateModified\":\"2025-05-05T14:02:01+00:00\",\"mainEntityOfPage\":{\"@id\":\"https:\\\/\\\/patagoniambiental.com.ar\\\/info\\\/yerba-organica-produccion-sustentable-y-consumo-responsable\\\/\"},\"wordCount\":942,\"commentCount\":0,\"publisher\":{\"@id\":\"https:\\\/\\\/patagoniambiental.com.ar\\\/info\\\/#organization\"},\"image\":{\"@id\":\"https:\\\/\\\/patagoniambiental.com.ar\\\/info\\\/yerba-organica-produccion-sustentable-y-consumo-responsable\\\/#primaryimage\"},\"thumbnailUrl\":\"https:\\\/\\\/patagoniambiental.com.ar\\\/info\\\/wp-content\\\/uploads\\\/2024\\\/07\\\/80504_imagen-e1723383915209.jpeg\",\"articleSection\":[\"Buenos Aires\",\"Noticias\",\"Provinciales\"],\"inLanguage\":\"es\",\"potentialAction\":[{\"@type\":\"CommentAction\",\"name\":\"Comment\",\"target\":[\"https:\\\/\\\/patagoniambiental.com.ar\\\/info\\\/yerba-organica-produccion-sustentable-y-consumo-responsable\\\/#respond\"]}]},{\"@type\":\"WebPage\",\"@id\":\"https:\\\/\\\/patagoniambiental.com.ar\\\/info\\\/yerba-organica-produccion-sustentable-y-consumo-responsable\\\/\",\"url\":\"https:\\\/\\\/patagoniambiental.com.ar\\\/info\\\/yerba-organica-produccion-sustentable-y-consumo-responsable\\\/\",\"name\":\"Yerba org\u00e1nica, producci\u00f3n sustentable y consumo responsable\",\"isPartOf\":{\"@id\":\"https:\\\/\\\/patagoniambiental.com.ar\\\/info\\\/#website\"},\"primaryImageOfPage\":{\"@id\":\"https:\\\/\\\/patagoniambiental.com.ar\\\/info\\\/yerba-organica-produccion-sustentable-y-consumo-responsable\\\/#primaryimage\"},\"image\":{\"@id\":\"https:\\\/\\\/patagoniambiental.com.ar\\\/info\\\/yerba-organica-produccion-sustentable-y-consumo-responsable\\\/#primaryimage\"},\"thumbnailUrl\":\"https:\\\/\\\/patagoniambiental.com.ar\\\/info\\\/wp-content\\\/uploads\\\/2024\\\/07\\\/80504_imagen-e1723383915209.jpeg\",\"datePublished\":\"2024-07-08T10:00:00+00:00\",\"dateModified\":\"2025-05-05T14:02:01+00:00\",\"breadcrumb\":{\"@id\":\"https:\\\/\\\/patagoniambiental.com.ar\\\/info\\\/yerba-organica-produccion-sustentable-y-consumo-responsable\\\/#breadcrumb\"},\"inLanguage\":\"es\",\"potentialAction\":[{\"@type\":\"ReadAction\",\"target\":[\"https:\\\/\\\/patagoniambiental.com.ar\\\/info\\\/yerba-organica-produccion-sustentable-y-consumo-responsable\\\/\"]}]},{\"@type\":\"ImageObject\",\"inLanguage\":\"es\",\"@id\":\"https:\\\/\\\/patagoniambiental.com.ar\\\/info\\\/yerba-organica-produccion-sustentable-y-consumo-responsable\\\/#primaryimage\",\"url\":\"https:\\\/\\\/patagoniambiental.com.ar\\\/info\\\/wp-content\\\/uploads\\\/2024\\\/07\\\/80504_imagen-e1723383915209.jpeg\",\"contentUrl\":\"https:\\\/\\\/patagoniambiental.com.ar\\\/info\\\/wp-content\\\/uploads\\\/2024\\\/07\\\/80504_imagen-e1723383915209.jpeg\",\"width\":901,\"height\":600,\"caption\":\"Yerba Org\u00e1nica\"},{\"@type\":\"BreadcrumbList\",\"@id\":\"https:\\\/\\\/patagoniambiental.com.ar\\\/info\\\/yerba-organica-produccion-sustentable-y-consumo-responsable\\\/#breadcrumb\",\"itemListElement\":[{\"@type\":\"ListItem\",\"position\":1,\"name\":\"Inicio\",\"item\":\"https:\\\/\\\/patagoniambiental.com.ar\\\/info\\\/\"},{\"@type\":\"ListItem\",\"position\":2,\"name\":\"Yerba org\u00e1nica, producci\u00f3n sustentable y consumo responsable\"}]},{\"@type\":\"WebSite\",\"@id\":\"https:\\\/\\\/patagoniambiental.com.ar\\\/info\\\/#website\",\"url\":\"https:\\\/\\\/patagoniambiental.com.ar\\\/info\\\/\",\"name\":\"Patagonia Ambiental\",\"description\":\"Monitoreo y an\u00e1lisis de la situaci\u00f3n geopol\u00edtica en el mundo y su implicancia en la Patagonia\",\"publisher\":{\"@id\":\"https:\\\/\\\/patagoniambiental.com.ar\\\/info\\\/#organization\"},\"potentialAction\":[{\"@type\":\"SearchAction\",\"target\":{\"@type\":\"EntryPoint\",\"urlTemplate\":\"https:\\\/\\\/patagoniambiental.com.ar\\\/info\\\/?s={search_term_string}\"},\"query-input\":{\"@type\":\"PropertyValueSpecification\",\"valueRequired\":true,\"valueName\":\"search_term_string\"}}],\"inLanguage\":\"es\"},{\"@type\":\"Organization\",\"@id\":\"https:\\\/\\\/patagoniambiental.com.ar\\\/info\\\/#organization\",\"name\":\"Patagonia Ambiental\",\"url\":\"https:\\\/\\\/patagoniambiental.com.ar\\\/info\\\/\",\"logo\":{\"@type\":\"ImageObject\",\"inLanguage\":\"es\",\"@id\":\"https:\\\/\\\/patagoniambiental.com.ar\\\/info\\\/#\\\/schema\\\/logo\\\/image\\\/\",\"url\":\"https:\\\/\\\/patagoniambiental.com.ar\\\/info\\\/wp-content\\\/uploads\\\/2025\\\/05\\\/LOGO-PATAGONIA-AMBIENTAL.png\",\"contentUrl\":\"https:\\\/\\\/patagoniambiental.com.ar\\\/info\\\/wp-content\\\/uploads\\\/2025\\\/05\\\/LOGO-PATAGONIA-AMBIENTAL.png\",\"width\":433,\"height\":250,\"caption\":\"Patagonia Ambiental\"},\"image\":{\"@id\":\"https:\\\/\\\/patagoniambiental.com.ar\\\/info\\\/#\\\/schema\\\/logo\\\/image\\\/\"},\"sameAs\":[\"https:\\\/\\\/www.facebook.com\\\/patagonia.ambiental\",\"https:\\\/\\\/x.com\\\/PatAmb\"]},{\"@type\":\"Person\",\"@id\":\"https:\\\/\\\/patagoniambiental.com.ar\\\/info\\\/#\\\/schema\\\/person\\\/db12bff64bbcbf6a253710bf0ea37b5d\",\"name\":\"Patagonia Ambiental\",\"description\":\"Andr\u00e9s Nievas T\u00e9cnico en manejo ambiental, consultor Ambiental y escritor para medios locales e internacionales sobre temas de geopolitica y medio ambiente.\",\"sameAs\":[\"http:\\\/\\\/www.patagoniambiental.com.ar\",\"https:\\\/\\\/www.facebook.com\\\/share\\\/1C1V8Gv9BX\\\/?mibextid=qi2Omg\",\"@patagoniambiental\",\"https:\\\/\\\/youtube.com\\\/@patagoniaambiental2023?si=BLt58t0wuXquxlYZ\"]}]}<\/script>\n<!-- \/ Yoast SEO Premium plugin. -->","yoast_head_json":{"title":"Yerba org\u00e1nica, producci\u00f3n sustentable y consumo responsable","robots":{"index":"index","follow":"follow","max-snippet":"max-snippet:-1","max-image-preview":"max-image-preview:large","max-video-preview":"max-video-preview:-1"},"canonical":"https:\/\/patagoniambiental.com.ar\/info\/yerba-organica-produccion-sustentable-y-consumo-responsable\/","og_locale":"es_ES","og_type":"article","og_title":"Yerba org\u00e1nica, producci\u00f3n sustentable y consumo responsable","og_url":"https:\/\/patagoniambiental.com.ar\/info\/yerba-organica-produccion-sustentable-y-consumo-responsable\/","og_site_name":"Patagonia Ambiental","article_publisher":"https:\/\/www.facebook.com\/patagonia.ambiental","article_author":"https:\/\/www.facebook.com\/share\/1C1V8Gv9BX\/?mibextid=qi2Omg","article_published_time":"2024-07-08T10:00:00+00:00","article_modified_time":"2025-05-05T14:02:01+00:00","og_image":[{"width":1000,"height":666,"url":"https:\/\/patagoniambiental.com.ar\/info\/wp-content\/uploads\/2024\/07\/80504_imagen-e1723383915209.jpeg","type":"image\/jpeg"}],"author":"Patagonia Ambiental","twitter_card":"summary_large_image","twitter_creator":"@PatAmb","twitter_site":"@PatAmb","schema":{"@context":"https:\/\/schema.org","@graph":[{"@type":"Article","@id":"https:\/\/patagoniambiental.com.ar\/info\/yerba-organica-produccion-sustentable-y-consumo-responsable\/#article","isPartOf":{"@id":"https:\/\/patagoniambiental.com.ar\/info\/yerba-organica-produccion-sustentable-y-consumo-responsable\/"},"author":{"name":"Patagonia Ambiental","@id":"https:\/\/patagoniambiental.com.ar\/info\/#\/schema\/person\/db12bff64bbcbf6a253710bf0ea37b5d"},"headline":"Yerba org\u00e1nica, producci\u00f3n sustentable y consumo responsable","datePublished":"2024-07-08T10:00:00+00:00","dateModified":"2025-05-05T14:02:01+00:00","mainEntityOfPage":{"@id":"https:\/\/patagoniambiental.com.ar\/info\/yerba-organica-produccion-sustentable-y-consumo-responsable\/"},"wordCount":942,"commentCount":0,"publisher":{"@id":"https:\/\/patagoniambiental.com.ar\/info\/#organization"},"image":{"@id":"https:\/\/patagoniambiental.com.ar\/info\/yerba-organica-produccion-sustentable-y-consumo-responsable\/#primaryimage"},"thumbnailUrl":"https:\/\/patagoniambiental.com.ar\/info\/wp-content\/uploads\/2024\/07\/80504_imagen-e1723383915209.jpeg","articleSection":["Buenos Aires","Noticias","Provinciales"],"inLanguage":"es","potentialAction":[{"@type":"CommentAction","name":"Comment","target":["https:\/\/patagoniambiental.com.ar\/info\/yerba-organica-produccion-sustentable-y-consumo-responsable\/#respond"]}]},{"@type":"WebPage","@id":"https:\/\/patagoniambiental.com.ar\/info\/yerba-organica-produccion-sustentable-y-consumo-responsable\/","url":"https:\/\/patagoniambiental.com.ar\/info\/yerba-organica-produccion-sustentable-y-consumo-responsable\/","name":"Yerba org\u00e1nica, producci\u00f3n sustentable y consumo responsable","isPartOf":{"@id":"https:\/\/patagoniambiental.com.ar\/info\/#website"},"primaryImageOfPage":{"@id":"https:\/\/patagoniambiental.com.ar\/info\/yerba-organica-produccion-sustentable-y-consumo-responsable\/#primaryimage"},"image":{"@id":"https:\/\/patagoniambiental.com.ar\/info\/yerba-organica-produccion-sustentable-y-consumo-responsable\/#primaryimage"},"thumbnailUrl":"https:\/\/patagoniambiental.com.ar\/info\/wp-content\/uploads\/2024\/07\/80504_imagen-e1723383915209.jpeg","datePublished":"2024-07-08T10:00:00+00:00","dateModified":"2025-05-05T14:02:01+00:00","breadcrumb":{"@id":"https:\/\/patagoniambiental.com.ar\/info\/yerba-organica-produccion-sustentable-y-consumo-responsable\/#breadcrumb"},"inLanguage":"es","potentialAction":[{"@type":"ReadAction","target":["https:\/\/patagoniambiental.com.ar\/info\/yerba-organica-produccion-sustentable-y-consumo-responsable\/"]}]},{"@type":"ImageObject","inLanguage":"es","@id":"https:\/\/patagoniambiental.com.ar\/info\/yerba-organica-produccion-sustentable-y-consumo-responsable\/#primaryimage","url":"https:\/\/patagoniambiental.com.ar\/info\/wp-content\/uploads\/2024\/07\/80504_imagen-e1723383915209.jpeg","contentUrl":"https:\/\/patagoniambiental.com.ar\/info\/wp-content\/uploads\/2024\/07\/80504_imagen-e1723383915209.jpeg","width":901,"height":600,"caption":"Yerba Org\u00e1nica"},{"@type":"BreadcrumbList","@id":"https:\/\/patagoniambiental.com.ar\/info\/yerba-organica-produccion-sustentable-y-consumo-responsable\/#breadcrumb","itemListElement":[{"@type":"ListItem","position":1,"name":"Inicio","item":"https:\/\/patagoniambiental.com.ar\/info\/"},{"@type":"ListItem","position":2,"name":"Yerba org\u00e1nica, producci\u00f3n sustentable y consumo responsable"}]},{"@type":"WebSite","@id":"https:\/\/patagoniambiental.com.ar\/info\/#website","url":"https:\/\/patagoniambiental.com.ar\/info\/","name":"Patagonia Ambiental","description":"Monitoreo y an\u00e1lisis de la situaci\u00f3n geopol\u00edtica en el mundo y su implicancia en la Patagonia","publisher":{"@id":"https:\/\/patagoniambiental.com.ar\/info\/#organization"},"potentialAction":[{"@type":"SearchAction","target":{"@type":"EntryPoint","urlTemplate":"https:\/\/patagoniambiental.com.ar\/info\/?s={search_term_string}"},"query-input":{"@type":"PropertyValueSpecification","valueRequired":true,"valueName":"search_term_string"}}],"inLanguage":"es"},{"@type":"Organization","@id":"https:\/\/patagoniambiental.com.ar\/info\/#organization","name":"Patagonia Ambiental","url":"https:\/\/patagoniambiental.com.ar\/info\/","logo":{"@type":"ImageObject","inLanguage":"es","@id":"https:\/\/patagoniambiental.com.ar\/info\/#\/schema\/logo\/image\/","url":"https:\/\/patagoniambiental.com.ar\/info\/wp-content\/uploads\/2025\/05\/LOGO-PATAGONIA-AMBIENTAL.png","contentUrl":"https:\/\/patagoniambiental.com.ar\/info\/wp-content\/uploads\/2025\/05\/LOGO-PATAGONIA-AMBIENTAL.png","width":433,"height":250,"caption":"Patagonia Ambiental"},"image":{"@id":"https:\/\/patagoniambiental.com.ar\/info\/#\/schema\/logo\/image\/"},"sameAs":["https:\/\/www.facebook.com\/patagonia.ambiental","https:\/\/x.com\/PatAmb"]},{"@type":"Person","@id":"https:\/\/patagoniambiental.com.ar\/info\/#\/schema\/person\/db12bff64bbcbf6a253710bf0ea37b5d","name":"Patagonia Ambiental","description":"Andr\u00e9s Nievas T\u00e9cnico en manejo ambiental, consultor Ambiental y escritor para medios locales e internacionales sobre temas de geopolitica y medio ambiente.","sameAs":["http:\/\/www.patagoniambiental.com.ar","https:\/\/www.facebook.com\/share\/1C1V8Gv9BX\/?mibextid=qi2Omg","@patagoniambiental","https:\/\/youtube.com\/@patagoniaambiental2023?si=BLt58t0wuXquxlYZ"]}]}},"_links":{"self":[{"href":"https:\/\/patagoniambiental.com.ar\/info\/wp-json\/wp\/v2\/posts\/84626","targetHints":{"allow":["GET"]}}],"collection":[{"href":"https:\/\/patagoniambiental.com.ar\/info\/wp-json\/wp\/v2\/posts"}],"about":[{"href":"https:\/\/patagoniambiental.com.ar\/info\/wp-json\/wp\/v2\/types\/post"}],"author":[{"embeddable":true,"href":"https:\/\/patagoniambiental.com.ar\/info\/wp-json\/wp\/v2\/users\/2"}],"replies":[{"embeddable":true,"href":"https:\/\/patagoniambiental.com.ar\/info\/wp-json\/wp\/v2\/comments?post=84626"}],"version-history":[{"count":0,"href":"https:\/\/patagoniambiental.com.ar\/info\/wp-json\/wp\/v2\/posts\/84626\/revisions"}],"wp:featuredmedia":[{"embeddable":true,"href":"https:\/\/patagoniambiental.com.ar\/info\/wp-json\/wp\/v2\/media\/84627"}],"wp:attachment":[{"href":"https:\/\/patagoniambiental.com.ar\/info\/wp-json\/wp\/v2\/media?parent=84626"}],"wp:term":[{"taxonomy":"category","embeddable":true,"href":"https:\/\/patagoniambiental.com.ar\/info\/wp-json\/wp\/v2\/categories?post=84626"},{"taxonomy":"post_tag","embeddable":true,"href":"https:\/\/patagoniambiental.com.ar\/info\/wp-json\/wp\/v2\/tags?post=84626"}],"curies":[{"name":"wp","href":"https:\/\/api.w.org\/{rel}","templated":true}]}}