{"id":84713,"date":"2024-07-15T07:00:00","date_gmt":"2024-07-15T10:00:00","guid":{"rendered":"https:\/\/patagoniambiental.com.ar\/info\/?p=84713"},"modified":"2025-05-05T10:57:42","modified_gmt":"2025-05-05T13:57:42","slug":"aves-en-tendidos-electricos-confirman-el-rechazo-al-amparo","status":"publish","type":"post","link":"https:\/\/patagoniambiental.com.ar\/info\/aves-en-tendidos-electricos-confirman-el-rechazo-al-amparo\/","title":{"rendered":"Aves en tendidos el\u00e9ctricos: confirman el rechazo al amparo\u00a0"},"content":{"rendered":"\n<!--more-->\n\n\n\n<p>La C\u00e1mara Civil confirm\u00f3 la decisi\u00f3n de primera instancia y aval\u00f3 el trabajo realizado por la Mesa de Aves y Tendidos El\u00e9ctricos para evitar la electrocuci\u00f3n.<\/p>\n\n\n\n<p>La C\u00e1mara de Apelaciones en lo Civil confirm\u00f3 el rechazo al amparo ambiental promovido por el director del Centro para el Estudio y Conservaci\u00f3n de las Aves Rapaces e investigador del Conicet, Jos\u00e9 Sarasola para que se suspenda la obra \u00abProyecto de recambio de l\u00ednea de media tensi\u00f3n trif\u00e1sica 13.2 Kv Padre Buodo-Per\u00fa\u00bb, y se realice un estudio de impacto ambiental con el fin de evitar la electrocuci\u00f3n de las aves y especialmente del \u00e1guila coronada, una especie en peligro de extinci\u00f3n.&nbsp;<\/p>\n\n\n\n<p>En noviembre del a\u00f1o pasado el juez civil santarrose\u00f1o, Pedro Campos, rechaz\u00f3 el amparo ambiental promovido Sarasola, decisi\u00f3n que fue apelada por el amparista. Ahora, la C\u00e1mara Civil le volvi\u00f3 a dar la raz\u00f3n al Gobierno provincial y aval\u00f3 el trabajo que realiza en materia de prevenci\u00f3n y mitigaci\u00f3n de electrocuci\u00f3n de la avifauna en tendidos el\u00e9ctricos.&nbsp;<\/p>\n\n\n\n<p>El fallo de las camaristas Laura Cagliolo y Fabiana Berardi, destaca la conformacion de la Mesa de Trabajo interdisciplinaria integrada por representantes de la Secretar\u00eda de Ambiente y Cambio Clim\u00e1tico, la Secretar\u00eda de Energ\u00eda y Miner\u00eda, la Administraci\u00f3n Provincial de Energ\u00eda, la Direcci\u00f3n General de Recursos Naturales y la Facultad de Ciencias Exactas y Naturales de la Universidad Nacional de La Pampa. El objetivo es \u00abatender de manera integrada, interdisciplinaria y articulada la interacci\u00f3n de las infraestructuras y tendidos el\u00e9ctricos con la avifauna, con el objeto de abordar el riesgo de colisi\u00f3n y electrocuci\u00f3n de aves en tendidos el\u00e9ctricos y obras asociadas y as\u00ed prevenir y\/o minimizar esta problem\u00e1tica en toda la provincia de La Pampa\u00bb.&nbsp;&nbsp;<\/p>\n\n\n\n<p>La C\u00e1mara considera que \u00ablas medidas implementadas por la Provincia para mitigar la siniestralidad de aves de electrocuci\u00f3n en tendidos el\u00e9ctricos son ejemplos de implementaci\u00f3n como buenas pr\u00e1cticas en Sudam\u00e9rica, la publicidad de este expediente judicial mediante edictos, la conformaci\u00f3n de una Mesa de Trabajo interdisciplinaria (con la participaci\u00f3n de la FCEyN) y el monitoreo de siniestralidad contratado que incluye la l\u00ednea Padre Buodo-Per\u00fa; transformaron la DJA originaria en la pr\u00e1ctica en un Estudio de Impacto Ambiental Detallado\u00bb.<\/p>\n\n\n\n<p>\u00abEl informe de la FCEyN de la <a href=\"https:\/\/www.unlpam.edu.ar\/\">UNLPam<\/a> realizado por los Dres. Maximiliano Gales, Juan Grande y Jaime Bernardos especifica que los tendidos el\u00e9ctricos y las aves pueden coexistir si se toman medidas de mitigaci\u00f3n y que las incorporadas en la ampliaci\u00f3n de la DJA de la obra Padre Buodo-Per\u00fa (empalme por debajo de cruceta y posaderos para aves) son recomendables a nivel internacional y el manual sobre directrices para prevenir y mitigar la mortalidad de la vida silvestre asociada a las redes de distribuci\u00f3n el\u00e9ctrica, que son se\u00f1aladas como ejemplo para Sudam\u00e9rica considerado como una excepci\u00f3n de buenas pr\u00e1cticas a escala de l\u00edneas el\u00e9ctricas y no en un caso particular\u00bb, asegura el fallo.<\/p>\n\n\n\n<p>Se\u00f1ala que \u00ablas medidas evidencian resultados preliminares satisfactorios, lo que sin dudas contribuye a la conservaci\u00f3n de la biodiversidad y ecosistema de la regi\u00f3n, reduciendo significativamente el riesgo de electrocuci\u00f3n de las aves\u00bb.&nbsp;<\/p>\n\n\n\n<p>Agrega que \u00abla Provincia, a trav\u00e9s de la Mesa de Trabajo, est\u00e1 trabajando en funci\u00f3n de los principios de prevenci\u00f3n y precauci\u00f3n para conocer y dimensionar con precisi\u00f3n el problema, para luego enfocar decisiones estrat\u00e9gicas y colaborativas que mitiguen la mortandad de las aves\u00bb.<\/p>\n\n\n\n<p>Asimismo, a partir de la conformaci\u00f3n de la Mesa se defini\u00f3 realizar un relevamiento del estado y caracter\u00edsticas de las l\u00edneas de titularidad de la Provincia, que son operadas y mantenidas por la Administraci\u00f3n Provincial de Energ\u00eda (APE), y a partir de este monitoreo y su posterior procesamiento de datos se est\u00e1n definiendo, a trav\u00e9s de reuniones peri\u00f3dicas, cu\u00e1les son las medidas a implementar que resulten m\u00e1s apropiadas para la mitigaci\u00f3n del impacto de la infraestructura el\u00e9ctrica sobre las especies de avifauna.&nbsp;<\/p>\n\n\n\n<p>En ese sentido, se est\u00e1n evaluando alternativas de dise\u00f1o de los tendidos el\u00e9ctricos, lo que permitir\u00e1 definir para cada zona la forma m\u00e1s eficiente de prevenci\u00f3n, entendiendo que los tendidos el\u00e9ctricos y las aves pueden coexistir si se toman las medidas necesarias y se trabaja con articulaci\u00f3n y sinergia para compatibilizar el desarrollo de obras e infraestructura que aportan a la calidad de vida y crecimiento de la Provincia con la tutela del ambiente mediante un an\u00e1lisis ponderado y razonable de costes y beneficios.&nbsp;<\/p>\n\n\n\n<p>Fuente: <a href=\"https:\/\/www.eldiariodelapampa.com.ar\/la-pampa\/37563\/aves-en-tendidos-electricos--confirman-el-rechazo-al-amparo-\">www.eldiariodelapampa.com.ar<\/a><\/p>\n","protected":false},"excerpt":{"rendered":"","protected":false},"author":2,"featured_media":84714,"comment_status":"open","ping_status":"open","sticky":false,"template":"","format":"standard","meta":{"site-sidebar-layout":"default","site-content-layout":"","ast-site-content-layout":"default","site-content-style":"default","site-sidebar-style":"default","ast-global-header-display":"","ast-banner-title-visibility":"","ast-main-header-display":"","ast-hfb-above-header-display":"","ast-hfb-below-header-display":"","ast-hfb-mobile-header-display":"","site-post-title":"","ast-breadcrumbs-content":"","ast-featured-img":"","footer-sml-layout":"","ast-disable-related-posts":"","theme-transparent-header-meta":"","adv-header-id-meta":"","stick-header-meta":"","header-above-stick-meta":"","header-main-stick-meta":"","header-below-stick-meta":"","astra-migrate-meta-layouts":"default","ast-page-background-enabled":"default","ast-page-background-meta":{"desktop":{"background-color":"var(--ast-global-color-5)","background-image":"","background-repeat":"repeat","background-position":"center center","background-size":"auto","background-attachment":"scroll","background-type":"","background-media":"","overlay-type":"","overlay-color":"","overlay-opacity":"","overlay-gradient":""},"tablet":{"background-color":"","background-image":"","background-repeat":"repeat","background-position":"center center","background-size":"auto","background-attachment":"scroll","background-type":"","background-media":"","overlay-type":"","overlay-color":"","overlay-opacity":"","overlay-gradient":""},"mobile":{"background-color":"","background-image":"","background-repeat":"repeat","background-position":"center center","background-size":"auto","background-attachment":"scroll","background-type":"","background-media":"","overlay-type":"","overlay-color":"","overlay-opacity":"","overlay-gradient":""}},"ast-content-background-meta":{"desktop":{"background-color":"var(--ast-global-color-4)","background-image":"","background-repeat":"repeat","background-position":"center center","background-size":"auto","background-attachment":"scroll","background-type":"","background-media":"","overlay-type":"","overlay-color":"","overlay-opacity":"","overlay-gradient":""},"tablet":{"background-color":"var(--ast-global-color-4)","background-image":"","background-repeat":"repeat","background-position":"center center","background-size":"auto","background-attachment":"scroll","background-type":"","background-media":"","overlay-type":"","overlay-color":"","overlay-opacity":"","overlay-gradient":""},"mobile":{"background-color":"var(--ast-global-color-4)","background-image":"","background-repeat":"repeat","background-position":"center center","background-size":"auto","background-attachment":"scroll","background-type":"","background-media":"","overlay-type":"","overlay-color":"","overlay-opacity":"","overlay-gradient":""}},"footnotes":""},"categories":[59,1,13],"tags":[],"class_list":["post-84713","post","type-post","status-publish","format-standard","has-post-thumbnail","hentry","category-la-pampa","category-noticias","category-provinciales"],"yoast_head":"<!-- This site is optimized with the Yoast SEO Premium plugin v23.0 (Yoast SEO v27.5) - https:\/\/yoast.com\/product\/yoast-seo-premium-wordpress\/ -->\n<title>Aves en tendidos el\u00e9ctricos: confirman el rechazo al amparo\u00a0<\/title>\n<meta name=\"robots\" content=\"index, follow, max-snippet:-1, max-image-preview:large, max-video-preview:-1\" \/>\n<link rel=\"canonical\" href=\"https:\/\/patagoniambiental.com.ar\/info\/aves-en-tendidos-electricos-confirman-el-rechazo-al-amparo\/\" \/>\n<meta property=\"og:locale\" content=\"es_ES\" \/>\n<meta property=\"og:type\" content=\"article\" \/>\n<meta property=\"og:title\" content=\"Aves en tendidos el\u00e9ctricos: confirman el rechazo al amparo\u00a0\" \/>\n<meta property=\"og:url\" content=\"https:\/\/patagoniambiental.com.ar\/info\/aves-en-tendidos-electricos-confirman-el-rechazo-al-amparo\/\" \/>\n<meta property=\"og:site_name\" content=\"Patagonia Ambiental\" \/>\n<meta property=\"article:publisher\" content=\"https:\/\/www.facebook.com\/patagonia.ambiental\" \/>\n<meta property=\"article:author\" content=\"https:\/\/www.facebook.com\/share\/1C1V8Gv9BX\/?mibextid=qi2Omg\" \/>\n<meta property=\"article:published_time\" content=\"2024-07-15T10:00:00+00:00\" \/>\n<meta property=\"article:modified_time\" content=\"2025-05-05T13:57:42+00:00\" \/>\n<meta property=\"og:image\" content=\"https:\/\/patagoniambiental.com.ar\/info\/wp-content\/uploads\/2024\/07\/Sin-titulo-5.png\" \/>\n\t<meta property=\"og:image:width\" content=\"771\" \/>\n\t<meta property=\"og:image:height\" content=\"423\" \/>\n\t<meta property=\"og:image:type\" content=\"image\/png\" \/>\n<meta name=\"author\" content=\"Patagonia Ambiental\" \/>\n<meta name=\"twitter:card\" content=\"summary_large_image\" \/>\n<meta name=\"twitter:creator\" content=\"@PatAmb\" \/>\n<meta name=\"twitter:site\" content=\"@PatAmb\" \/>\n<script type=\"application\/ld+json\" class=\"yoast-schema-graph\">{\"@context\":\"https:\\\/\\\/schema.org\",\"@graph\":[{\"@type\":\"Article\",\"@id\":\"https:\\\/\\\/patagoniambiental.com.ar\\\/info\\\/aves-en-tendidos-electricos-confirman-el-rechazo-al-amparo\\\/#article\",\"isPartOf\":{\"@id\":\"https:\\\/\\\/patagoniambiental.com.ar\\\/info\\\/aves-en-tendidos-electricos-confirman-el-rechazo-al-amparo\\\/\"},\"author\":{\"name\":\"Patagonia Ambiental\",\"@id\":\"https:\\\/\\\/patagoniambiental.com.ar\\\/info\\\/#\\\/schema\\\/person\\\/db12bff64bbcbf6a253710bf0ea37b5d\"},\"headline\":\"Aves en tendidos el\u00e9ctricos: confirman el rechazo al amparo\u00a0\",\"datePublished\":\"2024-07-15T10:00:00+00:00\",\"dateModified\":\"2025-05-05T13:57:42+00:00\",\"mainEntityOfPage\":{\"@id\":\"https:\\\/\\\/patagoniambiental.com.ar\\\/info\\\/aves-en-tendidos-electricos-confirman-el-rechazo-al-amparo\\\/\"},\"wordCount\":823,\"commentCount\":0,\"publisher\":{\"@id\":\"https:\\\/\\\/patagoniambiental.com.ar\\\/info\\\/#organization\"},\"image\":{\"@id\":\"https:\\\/\\\/patagoniambiental.com.ar\\\/info\\\/aves-en-tendidos-electricos-confirman-el-rechazo-al-amparo\\\/#primaryimage\"},\"thumbnailUrl\":\"https:\\\/\\\/patagoniambiental.com.ar\\\/info\\\/wp-content\\\/uploads\\\/2024\\\/07\\\/Sin-titulo-5.png\",\"articleSection\":[\"La Pampa\",\"Noticias\",\"Provinciales\"],\"inLanguage\":\"es\",\"potentialAction\":[{\"@type\":\"CommentAction\",\"name\":\"Comment\",\"target\":[\"https:\\\/\\\/patagoniambiental.com.ar\\\/info\\\/aves-en-tendidos-electricos-confirman-el-rechazo-al-amparo\\\/#respond\"]}]},{\"@type\":\"WebPage\",\"@id\":\"https:\\\/\\\/patagoniambiental.com.ar\\\/info\\\/aves-en-tendidos-electricos-confirman-el-rechazo-al-amparo\\\/\",\"url\":\"https:\\\/\\\/patagoniambiental.com.ar\\\/info\\\/aves-en-tendidos-electricos-confirman-el-rechazo-al-amparo\\\/\",\"name\":\"Aves en tendidos el\u00e9ctricos: confirman el rechazo al amparo\u00a0\",\"isPartOf\":{\"@id\":\"https:\\\/\\\/patagoniambiental.com.ar\\\/info\\\/#website\"},\"primaryImageOfPage\":{\"@id\":\"https:\\\/\\\/patagoniambiental.com.ar\\\/info\\\/aves-en-tendidos-electricos-confirman-el-rechazo-al-amparo\\\/#primaryimage\"},\"image\":{\"@id\":\"https:\\\/\\\/patagoniambiental.com.ar\\\/info\\\/aves-en-tendidos-electricos-confirman-el-rechazo-al-amparo\\\/#primaryimage\"},\"thumbnailUrl\":\"https:\\\/\\\/patagoniambiental.com.ar\\\/info\\\/wp-content\\\/uploads\\\/2024\\\/07\\\/Sin-titulo-5.png\",\"datePublished\":\"2024-07-15T10:00:00+00:00\",\"dateModified\":\"2025-05-05T13:57:42+00:00\",\"breadcrumb\":{\"@id\":\"https:\\\/\\\/patagoniambiental.com.ar\\\/info\\\/aves-en-tendidos-electricos-confirman-el-rechazo-al-amparo\\\/#breadcrumb\"},\"inLanguage\":\"es\",\"potentialAction\":[{\"@type\":\"ReadAction\",\"target\":[\"https:\\\/\\\/patagoniambiental.com.ar\\\/info\\\/aves-en-tendidos-electricos-confirman-el-rechazo-al-amparo\\\/\"]}]},{\"@type\":\"ImageObject\",\"inLanguage\":\"es\",\"@id\":\"https:\\\/\\\/patagoniambiental.com.ar\\\/info\\\/aves-en-tendidos-electricos-confirman-el-rechazo-al-amparo\\\/#primaryimage\",\"url\":\"https:\\\/\\\/patagoniambiental.com.ar\\\/info\\\/wp-content\\\/uploads\\\/2024\\\/07\\\/Sin-titulo-5.png\",\"contentUrl\":\"https:\\\/\\\/patagoniambiental.com.ar\\\/info\\\/wp-content\\\/uploads\\\/2024\\\/07\\\/Sin-titulo-5.png\",\"width\":771,\"height\":423,\"caption\":\"Aves en tendidos el\u00e9ctricos\"},{\"@type\":\"BreadcrumbList\",\"@id\":\"https:\\\/\\\/patagoniambiental.com.ar\\\/info\\\/aves-en-tendidos-electricos-confirman-el-rechazo-al-amparo\\\/#breadcrumb\",\"itemListElement\":[{\"@type\":\"ListItem\",\"position\":1,\"name\":\"Inicio\",\"item\":\"https:\\\/\\\/patagoniambiental.com.ar\\\/info\\\/\"},{\"@type\":\"ListItem\",\"position\":2,\"name\":\"Aves en tendidos el\u00e9ctricos: confirman el rechazo al amparo\u00a0\"}]},{\"@type\":\"WebSite\",\"@id\":\"https:\\\/\\\/patagoniambiental.com.ar\\\/info\\\/#website\",\"url\":\"https:\\\/\\\/patagoniambiental.com.ar\\\/info\\\/\",\"name\":\"Patagonia Ambiental\",\"description\":\"Monitoreo y an\u00e1lisis de la situaci\u00f3n geopol\u00edtica en el mundo y su implicancia en la Patagonia\",\"publisher\":{\"@id\":\"https:\\\/\\\/patagoniambiental.com.ar\\\/info\\\/#organization\"},\"potentialAction\":[{\"@type\":\"SearchAction\",\"target\":{\"@type\":\"EntryPoint\",\"urlTemplate\":\"https:\\\/\\\/patagoniambiental.com.ar\\\/info\\\/?s={search_term_string}\"},\"query-input\":{\"@type\":\"PropertyValueSpecification\",\"valueRequired\":true,\"valueName\":\"search_term_string\"}}],\"inLanguage\":\"es\"},{\"@type\":\"Organization\",\"@id\":\"https:\\\/\\\/patagoniambiental.com.ar\\\/info\\\/#organization\",\"name\":\"Patagonia Ambiental\",\"url\":\"https:\\\/\\\/patagoniambiental.com.ar\\\/info\\\/\",\"logo\":{\"@type\":\"ImageObject\",\"inLanguage\":\"es\",\"@id\":\"https:\\\/\\\/patagoniambiental.com.ar\\\/info\\\/#\\\/schema\\\/logo\\\/image\\\/\",\"url\":\"https:\\\/\\\/patagoniambiental.com.ar\\\/info\\\/wp-content\\\/uploads\\\/2025\\\/05\\\/LOGO-PATAGONIA-AMBIENTAL.png\",\"contentUrl\":\"https:\\\/\\\/patagoniambiental.com.ar\\\/info\\\/wp-content\\\/uploads\\\/2025\\\/05\\\/LOGO-PATAGONIA-AMBIENTAL.png\",\"width\":433,\"height\":250,\"caption\":\"Patagonia Ambiental\"},\"image\":{\"@id\":\"https:\\\/\\\/patagoniambiental.com.ar\\\/info\\\/#\\\/schema\\\/logo\\\/image\\\/\"},\"sameAs\":[\"https:\\\/\\\/www.facebook.com\\\/patagonia.ambiental\",\"https:\\\/\\\/x.com\\\/PatAmb\"]},{\"@type\":\"Person\",\"@id\":\"https:\\\/\\\/patagoniambiental.com.ar\\\/info\\\/#\\\/schema\\\/person\\\/db12bff64bbcbf6a253710bf0ea37b5d\",\"name\":\"Patagonia Ambiental\",\"description\":\"Andr\u00e9s Nievas T\u00e9cnico en manejo ambiental, consultor Ambiental y escritor para medios locales e internacionales sobre temas de geopolitica y medio ambiente.\",\"sameAs\":[\"http:\\\/\\\/www.patagoniambiental.com.ar\",\"https:\\\/\\\/www.facebook.com\\\/share\\\/1C1V8Gv9BX\\\/?mibextid=qi2Omg\",\"@patagoniambiental\",\"https:\\\/\\\/youtube.com\\\/@patagoniaambiental2023?si=BLt58t0wuXquxlYZ\"]}]}<\/script>\n<!-- \/ Yoast SEO Premium plugin. -->","yoast_head_json":{"title":"Aves en tendidos el\u00e9ctricos: confirman el rechazo al amparo\u00a0","robots":{"index":"index","follow":"follow","max-snippet":"max-snippet:-1","max-image-preview":"max-image-preview:large","max-video-preview":"max-video-preview:-1"},"canonical":"https:\/\/patagoniambiental.com.ar\/info\/aves-en-tendidos-electricos-confirman-el-rechazo-al-amparo\/","og_locale":"es_ES","og_type":"article","og_title":"Aves en tendidos el\u00e9ctricos: confirman el rechazo al amparo\u00a0","og_url":"https:\/\/patagoniambiental.com.ar\/info\/aves-en-tendidos-electricos-confirman-el-rechazo-al-amparo\/","og_site_name":"Patagonia Ambiental","article_publisher":"https:\/\/www.facebook.com\/patagonia.ambiental","article_author":"https:\/\/www.facebook.com\/share\/1C1V8Gv9BX\/?mibextid=qi2Omg","article_published_time":"2024-07-15T10:00:00+00:00","article_modified_time":"2025-05-05T13:57:42+00:00","og_image":[{"width":771,"height":423,"url":"https:\/\/patagoniambiental.com.ar\/info\/wp-content\/uploads\/2024\/07\/Sin-titulo-5.png","type":"image\/png"}],"author":"Patagonia Ambiental","twitter_card":"summary_large_image","twitter_creator":"@PatAmb","twitter_site":"@PatAmb","schema":{"@context":"https:\/\/schema.org","@graph":[{"@type":"Article","@id":"https:\/\/patagoniambiental.com.ar\/info\/aves-en-tendidos-electricos-confirman-el-rechazo-al-amparo\/#article","isPartOf":{"@id":"https:\/\/patagoniambiental.com.ar\/info\/aves-en-tendidos-electricos-confirman-el-rechazo-al-amparo\/"},"author":{"name":"Patagonia Ambiental","@id":"https:\/\/patagoniambiental.com.ar\/info\/#\/schema\/person\/db12bff64bbcbf6a253710bf0ea37b5d"},"headline":"Aves en tendidos el\u00e9ctricos: confirman el rechazo al amparo\u00a0","datePublished":"2024-07-15T10:00:00+00:00","dateModified":"2025-05-05T13:57:42+00:00","mainEntityOfPage":{"@id":"https:\/\/patagoniambiental.com.ar\/info\/aves-en-tendidos-electricos-confirman-el-rechazo-al-amparo\/"},"wordCount":823,"commentCount":0,"publisher":{"@id":"https:\/\/patagoniambiental.com.ar\/info\/#organization"},"image":{"@id":"https:\/\/patagoniambiental.com.ar\/info\/aves-en-tendidos-electricos-confirman-el-rechazo-al-amparo\/#primaryimage"},"thumbnailUrl":"https:\/\/patagoniambiental.com.ar\/info\/wp-content\/uploads\/2024\/07\/Sin-titulo-5.png","articleSection":["La Pampa","Noticias","Provinciales"],"inLanguage":"es","potentialAction":[{"@type":"CommentAction","name":"Comment","target":["https:\/\/patagoniambiental.com.ar\/info\/aves-en-tendidos-electricos-confirman-el-rechazo-al-amparo\/#respond"]}]},{"@type":"WebPage","@id":"https:\/\/patagoniambiental.com.ar\/info\/aves-en-tendidos-electricos-confirman-el-rechazo-al-amparo\/","url":"https:\/\/patagoniambiental.com.ar\/info\/aves-en-tendidos-electricos-confirman-el-rechazo-al-amparo\/","name":"Aves en tendidos el\u00e9ctricos: confirman el rechazo al amparo\u00a0","isPartOf":{"@id":"https:\/\/patagoniambiental.com.ar\/info\/#website"},"primaryImageOfPage":{"@id":"https:\/\/patagoniambiental.com.ar\/info\/aves-en-tendidos-electricos-confirman-el-rechazo-al-amparo\/#primaryimage"},"image":{"@id":"https:\/\/patagoniambiental.com.ar\/info\/aves-en-tendidos-electricos-confirman-el-rechazo-al-amparo\/#primaryimage"},"thumbnailUrl":"https:\/\/patagoniambiental.com.ar\/info\/wp-content\/uploads\/2024\/07\/Sin-titulo-5.png","datePublished":"2024-07-15T10:00:00+00:00","dateModified":"2025-05-05T13:57:42+00:00","breadcrumb":{"@id":"https:\/\/patagoniambiental.com.ar\/info\/aves-en-tendidos-electricos-confirman-el-rechazo-al-amparo\/#breadcrumb"},"inLanguage":"es","potentialAction":[{"@type":"ReadAction","target":["https:\/\/patagoniambiental.com.ar\/info\/aves-en-tendidos-electricos-confirman-el-rechazo-al-amparo\/"]}]},{"@type":"ImageObject","inLanguage":"es","@id":"https:\/\/patagoniambiental.com.ar\/info\/aves-en-tendidos-electricos-confirman-el-rechazo-al-amparo\/#primaryimage","url":"https:\/\/patagoniambiental.com.ar\/info\/wp-content\/uploads\/2024\/07\/Sin-titulo-5.png","contentUrl":"https:\/\/patagoniambiental.com.ar\/info\/wp-content\/uploads\/2024\/07\/Sin-titulo-5.png","width":771,"height":423,"caption":"Aves en tendidos el\u00e9ctricos"},{"@type":"BreadcrumbList","@id":"https:\/\/patagoniambiental.com.ar\/info\/aves-en-tendidos-electricos-confirman-el-rechazo-al-amparo\/#breadcrumb","itemListElement":[{"@type":"ListItem","position":1,"name":"Inicio","item":"https:\/\/patagoniambiental.com.ar\/info\/"},{"@type":"ListItem","position":2,"name":"Aves en tendidos el\u00e9ctricos: confirman el rechazo al amparo\u00a0"}]},{"@type":"WebSite","@id":"https:\/\/patagoniambiental.com.ar\/info\/#website","url":"https:\/\/patagoniambiental.com.ar\/info\/","name":"Patagonia Ambiental","description":"Monitoreo y an\u00e1lisis de la situaci\u00f3n geopol\u00edtica en el mundo y su implicancia en la Patagonia","publisher":{"@id":"https:\/\/patagoniambiental.com.ar\/info\/#organization"},"potentialAction":[{"@type":"SearchAction","target":{"@type":"EntryPoint","urlTemplate":"https:\/\/patagoniambiental.com.ar\/info\/?s={search_term_string}"},"query-input":{"@type":"PropertyValueSpecification","valueRequired":true,"valueName":"search_term_string"}}],"inLanguage":"es"},{"@type":"Organization","@id":"https:\/\/patagoniambiental.com.ar\/info\/#organization","name":"Patagonia Ambiental","url":"https:\/\/patagoniambiental.com.ar\/info\/","logo":{"@type":"ImageObject","inLanguage":"es","@id":"https:\/\/patagoniambiental.com.ar\/info\/#\/schema\/logo\/image\/","url":"https:\/\/patagoniambiental.com.ar\/info\/wp-content\/uploads\/2025\/05\/LOGO-PATAGONIA-AMBIENTAL.png","contentUrl":"https:\/\/patagoniambiental.com.ar\/info\/wp-content\/uploads\/2025\/05\/LOGO-PATAGONIA-AMBIENTAL.png","width":433,"height":250,"caption":"Patagonia Ambiental"},"image":{"@id":"https:\/\/patagoniambiental.com.ar\/info\/#\/schema\/logo\/image\/"},"sameAs":["https:\/\/www.facebook.com\/patagonia.ambiental","https:\/\/x.com\/PatAmb"]},{"@type":"Person","@id":"https:\/\/patagoniambiental.com.ar\/info\/#\/schema\/person\/db12bff64bbcbf6a253710bf0ea37b5d","name":"Patagonia Ambiental","description":"Andr\u00e9s Nievas T\u00e9cnico en manejo ambiental, consultor Ambiental y escritor para medios locales e internacionales sobre temas de geopolitica y medio ambiente.","sameAs":["http:\/\/www.patagoniambiental.com.ar","https:\/\/www.facebook.com\/share\/1C1V8Gv9BX\/?mibextid=qi2Omg","@patagoniambiental","https:\/\/youtube.com\/@patagoniaambiental2023?si=BLt58t0wuXquxlYZ"]}]}},"_links":{"self":[{"href":"https:\/\/patagoniambiental.com.ar\/info\/wp-json\/wp\/v2\/posts\/84713","targetHints":{"allow":["GET"]}}],"collection":[{"href":"https:\/\/patagoniambiental.com.ar\/info\/wp-json\/wp\/v2\/posts"}],"about":[{"href":"https:\/\/patagoniambiental.com.ar\/info\/wp-json\/wp\/v2\/types\/post"}],"author":[{"embeddable":true,"href":"https:\/\/patagoniambiental.com.ar\/info\/wp-json\/wp\/v2\/users\/2"}],"replies":[{"embeddable":true,"href":"https:\/\/patagoniambiental.com.ar\/info\/wp-json\/wp\/v2\/comments?post=84713"}],"version-history":[{"count":0,"href":"https:\/\/patagoniambiental.com.ar\/info\/wp-json\/wp\/v2\/posts\/84713\/revisions"}],"wp:featuredmedia":[{"embeddable":true,"href":"https:\/\/patagoniambiental.com.ar\/info\/wp-json\/wp\/v2\/media\/84714"}],"wp:attachment":[{"href":"https:\/\/patagoniambiental.com.ar\/info\/wp-json\/wp\/v2\/media?parent=84713"}],"wp:term":[{"taxonomy":"category","embeddable":true,"href":"https:\/\/patagoniambiental.com.ar\/info\/wp-json\/wp\/v2\/categories?post=84713"},{"taxonomy":"post_tag","embeddable":true,"href":"https:\/\/patagoniambiental.com.ar\/info\/wp-json\/wp\/v2\/tags?post=84713"}],"curies":[{"name":"wp","href":"https:\/\/api.w.org\/{rel}","templated":true}]}}