{"id":8479,"date":"2015-02-21T10:00:20","date_gmt":"2015-02-21T13:00:20","guid":{"rendered":"http:\/\/patagoniambiental.com.ar\/?p=8479"},"modified":"2015-02-21T10:00:20","modified_gmt":"2015-02-21T13:00:20","slug":"expertos-debatieron-sobre-los-desafios-del-acceso-al-agua-en-las-comunidades-rurales-argentinas","status":"publish","type":"post","link":"https:\/\/patagoniambiental.com.ar\/info\/expertos-debatieron-sobre-los-desafios-del-acceso-al-agua-en-las-comunidades-rurales-argentinas\/","title":{"rendered":"Expertos debatieron sobre los desaf\u00edos del acceso al agua en las comunidades rurales argentinas"},"content":{"rendered":"<p style=\"text-align: justify;\">Buenos Aires &#8211; Villa del Sur organiz\u00f3 un panel multidisciplinario en el que destacados expertos compartieron diferentes opiniones sobre el diagn\u00f3stico y las soluciones referidas a dicha problem\u00e1tica.<!--more--><\/p>\n<p style=\"text-align: justify;\">\n<p style=\"text-align: justify;\">Con el objetivo de contribuir a la concientizaci\u00f3n referida al acceso al agua en las poblaciones rurales, Villa del Sur organiz\u00f3 un panel multidisciplinario en el que destacados expertos compartieron diferentes opinionessobre el diagn\u00f3stico y las soluciones referidas a dicha problem\u00e1tica.<\/p>\n<p style=\"text-align: justify;\">\n<p style=\"text-align: justify;\">Seg\u00fan el \u00faltimo censo, m\u00e1s de un mill\u00f3n de personas en Argentina no dispone de agua potable en el terreno en el que tiene su vivienda, obligando en muchos casos a los integrantes de las familias a tener que desplazarse con tachos y baldes para obtener el l\u00edquido, generando un significativo impacto a nivel sanitario y socioecon\u00f3mico.<\/p>\n<p style=\"text-align: justify;\">\n<p style=\"text-align: justify;\">\u00abEstamos convencidos que una empresa debe participar activamente en el bienestar de su ecosistema y por eso impulsamos el proyecto Unidos por el Agua, colectivo y participativo, con el objetivo de desarrollar un programa sustentable orientado a dar agua segura en las poblaciones rurales\u00bb,afirm\u00f3Sof\u00eda Lobo, Gerente de Comunicaciones Externas de Danone.<\/p>\n<p style=\"text-align: justify;\">\n<p style=\"text-align: justify;\">En el panel de expertos participaron la Ing. Patricia Caso. AIDIS, Lic Diana Kabbache. Profesora UBA, Ing. Oscar Coriale. INA, Ing. V\u00edctor Pochat.\u00a0 Presidente IARH, Ing. Santiago Mar\u00eda Reyna.\u00a0 Docente CBA, Jorge Cappato. Fund. PROTEGER, Marcela Carabajal. Sra. Intendente Morillo, Lic Mar\u00eda Jos\u00e9 Sucarrat. ENI Di Tella, Miriam del Valle Vilcay. Ref. social de la comunidad de Tulumba , Coordinador Dr. Pablo Vagliente. AVINA y\u00a0 Autora del Texto Lic. AntonellaVagliente. Plurales.<\/p>\n<p style=\"text-align: justify;\">\n<p style=\"text-align: justify;\"><strong>Tras la reuni\u00f3n se emiti\u00f3 un documento conteniendo las siguientes recomendaciones:<\/strong><\/p>\n<p style=\"text-align: justify;\"><strong>\u00a0<\/strong><\/p>\n<ol style=\"text-align: justify;\">\n<li>a) Hacer hincapi\u00e9 en el acceso al agua segura de las comunidades rurales dispersas como derecho humano esencial, para lo cual es imprescindible el dictado de legislaci\u00f3n nacional que ratifique dicho car\u00e1cter y comprometa la responsabilidad del Estado en su satisfacci\u00f3n, en asociaci\u00f3n con organizaciones de todos los sectores.<\/li>\n<\/ol>\n<p style=\"text-align: justify;\">\n<ol style=\"text-align: justify;\">\n<li>b) Impulsar el trabajo multisectorial e interdisciplinario, a trav\u00e9s de la generaci\u00f3n de nuevas iniciativas y el fortalecimiento de las existentes, buscando el consenso, la coordinaci\u00f3n y el intercambio de experiencias entre las diferentes escalas de gobierno; las organizaciones comunitarias; instituciones acad\u00e9micas, educativas, de salud, cient\u00edficas y t\u00e9cnicas, p\u00fablicas y privadas, y organizaciones no gubernamentales, empresas, asociaciones profesionales relacionadas con la problem\u00e1tica, entre otras instituciones.<\/li>\n<\/ol>\n<p style=\"text-align: justify;\">\n<ol style=\"text-align: justify;\">\n<li>c) Confeccionar cartograf\u00eda h\u00eddrica que consolide un diagn\u00f3stico sobre el acceso al agua, a partir de la concentraci\u00f3n de informaci\u00f3n actualmente dispersa que considere m\u00faltiples variables (ej. r\u00e9gimen de precipitaciones, cuencas h\u00eddricas, disponibilidad, densidad poblacional, etc.) que permita identificar diferentes problem\u00e1ticas y poder actuar de la manera m\u00e1s acertada en cada comunidad. A partir de ello, planificar y desarrollar obras h\u00eddricas de forma integral, contemplando no s\u00f3lo la transferencia de las herramientas para que la comunidad pueda desarrollarse a nivel local sino tambi\u00e9n a nivel educativo, productivo (horticultura, ganader\u00eda, artesan\u00edas, etc.) y de salud.<\/li>\n<\/ol>\n<p style=\"text-align: justify;\">\n<ol style=\"text-align: justify;\">\n<li>d) Garantizar la sostenibilidad de los proyectos que se encaren, mediante una s\u00f3lida base t\u00e9cnica capitalizando las experiencias existentes a nivel local e internacional, la capacitaci\u00f3n de los beneficiarios y su compromiso con todo el proceso, adem\u00e1s de la constituci\u00f3n de fondos espec\u00edficos legalmente establecidos y dotados de un manejo transparente con los controles necesarios que lo garanticen.<\/li>\n<\/ol>\n<p style=\"text-align: justify;\">\n<ol style=\"text-align: justify;\">\n<li>e) Generar informaci\u00f3n sobre el acceso al agua, disponibilidad y calidad, estableciendo indicadores que permitan diagnosticar el estado de situaci\u00f3n de la problem\u00e1tica y que constituyan un insumo para la formulaci\u00f3n de pol\u00edticas p\u00fablicas adecuadas para cada regi\u00f3n. Es fundamental geo localizar las comunidades rurales sin acceso al agua, la situaci\u00f3n de sus cuencas h\u00eddricas, e indicadores de calidad del agua y salud de la poblaci\u00f3n.<\/li>\n<\/ol>\n<p style=\"text-align: justify;\">\n<p style=\"text-align: justify;\">Como parte de la concientizaci\u00f3n referida al acceso al agua, se desarroll\u00f3 el site de Unidos x Agua, que permite reunir toda la informaci\u00f3n del proyecto para que sirva como fuente de informaci\u00f3n para consumidores, KOL\u00b4Ss y stakeholders.<\/p>\n<p style=\"text-align: justify;\">\n<p style=\"text-align: justify;\">El mismo est\u00e1 dividido en cuatro campos que hacen referencia a Qu\u00e9 es UxA, prop\u00f3sito, modelo y partners; el Agua, su problema, soluci\u00f3n y cuidado; Tulumba Norte, problema, soluci\u00f3n e historias y Formas de Ayuda. El sitio con actualizaci\u00f3n permanente permite que los interesados incorporen propuestas o comentarios referidos al tema y puedan sumarse a la iniciativa.<\/p>\n<p style=\"text-align: justify;\"><strong>\u00a0<\/strong><\/p>\n<p style=\"text-align: justify;\">FUENTE: infocampo.com.ar<\/p>\n","protected":false},"excerpt":{"rendered":"<p>Buenos Aires &#8211; Villa del Sur organiz\u00f3 un panel multidisciplinario en el que destacados expertos compartieron diferentes opiniones sobre el [&hellip;]<\/p>\n","protected":false},"author":2,"featured_media":8480,"comment_status":"closed","ping_status":"closed","sticky":false,"template":"","format":"standard","meta":{"site-sidebar-layout":"default","site-content-layout":"","ast-site-content-layout":"default","site-content-style":"default","site-sidebar-style":"default","ast-global-header-display":"","ast-banner-title-visibility":"","ast-main-header-display":"","ast-hfb-above-header-display":"","ast-hfb-below-header-display":"","ast-hfb-mobile-header-display":"","site-post-title":"","ast-breadcrumbs-content":"","ast-featured-img":"","footer-sml-layout":"","ast-disable-related-posts":"","theme-transparent-header-meta":"","adv-header-id-meta":"","stick-header-meta":"","header-above-stick-meta":"","header-main-stick-meta":"","header-below-stick-meta":"","astra-migrate-meta-layouts":"default","ast-page-background-enabled":"default","ast-page-background-meta":{"desktop":{"background-color":"var(--ast-global-color-5)","background-image":"","background-repeat":"repeat","background-position":"center center","background-size":"auto","background-attachment":"scroll","background-type":"","background-media":"","overlay-type":"","overlay-color":"","overlay-opacity":"","overlay-gradient":""},"tablet":{"background-color":"","background-image":"","background-repeat":"repeat","background-position":"center center","background-size":"auto","background-attachment":"scroll","background-type":"","background-media":"","overlay-type":"","overlay-color":"","overlay-opacity":"","overlay-gradient":""},"mobile":{"background-color":"","background-image":"","background-repeat":"repeat","background-position":"center center","background-size":"auto","background-attachment":"scroll","background-type":"","background-media":"","overlay-type":"","overlay-color":"","overlay-opacity":"","overlay-gradient":""}},"ast-content-background-meta":{"desktop":{"background-color":"var(--ast-global-color-4)","background-image":"","background-repeat":"repeat","background-position":"center center","background-size":"auto","background-attachment":"scroll","background-type":"","background-media":"","overlay-type":"","overlay-color":"","overlay-opacity":"","overlay-gradient":""},"tablet":{"background-color":"var(--ast-global-color-4)","background-image":"","background-repeat":"repeat","background-position":"center center","background-size":"auto","background-attachment":"scroll","background-type":"","background-media":"","overlay-type":"","overlay-color":"","overlay-opacity":"","overlay-gradient":""},"mobile":{"background-color":"var(--ast-global-color-4)","background-image":"","background-repeat":"repeat","background-position":"center center","background-size":"auto","background-attachment":"scroll","background-type":"","background-media":"","overlay-type":"","overlay-color":"","overlay-opacity":"","overlay-gradient":""}},"footnotes":""},"categories":[53,1],"tags":[87,694,1063],"class_list":["post-8479","post","type-post","status-publish","format-standard","has-post-thumbnail","hentry","category-general","category-noticias","tag-agua","tag-debate","tag-expertos"],"yoast_head":"<!-- This site is optimized with the Yoast SEO Premium plugin v23.0 (Yoast SEO v27.5) - https:\/\/yoast.com\/product\/yoast-seo-premium-wordpress\/ -->\n<title>Expertos debatieron sobre los desaf\u00edos del acceso al agua en las comunidades rurales argentinas<\/title>\n<meta name=\"robots\" content=\"index, follow, max-snippet:-1, max-image-preview:large, max-video-preview:-1\" \/>\n<link rel=\"canonical\" href=\"https:\/\/patagoniambiental.com.ar\/info\/expertos-debatieron-sobre-los-desafios-del-acceso-al-agua-en-las-comunidades-rurales-argentinas\/\" \/>\n<meta property=\"og:locale\" content=\"es_ES\" \/>\n<meta property=\"og:type\" content=\"article\" \/>\n<meta property=\"og:title\" content=\"Expertos debatieron sobre los desaf\u00edos del acceso al agua en las comunidades rurales argentinas\" \/>\n<meta property=\"og:description\" content=\"Buenos Aires &#8211; Villa del Sur organiz\u00f3 un panel multidisciplinario en el que destacados expertos compartieron diferentes opiniones sobre el [&hellip;]\" \/>\n<meta property=\"og:url\" content=\"https:\/\/patagoniambiental.com.ar\/info\/expertos-debatieron-sobre-los-desafios-del-acceso-al-agua-en-las-comunidades-rurales-argentinas\/\" \/>\n<meta property=\"og:site_name\" content=\"Patagonia Ambiental\" \/>\n<meta property=\"article:publisher\" content=\"https:\/\/www.facebook.com\/patagonia.ambiental\" \/>\n<meta property=\"article:author\" content=\"https:\/\/www.facebook.com\/share\/1C1V8Gv9BX\/?mibextid=qi2Omg\" \/>\n<meta property=\"article:published_time\" content=\"2015-02-21T13:00:20+00:00\" \/>\n<meta name=\"author\" content=\"Patagonia Ambiental\" \/>\n<meta name=\"twitter:card\" content=\"summary_large_image\" \/>\n<meta name=\"twitter:creator\" content=\"@PatAmb\" \/>\n<meta name=\"twitter:site\" content=\"@PatAmb\" \/>\n<script type=\"application\/ld+json\" class=\"yoast-schema-graph\">{\"@context\":\"https:\\\/\\\/schema.org\",\"@graph\":[{\"@type\":\"Article\",\"@id\":\"https:\\\/\\\/patagoniambiental.com.ar\\\/info\\\/expertos-debatieron-sobre-los-desafios-del-acceso-al-agua-en-las-comunidades-rurales-argentinas\\\/#article\",\"isPartOf\":{\"@id\":\"https:\\\/\\\/patagoniambiental.com.ar\\\/info\\\/expertos-debatieron-sobre-los-desafios-del-acceso-al-agua-en-las-comunidades-rurales-argentinas\\\/\"},\"author\":{\"name\":\"Patagonia Ambiental\",\"@id\":\"https:\\\/\\\/patagoniambiental.com.ar\\\/info\\\/#\\\/schema\\\/person\\\/db12bff64bbcbf6a253710bf0ea37b5d\"},\"headline\":\"Expertos debatieron sobre los desaf\u00edos del acceso al agua en las comunidades rurales argentinas\",\"datePublished\":\"2015-02-21T13:00:20+00:00\",\"mainEntityOfPage\":{\"@id\":\"https:\\\/\\\/patagoniambiental.com.ar\\\/info\\\/expertos-debatieron-sobre-los-desafios-del-acceso-al-agua-en-las-comunidades-rurales-argentinas\\\/\"},\"wordCount\":772,\"publisher\":{\"@id\":\"https:\\\/\\\/patagoniambiental.com.ar\\\/info\\\/#organization\"},\"image\":{\"@id\":\"https:\\\/\\\/patagoniambiental.com.ar\\\/info\\\/expertos-debatieron-sobre-los-desafios-del-acceso-al-agua-en-las-comunidades-rurales-argentinas\\\/#primaryimage\"},\"thumbnailUrl\":\"\",\"keywords\":[\"Agua\",\"debate\",\"expertos\"],\"articleSection\":[\"General\",\"Noticias\"],\"inLanguage\":\"es\"},{\"@type\":\"WebPage\",\"@id\":\"https:\\\/\\\/patagoniambiental.com.ar\\\/info\\\/expertos-debatieron-sobre-los-desafios-del-acceso-al-agua-en-las-comunidades-rurales-argentinas\\\/\",\"url\":\"https:\\\/\\\/patagoniambiental.com.ar\\\/info\\\/expertos-debatieron-sobre-los-desafios-del-acceso-al-agua-en-las-comunidades-rurales-argentinas\\\/\",\"name\":\"Expertos debatieron sobre los desaf\u00edos del acceso al agua en las comunidades rurales argentinas\",\"isPartOf\":{\"@id\":\"https:\\\/\\\/patagoniambiental.com.ar\\\/info\\\/#website\"},\"primaryImageOfPage\":{\"@id\":\"https:\\\/\\\/patagoniambiental.com.ar\\\/info\\\/expertos-debatieron-sobre-los-desafios-del-acceso-al-agua-en-las-comunidades-rurales-argentinas\\\/#primaryimage\"},\"image\":{\"@id\":\"https:\\\/\\\/patagoniambiental.com.ar\\\/info\\\/expertos-debatieron-sobre-los-desafios-del-acceso-al-agua-en-las-comunidades-rurales-argentinas\\\/#primaryimage\"},\"thumbnailUrl\":\"\",\"datePublished\":\"2015-02-21T13:00:20+00:00\",\"breadcrumb\":{\"@id\":\"https:\\\/\\\/patagoniambiental.com.ar\\\/info\\\/expertos-debatieron-sobre-los-desafios-del-acceso-al-agua-en-las-comunidades-rurales-argentinas\\\/#breadcrumb\"},\"inLanguage\":\"es\",\"potentialAction\":[{\"@type\":\"ReadAction\",\"target\":[\"https:\\\/\\\/patagoniambiental.com.ar\\\/info\\\/expertos-debatieron-sobre-los-desafios-del-acceso-al-agua-en-las-comunidades-rurales-argentinas\\\/\"]}]},{\"@type\":\"ImageObject\",\"inLanguage\":\"es\",\"@id\":\"https:\\\/\\\/patagoniambiental.com.ar\\\/info\\\/expertos-debatieron-sobre-los-desafios-del-acceso-al-agua-en-las-comunidades-rurales-argentinas\\\/#primaryimage\",\"url\":\"\",\"contentUrl\":\"\"},{\"@type\":\"BreadcrumbList\",\"@id\":\"https:\\\/\\\/patagoniambiental.com.ar\\\/info\\\/expertos-debatieron-sobre-los-desafios-del-acceso-al-agua-en-las-comunidades-rurales-argentinas\\\/#breadcrumb\",\"itemListElement\":[{\"@type\":\"ListItem\",\"position\":1,\"name\":\"Inicio\",\"item\":\"https:\\\/\\\/patagoniambiental.com.ar\\\/info\\\/\"},{\"@type\":\"ListItem\",\"position\":2,\"name\":\"Expertos debatieron sobre los desaf\u00edos del acceso al agua en las comunidades rurales argentinas\"}]},{\"@type\":\"WebSite\",\"@id\":\"https:\\\/\\\/patagoniambiental.com.ar\\\/info\\\/#website\",\"url\":\"https:\\\/\\\/patagoniambiental.com.ar\\\/info\\\/\",\"name\":\"Patagonia Ambiental\",\"description\":\"Monitoreo y an\u00e1lisis de la situaci\u00f3n geopol\u00edtica en el mundo y su implicancia en la Patagonia\",\"publisher\":{\"@id\":\"https:\\\/\\\/patagoniambiental.com.ar\\\/info\\\/#organization\"},\"potentialAction\":[{\"@type\":\"SearchAction\",\"target\":{\"@type\":\"EntryPoint\",\"urlTemplate\":\"https:\\\/\\\/patagoniambiental.com.ar\\\/info\\\/?s={search_term_string}\"},\"query-input\":{\"@type\":\"PropertyValueSpecification\",\"valueRequired\":true,\"valueName\":\"search_term_string\"}}],\"inLanguage\":\"es\"},{\"@type\":\"Organization\",\"@id\":\"https:\\\/\\\/patagoniambiental.com.ar\\\/info\\\/#organization\",\"name\":\"Patagonia Ambiental\",\"url\":\"https:\\\/\\\/patagoniambiental.com.ar\\\/info\\\/\",\"logo\":{\"@type\":\"ImageObject\",\"inLanguage\":\"es\",\"@id\":\"https:\\\/\\\/patagoniambiental.com.ar\\\/info\\\/#\\\/schema\\\/logo\\\/image\\\/\",\"url\":\"https:\\\/\\\/patagoniambiental.com.ar\\\/info\\\/wp-content\\\/uploads\\\/2025\\\/05\\\/LOGO-PATAGONIA-AMBIENTAL.png\",\"contentUrl\":\"https:\\\/\\\/patagoniambiental.com.ar\\\/info\\\/wp-content\\\/uploads\\\/2025\\\/05\\\/LOGO-PATAGONIA-AMBIENTAL.png\",\"width\":433,\"height\":250,\"caption\":\"Patagonia Ambiental\"},\"image\":{\"@id\":\"https:\\\/\\\/patagoniambiental.com.ar\\\/info\\\/#\\\/schema\\\/logo\\\/image\\\/\"},\"sameAs\":[\"https:\\\/\\\/www.facebook.com\\\/patagonia.ambiental\",\"https:\\\/\\\/x.com\\\/PatAmb\"]},{\"@type\":\"Person\",\"@id\":\"https:\\\/\\\/patagoniambiental.com.ar\\\/info\\\/#\\\/schema\\\/person\\\/db12bff64bbcbf6a253710bf0ea37b5d\",\"name\":\"Patagonia Ambiental\",\"description\":\"Andr\u00e9s Nievas T\u00e9cnico en manejo ambiental, consultor Ambiental y escritor para medios locales e internacionales sobre temas de geopolitica y medio ambiente.\",\"sameAs\":[\"http:\\\/\\\/www.patagoniambiental.com.ar\",\"https:\\\/\\\/www.facebook.com\\\/share\\\/1C1V8Gv9BX\\\/?mibextid=qi2Omg\",\"@patagoniambiental\",\"https:\\\/\\\/youtube.com\\\/@patagoniaambiental2023?si=BLt58t0wuXquxlYZ\"]}]}<\/script>\n<!-- \/ Yoast SEO Premium plugin. -->","yoast_head_json":{"title":"Expertos debatieron sobre los desaf\u00edos del acceso al agua en las comunidades rurales argentinas","robots":{"index":"index","follow":"follow","max-snippet":"max-snippet:-1","max-image-preview":"max-image-preview:large","max-video-preview":"max-video-preview:-1"},"canonical":"https:\/\/patagoniambiental.com.ar\/info\/expertos-debatieron-sobre-los-desafios-del-acceso-al-agua-en-las-comunidades-rurales-argentinas\/","og_locale":"es_ES","og_type":"article","og_title":"Expertos debatieron sobre los desaf\u00edos del acceso al agua en las comunidades rurales argentinas","og_description":"Buenos Aires &#8211; Villa del Sur organiz\u00f3 un panel multidisciplinario en el que destacados expertos compartieron diferentes opiniones sobre el [&hellip;]","og_url":"https:\/\/patagoniambiental.com.ar\/info\/expertos-debatieron-sobre-los-desafios-del-acceso-al-agua-en-las-comunidades-rurales-argentinas\/","og_site_name":"Patagonia Ambiental","article_publisher":"https:\/\/www.facebook.com\/patagonia.ambiental","article_author":"https:\/\/www.facebook.com\/share\/1C1V8Gv9BX\/?mibextid=qi2Omg","article_published_time":"2015-02-21T13:00:20+00:00","author":"Patagonia Ambiental","twitter_card":"summary_large_image","twitter_creator":"@PatAmb","twitter_site":"@PatAmb","schema":{"@context":"https:\/\/schema.org","@graph":[{"@type":"Article","@id":"https:\/\/patagoniambiental.com.ar\/info\/expertos-debatieron-sobre-los-desafios-del-acceso-al-agua-en-las-comunidades-rurales-argentinas\/#article","isPartOf":{"@id":"https:\/\/patagoniambiental.com.ar\/info\/expertos-debatieron-sobre-los-desafios-del-acceso-al-agua-en-las-comunidades-rurales-argentinas\/"},"author":{"name":"Patagonia Ambiental","@id":"https:\/\/patagoniambiental.com.ar\/info\/#\/schema\/person\/db12bff64bbcbf6a253710bf0ea37b5d"},"headline":"Expertos debatieron sobre los desaf\u00edos del acceso al agua en las comunidades rurales argentinas","datePublished":"2015-02-21T13:00:20+00:00","mainEntityOfPage":{"@id":"https:\/\/patagoniambiental.com.ar\/info\/expertos-debatieron-sobre-los-desafios-del-acceso-al-agua-en-las-comunidades-rurales-argentinas\/"},"wordCount":772,"publisher":{"@id":"https:\/\/patagoniambiental.com.ar\/info\/#organization"},"image":{"@id":"https:\/\/patagoniambiental.com.ar\/info\/expertos-debatieron-sobre-los-desafios-del-acceso-al-agua-en-las-comunidades-rurales-argentinas\/#primaryimage"},"thumbnailUrl":"","keywords":["Agua","debate","expertos"],"articleSection":["General","Noticias"],"inLanguage":"es"},{"@type":"WebPage","@id":"https:\/\/patagoniambiental.com.ar\/info\/expertos-debatieron-sobre-los-desafios-del-acceso-al-agua-en-las-comunidades-rurales-argentinas\/","url":"https:\/\/patagoniambiental.com.ar\/info\/expertos-debatieron-sobre-los-desafios-del-acceso-al-agua-en-las-comunidades-rurales-argentinas\/","name":"Expertos debatieron sobre los desaf\u00edos del acceso al agua en las comunidades rurales argentinas","isPartOf":{"@id":"https:\/\/patagoniambiental.com.ar\/info\/#website"},"primaryImageOfPage":{"@id":"https:\/\/patagoniambiental.com.ar\/info\/expertos-debatieron-sobre-los-desafios-del-acceso-al-agua-en-las-comunidades-rurales-argentinas\/#primaryimage"},"image":{"@id":"https:\/\/patagoniambiental.com.ar\/info\/expertos-debatieron-sobre-los-desafios-del-acceso-al-agua-en-las-comunidades-rurales-argentinas\/#primaryimage"},"thumbnailUrl":"","datePublished":"2015-02-21T13:00:20+00:00","breadcrumb":{"@id":"https:\/\/patagoniambiental.com.ar\/info\/expertos-debatieron-sobre-los-desafios-del-acceso-al-agua-en-las-comunidades-rurales-argentinas\/#breadcrumb"},"inLanguage":"es","potentialAction":[{"@type":"ReadAction","target":["https:\/\/patagoniambiental.com.ar\/info\/expertos-debatieron-sobre-los-desafios-del-acceso-al-agua-en-las-comunidades-rurales-argentinas\/"]}]},{"@type":"ImageObject","inLanguage":"es","@id":"https:\/\/patagoniambiental.com.ar\/info\/expertos-debatieron-sobre-los-desafios-del-acceso-al-agua-en-las-comunidades-rurales-argentinas\/#primaryimage","url":"","contentUrl":""},{"@type":"BreadcrumbList","@id":"https:\/\/patagoniambiental.com.ar\/info\/expertos-debatieron-sobre-los-desafios-del-acceso-al-agua-en-las-comunidades-rurales-argentinas\/#breadcrumb","itemListElement":[{"@type":"ListItem","position":1,"name":"Inicio","item":"https:\/\/patagoniambiental.com.ar\/info\/"},{"@type":"ListItem","position":2,"name":"Expertos debatieron sobre los desaf\u00edos del acceso al agua en las comunidades rurales argentinas"}]},{"@type":"WebSite","@id":"https:\/\/patagoniambiental.com.ar\/info\/#website","url":"https:\/\/patagoniambiental.com.ar\/info\/","name":"Patagonia Ambiental","description":"Monitoreo y an\u00e1lisis de la situaci\u00f3n geopol\u00edtica en el mundo y su implicancia en la Patagonia","publisher":{"@id":"https:\/\/patagoniambiental.com.ar\/info\/#organization"},"potentialAction":[{"@type":"SearchAction","target":{"@type":"EntryPoint","urlTemplate":"https:\/\/patagoniambiental.com.ar\/info\/?s={search_term_string}"},"query-input":{"@type":"PropertyValueSpecification","valueRequired":true,"valueName":"search_term_string"}}],"inLanguage":"es"},{"@type":"Organization","@id":"https:\/\/patagoniambiental.com.ar\/info\/#organization","name":"Patagonia Ambiental","url":"https:\/\/patagoniambiental.com.ar\/info\/","logo":{"@type":"ImageObject","inLanguage":"es","@id":"https:\/\/patagoniambiental.com.ar\/info\/#\/schema\/logo\/image\/","url":"https:\/\/patagoniambiental.com.ar\/info\/wp-content\/uploads\/2025\/05\/LOGO-PATAGONIA-AMBIENTAL.png","contentUrl":"https:\/\/patagoniambiental.com.ar\/info\/wp-content\/uploads\/2025\/05\/LOGO-PATAGONIA-AMBIENTAL.png","width":433,"height":250,"caption":"Patagonia Ambiental"},"image":{"@id":"https:\/\/patagoniambiental.com.ar\/info\/#\/schema\/logo\/image\/"},"sameAs":["https:\/\/www.facebook.com\/patagonia.ambiental","https:\/\/x.com\/PatAmb"]},{"@type":"Person","@id":"https:\/\/patagoniambiental.com.ar\/info\/#\/schema\/person\/db12bff64bbcbf6a253710bf0ea37b5d","name":"Patagonia Ambiental","description":"Andr\u00e9s Nievas T\u00e9cnico en manejo ambiental, consultor Ambiental y escritor para medios locales e internacionales sobre temas de geopolitica y medio ambiente.","sameAs":["http:\/\/www.patagoniambiental.com.ar","https:\/\/www.facebook.com\/share\/1C1V8Gv9BX\/?mibextid=qi2Omg","@patagoniambiental","https:\/\/youtube.com\/@patagoniaambiental2023?si=BLt58t0wuXquxlYZ"]}]}},"_links":{"self":[{"href":"https:\/\/patagoniambiental.com.ar\/info\/wp-json\/wp\/v2\/posts\/8479","targetHints":{"allow":["GET"]}}],"collection":[{"href":"https:\/\/patagoniambiental.com.ar\/info\/wp-json\/wp\/v2\/posts"}],"about":[{"href":"https:\/\/patagoniambiental.com.ar\/info\/wp-json\/wp\/v2\/types\/post"}],"author":[{"embeddable":true,"href":"https:\/\/patagoniambiental.com.ar\/info\/wp-json\/wp\/v2\/users\/2"}],"replies":[{"embeddable":true,"href":"https:\/\/patagoniambiental.com.ar\/info\/wp-json\/wp\/v2\/comments?post=8479"}],"version-history":[{"count":0,"href":"https:\/\/patagoniambiental.com.ar\/info\/wp-json\/wp\/v2\/posts\/8479\/revisions"}],"wp:featuredmedia":[{"embeddable":true,"href":"https:\/\/patagoniambiental.com.ar\/info\/wp-json\/"}],"wp:attachment":[{"href":"https:\/\/patagoniambiental.com.ar\/info\/wp-json\/wp\/v2\/media?parent=8479"}],"wp:term":[{"taxonomy":"category","embeddable":true,"href":"https:\/\/patagoniambiental.com.ar\/info\/wp-json\/wp\/v2\/categories?post=8479"},{"taxonomy":"post_tag","embeddable":true,"href":"https:\/\/patagoniambiental.com.ar\/info\/wp-json\/wp\/v2\/tags?post=8479"}],"curies":[{"name":"wp","href":"https:\/\/api.w.org\/{rel}","templated":true}]}}