{"id":84891,"date":"2024-07-25T13:29:19","date_gmt":"2024-07-25T16:29:19","guid":{"rendered":"https:\/\/patagoniambiental.com.ar\/info\/?p=84891"},"modified":"2025-05-05T10:55:11","modified_gmt":"2025-05-05T13:55:11","slug":"chubut-es-la-primera-provincia-argentina-que-adhiere-a-un-pacto-mundial-sobre-el-cambio-climatico","status":"publish","type":"post","link":"https:\/\/patagoniambiental.com.ar\/info\/chubut-es-la-primera-provincia-argentina-que-adhiere-a-un-pacto-mundial-sobre-el-cambio-climatico\/","title":{"rendered":"Chubut es la primera provincia argentina que adhiere a un pacto mundial sobre el cambio clim\u00e1tico"},"content":{"rendered":"\n<!--more-->\n\n\n\n<h4 class=\"wp-block-heading\" id=\"h-se-sumo-a-la-declaracion-de-glasgow-se-trata-de-un-acuerdo-para-reducir-las-emisiones-que-genera-el-turismo\">Se sum\u00f3 a la Declaracion de Glasgow. Se trata de un acuerdo para reducir las emisiones que genera el <a href=\"https:\/\/www.lmneuquen.com\/pais\/turismo-la-devaluacion-del-real-los-argentinos-sera-mas-accesible-viajar-brasil-n1128638\" target=\"_blank\" rel=\"noreferrer noopener\"><strong>turismo<\/strong><\/a>.<\/h4>\n\n\n\n<figure class=\"wp-block-image\"><img decoding=\"async\" src=\"https:\/\/media.lmneuquen.com\/p\/3cf0d7d199e9184e893058ca98f7ea79\/adjuntos\/195\/imagenes\/007\/746\/0007746394\/770x0\/smart\/rio-futaleufu.jpg\" alt=\"Turismo en Chubut: la provincia se comprometi\u00f3 a reducir los efectos nocivos relacionados con el cambio clim\u00e1tico.\" title=\"Turismo en Chubut: la provincia se comprometi\u00f3 a reducir los efectos nocivos relacionados con el cambio clim\u00e1tico. | LM Neuquen\"\/><figcaption class=\"wp-element-caption\">Turismo en Chubut: la provincia se comprometi\u00f3 a reducir los efectos nocivos relacionados con el cambio clim\u00e1tico.<\/figcaption><\/figure>\n\n\n\n<p>La provincia de <a href=\"https:\/\/www.lmneuquen.com\/pais\/chubut-prision-domiciliaria-un-empresario-sospechado-trata-n1130947\" target=\"_blank\" rel=\"noreferrer noopener\"><strong>Chubut<\/strong><\/a> se convirti\u00f3 en la primera de la Argentina que adhiere a la <strong>Declaraci\u00f3n de Glasgow, <\/strong>un pacto de alcance mundial originado en 2021 y que busca prevenir los efectos nocivos que puede tener el turismo en relaci\u00f3n con el <strong><a href=\"https:\/\/www.lmneuquen.com\/ciencia-y-vida\/cambio-climatico-poco-tiempo-brasil-seria-inhabitable-n1130948\" target=\"_blank\" rel=\"noreferrer noopener\">cambio clim\u00e1tico.<\/a><\/strong><\/p>\n\n\n\n<p>La decisi\u00f3n de adherir al acuerdo establecido hace tres a\u00f1os en <strong>Escocia <\/strong>en relaci\u00f3n con el <a href=\"https:\/\/www.lmneuquen.com\/ciencia-y-vida\/planeta-feliz-hoy-se-celebra-el-dia-del-medio-ambiente-n1118882\" target=\"_blank\" rel=\"noreferrer noopener\"><strong>medio ambiente<\/strong><\/a>, implica un compromiso de todo el sector tur\u00edstico de Chubut para abordar la problem\u00e1tica clim\u00e1tica.<\/p>\n\n\n\n<p>Este compromiso no es solo formal sino que, para cumplirlo, en la pr\u00f3xima d\u00e9cada la provincia gobernada por <strong>Ignacio \u201cNacho\u201d Torres<\/strong> deber\u00e1 reducir al menos en un 50% las emisiones globales generadas por el turismo.<\/p>\n\n\n\n<div style=\"height:100px\" aria-hidden=\"true\" class=\"wp-block-spacer\"><\/div>\n\n\n\n<h2 class=\"wp-block-heading\" id=\"h-los-proyectos-de-chubut\">Los proyectos de Chubut<\/h2>\n\n\n\n<p>La adhesi\u00f3n a la <strong>Declaracion de Glasgow<\/strong> se dio a trav\u00e9s de gestiones del Ministerio de Turismo y \u00c1reas Protegidas de Chubut, organismo que, junto con la Secretar\u00eda de Ambiente y Control del Desarrollo Sustentable provincial, deber\u00e1 avanzar ahora en el planteo de medidas de adaptaci\u00f3n y mitigaci\u00f3n de emisiones que perjudiquen el medio ambiente.<\/p>\n\n\n\n<p>Seg\u00fan comunic\u00f3 el gobierno provincial, estas medidas se llevar\u00e1n adelante en el marco del Plan de Respuesta frente al <strong>Cambio Clim\u00e1tico<\/strong> de la Provincia de <strong>Chubut <\/strong>(PRCCCH) y de los planes de manejo de las \u00e1reas protegidas provinciales.<\/p>\n\n\n\n<p>El gobernador de Chubut, Ignacio Torres, ratific\u00f3 en declaraciones a medios de comunicaci\u00f3n locales el compromiso de su gabinete para transitar el camino hacia el desarrollo sostenible.<\/p>\n\n\n\n<figure class=\"wp-block-image\"><img decoding=\"async\" src=\"https:\/\/media.lmneuquen.com\/p\/ca9c9b8d880c664301e43698e552b3bf\/adjuntos\/195\/imagenes\/007\/746\/0007746392\/770x0\/smart\/cop26_9jpg.jpg\" alt=\"La Declaraci\u00f3n que ahora firma Chubut tuvo origen en el encuentro de Naciones Unidas en Glasgow, en 2021.\" title=\"La Declaraci\u00f3n que ahora firma Chubut tuvo origen en el encuentro de Naciones Unidas en Glasgow, en 2021.\"\/><\/figure>\n\n\n\n<p>La Declaraci\u00f3n que ahora firma Chubut tuvo origen en el encuentro de Naciones Unidas en Glasgow, en 2021.<\/p>\n\n\n\n<p>Para ello, expres\u00f3, \u201ces necesario generar las condiciones sociales, econ\u00f3micas, ambientales e institucionales atendiendo la problem\u00e1tica del cambio clim\u00e1tico que pone en riesgo los recursos naturales y culturales\u201d.<\/p>\n\n\n\n<p>Desde la gobernaci\u00f3n se inform\u00f3 que con ese objetivo se ha definido \u201cuna pol\u00edtica p\u00fablica sectorial que busca mejorar las condiciones socioecon\u00f3micas de los territorios tur\u00edsticos mediante el fortalecimiento de los recursos naturales y culturales del territorio provincial y reduciendo los riesgos clim\u00e1ticos actuales y futuros\u201d.<\/p>\n\n\n\n<div style=\"height:100px\" aria-hidden=\"true\" class=\"wp-block-spacer\"><\/div>\n\n\n\n<h2 class=\"wp-block-heading\" id=\"h-que-es-la-declaracion-de-glasgow\">Qu\u00e9 es la Declaraci\u00f3n de Glasgow<\/h2>\n\n\n\n<p>La <strong>Declaraci\u00f3n de Glasgow <\/strong>sobre la Alimentaci\u00f3n y el Clima, conocida tambi\u00e9n como<strong> Pacto Clim\u00e1tico de Glasgow <\/strong>re\u00fane a gobiernos locales y regionales de todas partes del mundo para declarar su compromiso de poner en pr\u00e1ctica pol\u00edticas alimentarias integradas para hacer frente a la emergencia clim\u00e1tica.<\/p>\n\n\n\n<p>Fue lanzada duranten las negociaciones sobre el cambio clim\u00e1tico de la <strong>ONU<\/strong>, en 2021, celebradas en la ciudad escocesa. El movimiento exhorta a los gobiernos nacionales a tomar medidas coordinadas en materia de alimentaci\u00f3n y clima.<\/p>\n\n\n\n<p>Quienes firman la Declaraci\u00f3n de Glasgow <strong>sobre la Acci\u00f3n Clim\u00e1tica<\/strong> <a href=\"https:\/\/masp.lmneuquen.com\/economia\/neuquen-es-tu-destino-la-capital-deja-ser-de-paso-el-turismo-n1129078\" target=\"_blank\" rel=\"noreferrer noopener\">en el <strong>Turismo<\/strong>,<\/a> como ocurre ahora con <strong>Chubut<\/strong>, se comprometen a actuar y a acelerar la acci\u00f3n clim\u00e1tica para reducir las emisiones globales del turismo al menos a la mitad en la pr\u00f3xima d\u00e9cada y alcanzar un valor cero antes de 2050.<\/p>\n\n\n\n<p>Las autoridades provinciales explicaron que el principal compromiso es avanzar en un plan concreto de acci\u00f3n por el clima en los pr\u00f3ximos meses. Los planes estar\u00e1n alineados con las v\u00edas propuestas de medici\u00f3n, descarbonizaci\u00f3n, regeneraci\u00f3n, colaboraci\u00f3n y financiaci\u00f3n, que acelerar\u00e1n la capacidad transformadora del turismo.<\/p>\n\n\n\n<p>Fuente: LM Neuquen<\/p>\n","protected":false},"excerpt":{"rendered":"","protected":false},"author":2,"featured_media":84892,"comment_status":"open","ping_status":"open","sticky":false,"template":"","format":"standard","meta":{"site-sidebar-layout":"default","site-content-layout":"","ast-site-content-layout":"default","site-content-style":"default","site-sidebar-style":"default","ast-global-header-display":"","ast-banner-title-visibility":"","ast-main-header-display":"","ast-hfb-above-header-display":"","ast-hfb-below-header-display":"","ast-hfb-mobile-header-display":"","site-post-title":"","ast-breadcrumbs-content":"","ast-featured-img":"","footer-sml-layout":"","ast-disable-related-posts":"","theme-transparent-header-meta":"","adv-header-id-meta":"","stick-header-meta":"","header-above-stick-meta":"","header-main-stick-meta":"","header-below-stick-meta":"","astra-migrate-meta-layouts":"default","ast-page-background-enabled":"default","ast-page-background-meta":{"desktop":{"background-color":"var(--ast-global-color-5)","background-image":"","background-repeat":"repeat","background-position":"center center","background-size":"auto","background-attachment":"scroll","background-type":"","background-media":"","overlay-type":"","overlay-color":"","overlay-opacity":"","overlay-gradient":""},"tablet":{"background-color":"","background-image":"","background-repeat":"repeat","background-position":"center center","background-size":"auto","background-attachment":"scroll","background-type":"","background-media":"","overlay-type":"","overlay-color":"","overlay-opacity":"","overlay-gradient":""},"mobile":{"background-color":"","background-image":"","background-repeat":"repeat","background-position":"center center","background-size":"auto","background-attachment":"scroll","background-type":"","background-media":"","overlay-type":"","overlay-color":"","overlay-opacity":"","overlay-gradient":""}},"ast-content-background-meta":{"desktop":{"background-color":"var(--ast-global-color-4)","background-image":"","background-repeat":"repeat","background-position":"center center","background-size":"auto","background-attachment":"scroll","background-type":"","background-media":"","overlay-type":"","overlay-color":"","overlay-opacity":"","overlay-gradient":""},"tablet":{"background-color":"var(--ast-global-color-4)","background-image":"","background-repeat":"repeat","background-position":"center center","background-size":"auto","background-attachment":"scroll","background-type":"","background-media":"","overlay-type":"","overlay-color":"","overlay-opacity":"","overlay-gradient":""},"mobile":{"background-color":"var(--ast-global-color-4)","background-image":"","background-repeat":"repeat","background-position":"center center","background-size":"auto","background-attachment":"scroll","background-type":"","background-media":"","overlay-type":"","overlay-color":"","overlay-opacity":"","overlay-gradient":""}},"footnotes":""},"categories":[11,26,1,13],"tags":[],"class_list":["post-84891","post","type-post","status-publish","format-standard","has-post-thumbnail","hentry","category-boletin","category-chubut","category-noticias","category-provinciales"],"yoast_head":"<!-- This site is optimized with the Yoast SEO Premium plugin v23.0 (Yoast SEO v27.5) - https:\/\/yoast.com\/product\/yoast-seo-premium-wordpress\/ -->\n<title>Chubut es la primera provincia argentina que adhiere a un pacto mundial sobre el cambio clim\u00e1tico<\/title>\n<meta name=\"robots\" content=\"index, follow, max-snippet:-1, max-image-preview:large, max-video-preview:-1\" \/>\n<link rel=\"canonical\" href=\"https:\/\/patagoniambiental.com.ar\/info\/chubut-es-la-primera-provincia-argentina-que-adhiere-a-un-pacto-mundial-sobre-el-cambio-climatico\/\" \/>\n<meta property=\"og:locale\" content=\"es_ES\" \/>\n<meta property=\"og:type\" content=\"article\" \/>\n<meta property=\"og:title\" content=\"Chubut es la primera provincia argentina que adhiere a un pacto mundial sobre el cambio clim\u00e1tico\" \/>\n<meta property=\"og:url\" content=\"https:\/\/patagoniambiental.com.ar\/info\/chubut-es-la-primera-provincia-argentina-que-adhiere-a-un-pacto-mundial-sobre-el-cambio-climatico\/\" \/>\n<meta property=\"og:site_name\" content=\"Patagonia Ambiental\" \/>\n<meta property=\"article:publisher\" content=\"https:\/\/www.facebook.com\/patagonia.ambiental\" \/>\n<meta property=\"article:author\" content=\"https:\/\/www.facebook.com\/share\/1C1V8Gv9BX\/?mibextid=qi2Omg\" \/>\n<meta property=\"article:published_time\" content=\"2024-07-25T16:29:19+00:00\" \/>\n<meta property=\"article:modified_time\" content=\"2025-05-05T13:55:11+00:00\" \/>\n<meta property=\"og:image\" content=\"https:\/\/patagoniambiental.com.ar\/info\/wp-content\/uploads\/2024\/07\/Screenshot-2024-07-25-at-13-28-15-Chubut-es-la-primera-provincia-argentina-que-adhiere-a-un-pacto-mundial-sobre-el-cambio-climatico.png\" \/>\n\t<meta property=\"og:image:width\" content=\"747\" \/>\n\t<meta property=\"og:image:height\" content=\"376\" \/>\n\t<meta property=\"og:image:type\" content=\"image\/png\" \/>\n<meta name=\"author\" content=\"Patagonia Ambiental\" \/>\n<meta name=\"twitter:card\" content=\"summary_large_image\" \/>\n<meta name=\"twitter:creator\" content=\"@PatAmb\" \/>\n<meta name=\"twitter:site\" content=\"@PatAmb\" \/>\n<script type=\"application\/ld+json\" class=\"yoast-schema-graph\">{\"@context\":\"https:\\\/\\\/schema.org\",\"@graph\":[{\"@type\":\"Article\",\"@id\":\"https:\\\/\\\/patagoniambiental.com.ar\\\/info\\\/chubut-es-la-primera-provincia-argentina-que-adhiere-a-un-pacto-mundial-sobre-el-cambio-climatico\\\/#article\",\"isPartOf\":{\"@id\":\"https:\\\/\\\/patagoniambiental.com.ar\\\/info\\\/chubut-es-la-primera-provincia-argentina-que-adhiere-a-un-pacto-mundial-sobre-el-cambio-climatico\\\/\"},\"author\":{\"name\":\"Patagonia Ambiental\",\"@id\":\"https:\\\/\\\/patagoniambiental.com.ar\\\/info\\\/#\\\/schema\\\/person\\\/db12bff64bbcbf6a253710bf0ea37b5d\"},\"headline\":\"Chubut es la primera provincia argentina que adhiere a un pacto mundial sobre el cambio clim\u00e1tico\",\"datePublished\":\"2024-07-25T16:29:19+00:00\",\"dateModified\":\"2025-05-05T13:55:11+00:00\",\"mainEntityOfPage\":{\"@id\":\"https:\\\/\\\/patagoniambiental.com.ar\\\/info\\\/chubut-es-la-primera-provincia-argentina-que-adhiere-a-un-pacto-mundial-sobre-el-cambio-climatico\\\/\"},\"wordCount\":625,\"commentCount\":0,\"publisher\":{\"@id\":\"https:\\\/\\\/patagoniambiental.com.ar\\\/info\\\/#organization\"},\"image\":{\"@id\":\"https:\\\/\\\/patagoniambiental.com.ar\\\/info\\\/chubut-es-la-primera-provincia-argentina-que-adhiere-a-un-pacto-mundial-sobre-el-cambio-climatico\\\/#primaryimage\"},\"thumbnailUrl\":\"https:\\\/\\\/patagoniambiental.com.ar\\\/info\\\/wp-content\\\/uploads\\\/2024\\\/07\\\/Screenshot-2024-07-25-at-13-28-15-Chubut-es-la-primera-provincia-argentina-que-adhiere-a-un-pacto-mundial-sobre-el-cambio-climatico.png\",\"articleSection\":[\"Bolet\u00edn\",\"Chubut\",\"Noticias\",\"Provinciales\"],\"inLanguage\":\"es\",\"potentialAction\":[{\"@type\":\"CommentAction\",\"name\":\"Comment\",\"target\":[\"https:\\\/\\\/patagoniambiental.com.ar\\\/info\\\/chubut-es-la-primera-provincia-argentina-que-adhiere-a-un-pacto-mundial-sobre-el-cambio-climatico\\\/#respond\"]}]},{\"@type\":\"WebPage\",\"@id\":\"https:\\\/\\\/patagoniambiental.com.ar\\\/info\\\/chubut-es-la-primera-provincia-argentina-que-adhiere-a-un-pacto-mundial-sobre-el-cambio-climatico\\\/\",\"url\":\"https:\\\/\\\/patagoniambiental.com.ar\\\/info\\\/chubut-es-la-primera-provincia-argentina-que-adhiere-a-un-pacto-mundial-sobre-el-cambio-climatico\\\/\",\"name\":\"Chubut es la primera provincia argentina que adhiere a un pacto mundial sobre el cambio clim\u00e1tico\",\"isPartOf\":{\"@id\":\"https:\\\/\\\/patagoniambiental.com.ar\\\/info\\\/#website\"},\"primaryImageOfPage\":{\"@id\":\"https:\\\/\\\/patagoniambiental.com.ar\\\/info\\\/chubut-es-la-primera-provincia-argentina-que-adhiere-a-un-pacto-mundial-sobre-el-cambio-climatico\\\/#primaryimage\"},\"image\":{\"@id\":\"https:\\\/\\\/patagoniambiental.com.ar\\\/info\\\/chubut-es-la-primera-provincia-argentina-que-adhiere-a-un-pacto-mundial-sobre-el-cambio-climatico\\\/#primaryimage\"},\"thumbnailUrl\":\"https:\\\/\\\/patagoniambiental.com.ar\\\/info\\\/wp-content\\\/uploads\\\/2024\\\/07\\\/Screenshot-2024-07-25-at-13-28-15-Chubut-es-la-primera-provincia-argentina-que-adhiere-a-un-pacto-mundial-sobre-el-cambio-climatico.png\",\"datePublished\":\"2024-07-25T16:29:19+00:00\",\"dateModified\":\"2025-05-05T13:55:11+00:00\",\"breadcrumb\":{\"@id\":\"https:\\\/\\\/patagoniambiental.com.ar\\\/info\\\/chubut-es-la-primera-provincia-argentina-que-adhiere-a-un-pacto-mundial-sobre-el-cambio-climatico\\\/#breadcrumb\"},\"inLanguage\":\"es\",\"potentialAction\":[{\"@type\":\"ReadAction\",\"target\":[\"https:\\\/\\\/patagoniambiental.com.ar\\\/info\\\/chubut-es-la-primera-provincia-argentina-que-adhiere-a-un-pacto-mundial-sobre-el-cambio-climatico\\\/\"]}]},{\"@type\":\"ImageObject\",\"inLanguage\":\"es\",\"@id\":\"https:\\\/\\\/patagoniambiental.com.ar\\\/info\\\/chubut-es-la-primera-provincia-argentina-que-adhiere-a-un-pacto-mundial-sobre-el-cambio-climatico\\\/#primaryimage\",\"url\":\"https:\\\/\\\/patagoniambiental.com.ar\\\/info\\\/wp-content\\\/uploads\\\/2024\\\/07\\\/Screenshot-2024-07-25-at-13-28-15-Chubut-es-la-primera-provincia-argentina-que-adhiere-a-un-pacto-mundial-sobre-el-cambio-climatico.png\",\"contentUrl\":\"https:\\\/\\\/patagoniambiental.com.ar\\\/info\\\/wp-content\\\/uploads\\\/2024\\\/07\\\/Screenshot-2024-07-25-at-13-28-15-Chubut-es-la-primera-provincia-argentina-que-adhiere-a-un-pacto-mundial-sobre-el-cambio-climatico.png\",\"width\":747,\"height\":376,\"caption\":\"Pacto Mundial sobre Cambio Clim\u00e1tico\"},{\"@type\":\"BreadcrumbList\",\"@id\":\"https:\\\/\\\/patagoniambiental.com.ar\\\/info\\\/chubut-es-la-primera-provincia-argentina-que-adhiere-a-un-pacto-mundial-sobre-el-cambio-climatico\\\/#breadcrumb\",\"itemListElement\":[{\"@type\":\"ListItem\",\"position\":1,\"name\":\"Inicio\",\"item\":\"https:\\\/\\\/patagoniambiental.com.ar\\\/info\\\/\"},{\"@type\":\"ListItem\",\"position\":2,\"name\":\"Chubut es la primera provincia argentina que adhiere a un pacto mundial sobre el cambio clim\u00e1tico\"}]},{\"@type\":\"WebSite\",\"@id\":\"https:\\\/\\\/patagoniambiental.com.ar\\\/info\\\/#website\",\"url\":\"https:\\\/\\\/patagoniambiental.com.ar\\\/info\\\/\",\"name\":\"Patagonia Ambiental\",\"description\":\"Monitoreo y an\u00e1lisis de la situaci\u00f3n geopol\u00edtica en el mundo y su implicancia en la Patagonia\",\"publisher\":{\"@id\":\"https:\\\/\\\/patagoniambiental.com.ar\\\/info\\\/#organization\"},\"potentialAction\":[{\"@type\":\"SearchAction\",\"target\":{\"@type\":\"EntryPoint\",\"urlTemplate\":\"https:\\\/\\\/patagoniambiental.com.ar\\\/info\\\/?s={search_term_string}\"},\"query-input\":{\"@type\":\"PropertyValueSpecification\",\"valueRequired\":true,\"valueName\":\"search_term_string\"}}],\"inLanguage\":\"es\"},{\"@type\":\"Organization\",\"@id\":\"https:\\\/\\\/patagoniambiental.com.ar\\\/info\\\/#organization\",\"name\":\"Patagonia Ambiental\",\"url\":\"https:\\\/\\\/patagoniambiental.com.ar\\\/info\\\/\",\"logo\":{\"@type\":\"ImageObject\",\"inLanguage\":\"es\",\"@id\":\"https:\\\/\\\/patagoniambiental.com.ar\\\/info\\\/#\\\/schema\\\/logo\\\/image\\\/\",\"url\":\"https:\\\/\\\/patagoniambiental.com.ar\\\/info\\\/wp-content\\\/uploads\\\/2025\\\/05\\\/LOGO-PATAGONIA-AMBIENTAL.png\",\"contentUrl\":\"https:\\\/\\\/patagoniambiental.com.ar\\\/info\\\/wp-content\\\/uploads\\\/2025\\\/05\\\/LOGO-PATAGONIA-AMBIENTAL.png\",\"width\":433,\"height\":250,\"caption\":\"Patagonia Ambiental\"},\"image\":{\"@id\":\"https:\\\/\\\/patagoniambiental.com.ar\\\/info\\\/#\\\/schema\\\/logo\\\/image\\\/\"},\"sameAs\":[\"https:\\\/\\\/www.facebook.com\\\/patagonia.ambiental\",\"https:\\\/\\\/x.com\\\/PatAmb\"]},{\"@type\":\"Person\",\"@id\":\"https:\\\/\\\/patagoniambiental.com.ar\\\/info\\\/#\\\/schema\\\/person\\\/db12bff64bbcbf6a253710bf0ea37b5d\",\"name\":\"Patagonia Ambiental\",\"description\":\"Andr\u00e9s Nievas T\u00e9cnico en manejo ambiental, consultor Ambiental y escritor para medios locales e internacionales sobre temas de geopolitica y medio ambiente.\",\"sameAs\":[\"http:\\\/\\\/www.patagoniambiental.com.ar\",\"https:\\\/\\\/www.facebook.com\\\/share\\\/1C1V8Gv9BX\\\/?mibextid=qi2Omg\",\"@patagoniambiental\",\"https:\\\/\\\/youtube.com\\\/@patagoniaambiental2023?si=BLt58t0wuXquxlYZ\"]}]}<\/script>\n<!-- \/ Yoast SEO Premium plugin. -->","yoast_head_json":{"title":"Chubut es la primera provincia argentina que adhiere a un pacto mundial sobre el cambio clim\u00e1tico","robots":{"index":"index","follow":"follow","max-snippet":"max-snippet:-1","max-image-preview":"max-image-preview:large","max-video-preview":"max-video-preview:-1"},"canonical":"https:\/\/patagoniambiental.com.ar\/info\/chubut-es-la-primera-provincia-argentina-que-adhiere-a-un-pacto-mundial-sobre-el-cambio-climatico\/","og_locale":"es_ES","og_type":"article","og_title":"Chubut es la primera provincia argentina que adhiere a un pacto mundial sobre el cambio clim\u00e1tico","og_url":"https:\/\/patagoniambiental.com.ar\/info\/chubut-es-la-primera-provincia-argentina-que-adhiere-a-un-pacto-mundial-sobre-el-cambio-climatico\/","og_site_name":"Patagonia Ambiental","article_publisher":"https:\/\/www.facebook.com\/patagonia.ambiental","article_author":"https:\/\/www.facebook.com\/share\/1C1V8Gv9BX\/?mibextid=qi2Omg","article_published_time":"2024-07-25T16:29:19+00:00","article_modified_time":"2025-05-05T13:55:11+00:00","og_image":[{"width":747,"height":376,"url":"https:\/\/patagoniambiental.com.ar\/info\/wp-content\/uploads\/2024\/07\/Screenshot-2024-07-25-at-13-28-15-Chubut-es-la-primera-provincia-argentina-que-adhiere-a-un-pacto-mundial-sobre-el-cambio-climatico.png","type":"image\/png"}],"author":"Patagonia Ambiental","twitter_card":"summary_large_image","twitter_creator":"@PatAmb","twitter_site":"@PatAmb","schema":{"@context":"https:\/\/schema.org","@graph":[{"@type":"Article","@id":"https:\/\/patagoniambiental.com.ar\/info\/chubut-es-la-primera-provincia-argentina-que-adhiere-a-un-pacto-mundial-sobre-el-cambio-climatico\/#article","isPartOf":{"@id":"https:\/\/patagoniambiental.com.ar\/info\/chubut-es-la-primera-provincia-argentina-que-adhiere-a-un-pacto-mundial-sobre-el-cambio-climatico\/"},"author":{"name":"Patagonia Ambiental","@id":"https:\/\/patagoniambiental.com.ar\/info\/#\/schema\/person\/db12bff64bbcbf6a253710bf0ea37b5d"},"headline":"Chubut es la primera provincia argentina que adhiere a un pacto mundial sobre el cambio clim\u00e1tico","datePublished":"2024-07-25T16:29:19+00:00","dateModified":"2025-05-05T13:55:11+00:00","mainEntityOfPage":{"@id":"https:\/\/patagoniambiental.com.ar\/info\/chubut-es-la-primera-provincia-argentina-que-adhiere-a-un-pacto-mundial-sobre-el-cambio-climatico\/"},"wordCount":625,"commentCount":0,"publisher":{"@id":"https:\/\/patagoniambiental.com.ar\/info\/#organization"},"image":{"@id":"https:\/\/patagoniambiental.com.ar\/info\/chubut-es-la-primera-provincia-argentina-que-adhiere-a-un-pacto-mundial-sobre-el-cambio-climatico\/#primaryimage"},"thumbnailUrl":"https:\/\/patagoniambiental.com.ar\/info\/wp-content\/uploads\/2024\/07\/Screenshot-2024-07-25-at-13-28-15-Chubut-es-la-primera-provincia-argentina-que-adhiere-a-un-pacto-mundial-sobre-el-cambio-climatico.png","articleSection":["Bolet\u00edn","Chubut","Noticias","Provinciales"],"inLanguage":"es","potentialAction":[{"@type":"CommentAction","name":"Comment","target":["https:\/\/patagoniambiental.com.ar\/info\/chubut-es-la-primera-provincia-argentina-que-adhiere-a-un-pacto-mundial-sobre-el-cambio-climatico\/#respond"]}]},{"@type":"WebPage","@id":"https:\/\/patagoniambiental.com.ar\/info\/chubut-es-la-primera-provincia-argentina-que-adhiere-a-un-pacto-mundial-sobre-el-cambio-climatico\/","url":"https:\/\/patagoniambiental.com.ar\/info\/chubut-es-la-primera-provincia-argentina-que-adhiere-a-un-pacto-mundial-sobre-el-cambio-climatico\/","name":"Chubut es la primera provincia argentina que adhiere a un pacto mundial sobre el cambio clim\u00e1tico","isPartOf":{"@id":"https:\/\/patagoniambiental.com.ar\/info\/#website"},"primaryImageOfPage":{"@id":"https:\/\/patagoniambiental.com.ar\/info\/chubut-es-la-primera-provincia-argentina-que-adhiere-a-un-pacto-mundial-sobre-el-cambio-climatico\/#primaryimage"},"image":{"@id":"https:\/\/patagoniambiental.com.ar\/info\/chubut-es-la-primera-provincia-argentina-que-adhiere-a-un-pacto-mundial-sobre-el-cambio-climatico\/#primaryimage"},"thumbnailUrl":"https:\/\/patagoniambiental.com.ar\/info\/wp-content\/uploads\/2024\/07\/Screenshot-2024-07-25-at-13-28-15-Chubut-es-la-primera-provincia-argentina-que-adhiere-a-un-pacto-mundial-sobre-el-cambio-climatico.png","datePublished":"2024-07-25T16:29:19+00:00","dateModified":"2025-05-05T13:55:11+00:00","breadcrumb":{"@id":"https:\/\/patagoniambiental.com.ar\/info\/chubut-es-la-primera-provincia-argentina-que-adhiere-a-un-pacto-mundial-sobre-el-cambio-climatico\/#breadcrumb"},"inLanguage":"es","potentialAction":[{"@type":"ReadAction","target":["https:\/\/patagoniambiental.com.ar\/info\/chubut-es-la-primera-provincia-argentina-que-adhiere-a-un-pacto-mundial-sobre-el-cambio-climatico\/"]}]},{"@type":"ImageObject","inLanguage":"es","@id":"https:\/\/patagoniambiental.com.ar\/info\/chubut-es-la-primera-provincia-argentina-que-adhiere-a-un-pacto-mundial-sobre-el-cambio-climatico\/#primaryimage","url":"https:\/\/patagoniambiental.com.ar\/info\/wp-content\/uploads\/2024\/07\/Screenshot-2024-07-25-at-13-28-15-Chubut-es-la-primera-provincia-argentina-que-adhiere-a-un-pacto-mundial-sobre-el-cambio-climatico.png","contentUrl":"https:\/\/patagoniambiental.com.ar\/info\/wp-content\/uploads\/2024\/07\/Screenshot-2024-07-25-at-13-28-15-Chubut-es-la-primera-provincia-argentina-que-adhiere-a-un-pacto-mundial-sobre-el-cambio-climatico.png","width":747,"height":376,"caption":"Pacto Mundial sobre Cambio Clim\u00e1tico"},{"@type":"BreadcrumbList","@id":"https:\/\/patagoniambiental.com.ar\/info\/chubut-es-la-primera-provincia-argentina-que-adhiere-a-un-pacto-mundial-sobre-el-cambio-climatico\/#breadcrumb","itemListElement":[{"@type":"ListItem","position":1,"name":"Inicio","item":"https:\/\/patagoniambiental.com.ar\/info\/"},{"@type":"ListItem","position":2,"name":"Chubut es la primera provincia argentina que adhiere a un pacto mundial sobre el cambio clim\u00e1tico"}]},{"@type":"WebSite","@id":"https:\/\/patagoniambiental.com.ar\/info\/#website","url":"https:\/\/patagoniambiental.com.ar\/info\/","name":"Patagonia Ambiental","description":"Monitoreo y an\u00e1lisis de la situaci\u00f3n geopol\u00edtica en el mundo y su implicancia en la Patagonia","publisher":{"@id":"https:\/\/patagoniambiental.com.ar\/info\/#organization"},"potentialAction":[{"@type":"SearchAction","target":{"@type":"EntryPoint","urlTemplate":"https:\/\/patagoniambiental.com.ar\/info\/?s={search_term_string}"},"query-input":{"@type":"PropertyValueSpecification","valueRequired":true,"valueName":"search_term_string"}}],"inLanguage":"es"},{"@type":"Organization","@id":"https:\/\/patagoniambiental.com.ar\/info\/#organization","name":"Patagonia Ambiental","url":"https:\/\/patagoniambiental.com.ar\/info\/","logo":{"@type":"ImageObject","inLanguage":"es","@id":"https:\/\/patagoniambiental.com.ar\/info\/#\/schema\/logo\/image\/","url":"https:\/\/patagoniambiental.com.ar\/info\/wp-content\/uploads\/2025\/05\/LOGO-PATAGONIA-AMBIENTAL.png","contentUrl":"https:\/\/patagoniambiental.com.ar\/info\/wp-content\/uploads\/2025\/05\/LOGO-PATAGONIA-AMBIENTAL.png","width":433,"height":250,"caption":"Patagonia Ambiental"},"image":{"@id":"https:\/\/patagoniambiental.com.ar\/info\/#\/schema\/logo\/image\/"},"sameAs":["https:\/\/www.facebook.com\/patagonia.ambiental","https:\/\/x.com\/PatAmb"]},{"@type":"Person","@id":"https:\/\/patagoniambiental.com.ar\/info\/#\/schema\/person\/db12bff64bbcbf6a253710bf0ea37b5d","name":"Patagonia Ambiental","description":"Andr\u00e9s Nievas T\u00e9cnico en manejo ambiental, consultor Ambiental y escritor para medios locales e internacionales sobre temas de geopolitica y medio ambiente.","sameAs":["http:\/\/www.patagoniambiental.com.ar","https:\/\/www.facebook.com\/share\/1C1V8Gv9BX\/?mibextid=qi2Omg","@patagoniambiental","https:\/\/youtube.com\/@patagoniaambiental2023?si=BLt58t0wuXquxlYZ"]}]}},"_links":{"self":[{"href":"https:\/\/patagoniambiental.com.ar\/info\/wp-json\/wp\/v2\/posts\/84891","targetHints":{"allow":["GET"]}}],"collection":[{"href":"https:\/\/patagoniambiental.com.ar\/info\/wp-json\/wp\/v2\/posts"}],"about":[{"href":"https:\/\/patagoniambiental.com.ar\/info\/wp-json\/wp\/v2\/types\/post"}],"author":[{"embeddable":true,"href":"https:\/\/patagoniambiental.com.ar\/info\/wp-json\/wp\/v2\/users\/2"}],"replies":[{"embeddable":true,"href":"https:\/\/patagoniambiental.com.ar\/info\/wp-json\/wp\/v2\/comments?post=84891"}],"version-history":[{"count":0,"href":"https:\/\/patagoniambiental.com.ar\/info\/wp-json\/wp\/v2\/posts\/84891\/revisions"}],"wp:featuredmedia":[{"embeddable":true,"href":"https:\/\/patagoniambiental.com.ar\/info\/wp-json\/wp\/v2\/media\/84892"}],"wp:attachment":[{"href":"https:\/\/patagoniambiental.com.ar\/info\/wp-json\/wp\/v2\/media?parent=84891"}],"wp:term":[{"taxonomy":"category","embeddable":true,"href":"https:\/\/patagoniambiental.com.ar\/info\/wp-json\/wp\/v2\/categories?post=84891"},{"taxonomy":"post_tag","embeddable":true,"href":"https:\/\/patagoniambiental.com.ar\/info\/wp-json\/wp\/v2\/tags?post=84891"}],"curies":[{"name":"wp","href":"https:\/\/api.w.org\/{rel}","templated":true}]}}