{"id":85028,"date":"2024-07-30T07:00:00","date_gmt":"2024-07-30T10:00:00","guid":{"rendered":"https:\/\/patagoniambiental.com.ar\/info\/?p=85028"},"modified":"2025-05-05T10:46:40","modified_gmt":"2025-05-05T13:46:40","slug":"comienzan-diagnosticos-energeticos-en-la-secretaria-de-energia-y-ambiente-de-cipolletti","status":"publish","type":"post","link":"https:\/\/patagoniambiental.com.ar\/info\/comienzan-diagnosticos-energeticos-en-la-secretaria-de-energia-y-ambiente-de-cipolletti\/","title":{"rendered":"Comienzan Diagn\u00f3sticos Energ\u00e9ticos en la Secretar\u00eda de Energ\u00eda y Ambiente de Cipolletti"},"content":{"rendered":"\n<!--more-->\n\n\n\n<p>Cipolletti.-La <a href=\"https:\/\/energia.rionegro.gov.ar\/\">Secretar\u00eda de Energ\u00eda y Ambiente<\/a> de Cipolletti inici\u00f3 un proyecto de diagn\u00f3stico energ\u00e9tico en su sede. Este estudio forma parte de un esfuerzo m\u00e1s amplio para mejorar la eficiencia energ\u00e9tica en edificios p\u00fablicos y privados de la provincia.<\/p>\n\n\n\n<p>El diagn\u00f3stico, que involucra la colocaci\u00f3n de registradores en varios puntos del edificio, tiene como objetivo principal evaluar el consumo energ\u00e9tico y explorar oportunidades de ahorro. Adem\u00e1s, el proyecto incluye capacitaciones y sesiones de sensibilizaci\u00f3n para el personal, enfatizando la importancia de la eficiencia energ\u00e9tica.<\/p>\n\n\n\n<p><a href=\"https:\/\/patagoniambiental.com.ar\/info\/el-nuevo-edificio-sustentable-de-la-secretaria-de-energia-se-inaugurara-a-mitad-de-ano\/\">Te puede interesar: El nuevo edificio sustentable de la Secretar\u00eda de Energ\u00eda se inaugurar\u00e1 a mitad de a\u00f1o<\/a><\/p>\n\n\n\n<p>Este an\u00e1lisis se enmarca dentro de un convenio firmado en 2022 entre el Instituto Nacional de Tecnolog\u00eda Industrial (<a href=\"https:\/\/www.argentina.gob.ar\/inti\">INTI<\/a>) y la Secretar\u00eda de Energ\u00eda y Ambiente. El acuerdo estipula que, cada a\u00f1o, se implementen medidas para mejorar la eficiencia energ\u00e9tica en distintos edificios.<\/p>\n\n\n\n<p>Mar\u00eda del Carmen Rubio, Directora de Evaluaci\u00f3n de Proyectos y Regulaci\u00f3n, explic\u00f3 que el prop\u00f3sito del diagn\u00f3stico es entender mejor el consumo energ\u00e9tico de los edificios, identificar los factores que influyen en este consumo y descubrir posibles \u00e1reas de ahorro. \u201cQueremos introducir criterios de gesti\u00f3n energ\u00e9tica en la administraci\u00f3n p\u00fablica y promover un uso m\u00e1s racional de los recursos\u201d, se\u00f1al\u00f3 Rubio.<\/p>\n\n\n\n<p>Adem\u00e1s, el proyecto busca generar un cambio cultural en la administraci\u00f3n sobre el consumo energ\u00e9tico, mediante la formaci\u00f3n de referentes energ\u00e9ticos en cada instituci\u00f3n. El a\u00f1o pasado, se realizaron m\u00faltiples sesiones participativas para fortalecer esta capacitaci\u00f3n.<\/p>\n\n\n\n<p>Hasta la fecha, el programa ha incluido diagn\u00f3sticos energ\u00e9ticos en diversas organizaciones, como el Policl\u00ednico Modelo de Cipolletti, FRIDEVI, RAPANUI, el laboratorio provincial PROFARSE, Cervecer\u00eda Piltri, Agropecuaria Don Manuel, Aserradero Roc\u00edo del Valle, Muru Astrain SRL y GENA Servicios Industriales.<\/p>\n\n\n\n<p>Este esfuerzo subraya el compromiso continuo de la Secretar\u00eda de Energ\u00eda y Ambiente con la sostenibilidad y la eficiencia en el uso de recursos energ\u00e9ticos.<\/p>\n\n\n\n<p><\/p>\n","protected":false},"excerpt":{"rendered":"","protected":false},"author":2,"featured_media":85029,"comment_status":"open","ping_status":"open","sticky":false,"template":"","format":"standard","meta":{"site-sidebar-layout":"default","site-content-layout":"","ast-site-content-layout":"default","site-content-style":"default","site-sidebar-style":"default","ast-global-header-display":"","ast-banner-title-visibility":"","ast-main-header-display":"","ast-hfb-above-header-display":"","ast-hfb-below-header-display":"","ast-hfb-mobile-header-display":"","site-post-title":"","ast-breadcrumbs-content":"","ast-featured-img":"","footer-sml-layout":"","ast-disable-related-posts":"","theme-transparent-header-meta":"","adv-header-id-meta":"","stick-header-meta":"","header-above-stick-meta":"","header-main-stick-meta":"","header-below-stick-meta":"","astra-migrate-meta-layouts":"default","ast-page-background-enabled":"default","ast-page-background-meta":{"desktop":{"background-color":"var(--ast-global-color-5)","background-image":"","background-repeat":"repeat","background-position":"center center","background-size":"auto","background-attachment":"scroll","background-type":"","background-media":"","overlay-type":"","overlay-color":"","overlay-opacity":"","overlay-gradient":""},"tablet":{"background-color":"","background-image":"","background-repeat":"repeat","background-position":"center center","background-size":"auto","background-attachment":"scroll","background-type":"","background-media":"","overlay-type":"","overlay-color":"","overlay-opacity":"","overlay-gradient":""},"mobile":{"background-color":"","background-image":"","background-repeat":"repeat","background-position":"center center","background-size":"auto","background-attachment":"scroll","background-type":"","background-media":"","overlay-type":"","overlay-color":"","overlay-opacity":"","overlay-gradient":""}},"ast-content-background-meta":{"desktop":{"background-color":"var(--ast-global-color-4)","background-image":"","background-repeat":"repeat","background-position":"center center","background-size":"auto","background-attachment":"scroll","background-type":"","background-media":"","overlay-type":"","overlay-color":"","overlay-opacity":"","overlay-gradient":""},"tablet":{"background-color":"var(--ast-global-color-4)","background-image":"","background-repeat":"repeat","background-position":"center center","background-size":"auto","background-attachment":"scroll","background-type":"","background-media":"","overlay-type":"","overlay-color":"","overlay-opacity":"","overlay-gradient":""},"mobile":{"background-color":"var(--ast-global-color-4)","background-image":"","background-repeat":"repeat","background-position":"center center","background-size":"auto","background-attachment":"scroll","background-type":"","background-media":"","overlay-type":"","overlay-color":"","overlay-opacity":"","overlay-gradient":""}},"footnotes":""},"categories":[1],"tags":[],"class_list":["post-85028","post","type-post","status-publish","format-standard","has-post-thumbnail","hentry","category-noticias"],"yoast_head":"<!-- This site is optimized with the Yoast SEO Premium plugin v23.0 (Yoast SEO v27.5) - https:\/\/yoast.com\/product\/yoast-seo-premium-wordpress\/ -->\n<title>Comienzan Diagn\u00f3sticos Energ\u00e9ticos en la Secretar\u00eda de Energ\u00eda y Ambiente de Cipolletti<\/title>\n<meta name=\"robots\" content=\"index, follow, max-snippet:-1, max-image-preview:large, max-video-preview:-1\" \/>\n<link rel=\"canonical\" href=\"https:\/\/patagoniambiental.com.ar\/info\/comienzan-diagnosticos-energeticos-en-la-secretaria-de-energia-y-ambiente-de-cipolletti\/\" \/>\n<meta property=\"og:locale\" content=\"es_ES\" \/>\n<meta property=\"og:type\" content=\"article\" \/>\n<meta property=\"og:title\" content=\"Comienzan Diagn\u00f3sticos Energ\u00e9ticos en la Secretar\u00eda de Energ\u00eda y Ambiente de Cipolletti\" \/>\n<meta property=\"og:url\" content=\"https:\/\/patagoniambiental.com.ar\/info\/comienzan-diagnosticos-energeticos-en-la-secretaria-de-energia-y-ambiente-de-cipolletti\/\" \/>\n<meta property=\"og:site_name\" content=\"Patagonia Ambiental\" \/>\n<meta property=\"article:publisher\" content=\"https:\/\/www.facebook.com\/patagonia.ambiental\" \/>\n<meta property=\"article:author\" content=\"https:\/\/www.facebook.com\/share\/1C1V8Gv9BX\/?mibextid=qi2Omg\" \/>\n<meta property=\"article:published_time\" content=\"2024-07-30T10:00:00+00:00\" \/>\n<meta property=\"article:modified_time\" content=\"2025-05-05T13:46:40+00:00\" \/>\n<meta property=\"og:image\" content=\"https:\/\/patagoniambiental.com.ar\/info\/wp-content\/uploads\/2024\/07\/Screenshot-2024-07-30-at-11-32-19-Realizan-diagnostico-energetico-en-la-Secretaria-de-Energia-y-Ambiente-Comunicacion.png\" \/>\n\t<meta property=\"og:image:width\" content=\"965\" \/>\n\t<meta property=\"og:image:height\" content=\"486\" \/>\n\t<meta property=\"og:image:type\" content=\"image\/png\" \/>\n<meta name=\"author\" content=\"Patagonia Ambiental\" \/>\n<meta name=\"twitter:card\" content=\"summary_large_image\" \/>\n<meta name=\"twitter:creator\" content=\"@PatAmb\" \/>\n<meta name=\"twitter:site\" content=\"@PatAmb\" \/>\n<script type=\"application\/ld+json\" class=\"yoast-schema-graph\">{\"@context\":\"https:\\\/\\\/schema.org\",\"@graph\":[{\"@type\":\"Article\",\"@id\":\"https:\\\/\\\/patagoniambiental.com.ar\\\/info\\\/comienzan-diagnosticos-energeticos-en-la-secretaria-de-energia-y-ambiente-de-cipolletti\\\/#article\",\"isPartOf\":{\"@id\":\"https:\\\/\\\/patagoniambiental.com.ar\\\/info\\\/comienzan-diagnosticos-energeticos-en-la-secretaria-de-energia-y-ambiente-de-cipolletti\\\/\"},\"author\":{\"name\":\"Patagonia Ambiental\",\"@id\":\"https:\\\/\\\/patagoniambiental.com.ar\\\/info\\\/#\\\/schema\\\/person\\\/db12bff64bbcbf6a253710bf0ea37b5d\"},\"headline\":\"Comienzan Diagn\u00f3sticos Energ\u00e9ticos en la Secretar\u00eda de Energ\u00eda y Ambiente de Cipolletti\",\"datePublished\":\"2024-07-30T10:00:00+00:00\",\"dateModified\":\"2025-05-05T13:46:40+00:00\",\"mainEntityOfPage\":{\"@id\":\"https:\\\/\\\/patagoniambiental.com.ar\\\/info\\\/comienzan-diagnosticos-energeticos-en-la-secretaria-de-energia-y-ambiente-de-cipolletti\\\/\"},\"wordCount\":374,\"commentCount\":1,\"publisher\":{\"@id\":\"https:\\\/\\\/patagoniambiental.com.ar\\\/info\\\/#organization\"},\"image\":{\"@id\":\"https:\\\/\\\/patagoniambiental.com.ar\\\/info\\\/comienzan-diagnosticos-energeticos-en-la-secretaria-de-energia-y-ambiente-de-cipolletti\\\/#primaryimage\"},\"thumbnailUrl\":\"https:\\\/\\\/patagoniambiental.com.ar\\\/info\\\/wp-content\\\/uploads\\\/2024\\\/07\\\/Screenshot-2024-07-30-at-11-32-19-Realizan-diagnostico-energetico-en-la-Secretaria-de-Energia-y-Ambiente-Comunicacion.png\",\"articleSection\":[\"Noticias\"],\"inLanguage\":\"es\",\"potentialAction\":[{\"@type\":\"CommentAction\",\"name\":\"Comment\",\"target\":[\"https:\\\/\\\/patagoniambiental.com.ar\\\/info\\\/comienzan-diagnosticos-energeticos-en-la-secretaria-de-energia-y-ambiente-de-cipolletti\\\/#respond\"]}]},{\"@type\":\"WebPage\",\"@id\":\"https:\\\/\\\/patagoniambiental.com.ar\\\/info\\\/comienzan-diagnosticos-energeticos-en-la-secretaria-de-energia-y-ambiente-de-cipolletti\\\/\",\"url\":\"https:\\\/\\\/patagoniambiental.com.ar\\\/info\\\/comienzan-diagnosticos-energeticos-en-la-secretaria-de-energia-y-ambiente-de-cipolletti\\\/\",\"name\":\"Comienzan Diagn\u00f3sticos Energ\u00e9ticos en la Secretar\u00eda de Energ\u00eda y Ambiente de Cipolletti\",\"isPartOf\":{\"@id\":\"https:\\\/\\\/patagoniambiental.com.ar\\\/info\\\/#website\"},\"primaryImageOfPage\":{\"@id\":\"https:\\\/\\\/patagoniambiental.com.ar\\\/info\\\/comienzan-diagnosticos-energeticos-en-la-secretaria-de-energia-y-ambiente-de-cipolletti\\\/#primaryimage\"},\"image\":{\"@id\":\"https:\\\/\\\/patagoniambiental.com.ar\\\/info\\\/comienzan-diagnosticos-energeticos-en-la-secretaria-de-energia-y-ambiente-de-cipolletti\\\/#primaryimage\"},\"thumbnailUrl\":\"https:\\\/\\\/patagoniambiental.com.ar\\\/info\\\/wp-content\\\/uploads\\\/2024\\\/07\\\/Screenshot-2024-07-30-at-11-32-19-Realizan-diagnostico-energetico-en-la-Secretaria-de-Energia-y-Ambiente-Comunicacion.png\",\"datePublished\":\"2024-07-30T10:00:00+00:00\",\"dateModified\":\"2025-05-05T13:46:40+00:00\",\"breadcrumb\":{\"@id\":\"https:\\\/\\\/patagoniambiental.com.ar\\\/info\\\/comienzan-diagnosticos-energeticos-en-la-secretaria-de-energia-y-ambiente-de-cipolletti\\\/#breadcrumb\"},\"inLanguage\":\"es\",\"potentialAction\":[{\"@type\":\"ReadAction\",\"target\":[\"https:\\\/\\\/patagoniambiental.com.ar\\\/info\\\/comienzan-diagnosticos-energeticos-en-la-secretaria-de-energia-y-ambiente-de-cipolletti\\\/\"]}]},{\"@type\":\"ImageObject\",\"inLanguage\":\"es\",\"@id\":\"https:\\\/\\\/patagoniambiental.com.ar\\\/info\\\/comienzan-diagnosticos-energeticos-en-la-secretaria-de-energia-y-ambiente-de-cipolletti\\\/#primaryimage\",\"url\":\"https:\\\/\\\/patagoniambiental.com.ar\\\/info\\\/wp-content\\\/uploads\\\/2024\\\/07\\\/Screenshot-2024-07-30-at-11-32-19-Realizan-diagnostico-energetico-en-la-Secretaria-de-Energia-y-Ambiente-Comunicacion.png\",\"contentUrl\":\"https:\\\/\\\/patagoniambiental.com.ar\\\/info\\\/wp-content\\\/uploads\\\/2024\\\/07\\\/Screenshot-2024-07-30-at-11-32-19-Realizan-diagnostico-energetico-en-la-Secretaria-de-Energia-y-Ambiente-Comunicacion.png\",\"width\":965,\"height\":486,\"caption\":\"Realizan diagn\u00f3stico energ\u00e9tico en la Secretar\u00eda de Energ\u00eda y Ambiente Comunicaci\u00f3n\"},{\"@type\":\"BreadcrumbList\",\"@id\":\"https:\\\/\\\/patagoniambiental.com.ar\\\/info\\\/comienzan-diagnosticos-energeticos-en-la-secretaria-de-energia-y-ambiente-de-cipolletti\\\/#breadcrumb\",\"itemListElement\":[{\"@type\":\"ListItem\",\"position\":1,\"name\":\"Inicio\",\"item\":\"https:\\\/\\\/patagoniambiental.com.ar\\\/info\\\/\"},{\"@type\":\"ListItem\",\"position\":2,\"name\":\"Comienzan Diagn\u00f3sticos Energ\u00e9ticos en la Secretar\u00eda de Energ\u00eda y Ambiente de Cipolletti\"}]},{\"@type\":\"WebSite\",\"@id\":\"https:\\\/\\\/patagoniambiental.com.ar\\\/info\\\/#website\",\"url\":\"https:\\\/\\\/patagoniambiental.com.ar\\\/info\\\/\",\"name\":\"Patagonia Ambiental\",\"description\":\"Monitoreo y an\u00e1lisis de la situaci\u00f3n geopol\u00edtica en el mundo y su implicancia en la Patagonia\",\"publisher\":{\"@id\":\"https:\\\/\\\/patagoniambiental.com.ar\\\/info\\\/#organization\"},\"potentialAction\":[{\"@type\":\"SearchAction\",\"target\":{\"@type\":\"EntryPoint\",\"urlTemplate\":\"https:\\\/\\\/patagoniambiental.com.ar\\\/info\\\/?s={search_term_string}\"},\"query-input\":{\"@type\":\"PropertyValueSpecification\",\"valueRequired\":true,\"valueName\":\"search_term_string\"}}],\"inLanguage\":\"es\"},{\"@type\":\"Organization\",\"@id\":\"https:\\\/\\\/patagoniambiental.com.ar\\\/info\\\/#organization\",\"name\":\"Patagonia Ambiental\",\"url\":\"https:\\\/\\\/patagoniambiental.com.ar\\\/info\\\/\",\"logo\":{\"@type\":\"ImageObject\",\"inLanguage\":\"es\",\"@id\":\"https:\\\/\\\/patagoniambiental.com.ar\\\/info\\\/#\\\/schema\\\/logo\\\/image\\\/\",\"url\":\"https:\\\/\\\/patagoniambiental.com.ar\\\/info\\\/wp-content\\\/uploads\\\/2025\\\/05\\\/LOGO-PATAGONIA-AMBIENTAL.png\",\"contentUrl\":\"https:\\\/\\\/patagoniambiental.com.ar\\\/info\\\/wp-content\\\/uploads\\\/2025\\\/05\\\/LOGO-PATAGONIA-AMBIENTAL.png\",\"width\":433,\"height\":250,\"caption\":\"Patagonia Ambiental\"},\"image\":{\"@id\":\"https:\\\/\\\/patagoniambiental.com.ar\\\/info\\\/#\\\/schema\\\/logo\\\/image\\\/\"},\"sameAs\":[\"https:\\\/\\\/www.facebook.com\\\/patagonia.ambiental\",\"https:\\\/\\\/x.com\\\/PatAmb\"]},{\"@type\":\"Person\",\"@id\":\"https:\\\/\\\/patagoniambiental.com.ar\\\/info\\\/#\\\/schema\\\/person\\\/db12bff64bbcbf6a253710bf0ea37b5d\",\"name\":\"Patagonia Ambiental\",\"description\":\"Andr\u00e9s Nievas T\u00e9cnico en manejo ambiental, consultor Ambiental y escritor para medios locales e internacionales sobre temas de geopolitica y medio ambiente.\",\"sameAs\":[\"http:\\\/\\\/www.patagoniambiental.com.ar\",\"https:\\\/\\\/www.facebook.com\\\/share\\\/1C1V8Gv9BX\\\/?mibextid=qi2Omg\",\"@patagoniambiental\",\"https:\\\/\\\/youtube.com\\\/@patagoniaambiental2023?si=BLt58t0wuXquxlYZ\"]}]}<\/script>\n<!-- \/ Yoast SEO Premium plugin. -->","yoast_head_json":{"title":"Comienzan Diagn\u00f3sticos Energ\u00e9ticos en la Secretar\u00eda de Energ\u00eda y Ambiente de Cipolletti","robots":{"index":"index","follow":"follow","max-snippet":"max-snippet:-1","max-image-preview":"max-image-preview:large","max-video-preview":"max-video-preview:-1"},"canonical":"https:\/\/patagoniambiental.com.ar\/info\/comienzan-diagnosticos-energeticos-en-la-secretaria-de-energia-y-ambiente-de-cipolletti\/","og_locale":"es_ES","og_type":"article","og_title":"Comienzan Diagn\u00f3sticos Energ\u00e9ticos en la Secretar\u00eda de Energ\u00eda y Ambiente de Cipolletti","og_url":"https:\/\/patagoniambiental.com.ar\/info\/comienzan-diagnosticos-energeticos-en-la-secretaria-de-energia-y-ambiente-de-cipolletti\/","og_site_name":"Patagonia Ambiental","article_publisher":"https:\/\/www.facebook.com\/patagonia.ambiental","article_author":"https:\/\/www.facebook.com\/share\/1C1V8Gv9BX\/?mibextid=qi2Omg","article_published_time":"2024-07-30T10:00:00+00:00","article_modified_time":"2025-05-05T13:46:40+00:00","og_image":[{"width":965,"height":486,"url":"https:\/\/patagoniambiental.com.ar\/info\/wp-content\/uploads\/2024\/07\/Screenshot-2024-07-30-at-11-32-19-Realizan-diagnostico-energetico-en-la-Secretaria-de-Energia-y-Ambiente-Comunicacion.png","type":"image\/png"}],"author":"Patagonia Ambiental","twitter_card":"summary_large_image","twitter_creator":"@PatAmb","twitter_site":"@PatAmb","schema":{"@context":"https:\/\/schema.org","@graph":[{"@type":"Article","@id":"https:\/\/patagoniambiental.com.ar\/info\/comienzan-diagnosticos-energeticos-en-la-secretaria-de-energia-y-ambiente-de-cipolletti\/#article","isPartOf":{"@id":"https:\/\/patagoniambiental.com.ar\/info\/comienzan-diagnosticos-energeticos-en-la-secretaria-de-energia-y-ambiente-de-cipolletti\/"},"author":{"name":"Patagonia Ambiental","@id":"https:\/\/patagoniambiental.com.ar\/info\/#\/schema\/person\/db12bff64bbcbf6a253710bf0ea37b5d"},"headline":"Comienzan Diagn\u00f3sticos Energ\u00e9ticos en la Secretar\u00eda de Energ\u00eda y Ambiente de Cipolletti","datePublished":"2024-07-30T10:00:00+00:00","dateModified":"2025-05-05T13:46:40+00:00","mainEntityOfPage":{"@id":"https:\/\/patagoniambiental.com.ar\/info\/comienzan-diagnosticos-energeticos-en-la-secretaria-de-energia-y-ambiente-de-cipolletti\/"},"wordCount":374,"commentCount":1,"publisher":{"@id":"https:\/\/patagoniambiental.com.ar\/info\/#organization"},"image":{"@id":"https:\/\/patagoniambiental.com.ar\/info\/comienzan-diagnosticos-energeticos-en-la-secretaria-de-energia-y-ambiente-de-cipolletti\/#primaryimage"},"thumbnailUrl":"https:\/\/patagoniambiental.com.ar\/info\/wp-content\/uploads\/2024\/07\/Screenshot-2024-07-30-at-11-32-19-Realizan-diagnostico-energetico-en-la-Secretaria-de-Energia-y-Ambiente-Comunicacion.png","articleSection":["Noticias"],"inLanguage":"es","potentialAction":[{"@type":"CommentAction","name":"Comment","target":["https:\/\/patagoniambiental.com.ar\/info\/comienzan-diagnosticos-energeticos-en-la-secretaria-de-energia-y-ambiente-de-cipolletti\/#respond"]}]},{"@type":"WebPage","@id":"https:\/\/patagoniambiental.com.ar\/info\/comienzan-diagnosticos-energeticos-en-la-secretaria-de-energia-y-ambiente-de-cipolletti\/","url":"https:\/\/patagoniambiental.com.ar\/info\/comienzan-diagnosticos-energeticos-en-la-secretaria-de-energia-y-ambiente-de-cipolletti\/","name":"Comienzan Diagn\u00f3sticos Energ\u00e9ticos en la Secretar\u00eda de Energ\u00eda y Ambiente de Cipolletti","isPartOf":{"@id":"https:\/\/patagoniambiental.com.ar\/info\/#website"},"primaryImageOfPage":{"@id":"https:\/\/patagoniambiental.com.ar\/info\/comienzan-diagnosticos-energeticos-en-la-secretaria-de-energia-y-ambiente-de-cipolletti\/#primaryimage"},"image":{"@id":"https:\/\/patagoniambiental.com.ar\/info\/comienzan-diagnosticos-energeticos-en-la-secretaria-de-energia-y-ambiente-de-cipolletti\/#primaryimage"},"thumbnailUrl":"https:\/\/patagoniambiental.com.ar\/info\/wp-content\/uploads\/2024\/07\/Screenshot-2024-07-30-at-11-32-19-Realizan-diagnostico-energetico-en-la-Secretaria-de-Energia-y-Ambiente-Comunicacion.png","datePublished":"2024-07-30T10:00:00+00:00","dateModified":"2025-05-05T13:46:40+00:00","breadcrumb":{"@id":"https:\/\/patagoniambiental.com.ar\/info\/comienzan-diagnosticos-energeticos-en-la-secretaria-de-energia-y-ambiente-de-cipolletti\/#breadcrumb"},"inLanguage":"es","potentialAction":[{"@type":"ReadAction","target":["https:\/\/patagoniambiental.com.ar\/info\/comienzan-diagnosticos-energeticos-en-la-secretaria-de-energia-y-ambiente-de-cipolletti\/"]}]},{"@type":"ImageObject","inLanguage":"es","@id":"https:\/\/patagoniambiental.com.ar\/info\/comienzan-diagnosticos-energeticos-en-la-secretaria-de-energia-y-ambiente-de-cipolletti\/#primaryimage","url":"https:\/\/patagoniambiental.com.ar\/info\/wp-content\/uploads\/2024\/07\/Screenshot-2024-07-30-at-11-32-19-Realizan-diagnostico-energetico-en-la-Secretaria-de-Energia-y-Ambiente-Comunicacion.png","contentUrl":"https:\/\/patagoniambiental.com.ar\/info\/wp-content\/uploads\/2024\/07\/Screenshot-2024-07-30-at-11-32-19-Realizan-diagnostico-energetico-en-la-Secretaria-de-Energia-y-Ambiente-Comunicacion.png","width":965,"height":486,"caption":"Realizan diagn\u00f3stico energ\u00e9tico en la Secretar\u00eda de Energ\u00eda y Ambiente Comunicaci\u00f3n"},{"@type":"BreadcrumbList","@id":"https:\/\/patagoniambiental.com.ar\/info\/comienzan-diagnosticos-energeticos-en-la-secretaria-de-energia-y-ambiente-de-cipolletti\/#breadcrumb","itemListElement":[{"@type":"ListItem","position":1,"name":"Inicio","item":"https:\/\/patagoniambiental.com.ar\/info\/"},{"@type":"ListItem","position":2,"name":"Comienzan Diagn\u00f3sticos Energ\u00e9ticos en la Secretar\u00eda de Energ\u00eda y Ambiente de Cipolletti"}]},{"@type":"WebSite","@id":"https:\/\/patagoniambiental.com.ar\/info\/#website","url":"https:\/\/patagoniambiental.com.ar\/info\/","name":"Patagonia Ambiental","description":"Monitoreo y an\u00e1lisis de la situaci\u00f3n geopol\u00edtica en el mundo y su implicancia en la Patagonia","publisher":{"@id":"https:\/\/patagoniambiental.com.ar\/info\/#organization"},"potentialAction":[{"@type":"SearchAction","target":{"@type":"EntryPoint","urlTemplate":"https:\/\/patagoniambiental.com.ar\/info\/?s={search_term_string}"},"query-input":{"@type":"PropertyValueSpecification","valueRequired":true,"valueName":"search_term_string"}}],"inLanguage":"es"},{"@type":"Organization","@id":"https:\/\/patagoniambiental.com.ar\/info\/#organization","name":"Patagonia Ambiental","url":"https:\/\/patagoniambiental.com.ar\/info\/","logo":{"@type":"ImageObject","inLanguage":"es","@id":"https:\/\/patagoniambiental.com.ar\/info\/#\/schema\/logo\/image\/","url":"https:\/\/patagoniambiental.com.ar\/info\/wp-content\/uploads\/2025\/05\/LOGO-PATAGONIA-AMBIENTAL.png","contentUrl":"https:\/\/patagoniambiental.com.ar\/info\/wp-content\/uploads\/2025\/05\/LOGO-PATAGONIA-AMBIENTAL.png","width":433,"height":250,"caption":"Patagonia Ambiental"},"image":{"@id":"https:\/\/patagoniambiental.com.ar\/info\/#\/schema\/logo\/image\/"},"sameAs":["https:\/\/www.facebook.com\/patagonia.ambiental","https:\/\/x.com\/PatAmb"]},{"@type":"Person","@id":"https:\/\/patagoniambiental.com.ar\/info\/#\/schema\/person\/db12bff64bbcbf6a253710bf0ea37b5d","name":"Patagonia Ambiental","description":"Andr\u00e9s Nievas T\u00e9cnico en manejo ambiental, consultor Ambiental y escritor para medios locales e internacionales sobre temas de geopolitica y medio ambiente.","sameAs":["http:\/\/www.patagoniambiental.com.ar","https:\/\/www.facebook.com\/share\/1C1V8Gv9BX\/?mibextid=qi2Omg","@patagoniambiental","https:\/\/youtube.com\/@patagoniaambiental2023?si=BLt58t0wuXquxlYZ"]}]}},"_links":{"self":[{"href":"https:\/\/patagoniambiental.com.ar\/info\/wp-json\/wp\/v2\/posts\/85028","targetHints":{"allow":["GET"]}}],"collection":[{"href":"https:\/\/patagoniambiental.com.ar\/info\/wp-json\/wp\/v2\/posts"}],"about":[{"href":"https:\/\/patagoniambiental.com.ar\/info\/wp-json\/wp\/v2\/types\/post"}],"author":[{"embeddable":true,"href":"https:\/\/patagoniambiental.com.ar\/info\/wp-json\/wp\/v2\/users\/2"}],"replies":[{"embeddable":true,"href":"https:\/\/patagoniambiental.com.ar\/info\/wp-json\/wp\/v2\/comments?post=85028"}],"version-history":[{"count":0,"href":"https:\/\/patagoniambiental.com.ar\/info\/wp-json\/wp\/v2\/posts\/85028\/revisions"}],"wp:featuredmedia":[{"embeddable":true,"href":"https:\/\/patagoniambiental.com.ar\/info\/wp-json\/wp\/v2\/media\/85029"}],"wp:attachment":[{"href":"https:\/\/patagoniambiental.com.ar\/info\/wp-json\/wp\/v2\/media?parent=85028"}],"wp:term":[{"taxonomy":"category","embeddable":true,"href":"https:\/\/patagoniambiental.com.ar\/info\/wp-json\/wp\/v2\/categories?post=85028"},{"taxonomy":"post_tag","embeddable":true,"href":"https:\/\/patagoniambiental.com.ar\/info\/wp-json\/wp\/v2\/tags?post=85028"}],"curies":[{"name":"wp","href":"https:\/\/api.w.org\/{rel}","templated":true}]}}