{"id":85343,"date":"2024-08-07T09:38:36","date_gmt":"2024-08-07T12:38:36","guid":{"rendered":"https:\/\/patagoniambiental.com.ar\/info\/?p=85343"},"modified":"2025-05-05T10:43:42","modified_gmt":"2025-05-05T13:43:42","slug":"se-definen-pautas-para-la-temporada-de-avistaje-de-ballenas-en-san-antonio-oeste","status":"publish","type":"post","link":"https:\/\/patagoniambiental.com.ar\/info\/se-definen-pautas-para-la-temporada-de-avistaje-de-ballenas-en-san-antonio-oeste\/","title":{"rendered":"Se Definen Pautas para la Temporada de Avistaje de Ballenas en San Antonio Oeste"},"content":{"rendered":"\n<!--more-->\n\n\n\n<p><a href=\"https:\/\/sanantoniooeste.gob.ar\/\">San Antonio Oeste<\/a> fue el escenario de una importante reuni\u00f3n organizada por la autoridad local encargada de la conservaci\u00f3n de la ballena franca austral y la fauna marina. Durante este encuentro, se establecieron las directrices para la pr\u00f3xima temporada de avistaje de ballenas, con un enfoque en el desarrollo de un turismo responsable que priorice la protecci\u00f3n de las especies marinas.<br><br>La <a href=\"https:\/\/www.google.com\/url?sa=t&amp;source=web&amp;rct=j&amp;opi=89978449&amp;url=https:\/\/ambiente.rionegro.gov.ar\/&amp;ved=2ahUKEwigg8bO8-KHAxXmpJUCHZzHKGoQFnoECA0QAQ&amp;usg=AOvVaw0Z9vl_Hmkro3pk3ZbwQNY3\">Subsecretar\u00eda de \u00c1reas Naturales Protegidas<\/a> subray\u00f3 la necesidad de valorar y cuidar las \u00e1reas naturales de la provincia, trabajando en conjunto con todos los sectores involucrados. Se destac\u00f3 la relevancia de estas \u00e1reas para fomentar un turismo sostenible que respete y conserve la rica biodiversidad de la regi\u00f3n.<\/p>\n\n\n\n<p><a href=\"https:\/\/patagoniambiental.com.ar\/info\/buen-balance-de-los-avistajes-de-ballenas-en-las-grutas\/\">Leer mas: Buen balance de los avistajes de ballenas en Las Grutas<\/a><br><br>En la reuni\u00f3n participaron representantes de la <a href=\"https:\/\/www.google.com\/url?sa=t&amp;source=web&amp;rct=j&amp;opi=89978449&amp;url=https:\/\/sanantoniooeste.gob.ar\/&amp;ved=2ahUKEwjzhqOs8-KHAxVDpJUCHekHLboQFnoECBMQAQ&amp;usg=AOvVaw1GFbfqe19O3Mq6TgDp3RLN\">Municipalidad de San Antonio Oest<\/a>e, el Consejo Deliberante, investigadores, la Secretar\u00eda de Turismo, la <a href=\"https:\/\/www.google.com\/url?sa=t&amp;source=web&amp;rct=j&amp;opi=89978449&amp;url=https:\/\/www.fundacioninalafquen.org.ar\/nosotros&amp;ved=2ahUKEwjHk5688-KHAxVop5UCHezIKoEQFnoECDIQAQ&amp;usg=AOvVaw156qFIx1CphlW5q2x2F6FS\">Fundaci\u00f3n Inalafquen<\/a>, as\u00ed como el equipo legal y t\u00e9cnico de la Secretar\u00eda de Ambiente y prestadores de servicios n\u00e1uticos locales. Todos los asistentes coincidieron en la importancia de implementar pr\u00e1cticas que aseguren la conservaci\u00f3n de este valioso recurso natural, garantizando as\u00ed un futuro sostenible para el avistaje de ballenas en la zona.<br><br>Con estas iniciativas, se espera que la temporada 2024 no solo atraiga a turistas, sino que tambi\u00e9n promueva un mayor respeto por la fauna marina y su h\u00e1bitat.<\/p>\n","protected":false},"excerpt":{"rendered":"","protected":false},"author":2,"featured_media":85345,"comment_status":"open","ping_status":"open","sticky":false,"template":"","format":"standard","meta":{"site-sidebar-layout":"default","site-content-layout":"","ast-site-content-layout":"default","site-content-style":"default","site-sidebar-style":"default","ast-global-header-display":"","ast-banner-title-visibility":"","ast-main-header-display":"","ast-hfb-above-header-display":"","ast-hfb-below-header-display":"","ast-hfb-mobile-header-display":"","site-post-title":"","ast-breadcrumbs-content":"","ast-featured-img":"","footer-sml-layout":"","ast-disable-related-posts":"","theme-transparent-header-meta":"","adv-header-id-meta":"","stick-header-meta":"","header-above-stick-meta":"","header-main-stick-meta":"","header-below-stick-meta":"","astra-migrate-meta-layouts":"default","ast-page-background-enabled":"default","ast-page-background-meta":{"desktop":{"background-color":"var(--ast-global-color-5)","background-image":"","background-repeat":"repeat","background-position":"center center","background-size":"auto","background-attachment":"scroll","background-type":"","background-media":"","overlay-type":"","overlay-color":"","overlay-opacity":"","overlay-gradient":""},"tablet":{"background-color":"","background-image":"","background-repeat":"repeat","background-position":"center center","background-size":"auto","background-attachment":"scroll","background-type":"","background-media":"","overlay-type":"","overlay-color":"","overlay-opacity":"","overlay-gradient":""},"mobile":{"background-color":"","background-image":"","background-repeat":"repeat","background-position":"center center","background-size":"auto","background-attachment":"scroll","background-type":"","background-media":"","overlay-type":"","overlay-color":"","overlay-opacity":"","overlay-gradient":""}},"ast-content-background-meta":{"desktop":{"background-color":"var(--ast-global-color-4)","background-image":"","background-repeat":"repeat","background-position":"center center","background-size":"auto","background-attachment":"scroll","background-type":"","background-media":"","overlay-type":"","overlay-color":"","overlay-opacity":"","overlay-gradient":""},"tablet":{"background-color":"var(--ast-global-color-4)","background-image":"","background-repeat":"repeat","background-position":"center center","background-size":"auto","background-attachment":"scroll","background-type":"","background-media":"","overlay-type":"","overlay-color":"","overlay-opacity":"","overlay-gradient":""},"mobile":{"background-color":"var(--ast-global-color-4)","background-image":"","background-repeat":"repeat","background-position":"center center","background-size":"auto","background-attachment":"scroll","background-type":"","background-media":"","overlay-type":"","overlay-color":"","overlay-opacity":"","overlay-gradient":""}},"footnotes":""},"categories":[11,1,13,14],"tags":[],"class_list":["post-85343","post","type-post","status-publish","format-standard","has-post-thumbnail","hentry","category-boletin","category-noticias","category-provinciales","category-rio-negro"],"yoast_head":"<!-- This site is optimized with the Yoast SEO Premium plugin v23.0 (Yoast SEO v27.5) - https:\/\/yoast.com\/product\/yoast-seo-premium-wordpress\/ -->\n<title>Se Definen Pautas para la Temporada de Avistaje de Ballenas en San Antonio Oeste<\/title>\n<meta name=\"robots\" content=\"index, follow, max-snippet:-1, max-image-preview:large, max-video-preview:-1\" \/>\n<link rel=\"canonical\" href=\"https:\/\/patagoniambiental.com.ar\/info\/se-definen-pautas-para-la-temporada-de-avistaje-de-ballenas-en-san-antonio-oeste\/\" \/>\n<meta property=\"og:locale\" content=\"es_ES\" \/>\n<meta property=\"og:type\" content=\"article\" \/>\n<meta property=\"og:title\" content=\"Se Definen Pautas para la Temporada de Avistaje de Ballenas en San Antonio Oeste\" \/>\n<meta property=\"og:url\" content=\"https:\/\/patagoniambiental.com.ar\/info\/se-definen-pautas-para-la-temporada-de-avistaje-de-ballenas-en-san-antonio-oeste\/\" \/>\n<meta property=\"og:site_name\" content=\"Patagonia Ambiental\" \/>\n<meta property=\"article:publisher\" content=\"https:\/\/www.facebook.com\/patagonia.ambiental\" \/>\n<meta property=\"article:author\" content=\"https:\/\/www.facebook.com\/share\/1C1V8Gv9BX\/?mibextid=qi2Omg\" \/>\n<meta property=\"article:published_time\" content=\"2024-08-07T12:38:36+00:00\" \/>\n<meta property=\"article:modified_time\" content=\"2025-05-05T13:43:42+00:00\" \/>\n<meta property=\"og:image\" content=\"https:\/\/patagoniambiental.com.ar\/info\/wp-content\/uploads\/2024\/08\/ballena.png\" \/>\n\t<meta property=\"og:image:width\" content=\"927\" \/>\n\t<meta property=\"og:image:height\" content=\"462\" \/>\n\t<meta property=\"og:image:type\" content=\"image\/png\" \/>\n<meta name=\"author\" content=\"Patagonia Ambiental\" \/>\n<meta name=\"twitter:card\" content=\"summary_large_image\" \/>\n<meta name=\"twitter:creator\" content=\"@PatAmb\" \/>\n<meta name=\"twitter:site\" content=\"@PatAmb\" \/>\n<script type=\"application\/ld+json\" class=\"yoast-schema-graph\">{\"@context\":\"https:\\\/\\\/schema.org\",\"@graph\":[{\"@type\":\"Article\",\"@id\":\"https:\\\/\\\/patagoniambiental.com.ar\\\/info\\\/se-definen-pautas-para-la-temporada-de-avistaje-de-ballenas-en-san-antonio-oeste\\\/#article\",\"isPartOf\":{\"@id\":\"https:\\\/\\\/patagoniambiental.com.ar\\\/info\\\/se-definen-pautas-para-la-temporada-de-avistaje-de-ballenas-en-san-antonio-oeste\\\/\"},\"author\":{\"name\":\"Patagonia Ambiental\",\"@id\":\"https:\\\/\\\/patagoniambiental.com.ar\\\/info\\\/#\\\/schema\\\/person\\\/db12bff64bbcbf6a253710bf0ea37b5d\"},\"headline\":\"Se Definen Pautas para la Temporada de Avistaje de Ballenas en San Antonio Oeste\",\"datePublished\":\"2024-08-07T12:38:36+00:00\",\"dateModified\":\"2025-05-05T13:43:42+00:00\",\"mainEntityOfPage\":{\"@id\":\"https:\\\/\\\/patagoniambiental.com.ar\\\/info\\\/se-definen-pautas-para-la-temporada-de-avistaje-de-ballenas-en-san-antonio-oeste\\\/\"},\"wordCount\":252,\"commentCount\":0,\"publisher\":{\"@id\":\"https:\\\/\\\/patagoniambiental.com.ar\\\/info\\\/#organization\"},\"image\":{\"@id\":\"https:\\\/\\\/patagoniambiental.com.ar\\\/info\\\/se-definen-pautas-para-la-temporada-de-avistaje-de-ballenas-en-san-antonio-oeste\\\/#primaryimage\"},\"thumbnailUrl\":\"https:\\\/\\\/patagoniambiental.com.ar\\\/info\\\/wp-content\\\/uploads\\\/2024\\\/08\\\/ballena.png\",\"articleSection\":[\"Bolet\u00edn\",\"Noticias\",\"Provinciales\",\"R\u00edo Negro\"],\"inLanguage\":\"es\",\"potentialAction\":[{\"@type\":\"CommentAction\",\"name\":\"Comment\",\"target\":[\"https:\\\/\\\/patagoniambiental.com.ar\\\/info\\\/se-definen-pautas-para-la-temporada-de-avistaje-de-ballenas-en-san-antonio-oeste\\\/#respond\"]}]},{\"@type\":\"WebPage\",\"@id\":\"https:\\\/\\\/patagoniambiental.com.ar\\\/info\\\/se-definen-pautas-para-la-temporada-de-avistaje-de-ballenas-en-san-antonio-oeste\\\/\",\"url\":\"https:\\\/\\\/patagoniambiental.com.ar\\\/info\\\/se-definen-pautas-para-la-temporada-de-avistaje-de-ballenas-en-san-antonio-oeste\\\/\",\"name\":\"Se Definen Pautas para la Temporada de Avistaje de Ballenas en San Antonio Oeste\",\"isPartOf\":{\"@id\":\"https:\\\/\\\/patagoniambiental.com.ar\\\/info\\\/#website\"},\"primaryImageOfPage\":{\"@id\":\"https:\\\/\\\/patagoniambiental.com.ar\\\/info\\\/se-definen-pautas-para-la-temporada-de-avistaje-de-ballenas-en-san-antonio-oeste\\\/#primaryimage\"},\"image\":{\"@id\":\"https:\\\/\\\/patagoniambiental.com.ar\\\/info\\\/se-definen-pautas-para-la-temporada-de-avistaje-de-ballenas-en-san-antonio-oeste\\\/#primaryimage\"},\"thumbnailUrl\":\"https:\\\/\\\/patagoniambiental.com.ar\\\/info\\\/wp-content\\\/uploads\\\/2024\\\/08\\\/ballena.png\",\"datePublished\":\"2024-08-07T12:38:36+00:00\",\"dateModified\":\"2025-05-05T13:43:42+00:00\",\"breadcrumb\":{\"@id\":\"https:\\\/\\\/patagoniambiental.com.ar\\\/info\\\/se-definen-pautas-para-la-temporada-de-avistaje-de-ballenas-en-san-antonio-oeste\\\/#breadcrumb\"},\"inLanguage\":\"es\",\"potentialAction\":[{\"@type\":\"ReadAction\",\"target\":[\"https:\\\/\\\/patagoniambiental.com.ar\\\/info\\\/se-definen-pautas-para-la-temporada-de-avistaje-de-ballenas-en-san-antonio-oeste\\\/\"]}]},{\"@type\":\"ImageObject\",\"inLanguage\":\"es\",\"@id\":\"https:\\\/\\\/patagoniambiental.com.ar\\\/info\\\/se-definen-pautas-para-la-temporada-de-avistaje-de-ballenas-en-san-antonio-oeste\\\/#primaryimage\",\"url\":\"https:\\\/\\\/patagoniambiental.com.ar\\\/info\\\/wp-content\\\/uploads\\\/2024\\\/08\\\/ballena.png\",\"contentUrl\":\"https:\\\/\\\/patagoniambiental.com.ar\\\/info\\\/wp-content\\\/uploads\\\/2024\\\/08\\\/ballena.png\",\"width\":927,\"height\":462,\"caption\":\"ballena\"},{\"@type\":\"BreadcrumbList\",\"@id\":\"https:\\\/\\\/patagoniambiental.com.ar\\\/info\\\/se-definen-pautas-para-la-temporada-de-avistaje-de-ballenas-en-san-antonio-oeste\\\/#breadcrumb\",\"itemListElement\":[{\"@type\":\"ListItem\",\"position\":1,\"name\":\"Inicio\",\"item\":\"https:\\\/\\\/patagoniambiental.com.ar\\\/info\\\/\"},{\"@type\":\"ListItem\",\"position\":2,\"name\":\"Se Definen Pautas para la Temporada de Avistaje de Ballenas en San Antonio Oeste\"}]},{\"@type\":\"WebSite\",\"@id\":\"https:\\\/\\\/patagoniambiental.com.ar\\\/info\\\/#website\",\"url\":\"https:\\\/\\\/patagoniambiental.com.ar\\\/info\\\/\",\"name\":\"Patagonia Ambiental\",\"description\":\"Monitoreo y an\u00e1lisis de la situaci\u00f3n geopol\u00edtica en el mundo y su implicancia en la Patagonia\",\"publisher\":{\"@id\":\"https:\\\/\\\/patagoniambiental.com.ar\\\/info\\\/#organization\"},\"potentialAction\":[{\"@type\":\"SearchAction\",\"target\":{\"@type\":\"EntryPoint\",\"urlTemplate\":\"https:\\\/\\\/patagoniambiental.com.ar\\\/info\\\/?s={search_term_string}\"},\"query-input\":{\"@type\":\"PropertyValueSpecification\",\"valueRequired\":true,\"valueName\":\"search_term_string\"}}],\"inLanguage\":\"es\"},{\"@type\":\"Organization\",\"@id\":\"https:\\\/\\\/patagoniambiental.com.ar\\\/info\\\/#organization\",\"name\":\"Patagonia Ambiental\",\"url\":\"https:\\\/\\\/patagoniambiental.com.ar\\\/info\\\/\",\"logo\":{\"@type\":\"ImageObject\",\"inLanguage\":\"es\",\"@id\":\"https:\\\/\\\/patagoniambiental.com.ar\\\/info\\\/#\\\/schema\\\/logo\\\/image\\\/\",\"url\":\"https:\\\/\\\/patagoniambiental.com.ar\\\/info\\\/wp-content\\\/uploads\\\/2025\\\/05\\\/LOGO-PATAGONIA-AMBIENTAL.png\",\"contentUrl\":\"https:\\\/\\\/patagoniambiental.com.ar\\\/info\\\/wp-content\\\/uploads\\\/2025\\\/05\\\/LOGO-PATAGONIA-AMBIENTAL.png\",\"width\":433,\"height\":250,\"caption\":\"Patagonia Ambiental\"},\"image\":{\"@id\":\"https:\\\/\\\/patagoniambiental.com.ar\\\/info\\\/#\\\/schema\\\/logo\\\/image\\\/\"},\"sameAs\":[\"https:\\\/\\\/www.facebook.com\\\/patagonia.ambiental\",\"https:\\\/\\\/x.com\\\/PatAmb\"]},{\"@type\":\"Person\",\"@id\":\"https:\\\/\\\/patagoniambiental.com.ar\\\/info\\\/#\\\/schema\\\/person\\\/db12bff64bbcbf6a253710bf0ea37b5d\",\"name\":\"Patagonia Ambiental\",\"description\":\"Andr\u00e9s Nievas T\u00e9cnico en manejo ambiental, consultor Ambiental y escritor para medios locales e internacionales sobre temas de geopolitica y medio ambiente.\",\"sameAs\":[\"http:\\\/\\\/www.patagoniambiental.com.ar\",\"https:\\\/\\\/www.facebook.com\\\/share\\\/1C1V8Gv9BX\\\/?mibextid=qi2Omg\",\"@patagoniambiental\",\"https:\\\/\\\/youtube.com\\\/@patagoniaambiental2023?si=BLt58t0wuXquxlYZ\"]}]}<\/script>\n<!-- \/ Yoast SEO Premium plugin. -->","yoast_head_json":{"title":"Se Definen Pautas para la Temporada de Avistaje de Ballenas en San Antonio Oeste","robots":{"index":"index","follow":"follow","max-snippet":"max-snippet:-1","max-image-preview":"max-image-preview:large","max-video-preview":"max-video-preview:-1"},"canonical":"https:\/\/patagoniambiental.com.ar\/info\/se-definen-pautas-para-la-temporada-de-avistaje-de-ballenas-en-san-antonio-oeste\/","og_locale":"es_ES","og_type":"article","og_title":"Se Definen Pautas para la Temporada de Avistaje de Ballenas en San Antonio Oeste","og_url":"https:\/\/patagoniambiental.com.ar\/info\/se-definen-pautas-para-la-temporada-de-avistaje-de-ballenas-en-san-antonio-oeste\/","og_site_name":"Patagonia Ambiental","article_publisher":"https:\/\/www.facebook.com\/patagonia.ambiental","article_author":"https:\/\/www.facebook.com\/share\/1C1V8Gv9BX\/?mibextid=qi2Omg","article_published_time":"2024-08-07T12:38:36+00:00","article_modified_time":"2025-05-05T13:43:42+00:00","og_image":[{"width":927,"height":462,"url":"https:\/\/patagoniambiental.com.ar\/info\/wp-content\/uploads\/2024\/08\/ballena.png","type":"image\/png"}],"author":"Patagonia Ambiental","twitter_card":"summary_large_image","twitter_creator":"@PatAmb","twitter_site":"@PatAmb","schema":{"@context":"https:\/\/schema.org","@graph":[{"@type":"Article","@id":"https:\/\/patagoniambiental.com.ar\/info\/se-definen-pautas-para-la-temporada-de-avistaje-de-ballenas-en-san-antonio-oeste\/#article","isPartOf":{"@id":"https:\/\/patagoniambiental.com.ar\/info\/se-definen-pautas-para-la-temporada-de-avistaje-de-ballenas-en-san-antonio-oeste\/"},"author":{"name":"Patagonia Ambiental","@id":"https:\/\/patagoniambiental.com.ar\/info\/#\/schema\/person\/db12bff64bbcbf6a253710bf0ea37b5d"},"headline":"Se Definen Pautas para la Temporada de Avistaje de Ballenas en San Antonio Oeste","datePublished":"2024-08-07T12:38:36+00:00","dateModified":"2025-05-05T13:43:42+00:00","mainEntityOfPage":{"@id":"https:\/\/patagoniambiental.com.ar\/info\/se-definen-pautas-para-la-temporada-de-avistaje-de-ballenas-en-san-antonio-oeste\/"},"wordCount":252,"commentCount":0,"publisher":{"@id":"https:\/\/patagoniambiental.com.ar\/info\/#organization"},"image":{"@id":"https:\/\/patagoniambiental.com.ar\/info\/se-definen-pautas-para-la-temporada-de-avistaje-de-ballenas-en-san-antonio-oeste\/#primaryimage"},"thumbnailUrl":"https:\/\/patagoniambiental.com.ar\/info\/wp-content\/uploads\/2024\/08\/ballena.png","articleSection":["Bolet\u00edn","Noticias","Provinciales","R\u00edo Negro"],"inLanguage":"es","potentialAction":[{"@type":"CommentAction","name":"Comment","target":["https:\/\/patagoniambiental.com.ar\/info\/se-definen-pautas-para-la-temporada-de-avistaje-de-ballenas-en-san-antonio-oeste\/#respond"]}]},{"@type":"WebPage","@id":"https:\/\/patagoniambiental.com.ar\/info\/se-definen-pautas-para-la-temporada-de-avistaje-de-ballenas-en-san-antonio-oeste\/","url":"https:\/\/patagoniambiental.com.ar\/info\/se-definen-pautas-para-la-temporada-de-avistaje-de-ballenas-en-san-antonio-oeste\/","name":"Se Definen Pautas para la Temporada de Avistaje de Ballenas en San Antonio Oeste","isPartOf":{"@id":"https:\/\/patagoniambiental.com.ar\/info\/#website"},"primaryImageOfPage":{"@id":"https:\/\/patagoniambiental.com.ar\/info\/se-definen-pautas-para-la-temporada-de-avistaje-de-ballenas-en-san-antonio-oeste\/#primaryimage"},"image":{"@id":"https:\/\/patagoniambiental.com.ar\/info\/se-definen-pautas-para-la-temporada-de-avistaje-de-ballenas-en-san-antonio-oeste\/#primaryimage"},"thumbnailUrl":"https:\/\/patagoniambiental.com.ar\/info\/wp-content\/uploads\/2024\/08\/ballena.png","datePublished":"2024-08-07T12:38:36+00:00","dateModified":"2025-05-05T13:43:42+00:00","breadcrumb":{"@id":"https:\/\/patagoniambiental.com.ar\/info\/se-definen-pautas-para-la-temporada-de-avistaje-de-ballenas-en-san-antonio-oeste\/#breadcrumb"},"inLanguage":"es","potentialAction":[{"@type":"ReadAction","target":["https:\/\/patagoniambiental.com.ar\/info\/se-definen-pautas-para-la-temporada-de-avistaje-de-ballenas-en-san-antonio-oeste\/"]}]},{"@type":"ImageObject","inLanguage":"es","@id":"https:\/\/patagoniambiental.com.ar\/info\/se-definen-pautas-para-la-temporada-de-avistaje-de-ballenas-en-san-antonio-oeste\/#primaryimage","url":"https:\/\/patagoniambiental.com.ar\/info\/wp-content\/uploads\/2024\/08\/ballena.png","contentUrl":"https:\/\/patagoniambiental.com.ar\/info\/wp-content\/uploads\/2024\/08\/ballena.png","width":927,"height":462,"caption":"ballena"},{"@type":"BreadcrumbList","@id":"https:\/\/patagoniambiental.com.ar\/info\/se-definen-pautas-para-la-temporada-de-avistaje-de-ballenas-en-san-antonio-oeste\/#breadcrumb","itemListElement":[{"@type":"ListItem","position":1,"name":"Inicio","item":"https:\/\/patagoniambiental.com.ar\/info\/"},{"@type":"ListItem","position":2,"name":"Se Definen Pautas para la Temporada de Avistaje de Ballenas en San Antonio Oeste"}]},{"@type":"WebSite","@id":"https:\/\/patagoniambiental.com.ar\/info\/#website","url":"https:\/\/patagoniambiental.com.ar\/info\/","name":"Patagonia Ambiental","description":"Monitoreo y an\u00e1lisis de la situaci\u00f3n geopol\u00edtica en el mundo y su implicancia en la Patagonia","publisher":{"@id":"https:\/\/patagoniambiental.com.ar\/info\/#organization"},"potentialAction":[{"@type":"SearchAction","target":{"@type":"EntryPoint","urlTemplate":"https:\/\/patagoniambiental.com.ar\/info\/?s={search_term_string}"},"query-input":{"@type":"PropertyValueSpecification","valueRequired":true,"valueName":"search_term_string"}}],"inLanguage":"es"},{"@type":"Organization","@id":"https:\/\/patagoniambiental.com.ar\/info\/#organization","name":"Patagonia Ambiental","url":"https:\/\/patagoniambiental.com.ar\/info\/","logo":{"@type":"ImageObject","inLanguage":"es","@id":"https:\/\/patagoniambiental.com.ar\/info\/#\/schema\/logo\/image\/","url":"https:\/\/patagoniambiental.com.ar\/info\/wp-content\/uploads\/2025\/05\/LOGO-PATAGONIA-AMBIENTAL.png","contentUrl":"https:\/\/patagoniambiental.com.ar\/info\/wp-content\/uploads\/2025\/05\/LOGO-PATAGONIA-AMBIENTAL.png","width":433,"height":250,"caption":"Patagonia Ambiental"},"image":{"@id":"https:\/\/patagoniambiental.com.ar\/info\/#\/schema\/logo\/image\/"},"sameAs":["https:\/\/www.facebook.com\/patagonia.ambiental","https:\/\/x.com\/PatAmb"]},{"@type":"Person","@id":"https:\/\/patagoniambiental.com.ar\/info\/#\/schema\/person\/db12bff64bbcbf6a253710bf0ea37b5d","name":"Patagonia Ambiental","description":"Andr\u00e9s Nievas T\u00e9cnico en manejo ambiental, consultor Ambiental y escritor para medios locales e internacionales sobre temas de geopolitica y medio ambiente.","sameAs":["http:\/\/www.patagoniambiental.com.ar","https:\/\/www.facebook.com\/share\/1C1V8Gv9BX\/?mibextid=qi2Omg","@patagoniambiental","https:\/\/youtube.com\/@patagoniaambiental2023?si=BLt58t0wuXquxlYZ"]}]}},"_links":{"self":[{"href":"https:\/\/patagoniambiental.com.ar\/info\/wp-json\/wp\/v2\/posts\/85343","targetHints":{"allow":["GET"]}}],"collection":[{"href":"https:\/\/patagoniambiental.com.ar\/info\/wp-json\/wp\/v2\/posts"}],"about":[{"href":"https:\/\/patagoniambiental.com.ar\/info\/wp-json\/wp\/v2\/types\/post"}],"author":[{"embeddable":true,"href":"https:\/\/patagoniambiental.com.ar\/info\/wp-json\/wp\/v2\/users\/2"}],"replies":[{"embeddable":true,"href":"https:\/\/patagoniambiental.com.ar\/info\/wp-json\/wp\/v2\/comments?post=85343"}],"version-history":[{"count":0,"href":"https:\/\/patagoniambiental.com.ar\/info\/wp-json\/wp\/v2\/posts\/85343\/revisions"}],"wp:featuredmedia":[{"embeddable":true,"href":"https:\/\/patagoniambiental.com.ar\/info\/wp-json\/wp\/v2\/media\/85345"}],"wp:attachment":[{"href":"https:\/\/patagoniambiental.com.ar\/info\/wp-json\/wp\/v2\/media?parent=85343"}],"wp:term":[{"taxonomy":"category","embeddable":true,"href":"https:\/\/patagoniambiental.com.ar\/info\/wp-json\/wp\/v2\/categories?post=85343"},{"taxonomy":"post_tag","embeddable":true,"href":"https:\/\/patagoniambiental.com.ar\/info\/wp-json\/wp\/v2\/tags?post=85343"}],"curies":[{"name":"wp","href":"https:\/\/api.w.org\/{rel}","templated":true}]}}